{"id":8443,"date":"2023-09-10T18:44:52","date_gmt":"2023-09-10T18:44:52","guid":{"rendered":"https:\/\/www.safinel.fr\/?p=8443"},"modified":"2023-09-10T18:44:54","modified_gmt":"2023-09-10T18:44:54","slug":"eczema-pele-negra","status":"publish","type":"post","link":"https:\/\/www.safinel.fr\/pt\/eczema-pele-negra\/","title":{"rendered":"Eczema na pele negra: compreender e tratar esta doen\u00e7a cut\u00e2nea"},"content":{"rendered":"<p>O\u2019<strong>eczema pele negra<\/strong>&nbsp;\u00e9 uma doen\u00e7a cut\u00e2nea comum em pessoas de pele escura. Ela se manifesta por&nbsp;<strong>comich\u00e3o<\/strong>, vermelhid\u00e3o e manchas secas na pele. Em alguns casos, pode causar&nbsp;<strong>liquenifica\u00e7\u00e3o<\/strong>, ou seja, um espessamento da pele com marcas mais escuras. \u00c9 essencial saber reconhecer os&nbsp;<strong>sintomas<\/strong>&nbsp;do eczema para poder trat\u00e1-lo eficazmente.<\/p>\n\n\n\n<h2 class=\"wp-block-heading\" id=\"h-les-diff-rents-types-d-ecz-ma-peau-noire\"><strong>Os diferentes tipos de eczema na pele negra<\/strong><\/h2>\n\n\n\n<p>Existem v\u00e1rios tipos de eczema que podem afetar pessoas com pele escura. Entre eles:<\/p>\n\n\n\n<ul class=\"wp-block-list\">\n<li><strong>Dermatite at\u00f3pica<\/strong>&nbsp;: \u00e9 a forma mais comum de eczema na pele negra. Caracteriza-se por uma inflama\u00e7\u00e3o cr\u00f3nica da pele, frequentemente associada a uma predisposi\u00e7\u00e3o gen\u00e9tica.<\/li>\n\n\n\n<li><strong>Dermatite de contacto<\/strong>\u00a0: resulta de uma rea\u00e7\u00e3o al\u00e9rgica ou irrita\u00e7\u00e3o causada pelo contacto da pele com uma subst\u00e2ncia espec\u00edfica (perfume, sabonete, etc.)., <strong><a href=\"https:\/\/www.safinel.fr\/pt\/product-category-2\/baya-mulher\/\">joias<\/a><\/strong>, etc.).<\/li>\n\n\n\n<li><strong>A disidrose<\/strong>&nbsp;: esta forma de eczema manifesta-se atrav\u00e9s de pequenas bolhas cheias de l\u00edquido, principalmente nas m\u00e3os e nos p\u00e9s.<\/li>\n<\/ul>\n\n\n\n<h2 class=\"wp-block-heading\" id=\"h-les-sympt-mes-de-l-ecz-ma-peau-noire\"><strong>Os sintomas da eczema na pele negra<\/strong><\/h2>\n\n\n\n<p>O eczema na pele negra pode manifestar-se de diferentes formas&nbsp;<strong>sintomas<\/strong>, que variam de acordo com a gravidade da doen\u00e7a:<\/p>\n\n\n\n<ul class=\"wp-block-list\">\n<li><strong>Comich\u00e3o<\/strong>&nbsp;: s\u00e3o frequentemente o primeiro sinal de eczema. A comich\u00e3o pode ser ligeira ou intensa e ser acompanhada por uma sensa\u00e7\u00e3o de ardor.<\/li>\n\n\n\n<li><strong>Vermelhid\u00e3o e inflama\u00e7\u00e3o<\/strong>&nbsp;: a pele fica vermelha e inflamada devido a rea\u00e7\u00f5es al\u00e9rgicas ou inflamat\u00f3rias que ocorrem nas camadas profundas da pele.<\/li>\n\n\n\n<li><strong>P\u00ealo e manchas secas<\/strong>&nbsp;: a pele seca e racha, formando placas secas e escamosas.<\/li>\n\n\n\n<li><strong>Exsuda\u00e7\u00e3o<\/strong>&nbsp;: em alguns casos, a pele pode exsudar um l\u00edquido claro ou amarelado. Este fen\u00f3meno \u00e9 mais frequente em casos de dermatite de contacto ou disidrose.<\/li>\n\n\n\n<li><strong>Lichenifica\u00e7\u00e3o<\/strong>&nbsp;: o espessamento da pele e o aparecimento de marcas mais escuras s\u00e3o sinais de liquenifica\u00e7\u00e3o, que resulta de uma coceira cr\u00f3nica na \u00e1rea afetada.<\/li>\n<\/ul>\n\n\n\n<h3 class=\"wp-block-heading\" id=\"h-la-couleur-de-l-ecz-ma-sur-les-peaux-fonc-es\"><strong>A cor do eczema em peles escuras<\/strong><\/h3>\n\n\n\n<p>Em peles escuras, as placas de eczema podem aparecer mais&nbsp;<strong>mais escuras do que a cor normal da pele<\/strong>. Essa diferen\u00e7a de cor pode dificultar o diagn\u00f3stico, especialmente quando a doen\u00e7a se confunde com outros problemas cut\u00e2neos, como psor\u00edase ou micoses. Portanto, \u00e9 essencial consultar um dermatologista para obter um diagn\u00f3stico preciso e um tratamento adequado.<\/p>\n\n\n\n<h2 class=\"wp-block-heading\" id=\"h-traitement-de-l-ecz-ma-peau-noire\"><strong>Tratamento da eczema na pele negra<\/strong><\/h2>\n\n\n\n<p>O tratamento da eczema na pele negra baseia-se em v\u00e1rias etapas:<\/p>\n\n\n\n<ol class=\"wp-block-list\">\n<li><strong>Hidrata\u00e7\u00e3o da pele<\/strong>&nbsp;: use emolientes e cremes hidratantes para restaurar a barreira cut\u00e2nea e aliviar a comich\u00e3o.<\/li>\n\n\n\n<li><strong>Anti-inflamat\u00f3rios<\/strong>&nbsp;: os corticosteroides t\u00f3picos s\u00e3o frequentemente prescritos para reduzir a inflama\u00e7\u00e3o e a comich\u00e3o causadas pelo eczema.<\/li>\n\n\n\n<li><strong>Tratamento de infe\u00e7\u00f5es<\/strong>&nbsp;: se houver uma infec\u00e7\u00e3o bacteriana ou f\u00fangica, ser\u00e3o necess\u00e1rios antibi\u00f3ticos ou antif\u00fangicos para tratar a infec\u00e7\u00e3o.<\/li>\n\n\n\n<li><strong>Elimina\u00e7\u00e3o de alerg\u00e9nios<\/strong>&nbsp;: identificar e evitar subst\u00e2ncias que provocam crises de eczema (perfumes, sabonetes, joias, etc.).<\/li>\n\n\n\n<li><strong>Terapias complementares<\/strong>&nbsp;: tratamentos complementares, como fototerapia ou anti-histam\u00ednicos, podem ser recomendados em alguns casos para ajudar a controlar os sintomas da eczema.<\/li>\n<\/ol>\n\n\n\n<h3 class=\"wp-block-heading\" id=\"h-pr-vention-et-conseils-en-2023\"><strong>Preven\u00e7\u00e3o e conselhos em 2023<\/strong><\/h3>\n\n\n\n<p>Para prevenir surtos de eczema e controlar melhor essa doen\u00e7a de pele, aqui v\u00e3o algumas dicas:<\/p>\n\n\n\n<ul class=\"wp-block-list\">\n<li><strong>Escolher produtos adequados<\/strong>&nbsp;: d\u00ea prefer\u00eancia a sabonetes e lo\u00e7\u00f5es sem perfume, hipoalerg\u00e9nicos e especificamente formulados para peles sens\u00edveis.<\/li>\n\n\n\n<li><strong>Hidrate a pele regularmente<\/strong>&nbsp;: aplique diariamente um creme hidratante em todo o corpo, com \u00eanfase nas \u00e1reas secas e irritadas.<\/li>\n\n\n\n<li><strong>Evitar al\u00e9rgenos<\/strong>&nbsp;: identificar as subst\u00e2ncias que provocam comich\u00e3o e evit\u00e1-las tanto quanto poss\u00edvel (por exemplo, usar luvas para manusear produtos dom\u00e9sticos).<\/li>\n\n\n\n<li><strong>Limitar os banhos quentes<\/strong>\u00a0: prefira duches mornas a banhos quentes. Eles podem agravar a comich\u00e3o e ressecar ainda mais a pele.<\/li>\n\n\n\n<li><strong>Gerir o stress<\/strong>\u00a0: o stress pode agravar os sintomas da eczema. Pratique t\u00e9cnicas de relaxamento.<\/li>\n<\/ul>\n\n\n\n<p>Seguindo estas dicas e trabalhando com um profissional de sa\u00fade, \u00e9 poss\u00edvel controlar melhor a eczema na pele negra e melhorar a qualidade de vida das pessoas que sofrem desta doen\u00e7a cut\u00e2nea.<\/p>","protected":false},"excerpt":{"rendered":"<p>O eczema da pele negra \u00e9 uma doen\u00e7a cut\u00e2nea comum em pessoas de pele escura. Manifesta-se atrav\u00e9s de comich\u00e3o, vermelhid\u00e3o e manchas secas na pele. Em alguns casos, pode causar liquenifica\u00e7\u00e3o, ou seja, um espessamento da pele com marcas mais escuras. \u00c9 essencial saber reconhecer os sintomas do eczema para [...]","protected":false},"author":156,"featured_media":8444,"comment_status":"closed","ping_status":"closed","sticky":false,"template":"","format":"standard","meta":{"footnotes":""},"categories":[1],"tags":[],"class_list":["post-8443","post","type-post","status-publish","format-standard","has-post-thumbnail","hentry","category-divers"],"yoast_head":"<!-- This site is optimized with the Yoast SEO plugin v26.6 - https:\/\/yoast.com\/wordpress\/plugins\/seo\/ -->\n<title>Ecz\u00e9ma peau noire | Le guide pratique \u00e0 conna\u00eetre en 2023<\/title>\n<meta name=\"description\" content=\"L&#039;ecz\u00e9ma peau noire\u00a0est une affection cutan\u00e9e courante chez les personnes \u00e0 la peau fonc\u00e9e. D\u00e9couvrez-en davantage dans cet article !\" \/>\n<meta name=\"robots\" content=\"index, follow, max-snippet:-1, max-image-preview:large, max-video-preview:-1\" \/>\n<link rel=\"canonical\" href=\"https:\/\/www.safinel.fr\/pt\/eczema-pele-negra\/\" \/>\n<meta property=\"og:locale\" content=\"pt_PT\" \/>\n<meta property=\"og:type\" content=\"article\" \/>\n<meta property=\"og:title\" content=\"Ecz\u00e9ma peau noire | Le guide pratique \u00e0 conna\u00eetre en 2023\" \/>\n<meta property=\"og:description\" content=\"L&#039;ecz\u00e9ma peau noire\u00a0est une affection cutan\u00e9e courante chez les personnes \u00e0 la peau fonc\u00e9e. D\u00e9couvrez-en davantage dans cet article !\" \/>\n<meta property=\"og:url\" content=\"https:\/\/www.safinel.fr\/pt\/eczema-pele-negra\/\" \/>\n<meta property=\"og:site_name\" content=\"Safinel\" \/>\n<meta property=\"article:published_time\" content=\"2023-09-10T18:44:52+00:00\" \/>\n<meta property=\"article:modified_time\" content=\"2023-09-10T18:44:54+00:00\" \/>\n<meta property=\"og:image\" content=\"https:\/\/www.safinel.fr\/wp-content\/uploads\/2023\/09\/Eczema-peau-noire.jpg\" \/>\n\t<meta property=\"og:image:width\" content=\"1100\" \/>\n\t<meta property=\"og:image:height\" content=\"578\" \/>\n\t<meta property=\"og:image:type\" content=\"image\/jpeg\" \/>\n<meta name=\"author\" content=\"Naj\" \/>\n<meta name=\"twitter:card\" content=\"summary_large_image\" \/>\n<meta name=\"twitter:label1\" content=\"Escrito por\" \/>\n\t<meta name=\"twitter:data1\" content=\"Naj\" \/>\n\t<meta name=\"twitter:label2\" content=\"Tempo estimado de leitura\" \/>\n\t<meta name=\"twitter:data2\" content=\"4 minutos\" \/>\n<script type=\"application\/ld+json\" class=\"yoast-schema-graph\">{\"@context\":\"https:\/\/schema.org\",\"@graph\":[{\"@type\":\"Article\",\"@id\":\"https:\/\/www.safinel.fr\/eczema-peau-noire\/#article\",\"isPartOf\":{\"@id\":\"https:\/\/www.safinel.fr\/eczema-peau-noire\/\"},\"author\":{\"name\":\"Naj\",\"@id\":\"https:\/\/www.safinel.fr\/#\/schema\/person\/47f7357f8aa8a41a796811d3f8a3e055\"},\"headline\":\"Ecz\u00e9ma peau noire\u00a0: comprendre et traiter cette affection cutan\u00e9e\",\"datePublished\":\"2023-09-10T18:44:52+00:00\",\"dateModified\":\"2023-09-10T18:44:54+00:00\",\"mainEntityOfPage\":{\"@id\":\"https:\/\/www.safinel.fr\/eczema-peau-noire\/\"},\"wordCount\":833,\"publisher\":{\"@id\":\"https:\/\/www.safinel.fr\/#organization\"},\"image\":{\"@id\":\"https:\/\/www.safinel.fr\/eczema-peau-noire\/#primaryimage\"},\"thumbnailUrl\":\"https:\/\/www.safinel.fr\/wp-content\/uploads\/2023\/09\/Eczema-peau-noire.jpg\",\"articleSection\":[\"Divers\"],\"inLanguage\":\"pt-PT\"},{\"@type\":\"WebPage\",\"@id\":\"https:\/\/www.safinel.fr\/eczema-peau-noire\/\",\"url\":\"https:\/\/www.safinel.fr\/eczema-peau-noire\/\",\"name\":\"Ecz\u00e9ma peau noire | Le guide pratique \u00e0 conna\u00eetre en 2023\",\"isPartOf\":{\"@id\":\"https:\/\/www.safinel.fr\/#website\"},\"primaryImageOfPage\":{\"@id\":\"https:\/\/www.safinel.fr\/eczema-peau-noire\/#primaryimage\"},\"image\":{\"@id\":\"https:\/\/www.safinel.fr\/eczema-peau-noire\/#primaryimage\"},\"thumbnailUrl\":\"https:\/\/www.safinel.fr\/wp-content\/uploads\/2023\/09\/Eczema-peau-noire.jpg\",\"datePublished\":\"2023-09-10T18:44:52+00:00\",\"dateModified\":\"2023-09-10T18:44:54+00:00\",\"description\":\"L'ecz\u00e9ma peau noire\u00a0est une affection cutan\u00e9e courante chez les personnes \u00e0 la peau fonc\u00e9e. D\u00e9couvrez-en davantage dans cet article !\",\"breadcrumb\":{\"@id\":\"https:\/\/www.safinel.fr\/eczema-peau-noire\/#breadcrumb\"},\"inLanguage\":\"pt-PT\",\"potentialAction\":[{\"@type\":\"ReadAction\",\"target\":[\"https:\/\/www.safinel.fr\/eczema-peau-noire\/\"]}]},{\"@type\":\"ImageObject\",\"inLanguage\":\"pt-PT\",\"@id\":\"https:\/\/www.safinel.fr\/eczema-peau-noire\/#primaryimage\",\"url\":\"https:\/\/www.safinel.fr\/wp-content\/uploads\/2023\/09\/Eczema-peau-noire.jpg\",\"contentUrl\":\"https:\/\/www.safinel.fr\/wp-content\/uploads\/2023\/09\/Eczema-peau-noire.jpg\",\"width\":1100,\"height\":578,\"caption\":\"Ecz\u00e9ma peau noire\"},{\"@type\":\"BreadcrumbList\",\"@id\":\"https:\/\/www.safinel.fr\/eczema-peau-noire\/#breadcrumb\",\"itemListElement\":[{\"@type\":\"ListItem\",\"position\":1,\"name\":\"Accueil\",\"item\":\"https:\/\/www.safinel.fr\/\"},{\"@type\":\"ListItem\",\"position\":2,\"name\":\"Ecz\u00e9ma peau noire\u00a0: comprendre et traiter cette affection cutan\u00e9e\"}]},{\"@type\":\"WebSite\",\"@id\":\"https:\/\/www.safinel.fr\/#website\",\"url\":\"https:\/\/www.safinel.fr\/\",\"name\":\"Safinel\",\"description\":\"\",\"publisher\":{\"@id\":\"https:\/\/www.safinel.fr\/#organization\"},\"potentialAction\":[{\"@type\":\"SearchAction\",\"target\":{\"@type\":\"EntryPoint\",\"urlTemplate\":\"https:\/\/www.safinel.fr\/?s={search_term_string}\"},\"query-input\":{\"@type\":\"PropertyValueSpecification\",\"valueRequired\":true,\"valueName\":\"search_term_string\"}}],\"inLanguage\":\"pt-PT\"},{\"@type\":\"Organization\",\"@id\":\"https:\/\/www.safinel.fr\/#organization\",\"name\":\"Safinel\",\"url\":\"https:\/\/www.safinel.fr\/\",\"logo\":{\"@type\":\"ImageObject\",\"inLanguage\":\"pt-PT\",\"@id\":\"https:\/\/www.safinel.fr\/#\/schema\/logo\/image\/\",\"url\":\"https:\/\/www.safinel.fr\/wp-content\/uploads\/2021\/05\/boutique-cosmetique.png\",\"contentUrl\":\"https:\/\/www.safinel.fr\/wp-content\/uploads\/2021\/05\/boutique-cosmetique.png\",\"width\":800,\"height\":200,\"caption\":\"Safinel\"},\"image\":{\"@id\":\"https:\/\/www.safinel.fr\/#\/schema\/logo\/image\/\"}},{\"@type\":\"Person\",\"@id\":\"https:\/\/www.safinel.fr\/#\/schema\/person\/47f7357f8aa8a41a796811d3f8a3e055\",\"name\":\"Naj\",\"image\":{\"@type\":\"ImageObject\",\"inLanguage\":\"pt-PT\",\"@id\":\"https:\/\/www.safinel.fr\/#\/schema\/person\/image\/\",\"url\":\"https:\/\/secure.gravatar.com\/avatar\/5c0fa4f0bce748d4964b7d68e4b0ee1d8e3120edba58a55893ced967bd2093b5?s=96&d=mm&r=g\",\"contentUrl\":\"https:\/\/secure.gravatar.com\/avatar\/5c0fa4f0bce748d4964b7d68e4b0ee1d8e3120edba58a55893ced967bd2093b5?s=96&d=mm&r=g\",\"caption\":\"Naj\"},\"url\":\"https:\/\/www.safinel.fr\/pt\/author\/naj\/\"}]}<\/script>\n<!-- \/ Yoast SEO plugin. -->","yoast_head_json":{"title":"Eczema na pele negra | O guia pr\u00e1tico que deve conhecer em 2023","description":"O eczema na pele negra \u00e9 uma doen\u00e7a cut\u00e2nea comum em pessoas com pele escura. Saiba mais neste artigo!","robots":{"index":"index","follow":"follow","max-snippet":"max-snippet:-1","max-image-preview":"max-image-preview:large","max-video-preview":"max-video-preview:-1"},"canonical":"https:\/\/www.safinel.fr\/pt\/eczema-pele-negra\/","og_locale":"pt_PT","og_type":"article","og_title":"Ecz\u00e9ma peau noire | Le guide pratique \u00e0 conna\u00eetre en 2023","og_description":"L'ecz\u00e9ma peau noire\u00a0est une affection cutan\u00e9e courante chez les personnes \u00e0 la peau fonc\u00e9e. D\u00e9couvrez-en davantage dans cet article !","og_url":"https:\/\/www.safinel.fr\/pt\/eczema-pele-negra\/","og_site_name":"Safinel","article_published_time":"2023-09-10T18:44:52+00:00","article_modified_time":"2023-09-10T18:44:54+00:00","og_image":[{"width":1100,"height":578,"url":"https:\/\/www.safinel.fr\/wp-content\/uploads\/2023\/09\/Eczema-peau-noire.jpg","type":"image\/jpeg"}],"author":"Naj","twitter_card":"summary_large_image","twitter_misc":{"Escrito por":"Naj","Tempo estimado de leitura":"4 minutos"},"schema":{"@context":"https:\/\/schema.org","@graph":[{"@type":"Article","@id":"https:\/\/www.safinel.fr\/eczema-peau-noire\/#article","isPartOf":{"@id":"https:\/\/www.safinel.fr\/eczema-peau-noire\/"},"author":{"name":"Naj","@id":"https:\/\/www.safinel.fr\/#\/schema\/person\/47f7357f8aa8a41a796811d3f8a3e055"},"headline":"Ecz\u00e9ma peau noire\u00a0: comprendre et traiter cette affection cutan\u00e9e","datePublished":"2023-09-10T18:44:52+00:00","dateModified":"2023-09-10T18:44:54+00:00","mainEntityOfPage":{"@id":"https:\/\/www.safinel.fr\/eczema-peau-noire\/"},"wordCount":833,"publisher":{"@id":"https:\/\/www.safinel.fr\/#organization"},"image":{"@id":"https:\/\/www.safinel.fr\/eczema-peau-noire\/#primaryimage"},"thumbnailUrl":"https:\/\/www.safinel.fr\/wp-content\/uploads\/2023\/09\/Eczema-peau-noire.jpg","articleSection":["Divers"],"inLanguage":"pt-PT"},{"@type":"WebPage","@id":"https:\/\/www.safinel.fr\/eczema-peau-noire\/","url":"https:\/\/www.safinel.fr\/eczema-peau-noire\/","name":"Eczema na pele negra | O guia pr\u00e1tico que deve conhecer em 2023","isPartOf":{"@id":"https:\/\/www.safinel.fr\/#website"},"primaryImageOfPage":{"@id":"https:\/\/www.safinel.fr\/eczema-peau-noire\/#primaryimage"},"image":{"@id":"https:\/\/www.safinel.fr\/eczema-peau-noire\/#primaryimage"},"thumbnailUrl":"https:\/\/www.safinel.fr\/wp-content\/uploads\/2023\/09\/Eczema-peau-noire.jpg","datePublished":"2023-09-10T18:44:52+00:00","dateModified":"2023-09-10T18:44:54+00:00","description":"O eczema na pele negra \u00e9 uma doen\u00e7a cut\u00e2nea comum em pessoas com pele escura. Saiba mais neste artigo!","breadcrumb":{"@id":"https:\/\/www.safinel.fr\/eczema-peau-noire\/#breadcrumb"},"inLanguage":"pt-PT","potentialAction":[{"@type":"ReadAction","target":["https:\/\/www.safinel.fr\/eczema-peau-noire\/"]}]},{"@type":"ImageObject","inLanguage":"pt-PT","@id":"https:\/\/www.safinel.fr\/eczema-peau-noire\/#primaryimage","url":"https:\/\/www.safinel.fr\/wp-content\/uploads\/2023\/09\/Eczema-peau-noire.jpg","contentUrl":"https:\/\/www.safinel.fr\/wp-content\/uploads\/2023\/09\/Eczema-peau-noire.jpg","width":1100,"height":578,"caption":"Ecz\u00e9ma peau noire"},{"@type":"BreadcrumbList","@id":"https:\/\/www.safinel.fr\/eczema-peau-noire\/#breadcrumb","itemListElement":[{"@type":"ListItem","position":1,"name":"Accueil","item":"https:\/\/www.safinel.fr\/"},{"@type":"ListItem","position":2,"name":"Ecz\u00e9ma peau noire\u00a0: comprendre et traiter cette affection cutan\u00e9e"}]},{"@type":"WebSite","@id":"https:\/\/www.safinel.fr\/#website","url":"https:\/\/www.safinel.fr\/","name":"Safinel","description":"","publisher":{"@id":"https:\/\/www.safinel.fr\/#organization"},"potentialAction":[{"@type":"SearchAction","target":{"@type":"EntryPoint","urlTemplate":"https:\/\/www.safinel.fr\/?s={search_term_string}"},"query-input":{"@type":"PropertyValueSpecification","valueRequired":true,"valueName":"search_term_string"}}],"inLanguage":"pt-PT"},{"@type":"Organization","@id":"https:\/\/www.safinel.fr\/#organization","name":"Safinel","url":"https:\/\/www.safinel.fr\/","logo":{"@type":"ImageObject","inLanguage":"pt-PT","@id":"https:\/\/www.safinel.fr\/#\/schema\/logo\/image\/","url":"https:\/\/www.safinel.fr\/wp-content\/uploads\/2021\/05\/boutique-cosmetique.png","contentUrl":"https:\/\/www.safinel.fr\/wp-content\/uploads\/2021\/05\/boutique-cosmetique.png","width":800,"height":200,"caption":"Safinel"},"image":{"@id":"https:\/\/www.safinel.fr\/#\/schema\/logo\/image\/"}},{"@type":"Person","@id":"https:\/\/www.safinel.fr\/#\/schema\/person\/47f7357f8aa8a41a796811d3f8a3e055","name":"Naj","image":{"@type":"ImageObject","inLanguage":"pt-PT","@id":"https:\/\/www.safinel.fr\/#\/schema\/person\/image\/","url":"https:\/\/secure.gravatar.com\/avatar\/5c0fa4f0bce748d4964b7d68e4b0ee1d8e3120edba58a55893ced967bd2093b5?s=96&d=mm&r=g","contentUrl":"https:\/\/secure.gravatar.com\/avatar\/5c0fa4f0bce748d4964b7d68e4b0ee1d8e3120edba58a55893ced967bd2093b5?s=96&d=mm&r=g","caption":"Naj"},"url":"https:\/\/www.safinel.fr\/pt\/author\/naj\/"}]}},"_links":{"self":[{"href":"https:\/\/www.safinel.fr\/pt\/wp-json\/wp\/v2\/posts\/8443","targetHints":{"allow":["GET"]}}],"collection":[{"href":"https:\/\/www.safinel.fr\/pt\/wp-json\/wp\/v2\/posts"}],"about":[{"href":"https:\/\/www.safinel.fr\/pt\/wp-json\/wp\/v2\/types\/post"}],"author":[{"embeddable":true,"href":"https:\/\/www.safinel.fr\/pt\/wp-json\/wp\/v2\/users\/156"}],"replies":[{"embeddable":true,"href":"https:\/\/www.safinel.fr\/pt\/wp-json\/wp\/v2\/comments?post=8443"}],"version-history":[{"count":1,"href":"https:\/\/www.safinel.fr\/pt\/wp-json\/wp\/v2\/posts\/8443\/revisions"}],"predecessor-version":[{"id":8445,"href":"https:\/\/www.safinel.fr\/pt\/wp-json\/wp\/v2\/posts\/8443\/revisions\/8445"}],"wp:featuredmedia":[{"embeddable":true,"href":"https:\/\/www.safinel.fr\/pt\/wp-json\/wp\/v2\/media\/8444"}],"wp:attachment":[{"href":"https:\/\/www.safinel.fr\/pt\/wp-json\/wp\/v2\/media?parent=8443"}],"wp:term":[{"taxonomy":"category","embeddable":true,"href":"https:\/\/www.safinel.fr\/pt\/wp-json\/wp\/v2\/categories?post=8443"},{"taxonomy":"post_tag","embeddable":true,"href":"https:\/\/www.safinel.fr\/pt\/wp-json\/wp\/v2\/tags?post=8443"}],"curies":[{"name":"wp","href":"https:\/\/api.w.org\/{rel}","templated":true}]}}