{"id":8262,"date":"2023-09-03T18:36:31","date_gmt":"2023-09-03T18:36:31","guid":{"rendered":"https:\/\/www.safinel.fr\/?p=8262"},"modified":"2023-09-03T18:36:32","modified_gmt":"2023-09-03T18:36:32","slug":"remedios-caseiros-contra-nauseas","status":"publish","type":"post","link":"https:\/\/www.safinel.fr\/pt\/remedios-caseiros-contra-nauseas\/","title":{"rendered":"Rem\u00e9dios caseiros eficazes para combater as n\u00e1useas"},"content":{"rendered":"<p>As n\u00e1useas s\u00e3o sensa\u00e7\u00f5es desagrad\u00e1veis que todos n\u00f3s j\u00e1 sentimos em algum momento da vida. Frequentemente associadas a problemas digestivos, elas tamb\u00e9m podem ser sinal de outros dist\u00farbios, como gravidez, enjoo de viagem ou certas condi\u00e7\u00f5es m\u00e9dicas. Se procura uma solu\u00e7\u00e3o natural e eficaz para aliviar esses sintomas, este artigo oferece uma sele\u00e7\u00e3o de&nbsp;<strong>rem\u00e9dios caseiros contra n\u00e1useas<\/strong>&nbsp;que t\u00eam provado o seu valor h\u00e1 v\u00e1rias gera\u00e7\u00f5es.<\/p>\n\n\n\n<h2 class=\"wp-block-heading\" id=\"h-le-gingembre-un-alli-incontournable-contre-les-naus-es\"><strong>O gengibre, um aliado indispens\u00e1vel contra as n\u00e1useas<\/strong><\/h2>\n\n\n\n<p>Entre os rem\u00e9dios naturais mais populares para combater as n\u00e1useas, o gengibre ocupa certamente um lugar de destaque. Esta raiz origin\u00e1ria da \u00c1sia \u00e9 conhecida pelas suas propriedades anti-inflamat\u00f3rias e antiespasm\u00f3dicas, que a tornam um excelente tratamento natural para os dist\u00farbios digestivos.<\/p>\n\n\n\n<h3 class=\"wp-block-heading\" id=\"h-comment-consommer-le-gingembre-pour-soulager-les-naus-es\"><strong>Como consumir gengibre para aliviar as n\u00e1useas?<\/strong><\/h3>\n\n\n\n<ol class=\"wp-block-list\">\n<li><strong>Infus\u00e3o:&nbsp;<\/strong>Descasque e rale um peda\u00e7o de gengibre fresco (cerca de 2 cm) e, em seguida, deixe-o em infus\u00e3o numa ch\u00e1vena de \u00e1gua quente durante 5 a 10 minutos. Adicione mel ou lim\u00e3o, se desejar, de acordo com a sua prefer\u00eancia. Beba esta infus\u00e3o duas a tr\u00eas vezes por dia, conforme necess\u00e1rio.<\/li>\n\n\n\n<li><strong>Mastiga\u00e7\u00e3o:<\/strong>&nbsp;Para um efeito anti-n\u00e1usea r\u00e1pido, tamb\u00e9m pode mastigar diretamente algumas fatias de gengibre fresco descascado.<\/li>\n\n\n\n<li><strong>Sopa:<\/strong>&nbsp;Adicione gengibre ralado \u00e0s suas sopas ou pratos cozidos para aproveitar os seus benef\u00edcios enquanto saboreia uma refei\u00e7\u00e3o saborosa e reconfortante.<\/li>\n<\/ol>\n\n\n\n<h2 class=\"wp-block-heading\" id=\"h-le-charbon-v-g-tal-activ-un-rem-de-m-connu-mais-efficace\"><strong>O carv\u00e3o vegetal ativado, um rem\u00e9dio pouco conhecido, mas eficaz<\/strong><\/h2>\n\n\n\n<p>Menos conhecido do que outros rem\u00e9dios caseiros, o <strong><a href=\"https:\/\/www.safinel.fr\/pt\/product-2\/carvao-vegetal-ativado-30-g\/\">carv\u00e3o vegetal<\/a><\/strong> ativado \u00e9, no entanto, uma solu\u00e7\u00e3o natural interessante para combater as n\u00e1useas. <\/p>\n\n\n\n<p>Resultado da carboniza\u00e7\u00e3o de diferentes plantas. Possui propriedades adsorventes que lhe permitem eliminar muitas toxinas do nosso organismo e, assim, facilitar a digest\u00e3o.<\/p>\n\n\n\n<h3 class=\"wp-block-heading\" id=\"h-comment-utiliser-le-charbon-v-g-tal-pour-soulager-les-naus-es\"><strong>Como usar o carv\u00e3o vegetal para aliviar as n\u00e1useas?<\/strong><\/h3>\n\n\n\n<p>Existem no mercado c\u00e1psulas de carv\u00e3o vegetal que devem ser tomadas de acordo com as recomenda\u00e7\u00f5es indicadas na embalagem. Geralmente, recomenda-se tomar duas c\u00e1psulas antes de cada refei\u00e7\u00e3o. \u00c9 importante respeitar um intervalo de 2 horas entre a toma do carv\u00e3o e a dos medicamentos, para n\u00e3o reduzir a sua absor\u00e7\u00e3o pelo organismo. Em caso de d\u00favidas ou perguntas, n\u00e3o hesite em consultar o seu m\u00e9dico ou farmac\u00eautico.<\/p>\n\n\n\n<h2 class=\"wp-block-heading\" id=\"h-le-citron-pour-loigner-les-sensations-de-naus-es\"><strong>O lim\u00e3o para afastar a sensa\u00e7\u00e3o de n\u00e1usea<\/strong><\/h2>\n\n\n\n<p>O aroma fresco e revigorante do lim\u00e3o torna-o um excelente rem\u00e9dio caseiro contra n\u00e1useas. Na verdade, o seu cheiro \u00e9 conhecido pelas suas propriedades calmantes para o sistema digestivo.<\/p>\n\n\n\n<h3 class=\"wp-block-heading\" id=\"h-comment-profiter-des-bienfaits-du-citron-pour-soulager-les-naus-es\"><strong>Como aproveitar os benef\u00edcios do lim\u00e3o para aliviar as n\u00e1useas?<\/strong><\/h3>\n\n\n\n<ol class=\"wp-block-list\">\n<li><strong>Inala\u00e7\u00e3o:<\/strong>&nbsp;basta respirar o aroma de meio lim\u00e3o cortado em fatias durante alguns minutos.<\/li>\n\n\n\n<li><strong>\u00c1gua aromatizada:<\/strong>&nbsp;Adicione algumas gotas de sumo de lim\u00e3o a um copo de \u00e1gua fria para fazer uma bebida refrescante e anti-n\u00e1usea.<\/li>\n\n\n\n<li><strong>Ch\u00e1 de lim\u00e3o:<\/strong>\u00a0coloque algumas fatias de <strong><a href=\"https:\/\/www.safinel.fr\/pt\/product-2\/limoes-pretos-secos-150-g\/\">lim\u00e3o<\/a><\/strong> amarelo ou verde em \u00e1gua quente durante 10 minutos antes de saborear.<\/li>\n<\/ol>\n\n\n\n<h3 class=\"wp-block-heading\" id=\"h-autres-astuces-de-grand-m-re-contre-les-naus-es\"><strong>Outras dicas da av\u00f3 contra as n\u00e1useas<\/strong><\/h3>\n\n\n\n<p>Outros m\u00e9todos simples e naturais podem ajudar a combater as n\u00e1useas:<\/p>\n\n\n\n<ul class=\"wp-block-list\">\n<li><strong>Respire lenta e profundamente<\/strong>&nbsp;muitas vezes ajuda a acalmar rapidamente uma sensa\u00e7\u00e3o passageira de n\u00e1usea.<\/li>\n\n\n\n<li>O ch\u00e1 de hortel\u00e3-pimenta ou camomila tamb\u00e9m possui propriedades calmantes para o est\u00f4mago e pode ser consumido em caso de n\u00e1useas.<\/li>\n\n\n\n<li>Comer devagar e dividir as refei\u00e7\u00f5es em pequenas por\u00e7\u00f5es pode facilitar a digest\u00e3o e evitar a sensa\u00e7\u00e3o de enjoo.<\/li>\n\n\n\n<li>Arroz branco, bananas e torradas s\u00e3o alimentos f\u00e1ceis de digerir. Podem ser consumidos quando se sente n\u00e1useas.<\/li>\n<\/ul>\n\n\n\n<p>Assim, estes&nbsp;<strong>rem\u00e9dios caseiros contra n\u00e1useas<\/strong>&nbsp;constituem uma alternativa natural e suave para aliviar as suas dores. No entanto, tenha em aten\u00e7\u00e3o que estes conselhos n\u00e3o substituem, em caso algum, o parecer de um profissional de sa\u00fade. Se sofre frequentemente de n\u00e1useas ou se os sintomas se agravarem, n\u00e3o hesite em consultar o seu m\u00e9dico.<\/p>","protected":false},"excerpt":{"rendered":"<p>As n\u00e1useas s\u00e3o sensa\u00e7\u00f5es desagrad\u00e1veis que todos n\u00f3s j\u00e1 sentimos em algum momento da vida. Frequentemente associadas a problemas digestivos, elas tamb\u00e9m podem ser sinal de outras condi\u00e7\u00f5es, como gravidez, enjoo de viagem ou certas doen\u00e7as. Se procura uma solu\u00e7\u00e3o natural e eficaz para [...]","protected":false},"author":156,"featured_media":8263,"comment_status":"closed","ping_status":"closed","sticky":false,"template":"","format":"standard","meta":{"footnotes":""},"categories":[1],"tags":[],"class_list":["post-8262","post","type-post","status-publish","format-standard","has-post-thumbnail","hentry","category-divers"],"yoast_head":"<!-- This site is optimized with the Yoast SEO plugin v26.6 - https:\/\/yoast.com\/wordpress\/plugins\/seo\/ -->\n<title>Rem\u00e8des de grand-m\u00e8re contre les naus\u00e9es | Tour d&#039;horizon<\/title>\n<meta name=\"description\" content=\"Cet article propose une s\u00e9lection de\u00a0rem\u00e8des de grand-m\u00e8re contre les naus\u00e9es\u00a0qui ont fait leurs preuves depuis des g\u00e9n\u00e9rations.\" \/>\n<meta name=\"robots\" content=\"index, follow, max-snippet:-1, max-image-preview:large, max-video-preview:-1\" \/>\n<link rel=\"canonical\" href=\"https:\/\/www.safinel.fr\/pt\/remedios-caseiros-contra-nauseas\/\" \/>\n<meta property=\"og:locale\" content=\"pt_PT\" \/>\n<meta property=\"og:type\" content=\"article\" \/>\n<meta property=\"og:title\" content=\"Rem\u00e8des de grand-m\u00e8re contre les naus\u00e9es | Tour d&#039;horizon\" \/>\n<meta property=\"og:description\" content=\"Cet article propose une s\u00e9lection de\u00a0rem\u00e8des de grand-m\u00e8re contre les naus\u00e9es\u00a0qui ont fait leurs preuves depuis des g\u00e9n\u00e9rations.\" \/>\n<meta property=\"og:url\" content=\"https:\/\/www.safinel.fr\/pt\/remedios-caseiros-contra-nauseas\/\" \/>\n<meta property=\"og:site_name\" content=\"Safinel\" \/>\n<meta property=\"article:published_time\" content=\"2023-09-03T18:36:31+00:00\" \/>\n<meta property=\"article:modified_time\" content=\"2023-09-03T18:36:32+00:00\" \/>\n<meta property=\"og:image\" content=\"https:\/\/www.safinel.fr\/wp-content\/uploads\/2023\/09\/remede-de-grand-mere-contre-les-nausees-.jpg\" \/>\n\t<meta property=\"og:image:width\" content=\"1100\" \/>\n\t<meta property=\"og:image:height\" content=\"578\" \/>\n\t<meta property=\"og:image:type\" content=\"image\/jpeg\" \/>\n<meta name=\"author\" content=\"Naj\" \/>\n<meta name=\"twitter:card\" content=\"summary_large_image\" \/>\n<meta name=\"twitter:label1\" content=\"Escrito por\" \/>\n\t<meta name=\"twitter:data1\" content=\"Naj\" \/>\n\t<meta name=\"twitter:label2\" content=\"Tempo estimado de leitura\" \/>\n\t<meta name=\"twitter:data2\" content=\"4 minutos\" \/>\n<script type=\"application\/ld+json\" class=\"yoast-schema-graph\">{\"@context\":\"https:\/\/schema.org\",\"@graph\":[{\"@type\":\"Article\",\"@id\":\"https:\/\/www.safinel.fr\/remedes-de-grand-mere-contre-les-nausees\/#article\",\"isPartOf\":{\"@id\":\"https:\/\/www.safinel.fr\/remedes-de-grand-mere-contre-les-nausees\/\"},\"author\":{\"name\":\"Naj\",\"@id\":\"https:\/\/www.safinel.fr\/#\/schema\/person\/47f7357f8aa8a41a796811d3f8a3e055\"},\"headline\":\"Les rem\u00e8des de grand-m\u00e8re efficaces pour combattre les naus\u00e9es\",\"datePublished\":\"2023-09-03T18:36:31+00:00\",\"dateModified\":\"2023-09-03T18:36:32+00:00\",\"mainEntityOfPage\":{\"@id\":\"https:\/\/www.safinel.fr\/remedes-de-grand-mere-contre-les-nausees\/\"},\"wordCount\":749,\"publisher\":{\"@id\":\"https:\/\/www.safinel.fr\/#organization\"},\"image\":{\"@id\":\"https:\/\/www.safinel.fr\/remedes-de-grand-mere-contre-les-nausees\/#primaryimage\"},\"thumbnailUrl\":\"https:\/\/www.safinel.fr\/wp-content\/uploads\/2023\/09\/remede-de-grand-mere-contre-les-nausees-.jpg\",\"articleSection\":[\"Divers\"],\"inLanguage\":\"pt-PT\"},{\"@type\":\"WebPage\",\"@id\":\"https:\/\/www.safinel.fr\/remedes-de-grand-mere-contre-les-nausees\/\",\"url\":\"https:\/\/www.safinel.fr\/remedes-de-grand-mere-contre-les-nausees\/\",\"name\":\"Rem\u00e8des de grand-m\u00e8re contre les naus\u00e9es | Tour d'horizon\",\"isPartOf\":{\"@id\":\"https:\/\/www.safinel.fr\/#website\"},\"primaryImageOfPage\":{\"@id\":\"https:\/\/www.safinel.fr\/remedes-de-grand-mere-contre-les-nausees\/#primaryimage\"},\"image\":{\"@id\":\"https:\/\/www.safinel.fr\/remedes-de-grand-mere-contre-les-nausees\/#primaryimage\"},\"thumbnailUrl\":\"https:\/\/www.safinel.fr\/wp-content\/uploads\/2023\/09\/remede-de-grand-mere-contre-les-nausees-.jpg\",\"datePublished\":\"2023-09-03T18:36:31+00:00\",\"dateModified\":\"2023-09-03T18:36:32+00:00\",\"description\":\"Cet article propose une s\u00e9lection de\u00a0rem\u00e8des de grand-m\u00e8re contre les naus\u00e9es\u00a0qui ont fait leurs preuves depuis des g\u00e9n\u00e9rations.\",\"breadcrumb\":{\"@id\":\"https:\/\/www.safinel.fr\/remedes-de-grand-mere-contre-les-nausees\/#breadcrumb\"},\"inLanguage\":\"pt-PT\",\"potentialAction\":[{\"@type\":\"ReadAction\",\"target\":[\"https:\/\/www.safinel.fr\/remedes-de-grand-mere-contre-les-nausees\/\"]}]},{\"@type\":\"ImageObject\",\"inLanguage\":\"pt-PT\",\"@id\":\"https:\/\/www.safinel.fr\/remedes-de-grand-mere-contre-les-nausees\/#primaryimage\",\"url\":\"https:\/\/www.safinel.fr\/wp-content\/uploads\/2023\/09\/remede-de-grand-mere-contre-les-nausees-.jpg\",\"contentUrl\":\"https:\/\/www.safinel.fr\/wp-content\/uploads\/2023\/09\/remede-de-grand-mere-contre-les-nausees-.jpg\",\"width\":1100,\"height\":578,\"caption\":\"rem\u00e8des de grand-m\u00e8re contre les naus\u00e9es\"},{\"@type\":\"BreadcrumbList\",\"@id\":\"https:\/\/www.safinel.fr\/remedes-de-grand-mere-contre-les-nausees\/#breadcrumb\",\"itemListElement\":[{\"@type\":\"ListItem\",\"position\":1,\"name\":\"Accueil\",\"item\":\"https:\/\/www.safinel.fr\/\"},{\"@type\":\"ListItem\",\"position\":2,\"name\":\"Les rem\u00e8des de grand-m\u00e8re efficaces pour combattre les naus\u00e9es\"}]},{\"@type\":\"WebSite\",\"@id\":\"https:\/\/www.safinel.fr\/#website\",\"url\":\"https:\/\/www.safinel.fr\/\",\"name\":\"Safinel\",\"description\":\"\",\"publisher\":{\"@id\":\"https:\/\/www.safinel.fr\/#organization\"},\"potentialAction\":[{\"@type\":\"SearchAction\",\"target\":{\"@type\":\"EntryPoint\",\"urlTemplate\":\"https:\/\/www.safinel.fr\/?s={search_term_string}\"},\"query-input\":{\"@type\":\"PropertyValueSpecification\",\"valueRequired\":true,\"valueName\":\"search_term_string\"}}],\"inLanguage\":\"pt-PT\"},{\"@type\":\"Organization\",\"@id\":\"https:\/\/www.safinel.fr\/#organization\",\"name\":\"Safinel\",\"url\":\"https:\/\/www.safinel.fr\/\",\"logo\":{\"@type\":\"ImageObject\",\"inLanguage\":\"pt-PT\",\"@id\":\"https:\/\/www.safinel.fr\/#\/schema\/logo\/image\/\",\"url\":\"https:\/\/www.safinel.fr\/wp-content\/uploads\/2021\/05\/boutique-cosmetique.png\",\"contentUrl\":\"https:\/\/www.safinel.fr\/wp-content\/uploads\/2021\/05\/boutique-cosmetique.png\",\"width\":800,\"height\":200,\"caption\":\"Safinel\"},\"image\":{\"@id\":\"https:\/\/www.safinel.fr\/#\/schema\/logo\/image\/\"}},{\"@type\":\"Person\",\"@id\":\"https:\/\/www.safinel.fr\/#\/schema\/person\/47f7357f8aa8a41a796811d3f8a3e055\",\"name\":\"Naj\",\"image\":{\"@type\":\"ImageObject\",\"inLanguage\":\"pt-PT\",\"@id\":\"https:\/\/www.safinel.fr\/#\/schema\/person\/image\/\",\"url\":\"https:\/\/secure.gravatar.com\/avatar\/5c0fa4f0bce748d4964b7d68e4b0ee1d8e3120edba58a55893ced967bd2093b5?s=96&d=mm&r=g\",\"contentUrl\":\"https:\/\/secure.gravatar.com\/avatar\/5c0fa4f0bce748d4964b7d68e4b0ee1d8e3120edba58a55893ced967bd2093b5?s=96&d=mm&r=g\",\"caption\":\"Naj\"},\"url\":\"https:\/\/www.safinel.fr\/pt\/author\/naj\/\"}]}<\/script>\n<!-- \/ Yoast SEO plugin. -->","yoast_head_json":{"title":"Rem\u00e9dios caseiros contra n\u00e1useas | Vis\u00e3o geral","description":"Este artigo apresenta uma sele\u00e7\u00e3o de rem\u00e9dios caseiros contra n\u00e1useas que t\u00eam provado a sua efic\u00e1cia h\u00e1 v\u00e1rias gera\u00e7\u00f5es.","robots":{"index":"index","follow":"follow","max-snippet":"max-snippet:-1","max-image-preview":"max-image-preview:large","max-video-preview":"max-video-preview:-1"},"canonical":"https:\/\/www.safinel.fr\/pt\/remedios-caseiros-contra-nauseas\/","og_locale":"pt_PT","og_type":"article","og_title":"Rem\u00e8des de grand-m\u00e8re contre les naus\u00e9es | Tour d'horizon","og_description":"Cet article propose une s\u00e9lection de\u00a0rem\u00e8des de grand-m\u00e8re contre les naus\u00e9es\u00a0qui ont fait leurs preuves depuis des g\u00e9n\u00e9rations.","og_url":"https:\/\/www.safinel.fr\/pt\/remedios-caseiros-contra-nauseas\/","og_site_name":"Safinel","article_published_time":"2023-09-03T18:36:31+00:00","article_modified_time":"2023-09-03T18:36:32+00:00","og_image":[{"width":1100,"height":578,"url":"https:\/\/www.safinel.fr\/wp-content\/uploads\/2023\/09\/remede-de-grand-mere-contre-les-nausees-.jpg","type":"image\/jpeg"}],"author":"Naj","twitter_card":"summary_large_image","twitter_misc":{"Escrito por":"Naj","Tempo estimado de leitura":"4 minutos"},"schema":{"@context":"https:\/\/schema.org","@graph":[{"@type":"Article","@id":"https:\/\/www.safinel.fr\/remedes-de-grand-mere-contre-les-nausees\/#article","isPartOf":{"@id":"https:\/\/www.safinel.fr\/remedes-de-grand-mere-contre-les-nausees\/"},"author":{"name":"Naj","@id":"https:\/\/www.safinel.fr\/#\/schema\/person\/47f7357f8aa8a41a796811d3f8a3e055"},"headline":"Les rem\u00e8des de grand-m\u00e8re efficaces pour combattre les naus\u00e9es","datePublished":"2023-09-03T18:36:31+00:00","dateModified":"2023-09-03T18:36:32+00:00","mainEntityOfPage":{"@id":"https:\/\/www.safinel.fr\/remedes-de-grand-mere-contre-les-nausees\/"},"wordCount":749,"publisher":{"@id":"https:\/\/www.safinel.fr\/#organization"},"image":{"@id":"https:\/\/www.safinel.fr\/remedes-de-grand-mere-contre-les-nausees\/#primaryimage"},"thumbnailUrl":"https:\/\/www.safinel.fr\/wp-content\/uploads\/2023\/09\/remede-de-grand-mere-contre-les-nausees-.jpg","articleSection":["Divers"],"inLanguage":"pt-PT"},{"@type":"WebPage","@id":"https:\/\/www.safinel.fr\/remedes-de-grand-mere-contre-les-nausees\/","url":"https:\/\/www.safinel.fr\/remedes-de-grand-mere-contre-les-nausees\/","name":"Rem\u00e9dios caseiros contra n\u00e1useas | Vis\u00e3o geral","isPartOf":{"@id":"https:\/\/www.safinel.fr\/#website"},"primaryImageOfPage":{"@id":"https:\/\/www.safinel.fr\/remedes-de-grand-mere-contre-les-nausees\/#primaryimage"},"image":{"@id":"https:\/\/www.safinel.fr\/remedes-de-grand-mere-contre-les-nausees\/#primaryimage"},"thumbnailUrl":"https:\/\/www.safinel.fr\/wp-content\/uploads\/2023\/09\/remede-de-grand-mere-contre-les-nausees-.jpg","datePublished":"2023-09-03T18:36:31+00:00","dateModified":"2023-09-03T18:36:32+00:00","description":"Este artigo apresenta uma sele\u00e7\u00e3o de rem\u00e9dios caseiros contra n\u00e1useas que t\u00eam provado a sua efic\u00e1cia h\u00e1 v\u00e1rias gera\u00e7\u00f5es.","breadcrumb":{"@id":"https:\/\/www.safinel.fr\/remedes-de-grand-mere-contre-les-nausees\/#breadcrumb"},"inLanguage":"pt-PT","potentialAction":[{"@type":"ReadAction","target":["https:\/\/www.safinel.fr\/remedes-de-grand-mere-contre-les-nausees\/"]}]},{"@type":"ImageObject","inLanguage":"pt-PT","@id":"https:\/\/www.safinel.fr\/remedes-de-grand-mere-contre-les-nausees\/#primaryimage","url":"https:\/\/www.safinel.fr\/wp-content\/uploads\/2023\/09\/remede-de-grand-mere-contre-les-nausees-.jpg","contentUrl":"https:\/\/www.safinel.fr\/wp-content\/uploads\/2023\/09\/remede-de-grand-mere-contre-les-nausees-.jpg","width":1100,"height":578,"caption":"rem\u00e8des de grand-m\u00e8re contre les naus\u00e9es"},{"@type":"BreadcrumbList","@id":"https:\/\/www.safinel.fr\/remedes-de-grand-mere-contre-les-nausees\/#breadcrumb","itemListElement":[{"@type":"ListItem","position":1,"name":"Accueil","item":"https:\/\/www.safinel.fr\/"},{"@type":"ListItem","position":2,"name":"Les rem\u00e8des de grand-m\u00e8re efficaces pour combattre les naus\u00e9es"}]},{"@type":"WebSite","@id":"https:\/\/www.safinel.fr\/#website","url":"https:\/\/www.safinel.fr\/","name":"Safinel","description":"","publisher":{"@id":"https:\/\/www.safinel.fr\/#organization"},"potentialAction":[{"@type":"SearchAction","target":{"@type":"EntryPoint","urlTemplate":"https:\/\/www.safinel.fr\/?s={search_term_string}"},"query-input":{"@type":"PropertyValueSpecification","valueRequired":true,"valueName":"search_term_string"}}],"inLanguage":"pt-PT"},{"@type":"Organization","@id":"https:\/\/www.safinel.fr\/#organization","name":"Safinel","url":"https:\/\/www.safinel.fr\/","logo":{"@type":"ImageObject","inLanguage":"pt-PT","@id":"https:\/\/www.safinel.fr\/#\/schema\/logo\/image\/","url":"https:\/\/www.safinel.fr\/wp-content\/uploads\/2021\/05\/boutique-cosmetique.png","contentUrl":"https:\/\/www.safinel.fr\/wp-content\/uploads\/2021\/05\/boutique-cosmetique.png","width":800,"height":200,"caption":"Safinel"},"image":{"@id":"https:\/\/www.safinel.fr\/#\/schema\/logo\/image\/"}},{"@type":"Person","@id":"https:\/\/www.safinel.fr\/#\/schema\/person\/47f7357f8aa8a41a796811d3f8a3e055","name":"Naj","image":{"@type":"ImageObject","inLanguage":"pt-PT","@id":"https:\/\/www.safinel.fr\/#\/schema\/person\/image\/","url":"https:\/\/secure.gravatar.com\/avatar\/5c0fa4f0bce748d4964b7d68e4b0ee1d8e3120edba58a55893ced967bd2093b5?s=96&d=mm&r=g","contentUrl":"https:\/\/secure.gravatar.com\/avatar\/5c0fa4f0bce748d4964b7d68e4b0ee1d8e3120edba58a55893ced967bd2093b5?s=96&d=mm&r=g","caption":"Naj"},"url":"https:\/\/www.safinel.fr\/pt\/author\/naj\/"}]}},"_links":{"self":[{"href":"https:\/\/www.safinel.fr\/pt\/wp-json\/wp\/v2\/posts\/8262","targetHints":{"allow":["GET"]}}],"collection":[{"href":"https:\/\/www.safinel.fr\/pt\/wp-json\/wp\/v2\/posts"}],"about":[{"href":"https:\/\/www.safinel.fr\/pt\/wp-json\/wp\/v2\/types\/post"}],"author":[{"embeddable":true,"href":"https:\/\/www.safinel.fr\/pt\/wp-json\/wp\/v2\/users\/156"}],"replies":[{"embeddable":true,"href":"https:\/\/www.safinel.fr\/pt\/wp-json\/wp\/v2\/comments?post=8262"}],"version-history":[{"count":1,"href":"https:\/\/www.safinel.fr\/pt\/wp-json\/wp\/v2\/posts\/8262\/revisions"}],"predecessor-version":[{"id":8264,"href":"https:\/\/www.safinel.fr\/pt\/wp-json\/wp\/v2\/posts\/8262\/revisions\/8264"}],"wp:featuredmedia":[{"embeddable":true,"href":"https:\/\/www.safinel.fr\/pt\/wp-json\/wp\/v2\/media\/8263"}],"wp:attachment":[{"href":"https:\/\/www.safinel.fr\/pt\/wp-json\/wp\/v2\/media?parent=8262"}],"wp:term":[{"taxonomy":"category","embeddable":true,"href":"https:\/\/www.safinel.fr\/pt\/wp-json\/wp\/v2\/categories?post=8262"},{"taxonomy":"post_tag","embeddable":true,"href":"https:\/\/www.safinel.fr\/pt\/wp-json\/wp\/v2\/tags?post=8262"}],"curies":[{"name":"wp","href":"https:\/\/api.w.org\/{rel}","templated":true}]}}