{"id":8191,"date":"2023-08-31T18:42:06","date_gmt":"2023-08-31T18:42:06","guid":{"rendered":"https:\/\/www.safinel.fr\/?p=8191"},"modified":"2023-08-31T18:42:07","modified_gmt":"2023-08-31T18:42:07","slug":"acne-microcistica-em-peles-negras","status":"publish","type":"post","link":"https:\/\/www.safinel.fr\/pt\/acne-microcistica-em-peles-negras\/","title":{"rendered":"Compreender e tratar a acne microc\u00edstica em peles negras"},"content":{"rendered":"<p>O\u2019<strong>acne microc\u00edstica<\/strong>&nbsp;\u00e9 um problema cut\u00e2neo frequente que pode afetar qualquer pessoa, independentemente da cor da pele. No entanto, algumas particularidades devem ser levadas em considera\u00e7\u00e3o quando se trata de&nbsp;<strong>peles negras<\/strong>. Neste artigo, abordaremos as especificidades da acne microc\u00edstica na pele negra, bem como os poss\u00edveis tratamentos e medidas preventivas.<\/p>\n\n\n\n<h2 class=\"wp-block-heading\" id=\"h-qu-est-ce-que-l-acn-microkystique\"><strong>O que \u00e9 acne microc\u00edstica?<\/strong><\/h2>\n\n\n\n<p>A acne microc\u00edstica caracteriza-se pela presen\u00e7a de&nbsp;<strong>microcistos<\/strong>, que s\u00e3o pequenas les\u00f5es cheias de sebo e c\u00e9lulas mortas. Esses microcistos est\u00e3o localizados sob a pele, o que os diferencia dos pontos negros e outras espinhas. Os microcistos tamb\u00e9m podem ser chamados de&nbsp;<em>gr\u00e3os, milium ou gr\u00e2nulos<\/em>.<\/p>\n\n\n\n<h3 class=\"wp-block-heading\" id=\"h-causes-de-l-acn-microkystique-sur-les-peaux-noires\"><strong>Causas da acne microc\u00edstica em peles negras<\/strong><\/h3>\n\n\n\n<p>V\u00e1rios fatores podem contribuir para o aparecimento da acne microc\u00edstica, incluindo:<\/p>\n\n\n\n<ul class=\"wp-block-list\">\n<li>produ\u00e7\u00e3o excessiva de sebo (hiper-seborreia)<\/li>\n\n\n\n<li>uma m\u00e1 elimina\u00e7\u00e3o das c\u00e9lulas mortas<\/li>\n\n\n\n<li>a presen\u00e7a de bact\u00e9rias nos fol\u00edculos capilares<\/li>\n\n\n\n<li>desequil\u00edbrios hormonais (especialmente durante a puberdade, ciclos menstruais ou uso de contraceptivos hormonais)<\/li>\n\n\n\n<li>o stress<\/li>\n\n\n\n<li>uma alimenta\u00e7\u00e3o desequilibrada (rica em a\u00e7\u00facares e gorduras)<\/li>\n<\/ul>\n\n\n\n<h2 class=\"wp-block-heading\" id=\"h-les-sp-cificit-s-de-l-acn-microkystique-sur-les-peaux-noires\"><strong>As especificidades da acne microc\u00edstica na pele negra<\/strong><\/h2>\n\n\n\n<p>\u00c9 essencial levar em considera\u00e7\u00e3o algumas particularidades da pele negra quando se trata de tratar a acne microc\u00edstica. A pele negra tende a ser mais espessa. Com uma produ\u00e7\u00e3o de sebo mais elevada e uma renova\u00e7\u00e3o celular mais lenta do que a pele clara. Essas caracter\u00edsticas podem tornar a pele negra mais propensa a problemas de acne.<\/p>\n\n\n\n<h3 class=\"wp-block-heading\" id=\"h-les-risques-de-cicatrices-et-d-hyperpigmentation\"><strong>Riscos de cicatrizes e hiperpigmenta\u00e7\u00e3o<\/strong><\/h3>\n\n\n\n<p>As peles negras tamb\u00e9m s\u00e3o mais suscet\u00edveis a desenvolver\u00a0<strong>cicatrizes e manchas pigmentares<\/strong>\u00a0devido \u00e0s espinhas. Na verdade, a pele negra produz mais <strong><a href=\"https:\/\/www.safinel.fr\/pt\/melanina\/\">melanina<\/a><\/strong>, um pigmento protetor respons\u00e1vel pela cor da pele. Quando a pele \u00e9 agredida por uma inflama\u00e7\u00e3o (como uma espinha), ela produz ainda mais melanina para se proteger, o que pode levar ao aparecimento de manchas mais escuras na pele, chamadas\u00a0<em>hiperpigmenta\u00e7\u00e3o p\u00f3s-inflamat\u00f3ria<\/em>.<\/p>\n\n\n\n<h2 class=\"wp-block-heading\" id=\"h-traitements-et-pr-vention-de-l-acn-microkystique-sur-les-peaux-noires\"><strong>Tratamentos e preven\u00e7\u00e3o da acne microc\u00edstica em peles negras<\/strong><\/h2>\n\n\n\n<h3 class=\"wp-block-heading\" id=\"h-nettoyage-et-soins-du-visage-adapt-s-aux-peaux-noires\"><strong>Limpeza e cuidados faciais adequados para peles negras<\/strong><\/h3>\n\n\n\n<p>Uma boa rotina de limpeza e cuidados faciais \u00e9 essencial para prevenir e tratar a acne microc\u00edstica em peles negras. Recomenda-se a utiliza\u00e7\u00e3o de&nbsp;<strong>produtos espec\u00edficos para peles negras<\/strong>, pois geralmente s\u00e3o mais suaves e menos irritantes do que os produtos destinados a peles claras. Aqui est\u00e3o algumas dicas para cuidar da sua pele:<\/p>\n\n\n\n<ul class=\"wp-block-list\">\n<li>Limpe o rosto duas vezes por dia com um produto de limpeza suave, sem sab\u00e3o nem \u00e1lcool.<\/li>\n\n\n\n<li>Esfolie a pele uma ou duas vezes por semana para eliminar as c\u00e9lulas mortas e estimular a renova\u00e7\u00e3o celular.<\/li>\n\n\n\n<li>Use produtos hidratantes adequados para peles oleosas ou acneicas (n\u00e3o comedog\u00e9nicos).<\/li>\n\n\n\n<li><strong><a href=\"https:\/\/www.safinel.fr\/pt\/queimadura-solar-pele-negra\/\">Proteja a sua pele do sol<\/a><\/strong> com um protetor solar de amplo espectro e alto fator de prote\u00e7\u00e3o, pois os raios UV podem agravar a hiperpigmenta\u00e7\u00e3o p\u00f3s-inflamat\u00f3ria.<\/li>\n<\/ul>\n\n\n\n<h3 class=\"wp-block-heading\" id=\"h-traitements-m-dicaux-et-topiques\"><strong>Tratamentos m\u00e9dicos e t\u00f3picos<\/strong><\/h3>\n\n\n\n<p>Em caso de acne microc\u00edstica persistente, \u00e9 aconselh\u00e1vel consultar um&nbsp;<strong>dermatologista<\/strong>&nbsp;que poder\u00e1 prescrever tratamentos adequados ao seu tipo de pele e \u00e0 gravidade da sua acne. Entre as op\u00e7\u00f5es de tratamento m\u00e9dico, encontram-se:<\/p>\n\n\n\n<ul class=\"wp-block-list\">\n<li>cremes ou g\u00e9is \u00e0 base de retin\u00f3ides (derivados da vitamina A) para regular a produ\u00e7\u00e3o de sebo e eliminar as c\u00e9lulas mortas<\/li>\n\n\n\n<li>antibi\u00f3ticos locais ou orais para combater a infec\u00e7\u00e3o bacteriana<\/li>\n\n\n\n<li>tratamentos hormonais (como a p\u00edlula anticoncepcional) para regular os desequil\u00edbrios hormonais respons\u00e1veis pela acne<\/li>\n<\/ul>\n\n\n\n<p>Em caso de hiperpigmenta\u00e7\u00e3o p\u00f3s-inflamat\u00f3ria, tratamentos espec\u00edficos podem ser prescritos pelo dermatologista, tais como:<\/p>\n\n\n\n<ul class=\"wp-block-list\">\n<li>de <strong><a href=\"https:\/\/www.safinel.fr\/pt\/product-2\/creme-de-nila\/\">cremes clareadores<\/a><\/strong> contendo hidroquinona ou \u00e1cidos de frutas (AHA)<\/li>\n\n\n\n<li>peelings qu\u00edmicos ou microdermoabras\u00f5es para estimular a renova\u00e7\u00e3o celular e atenuar as manchas pigmentares<\/li>\n<\/ul>\n\n\n\n<h3 class=\"wp-block-heading\" id=\"h-compl-ments-alimentaires-et-modifications-du-mode-de-vie\"><strong>Suplementos alimentares e mudan\u00e7as no estilo de vida<\/strong><\/h3>\n\n\n\n<p>Al\u00e9m dos tratamentos m\u00e9dicos e cuidados faciais, tamb\u00e9m \u00e9 poss\u00edvel melhorar a pele adotando certos h\u00e1bitos:<\/p>\n\n\n\n<ul class=\"wp-block-list\">\n<li>Tomar suplementos de&nbsp;<strong>vitamina E<\/strong>, que tem um efeito anti-inflamat\u00f3rio e promove a cicatriza\u00e7\u00e3o da pele.<\/li>\n\n\n\n<li>Ter uma alimenta\u00e7\u00e3o equilibrada, rica em antioxidantes (frutas e vegetais), \u00f3mega 3 (peixes gordos, nozes) e pobre em a\u00e7\u00facares e gorduras saturadas.<\/li>\n\n\n\n<li>Beber \u00e1gua suficiente para manter uma boa hidrata\u00e7\u00e3o da pele.<\/li>\n\n\n\n<li>Pratique exerc\u00edcio f\u00edsico regularmente para estimular a circula\u00e7\u00e3o sangu\u00ednea e a elimina\u00e7\u00e3o de toxinas.<\/li>\n\n\n\n<li>Tente reduzir o stress, que pode agravar a acne, por exemplo, praticando medita\u00e7\u00e3o, ioga ou relaxamento.<\/li>\n<\/ul>\n\n\n\n<p>Siga estes conselhos e adapte os tratamentos ao seu tipo de pele e \u00e0s especificidades da acne microc\u00edstica em peles negras. <\/p>\n\n\n\n<p>Poder\u00e1 melhorar a qualidade da sua pele e evitar complica\u00e7\u00f5es como cicatrizes e hiperpigmenta\u00e7\u00e3o p\u00f3s-inflamat\u00f3ria.<\/p>","protected":false},"excerpt":{"rendered":"<p>A acne microc\u00edstica \u00e9 um problema cut\u00e2neo frequente que pode afetar qualquer pessoa, independentemente da cor da pele. No entanto, algumas particularidades devem ser levadas em considera\u00e7\u00e3o quando se trata de peles negras. Neste artigo, abordaremos as especificidades da acne microc\u00edstica em peles negras, bem como os poss\u00edveis tratamentos e preven\u00e7\u00f5es. O que \u00e9 [\u2026]","protected":false},"author":156,"featured_media":8192,"comment_status":"closed","ping_status":"closed","sticky":false,"template":"","format":"standard","meta":{"footnotes":""},"categories":[1],"tags":[],"class_list":["post-8191","post","type-post","status-publish","format-standard","has-post-thumbnail","hentry","category-divers"],"yoast_head":"<!-- This site is optimized with the Yoast SEO plugin v26.6 - https:\/\/yoast.com\/wordpress\/plugins\/seo\/ -->\n<title>Acn\u00e9 microkystique sur les peaux noires | Le guide pratique<\/title>\n<meta name=\"description\" content=\"Ici, nous aborderons les sp\u00e9cificit\u00e9s de l&#039;acn\u00e9 microkystique sur les peaux noires, ainsi que les traitements et pr\u00e9ventions possibles.\" \/>\n<meta name=\"robots\" content=\"index, follow, max-snippet:-1, max-image-preview:large, max-video-preview:-1\" \/>\n<link rel=\"canonical\" href=\"https:\/\/www.safinel.fr\/pt\/acne-microcistica-em-peles-negras\/\" \/>\n<meta property=\"og:locale\" content=\"pt_PT\" \/>\n<meta property=\"og:type\" content=\"article\" \/>\n<meta property=\"og:title\" content=\"Acn\u00e9 microkystique sur les peaux noires | Le guide pratique\" \/>\n<meta property=\"og:description\" content=\"Ici, nous aborderons les sp\u00e9cificit\u00e9s de l&#039;acn\u00e9 microkystique sur les peaux noires, ainsi que les traitements et pr\u00e9ventions possibles.\" \/>\n<meta property=\"og:url\" content=\"https:\/\/www.safinel.fr\/pt\/acne-microcistica-em-peles-negras\/\" \/>\n<meta property=\"og:site_name\" content=\"Safinel\" \/>\n<meta property=\"article:published_time\" content=\"2023-08-31T18:42:06+00:00\" \/>\n<meta property=\"article:modified_time\" content=\"2023-08-31T18:42:07+00:00\" \/>\n<meta property=\"og:image\" content=\"https:\/\/www.safinel.fr\/wp-content\/uploads\/2023\/08\/Acne-microkystique-sur-les-peaux-noires-.jpg\" \/>\n\t<meta property=\"og:image:width\" content=\"1100\" \/>\n\t<meta property=\"og:image:height\" content=\"578\" \/>\n\t<meta property=\"og:image:type\" content=\"image\/jpeg\" \/>\n<meta name=\"author\" content=\"Naj\" \/>\n<meta name=\"twitter:card\" content=\"summary_large_image\" \/>\n<meta name=\"twitter:label1\" content=\"Escrito por\" \/>\n\t<meta name=\"twitter:data1\" content=\"Naj\" \/>\n\t<meta name=\"twitter:label2\" content=\"Tempo estimado de leitura\" \/>\n\t<meta name=\"twitter:data2\" content=\"4 minutos\" \/>\n<script type=\"application\/ld+json\" class=\"yoast-schema-graph\">{\"@context\":\"https:\/\/schema.org\",\"@graph\":[{\"@type\":\"Article\",\"@id\":\"https:\/\/www.safinel.fr\/acne-microkystique-sur-les-peaux-noires\/#article\",\"isPartOf\":{\"@id\":\"https:\/\/www.safinel.fr\/acne-microkystique-sur-les-peaux-noires\/\"},\"author\":{\"name\":\"Naj\",\"@id\":\"https:\/\/www.safinel.fr\/#\/schema\/person\/47f7357f8aa8a41a796811d3f8a3e055\"},\"headline\":\"Comprendre et traiter l&rsquo;acn\u00e9 microkystique sur les peaux noires\",\"datePublished\":\"2023-08-31T18:42:06+00:00\",\"dateModified\":\"2023-08-31T18:42:07+00:00\",\"mainEntityOfPage\":{\"@id\":\"https:\/\/www.safinel.fr\/acne-microkystique-sur-les-peaux-noires\/\"},\"wordCount\":885,\"publisher\":{\"@id\":\"https:\/\/www.safinel.fr\/#organization\"},\"image\":{\"@id\":\"https:\/\/www.safinel.fr\/acne-microkystique-sur-les-peaux-noires\/#primaryimage\"},\"thumbnailUrl\":\"https:\/\/www.safinel.fr\/wp-content\/uploads\/2023\/08\/Acne-microkystique-sur-les-peaux-noires-.jpg\",\"articleSection\":[\"Divers\"],\"inLanguage\":\"pt-PT\"},{\"@type\":\"WebPage\",\"@id\":\"https:\/\/www.safinel.fr\/acne-microkystique-sur-les-peaux-noires\/\",\"url\":\"https:\/\/www.safinel.fr\/acne-microkystique-sur-les-peaux-noires\/\",\"name\":\"Acn\u00e9 microkystique sur les peaux noires | Le guide pratique\",\"isPartOf\":{\"@id\":\"https:\/\/www.safinel.fr\/#website\"},\"primaryImageOfPage\":{\"@id\":\"https:\/\/www.safinel.fr\/acne-microkystique-sur-les-peaux-noires\/#primaryimage\"},\"image\":{\"@id\":\"https:\/\/www.safinel.fr\/acne-microkystique-sur-les-peaux-noires\/#primaryimage\"},\"thumbnailUrl\":\"https:\/\/www.safinel.fr\/wp-content\/uploads\/2023\/08\/Acne-microkystique-sur-les-peaux-noires-.jpg\",\"datePublished\":\"2023-08-31T18:42:06+00:00\",\"dateModified\":\"2023-08-31T18:42:07+00:00\",\"description\":\"Ici, nous aborderons les sp\u00e9cificit\u00e9s de l'acn\u00e9 microkystique sur les peaux noires, ainsi que les traitements et pr\u00e9ventions possibles.\",\"breadcrumb\":{\"@id\":\"https:\/\/www.safinel.fr\/acne-microkystique-sur-les-peaux-noires\/#breadcrumb\"},\"inLanguage\":\"pt-PT\",\"potentialAction\":[{\"@type\":\"ReadAction\",\"target\":[\"https:\/\/www.safinel.fr\/acne-microkystique-sur-les-peaux-noires\/\"]}]},{\"@type\":\"ImageObject\",\"inLanguage\":\"pt-PT\",\"@id\":\"https:\/\/www.safinel.fr\/acne-microkystique-sur-les-peaux-noires\/#primaryimage\",\"url\":\"https:\/\/www.safinel.fr\/wp-content\/uploads\/2023\/08\/Acne-microkystique-sur-les-peaux-noires-.jpg\",\"contentUrl\":\"https:\/\/www.safinel.fr\/wp-content\/uploads\/2023\/08\/Acne-microkystique-sur-les-peaux-noires-.jpg\",\"width\":1100,\"height\":578,\"caption\":\"acn\u00e9 microkystique sur les peaux noires\"},{\"@type\":\"BreadcrumbList\",\"@id\":\"https:\/\/www.safinel.fr\/acne-microkystique-sur-les-peaux-noires\/#breadcrumb\",\"itemListElement\":[{\"@type\":\"ListItem\",\"position\":1,\"name\":\"Accueil\",\"item\":\"https:\/\/www.safinel.fr\/\"},{\"@type\":\"ListItem\",\"position\":2,\"name\":\"Comprendre et traiter l&#8217;acn\u00e9 microkystique sur les peaux noires\"}]},{\"@type\":\"WebSite\",\"@id\":\"https:\/\/www.safinel.fr\/#website\",\"url\":\"https:\/\/www.safinel.fr\/\",\"name\":\"Safinel\",\"description\":\"\",\"publisher\":{\"@id\":\"https:\/\/www.safinel.fr\/#organization\"},\"potentialAction\":[{\"@type\":\"SearchAction\",\"target\":{\"@type\":\"EntryPoint\",\"urlTemplate\":\"https:\/\/www.safinel.fr\/?s={search_term_string}\"},\"query-input\":{\"@type\":\"PropertyValueSpecification\",\"valueRequired\":true,\"valueName\":\"search_term_string\"}}],\"inLanguage\":\"pt-PT\"},{\"@type\":\"Organization\",\"@id\":\"https:\/\/www.safinel.fr\/#organization\",\"name\":\"Safinel\",\"url\":\"https:\/\/www.safinel.fr\/\",\"logo\":{\"@type\":\"ImageObject\",\"inLanguage\":\"pt-PT\",\"@id\":\"https:\/\/www.safinel.fr\/#\/schema\/logo\/image\/\",\"url\":\"https:\/\/www.safinel.fr\/wp-content\/uploads\/2021\/05\/boutique-cosmetique.png\",\"contentUrl\":\"https:\/\/www.safinel.fr\/wp-content\/uploads\/2021\/05\/boutique-cosmetique.png\",\"width\":800,\"height\":200,\"caption\":\"Safinel\"},\"image\":{\"@id\":\"https:\/\/www.safinel.fr\/#\/schema\/logo\/image\/\"}},{\"@type\":\"Person\",\"@id\":\"https:\/\/www.safinel.fr\/#\/schema\/person\/47f7357f8aa8a41a796811d3f8a3e055\",\"name\":\"Naj\",\"image\":{\"@type\":\"ImageObject\",\"inLanguage\":\"pt-PT\",\"@id\":\"https:\/\/www.safinel.fr\/#\/schema\/person\/image\/\",\"url\":\"https:\/\/secure.gravatar.com\/avatar\/5c0fa4f0bce748d4964b7d68e4b0ee1d8e3120edba58a55893ced967bd2093b5?s=96&d=mm&r=g\",\"contentUrl\":\"https:\/\/secure.gravatar.com\/avatar\/5c0fa4f0bce748d4964b7d68e4b0ee1d8e3120edba58a55893ced967bd2093b5?s=96&d=mm&r=g\",\"caption\":\"Naj\"},\"url\":\"https:\/\/www.safinel.fr\/pt\/author\/naj\/\"}]}<\/script>\n<!-- \/ Yoast SEO plugin. -->","yoast_head_json":{"title":"Acne microc\u00edstica em peles negras | O guia pr\u00e1tico","description":"Aqui, abordaremos as especificidades da acne microc\u00edstica em peles negras, bem como os poss\u00edveis tratamentos e medidas preventivas.","robots":{"index":"index","follow":"follow","max-snippet":"max-snippet:-1","max-image-preview":"max-image-preview:large","max-video-preview":"max-video-preview:-1"},"canonical":"https:\/\/www.safinel.fr\/pt\/acne-microcistica-em-peles-negras\/","og_locale":"pt_PT","og_type":"article","og_title":"Acn\u00e9 microkystique sur les peaux noires | Le guide pratique","og_description":"Ici, nous aborderons les sp\u00e9cificit\u00e9s de l'acn\u00e9 microkystique sur les peaux noires, ainsi que les traitements et pr\u00e9ventions possibles.","og_url":"https:\/\/www.safinel.fr\/pt\/acne-microcistica-em-peles-negras\/","og_site_name":"Safinel","article_published_time":"2023-08-31T18:42:06+00:00","article_modified_time":"2023-08-31T18:42:07+00:00","og_image":[{"width":1100,"height":578,"url":"https:\/\/www.safinel.fr\/wp-content\/uploads\/2023\/08\/Acne-microkystique-sur-les-peaux-noires-.jpg","type":"image\/jpeg"}],"author":"Naj","twitter_card":"summary_large_image","twitter_misc":{"Escrito por":"Naj","Tempo estimado de leitura":"4 minutos"},"schema":{"@context":"https:\/\/schema.org","@graph":[{"@type":"Article","@id":"https:\/\/www.safinel.fr\/acne-microkystique-sur-les-peaux-noires\/#article","isPartOf":{"@id":"https:\/\/www.safinel.fr\/acne-microkystique-sur-les-peaux-noires\/"},"author":{"name":"Naj","@id":"https:\/\/www.safinel.fr\/#\/schema\/person\/47f7357f8aa8a41a796811d3f8a3e055"},"headline":"Comprendre et traiter l&rsquo;acn\u00e9 microkystique sur les peaux noires","datePublished":"2023-08-31T18:42:06+00:00","dateModified":"2023-08-31T18:42:07+00:00","mainEntityOfPage":{"@id":"https:\/\/www.safinel.fr\/acne-microkystique-sur-les-peaux-noires\/"},"wordCount":885,"publisher":{"@id":"https:\/\/www.safinel.fr\/#organization"},"image":{"@id":"https:\/\/www.safinel.fr\/acne-microkystique-sur-les-peaux-noires\/#primaryimage"},"thumbnailUrl":"https:\/\/www.safinel.fr\/wp-content\/uploads\/2023\/08\/Acne-microkystique-sur-les-peaux-noires-.jpg","articleSection":["Divers"],"inLanguage":"pt-PT"},{"@type":"WebPage","@id":"https:\/\/www.safinel.fr\/acne-microkystique-sur-les-peaux-noires\/","url":"https:\/\/www.safinel.fr\/acne-microkystique-sur-les-peaux-noires\/","name":"Acne microc\u00edstica em peles negras | O guia pr\u00e1tico","isPartOf":{"@id":"https:\/\/www.safinel.fr\/#website"},"primaryImageOfPage":{"@id":"https:\/\/www.safinel.fr\/acne-microkystique-sur-les-peaux-noires\/#primaryimage"},"image":{"@id":"https:\/\/www.safinel.fr\/acne-microkystique-sur-les-peaux-noires\/#primaryimage"},"thumbnailUrl":"https:\/\/www.safinel.fr\/wp-content\/uploads\/2023\/08\/Acne-microkystique-sur-les-peaux-noires-.jpg","datePublished":"2023-08-31T18:42:06+00:00","dateModified":"2023-08-31T18:42:07+00:00","description":"Aqui, abordaremos as especificidades da acne microc\u00edstica em peles negras, bem como os poss\u00edveis tratamentos e medidas preventivas.","breadcrumb":{"@id":"https:\/\/www.safinel.fr\/acne-microkystique-sur-les-peaux-noires\/#breadcrumb"},"inLanguage":"pt-PT","potentialAction":[{"@type":"ReadAction","target":["https:\/\/www.safinel.fr\/acne-microkystique-sur-les-peaux-noires\/"]}]},{"@type":"ImageObject","inLanguage":"pt-PT","@id":"https:\/\/www.safinel.fr\/acne-microkystique-sur-les-peaux-noires\/#primaryimage","url":"https:\/\/www.safinel.fr\/wp-content\/uploads\/2023\/08\/Acne-microkystique-sur-les-peaux-noires-.jpg","contentUrl":"https:\/\/www.safinel.fr\/wp-content\/uploads\/2023\/08\/Acne-microkystique-sur-les-peaux-noires-.jpg","width":1100,"height":578,"caption":"acn\u00e9 microkystique sur les peaux noires"},{"@type":"BreadcrumbList","@id":"https:\/\/www.safinel.fr\/acne-microkystique-sur-les-peaux-noires\/#breadcrumb","itemListElement":[{"@type":"ListItem","position":1,"name":"Accueil","item":"https:\/\/www.safinel.fr\/"},{"@type":"ListItem","position":2,"name":"Comprendre et traiter l&#8217;acn\u00e9 microkystique sur les peaux noires"}]},{"@type":"WebSite","@id":"https:\/\/www.safinel.fr\/#website","url":"https:\/\/www.safinel.fr\/","name":"Safinel","description":"","publisher":{"@id":"https:\/\/www.safinel.fr\/#organization"},"potentialAction":[{"@type":"SearchAction","target":{"@type":"EntryPoint","urlTemplate":"https:\/\/www.safinel.fr\/?s={search_term_string}"},"query-input":{"@type":"PropertyValueSpecification","valueRequired":true,"valueName":"search_term_string"}}],"inLanguage":"pt-PT"},{"@type":"Organization","@id":"https:\/\/www.safinel.fr\/#organization","name":"Safinel","url":"https:\/\/www.safinel.fr\/","logo":{"@type":"ImageObject","inLanguage":"pt-PT","@id":"https:\/\/www.safinel.fr\/#\/schema\/logo\/image\/","url":"https:\/\/www.safinel.fr\/wp-content\/uploads\/2021\/05\/boutique-cosmetique.png","contentUrl":"https:\/\/www.safinel.fr\/wp-content\/uploads\/2021\/05\/boutique-cosmetique.png","width":800,"height":200,"caption":"Safinel"},"image":{"@id":"https:\/\/www.safinel.fr\/#\/schema\/logo\/image\/"}},{"@type":"Person","@id":"https:\/\/www.safinel.fr\/#\/schema\/person\/47f7357f8aa8a41a796811d3f8a3e055","name":"Naj","image":{"@type":"ImageObject","inLanguage":"pt-PT","@id":"https:\/\/www.safinel.fr\/#\/schema\/person\/image\/","url":"https:\/\/secure.gravatar.com\/avatar\/5c0fa4f0bce748d4964b7d68e4b0ee1d8e3120edba58a55893ced967bd2093b5?s=96&d=mm&r=g","contentUrl":"https:\/\/secure.gravatar.com\/avatar\/5c0fa4f0bce748d4964b7d68e4b0ee1d8e3120edba58a55893ced967bd2093b5?s=96&d=mm&r=g","caption":"Naj"},"url":"https:\/\/www.safinel.fr\/pt\/author\/naj\/"}]}},"_links":{"self":[{"href":"https:\/\/www.safinel.fr\/pt\/wp-json\/wp\/v2\/posts\/8191","targetHints":{"allow":["GET"]}}],"collection":[{"href":"https:\/\/www.safinel.fr\/pt\/wp-json\/wp\/v2\/posts"}],"about":[{"href":"https:\/\/www.safinel.fr\/pt\/wp-json\/wp\/v2\/types\/post"}],"author":[{"embeddable":true,"href":"https:\/\/www.safinel.fr\/pt\/wp-json\/wp\/v2\/users\/156"}],"replies":[{"embeddable":true,"href":"https:\/\/www.safinel.fr\/pt\/wp-json\/wp\/v2\/comments?post=8191"}],"version-history":[{"count":1,"href":"https:\/\/www.safinel.fr\/pt\/wp-json\/wp\/v2\/posts\/8191\/revisions"}],"predecessor-version":[{"id":8193,"href":"https:\/\/www.safinel.fr\/pt\/wp-json\/wp\/v2\/posts\/8191\/revisions\/8193"}],"wp:featuredmedia":[{"embeddable":true,"href":"https:\/\/www.safinel.fr\/pt\/wp-json\/wp\/v2\/media\/8192"}],"wp:attachment":[{"href":"https:\/\/www.safinel.fr\/pt\/wp-json\/wp\/v2\/media?parent=8191"}],"wp:term":[{"taxonomy":"category","embeddable":true,"href":"https:\/\/www.safinel.fr\/pt\/wp-json\/wp\/v2\/categories?post=8191"},{"taxonomy":"post_tag","embeddable":true,"href":"https:\/\/www.safinel.fr\/pt\/wp-json\/wp\/v2\/tags?post=8191"}],"curies":[{"name":"wp","href":"https:\/\/api.w.org\/{rel}","templated":true}]}}