{"id":8130,"date":"2023-08-28T13:38:41","date_gmt":"2023-08-28T13:38:41","guid":{"rendered":"https:\/\/www.safinel.fr\/?p=8130"},"modified":"2023-08-28T13:38:43","modified_gmt":"2023-08-28T13:38:43","slug":"melanina","status":"publish","type":"post","link":"https:\/\/www.safinel.fr\/pt\/melanina\/","title":{"rendered":"Os benef\u00edcios da melanina para a nossa pele"},"content":{"rendered":"<p>A melanina \u00e9 uma subst\u00e2ncia pigment\u00e1ria produzida por c\u00e9lulas especializadas chamadas melan\u00f3citos. Ela d\u00e1 cor \u00e0 nossa pele, cabelos e olhos. Mas sabia que a melanina tamb\u00e9m possui um grande n\u00famero de\u00a0<strong>benef\u00edcios para a nossa sa\u00fade?<\/strong>\u00a0Na ordem do dia, vamos descobrir as fun\u00e7\u00f5es essenciais da melanina e como ela protege a nossa pele contra os danos causados pelos <strong><a href=\"https:\/\/www.safinel.fr\/pt\/queimadura-solar-pele-negra\/\">raios ultravioleta do sol<\/a><\/strong>.<\/p>\n\n\n\n<h2 class=\"wp-block-heading\" id=\"h-la-m-lanine-un-bouclier-protecteur-naturel\"><strong>A melanina, um escudo protetor natural<\/strong><\/h2>\n\n\n\n<p>O nosso corpo est\u00e1 constantemente exposto aos raios ultravioleta (UV) emitidos pelo sol. Esses raios UV podem causar danos significativos \u00e0 nossa pele, como envelhecimento precoce, queimaduras, manchas pigmentares e at\u00e9 mesmo alguns tipos de cancro. A melanina desempenha um papel fundamental na prote\u00e7\u00e3o da nossa epiderme contra essas agress\u00f5es externas.<\/p>\n\n\n\n<h3 class=\"wp-block-heading\" id=\"h-un-filtre-solaire-naturel\"><strong>Um filtro solar natural<\/strong><\/h3>\n\n\n\n<p>Um dos principais benef\u00edcios da melanina reside na sua capacidade de absorver os raios UV e transform\u00e1-los em calor. Assim, ela previne os danos causados por esses raios no ADN das nossas c\u00e9lulas cut\u00e2neas. Em outras palavras, a melanina constitui um&nbsp;<strong>filtro solar natural<\/strong>&nbsp;que protege a nossa pele dos efeitos nocivos do sol.<\/p>\n\n\n\n<h3 class=\"wp-block-heading\" id=\"h-une-r-paration-active-des-dommages-cutan-s\"><strong>Repara\u00e7\u00e3o ativa dos danos cut\u00e2neos<\/strong><\/h3>\n\n\n\n<p>Al\u00e9m de filtrar os raios UV, a melanina tamb\u00e9m promove a repara\u00e7\u00e3o das c\u00e9lulas danificadas pelo sol. Na verdade, ela estimula a produ\u00e7\u00e3o de novas c\u00e9lulas cut\u00e2neas saud\u00e1veis e contribui assim para a renova\u00e7\u00e3o da nossa epiderme. Al\u00e9m disso, a melanina possui propriedades anti-inflamat\u00f3rias que ajudam a&nbsp;<strong>acalmar e cicatrizar a nossa pele<\/strong>&nbsp;ap\u00f3s uma exposi\u00e7\u00e3o prolongada \u00e0 radia\u00e7\u00e3o solar.<\/p>\n\n\n\n<h2 class=\"wp-block-heading\" id=\"h-les-diff-rents-types-de-m-lanine-et-leurs-r-les-sp-cifiques\"><strong>Os diferentes tipos de melanina e as suas fun\u00e7\u00f5es espec\u00edficas<\/strong><\/h2>\n\n\n\n<p>Existem tr\u00eas tipos principais de melanina: eumelanina, feomelanina e neuromelanina. Cada um desses pigmentos possui caracter\u00edsticas espec\u00edficas e desempenha um papel espec\u00edfico na prote\u00e7\u00e3o da nossa pele.<\/p>\n\n\n\n<ul class=\"wp-block-list\">\n<li><strong>A eumelanina, para uma prote\u00e7\u00e3o ideal contra os raios UV<\/strong><\/li>\n<\/ul>\n\n\n\n<p>A eumelanina \u00e9 a forma mais comum de melanina e \u00e9 respons\u00e1vel pela cor preta ou castanha da nossa pele, cabelo e olhos. Ela oferece uma excelente prote\u00e7\u00e3o contra os raios UV devido \u00e0 sua capacidade de absorver eficazmente essas radia\u00e7\u00f5es. Pessoas com uma concentra\u00e7\u00e3o elevada de eumelanina s\u00e3o, portanto, menos suscet\u00edveis a sofrer danos cut\u00e2neos relacionados com o sol.<\/p>\n\n\n\n<ul class=\"wp-block-list\">\n<li><strong>A feomelanina, para uma melhor defesa antioxidante<\/strong><\/li>\n<\/ul>\n\n\n\n<p>A feomelanina \u00e9 outro tipo de melanina, que d\u00e1 uma cor vermelha ou amarela \u00e0 nossa pele, cabelos e olhos. Ao contr\u00e1rio da eumelanina, ela n\u00e3o filtra os raios UV com a mesma efic\u00e1cia. No entanto, a feomelanina possui propriedades antioxidantes que permitem&nbsp;<strong>neutralizar os radicais livres<\/strong>&nbsp;produzidos pela radia\u00e7\u00e3o solar. Assim, tamb\u00e9m contribui para proteger a nossa pele dos danos causados pelo sol.<\/p>\n\n\n\n<ul class=\"wp-block-list\">\n<li><strong>A neuromelanina, para a prote\u00e7\u00e3o do sistema nervoso<\/strong><\/li>\n<\/ul>\n\n\n\n<p>Por fim, a neuromelanina \u00e9 uma forma de melanina presente principalmente no nosso c\u00e9rebro e sistema nervoso. Embora n\u00e3o tenha a\u00e7\u00e3o direta sobre a pele, a neuromelanina desempenha um papel crucial na prote\u00e7\u00e3o dos nossos neur\u00f3nios contra danos oxidativos e degenera\u00e7\u00e3o neuronal relacionada com a idade.<\/p>\n\n\n\n<h3 class=\"wp-block-heading\" id=\"h-comment-stimuler-la-production-naturelle-de-m-lanine\"><strong>Como estimular a produ\u00e7\u00e3o natural de melanina?<\/strong><\/h3>\n\n\n\n<p>Existem v\u00e1rias maneiras de estimular a produ\u00e7\u00e3o de melanina no nosso organismo, a fim de proteger melhor a nossa pele contra os raios UV. <\/p>\n\n\n\n<p><strong>Aqui est\u00e3o algumas dicas:<\/strong><\/p>\n\n\n\n<ul class=\"wp-block-list\">\n<li><strong>Adote uma alimenta\u00e7\u00e3o rica em antioxidantes:<\/strong>&nbsp;Consumir alimentos ricos em vitaminas A, C e E, bem como em cobre e sel\u00e9nio, pode ajudar a estimular a produ\u00e7\u00e3o de melanina e refor\u00e7ar a nossa defesa antioxidante.<\/li>\n\n\n\n<li><strong>Expor gradualmente a pele ao sol:<\/strong>&nbsp;uma exposi\u00e7\u00e3o moderada e progressiva ao sol permite estimular a produ\u00e7\u00e3o de melanina e obter um bronzeado protetor. No entanto, \u00e9 essencial proteger-se com um protetor solar adequado e evitar as horas de forte intensidade solar.<\/li>\n\n\n\n<li><strong>Utilizar produtos cosm\u00e9ticos enriquecidos com ativos precursores<\/strong>s<strong>\u00a0:<\/strong>\u00a0alguns produtos para a pele, tais como <strong><a href=\"https:\/\/www.safinel.fr\/pt\/creme-para-pele-negra\/\">cremes hidratantes ou autobronzeadores<\/a><\/strong>, cont\u00eam ingredientes que promovem a s\u00edntese natural de melanina.<\/li>\n<\/ul>\n\n\n\n<p>Em suma, a melanina \u00e9 uma subst\u00e2ncia valiosa para a sa\u00fade da nossa pele, pois protege-nos contra os danos causados pelos raios UV do sol. <\/p>\n\n\n\n<p>Ao adotar bons h\u00e1bitos e cuidar da nossa pele, podemos aproveitar ao m\u00e1ximo os benef\u00edcios oferecidos por esta mol\u00e9cula excepcional.<\/p>","protected":false},"excerpt":{"rendered":"<p>A melanina \u00e9 uma subst\u00e2ncia pigment\u00e1ria produzida por c\u00e9lulas especializadas chamadas melan\u00f3citos. Ela d\u00e1 cor \u00e0 nossa pele, cabelos e olhos. Mas sabia que a melanina tamb\u00e9m tem muitos benef\u00edcios para a nossa sa\u00fade? Hoje, vamos descobrir as fun\u00e7\u00f5es essenciais da melanina e como ela protege [\u2026]","protected":false},"author":156,"featured_media":8131,"comment_status":"closed","ping_status":"closed","sticky":false,"template":"","format":"standard","meta":{"footnotes":""},"categories":[1],"tags":[],"class_list":["post-8130","post","type-post","status-publish","format-standard","has-post-thumbnail","hentry","category-divers"],"yoast_head":"<!-- This site is optimized with the Yoast SEO plugin v26.6 - https:\/\/yoast.com\/wordpress\/plugins\/seo\/ -->\n<title>M\u00e9lanine | D\u00e9finition de ce terme et bienfaits \u00e0 conna\u00eetre<\/title>\n<meta name=\"description\" content=\"\u00c0 l&#039;ordre du jour, nous allons d\u00e9couvrir les r\u00f4les essentiels de la m\u00e9lanine et comment elle prot\u00e8ge notre peau.\" \/>\n<meta name=\"robots\" content=\"index, follow, max-snippet:-1, max-image-preview:large, max-video-preview:-1\" \/>\n<link rel=\"canonical\" href=\"https:\/\/www.safinel.fr\/pt\/melanina\/\" \/>\n<meta property=\"og:locale\" content=\"pt_PT\" \/>\n<meta property=\"og:type\" content=\"article\" \/>\n<meta property=\"og:title\" content=\"M\u00e9lanine | D\u00e9finition de ce terme et bienfaits \u00e0 conna\u00eetre\" \/>\n<meta property=\"og:description\" content=\"\u00c0 l&#039;ordre du jour, nous allons d\u00e9couvrir les r\u00f4les essentiels de la m\u00e9lanine et comment elle prot\u00e8ge notre peau.\" \/>\n<meta property=\"og:url\" content=\"https:\/\/www.safinel.fr\/pt\/melanina\/\" \/>\n<meta property=\"og:site_name\" content=\"Safinel\" \/>\n<meta property=\"article:published_time\" content=\"2023-08-28T13:38:41+00:00\" \/>\n<meta property=\"article:modified_time\" content=\"2023-08-28T13:38:43+00:00\" \/>\n<meta property=\"og:image\" content=\"https:\/\/www.safinel.fr\/wp-content\/uploads\/2023\/08\/les-bienfaits-de-la-melanine.jpg\" \/>\n\t<meta property=\"og:image:width\" content=\"1100\" \/>\n\t<meta property=\"og:image:height\" content=\"578\" \/>\n\t<meta property=\"og:image:type\" content=\"image\/jpeg\" \/>\n<meta name=\"author\" content=\"Naj\" \/>\n<meta name=\"twitter:card\" content=\"summary_large_image\" \/>\n<meta name=\"twitter:label1\" content=\"Escrito por\" \/>\n\t<meta name=\"twitter:data1\" content=\"Naj\" \/>\n\t<meta name=\"twitter:label2\" content=\"Tempo estimado de leitura\" \/>\n\t<meta name=\"twitter:data2\" content=\"4 minutos\" \/>\n<script type=\"application\/ld+json\" class=\"yoast-schema-graph\">{\"@context\":\"https:\/\/schema.org\",\"@graph\":[{\"@type\":\"Article\",\"@id\":\"https:\/\/www.safinel.fr\/melanine\/#article\",\"isPartOf\":{\"@id\":\"https:\/\/www.safinel.fr\/melanine\/\"},\"author\":{\"name\":\"Naj\",\"@id\":\"https:\/\/www.safinel.fr\/#\/schema\/person\/47f7357f8aa8a41a796811d3f8a3e055\"},\"headline\":\"Les bienfaits de la m\u00e9lanine pour notre peau\",\"datePublished\":\"2023-08-28T13:38:41+00:00\",\"dateModified\":\"2023-08-28T13:38:43+00:00\",\"mainEntityOfPage\":{\"@id\":\"https:\/\/www.safinel.fr\/melanine\/\"},\"wordCount\":829,\"publisher\":{\"@id\":\"https:\/\/www.safinel.fr\/#organization\"},\"image\":{\"@id\":\"https:\/\/www.safinel.fr\/melanine\/#primaryimage\"},\"thumbnailUrl\":\"https:\/\/www.safinel.fr\/wp-content\/uploads\/2023\/08\/les-bienfaits-de-la-melanine.jpg\",\"articleSection\":[\"Divers\"],\"inLanguage\":\"pt-PT\"},{\"@type\":\"WebPage\",\"@id\":\"https:\/\/www.safinel.fr\/melanine\/\",\"url\":\"https:\/\/www.safinel.fr\/melanine\/\",\"name\":\"M\u00e9lanine | D\u00e9finition de ce terme et bienfaits \u00e0 conna\u00eetre\",\"isPartOf\":{\"@id\":\"https:\/\/www.safinel.fr\/#website\"},\"primaryImageOfPage\":{\"@id\":\"https:\/\/www.safinel.fr\/melanine\/#primaryimage\"},\"image\":{\"@id\":\"https:\/\/www.safinel.fr\/melanine\/#primaryimage\"},\"thumbnailUrl\":\"https:\/\/www.safinel.fr\/wp-content\/uploads\/2023\/08\/les-bienfaits-de-la-melanine.jpg\",\"datePublished\":\"2023-08-28T13:38:41+00:00\",\"dateModified\":\"2023-08-28T13:38:43+00:00\",\"description\":\"\u00c0 l'ordre du jour, nous allons d\u00e9couvrir les r\u00f4les essentiels de la m\u00e9lanine et comment elle prot\u00e8ge notre peau.\",\"breadcrumb\":{\"@id\":\"https:\/\/www.safinel.fr\/melanine\/#breadcrumb\"},\"inLanguage\":\"pt-PT\",\"potentialAction\":[{\"@type\":\"ReadAction\",\"target\":[\"https:\/\/www.safinel.fr\/melanine\/\"]}]},{\"@type\":\"ImageObject\",\"inLanguage\":\"pt-PT\",\"@id\":\"https:\/\/www.safinel.fr\/melanine\/#primaryimage\",\"url\":\"https:\/\/www.safinel.fr\/wp-content\/uploads\/2023\/08\/les-bienfaits-de-la-melanine.jpg\",\"contentUrl\":\"https:\/\/www.safinel.fr\/wp-content\/uploads\/2023\/08\/les-bienfaits-de-la-melanine.jpg\",\"width\":1100,\"height\":578,\"caption\":\"Les bienfaits de la m\u00e9lanine pour notre peau\"},{\"@type\":\"BreadcrumbList\",\"@id\":\"https:\/\/www.safinel.fr\/melanine\/#breadcrumb\",\"itemListElement\":[{\"@type\":\"ListItem\",\"position\":1,\"name\":\"Accueil\",\"item\":\"https:\/\/www.safinel.fr\/\"},{\"@type\":\"ListItem\",\"position\":2,\"name\":\"Les bienfaits de la m\u00e9lanine pour notre peau\"}]},{\"@type\":\"WebSite\",\"@id\":\"https:\/\/www.safinel.fr\/#website\",\"url\":\"https:\/\/www.safinel.fr\/\",\"name\":\"Safinel\",\"description\":\"\",\"publisher\":{\"@id\":\"https:\/\/www.safinel.fr\/#organization\"},\"potentialAction\":[{\"@type\":\"SearchAction\",\"target\":{\"@type\":\"EntryPoint\",\"urlTemplate\":\"https:\/\/www.safinel.fr\/?s={search_term_string}\"},\"query-input\":{\"@type\":\"PropertyValueSpecification\",\"valueRequired\":true,\"valueName\":\"search_term_string\"}}],\"inLanguage\":\"pt-PT\"},{\"@type\":\"Organization\",\"@id\":\"https:\/\/www.safinel.fr\/#organization\",\"name\":\"Safinel\",\"url\":\"https:\/\/www.safinel.fr\/\",\"logo\":{\"@type\":\"ImageObject\",\"inLanguage\":\"pt-PT\",\"@id\":\"https:\/\/www.safinel.fr\/#\/schema\/logo\/image\/\",\"url\":\"https:\/\/www.safinel.fr\/wp-content\/uploads\/2021\/05\/boutique-cosmetique.png\",\"contentUrl\":\"https:\/\/www.safinel.fr\/wp-content\/uploads\/2021\/05\/boutique-cosmetique.png\",\"width\":800,\"height\":200,\"caption\":\"Safinel\"},\"image\":{\"@id\":\"https:\/\/www.safinel.fr\/#\/schema\/logo\/image\/\"}},{\"@type\":\"Person\",\"@id\":\"https:\/\/www.safinel.fr\/#\/schema\/person\/47f7357f8aa8a41a796811d3f8a3e055\",\"name\":\"Naj\",\"image\":{\"@type\":\"ImageObject\",\"inLanguage\":\"pt-PT\",\"@id\":\"https:\/\/www.safinel.fr\/#\/schema\/person\/image\/\",\"url\":\"https:\/\/secure.gravatar.com\/avatar\/5c0fa4f0bce748d4964b7d68e4b0ee1d8e3120edba58a55893ced967bd2093b5?s=96&d=mm&r=g\",\"contentUrl\":\"https:\/\/secure.gravatar.com\/avatar\/5c0fa4f0bce748d4964b7d68e4b0ee1d8e3120edba58a55893ced967bd2093b5?s=96&d=mm&r=g\",\"caption\":\"Naj\"},\"url\":\"https:\/\/www.safinel.fr\/pt\/author\/naj\/\"}]}<\/script>\n<!-- \/ Yoast SEO plugin. -->","yoast_head_json":{"title":"Melanina | Defini\u00e7\u00e3o deste termo e benef\u00edcios a conhecer","description":"Na ordem do dia, vamos descobrir as fun\u00e7\u00f5es essenciais da melanina e como ela protege a nossa pele.","robots":{"index":"index","follow":"follow","max-snippet":"max-snippet:-1","max-image-preview":"max-image-preview:large","max-video-preview":"max-video-preview:-1"},"canonical":"https:\/\/www.safinel.fr\/pt\/melanina\/","og_locale":"pt_PT","og_type":"article","og_title":"M\u00e9lanine | D\u00e9finition de ce terme et bienfaits \u00e0 conna\u00eetre","og_description":"\u00c0 l'ordre du jour, nous allons d\u00e9couvrir les r\u00f4les essentiels de la m\u00e9lanine et comment elle prot\u00e8ge notre peau.","og_url":"https:\/\/www.safinel.fr\/pt\/melanina\/","og_site_name":"Safinel","article_published_time":"2023-08-28T13:38:41+00:00","article_modified_time":"2023-08-28T13:38:43+00:00","og_image":[{"width":1100,"height":578,"url":"https:\/\/www.safinel.fr\/wp-content\/uploads\/2023\/08\/les-bienfaits-de-la-melanine.jpg","type":"image\/jpeg"}],"author":"Naj","twitter_card":"summary_large_image","twitter_misc":{"Escrito por":"Naj","Tempo estimado de leitura":"4 minutos"},"schema":{"@context":"https:\/\/schema.org","@graph":[{"@type":"Article","@id":"https:\/\/www.safinel.fr\/melanine\/#article","isPartOf":{"@id":"https:\/\/www.safinel.fr\/melanine\/"},"author":{"name":"Naj","@id":"https:\/\/www.safinel.fr\/#\/schema\/person\/47f7357f8aa8a41a796811d3f8a3e055"},"headline":"Les bienfaits de la m\u00e9lanine pour notre peau","datePublished":"2023-08-28T13:38:41+00:00","dateModified":"2023-08-28T13:38:43+00:00","mainEntityOfPage":{"@id":"https:\/\/www.safinel.fr\/melanine\/"},"wordCount":829,"publisher":{"@id":"https:\/\/www.safinel.fr\/#organization"},"image":{"@id":"https:\/\/www.safinel.fr\/melanine\/#primaryimage"},"thumbnailUrl":"https:\/\/www.safinel.fr\/wp-content\/uploads\/2023\/08\/les-bienfaits-de-la-melanine.jpg","articleSection":["Divers"],"inLanguage":"pt-PT"},{"@type":"WebPage","@id":"https:\/\/www.safinel.fr\/melanine\/","url":"https:\/\/www.safinel.fr\/melanine\/","name":"Melanina | Defini\u00e7\u00e3o deste termo e benef\u00edcios a conhecer","isPartOf":{"@id":"https:\/\/www.safinel.fr\/#website"},"primaryImageOfPage":{"@id":"https:\/\/www.safinel.fr\/melanine\/#primaryimage"},"image":{"@id":"https:\/\/www.safinel.fr\/melanine\/#primaryimage"},"thumbnailUrl":"https:\/\/www.safinel.fr\/wp-content\/uploads\/2023\/08\/les-bienfaits-de-la-melanine.jpg","datePublished":"2023-08-28T13:38:41+00:00","dateModified":"2023-08-28T13:38:43+00:00","description":"Na ordem do dia, vamos descobrir as fun\u00e7\u00f5es essenciais da melanina e como ela protege a nossa pele.","breadcrumb":{"@id":"https:\/\/www.safinel.fr\/melanine\/#breadcrumb"},"inLanguage":"pt-PT","potentialAction":[{"@type":"ReadAction","target":["https:\/\/www.safinel.fr\/melanine\/"]}]},{"@type":"ImageObject","inLanguage":"pt-PT","@id":"https:\/\/www.safinel.fr\/melanine\/#primaryimage","url":"https:\/\/www.safinel.fr\/wp-content\/uploads\/2023\/08\/les-bienfaits-de-la-melanine.jpg","contentUrl":"https:\/\/www.safinel.fr\/wp-content\/uploads\/2023\/08\/les-bienfaits-de-la-melanine.jpg","width":1100,"height":578,"caption":"Les bienfaits de la m\u00e9lanine pour notre peau"},{"@type":"BreadcrumbList","@id":"https:\/\/www.safinel.fr\/melanine\/#breadcrumb","itemListElement":[{"@type":"ListItem","position":1,"name":"Accueil","item":"https:\/\/www.safinel.fr\/"},{"@type":"ListItem","position":2,"name":"Les bienfaits de la m\u00e9lanine pour notre peau"}]},{"@type":"WebSite","@id":"https:\/\/www.safinel.fr\/#website","url":"https:\/\/www.safinel.fr\/","name":"Safinel","description":"","publisher":{"@id":"https:\/\/www.safinel.fr\/#organization"},"potentialAction":[{"@type":"SearchAction","target":{"@type":"EntryPoint","urlTemplate":"https:\/\/www.safinel.fr\/?s={search_term_string}"},"query-input":{"@type":"PropertyValueSpecification","valueRequired":true,"valueName":"search_term_string"}}],"inLanguage":"pt-PT"},{"@type":"Organization","@id":"https:\/\/www.safinel.fr\/#organization","name":"Safinel","url":"https:\/\/www.safinel.fr\/","logo":{"@type":"ImageObject","inLanguage":"pt-PT","@id":"https:\/\/www.safinel.fr\/#\/schema\/logo\/image\/","url":"https:\/\/www.safinel.fr\/wp-content\/uploads\/2021\/05\/boutique-cosmetique.png","contentUrl":"https:\/\/www.safinel.fr\/wp-content\/uploads\/2021\/05\/boutique-cosmetique.png","width":800,"height":200,"caption":"Safinel"},"image":{"@id":"https:\/\/www.safinel.fr\/#\/schema\/logo\/image\/"}},{"@type":"Person","@id":"https:\/\/www.safinel.fr\/#\/schema\/person\/47f7357f8aa8a41a796811d3f8a3e055","name":"Naj","image":{"@type":"ImageObject","inLanguage":"pt-PT","@id":"https:\/\/www.safinel.fr\/#\/schema\/person\/image\/","url":"https:\/\/secure.gravatar.com\/avatar\/5c0fa4f0bce748d4964b7d68e4b0ee1d8e3120edba58a55893ced967bd2093b5?s=96&d=mm&r=g","contentUrl":"https:\/\/secure.gravatar.com\/avatar\/5c0fa4f0bce748d4964b7d68e4b0ee1d8e3120edba58a55893ced967bd2093b5?s=96&d=mm&r=g","caption":"Naj"},"url":"https:\/\/www.safinel.fr\/pt\/author\/naj\/"}]}},"_links":{"self":[{"href":"https:\/\/www.safinel.fr\/pt\/wp-json\/wp\/v2\/posts\/8130","targetHints":{"allow":["GET"]}}],"collection":[{"href":"https:\/\/www.safinel.fr\/pt\/wp-json\/wp\/v2\/posts"}],"about":[{"href":"https:\/\/www.safinel.fr\/pt\/wp-json\/wp\/v2\/types\/post"}],"author":[{"embeddable":true,"href":"https:\/\/www.safinel.fr\/pt\/wp-json\/wp\/v2\/users\/156"}],"replies":[{"embeddable":true,"href":"https:\/\/www.safinel.fr\/pt\/wp-json\/wp\/v2\/comments?post=8130"}],"version-history":[{"count":1,"href":"https:\/\/www.safinel.fr\/pt\/wp-json\/wp\/v2\/posts\/8130\/revisions"}],"predecessor-version":[{"id":8132,"href":"https:\/\/www.safinel.fr\/pt\/wp-json\/wp\/v2\/posts\/8130\/revisions\/8132"}],"wp:featuredmedia":[{"embeddable":true,"href":"https:\/\/www.safinel.fr\/pt\/wp-json\/wp\/v2\/media\/8131"}],"wp:attachment":[{"href":"https:\/\/www.safinel.fr\/pt\/wp-json\/wp\/v2\/media?parent=8130"}],"wp:term":[{"taxonomy":"category","embeddable":true,"href":"https:\/\/www.safinel.fr\/pt\/wp-json\/wp\/v2\/categories?post=8130"},{"taxonomy":"post_tag","embeddable":true,"href":"https:\/\/www.safinel.fr\/pt\/wp-json\/wp\/v2\/tags?post=8130"}],"curies":[{"name":"wp","href":"https:\/\/api.w.org\/{rel}","templated":true}]}}