{"id":8090,"date":"2023-08-26T18:42:17","date_gmt":"2023-08-26T18:42:17","guid":{"rendered":"https:\/\/www.safinel.fr\/?p=8090"},"modified":"2023-08-28T13:39:46","modified_gmt":"2023-08-28T13:39:46","slug":"queimadura-solar-pele-negra","status":"publish","type":"post","link":"https:\/\/www.safinel.fr\/pt\/queimadura-solar-pele-negra\/","title":{"rendered":"Como proteger a pele negra contra queimaduras solares"},"content":{"rendered":"<p>Ao contr\u00e1rio do que muitos pensam, as pessoas de pele negra n\u00e3o est\u00e3o imunes a&nbsp;<strong>queimadura solar pele negra<\/strong>. Apesar de possu\u00edrem uma maior quantidade de melanina, pigmento respons\u00e1vel pela cor da pele e que oferece prote\u00e7\u00e3o natural contra os efeitos nocivos do sol, as peles negras continuam vulner\u00e1veis \u00e0s queimaduras solares. Neste artigo, descubra como evitar queimaduras solares na pele negra e cuidar da sua pele quando exposta ao sol.<\/p>\n\n\n\n<h2 class=\"wp-block-heading\" id=\"h-comprendre-le-fonctionnement-de-la-m-lanine-pour-pr-venir-les-br-lures-solaires-sur-les-peaux-noires\"><strong>Compreender o funcionamento da melanina para prevenir queimaduras solares na pele negra<\/strong><\/h2>\n\n\n\n<p><strong><a href=\"https:\/\/www.safinel.fr\/pt\/melanina\/\">A melanina<\/a><\/strong> \u00e9 um pigmento presente na pele que determina a sua cor e desempenha um papel essencial na prote\u00e7\u00e3o contra os raios UV do sol. As peles negras t\u00eam uma concentra\u00e7\u00e3o mais elevada de melanina do que as peles claras, o que lhes confere uma maior resist\u00eancia aos efeitos nocivos do sol. No entanto, isso n\u00e3o significa que sejam totalmente imunes a queimaduras solares ou ao\u00a0<strong>queimadura na pele negra<\/strong>.<\/p>\n\n\n\n<p>De facto, mesmo que a melanina absorva parte dos raios UV e limite assim os danos causados ao ADN das c\u00e9lulas da pele, ela n\u00e3o pode fornecer prote\u00e7\u00e3o total. <\/p>\n\n\n\n<p>Portanto, \u00e9 importante proteger-se contra queimaduras solares na pele negra. A exposi\u00e7\u00e3o excessiva ao sol pode causar les\u00f5es cut\u00e2neas e aumentar o risco de cancro de pele.<\/p>\n\n\n\n<h3 class=\"wp-block-heading\" id=\"h-les-cons-quences-d-une-exposition-prolong-e-au-soleil-sur-les-peaux-noires\"><strong>As consequ\u00eancias da exposi\u00e7\u00e3o prolongada ao sol na pele negra<\/strong><\/h3>\n\n\n\n<p>Embora a pele negra seja menos suscet\u00edvel a queimaduras solares do que a pele clara, ela ainda apresenta uma s\u00e9rie de riscos relacionados \u00e0 exposi\u00e7\u00e3o prolongada ao sol:<\/p>\n\n\n\n<ul class=\"wp-block-list\">\n<li><strong>Envelhecimento precoce da pele<\/strong>&nbsp;: a exposi\u00e7\u00e3o ao sol acelera o processo de envelhecimento da pele. Provoca flacidez, perda de elasticidade e o aparecimento de rugas e linhas finas.<\/li>\n\n\n\n<li><strong>Manchas pigmentares<\/strong>&nbsp;: os raios UV podem estimular a produ\u00e7\u00e3o de melanina. Provocar o aparecimento de manchas pigmentares, como sardas ou manchas castanhas.<\/li>\n\n\n\n<li><strong>Cancro da pele<\/strong>&nbsp;: embora seja mais raro em pessoas com pele negra. A exposi\u00e7\u00e3o excessiva ao sol aumenta o risco de desenvolver um melanoma maligno. Uma forma agressiva de cancro da pele.<\/li>\n<\/ul>\n\n\n\n<h2 class=\"wp-block-heading\" id=\"h-comment-viter-les-coups-de-soleil-peau-noire-lors-d-une-exposition-au-soleil\"><strong>Como evitar queimaduras solares na pele negra durante a exposi\u00e7\u00e3o ao sol<\/strong><\/h2>\n\n\n\n<p>Para proteger a sua pele contra os efeitos nocivos do sol e prevenir queimaduras solares na pele negra. <\/p>\n\n\n\n<h3 class=\"wp-block-heading\"><strong>Aqui est\u00e3o algumas dicas a seguir:<\/strong><\/h3>\n\n\n\n<ul class=\"wp-block-list\">\n<li><strong>Escolher uma prote\u00e7\u00e3o solar adequada<\/strong><\/li>\n<\/ul>\n\n\n\n<p>\u00c9 essencial usar um protetor solar com um fator de prote\u00e7\u00e3o (FPS) adequado ao seu tipo de pele. Pessoas com pele negra devem optar por um protetor solar com FPS 30, no m\u00ednimo. N\u00e3o se esque\u00e7a de verificar se o produto oferece prote\u00e7\u00e3o de amplo espectro, cobrindo tanto os raios UVA quanto os UVB.<\/p>\n\n\n\n<ul class=\"wp-block-list\">\n<li><strong>Renove regularmente a aplica\u00e7\u00e3o do protetor solar<\/strong><\/li>\n<\/ul>\n\n\n\n<p>Para garantir uma prote\u00e7\u00e3o ideal, \u00e9 importante aplicar generosamente o protetor solar em todas as \u00e1reas expostas da pele e renovar a aplica\u00e7\u00e3o a cada duas horas, especialmente ap\u00f3s nadar ou transpirar.<\/p>\n\n\n\n<ul class=\"wp-block-list\">\n<li><strong>Vestir roupas de prote\u00e7\u00e3o<\/strong><\/li>\n<\/ul>\n\n\n\n<p>\u00c9 igualmente fundamental <strong><a href=\"https:\/\/www.safinel.fr\/pt\/boubou-africano-masculino\/\">vestir-se adequadamente <\/a><\/strong>durante a exposi\u00e7\u00e3o ao sol. D\u00ea prefer\u00eancia a roupas feitas de fibras naturais, como algod\u00e3o ou linho, que oferecem melhor prote\u00e7\u00e3o contra os raios UV. N\u00e3o hesite em usar um chap\u00e9u de abas largas para proteger o rosto e os olhos dos raios solares.<\/p>\n\n\n\n<h2 class=\"wp-block-heading\" id=\"h-prendre-soin-de-sa-peau-apr-s-une-exposition-au-soleil\"><strong>Cuidar da pele ap\u00f3s a exposi\u00e7\u00e3o ao sol<\/strong><\/h2>\n\n\n\n<p>Depois de um dia ao sol, \u00e9 importante cuidar da pele para reparar os danos causados pelos raios UV e prevenir o envelhecimento cut\u00e2neo. <\/p>\n\n\n\n<h3 class=\"wp-block-heading\"><strong>Aqui est\u00e3o algumas medidas simples a adotar:<\/strong><\/h3>\n\n\n\n<ul class=\"wp-block-list\">\n<li><strong>Hidratar a pele<\/strong><\/li>\n<\/ul>\n\n\n\n<p>A exposi\u00e7\u00e3o ao sol pode ressecar a pele e alterar a barreira cut\u00e2nea. Por isso, \u00e9 fundamental hidratar bem a pele ap\u00f3s um dia ao sol, aplicando um hidratante adequado em todo o corpo e rosto.<\/p>\n\n\n\n<ul class=\"wp-block-list\">\n<li><strong>Acalmar eventuais vermelhid\u00f5es e irrita\u00e7\u00f5es<\/strong><\/li>\n<\/ul>\n\n\n\n<p>Se tiver sofrido uma queimadura solar na pele negra ou se a sua pele apresentar vermelhid\u00e3o ou sensa\u00e7\u00e3o de desconforto ap\u00f3s a exposi\u00e7\u00e3o ao sol, aplique um produto calmante, como uma lo\u00e7\u00e3o \u00e0 base de alo\u00e9 vera, para aliviar a irrita\u00e7\u00e3o e promover a cicatriza\u00e7\u00e3o da pele.<\/p>\n\n\n\n<ul class=\"wp-block-list\">\n<li><strong>Reparar os danos causados pelos raios UV<\/strong><\/li>\n<\/ul>\n\n\n\n<p>Por fim, \u00e9 importante cuidar da pele usando produtos reparadores especificamente concebidos para combater os efeitos nocivos dos raios UV, tais como s\u00e9runs antioxidantes ou <strong><a href=\"https:\/\/www.safinel.fr\/pt\/product-2\/creme-de-nila\/\">cremes reparadores noturnos<\/a><\/strong>.<\/p>\n\n\n\n<p>Seguindo estas dicas, poder\u00e1 aproveitar ao m\u00e1ximo os benef\u00edcios do sol, protegendo eficazmente a sua pele contra queimaduras solares e os efeitos nocivos dos raios UV.<\/p>","protected":false},"excerpt":{"rendered":"<p>Ao contr\u00e1rio do que muitos pensam, as pessoas com pele negra n\u00e3o est\u00e3o imunes a queimaduras solares. Embora possuam uma maior quantidade de melanina, pigmento respons\u00e1vel pela cor da pele e que oferece prote\u00e7\u00e3o natural contra os efeitos nocivos do sol, as peles negras continuam vulner\u00e1veis [...]","protected":false},"author":156,"featured_media":8091,"comment_status":"closed","ping_status":"closed","sticky":false,"template":"","format":"standard","meta":{"footnotes":""},"categories":[1],"tags":[],"class_list":["post-8090","post","type-post","status-publish","format-standard","has-post-thumbnail","hentry","category-divers"],"yoast_head":"<!-- This site is optimized with the Yoast SEO plugin v26.6 - https:\/\/yoast.com\/wordpress\/plugins\/seo\/ -->\n<title>Coup de soleil peau noire | Br\u00fblure peau noire | Le guide pratique<\/title>\n<meta name=\"description\" content=\"Contrairement \u00e0 ce que beaucoup pensent, les personnes \u00e0 la peau noire ne sont pas \u00e0 l&#039;abri des coup de soleil peau noire.\" \/>\n<meta name=\"robots\" content=\"index, follow, max-snippet:-1, max-image-preview:large, max-video-preview:-1\" \/>\n<link rel=\"canonical\" href=\"https:\/\/www.safinel.fr\/pt\/queimadura-solar-pele-negra\/\" \/>\n<meta property=\"og:locale\" content=\"pt_PT\" \/>\n<meta property=\"og:type\" content=\"article\" \/>\n<meta property=\"og:title\" content=\"Coup de soleil peau noire | Br\u00fblure peau noire | Le guide pratique\" \/>\n<meta property=\"og:description\" content=\"Contrairement \u00e0 ce que beaucoup pensent, les personnes \u00e0 la peau noire ne sont pas \u00e0 l&#039;abri des coup de soleil peau noire.\" \/>\n<meta property=\"og:url\" content=\"https:\/\/www.safinel.fr\/pt\/queimadura-solar-pele-negra\/\" \/>\n<meta property=\"og:site_name\" content=\"Safinel\" \/>\n<meta property=\"article:published_time\" content=\"2023-08-26T18:42:17+00:00\" \/>\n<meta property=\"article:modified_time\" content=\"2023-08-28T13:39:46+00:00\" \/>\n<meta property=\"og:image\" content=\"https:\/\/www.safinel.fr\/wp-content\/uploads\/2023\/08\/Coup-de-soleil-peau-noire.jpg\" \/>\n\t<meta property=\"og:image:width\" content=\"1100\" \/>\n\t<meta property=\"og:image:height\" content=\"578\" \/>\n\t<meta property=\"og:image:type\" content=\"image\/jpeg\" \/>\n<meta name=\"author\" content=\"Naj\" \/>\n<meta name=\"twitter:card\" content=\"summary_large_image\" \/>\n<meta name=\"twitter:label1\" content=\"Escrito por\" \/>\n\t<meta name=\"twitter:data1\" content=\"Naj\" \/>\n\t<meta name=\"twitter:label2\" content=\"Tempo estimado de leitura\" \/>\n\t<meta name=\"twitter:data2\" content=\"4 minutos\" \/>\n<script type=\"application\/ld+json\" class=\"yoast-schema-graph\">{\"@context\":\"https:\/\/schema.org\",\"@graph\":[{\"@type\":\"Article\",\"@id\":\"https:\/\/www.safinel.fr\/coup-de-soleil-peau-noire\/#article\",\"isPartOf\":{\"@id\":\"https:\/\/www.safinel.fr\/coup-de-soleil-peau-noire\/\"},\"author\":{\"name\":\"Naj\",\"@id\":\"https:\/\/www.safinel.fr\/#\/schema\/person\/47f7357f8aa8a41a796811d3f8a3e055\"},\"headline\":\"Comment prot\u00e9ger la peau noire contre les coups de soleil\",\"datePublished\":\"2023-08-26T18:42:17+00:00\",\"dateModified\":\"2023-08-28T13:39:46+00:00\",\"mainEntityOfPage\":{\"@id\":\"https:\/\/www.safinel.fr\/coup-de-soleil-peau-noire\/\"},\"wordCount\":891,\"publisher\":{\"@id\":\"https:\/\/www.safinel.fr\/#organization\"},\"image\":{\"@id\":\"https:\/\/www.safinel.fr\/coup-de-soleil-peau-noire\/#primaryimage\"},\"thumbnailUrl\":\"https:\/\/www.safinel.fr\/wp-content\/uploads\/2023\/08\/Coup-de-soleil-peau-noire.jpg\",\"articleSection\":[\"Divers\"],\"inLanguage\":\"pt-PT\"},{\"@type\":\"WebPage\",\"@id\":\"https:\/\/www.safinel.fr\/coup-de-soleil-peau-noire\/\",\"url\":\"https:\/\/www.safinel.fr\/coup-de-soleil-peau-noire\/\",\"name\":\"Coup de soleil peau noire | Br\u00fblure peau noire | Le guide pratique\",\"isPartOf\":{\"@id\":\"https:\/\/www.safinel.fr\/#website\"},\"primaryImageOfPage\":{\"@id\":\"https:\/\/www.safinel.fr\/coup-de-soleil-peau-noire\/#primaryimage\"},\"image\":{\"@id\":\"https:\/\/www.safinel.fr\/coup-de-soleil-peau-noire\/#primaryimage\"},\"thumbnailUrl\":\"https:\/\/www.safinel.fr\/wp-content\/uploads\/2023\/08\/Coup-de-soleil-peau-noire.jpg\",\"datePublished\":\"2023-08-26T18:42:17+00:00\",\"dateModified\":\"2023-08-28T13:39:46+00:00\",\"description\":\"Contrairement \u00e0 ce que beaucoup pensent, les personnes \u00e0 la peau noire ne sont pas \u00e0 l'abri des coup de soleil peau noire.\",\"breadcrumb\":{\"@id\":\"https:\/\/www.safinel.fr\/coup-de-soleil-peau-noire\/#breadcrumb\"},\"inLanguage\":\"pt-PT\",\"potentialAction\":[{\"@type\":\"ReadAction\",\"target\":[\"https:\/\/www.safinel.fr\/coup-de-soleil-peau-noire\/\"]}]},{\"@type\":\"ImageObject\",\"inLanguage\":\"pt-PT\",\"@id\":\"https:\/\/www.safinel.fr\/coup-de-soleil-peau-noire\/#primaryimage\",\"url\":\"https:\/\/www.safinel.fr\/wp-content\/uploads\/2023\/08\/Coup-de-soleil-peau-noire.jpg\",\"contentUrl\":\"https:\/\/www.safinel.fr\/wp-content\/uploads\/2023\/08\/Coup-de-soleil-peau-noire.jpg\",\"width\":1100,\"height\":578,\"caption\":\"Coup de soleil peau noire\"},{\"@type\":\"BreadcrumbList\",\"@id\":\"https:\/\/www.safinel.fr\/coup-de-soleil-peau-noire\/#breadcrumb\",\"itemListElement\":[{\"@type\":\"ListItem\",\"position\":1,\"name\":\"Accueil\",\"item\":\"https:\/\/www.safinel.fr\/\"},{\"@type\":\"ListItem\",\"position\":2,\"name\":\"Comment prot\u00e9ger la peau noire contre les coups de soleil\"}]},{\"@type\":\"WebSite\",\"@id\":\"https:\/\/www.safinel.fr\/#website\",\"url\":\"https:\/\/www.safinel.fr\/\",\"name\":\"Safinel\",\"description\":\"\",\"publisher\":{\"@id\":\"https:\/\/www.safinel.fr\/#organization\"},\"potentialAction\":[{\"@type\":\"SearchAction\",\"target\":{\"@type\":\"EntryPoint\",\"urlTemplate\":\"https:\/\/www.safinel.fr\/?s={search_term_string}\"},\"query-input\":{\"@type\":\"PropertyValueSpecification\",\"valueRequired\":true,\"valueName\":\"search_term_string\"}}],\"inLanguage\":\"pt-PT\"},{\"@type\":\"Organization\",\"@id\":\"https:\/\/www.safinel.fr\/#organization\",\"name\":\"Safinel\",\"url\":\"https:\/\/www.safinel.fr\/\",\"logo\":{\"@type\":\"ImageObject\",\"inLanguage\":\"pt-PT\",\"@id\":\"https:\/\/www.safinel.fr\/#\/schema\/logo\/image\/\",\"url\":\"https:\/\/www.safinel.fr\/wp-content\/uploads\/2021\/05\/boutique-cosmetique.png\",\"contentUrl\":\"https:\/\/www.safinel.fr\/wp-content\/uploads\/2021\/05\/boutique-cosmetique.png\",\"width\":800,\"height\":200,\"caption\":\"Safinel\"},\"image\":{\"@id\":\"https:\/\/www.safinel.fr\/#\/schema\/logo\/image\/\"}},{\"@type\":\"Person\",\"@id\":\"https:\/\/www.safinel.fr\/#\/schema\/person\/47f7357f8aa8a41a796811d3f8a3e055\",\"name\":\"Naj\",\"image\":{\"@type\":\"ImageObject\",\"inLanguage\":\"pt-PT\",\"@id\":\"https:\/\/www.safinel.fr\/#\/schema\/person\/image\/\",\"url\":\"https:\/\/secure.gravatar.com\/avatar\/5c0fa4f0bce748d4964b7d68e4b0ee1d8e3120edba58a55893ced967bd2093b5?s=96&d=mm&r=g\",\"contentUrl\":\"https:\/\/secure.gravatar.com\/avatar\/5c0fa4f0bce748d4964b7d68e4b0ee1d8e3120edba58a55893ced967bd2093b5?s=96&d=mm&r=g\",\"caption\":\"Naj\"},\"url\":\"https:\/\/www.safinel.fr\/pt\/author\/naj\/\"}]}<\/script>\n<!-- \/ Yoast SEO plugin. -->","yoast_head_json":{"title":"Queimadura solar em pele negra | Queimadura em pele negra | O guia pr\u00e1tico","description":"Ao contr\u00e1rio do que muitos pensam, as pessoas de pele negra n\u00e3o est\u00e3o imunes a queimaduras solares.","robots":{"index":"index","follow":"follow","max-snippet":"max-snippet:-1","max-image-preview":"max-image-preview:large","max-video-preview":"max-video-preview:-1"},"canonical":"https:\/\/www.safinel.fr\/pt\/queimadura-solar-pele-negra\/","og_locale":"pt_PT","og_type":"article","og_title":"Coup de soleil peau noire | Br\u00fblure peau noire | Le guide pratique","og_description":"Contrairement \u00e0 ce que beaucoup pensent, les personnes \u00e0 la peau noire ne sont pas \u00e0 l'abri des coup de soleil peau noire.","og_url":"https:\/\/www.safinel.fr\/pt\/queimadura-solar-pele-negra\/","og_site_name":"Safinel","article_published_time":"2023-08-26T18:42:17+00:00","article_modified_time":"2023-08-28T13:39:46+00:00","og_image":[{"width":1100,"height":578,"url":"https:\/\/www.safinel.fr\/wp-content\/uploads\/2023\/08\/Coup-de-soleil-peau-noire.jpg","type":"image\/jpeg"}],"author":"Naj","twitter_card":"summary_large_image","twitter_misc":{"Escrito por":"Naj","Tempo estimado de leitura":"4 minutos"},"schema":{"@context":"https:\/\/schema.org","@graph":[{"@type":"Article","@id":"https:\/\/www.safinel.fr\/coup-de-soleil-peau-noire\/#article","isPartOf":{"@id":"https:\/\/www.safinel.fr\/coup-de-soleil-peau-noire\/"},"author":{"name":"Naj","@id":"https:\/\/www.safinel.fr\/#\/schema\/person\/47f7357f8aa8a41a796811d3f8a3e055"},"headline":"Comment prot\u00e9ger la peau noire contre les coups de soleil","datePublished":"2023-08-26T18:42:17+00:00","dateModified":"2023-08-28T13:39:46+00:00","mainEntityOfPage":{"@id":"https:\/\/www.safinel.fr\/coup-de-soleil-peau-noire\/"},"wordCount":891,"publisher":{"@id":"https:\/\/www.safinel.fr\/#organization"},"image":{"@id":"https:\/\/www.safinel.fr\/coup-de-soleil-peau-noire\/#primaryimage"},"thumbnailUrl":"https:\/\/www.safinel.fr\/wp-content\/uploads\/2023\/08\/Coup-de-soleil-peau-noire.jpg","articleSection":["Divers"],"inLanguage":"pt-PT"},{"@type":"WebPage","@id":"https:\/\/www.safinel.fr\/coup-de-soleil-peau-noire\/","url":"https:\/\/www.safinel.fr\/coup-de-soleil-peau-noire\/","name":"Queimadura solar em pele negra | Queimadura em pele negra | O guia pr\u00e1tico","isPartOf":{"@id":"https:\/\/www.safinel.fr\/#website"},"primaryImageOfPage":{"@id":"https:\/\/www.safinel.fr\/coup-de-soleil-peau-noire\/#primaryimage"},"image":{"@id":"https:\/\/www.safinel.fr\/coup-de-soleil-peau-noire\/#primaryimage"},"thumbnailUrl":"https:\/\/www.safinel.fr\/wp-content\/uploads\/2023\/08\/Coup-de-soleil-peau-noire.jpg","datePublished":"2023-08-26T18:42:17+00:00","dateModified":"2023-08-28T13:39:46+00:00","description":"Ao contr\u00e1rio do que muitos pensam, as pessoas de pele negra n\u00e3o est\u00e3o imunes a queimaduras solares.","breadcrumb":{"@id":"https:\/\/www.safinel.fr\/coup-de-soleil-peau-noire\/#breadcrumb"},"inLanguage":"pt-PT","potentialAction":[{"@type":"ReadAction","target":["https:\/\/www.safinel.fr\/coup-de-soleil-peau-noire\/"]}]},{"@type":"ImageObject","inLanguage":"pt-PT","@id":"https:\/\/www.safinel.fr\/coup-de-soleil-peau-noire\/#primaryimage","url":"https:\/\/www.safinel.fr\/wp-content\/uploads\/2023\/08\/Coup-de-soleil-peau-noire.jpg","contentUrl":"https:\/\/www.safinel.fr\/wp-content\/uploads\/2023\/08\/Coup-de-soleil-peau-noire.jpg","width":1100,"height":578,"caption":"Coup de soleil peau noire"},{"@type":"BreadcrumbList","@id":"https:\/\/www.safinel.fr\/coup-de-soleil-peau-noire\/#breadcrumb","itemListElement":[{"@type":"ListItem","position":1,"name":"Accueil","item":"https:\/\/www.safinel.fr\/"},{"@type":"ListItem","position":2,"name":"Comment prot\u00e9ger la peau noire contre les coups de soleil"}]},{"@type":"WebSite","@id":"https:\/\/www.safinel.fr\/#website","url":"https:\/\/www.safinel.fr\/","name":"Safinel","description":"","publisher":{"@id":"https:\/\/www.safinel.fr\/#organization"},"potentialAction":[{"@type":"SearchAction","target":{"@type":"EntryPoint","urlTemplate":"https:\/\/www.safinel.fr\/?s={search_term_string}"},"query-input":{"@type":"PropertyValueSpecification","valueRequired":true,"valueName":"search_term_string"}}],"inLanguage":"pt-PT"},{"@type":"Organization","@id":"https:\/\/www.safinel.fr\/#organization","name":"Safinel","url":"https:\/\/www.safinel.fr\/","logo":{"@type":"ImageObject","inLanguage":"pt-PT","@id":"https:\/\/www.safinel.fr\/#\/schema\/logo\/image\/","url":"https:\/\/www.safinel.fr\/wp-content\/uploads\/2021\/05\/boutique-cosmetique.png","contentUrl":"https:\/\/www.safinel.fr\/wp-content\/uploads\/2021\/05\/boutique-cosmetique.png","width":800,"height":200,"caption":"Safinel"},"image":{"@id":"https:\/\/www.safinel.fr\/#\/schema\/logo\/image\/"}},{"@type":"Person","@id":"https:\/\/www.safinel.fr\/#\/schema\/person\/47f7357f8aa8a41a796811d3f8a3e055","name":"Naj","image":{"@type":"ImageObject","inLanguage":"pt-PT","@id":"https:\/\/www.safinel.fr\/#\/schema\/person\/image\/","url":"https:\/\/secure.gravatar.com\/avatar\/5c0fa4f0bce748d4964b7d68e4b0ee1d8e3120edba58a55893ced967bd2093b5?s=96&d=mm&r=g","contentUrl":"https:\/\/secure.gravatar.com\/avatar\/5c0fa4f0bce748d4964b7d68e4b0ee1d8e3120edba58a55893ced967bd2093b5?s=96&d=mm&r=g","caption":"Naj"},"url":"https:\/\/www.safinel.fr\/pt\/author\/naj\/"}]}},"_links":{"self":[{"href":"https:\/\/www.safinel.fr\/pt\/wp-json\/wp\/v2\/posts\/8090","targetHints":{"allow":["GET"]}}],"collection":[{"href":"https:\/\/www.safinel.fr\/pt\/wp-json\/wp\/v2\/posts"}],"about":[{"href":"https:\/\/www.safinel.fr\/pt\/wp-json\/wp\/v2\/types\/post"}],"author":[{"embeddable":true,"href":"https:\/\/www.safinel.fr\/pt\/wp-json\/wp\/v2\/users\/156"}],"replies":[{"embeddable":true,"href":"https:\/\/www.safinel.fr\/pt\/wp-json\/wp\/v2\/comments?post=8090"}],"version-history":[{"count":2,"href":"https:\/\/www.safinel.fr\/pt\/wp-json\/wp\/v2\/posts\/8090\/revisions"}],"predecessor-version":[{"id":8133,"href":"https:\/\/www.safinel.fr\/pt\/wp-json\/wp\/v2\/posts\/8090\/revisions\/8133"}],"wp:featuredmedia":[{"embeddable":true,"href":"https:\/\/www.safinel.fr\/pt\/wp-json\/wp\/v2\/media\/8091"}],"wp:attachment":[{"href":"https:\/\/www.safinel.fr\/pt\/wp-json\/wp\/v2\/media?parent=8090"}],"wp:term":[{"taxonomy":"category","embeddable":true,"href":"https:\/\/www.safinel.fr\/pt\/wp-json\/wp\/v2\/categories?post=8090"},{"taxonomy":"post_tag","embeddable":true,"href":"https:\/\/www.safinel.fr\/pt\/wp-json\/wp\/v2\/tags?post=8090"}],"curies":[{"name":"wp","href":"https:\/\/api.w.org\/{rel}","templated":true}]}}