{"id":8048,"date":"2023-08-24T11:31:30","date_gmt":"2023-08-24T11:31:30","guid":{"rendered":"https:\/\/www.safinel.fr\/?p=8048"},"modified":"2023-08-24T11:31:32","modified_gmt":"2023-08-24T11:31:32","slug":"pele-negra","status":"publish","type":"post","link":"https:\/\/www.safinel.fr\/pt\/pele-negra\/","title":{"rendered":"Como cuidar da pele negra no dia a dia?"},"content":{"rendered":"<p>Fora do clima tropical, a pele negra est\u00e1 sujeita a v\u00e1rias fragilidades. Entre uma r\u00e1pida desidrata\u00e7\u00e3o, a acumula\u00e7\u00e3o de c\u00e9lulas mortas e a produ\u00e7\u00e3o de sebo, a pele negra precisa de cuidados adequados para manter o seu charme e clareza. Para isso, aqui est\u00e3o algumas dicas de manuten\u00e7\u00e3o.<\/p>\n\n\n\n<h2 class=\"wp-block-heading\" id=\"h-conna-tre-son-type-de-peau\"><strong>Conhecer o seu tipo de pele<\/strong><\/h2>\n\n\n\n<p>A constitui\u00e7\u00e3o morfol\u00f3gica difere de pessoa para pessoa. Assim, cada um possui uma estrutura epid\u00e9rmica pr\u00f3pria. Por isso, \u00e9 importante que cada pessoa determine o seu tipo de pele para poder aplicar os cuidados adequados. Nesse caso, consultar um dermatologista \u00e9 a solu\u00e7\u00e3o mais simples e fi\u00e1vel.<\/p>\n\n\n\n<p>No entanto, algumas dicas caseiras podem ajud\u00e1-lo a determinar se a sua pele negra \u00e9 normal, mista, oleosa ou seca. Depois de lavar o rosto com \u00e1gua morna e sec\u00e1-lo delicadamente, espere cerca de uma hora para ver a rea\u00e7\u00e3o da sua pele sem aplicar lo\u00e7\u00e3o ou creme. Ap\u00f3s uma hora, pode secar-se com uma toalha de papel. Os vest\u00edgios que encontrar nela poder\u00e3o determinar o seu tipo de pele.<\/p>\n\n\n\n<h2 class=\"wp-block-heading\" id=\"h-les-principaux-soins-la-peau-noire\"><strong>Os principais cuidados com a pele negra<\/strong><\/h2>\n\n\n\n<p>Em geral, os\u00a0<a href=\"https:\/\/nubiance.fr\/\" target=\"_blank\" rel=\"noreferrer noopener\"><strong>cuidados para pele negra<\/strong><\/a>\u00a0dividem-se em tr\u00eas principais:<\/p>\n\n\n\n<ul class=\"wp-block-list\">\n<li>a hidrata\u00e7\u00e3o;<\/li>\n\n\n\n<li>regula\u00e7\u00e3o da tez;<\/li>\n\n\n\n<li>e a preven\u00e7\u00e3o de manchas de pigmenta\u00e7\u00e3o.<\/li>\n<\/ul>\n\n\n\n<h3 class=\"wp-block-heading\" id=\"h-le-choix-de-la-bonne-hydratation-pour-votre-peau-noire\"><strong>A escolha da hidrata\u00e7\u00e3o certa<\/strong> para a sua pele negra<\/h3>\n\n\n\n<p>Uma pele negra bonita precisa ser mantida com hidratantes. Manteigas como a de r\u00edcino ou karit\u00e9 n\u00e3o s\u00e3o hidratantes. Elas sem d\u00favida permitem lubrificar o corpo, mas n\u00e3o possuem o teor de \u00e1gua necess\u00e1rio para hidratar a pele. Pode usar lo\u00e7\u00f5es ou cremes hidratantes tanto de manh\u00e3 como \u00e0 noite. A pele tem tempo para se regenerar durante a noite com a ajuda do efeito dos hidratantes.<\/p>\n\n\n\n<h3 class=\"wp-block-heading\" id=\"h-la-r-gulation-du-teint\"><strong>Regula\u00e7\u00e3o da tez<\/strong><\/h3>\n\n\n\n<p>A pele negra \u00e9 mais resistente \u00e0s mudan\u00e7as clim\u00e1ticas e sazonais porque o corpo produz melanina, respons\u00e1vel por dar \u00e0 epiderme a sua cor negra natural. Mas \u00e0s vezes a melanina fica desregulada e colore uma parte mais do que outra. Isso faz com que haja diferen\u00e7as de cor entre v\u00e1rias partes do corpo.<\/p>\n\n\n\n<p>Este desequil\u00edbrio \u00e9 causado por fatores externos que \u00e9 melhor prevenir. Na verdade, pode prevenir irregularidades na pele evitando usar produtos \u00e0 base de \u00e1lcool antes de se expor ao sol.<\/p>\n\n\n\n<p>Voc\u00ea tamb\u00e9m pode aplicar produtos de limpeza e hidratantes suaves para melhorar a qualidade da sua pele. Na verdade, as irregularidades do corpo tamb\u00e9m podem ser causadas por fatores como as altera\u00e7\u00f5es hormonais que ocorrem durante a gravidez. Nesse caso, n\u00e3o h\u00e1 preven\u00e7\u00e3o, mas sim o uso de cremes desidratantes e produtos antimanchas que permitem uniformizar a tez.<\/p>\n\n\n\n<h3 class=\"wp-block-heading\" id=\"h-la-pr-vention-des-taches-pigmentaires\"><strong>Preven\u00e7\u00e3o de manchas pigmentares<\/strong><\/h3>\n\n\n\n<p>O aparecimento das manchas <strong><a href=\"https:\/\/www.safinel.fr\/pt\/hiperpigmentacao-da-pele-negra\/\">pigmentares<\/a><\/strong> \u00e9 praticamente causada pelos mesmos fatores que a irregularidade da pele. Mas as manchas pigmentares tamb\u00e9m podem aparecer ap\u00f3s espinhas de acne estouradas e picadas de insetos. Por isso, \u00e9 importante n\u00e3o estourar as espinhas e n\u00e3o co\u00e7ar as picadas de insetos. Para fazer desaparecer as manchas, tamb\u00e9m pode recorrer a esfoliantes suaves, esfolia\u00e7\u00e3o e maquilhagem.<\/p>","protected":false},"excerpt":{"rendered":"<p>Fora do clima tropical, a pele negra est\u00e1 sujeita a v\u00e1rias fragilidades. Entre uma r\u00e1pida desidrata\u00e7\u00e3o, a acumula\u00e7\u00e3o de c\u00e9lulas mortas e a produ\u00e7\u00e3o de sebo, a pele negra precisa de cuidados adequados para manter o seu charme e clareza. Para isso, aqui est\u00e3o algumas dicas de manuten\u00e7\u00e3o. Conhe\u00e7a o seu tipo de pele As constitui\u00e7\u00f5es morfol\u00f3gicas [\u2026]","protected":false},"author":156,"featured_media":8049,"comment_status":"closed","ping_status":"closed","sticky":false,"template":"","format":"standard","meta":{"footnotes":""},"categories":[1],"tags":[],"class_list":["post-8048","post","type-post","status-publish","format-standard","has-post-thumbnail","hentry","category-divers"],"yoast_head":"<!-- This site is optimized with the Yoast SEO plugin v26.6 - https:\/\/yoast.com\/wordpress\/plugins\/seo\/ -->\n<title>Peau noire | Le guide pratique pour en prendre soin au quotidien<\/title>\n<meta name=\"description\" content=\"La peau noire a besoin d\u2019un soin convenu pour maintenir son charme et sa clart\u00e9. Pour ce faire, voici quelques astuces d\u2019entretien.\" \/>\n<meta name=\"robots\" content=\"index, follow, max-snippet:-1, max-image-preview:large, max-video-preview:-1\" \/>\n<link rel=\"canonical\" href=\"https:\/\/www.safinel.fr\/pt\/pele-negra\/\" \/>\n<meta property=\"og:locale\" content=\"pt_PT\" \/>\n<meta property=\"og:type\" content=\"article\" \/>\n<meta property=\"og:title\" content=\"Peau noire | Le guide pratique pour en prendre soin au quotidien\" \/>\n<meta property=\"og:description\" content=\"La peau noire a besoin d\u2019un soin convenu pour maintenir son charme et sa clart\u00e9. Pour ce faire, voici quelques astuces d\u2019entretien.\" \/>\n<meta property=\"og:url\" content=\"https:\/\/www.safinel.fr\/pt\/pele-negra\/\" \/>\n<meta property=\"og:site_name\" content=\"Safinel\" \/>\n<meta property=\"article:published_time\" content=\"2023-08-24T11:31:30+00:00\" \/>\n<meta property=\"article:modified_time\" content=\"2023-08-24T11:31:32+00:00\" \/>\n<meta property=\"og:image\" content=\"https:\/\/www.safinel.fr\/wp-content\/uploads\/2023\/08\/Comment-prendre-soin-de-sa-peau-noire.jpg\" \/>\n\t<meta property=\"og:image:width\" content=\"1100\" \/>\n\t<meta property=\"og:image:height\" content=\"578\" \/>\n\t<meta property=\"og:image:type\" content=\"image\/jpeg\" \/>\n<meta name=\"author\" content=\"Naj\" \/>\n<meta name=\"twitter:card\" content=\"summary_large_image\" \/>\n<meta name=\"twitter:label1\" content=\"Escrito por\" \/>\n\t<meta name=\"twitter:data1\" content=\"Naj\" \/>\n\t<meta name=\"twitter:label2\" content=\"Tempo estimado de leitura\" \/>\n\t<meta name=\"twitter:data2\" content=\"3 minutos\" \/>\n<script type=\"application\/ld+json\" class=\"yoast-schema-graph\">{\"@context\":\"https:\/\/schema.org\",\"@graph\":[{\"@type\":\"Article\",\"@id\":\"https:\/\/www.safinel.fr\/peau-noire\/#article\",\"isPartOf\":{\"@id\":\"https:\/\/www.safinel.fr\/peau-noire\/\"},\"author\":{\"name\":\"Naj\",\"@id\":\"https:\/\/www.safinel.fr\/#\/schema\/person\/47f7357f8aa8a41a796811d3f8a3e055\"},\"headline\":\"Comment prendre soin de sa peau noire au quotidien\u2009?\",\"datePublished\":\"2023-08-24T11:31:30+00:00\",\"dateModified\":\"2023-08-24T11:31:32+00:00\",\"mainEntityOfPage\":{\"@id\":\"https:\/\/www.safinel.fr\/peau-noire\/\"},\"wordCount\":637,\"publisher\":{\"@id\":\"https:\/\/www.safinel.fr\/#organization\"},\"image\":{\"@id\":\"https:\/\/www.safinel.fr\/peau-noire\/#primaryimage\"},\"thumbnailUrl\":\"https:\/\/www.safinel.fr\/wp-content\/uploads\/2023\/08\/Comment-prendre-soin-de-sa-peau-noire.jpg\",\"articleSection\":[\"Divers\"],\"inLanguage\":\"pt-PT\"},{\"@type\":\"WebPage\",\"@id\":\"https:\/\/www.safinel.fr\/peau-noire\/\",\"url\":\"https:\/\/www.safinel.fr\/peau-noire\/\",\"name\":\"Peau noire | Le guide pratique pour en prendre soin au quotidien\",\"isPartOf\":{\"@id\":\"https:\/\/www.safinel.fr\/#website\"},\"primaryImageOfPage\":{\"@id\":\"https:\/\/www.safinel.fr\/peau-noire\/#primaryimage\"},\"image\":{\"@id\":\"https:\/\/www.safinel.fr\/peau-noire\/#primaryimage\"},\"thumbnailUrl\":\"https:\/\/www.safinel.fr\/wp-content\/uploads\/2023\/08\/Comment-prendre-soin-de-sa-peau-noire.jpg\",\"datePublished\":\"2023-08-24T11:31:30+00:00\",\"dateModified\":\"2023-08-24T11:31:32+00:00\",\"description\":\"La peau noire a besoin d\u2019un soin convenu pour maintenir son charme et sa clart\u00e9. Pour ce faire, voici quelques astuces d\u2019entretien.\",\"breadcrumb\":{\"@id\":\"https:\/\/www.safinel.fr\/peau-noire\/#breadcrumb\"},\"inLanguage\":\"pt-PT\",\"potentialAction\":[{\"@type\":\"ReadAction\",\"target\":[\"https:\/\/www.safinel.fr\/peau-noire\/\"]}]},{\"@type\":\"ImageObject\",\"inLanguage\":\"pt-PT\",\"@id\":\"https:\/\/www.safinel.fr\/peau-noire\/#primaryimage\",\"url\":\"https:\/\/www.safinel.fr\/wp-content\/uploads\/2023\/08\/Comment-prendre-soin-de-sa-peau-noire.jpg\",\"contentUrl\":\"https:\/\/www.safinel.fr\/wp-content\/uploads\/2023\/08\/Comment-prendre-soin-de-sa-peau-noire.jpg\",\"width\":1100,\"height\":578,\"caption\":\"Comment prendre soin de sa peau noire au quotidien\u2009?\"},{\"@type\":\"BreadcrumbList\",\"@id\":\"https:\/\/www.safinel.fr\/peau-noire\/#breadcrumb\",\"itemListElement\":[{\"@type\":\"ListItem\",\"position\":1,\"name\":\"Accueil\",\"item\":\"https:\/\/www.safinel.fr\/\"},{\"@type\":\"ListItem\",\"position\":2,\"name\":\"Comment prendre soin de sa peau noire au quotidien\u2009?\"}]},{\"@type\":\"WebSite\",\"@id\":\"https:\/\/www.safinel.fr\/#website\",\"url\":\"https:\/\/www.safinel.fr\/\",\"name\":\"Safinel\",\"description\":\"\",\"publisher\":{\"@id\":\"https:\/\/www.safinel.fr\/#organization\"},\"potentialAction\":[{\"@type\":\"SearchAction\",\"target\":{\"@type\":\"EntryPoint\",\"urlTemplate\":\"https:\/\/www.safinel.fr\/?s={search_term_string}\"},\"query-input\":{\"@type\":\"PropertyValueSpecification\",\"valueRequired\":true,\"valueName\":\"search_term_string\"}}],\"inLanguage\":\"pt-PT\"},{\"@type\":\"Organization\",\"@id\":\"https:\/\/www.safinel.fr\/#organization\",\"name\":\"Safinel\",\"url\":\"https:\/\/www.safinel.fr\/\",\"logo\":{\"@type\":\"ImageObject\",\"inLanguage\":\"pt-PT\",\"@id\":\"https:\/\/www.safinel.fr\/#\/schema\/logo\/image\/\",\"url\":\"https:\/\/www.safinel.fr\/wp-content\/uploads\/2021\/05\/boutique-cosmetique.png\",\"contentUrl\":\"https:\/\/www.safinel.fr\/wp-content\/uploads\/2021\/05\/boutique-cosmetique.png\",\"width\":800,\"height\":200,\"caption\":\"Safinel\"},\"image\":{\"@id\":\"https:\/\/www.safinel.fr\/#\/schema\/logo\/image\/\"}},{\"@type\":\"Person\",\"@id\":\"https:\/\/www.safinel.fr\/#\/schema\/person\/47f7357f8aa8a41a796811d3f8a3e055\",\"name\":\"Naj\",\"image\":{\"@type\":\"ImageObject\",\"inLanguage\":\"pt-PT\",\"@id\":\"https:\/\/www.safinel.fr\/#\/schema\/person\/image\/\",\"url\":\"https:\/\/secure.gravatar.com\/avatar\/5c0fa4f0bce748d4964b7d68e4b0ee1d8e3120edba58a55893ced967bd2093b5?s=96&d=mm&r=g\",\"contentUrl\":\"https:\/\/secure.gravatar.com\/avatar\/5c0fa4f0bce748d4964b7d68e4b0ee1d8e3120edba58a55893ced967bd2093b5?s=96&d=mm&r=g\",\"caption\":\"Naj\"},\"url\":\"https:\/\/www.safinel.fr\/pt\/author\/naj\/\"}]}<\/script>\n<!-- \/ Yoast SEO plugin. -->","yoast_head_json":{"title":"Pele negra | O guia pr\u00e1tico para cuidar dela no dia a dia","description":"A pele negra precisa de cuidados adequados para manter o seu charme e brilho. Para isso, aqui est\u00e3o algumas dicas de manuten\u00e7\u00e3o.","robots":{"index":"index","follow":"follow","max-snippet":"max-snippet:-1","max-image-preview":"max-image-preview:large","max-video-preview":"max-video-preview:-1"},"canonical":"https:\/\/www.safinel.fr\/pt\/pele-negra\/","og_locale":"pt_PT","og_type":"article","og_title":"Peau noire | Le guide pratique pour en prendre soin au quotidien","og_description":"La peau noire a besoin d\u2019un soin convenu pour maintenir son charme et sa clart\u00e9. Pour ce faire, voici quelques astuces d\u2019entretien.","og_url":"https:\/\/www.safinel.fr\/pt\/pele-negra\/","og_site_name":"Safinel","article_published_time":"2023-08-24T11:31:30+00:00","article_modified_time":"2023-08-24T11:31:32+00:00","og_image":[{"width":1100,"height":578,"url":"https:\/\/www.safinel.fr\/wp-content\/uploads\/2023\/08\/Comment-prendre-soin-de-sa-peau-noire.jpg","type":"image\/jpeg"}],"author":"Naj","twitter_card":"summary_large_image","twitter_misc":{"Escrito por":"Naj","Tempo estimado de leitura":"3 minutos"},"schema":{"@context":"https:\/\/schema.org","@graph":[{"@type":"Article","@id":"https:\/\/www.safinel.fr\/peau-noire\/#article","isPartOf":{"@id":"https:\/\/www.safinel.fr\/peau-noire\/"},"author":{"name":"Naj","@id":"https:\/\/www.safinel.fr\/#\/schema\/person\/47f7357f8aa8a41a796811d3f8a3e055"},"headline":"Comment prendre soin de sa peau noire au quotidien\u2009?","datePublished":"2023-08-24T11:31:30+00:00","dateModified":"2023-08-24T11:31:32+00:00","mainEntityOfPage":{"@id":"https:\/\/www.safinel.fr\/peau-noire\/"},"wordCount":637,"publisher":{"@id":"https:\/\/www.safinel.fr\/#organization"},"image":{"@id":"https:\/\/www.safinel.fr\/peau-noire\/#primaryimage"},"thumbnailUrl":"https:\/\/www.safinel.fr\/wp-content\/uploads\/2023\/08\/Comment-prendre-soin-de-sa-peau-noire.jpg","articleSection":["Divers"],"inLanguage":"pt-PT"},{"@type":"WebPage","@id":"https:\/\/www.safinel.fr\/peau-noire\/","url":"https:\/\/www.safinel.fr\/peau-noire\/","name":"Pele negra | O guia pr\u00e1tico para cuidar dela no dia a dia","isPartOf":{"@id":"https:\/\/www.safinel.fr\/#website"},"primaryImageOfPage":{"@id":"https:\/\/www.safinel.fr\/peau-noire\/#primaryimage"},"image":{"@id":"https:\/\/www.safinel.fr\/peau-noire\/#primaryimage"},"thumbnailUrl":"https:\/\/www.safinel.fr\/wp-content\/uploads\/2023\/08\/Comment-prendre-soin-de-sa-peau-noire.jpg","datePublished":"2023-08-24T11:31:30+00:00","dateModified":"2023-08-24T11:31:32+00:00","description":"A pele negra precisa de cuidados adequados para manter o seu charme e brilho. Para isso, aqui est\u00e3o algumas dicas de manuten\u00e7\u00e3o.","breadcrumb":{"@id":"https:\/\/www.safinel.fr\/peau-noire\/#breadcrumb"},"inLanguage":"pt-PT","potentialAction":[{"@type":"ReadAction","target":["https:\/\/www.safinel.fr\/peau-noire\/"]}]},{"@type":"ImageObject","inLanguage":"pt-PT","@id":"https:\/\/www.safinel.fr\/peau-noire\/#primaryimage","url":"https:\/\/www.safinel.fr\/wp-content\/uploads\/2023\/08\/Comment-prendre-soin-de-sa-peau-noire.jpg","contentUrl":"https:\/\/www.safinel.fr\/wp-content\/uploads\/2023\/08\/Comment-prendre-soin-de-sa-peau-noire.jpg","width":1100,"height":578,"caption":"Comment prendre soin de sa peau noire au quotidien\u2009?"},{"@type":"BreadcrumbList","@id":"https:\/\/www.safinel.fr\/peau-noire\/#breadcrumb","itemListElement":[{"@type":"ListItem","position":1,"name":"Accueil","item":"https:\/\/www.safinel.fr\/"},{"@type":"ListItem","position":2,"name":"Comment prendre soin de sa peau noire au quotidien\u2009?"}]},{"@type":"WebSite","@id":"https:\/\/www.safinel.fr\/#website","url":"https:\/\/www.safinel.fr\/","name":"Safinel","description":"","publisher":{"@id":"https:\/\/www.safinel.fr\/#organization"},"potentialAction":[{"@type":"SearchAction","target":{"@type":"EntryPoint","urlTemplate":"https:\/\/www.safinel.fr\/?s={search_term_string}"},"query-input":{"@type":"PropertyValueSpecification","valueRequired":true,"valueName":"search_term_string"}}],"inLanguage":"pt-PT"},{"@type":"Organization","@id":"https:\/\/www.safinel.fr\/#organization","name":"Safinel","url":"https:\/\/www.safinel.fr\/","logo":{"@type":"ImageObject","inLanguage":"pt-PT","@id":"https:\/\/www.safinel.fr\/#\/schema\/logo\/image\/","url":"https:\/\/www.safinel.fr\/wp-content\/uploads\/2021\/05\/boutique-cosmetique.png","contentUrl":"https:\/\/www.safinel.fr\/wp-content\/uploads\/2021\/05\/boutique-cosmetique.png","width":800,"height":200,"caption":"Safinel"},"image":{"@id":"https:\/\/www.safinel.fr\/#\/schema\/logo\/image\/"}},{"@type":"Person","@id":"https:\/\/www.safinel.fr\/#\/schema\/person\/47f7357f8aa8a41a796811d3f8a3e055","name":"Naj","image":{"@type":"ImageObject","inLanguage":"pt-PT","@id":"https:\/\/www.safinel.fr\/#\/schema\/person\/image\/","url":"https:\/\/secure.gravatar.com\/avatar\/5c0fa4f0bce748d4964b7d68e4b0ee1d8e3120edba58a55893ced967bd2093b5?s=96&d=mm&r=g","contentUrl":"https:\/\/secure.gravatar.com\/avatar\/5c0fa4f0bce748d4964b7d68e4b0ee1d8e3120edba58a55893ced967bd2093b5?s=96&d=mm&r=g","caption":"Naj"},"url":"https:\/\/www.safinel.fr\/pt\/author\/naj\/"}]}},"_links":{"self":[{"href":"https:\/\/www.safinel.fr\/pt\/wp-json\/wp\/v2\/posts\/8048","targetHints":{"allow":["GET"]}}],"collection":[{"href":"https:\/\/www.safinel.fr\/pt\/wp-json\/wp\/v2\/posts"}],"about":[{"href":"https:\/\/www.safinel.fr\/pt\/wp-json\/wp\/v2\/types\/post"}],"author":[{"embeddable":true,"href":"https:\/\/www.safinel.fr\/pt\/wp-json\/wp\/v2\/users\/156"}],"replies":[{"embeddable":true,"href":"https:\/\/www.safinel.fr\/pt\/wp-json\/wp\/v2\/comments?post=8048"}],"version-history":[{"count":1,"href":"https:\/\/www.safinel.fr\/pt\/wp-json\/wp\/v2\/posts\/8048\/revisions"}],"predecessor-version":[{"id":8050,"href":"https:\/\/www.safinel.fr\/pt\/wp-json\/wp\/v2\/posts\/8048\/revisions\/8050"}],"wp:featuredmedia":[{"embeddable":true,"href":"https:\/\/www.safinel.fr\/pt\/wp-json\/wp\/v2\/media\/8049"}],"wp:attachment":[{"href":"https:\/\/www.safinel.fr\/pt\/wp-json\/wp\/v2\/media?parent=8048"}],"wp:term":[{"taxonomy":"category","embeddable":true,"href":"https:\/\/www.safinel.fr\/pt\/wp-json\/wp\/v2\/categories?post=8048"},{"taxonomy":"post_tag","embeddable":true,"href":"https:\/\/www.safinel.fr\/pt\/wp-json\/wp\/v2\/tags?post=8048"}],"curies":[{"name":"wp","href":"https:\/\/api.w.org\/{rel}","templated":true}]}}