{"id":7558,"date":"2023-08-02T14:20:18","date_gmt":"2023-08-02T14:20:18","guid":{"rendered":"https:\/\/www.safinel.fr\/?p=7558"},"modified":"2023-08-02T14:20:20","modified_gmt":"2023-08-02T14:20:20","slug":"cafe-africano","status":"publish","type":"post","link":"https:\/\/www.safinel.fr\/pt\/cafe-africano\/","title":{"rendered":"\u00c0 descoberta do caf\u00e9 africano: sabores e tradi\u00e7\u00f5es"},"content":{"rendered":"<p>\u00c1frica \u00e9 o ber\u00e7o do caf\u00e9 e, ainda hoje, oferece algumas das melhores variedades desta bebida t\u00e3o apreciada. O&nbsp;<strong>caf\u00e9 africano<\/strong>&nbsp;destaca-se pela sua riqueza de aromas e pelos seus diferentes m\u00e9todos de prepara\u00e7\u00e3o. Neste artigo, convidamo-lo a descobrir as caracter\u00edsticas que tornam este caf\u00e9 imprescind\u00edvel para os apreciadores.<\/p>\n\n\n\n<h2 class=\"wp-block-heading\" id=\"h-les-origines-du-caf-africain\"><strong>As origens do caf\u00e9 africano<\/strong><\/h2>\n\n\n\n<p>O cafeeiro \u00e9 origin\u00e1rio da Eti\u00f3pia, onde cresce em estado selvagem h\u00e1 milhares de anos. Segundo a lenda, foi um pastor et\u00edope chamado Kaldi que descobriu os efeitos estimulantes dos gr\u00e3os de caf\u00e9 nas suas cabras. Os primeiros registos escritos que mencionam o uso do caf\u00e9 datam do s\u00e9culo X. Desde ent\u00e3o, o cultivo do caf\u00e9 se espalhou por toda a \u00c1frica e muitas vezes desempenhou um papel importante na economia local. <strong><a href=\"https:\/\/www.safinel.fr\/pt\/continente-africano\/\">papel econ\u00f3mico<\/a><\/strong> e social importante.<\/p>\n\n\n\n<h2 class=\"wp-block-heading\" id=\"h-la-diversit-des-caf-s-africains\"><strong>A diversidade dos caf\u00e9s africanos<\/strong><\/h2>\n\n\n\n<p>\u00c1frica oferece uma ampla variedade de caf\u00e9s, cada um com suas particularidades. <\/p>\n\n\n\n<p><strong>Aqui est\u00e3o alguns exemplos de regi\u00f5es produtoras de caf\u00e9 africano e suas especificidades:<\/strong><\/p>\n\n\n\n<ul class=\"wp-block-list\">\n<li><strong>Eti\u00f3pia:<\/strong>&nbsp;Considerada o ber\u00e7o do caf\u00e9, a Eti\u00f3pia produz caf\u00e9s com aromas complexos e variados. Entre os mais famosos est\u00e1 o Yirgacheffe, muito apreciado pelas suas notas florais e frutadas.<\/li>\n\n\n\n<li><strong>Qu\u00e9nia:<\/strong>&nbsp;Os caf\u00e9s quenianos s\u00e3o conhecidos pela sua acidez viva e sabores frutados. S\u00e3o frequentemente comparados aos vinhos da Borgonha devido \u00e0 sua qualidade excecional.<\/li>\n\n\n\n<li><strong>Ruanda:<\/strong>&nbsp;Este pequeno pa\u00eds da \u00c1frica Oriental produz caf\u00e9s suaves e equilibrados, com aromas de frutos vermelhos e flores.<\/li>\n\n\n\n<li><strong>Tanz\u00e2nia:<\/strong>&nbsp;A Tanz\u00e2nia \u00e9 conhecida principalmente pelo seu caf\u00e9 Ar\u00e1bica, cultivado nas encostas do Monte Kilimanjaro. As condi\u00e7\u00f5es clim\u00e1ticas espec\u00edficas criam um caf\u00e9 com acidez acentuada e notas frutadas.<\/li>\n<\/ul>\n\n\n\n<h2 class=\"wp-block-heading\" id=\"h-les-crit-res-de-qualit-des-caf-s-africains\"><strong>Os crit\u00e9rios de qualidade dos caf\u00e9s africanos<\/strong><\/h2>\n\n\n\n<p>Para escolher um bom caf\u00e9 africano, \u00e9 essencial levar em considera\u00e7\u00e3o alguns crit\u00e9rios que influenciam a sua qualidade e sabor:<\/p>\n\n\n\n<ul class=\"wp-block-list\">\n<li><strong>A variedade do cafeeiro:<\/strong>\u00a0A maioria dos caf\u00e9s africanos \u00e9 da variedade Ar\u00e1bica. Conhecida pela sua delicadeza e complexidade arom\u00e1tica. No entanto, algumas regi\u00f5es tamb\u00e9m produzem Robusta, um caf\u00e9 mais forte e menos \u00e1cido.<\/li>\n\n\n\n<li><strong>O terroir:<\/strong>&nbsp;Tal como no vinho, o terroir desempenha um papel crucial na qualidade do caf\u00e9. Os solos ricos em minerais, a altitude e o clima influenciam os aromas e a complexidade do caf\u00e9.<\/li>\n\n\n\n<li><strong>A colheita e a transforma\u00e7\u00e3o:<\/strong>&nbsp;A colheita manual seletiva dos gr\u00e3os de caf\u00e9 no ponto ideal de matura\u00e7\u00e3o e um processamento adequado garantem um caf\u00e9 de qualidade superior.<\/li>\n<\/ul>\n\n\n\n<h2 class=\"wp-block-heading\" id=\"h-les-m-thodes-de-pr-paration-du-caf-africain\"><strong>Os m\u00e9todos de prepara\u00e7\u00e3o do caf\u00e9 africano<\/strong><\/h2>\n\n\n\n<p>O caf\u00e9 africano pode ser preparado de diferentes maneiras, de acordo com as tradi\u00e7\u00f5es locais e as prefer\u00eancias gustativas. Aqui est\u00e3o alguns exemplos de m\u00e9todos de prepara\u00e7\u00e3o t\u00edpicos:<\/p>\n\n\n\n<ul class=\"wp-block-list\">\n<li><strong>O caf\u00e9 et\u00edope: a cerim\u00f3nia tradicional<\/strong><\/li>\n<\/ul>\n\n\n\n<p>Na Eti\u00f3pia, a prepara\u00e7\u00e3o do caf\u00e9 \u00e9 um ritual social e cultural importante. A cerim\u00f3nia do caf\u00e9 come\u00e7a com a torrefa\u00e7\u00e3o dos gr\u00e3os verdes num braseiro, depois o caf\u00e9 mo\u00eddo \u00e9 infundido numa cafeteira de barro chamada jebena. O caf\u00e9 \u00e9 ent\u00e3o servido em pequenas ch\u00e1venas, acompanhado de a\u00e7\u00facar ou sal.<\/p>\n\n\n\n<ul class=\"wp-block-list\">\n<li><strong>O caf\u00e9 senegal\u00eas: o Caf\u00e9 Touba<\/strong><\/li>\n<\/ul>\n\n\n\n<p>Origin\u00e1rio da cidade sagrada de Touba, no Senegal, o Caf\u00e9 Touba \u00e9 uma bebida aromatizada com gr\u00e3os de selim, uma especiaria local com propriedades medicinais. Os gr\u00e3os de caf\u00e9 s\u00e3o torrados com a especiaria e depois mo\u00eddos juntos. O caf\u00e9 \u00e9 ent\u00e3o filtrado com um filtro de pano e ado\u00e7ado a gosto.<\/p>\n\n\n\n<ul class=\"wp-block-list\">\n<li><strong>O caf\u00e9 congol\u00eas: o Caf\u00e9 Kivu<\/strong><\/li>\n<\/ul>\n\n\n\n<p>O Caf\u00e9 Kivu \u00e9 um caf\u00e9 suave e equilibrado, cultivado na regi\u00e3o do Lago Kivu, na Rep\u00fablica Democr\u00e1tica do Congo. \u00c9 geralmente preparado com um m\u00e9todo conhecido como \u00ab\u00e0 americana\u00bb, ou seja, filtrado atrav\u00e9s de um filtro de papel, para revelar os seus aromas delicados.<\/p>\n\n\n\n<h3 class=\"wp-block-heading\" id=\"h-la-place-du-caf-africain-sur-le-march-mondial\">A posi\u00e7\u00e3o do caf\u00e9 africano no mercado mundial<\/h3>\n\n\n\n<p>Apesar da qualidade excepcional dos caf\u00e9s africanos, eles representam apenas uma pequena parte do mercado mundial de caf\u00e9. A produ\u00e7\u00e3o africana enfrenta frequentemente desafios como doen\u00e7as das plantas, altera\u00e7\u00f5es clim\u00e1ticas e dificuldades de acesso aos mercados internacionais. <\/p>\n\n\n\n<p>No entanto, existem v\u00e1rias iniciativas que visam promover os caf\u00e9s africanos e apoiar os produtores locais. Como a cria\u00e7\u00e3o de selos de qualidade ou o desenvolvimento de cadeias de abastecimento justas.<\/p>\n\n\n\n<p>Assim, o\u00a0<strong>caf\u00e9 africano<\/strong>\u00a0oferece uma riqueza arom\u00e1tica e uma diversidade incompar\u00e1veis. Os seus diferentes m\u00e9todos de prepara\u00e7\u00e3o e a sua cultura ancestral tornam-no uma bebida \u00fanica que merece ser descoberta por todos os apreciadores de caf\u00e9. <\/p>\n\n\n\n<p>Ent\u00e3o n\u00e3o hesite em deixar-se seduzir por uma viagem gastron\u00f3mica pela \u00c1frica e pelas suas regi\u00f5es!<\/p>","protected":false},"excerpt":{"rendered":"<p>\u00c1frica \u00e9 o ber\u00e7o do caf\u00e9 e, ainda hoje, oferece algumas das melhores variedades desta bebida t\u00e3o apreciada. O caf\u00e9 africano distingue-se pela sua riqueza de aromas e pelos seus diferentes m\u00e9todos de prepara\u00e7\u00e3o. Neste artigo, convidamo-lo a descobrir as caracter\u00edsticas que tornam este caf\u00e9 imprescind\u00edvel para os apreciadores. Os [\u2026]","protected":false},"author":1,"featured_media":7560,"comment_status":"closed","ping_status":"closed","sticky":false,"template":"","format":"standard","meta":{"footnotes":""},"categories":[1],"tags":[],"class_list":["post-7558","post","type-post","status-publish","format-standard","has-post-thumbnail","hentry","category-divers"],"yoast_head":"<!-- This site is optimized with the Yoast SEO plugin v26.6 - https:\/\/yoast.com\/wordpress\/plugins\/seo\/ -->\n<title>Caf\u00e9 africain | Saveurs et traditions | Zoom sur son histoire<\/title>\n<meta name=\"description\" content=\"Le\u00a0caf\u00e9 africain\u00a0se distingue par sa richesse en ar\u00f4mes et ses diff\u00e9rentes m\u00e9thodes de pr\u00e9paration. Tour d&#039;horizon dans cet article !\" \/>\n<meta name=\"robots\" content=\"index, follow, max-snippet:-1, max-image-preview:large, max-video-preview:-1\" \/>\n<link rel=\"canonical\" href=\"https:\/\/www.safinel.fr\/pt\/cafe-africano\/\" \/>\n<meta property=\"og:locale\" content=\"pt_PT\" \/>\n<meta property=\"og:type\" content=\"article\" \/>\n<meta property=\"og:title\" content=\"Caf\u00e9 africain | Saveurs et traditions | Zoom sur son histoire\" \/>\n<meta property=\"og:description\" content=\"Le\u00a0caf\u00e9 africain\u00a0se distingue par sa richesse en ar\u00f4mes et ses diff\u00e9rentes m\u00e9thodes de pr\u00e9paration. Tour d&#039;horizon dans cet article !\" \/>\n<meta property=\"og:url\" content=\"https:\/\/www.safinel.fr\/pt\/cafe-africano\/\" \/>\n<meta property=\"og:site_name\" content=\"Safinel\" \/>\n<meta property=\"article:published_time\" content=\"2023-08-02T14:20:18+00:00\" \/>\n<meta property=\"article:modified_time\" content=\"2023-08-02T14:20:20+00:00\" \/>\n<meta property=\"og:image\" content=\"https:\/\/www.safinel.fr\/wp-content\/uploads\/2023\/08\/A-la-decouverte-du-cafe-africain.jpg\" \/>\n\t<meta property=\"og:image:width\" content=\"1100\" \/>\n\t<meta property=\"og:image:height\" content=\"578\" \/>\n\t<meta property=\"og:image:type\" content=\"image\/jpeg\" \/>\n<meta name=\"author\" content=\"Boutique Safinel\" \/>\n<meta name=\"twitter:card\" content=\"summary_large_image\" \/>\n<meta name=\"twitter:label1\" content=\"Escrito por\" \/>\n\t<meta name=\"twitter:data1\" content=\"Boutique Safinel\" \/>\n\t<meta name=\"twitter:label2\" content=\"Tempo estimado de leitura\" \/>\n\t<meta name=\"twitter:data2\" content=\"4 minutos\" \/>\n<script type=\"application\/ld+json\" class=\"yoast-schema-graph\">{\"@context\":\"https:\/\/schema.org\",\"@graph\":[{\"@type\":\"Article\",\"@id\":\"https:\/\/www.safinel.fr\/cafe-africain\/#article\",\"isPartOf\":{\"@id\":\"https:\/\/www.safinel.fr\/cafe-africain\/\"},\"author\":{\"name\":\"Boutique Safinel\",\"@id\":\"https:\/\/www.safinel.fr\/#\/schema\/person\/721a83294300152db59954bbb2f0fcc5\"},\"headline\":\"\u00c0 la d\u00e9couverte du caf\u00e9 africain : saveurs et traditions\",\"datePublished\":\"2023-08-02T14:20:18+00:00\",\"dateModified\":\"2023-08-02T14:20:20+00:00\",\"mainEntityOfPage\":{\"@id\":\"https:\/\/www.safinel.fr\/cafe-africain\/\"},\"wordCount\":885,\"publisher\":{\"@id\":\"https:\/\/www.safinel.fr\/#organization\"},\"image\":{\"@id\":\"https:\/\/www.safinel.fr\/cafe-africain\/#primaryimage\"},\"thumbnailUrl\":\"https:\/\/www.safinel.fr\/wp-content\/uploads\/2023\/08\/A-la-decouverte-du-cafe-africain.jpg\",\"articleSection\":[\"Divers\"],\"inLanguage\":\"pt-PT\"},{\"@type\":\"WebPage\",\"@id\":\"https:\/\/www.safinel.fr\/cafe-africain\/\",\"url\":\"https:\/\/www.safinel.fr\/cafe-africain\/\",\"name\":\"Caf\u00e9 africain | Saveurs et traditions | Zoom sur son histoire\",\"isPartOf\":{\"@id\":\"https:\/\/www.safinel.fr\/#website\"},\"primaryImageOfPage\":{\"@id\":\"https:\/\/www.safinel.fr\/cafe-africain\/#primaryimage\"},\"image\":{\"@id\":\"https:\/\/www.safinel.fr\/cafe-africain\/#primaryimage\"},\"thumbnailUrl\":\"https:\/\/www.safinel.fr\/wp-content\/uploads\/2023\/08\/A-la-decouverte-du-cafe-africain.jpg\",\"datePublished\":\"2023-08-02T14:20:18+00:00\",\"dateModified\":\"2023-08-02T14:20:20+00:00\",\"description\":\"Le\u00a0caf\u00e9 africain\u00a0se distingue par sa richesse en ar\u00f4mes et ses diff\u00e9rentes m\u00e9thodes de pr\u00e9paration. Tour d'horizon dans cet article !\",\"breadcrumb\":{\"@id\":\"https:\/\/www.safinel.fr\/cafe-africain\/#breadcrumb\"},\"inLanguage\":\"pt-PT\",\"potentialAction\":[{\"@type\":\"ReadAction\",\"target\":[\"https:\/\/www.safinel.fr\/cafe-africain\/\"]}]},{\"@type\":\"ImageObject\",\"inLanguage\":\"pt-PT\",\"@id\":\"https:\/\/www.safinel.fr\/cafe-africain\/#primaryimage\",\"url\":\"https:\/\/www.safinel.fr\/wp-content\/uploads\/2023\/08\/A-la-decouverte-du-cafe-africain.jpg\",\"contentUrl\":\"https:\/\/www.safinel.fr\/wp-content\/uploads\/2023\/08\/A-la-decouverte-du-cafe-africain.jpg\",\"width\":1100,\"height\":578,\"caption\":\"caf\u00e9 africain\"},{\"@type\":\"BreadcrumbList\",\"@id\":\"https:\/\/www.safinel.fr\/cafe-africain\/#breadcrumb\",\"itemListElement\":[{\"@type\":\"ListItem\",\"position\":1,\"name\":\"Accueil\",\"item\":\"https:\/\/www.safinel.fr\/\"},{\"@type\":\"ListItem\",\"position\":2,\"name\":\"\u00c0 la d\u00e9couverte du caf\u00e9 africain : saveurs et traditions\"}]},{\"@type\":\"WebSite\",\"@id\":\"https:\/\/www.safinel.fr\/#website\",\"url\":\"https:\/\/www.safinel.fr\/\",\"name\":\"Safinel\",\"description\":\"\",\"publisher\":{\"@id\":\"https:\/\/www.safinel.fr\/#organization\"},\"potentialAction\":[{\"@type\":\"SearchAction\",\"target\":{\"@type\":\"EntryPoint\",\"urlTemplate\":\"https:\/\/www.safinel.fr\/?s={search_term_string}\"},\"query-input\":{\"@type\":\"PropertyValueSpecification\",\"valueRequired\":true,\"valueName\":\"search_term_string\"}}],\"inLanguage\":\"pt-PT\"},{\"@type\":\"Organization\",\"@id\":\"https:\/\/www.safinel.fr\/#organization\",\"name\":\"Safinel\",\"url\":\"https:\/\/www.safinel.fr\/\",\"logo\":{\"@type\":\"ImageObject\",\"inLanguage\":\"pt-PT\",\"@id\":\"https:\/\/www.safinel.fr\/#\/schema\/logo\/image\/\",\"url\":\"https:\/\/www.safinel.fr\/wp-content\/uploads\/2021\/05\/boutique-cosmetique.png\",\"contentUrl\":\"https:\/\/www.safinel.fr\/wp-content\/uploads\/2021\/05\/boutique-cosmetique.png\",\"width\":800,\"height\":200,\"caption\":\"Safinel\"},\"image\":{\"@id\":\"https:\/\/www.safinel.fr\/#\/schema\/logo\/image\/\"}},{\"@type\":\"Person\",\"@id\":\"https:\/\/www.safinel.fr\/#\/schema\/person\/721a83294300152db59954bbb2f0fcc5\",\"name\":\"Boutique Safinel\",\"image\":{\"@type\":\"ImageObject\",\"inLanguage\":\"pt-PT\",\"@id\":\"https:\/\/www.safinel.fr\/#\/schema\/person\/image\/\",\"url\":\"https:\/\/secure.gravatar.com\/avatar\/f68981bb0c0938d0f69d6a4651de60c9260d8f0f22d18b1520c25e25d86b5057?s=96&d=mm&r=g\",\"contentUrl\":\"https:\/\/secure.gravatar.com\/avatar\/f68981bb0c0938d0f69d6a4651de60c9260d8f0f22d18b1520c25e25d86b5057?s=96&d=mm&r=g\",\"caption\":\"Boutique Safinel\"},\"sameAs\":[\"https:\/\/www.safinel.fr\"],\"url\":\"https:\/\/www.safinel.fr\/pt\/author\/boutique-safinel\/\"}]}<\/script>\n<!-- \/ Yoast SEO plugin. -->","yoast_head_json":{"title":"Caf\u00e9 africano | Sabores e tradi\u00e7\u00f5es | Zoom sobre a sua hist\u00f3ria","description":"O caf\u00e9 africano destaca-se pela sua riqueza de aromas e pelos seus diferentes m\u00e9todos de prepara\u00e7\u00e3o. Veja um panorama geral neste artigo!","robots":{"index":"index","follow":"follow","max-snippet":"max-snippet:-1","max-image-preview":"max-image-preview:large","max-video-preview":"max-video-preview:-1"},"canonical":"https:\/\/www.safinel.fr\/pt\/cafe-africano\/","og_locale":"pt_PT","og_type":"article","og_title":"Caf\u00e9 africain | Saveurs et traditions | Zoom sur son histoire","og_description":"Le\u00a0caf\u00e9 africain\u00a0se distingue par sa richesse en ar\u00f4mes et ses diff\u00e9rentes m\u00e9thodes de pr\u00e9paration. Tour d'horizon dans cet article !","og_url":"https:\/\/www.safinel.fr\/pt\/cafe-africano\/","og_site_name":"Safinel","article_published_time":"2023-08-02T14:20:18+00:00","article_modified_time":"2023-08-02T14:20:20+00:00","og_image":[{"width":1100,"height":578,"url":"https:\/\/www.safinel.fr\/wp-content\/uploads\/2023\/08\/A-la-decouverte-du-cafe-africain.jpg","type":"image\/jpeg"}],"author":"Boutique Safinel","twitter_card":"summary_large_image","twitter_misc":{"Escrito por":"Boutique Safinel","Tempo estimado de leitura":"4 minutos"},"schema":{"@context":"https:\/\/schema.org","@graph":[{"@type":"Article","@id":"https:\/\/www.safinel.fr\/cafe-africain\/#article","isPartOf":{"@id":"https:\/\/www.safinel.fr\/cafe-africain\/"},"author":{"name":"Boutique Safinel","@id":"https:\/\/www.safinel.fr\/#\/schema\/person\/721a83294300152db59954bbb2f0fcc5"},"headline":"\u00c0 la d\u00e9couverte du caf\u00e9 africain : saveurs et traditions","datePublished":"2023-08-02T14:20:18+00:00","dateModified":"2023-08-02T14:20:20+00:00","mainEntityOfPage":{"@id":"https:\/\/www.safinel.fr\/cafe-africain\/"},"wordCount":885,"publisher":{"@id":"https:\/\/www.safinel.fr\/#organization"},"image":{"@id":"https:\/\/www.safinel.fr\/cafe-africain\/#primaryimage"},"thumbnailUrl":"https:\/\/www.safinel.fr\/wp-content\/uploads\/2023\/08\/A-la-decouverte-du-cafe-africain.jpg","articleSection":["Divers"],"inLanguage":"pt-PT"},{"@type":"WebPage","@id":"https:\/\/www.safinel.fr\/cafe-africain\/","url":"https:\/\/www.safinel.fr\/cafe-africain\/","name":"Caf\u00e9 africano | Sabores e tradi\u00e7\u00f5es | Zoom sobre a sua hist\u00f3ria","isPartOf":{"@id":"https:\/\/www.safinel.fr\/#website"},"primaryImageOfPage":{"@id":"https:\/\/www.safinel.fr\/cafe-africain\/#primaryimage"},"image":{"@id":"https:\/\/www.safinel.fr\/cafe-africain\/#primaryimage"},"thumbnailUrl":"https:\/\/www.safinel.fr\/wp-content\/uploads\/2023\/08\/A-la-decouverte-du-cafe-africain.jpg","datePublished":"2023-08-02T14:20:18+00:00","dateModified":"2023-08-02T14:20:20+00:00","description":"O caf\u00e9 africano destaca-se pela sua riqueza de aromas e pelos seus diferentes m\u00e9todos de prepara\u00e7\u00e3o. Veja um panorama geral neste artigo!","breadcrumb":{"@id":"https:\/\/www.safinel.fr\/cafe-africain\/#breadcrumb"},"inLanguage":"pt-PT","potentialAction":[{"@type":"ReadAction","target":["https:\/\/www.safinel.fr\/cafe-africain\/"]}]},{"@type":"ImageObject","inLanguage":"pt-PT","@id":"https:\/\/www.safinel.fr\/cafe-africain\/#primaryimage","url":"https:\/\/www.safinel.fr\/wp-content\/uploads\/2023\/08\/A-la-decouverte-du-cafe-africain.jpg","contentUrl":"https:\/\/www.safinel.fr\/wp-content\/uploads\/2023\/08\/A-la-decouverte-du-cafe-africain.jpg","width":1100,"height":578,"caption":"caf\u00e9 africain"},{"@type":"BreadcrumbList","@id":"https:\/\/www.safinel.fr\/cafe-africain\/#breadcrumb","itemListElement":[{"@type":"ListItem","position":1,"name":"Accueil","item":"https:\/\/www.safinel.fr\/"},{"@type":"ListItem","position":2,"name":"\u00c0 la d\u00e9couverte du caf\u00e9 africain : saveurs et traditions"}]},{"@type":"WebSite","@id":"https:\/\/www.safinel.fr\/#website","url":"https:\/\/www.safinel.fr\/","name":"Safinel","description":"","publisher":{"@id":"https:\/\/www.safinel.fr\/#organization"},"potentialAction":[{"@type":"SearchAction","target":{"@type":"EntryPoint","urlTemplate":"https:\/\/www.safinel.fr\/?s={search_term_string}"},"query-input":{"@type":"PropertyValueSpecification","valueRequired":true,"valueName":"search_term_string"}}],"inLanguage":"pt-PT"},{"@type":"Organization","@id":"https:\/\/www.safinel.fr\/#organization","name":"Safinel","url":"https:\/\/www.safinel.fr\/","logo":{"@type":"ImageObject","inLanguage":"pt-PT","@id":"https:\/\/www.safinel.fr\/#\/schema\/logo\/image\/","url":"https:\/\/www.safinel.fr\/wp-content\/uploads\/2021\/05\/boutique-cosmetique.png","contentUrl":"https:\/\/www.safinel.fr\/wp-content\/uploads\/2021\/05\/boutique-cosmetique.png","width":800,"height":200,"caption":"Safinel"},"image":{"@id":"https:\/\/www.safinel.fr\/#\/schema\/logo\/image\/"}},{"@type":"Person","@id":"https:\/\/www.safinel.fr\/#\/schema\/person\/721a83294300152db59954bbb2f0fcc5","name":"Loja Safinel","image":{"@type":"ImageObject","inLanguage":"pt-PT","@id":"https:\/\/www.safinel.fr\/#\/schema\/person\/image\/","url":"https:\/\/secure.gravatar.com\/avatar\/f68981bb0c0938d0f69d6a4651de60c9260d8f0f22d18b1520c25e25d86b5057?s=96&d=mm&r=g","contentUrl":"https:\/\/secure.gravatar.com\/avatar\/f68981bb0c0938d0f69d6a4651de60c9260d8f0f22d18b1520c25e25d86b5057?s=96&d=mm&r=g","caption":"Boutique Safinel"},"sameAs":["https:\/\/www.safinel.fr"],"url":"https:\/\/www.safinel.fr\/pt\/author\/boutique-safinel\/"}]}},"_links":{"self":[{"href":"https:\/\/www.safinel.fr\/pt\/wp-json\/wp\/v2\/posts\/7558","targetHints":{"allow":["GET"]}}],"collection":[{"href":"https:\/\/www.safinel.fr\/pt\/wp-json\/wp\/v2\/posts"}],"about":[{"href":"https:\/\/www.safinel.fr\/pt\/wp-json\/wp\/v2\/types\/post"}],"author":[{"embeddable":true,"href":"https:\/\/www.safinel.fr\/pt\/wp-json\/wp\/v2\/users\/1"}],"replies":[{"embeddable":true,"href":"https:\/\/www.safinel.fr\/pt\/wp-json\/wp\/v2\/comments?post=7558"}],"version-history":[{"count":1,"href":"https:\/\/www.safinel.fr\/pt\/wp-json\/wp\/v2\/posts\/7558\/revisions"}],"predecessor-version":[{"id":7561,"href":"https:\/\/www.safinel.fr\/pt\/wp-json\/wp\/v2\/posts\/7558\/revisions\/7561"}],"wp:featuredmedia":[{"embeddable":true,"href":"https:\/\/www.safinel.fr\/pt\/wp-json\/wp\/v2\/media\/7560"}],"wp:attachment":[{"href":"https:\/\/www.safinel.fr\/pt\/wp-json\/wp\/v2\/media?parent=7558"}],"wp:term":[{"taxonomy":"category","embeddable":true,"href":"https:\/\/www.safinel.fr\/pt\/wp-json\/wp\/v2\/categories?post=7558"},{"taxonomy":"post_tag","embeddable":true,"href":"https:\/\/www.safinel.fr\/pt\/wp-json\/wp\/v2\/tags?post=7558"}],"curies":[{"name":"wp","href":"https:\/\/api.w.org\/{rel}","templated":true}]}}