{"id":7284,"date":"2023-07-24T11:37:29","date_gmt":"2023-07-24T11:37:29","guid":{"rendered":"https:\/\/www.safinel.fr\/?p=7284"},"modified":"2023-07-24T11:37:32","modified_gmt":"2023-07-24T11:37:32","slug":"boubou-africano-masculino","status":"publish","type":"post","link":"https:\/\/www.safinel.fr\/pt\/boubou-africano-masculino\/","title":{"rendered":"O boubou africano masculino: uma pe\u00e7a de roupa tradicional em voga"},"content":{"rendered":"<p>O\u00a0<strong>boubou africano masculino<\/strong>\u00a0\u00e9 uma pe\u00e7a de vestu\u00e1rio emblem\u00e1tica de \u00c1frica, que seduz pelo seu corte e pelos seus padr\u00f5es coloridos. Se milhares de homens em todo o continente ainda a usam hoje em dia, \u00e9 devido \u00e0 qualidade desta pe\u00e7a, mas tamb\u00e9m porque ela se reinventa constantemente. <\/p>\n\n\n\n<p>Na ordem do dia, sugerimos que descubra as diferentes facetas do boubou africano para homem, bem como as tend\u00eancias atuais e as melhores cole\u00e7\u00f5es para encontrar o seu estilo!<\/p>\n\n\n\n<h2 class=\"wp-block-heading\" id=\"h-les-origines-du-boubou-africain\"><strong>As origens do boubou africano<\/strong><\/h2>\n\n\n\n<p>O boubou, tamb\u00e9m chamado de grande boubou, \u00e9 uma pe\u00e7a de roupa larga e comprida, geralmente composta por um grande peda\u00e7o de tecido enrolado em volta do corpo. <\/p>\n\n\n\n<p>A sua origem remonta a s\u00e9culos atr\u00e1s, quando os povos n\u00f3madas de \u00c1frica usavam este tipo de vestu\u00e1rio para se protegerem do sol e do p\u00f3.<\/p>\n\n\n\n<p>Com o tempo, o boubou evoluiu para se tornar uma pe\u00e7a de <strong><a href=\"https:\/\/www.safinel.fr\/pt\/lenco-africano\/\">moda<\/a><\/strong> indispens\u00e1vel na\u00a0<strong>traje africano<\/strong>. Atualmente, \u00e9 usado por homens de todas as etnias e origens. Especialmente em eventos especiais ou cerim\u00f3nias religiosas, assim como <strong><a href=\"https:\/\/www.my-qamis.com\" target=\"_blank\" rel=\"noreferrer noopener\">o seu colega, o qamis masculino<\/a><\/strong>. O boubou africano para homem \u00e9, portanto, t\u00e3o apreciado pelo seu conforto como pela sua eleg\u00e2ncia.<\/p>\n\n\n\n<h2 class=\"wp-block-heading\" id=\"h-les-diff-rentes-variantes-du-boubou-africain-homme\"><strong>As diferentes variantes do boubou africano masculino<\/strong><\/h2>\n\n\n\n<p>Existem v\u00e1rios tipos de boubous, que variam de acordo com as regi\u00f5es e os costumes. <\/p>\n\n\n\n<p><strong>Aqui est\u00e3o algumas das variantes mais populares:<\/strong><\/p>\n\n\n\n<ul class=\"wp-block-list\">\n<li><strong>O grande boubou<\/strong> : trata-se do boubou tradicional, com um comprimento que vai at\u00e9 aos tornozelos e mangas largas.<\/li>\n\n\n\n<li><strong>O boubou curto<\/strong> : esta vers\u00e3o \u00e9 mais curta do que o boubou grande, chegando geralmente aos joelhos ou a meio da coxa.<\/li>\n\n\n\n<li><strong>O boubou com capuz<\/strong> : como o pr\u00f3prio nome indica, este modelo tem um capuz, o que confere \u00e0 pe\u00e7a um aspeto pr\u00e1tico e moderno.<\/li>\n\n\n\n<li><strong>O boubou em pagne<\/strong> : esta variante utiliza um tecido estampado chamado pagne, frequentemente decorado com motivos geom\u00e9tricos e coloridos.<\/li>\n<\/ul>\n\n\n\n<h3 class=\"wp-block-heading\" id=\"h-boubou-simple-ou-brod\"><strong>Boubou simples ou bordado<\/strong><\/h3>\n\n\n\n<p>O boubou tamb\u00e9m pode ser liso ou bordado. A bordado \u00e9 frequentemente feita com fios dourados ou prateados, e acrescenta um toque de eleg\u00e2ncia adicional \u00e0 pe\u00e7a. Dependendo dos seus gostos e do evento para o qual ir\u00e1 usar o seu boubou, pode optar por um modelo s\u00f3brio e simples, ou escolher um boubou ricamente bordado e decorado.<\/p>\n\n\n\n<h2 class=\"wp-block-heading\" id=\"h-tendances-actuelles-du-boubou-africain-homme\"><strong>Tend\u00eancias atuais do boubou africano masculino<\/strong><\/h2>\n\n\n\n<p>Hoje em dia, o boubou africano para homem est\u00e1 dispon\u00edvel numa grande variedade de estilos, cortes e cores. Os criadores e as marcas de moda africanas competem em criatividade para oferecer modelos cada vez mais modernos e inovadores.<\/p>\n\n\n\n<h3 class=\"wp-block-heading\" id=\"h-les-motifs-et-tissus-modernes\"><strong>Os padr\u00f5es e tecidos modernos<\/strong><\/h3>\n\n\n\n<p>Os tecidos utilizados para confeccionar um boubou est\u00e3o a diversificar-se: embora o pagne continue a ser um material muito apreciado, tamb\u00e9m se encontram boubous em wax, seda ou algod\u00e3o estampado. Os padr\u00f5es s\u00e3o mais contempor\u00e2neos, com designs gr\u00e1ficos, florais ou abstratos que refletem a riqueza cultural do continente africano.<\/p>\n\n\n\n<h3 class=\"wp-block-heading\" id=\"h-les-coupes-revisit-es\"><strong>Os cortes revisitados<\/strong><\/h3>\n\n\n\n<p>O corte tradicional do boubou tamb\u00e9m foi revisitado para acompanhar a moda atual. Entre as novidades, encontram-se boubous ajustados \u00e0 cintura, modelos sem mangas ou pe\u00e7as assim\u00e9tricas. Estes novos cortes permitem adaptar o boubou aos gostos de cada um e integr\u00e1-lo facilmente num guarda-roupa moderno.<\/p>\n\n\n\n<h3 class=\"wp-block-heading\" id=\"h-trouver-le-boubou-africain-homme-id-al\"><strong>Encontrar o boubou africano masculino ideal<\/strong><\/h3>\n\n\n\n<p>Para encontrar o boubou africano masculino que mais lhe conv\u00e9m, existem v\u00e1rias op\u00e7\u00f5es \u00e0 sua disposi\u00e7\u00e3o:<\/p>\n\n\n\n<ol class=\"wp-block-list\">\n<li>Descubra as cole\u00e7\u00f5es de designers africanos, que frequentemente apresentam modelos originais e de qualidade. Algumas lojas online especializadas em moda africana tamb\u00e9m oferecem boubous dessas cole\u00e7\u00f5es.<\/li>\n\n\n\n<li>Visite os mercados locais ou as lojas de artesanato se tiver a oportunidade de viajar pela \u00c1frica. Assim, poder\u00e1 encontrar um boubou \u00fanico, feito \u00e0 medida e a um pre\u00e7o acess\u00edvel.&nbsp;<strong>pre\u00e7o imbat\u00edvel<\/strong>.<\/li>\n\n\n\n<li>N\u00e3o hesite em consultar as redes sociais ou os blogs especializados em moda africana para descobrir as \u00faltimas tend\u00eancias e encontrar ideias de looks com um boubou masculino.<\/li>\n<\/ol>\n\n\n\n<p>Por fim, n\u00e3o se esque\u00e7a de que o boubou africano masculino \u00e9 uma pe\u00e7a de roupa vers\u00e1til: use-o com cal\u00e7as a condizer para um look elegante e sofisticado, ou combine-o com jeans e t\u00e9nis para um look mais casual. Sinta-se \u00e0 vontade para expressar a sua personalidade e estilo atrav\u00e9s desta pe\u00e7a de roupa emblem\u00e1tica de \u00c1frica!<\/p>","protected":false},"excerpt":{"rendered":"<p>O boubou africano masculino \u00e9 uma pe\u00e7a de roupa emblem\u00e1tica da \u00c1frica, que seduz pelo seu corte e pelos seus padr\u00f5es coloridos. Se milhares de homens em todo o continente ainda o usam hoje em dia, \u00e9 devido \u00e0 qualidade desta pe\u00e7a, mas tamb\u00e9m porque ela se reinventa constantemente. Na ordem do dia, propomos-lhe descobrir [\u2026]","protected":false},"author":1,"featured_media":7285,"comment_status":"closed","ping_status":"closed","sticky":false,"template":"","format":"standard","meta":{"footnotes":""},"categories":[1],"tags":[],"class_list":["post-7284","post","type-post","status-publish","format-standard","has-post-thumbnail","hentry","category-divers"],"yoast_head":"<!-- This site is optimized with the Yoast SEO plugin v26.6 - https:\/\/yoast.com\/wordpress\/plugins\/seo\/ -->\n<title>Boubou africain homme | La tenue africaine par excellence<\/title>\n<meta name=\"description\" content=\"Le\u00a0boubou africain homme\u00a0est un v\u00eatement embl\u00e9matique de l&#039;Afrique, qui s\u00e9duit par sa coupe et ses motifs color\u00e9s.\" \/>\n<meta name=\"robots\" content=\"index, follow, max-snippet:-1, max-image-preview:large, max-video-preview:-1\" \/>\n<link rel=\"canonical\" href=\"https:\/\/www.safinel.fr\/pt\/boubou-africano-masculino\/\" \/>\n<meta property=\"og:locale\" content=\"pt_PT\" \/>\n<meta property=\"og:type\" content=\"article\" \/>\n<meta property=\"og:title\" content=\"Boubou africain homme | La tenue africaine par excellence\" \/>\n<meta property=\"og:description\" content=\"Le\u00a0boubou africain homme\u00a0est un v\u00eatement embl\u00e9matique de l&#039;Afrique, qui s\u00e9duit par sa coupe et ses motifs color\u00e9s.\" \/>\n<meta property=\"og:url\" content=\"https:\/\/www.safinel.fr\/pt\/boubou-africano-masculino\/\" \/>\n<meta property=\"og:site_name\" content=\"Safinel\" \/>\n<meta property=\"article:published_time\" content=\"2023-07-24T11:37:29+00:00\" \/>\n<meta property=\"article:modified_time\" content=\"2023-07-24T11:37:32+00:00\" \/>\n<meta property=\"og:image\" content=\"https:\/\/www.safinel.fr\/wp-content\/uploads\/2023\/07\/Le-boubou-africain-homme.jpg\" \/>\n\t<meta property=\"og:image:width\" content=\"1100\" \/>\n\t<meta property=\"og:image:height\" content=\"578\" \/>\n\t<meta property=\"og:image:type\" content=\"image\/jpeg\" \/>\n<meta name=\"author\" content=\"Boutique Safinel\" \/>\n<meta name=\"twitter:card\" content=\"summary_large_image\" \/>\n<meta name=\"twitter:label1\" content=\"Escrito por\" \/>\n\t<meta name=\"twitter:data1\" content=\"Boutique Safinel\" \/>\n\t<meta name=\"twitter:label2\" content=\"Tempo estimado de leitura\" \/>\n\t<meta name=\"twitter:data2\" content=\"4 minutos\" \/>\n<script type=\"application\/ld+json\" class=\"yoast-schema-graph\">{\"@context\":\"https:\/\/schema.org\",\"@graph\":[{\"@type\":\"Article\",\"@id\":\"https:\/\/www.safinel.fr\/boubou-africain-homme\/#article\",\"isPartOf\":{\"@id\":\"https:\/\/www.safinel.fr\/boubou-africain-homme\/\"},\"author\":{\"name\":\"Boutique Safinel\",\"@id\":\"https:\/\/www.safinel.fr\/#\/schema\/person\/721a83294300152db59954bbb2f0fcc5\"},\"headline\":\"Le boubou africain homme : un v\u00eatement traditionnel au go\u00fbt du jour\",\"datePublished\":\"2023-07-24T11:37:29+00:00\",\"dateModified\":\"2023-07-24T11:37:32+00:00\",\"mainEntityOfPage\":{\"@id\":\"https:\/\/www.safinel.fr\/boubou-africain-homme\/\"},\"wordCount\":792,\"publisher\":{\"@id\":\"https:\/\/www.safinel.fr\/#organization\"},\"image\":{\"@id\":\"https:\/\/www.safinel.fr\/boubou-africain-homme\/#primaryimage\"},\"thumbnailUrl\":\"https:\/\/www.safinel.fr\/wp-content\/uploads\/2023\/07\/Le-boubou-africain-homme.jpg\",\"articleSection\":[\"Divers\"],\"inLanguage\":\"pt-PT\"},{\"@type\":\"WebPage\",\"@id\":\"https:\/\/www.safinel.fr\/boubou-africain-homme\/\",\"url\":\"https:\/\/www.safinel.fr\/boubou-africain-homme\/\",\"name\":\"Boubou africain homme | La tenue africaine par excellence\",\"isPartOf\":{\"@id\":\"https:\/\/www.safinel.fr\/#website\"},\"primaryImageOfPage\":{\"@id\":\"https:\/\/www.safinel.fr\/boubou-africain-homme\/#primaryimage\"},\"image\":{\"@id\":\"https:\/\/www.safinel.fr\/boubou-africain-homme\/#primaryimage\"},\"thumbnailUrl\":\"https:\/\/www.safinel.fr\/wp-content\/uploads\/2023\/07\/Le-boubou-africain-homme.jpg\",\"datePublished\":\"2023-07-24T11:37:29+00:00\",\"dateModified\":\"2023-07-24T11:37:32+00:00\",\"description\":\"Le\u00a0boubou africain homme\u00a0est un v\u00eatement embl\u00e9matique de l'Afrique, qui s\u00e9duit par sa coupe et ses motifs color\u00e9s.\",\"breadcrumb\":{\"@id\":\"https:\/\/www.safinel.fr\/boubou-africain-homme\/#breadcrumb\"},\"inLanguage\":\"pt-PT\",\"potentialAction\":[{\"@type\":\"ReadAction\",\"target\":[\"https:\/\/www.safinel.fr\/boubou-africain-homme\/\"]}]},{\"@type\":\"ImageObject\",\"inLanguage\":\"pt-PT\",\"@id\":\"https:\/\/www.safinel.fr\/boubou-africain-homme\/#primaryimage\",\"url\":\"https:\/\/www.safinel.fr\/wp-content\/uploads\/2023\/07\/Le-boubou-africain-homme.jpg\",\"contentUrl\":\"https:\/\/www.safinel.fr\/wp-content\/uploads\/2023\/07\/Le-boubou-africain-homme.jpg\",\"width\":1100,\"height\":578,\"caption\":\"boubou africain homme\"},{\"@type\":\"BreadcrumbList\",\"@id\":\"https:\/\/www.safinel.fr\/boubou-africain-homme\/#breadcrumb\",\"itemListElement\":[{\"@type\":\"ListItem\",\"position\":1,\"name\":\"Accueil\",\"item\":\"https:\/\/www.safinel.fr\/\"},{\"@type\":\"ListItem\",\"position\":2,\"name\":\"Le boubou africain homme : un v\u00eatement traditionnel au go\u00fbt du jour\"}]},{\"@type\":\"WebSite\",\"@id\":\"https:\/\/www.safinel.fr\/#website\",\"url\":\"https:\/\/www.safinel.fr\/\",\"name\":\"Safinel\",\"description\":\"\",\"publisher\":{\"@id\":\"https:\/\/www.safinel.fr\/#organization\"},\"potentialAction\":[{\"@type\":\"SearchAction\",\"target\":{\"@type\":\"EntryPoint\",\"urlTemplate\":\"https:\/\/www.safinel.fr\/?s={search_term_string}\"},\"query-input\":{\"@type\":\"PropertyValueSpecification\",\"valueRequired\":true,\"valueName\":\"search_term_string\"}}],\"inLanguage\":\"pt-PT\"},{\"@type\":\"Organization\",\"@id\":\"https:\/\/www.safinel.fr\/#organization\",\"name\":\"Safinel\",\"url\":\"https:\/\/www.safinel.fr\/\",\"logo\":{\"@type\":\"ImageObject\",\"inLanguage\":\"pt-PT\",\"@id\":\"https:\/\/www.safinel.fr\/#\/schema\/logo\/image\/\",\"url\":\"https:\/\/www.safinel.fr\/wp-content\/uploads\/2021\/05\/boutique-cosmetique.png\",\"contentUrl\":\"https:\/\/www.safinel.fr\/wp-content\/uploads\/2021\/05\/boutique-cosmetique.png\",\"width\":800,\"height\":200,\"caption\":\"Safinel\"},\"image\":{\"@id\":\"https:\/\/www.safinel.fr\/#\/schema\/logo\/image\/\"}},{\"@type\":\"Person\",\"@id\":\"https:\/\/www.safinel.fr\/#\/schema\/person\/721a83294300152db59954bbb2f0fcc5\",\"name\":\"Boutique Safinel\",\"image\":{\"@type\":\"ImageObject\",\"inLanguage\":\"pt-PT\",\"@id\":\"https:\/\/www.safinel.fr\/#\/schema\/person\/image\/\",\"url\":\"https:\/\/secure.gravatar.com\/avatar\/f68981bb0c0938d0f69d6a4651de60c9260d8f0f22d18b1520c25e25d86b5057?s=96&d=mm&r=g\",\"contentUrl\":\"https:\/\/secure.gravatar.com\/avatar\/f68981bb0c0938d0f69d6a4651de60c9260d8f0f22d18b1520c25e25d86b5057?s=96&d=mm&r=g\",\"caption\":\"Boutique Safinel\"},\"sameAs\":[\"https:\/\/www.safinel.fr\"],\"url\":\"https:\/\/www.safinel.fr\/pt\/author\/boutique-safinel\/\"}]}<\/script>\n<!-- \/ Yoast SEO plugin. -->","yoast_head_json":{"title":"Boubou africano masculino | O traje africano por excel\u00eancia","description":"O boubou africano masculino \u00e9 uma pe\u00e7a de roupa emblem\u00e1tica da \u00c1frica, que seduz pelo seu corte e pelos seus padr\u00f5es coloridos.","robots":{"index":"index","follow":"follow","max-snippet":"max-snippet:-1","max-image-preview":"max-image-preview:large","max-video-preview":"max-video-preview:-1"},"canonical":"https:\/\/www.safinel.fr\/pt\/boubou-africano-masculino\/","og_locale":"pt_PT","og_type":"article","og_title":"Boubou africain homme | La tenue africaine par excellence","og_description":"Le\u00a0boubou africain homme\u00a0est un v\u00eatement embl\u00e9matique de l'Afrique, qui s\u00e9duit par sa coupe et ses motifs color\u00e9s.","og_url":"https:\/\/www.safinel.fr\/pt\/boubou-africano-masculino\/","og_site_name":"Safinel","article_published_time":"2023-07-24T11:37:29+00:00","article_modified_time":"2023-07-24T11:37:32+00:00","og_image":[{"width":1100,"height":578,"url":"https:\/\/www.safinel.fr\/wp-content\/uploads\/2023\/07\/Le-boubou-africain-homme.jpg","type":"image\/jpeg"}],"author":"Boutique Safinel","twitter_card":"summary_large_image","twitter_misc":{"Escrito por":"Boutique Safinel","Tempo estimado de leitura":"4 minutos"},"schema":{"@context":"https:\/\/schema.org","@graph":[{"@type":"Article","@id":"https:\/\/www.safinel.fr\/boubou-africain-homme\/#article","isPartOf":{"@id":"https:\/\/www.safinel.fr\/boubou-africain-homme\/"},"author":{"name":"Boutique Safinel","@id":"https:\/\/www.safinel.fr\/#\/schema\/person\/721a83294300152db59954bbb2f0fcc5"},"headline":"Le boubou africain homme : un v\u00eatement traditionnel au go\u00fbt du jour","datePublished":"2023-07-24T11:37:29+00:00","dateModified":"2023-07-24T11:37:32+00:00","mainEntityOfPage":{"@id":"https:\/\/www.safinel.fr\/boubou-africain-homme\/"},"wordCount":792,"publisher":{"@id":"https:\/\/www.safinel.fr\/#organization"},"image":{"@id":"https:\/\/www.safinel.fr\/boubou-africain-homme\/#primaryimage"},"thumbnailUrl":"https:\/\/www.safinel.fr\/wp-content\/uploads\/2023\/07\/Le-boubou-africain-homme.jpg","articleSection":["Divers"],"inLanguage":"pt-PT"},{"@type":"WebPage","@id":"https:\/\/www.safinel.fr\/boubou-africain-homme\/","url":"https:\/\/www.safinel.fr\/boubou-africain-homme\/","name":"Boubou africano masculino | O traje africano por excel\u00eancia","isPartOf":{"@id":"https:\/\/www.safinel.fr\/#website"},"primaryImageOfPage":{"@id":"https:\/\/www.safinel.fr\/boubou-africain-homme\/#primaryimage"},"image":{"@id":"https:\/\/www.safinel.fr\/boubou-africain-homme\/#primaryimage"},"thumbnailUrl":"https:\/\/www.safinel.fr\/wp-content\/uploads\/2023\/07\/Le-boubou-africain-homme.jpg","datePublished":"2023-07-24T11:37:29+00:00","dateModified":"2023-07-24T11:37:32+00:00","description":"O boubou africano masculino \u00e9 uma pe\u00e7a de roupa emblem\u00e1tica da \u00c1frica, que seduz pelo seu corte e pelos seus padr\u00f5es coloridos.","breadcrumb":{"@id":"https:\/\/www.safinel.fr\/boubou-africain-homme\/#breadcrumb"},"inLanguage":"pt-PT","potentialAction":[{"@type":"ReadAction","target":["https:\/\/www.safinel.fr\/boubou-africain-homme\/"]}]},{"@type":"ImageObject","inLanguage":"pt-PT","@id":"https:\/\/www.safinel.fr\/boubou-africain-homme\/#primaryimage","url":"https:\/\/www.safinel.fr\/wp-content\/uploads\/2023\/07\/Le-boubou-africain-homme.jpg","contentUrl":"https:\/\/www.safinel.fr\/wp-content\/uploads\/2023\/07\/Le-boubou-africain-homme.jpg","width":1100,"height":578,"caption":"boubou africain homme"},{"@type":"BreadcrumbList","@id":"https:\/\/www.safinel.fr\/boubou-africain-homme\/#breadcrumb","itemListElement":[{"@type":"ListItem","position":1,"name":"Accueil","item":"https:\/\/www.safinel.fr\/"},{"@type":"ListItem","position":2,"name":"Le boubou africain homme : un v\u00eatement traditionnel au go\u00fbt du jour"}]},{"@type":"WebSite","@id":"https:\/\/www.safinel.fr\/#website","url":"https:\/\/www.safinel.fr\/","name":"Safinel","description":"","publisher":{"@id":"https:\/\/www.safinel.fr\/#organization"},"potentialAction":[{"@type":"SearchAction","target":{"@type":"EntryPoint","urlTemplate":"https:\/\/www.safinel.fr\/?s={search_term_string}"},"query-input":{"@type":"PropertyValueSpecification","valueRequired":true,"valueName":"search_term_string"}}],"inLanguage":"pt-PT"},{"@type":"Organization","@id":"https:\/\/www.safinel.fr\/#organization","name":"Safinel","url":"https:\/\/www.safinel.fr\/","logo":{"@type":"ImageObject","inLanguage":"pt-PT","@id":"https:\/\/www.safinel.fr\/#\/schema\/logo\/image\/","url":"https:\/\/www.safinel.fr\/wp-content\/uploads\/2021\/05\/boutique-cosmetique.png","contentUrl":"https:\/\/www.safinel.fr\/wp-content\/uploads\/2021\/05\/boutique-cosmetique.png","width":800,"height":200,"caption":"Safinel"},"image":{"@id":"https:\/\/www.safinel.fr\/#\/schema\/logo\/image\/"}},{"@type":"Person","@id":"https:\/\/www.safinel.fr\/#\/schema\/person\/721a83294300152db59954bbb2f0fcc5","name":"Loja Safinel","image":{"@type":"ImageObject","inLanguage":"pt-PT","@id":"https:\/\/www.safinel.fr\/#\/schema\/person\/image\/","url":"https:\/\/secure.gravatar.com\/avatar\/f68981bb0c0938d0f69d6a4651de60c9260d8f0f22d18b1520c25e25d86b5057?s=96&d=mm&r=g","contentUrl":"https:\/\/secure.gravatar.com\/avatar\/f68981bb0c0938d0f69d6a4651de60c9260d8f0f22d18b1520c25e25d86b5057?s=96&d=mm&r=g","caption":"Boutique Safinel"},"sameAs":["https:\/\/www.safinel.fr"],"url":"https:\/\/www.safinel.fr\/pt\/author\/boutique-safinel\/"}]}},"_links":{"self":[{"href":"https:\/\/www.safinel.fr\/pt\/wp-json\/wp\/v2\/posts\/7284","targetHints":{"allow":["GET"]}}],"collection":[{"href":"https:\/\/www.safinel.fr\/pt\/wp-json\/wp\/v2\/posts"}],"about":[{"href":"https:\/\/www.safinel.fr\/pt\/wp-json\/wp\/v2\/types\/post"}],"author":[{"embeddable":true,"href":"https:\/\/www.safinel.fr\/pt\/wp-json\/wp\/v2\/users\/1"}],"replies":[{"embeddable":true,"href":"https:\/\/www.safinel.fr\/pt\/wp-json\/wp\/v2\/comments?post=7284"}],"version-history":[{"count":1,"href":"https:\/\/www.safinel.fr\/pt\/wp-json\/wp\/v2\/posts\/7284\/revisions"}],"predecessor-version":[{"id":7286,"href":"https:\/\/www.safinel.fr\/pt\/wp-json\/wp\/v2\/posts\/7284\/revisions\/7286"}],"wp:featuredmedia":[{"embeddable":true,"href":"https:\/\/www.safinel.fr\/pt\/wp-json\/wp\/v2\/media\/7285"}],"wp:attachment":[{"href":"https:\/\/www.safinel.fr\/pt\/wp-json\/wp\/v2\/media?parent=7284"}],"wp:term":[{"taxonomy":"category","embeddable":true,"href":"https:\/\/www.safinel.fr\/pt\/wp-json\/wp\/v2\/categories?post=7284"},{"taxonomy":"post_tag","embeddable":true,"href":"https:\/\/www.safinel.fr\/pt\/wp-json\/wp\/v2\/tags?post=7284"}],"curies":[{"name":"wp","href":"https:\/\/api.w.org\/{rel}","templated":true}]}}