{"id":7050,"date":"2023-07-12T15:14:30","date_gmt":"2023-07-12T15:14:30","guid":{"rendered":"https:\/\/www.safinel.fr\/?p=7050"},"modified":"2023-07-12T15:14:32","modified_gmt":"2023-07-12T15:14:32","slug":"algaroba-africana","status":"publish","type":"post","link":"https:\/\/www.safinel.fr\/pt\/algaroba-africana\/","title":{"rendered":"A alfarrobeira africana: uma planta com m\u00faltiplos benef\u00edcios"},"content":{"rendered":"<p>O\u00a0<strong>algaroba africana<\/strong>\u00a0\u00e9 uma \u00e1rvore origin\u00e1ria da regi\u00e3o mediterr\u00e2nica e do M\u00e9dio Oriente. Esta planta tamb\u00e9m \u00e9 conhecida pelo nome de Ceratonia siliqua e pertence \u00e0 fam\u00edlia das leguminosas. A alfarroba \u00e9 amplamente cultivada pelas suas vagens comest\u00edveis e pela sua riqueza em fibras, prote\u00ednas, minerais e vitaminas. Aqui, vamos explorar as diferentes utiliza\u00e7\u00f5es da alfarrobeira africana, bem como as suas propriedades nutricionais e medicinais.<\/p>\n\n\n\n<h2 class=\"wp-block-heading\" id=\"h-caract-ristiques-du-caroubier-africain\"><strong>Caracter\u00edsticas da alfarrobeira africana<\/strong><\/h2>\n\n\n\n<p>A alfarrobeira africana \u00e9 uma \u00e1rvore perene que pode atingir at\u00e9 10 metros de altura. As suas folhas s\u00e3o compostas por fol\u00edolos ovais, cori\u00e1ceos, verde-escuros e brilhantes. As flores s\u00e3o pequenas, de cor esverdeada e exalam um aroma agrad\u00e1vel. <\/p>\n\n\n\n<p>Os frutos s\u00e3o vagens castanhas, alongadas e ligeiramente curvadas, contendo numerosas sementes pretas e brilhantes.<\/p>\n\n\n\n<h3 class=\"wp-block-heading\" id=\"h-multiplication-et-culture-du-caroubier-africain\"><strong>Multiplica\u00e7\u00e3o e cultivo da alfarrobeira africana<\/strong><\/h3>\n\n\n\n<p>O alfarrobeiro africano multiplica-se principalmente por sementes, mas tamb\u00e9m pode ser propagado por estacas ou enxertos. \u00c9 muito resistente \u00e0 seca, tal como a <strong><a href=\"https:\/\/www.safinel.fr\/pt\/product-2\/rosa-de-jerico-chajarat-mariam\/\">rosa de Jeric\u00f3<\/a><\/strong> e tolera bem solos pobres e rochosos. <\/p>\n\n\n\n<p>Esta planta prefere climas quentes e ensolarados, com temperaturas entre 15 e 30 \u00b0C. \u00c9 sens\u00edvel \u00e0 geada e requer rega moderada.<\/p>\n\n\n\n<h2 class=\"wp-block-heading\" id=\"h-utilisations-du-caroubier-africain\"><strong>Utiliza\u00e7\u00f5es do alfarrobeiro africano<\/strong><\/h2>\n\n\n\n<p>A alfarrobeira africana tem in\u00fameras utiliza\u00e7\u00f5es na alimenta\u00e7\u00e3o, na medicina tradicional e na ind\u00fastria. As suas vagens s\u00e3o consumidas frescas ou secas, inteiras ou trituradas, sob a forma de p\u00f3, xarope ou compota. Tamb\u00e9m podem ser transformadas em farinha, manteiga ou chocolate sem cafe\u00edna nem teobromina.<\/p>\n\n\n\n<h3 class=\"wp-block-heading\" id=\"h-propri-t-s-nutritionnelles-de-la-caroube\"><strong>Propriedades nutricionais da alfarroba<\/strong><\/h3>\n\n\n\n<p>A alfarroba \u00e9 uma importante fonte de fibras alimentares, prote\u00ednas, minerais e vitaminas. Cont\u00e9m, nomeadamente, c\u00e1lcio (quase tr\u00eas vezes mais do que o leite), ferro, pot\u00e1ssio, magn\u00e9sio, zinco, vitaminas B, C e E, bem como antioxidantes, tais como polifen\u00f3is e flavonoides. Al\u00e9m disso, \u00e9 pobre em gorduras e \u00e1cidos gordos saturados e n\u00e3o cont\u00e9m gl\u00faten nem lactose.<\/p>\n\n\n\n<h3 class=\"wp-block-heading\" id=\"h-bienfaits-de-la-caroube-pour-la-sant\"><strong>Benef\u00edcios da alfarroba para a sa\u00fade<\/strong><\/h3>\n\n\n\n<ul class=\"wp-block-list\">\n<li><strong>Regula\u00e7\u00e3o do tr\u00e2nsito intestinal:<\/strong>&nbsp;Gra\u00e7as ao seu alto teor de fibras insol\u00faveis, a alfarroba favorece a digest\u00e3o e previne a obstipa\u00e7\u00e3o.<\/li>\n\n\n\n<li><strong>Controlo de peso:<\/strong>\u00a0As fibras sol\u00faveis da alfarroba formam um gel viscoso no est\u00f4mago. Isso proporciona uma sensa\u00e7\u00e3o de saciedade e reduz a ingest\u00e3o cal\u00f3rica.<\/li>\n\n\n\n<li><strong>Manuten\u00e7\u00e3o de um n\u00edvel glic\u00e9mico est\u00e1vel:<\/strong>\u00a0A alfarroba tem um baixo \u00edndice glic\u00e9mico e retarda a absor\u00e7\u00e3o dos hidratos de carbono. Isso ajuda a prevenir picos de glicose no sangue em pessoas com diabetes ou resist\u00eancia \u00e0 insulina.<\/li>\n\n\n\n<li><strong>Fortalecimento do sistema imunol\u00f3gico:<\/strong>&nbsp;Os antioxidantes presentes na alfarroba neutralizam os radicais livres e protegem as c\u00e9lulas contra os danos oxidativos, refor\u00e7ando as defesas naturais do organismo.<\/li>\n\n\n\n<li><strong>Sa\u00fade cardiovascular:<\/strong>&nbsp;A alfarroba ajuda a reduzir o n\u00edvel de colesterol LDL (colesterol \u00abmau\u00bb) e a aumentar o n\u00edvel de colesterol HDL (colesterol \u00abbom\u00bb), gra\u00e7as \u00e0s suas fibras sol\u00faveis e compostos fen\u00f3licos.<\/li>\n<\/ul>\n\n\n\n<h3 class=\"wp-block-heading\" id=\"h-utilisations-industrielles-du-caroubier-africain\">Utiliza\u00e7\u00f5es industriais da alfarrobeira africana<\/h3>\n\n\n\n<p>As sementes da alfarrobeira africana s\u00e3o utilizadas para produzir uma goma chamada \u00abgoma de alfarroba\u00bb, que \u00e9 utilizada como espessante, estabilizante, emulsionante ou gelificante em muitos produtos alimentares (nomeadamente gelados, molhos, confeitaria e pastelaria), cosm\u00e9ticos (cremes e lo\u00e7\u00f5es) e farmac\u00eauticos (comprimidos e xaropes). Al\u00e9m disso, a madeira da alfarrobeira \u00e9 um excelente combust\u00edvel e pode ser utilizada para a fabrica\u00e7\u00e3o de carv\u00e3o vegetal <strong><a href=\"https:\/\/www.safinel.fr\/pt\/madeira-africana\/\">madeira<\/a><\/strong>.<\/p>\n\n\n\n<h2 class=\"wp-block-heading\" id=\"h-le-caroubier-africain-dans-l-art\"><strong>A alfarrobeira africana na arte<\/strong><\/h2>\n\n\n\n<p>O\u00a0<strong>algaroba africana<\/strong>\u00a0\u00e9 uma fonte de inspira\u00e7\u00e3o para os artistas. Capturando a sua beleza atrav\u00e9s de fotos, imagens e vetores. <\/p>\n\n\n\n<p>As suas formas elegantes e cores cintilantes est\u00e3o representadas em <strong>v\u00e1rias obras de arte<\/strong>. Destacando a sua import\u00e2ncia como s\u00edmbolo cultural e patrimonial.<\/p>\n\n\n\n<p>Em suma, a alfarrobeira africana \u00e9 uma planta multifacetada e com m\u00faltiplos benef\u00edcios, que merece ser mais conhecida e valorizada pelas suas qualidades nutricionais, medicinais e ecol\u00f3gicas. <\/p>\n\n\n\n<p>A sua cultura sustent\u00e1vel e respeitadora do ambiente contribui para a preserva\u00e7\u00e3o da biodiversidade e para o desenvolvimento socioecon\u00f3mico das popula\u00e7\u00f5es locais.<\/p>","protected":false},"excerpt":{"rendered":"<p>A alfarrobeira africana \u00e9 uma \u00e1rvore origin\u00e1ria da regi\u00e3o mediterr\u00e2nica e do M\u00e9dio Oriente. Esta planta tamb\u00e9m \u00e9 conhecida pelo nome de Ceratonia siliqua e pertence \u00e0 fam\u00edlia das leguminosas. A alfarroba \u00e9 amplamente cultivada pelas suas vagens comest\u00edveis e pela sua riqueza em fibras, prote\u00ednas, minerais e vitaminas. Aqui, vamos explorar as diferentes utiliza\u00e7\u00f5es [\u2026]","protected":false},"author":1,"featured_media":7051,"comment_status":"closed","ping_status":"closed","sticky":false,"template":"","format":"standard","meta":{"footnotes":""},"categories":[1],"tags":[],"class_list":["post-7050","post","type-post","status-publish","format-standard","has-post-thumbnail","hentry","category-divers"],"yoast_head":"<!-- This site is optimized with the Yoast SEO plugin v26.6 - https:\/\/yoast.com\/wordpress\/plugins\/seo\/ -->\n<title>Caroubier africain | \u00c0 la d\u00e9couverte de cette plante b\u00e9n\u00e9fique<\/title>\n<meta name=\"description\" content=\"Le caroubier africain est un arbre originaire de la r\u00e9gion m\u00e9diterran\u00e9enne et du Moyen-Orient. D\u00e9couvrez-en davantage dans cet article !\" \/>\n<meta name=\"robots\" content=\"index, follow, max-snippet:-1, max-image-preview:large, max-video-preview:-1\" \/>\n<link rel=\"canonical\" href=\"https:\/\/www.safinel.fr\/pt\/algaroba-africana\/\" \/>\n<meta property=\"og:locale\" content=\"pt_PT\" \/>\n<meta property=\"og:type\" content=\"article\" \/>\n<meta property=\"og:title\" content=\"Caroubier africain | \u00c0 la d\u00e9couverte de cette plante b\u00e9n\u00e9fique\" \/>\n<meta property=\"og:description\" content=\"Le caroubier africain est un arbre originaire de la r\u00e9gion m\u00e9diterran\u00e9enne et du Moyen-Orient. D\u00e9couvrez-en davantage dans cet article !\" \/>\n<meta property=\"og:url\" content=\"https:\/\/www.safinel.fr\/pt\/algaroba-africana\/\" \/>\n<meta property=\"og:site_name\" content=\"Safinel\" \/>\n<meta property=\"article:published_time\" content=\"2023-07-12T15:14:30+00:00\" \/>\n<meta property=\"article:modified_time\" content=\"2023-07-12T15:14:32+00:00\" \/>\n<meta property=\"og:image\" content=\"https:\/\/www.safinel.fr\/wp-content\/uploads\/2023\/07\/Le-caroubier-africain.jpg\" \/>\n\t<meta property=\"og:image:width\" content=\"1100\" \/>\n\t<meta property=\"og:image:height\" content=\"578\" \/>\n\t<meta property=\"og:image:type\" content=\"image\/jpeg\" \/>\n<meta name=\"author\" content=\"Boutique Safinel\" \/>\n<meta name=\"twitter:card\" content=\"summary_large_image\" \/>\n<meta name=\"twitter:label1\" content=\"Escrito por\" \/>\n\t<meta name=\"twitter:data1\" content=\"Boutique Safinel\" \/>\n\t<meta name=\"twitter:label2\" content=\"Tempo estimado de leitura\" \/>\n\t<meta name=\"twitter:data2\" content=\"4 minutos\" \/>\n<script type=\"application\/ld+json\" class=\"yoast-schema-graph\">{\"@context\":\"https:\/\/schema.org\",\"@graph\":[{\"@type\":\"Article\",\"@id\":\"https:\/\/www.safinel.fr\/caroubier-africain\/#article\",\"isPartOf\":{\"@id\":\"https:\/\/www.safinel.fr\/caroubier-africain\/\"},\"author\":{\"name\":\"Boutique Safinel\",\"@id\":\"https:\/\/www.safinel.fr\/#\/schema\/person\/721a83294300152db59954bbb2f0fcc5\"},\"headline\":\"Le caroubier africain : une plante aux multiples bienfaits\",\"datePublished\":\"2023-07-12T15:14:30+00:00\",\"dateModified\":\"2023-07-12T15:14:32+00:00\",\"mainEntityOfPage\":{\"@id\":\"https:\/\/www.safinel.fr\/caroubier-africain\/\"},\"wordCount\":759,\"publisher\":{\"@id\":\"https:\/\/www.safinel.fr\/#organization\"},\"image\":{\"@id\":\"https:\/\/www.safinel.fr\/caroubier-africain\/#primaryimage\"},\"thumbnailUrl\":\"https:\/\/www.safinel.fr\/wp-content\/uploads\/2023\/07\/Le-caroubier-africain.jpg\",\"articleSection\":[\"Divers\"],\"inLanguage\":\"pt-PT\"},{\"@type\":\"WebPage\",\"@id\":\"https:\/\/www.safinel.fr\/caroubier-africain\/\",\"url\":\"https:\/\/www.safinel.fr\/caroubier-africain\/\",\"name\":\"Caroubier africain | \u00c0 la d\u00e9couverte de cette plante b\u00e9n\u00e9fique\",\"isPartOf\":{\"@id\":\"https:\/\/www.safinel.fr\/#website\"},\"primaryImageOfPage\":{\"@id\":\"https:\/\/www.safinel.fr\/caroubier-africain\/#primaryimage\"},\"image\":{\"@id\":\"https:\/\/www.safinel.fr\/caroubier-africain\/#primaryimage\"},\"thumbnailUrl\":\"https:\/\/www.safinel.fr\/wp-content\/uploads\/2023\/07\/Le-caroubier-africain.jpg\",\"datePublished\":\"2023-07-12T15:14:30+00:00\",\"dateModified\":\"2023-07-12T15:14:32+00:00\",\"description\":\"Le caroubier africain est un arbre originaire de la r\u00e9gion m\u00e9diterran\u00e9enne et du Moyen-Orient. D\u00e9couvrez-en davantage dans cet article !\",\"breadcrumb\":{\"@id\":\"https:\/\/www.safinel.fr\/caroubier-africain\/#breadcrumb\"},\"inLanguage\":\"pt-PT\",\"potentialAction\":[{\"@type\":\"ReadAction\",\"target\":[\"https:\/\/www.safinel.fr\/caroubier-africain\/\"]}]},{\"@type\":\"ImageObject\",\"inLanguage\":\"pt-PT\",\"@id\":\"https:\/\/www.safinel.fr\/caroubier-africain\/#primaryimage\",\"url\":\"https:\/\/www.safinel.fr\/wp-content\/uploads\/2023\/07\/Le-caroubier-africain.jpg\",\"contentUrl\":\"https:\/\/www.safinel.fr\/wp-content\/uploads\/2023\/07\/Le-caroubier-africain.jpg\",\"width\":1100,\"height\":578,\"caption\":\"Le caroubier africain\"},{\"@type\":\"BreadcrumbList\",\"@id\":\"https:\/\/www.safinel.fr\/caroubier-africain\/#breadcrumb\",\"itemListElement\":[{\"@type\":\"ListItem\",\"position\":1,\"name\":\"Accueil\",\"item\":\"https:\/\/www.safinel.fr\/\"},{\"@type\":\"ListItem\",\"position\":2,\"name\":\"Le caroubier africain : une plante aux multiples bienfaits\"}]},{\"@type\":\"WebSite\",\"@id\":\"https:\/\/www.safinel.fr\/#website\",\"url\":\"https:\/\/www.safinel.fr\/\",\"name\":\"Safinel\",\"description\":\"\",\"publisher\":{\"@id\":\"https:\/\/www.safinel.fr\/#organization\"},\"potentialAction\":[{\"@type\":\"SearchAction\",\"target\":{\"@type\":\"EntryPoint\",\"urlTemplate\":\"https:\/\/www.safinel.fr\/?s={search_term_string}\"},\"query-input\":{\"@type\":\"PropertyValueSpecification\",\"valueRequired\":true,\"valueName\":\"search_term_string\"}}],\"inLanguage\":\"pt-PT\"},{\"@type\":\"Organization\",\"@id\":\"https:\/\/www.safinel.fr\/#organization\",\"name\":\"Safinel\",\"url\":\"https:\/\/www.safinel.fr\/\",\"logo\":{\"@type\":\"ImageObject\",\"inLanguage\":\"pt-PT\",\"@id\":\"https:\/\/www.safinel.fr\/#\/schema\/logo\/image\/\",\"url\":\"https:\/\/www.safinel.fr\/wp-content\/uploads\/2021\/05\/boutique-cosmetique.png\",\"contentUrl\":\"https:\/\/www.safinel.fr\/wp-content\/uploads\/2021\/05\/boutique-cosmetique.png\",\"width\":800,\"height\":200,\"caption\":\"Safinel\"},\"image\":{\"@id\":\"https:\/\/www.safinel.fr\/#\/schema\/logo\/image\/\"}},{\"@type\":\"Person\",\"@id\":\"https:\/\/www.safinel.fr\/#\/schema\/person\/721a83294300152db59954bbb2f0fcc5\",\"name\":\"Boutique Safinel\",\"image\":{\"@type\":\"ImageObject\",\"inLanguage\":\"pt-PT\",\"@id\":\"https:\/\/www.safinel.fr\/#\/schema\/person\/image\/\",\"url\":\"https:\/\/secure.gravatar.com\/avatar\/f68981bb0c0938d0f69d6a4651de60c9260d8f0f22d18b1520c25e25d86b5057?s=96&d=mm&r=g\",\"contentUrl\":\"https:\/\/secure.gravatar.com\/avatar\/f68981bb0c0938d0f69d6a4651de60c9260d8f0f22d18b1520c25e25d86b5057?s=96&d=mm&r=g\",\"caption\":\"Boutique Safinel\"},\"sameAs\":[\"https:\/\/www.safinel.fr\"],\"url\":\"https:\/\/www.safinel.fr\/pt\/author\/boutique-safinel\/\"}]}<\/script>\n<!-- \/ Yoast SEO plugin. -->","yoast_head_json":{"title":"Alfarrobeira africana | \u00c0 descoberta desta planta ben\u00e9fica","description":"A alfarrobeira africana \u00e9 uma \u00e1rvore origin\u00e1ria da regi\u00e3o mediterr\u00e2nica e do M\u00e9dio Oriente. Descubra mais neste artigo!","robots":{"index":"index","follow":"follow","max-snippet":"max-snippet:-1","max-image-preview":"max-image-preview:large","max-video-preview":"max-video-preview:-1"},"canonical":"https:\/\/www.safinel.fr\/pt\/algaroba-africana\/","og_locale":"pt_PT","og_type":"article","og_title":"Caroubier africain | \u00c0 la d\u00e9couverte de cette plante b\u00e9n\u00e9fique","og_description":"Le caroubier africain est un arbre originaire de la r\u00e9gion m\u00e9diterran\u00e9enne et du Moyen-Orient. D\u00e9couvrez-en davantage dans cet article !","og_url":"https:\/\/www.safinel.fr\/pt\/algaroba-africana\/","og_site_name":"Safinel","article_published_time":"2023-07-12T15:14:30+00:00","article_modified_time":"2023-07-12T15:14:32+00:00","og_image":[{"width":1100,"height":578,"url":"https:\/\/www.safinel.fr\/wp-content\/uploads\/2023\/07\/Le-caroubier-africain.jpg","type":"image\/jpeg"}],"author":"Boutique Safinel","twitter_card":"summary_large_image","twitter_misc":{"Escrito por":"Boutique Safinel","Tempo estimado de leitura":"4 minutos"},"schema":{"@context":"https:\/\/schema.org","@graph":[{"@type":"Article","@id":"https:\/\/www.safinel.fr\/caroubier-africain\/#article","isPartOf":{"@id":"https:\/\/www.safinel.fr\/caroubier-africain\/"},"author":{"name":"Boutique Safinel","@id":"https:\/\/www.safinel.fr\/#\/schema\/person\/721a83294300152db59954bbb2f0fcc5"},"headline":"Le caroubier africain : une plante aux multiples bienfaits","datePublished":"2023-07-12T15:14:30+00:00","dateModified":"2023-07-12T15:14:32+00:00","mainEntityOfPage":{"@id":"https:\/\/www.safinel.fr\/caroubier-africain\/"},"wordCount":759,"publisher":{"@id":"https:\/\/www.safinel.fr\/#organization"},"image":{"@id":"https:\/\/www.safinel.fr\/caroubier-africain\/#primaryimage"},"thumbnailUrl":"https:\/\/www.safinel.fr\/wp-content\/uploads\/2023\/07\/Le-caroubier-africain.jpg","articleSection":["Divers"],"inLanguage":"pt-PT"},{"@type":"WebPage","@id":"https:\/\/www.safinel.fr\/caroubier-africain\/","url":"https:\/\/www.safinel.fr\/caroubier-africain\/","name":"Alfarrobeira africana | \u00c0 descoberta desta planta ben\u00e9fica","isPartOf":{"@id":"https:\/\/www.safinel.fr\/#website"},"primaryImageOfPage":{"@id":"https:\/\/www.safinel.fr\/caroubier-africain\/#primaryimage"},"image":{"@id":"https:\/\/www.safinel.fr\/caroubier-africain\/#primaryimage"},"thumbnailUrl":"https:\/\/www.safinel.fr\/wp-content\/uploads\/2023\/07\/Le-caroubier-africain.jpg","datePublished":"2023-07-12T15:14:30+00:00","dateModified":"2023-07-12T15:14:32+00:00","description":"A alfarrobeira africana \u00e9 uma \u00e1rvore origin\u00e1ria da regi\u00e3o mediterr\u00e2nica e do M\u00e9dio Oriente. Descubra mais neste artigo!","breadcrumb":{"@id":"https:\/\/www.safinel.fr\/caroubier-africain\/#breadcrumb"},"inLanguage":"pt-PT","potentialAction":[{"@type":"ReadAction","target":["https:\/\/www.safinel.fr\/caroubier-africain\/"]}]},{"@type":"ImageObject","inLanguage":"pt-PT","@id":"https:\/\/www.safinel.fr\/caroubier-africain\/#primaryimage","url":"https:\/\/www.safinel.fr\/wp-content\/uploads\/2023\/07\/Le-caroubier-africain.jpg","contentUrl":"https:\/\/www.safinel.fr\/wp-content\/uploads\/2023\/07\/Le-caroubier-africain.jpg","width":1100,"height":578,"caption":"Le caroubier africain"},{"@type":"BreadcrumbList","@id":"https:\/\/www.safinel.fr\/caroubier-africain\/#breadcrumb","itemListElement":[{"@type":"ListItem","position":1,"name":"Accueil","item":"https:\/\/www.safinel.fr\/"},{"@type":"ListItem","position":2,"name":"Le caroubier africain : une plante aux multiples bienfaits"}]},{"@type":"WebSite","@id":"https:\/\/www.safinel.fr\/#website","url":"https:\/\/www.safinel.fr\/","name":"Safinel","description":"","publisher":{"@id":"https:\/\/www.safinel.fr\/#organization"},"potentialAction":[{"@type":"SearchAction","target":{"@type":"EntryPoint","urlTemplate":"https:\/\/www.safinel.fr\/?s={search_term_string}"},"query-input":{"@type":"PropertyValueSpecification","valueRequired":true,"valueName":"search_term_string"}}],"inLanguage":"pt-PT"},{"@type":"Organization","@id":"https:\/\/www.safinel.fr\/#organization","name":"Safinel","url":"https:\/\/www.safinel.fr\/","logo":{"@type":"ImageObject","inLanguage":"pt-PT","@id":"https:\/\/www.safinel.fr\/#\/schema\/logo\/image\/","url":"https:\/\/www.safinel.fr\/wp-content\/uploads\/2021\/05\/boutique-cosmetique.png","contentUrl":"https:\/\/www.safinel.fr\/wp-content\/uploads\/2021\/05\/boutique-cosmetique.png","width":800,"height":200,"caption":"Safinel"},"image":{"@id":"https:\/\/www.safinel.fr\/#\/schema\/logo\/image\/"}},{"@type":"Person","@id":"https:\/\/www.safinel.fr\/#\/schema\/person\/721a83294300152db59954bbb2f0fcc5","name":"Loja Safinel","image":{"@type":"ImageObject","inLanguage":"pt-PT","@id":"https:\/\/www.safinel.fr\/#\/schema\/person\/image\/","url":"https:\/\/secure.gravatar.com\/avatar\/f68981bb0c0938d0f69d6a4651de60c9260d8f0f22d18b1520c25e25d86b5057?s=96&d=mm&r=g","contentUrl":"https:\/\/secure.gravatar.com\/avatar\/f68981bb0c0938d0f69d6a4651de60c9260d8f0f22d18b1520c25e25d86b5057?s=96&d=mm&r=g","caption":"Boutique Safinel"},"sameAs":["https:\/\/www.safinel.fr"],"url":"https:\/\/www.safinel.fr\/pt\/author\/boutique-safinel\/"}]}},"_links":{"self":[{"href":"https:\/\/www.safinel.fr\/pt\/wp-json\/wp\/v2\/posts\/7050","targetHints":{"allow":["GET"]}}],"collection":[{"href":"https:\/\/www.safinel.fr\/pt\/wp-json\/wp\/v2\/posts"}],"about":[{"href":"https:\/\/www.safinel.fr\/pt\/wp-json\/wp\/v2\/types\/post"}],"author":[{"embeddable":true,"href":"https:\/\/www.safinel.fr\/pt\/wp-json\/wp\/v2\/users\/1"}],"replies":[{"embeddable":true,"href":"https:\/\/www.safinel.fr\/pt\/wp-json\/wp\/v2\/comments?post=7050"}],"version-history":[{"count":1,"href":"https:\/\/www.safinel.fr\/pt\/wp-json\/wp\/v2\/posts\/7050\/revisions"}],"predecessor-version":[{"id":7052,"href":"https:\/\/www.safinel.fr\/pt\/wp-json\/wp\/v2\/posts\/7050\/revisions\/7052"}],"wp:featuredmedia":[{"embeddable":true,"href":"https:\/\/www.safinel.fr\/pt\/wp-json\/wp\/v2\/media\/7051"}],"wp:attachment":[{"href":"https:\/\/www.safinel.fr\/pt\/wp-json\/wp\/v2\/media?parent=7050"}],"wp:term":[{"taxonomy":"category","embeddable":true,"href":"https:\/\/www.safinel.fr\/pt\/wp-json\/wp\/v2\/categories?post=7050"},{"taxonomy":"post_tag","embeddable":true,"href":"https:\/\/www.safinel.fr\/pt\/wp-json\/wp\/v2\/tags?post=7050"}],"curies":[{"name":"wp","href":"https:\/\/api.w.org\/{rel}","templated":true}]}}