{"id":7008,"date":"2023-07-11T10:27:10","date_gmt":"2023-07-11T10:27:10","guid":{"rendered":"https:\/\/www.safinel.fr\/?p=7008"},"modified":"2023-07-13T11:22:18","modified_gmt":"2023-07-13T11:22:18","slug":"madeira-africana","status":"publish","type":"post","link":"https:\/\/www.safinel.fr\/pt\/madeira-africana\/","title":{"rendered":"As ess\u00eancias de madeira africana e as suas caracter\u00edsticas"},"content":{"rendered":"<p>O&nbsp;<strong>madeira africana<\/strong>&nbsp;\u00e9 amplamente reconhecida pela sua elevada qualidade, resist\u00eancia e beleza. Existe uma grande variedade de esp\u00e9cies de madeira provenientes da <strong><a href=\"https:\/\/www.safinel.fr\/pt\/continente-africano\/\">continente africano<\/a><\/strong> que s\u00e3o utilizadas em diversas aplica\u00e7\u00f5es, tais como constru\u00e7\u00e3o, mobili\u00e1rio, decora\u00e7\u00e3o de interiores e arranjos exteriores. <\/p>\n\n\n\n<p>Neste artigo, apresentamos uma lista das principais ess\u00eancias de madeira africana, bem como as suas caracter\u00edsticas.<\/p>\n\n\n\n<h2 class=\"wp-block-heading\" id=\"h-iroko-un-bois-africain-polyvalent-et-r-sistant\"><strong>Iroko: uma madeira africana vers\u00e1til e resistente<\/strong><\/h2>\n\n\n\n<p><strong><a href=\"https:\/\/www.safinel.fr\/pt\/madeira-de-iroko\/\">O Iroko<\/a><\/strong> \u00e9 uma ess\u00eancia de madeira origin\u00e1ria da \u00c1frica Ocidental. A sua cor varia do amarelo claro ao castanho escuro com reflexos dourados. <\/p>\n\n\n\n<p>Esta madeira \u00e9 muito apreciada pela sua resist\u00eancia \u00e0 humidade e aos insetos, o que a torna um material ideal para aplica\u00e7\u00f5es exteriores, como terra\u00e7os, p\u00e9rgulas ou mobili\u00e1rio de jardim. <\/p>\n\n\n\n<p>O iroko tamb\u00e9m \u00e9 utilizado em carpintaria interior e marcenaria, gra\u00e7as \u00e0 sua boa estabilidade dimensional e facilidade de trabalho.<\/p>\n\n\n\n<h2 class=\"wp-block-heading\" id=\"h-acajou-une-essence-noble-et-raffin-e\"><strong>Mogno: uma ess\u00eancia nobre e refinada<\/strong><\/h2>\n\n\n\n<p>O mogno \u00e9, sem d\u00favida, uma das ess\u00eancias de madeira africanas mais conhecidas e apreciadas. Origin\u00e1ria da \u00c1frica Ocidental e Central, esta ess\u00eancia distingue-se pela sua bela cor vermelho-acastanhada e pelo seu veio discreto. <\/p>\n\n\n\n<p>O mogno \u00e9 conhecido pela sua grande estabilidade, resist\u00eancia \u00e0s varia\u00e7\u00f5es de temperatura e humidade, bem como pela sua facilidade de trabalho. <\/p>\n\n\n\n<p>\u00c9 particularmente apreciado para a fabrica\u00e7\u00e3o de m\u00f3veis de alta qualidade, instrumentos musicais e revestimentos interiores.<\/p>\n\n\n\n<h3 class=\"wp-block-heading\" id=\"h-la-vari-t-des-essences-d-acajou\"><strong>A variedade das ess\u00eancias de mogno<\/strong><\/h3>\n\n\n\n<p>Existem v\u00e1rios tipos de mogno, incluindo:<\/p>\n\n\n\n<ul class=\"wp-block-list\">\n<li>Mogno de Cuba: uma madeira densa e resistente, com uma cor vermelho-acastanhada escura.<\/li>\n\n\n\n<li>Mogno das Honduras: uma madeira mais leve, com uma cor vermelho-acastanhada clara.<\/li>\n\n\n\n<li>Mogno africano: uma madeira intermedi\u00e1ria entre as duas anteriores, com uma cor vermelho-acastanhada m\u00e9dia.<\/li>\n<\/ul>\n\n\n\n<p>Todos estes tipos de mogno s\u00e3o utilizados em marcenaria para a fabrica\u00e7\u00e3o de m\u00f3veis e objetos decorativos.<\/p>\n\n\n\n<h2 class=\"wp-block-heading\" id=\"h-weng-un-bois-africain-au-caract-re-unique\"><strong>Weng\u00e9: uma madeira africana com caracter\u00edsticas \u00fanicas<\/strong><\/h2>\n\n\n\n<p>O Weng\u00e9 \u00e9 uma esp\u00e9cie de madeira africana origin\u00e1ria da \u00c1frica Central. Caracteriza-se pela sua cor muito escura, quase preta, e pelo seu veio irregular. <\/p>\n\n\n\n<p>O wengu\u00e9 \u00e9 conhecido pela sua grande dureza e resist\u00eancia \u00e0 abras\u00e3o, o que o torna um material ideal para revestimentos de pisos e bancadas. O seu aspeto gr\u00e1fico e contrastante tamb\u00e9m \u00e9 apreciado na cria\u00e7\u00e3o de m\u00f3veis de design e contempor\u00e2neos.<\/p>\n\n\n\n<h3 class=\"wp-block-heading\" id=\"h-utilisations-du-weng\"><strong>Utiliza\u00e7\u00f5es do Weng\u00e9<\/strong><\/h3>\n\n\n\n<p>Esta ess\u00eancia de madeira \u00e9 utilizada para:<\/p>\n\n\n\n<ul class=\"wp-block-list\">\n<li>fabrico de m\u00f3veis e elementos decorativos,<\/li>\n\n\n\n<li>os revestimentos para pisos,<\/li>\n\n\n\n<li>as bancadas da cozinha,<\/li>\n\n\n\n<li>instrumentos musicais, nomeadamente guitarras el\u00e9tricas.<\/li>\n<\/ul>\n\n\n\n<h2 class=\"wp-block-heading\" id=\"h-sipo-une-alternative-l-acajou\"><strong>Sipo: uma alternativa ao mogno<\/strong><\/h2>\n\n\n\n<p>O Sipo, tamb\u00e9m conhecido como Utile, \u00e9 uma esp\u00e9cie de madeira africana origin\u00e1ria da \u00c1frica Ocidental. \u00c9 frequentemente considerado uma alternativa mais acess\u00edvel ao mogno, gra\u00e7as \u00e0 sua cor vermelho-acastanhada semelhante e \u00e0s suas propriedades mec\u00e2nicas compar\u00e1veis. O Sipo \u00e9 uma madeira est\u00e1vel, resistente e f\u00e1cil de trabalhar, o que a torna um material apreciado para a realiza\u00e7\u00e3o de trabalhos de carpintaria interior e exterior, bem como para mobili\u00e1rio.<\/p>\n\n\n\n<h3 class=\"wp-block-heading\" id=\"h-caract-ristiques-du-bois-africain-sipo\"><strong>Caracter\u00edsticas da madeira africana Sipo<\/strong><\/h3>\n\n\n\n<p>As principais caracter\u00edsticas do Sipo s\u00e3o:<\/p>\n\n\n\n<ul class=\"wp-block-list\">\n<li>uma cor vermelho-acastanhada,<\/li>\n\n\n\n<li>uma textura fina e uniforme,<\/li>\n\n\n\n<li>grande estabilidade dimensional,<\/li>\n\n\n\n<li>boa resist\u00eancia a insetos e fungos,<\/li>\n<\/ul>\n\n\n\n<h2 class=\"wp-block-heading\" id=\"h-zebrano-un-bois-exotique-et-original\"><strong>Zebrano: uma madeira ex\u00f3tica e original<\/strong><\/h2>\n\n\n\n<p>O zebrano, tamb\u00e9m chamado de zebrado, \u00e9 uma esp\u00e9cie de madeira africana proveniente da \u00c1frica Central. O seu nome deriva da sua apar\u00eancia particular: a sua cor varia do amarelo claro ao castanho escuro, com veios escuros que lembram a pelagem de uma zebra. Esta madeira \u00e9 muito apreciada para a confec\u00e7\u00e3o de m\u00f3veis e objetos decorativos, gra\u00e7as ao seu car\u00e1ter \u00fanico e ex\u00f3tico.<\/p>\n\n\n\n<h3 class=\"wp-block-heading\" id=\"h-propri-t-s-du-zebrano\"><strong>Propriedades do Zebrano<\/strong><\/h3>\n\n\n\n<p>O Zebrano possui v\u00e1rias propriedades interessantes:<\/p>\n\n\n\n<ul class=\"wp-block-list\">\n<li>grande resist\u00eancia mec\u00e2nica,<\/li>\n\n\n\n<li>boa estabilidade dimensional,<\/li>\n\n\n\n<li>facilidade de trabalho,<\/li>\n\n\n\n<li>um forte potencial decorativo gra\u00e7as ao seu veio marcado.<\/li>\n<\/ul>\n\n\n\n<p>Em resumo, as ess\u00eancias de madeira africana s\u00e3o variadas e oferecem in\u00fameras possibilidades em termos de aplica\u00e7\u00f5es e est\u00e9tica. Seja para mobili\u00e1rio, decora\u00e7\u00e3o de interiores ou arranjos exteriores, encontrar\u00e1 certamente uma ess\u00eancia de madeira africana que se adequa perfeitamente \u00e0s suas necessidades e desejos.<\/p>","protected":false},"excerpt":{"rendered":"<p>A madeira africana \u00e9 amplamente reconhecida pela sua excelente qualidade, resist\u00eancia e beleza. Existe uma grande variedade de esp\u00e9cies de madeira provenientes do continente africano que s\u00e3o utilizadas em diversas aplica\u00e7\u00f5es, tais como constru\u00e7\u00e3o, mobili\u00e1rio, decora\u00e7\u00e3o de interiores e arranjos exteriores. Neste artigo, apresentamos uma lista das principais esp\u00e9cies de madeira [\u2026]","protected":false},"author":1,"featured_media":7009,"comment_status":"closed","ping_status":"closed","sticky":false,"template":"","format":"standard","meta":{"footnotes":""},"categories":[1],"tags":[],"class_list":["post-7008","post","type-post","status-publish","format-standard","has-post-thumbnail","hentry","category-divers"],"yoast_head":"<!-- This site is optimized with the Yoast SEO plugin v26.6 - https:\/\/yoast.com\/wordpress\/plugins\/seo\/ -->\n<title>Bois africain | Liste &amp; guide pratique \u00e0 conna\u00eetre<\/title>\n<meta name=\"description\" content=\"Dans cet article, nous vous pr\u00e9sentons une liste des principales essences de bois africain ainsi que leurs caract\u00e9ristiques.\" \/>\n<meta name=\"robots\" content=\"index, follow, max-snippet:-1, max-image-preview:large, max-video-preview:-1\" \/>\n<link rel=\"canonical\" href=\"https:\/\/www.safinel.fr\/pt\/madeira-africana\/\" \/>\n<meta property=\"og:locale\" content=\"pt_PT\" \/>\n<meta property=\"og:type\" content=\"article\" \/>\n<meta property=\"og:title\" content=\"Bois africain | Liste &amp; guide pratique \u00e0 conna\u00eetre\" \/>\n<meta property=\"og:description\" content=\"Dans cet article, nous vous pr\u00e9sentons une liste des principales essences de bois africain ainsi que leurs caract\u00e9ristiques.\" \/>\n<meta property=\"og:url\" content=\"https:\/\/www.safinel.fr\/pt\/madeira-africana\/\" \/>\n<meta property=\"og:site_name\" content=\"Safinel\" \/>\n<meta property=\"article:published_time\" content=\"2023-07-11T10:27:10+00:00\" \/>\n<meta property=\"article:modified_time\" content=\"2023-07-13T11:22:18+00:00\" \/>\n<meta property=\"og:image\" content=\"https:\/\/www.safinel.fr\/wp-content\/uploads\/2023\/07\/bois-africain.jpg\" \/>\n\t<meta property=\"og:image:width\" content=\"1100\" \/>\n\t<meta property=\"og:image:height\" content=\"578\" \/>\n\t<meta property=\"og:image:type\" content=\"image\/jpeg\" \/>\n<meta name=\"author\" content=\"Boutique Safinel\" \/>\n<meta name=\"twitter:card\" content=\"summary_large_image\" \/>\n<meta name=\"twitter:label1\" content=\"Escrito por\" \/>\n\t<meta name=\"twitter:data1\" content=\"Boutique Safinel\" \/>\n\t<meta name=\"twitter:label2\" content=\"Tempo estimado de leitura\" \/>\n\t<meta name=\"twitter:data2\" content=\"4 minutos\" \/>\n<script type=\"application\/ld+json\" class=\"yoast-schema-graph\">{\"@context\":\"https:\/\/schema.org\",\"@graph\":[{\"@type\":\"Article\",\"@id\":\"https:\/\/www.safinel.fr\/bois-africain\/#article\",\"isPartOf\":{\"@id\":\"https:\/\/www.safinel.fr\/bois-africain\/\"},\"author\":{\"name\":\"Boutique Safinel\",\"@id\":\"https:\/\/www.safinel.fr\/#\/schema\/person\/721a83294300152db59954bbb2f0fcc5\"},\"headline\":\"Les essences de bois africain et leurs caract\u00e9ristiques\",\"datePublished\":\"2023-07-11T10:27:10+00:00\",\"dateModified\":\"2023-07-13T11:22:18+00:00\",\"mainEntityOfPage\":{\"@id\":\"https:\/\/www.safinel.fr\/bois-africain\/\"},\"wordCount\":776,\"publisher\":{\"@id\":\"https:\/\/www.safinel.fr\/#organization\"},\"image\":{\"@id\":\"https:\/\/www.safinel.fr\/bois-africain\/#primaryimage\"},\"thumbnailUrl\":\"https:\/\/www.safinel.fr\/wp-content\/uploads\/2023\/07\/bois-africain.jpg\",\"articleSection\":[\"Divers\"],\"inLanguage\":\"pt-PT\"},{\"@type\":\"WebPage\",\"@id\":\"https:\/\/www.safinel.fr\/bois-africain\/\",\"url\":\"https:\/\/www.safinel.fr\/bois-africain\/\",\"name\":\"Bois africain | Liste & guide pratique \u00e0 conna\u00eetre\",\"isPartOf\":{\"@id\":\"https:\/\/www.safinel.fr\/#website\"},\"primaryImageOfPage\":{\"@id\":\"https:\/\/www.safinel.fr\/bois-africain\/#primaryimage\"},\"image\":{\"@id\":\"https:\/\/www.safinel.fr\/bois-africain\/#primaryimage\"},\"thumbnailUrl\":\"https:\/\/www.safinel.fr\/wp-content\/uploads\/2023\/07\/bois-africain.jpg\",\"datePublished\":\"2023-07-11T10:27:10+00:00\",\"dateModified\":\"2023-07-13T11:22:18+00:00\",\"description\":\"Dans cet article, nous vous pr\u00e9sentons une liste des principales essences de bois africain ainsi que leurs caract\u00e9ristiques.\",\"breadcrumb\":{\"@id\":\"https:\/\/www.safinel.fr\/bois-africain\/#breadcrumb\"},\"inLanguage\":\"pt-PT\",\"potentialAction\":[{\"@type\":\"ReadAction\",\"target\":[\"https:\/\/www.safinel.fr\/bois-africain\/\"]}]},{\"@type\":\"ImageObject\",\"inLanguage\":\"pt-PT\",\"@id\":\"https:\/\/www.safinel.fr\/bois-africain\/#primaryimage\",\"url\":\"https:\/\/www.safinel.fr\/wp-content\/uploads\/2023\/07\/bois-africain.jpg\",\"contentUrl\":\"https:\/\/www.safinel.fr\/wp-content\/uploads\/2023\/07\/bois-africain.jpg\",\"width\":1100,\"height\":578,\"caption\":\"bois africain\"},{\"@type\":\"BreadcrumbList\",\"@id\":\"https:\/\/www.safinel.fr\/bois-africain\/#breadcrumb\",\"itemListElement\":[{\"@type\":\"ListItem\",\"position\":1,\"name\":\"Accueil\",\"item\":\"https:\/\/www.safinel.fr\/\"},{\"@type\":\"ListItem\",\"position\":2,\"name\":\"Les essences de bois africain et leurs caract\u00e9ristiques\"}]},{\"@type\":\"WebSite\",\"@id\":\"https:\/\/www.safinel.fr\/#website\",\"url\":\"https:\/\/www.safinel.fr\/\",\"name\":\"Safinel\",\"description\":\"\",\"publisher\":{\"@id\":\"https:\/\/www.safinel.fr\/#organization\"},\"potentialAction\":[{\"@type\":\"SearchAction\",\"target\":{\"@type\":\"EntryPoint\",\"urlTemplate\":\"https:\/\/www.safinel.fr\/?s={search_term_string}\"},\"query-input\":{\"@type\":\"PropertyValueSpecification\",\"valueRequired\":true,\"valueName\":\"search_term_string\"}}],\"inLanguage\":\"pt-PT\"},{\"@type\":\"Organization\",\"@id\":\"https:\/\/www.safinel.fr\/#organization\",\"name\":\"Safinel\",\"url\":\"https:\/\/www.safinel.fr\/\",\"logo\":{\"@type\":\"ImageObject\",\"inLanguage\":\"pt-PT\",\"@id\":\"https:\/\/www.safinel.fr\/#\/schema\/logo\/image\/\",\"url\":\"https:\/\/www.safinel.fr\/wp-content\/uploads\/2021\/05\/boutique-cosmetique.png\",\"contentUrl\":\"https:\/\/www.safinel.fr\/wp-content\/uploads\/2021\/05\/boutique-cosmetique.png\",\"width\":800,\"height\":200,\"caption\":\"Safinel\"},\"image\":{\"@id\":\"https:\/\/www.safinel.fr\/#\/schema\/logo\/image\/\"}},{\"@type\":\"Person\",\"@id\":\"https:\/\/www.safinel.fr\/#\/schema\/person\/721a83294300152db59954bbb2f0fcc5\",\"name\":\"Boutique Safinel\",\"image\":{\"@type\":\"ImageObject\",\"inLanguage\":\"pt-PT\",\"@id\":\"https:\/\/www.safinel.fr\/#\/schema\/person\/image\/\",\"url\":\"https:\/\/secure.gravatar.com\/avatar\/f68981bb0c0938d0f69d6a4651de60c9260d8f0f22d18b1520c25e25d86b5057?s=96&d=mm&r=g\",\"contentUrl\":\"https:\/\/secure.gravatar.com\/avatar\/f68981bb0c0938d0f69d6a4651de60c9260d8f0f22d18b1520c25e25d86b5057?s=96&d=mm&r=g\",\"caption\":\"Boutique Safinel\"},\"sameAs\":[\"https:\/\/www.safinel.fr\"],\"url\":\"https:\/\/www.safinel.fr\/pt\/author\/boutique-safinel\/\"}]}<\/script>\n<!-- \/ Yoast SEO plugin. -->","yoast_head_json":{"title":"Madeira africana | Lista e guia pr\u00e1tico a conhecer","description":"Neste artigo, apresentamos uma lista das principais ess\u00eancias de madeira africana, bem como as suas caracter\u00edsticas.","robots":{"index":"index","follow":"follow","max-snippet":"max-snippet:-1","max-image-preview":"max-image-preview:large","max-video-preview":"max-video-preview:-1"},"canonical":"https:\/\/www.safinel.fr\/pt\/madeira-africana\/","og_locale":"pt_PT","og_type":"article","og_title":"Bois africain | Liste & guide pratique \u00e0 conna\u00eetre","og_description":"Dans cet article, nous vous pr\u00e9sentons une liste des principales essences de bois africain ainsi que leurs caract\u00e9ristiques.","og_url":"https:\/\/www.safinel.fr\/pt\/madeira-africana\/","og_site_name":"Safinel","article_published_time":"2023-07-11T10:27:10+00:00","article_modified_time":"2023-07-13T11:22:18+00:00","og_image":[{"width":1100,"height":578,"url":"https:\/\/www.safinel.fr\/wp-content\/uploads\/2023\/07\/bois-africain.jpg","type":"image\/jpeg"}],"author":"Boutique Safinel","twitter_card":"summary_large_image","twitter_misc":{"Escrito por":"Boutique Safinel","Tempo estimado de leitura":"4 minutos"},"schema":{"@context":"https:\/\/schema.org","@graph":[{"@type":"Article","@id":"https:\/\/www.safinel.fr\/bois-africain\/#article","isPartOf":{"@id":"https:\/\/www.safinel.fr\/bois-africain\/"},"author":{"name":"Boutique Safinel","@id":"https:\/\/www.safinel.fr\/#\/schema\/person\/721a83294300152db59954bbb2f0fcc5"},"headline":"Les essences de bois africain et leurs caract\u00e9ristiques","datePublished":"2023-07-11T10:27:10+00:00","dateModified":"2023-07-13T11:22:18+00:00","mainEntityOfPage":{"@id":"https:\/\/www.safinel.fr\/bois-africain\/"},"wordCount":776,"publisher":{"@id":"https:\/\/www.safinel.fr\/#organization"},"image":{"@id":"https:\/\/www.safinel.fr\/bois-africain\/#primaryimage"},"thumbnailUrl":"https:\/\/www.safinel.fr\/wp-content\/uploads\/2023\/07\/bois-africain.jpg","articleSection":["Divers"],"inLanguage":"pt-PT"},{"@type":"WebPage","@id":"https:\/\/www.safinel.fr\/bois-africain\/","url":"https:\/\/www.safinel.fr\/bois-africain\/","name":"Madeira africana | Lista e guia pr\u00e1tico a conhecer","isPartOf":{"@id":"https:\/\/www.safinel.fr\/#website"},"primaryImageOfPage":{"@id":"https:\/\/www.safinel.fr\/bois-africain\/#primaryimage"},"image":{"@id":"https:\/\/www.safinel.fr\/bois-africain\/#primaryimage"},"thumbnailUrl":"https:\/\/www.safinel.fr\/wp-content\/uploads\/2023\/07\/bois-africain.jpg","datePublished":"2023-07-11T10:27:10+00:00","dateModified":"2023-07-13T11:22:18+00:00","description":"Neste artigo, apresentamos uma lista das principais ess\u00eancias de madeira africana, bem como as suas caracter\u00edsticas.","breadcrumb":{"@id":"https:\/\/www.safinel.fr\/bois-africain\/#breadcrumb"},"inLanguage":"pt-PT","potentialAction":[{"@type":"ReadAction","target":["https:\/\/www.safinel.fr\/bois-africain\/"]}]},{"@type":"ImageObject","inLanguage":"pt-PT","@id":"https:\/\/www.safinel.fr\/bois-africain\/#primaryimage","url":"https:\/\/www.safinel.fr\/wp-content\/uploads\/2023\/07\/bois-africain.jpg","contentUrl":"https:\/\/www.safinel.fr\/wp-content\/uploads\/2023\/07\/bois-africain.jpg","width":1100,"height":578,"caption":"bois africain"},{"@type":"BreadcrumbList","@id":"https:\/\/www.safinel.fr\/bois-africain\/#breadcrumb","itemListElement":[{"@type":"ListItem","position":1,"name":"Accueil","item":"https:\/\/www.safinel.fr\/"},{"@type":"ListItem","position":2,"name":"Les essences de bois africain et leurs caract\u00e9ristiques"}]},{"@type":"WebSite","@id":"https:\/\/www.safinel.fr\/#website","url":"https:\/\/www.safinel.fr\/","name":"Safinel","description":"","publisher":{"@id":"https:\/\/www.safinel.fr\/#organization"},"potentialAction":[{"@type":"SearchAction","target":{"@type":"EntryPoint","urlTemplate":"https:\/\/www.safinel.fr\/?s={search_term_string}"},"query-input":{"@type":"PropertyValueSpecification","valueRequired":true,"valueName":"search_term_string"}}],"inLanguage":"pt-PT"},{"@type":"Organization","@id":"https:\/\/www.safinel.fr\/#organization","name":"Safinel","url":"https:\/\/www.safinel.fr\/","logo":{"@type":"ImageObject","inLanguage":"pt-PT","@id":"https:\/\/www.safinel.fr\/#\/schema\/logo\/image\/","url":"https:\/\/www.safinel.fr\/wp-content\/uploads\/2021\/05\/boutique-cosmetique.png","contentUrl":"https:\/\/www.safinel.fr\/wp-content\/uploads\/2021\/05\/boutique-cosmetique.png","width":800,"height":200,"caption":"Safinel"},"image":{"@id":"https:\/\/www.safinel.fr\/#\/schema\/logo\/image\/"}},{"@type":"Person","@id":"https:\/\/www.safinel.fr\/#\/schema\/person\/721a83294300152db59954bbb2f0fcc5","name":"Loja Safinel","image":{"@type":"ImageObject","inLanguage":"pt-PT","@id":"https:\/\/www.safinel.fr\/#\/schema\/person\/image\/","url":"https:\/\/secure.gravatar.com\/avatar\/f68981bb0c0938d0f69d6a4651de60c9260d8f0f22d18b1520c25e25d86b5057?s=96&d=mm&r=g","contentUrl":"https:\/\/secure.gravatar.com\/avatar\/f68981bb0c0938d0f69d6a4651de60c9260d8f0f22d18b1520c25e25d86b5057?s=96&d=mm&r=g","caption":"Boutique Safinel"},"sameAs":["https:\/\/www.safinel.fr"],"url":"https:\/\/www.safinel.fr\/pt\/author\/boutique-safinel\/"}]}},"_links":{"self":[{"href":"https:\/\/www.safinel.fr\/pt\/wp-json\/wp\/v2\/posts\/7008","targetHints":{"allow":["GET"]}}],"collection":[{"href":"https:\/\/www.safinel.fr\/pt\/wp-json\/wp\/v2\/posts"}],"about":[{"href":"https:\/\/www.safinel.fr\/pt\/wp-json\/wp\/v2\/types\/post"}],"author":[{"embeddable":true,"href":"https:\/\/www.safinel.fr\/pt\/wp-json\/wp\/v2\/users\/1"}],"replies":[{"embeddable":true,"href":"https:\/\/www.safinel.fr\/pt\/wp-json\/wp\/v2\/comments?post=7008"}],"version-history":[{"count":2,"href":"https:\/\/www.safinel.fr\/pt\/wp-json\/wp\/v2\/posts\/7008\/revisions"}],"predecessor-version":[{"id":7070,"href":"https:\/\/www.safinel.fr\/pt\/wp-json\/wp\/v2\/posts\/7008\/revisions\/7070"}],"wp:featuredmedia":[{"embeddable":true,"href":"https:\/\/www.safinel.fr\/pt\/wp-json\/wp\/v2\/media\/7009"}],"wp:attachment":[{"href":"https:\/\/www.safinel.fr\/pt\/wp-json\/wp\/v2\/media?parent=7008"}],"wp:term":[{"taxonomy":"category","embeddable":true,"href":"https:\/\/www.safinel.fr\/pt\/wp-json\/wp\/v2\/categories?post=7008"},{"taxonomy":"post_tag","embeddable":true,"href":"https:\/\/www.safinel.fr\/pt\/wp-json\/wp\/v2\/tags?post=7008"}],"curies":[{"name":"wp","href":"https:\/\/api.w.org\/{rel}","templated":true}]}}