{"id":6660,"date":"2023-06-23T11:15:47","date_gmt":"2023-06-23T11:15:47","guid":{"rendered":"https:\/\/www.safinel.fr\/?p=6660"},"modified":"2023-06-23T11:21:18","modified_gmt":"2023-06-23T11:21:18","slug":"farinha-de-trigo","status":"publish","type":"post","link":"https:\/\/www.safinel.fr\/pt\/farinha-de-trigo\/","title":{"rendered":"Farinha de trigo: um ingrediente indispens\u00e1vel na cozinha francesa"},"content":{"rendered":"<p>A&nbsp;<strong>farinha de trigo<\/strong>, tamb\u00e9m conhecida como farinha de trigo, \u00e9 um dos ingredientes mais utilizados na cozinha francesa e em muitas outras cozinhas do mundo.<\/p>\n<p>\u00c9, de facto, a base de muitas receitas tradicionais, como p\u00e3es, massas, bolos e panquecas. Com a Safinel, descubra as diferentes caracter\u00edsticas desta farinha, bem como as suas principais utiliza\u00e7\u00f5es na cozinha.<\/p>\n<h2><strong>Farinha de trigo: o que \u00e9?<\/strong><\/h2>\n<p>A farinha de trigo \u00e9 obtida a partir do gr\u00e3o de trigo mole, um cereal amplamente cultivado em todo o mundo.<\/p>\n<p>O gr\u00e3o de trigo \u00e9 composto principalmente por tr\u00eas partes: o g\u00e9rmen, o farelo e o endosperma. A farinha de trigo \u00e9 obtida a partir da moagem do endosperma, que representa cerca de 80% do peso do gr\u00e3o.<\/p>\n<p>Podem distinguir-se tr\u00eas grandes tipos de farinha de trigo:<\/p>\n<ul>\n<li><strong>A farinha branca<\/strong>, tamb\u00e9m chamada de farinha tipo 55, \u00e9 a mais refinada e cont\u00e9m muito pouca casca. \u00c9 usada principalmente para fazer bolos, doces e certos tipos de p\u00e3o.<\/li>\n<li><strong>A farinha semi-integral<\/strong>, ou farinha tipo 80, cont\u00e9m uma propor\u00e7\u00e3o maior de farelo. \u00c9 frequentemente utilizada para preparar p\u00e3es mais r\u00fasticos, bem como massas e panquecas.<\/li>\n<li><strong>A farinha integral<\/strong>, tamb\u00e9m conhecida como farinha integral ou tipo 110, cont\u00e9m todo o farelo. Tem um sabor mais acentuado e \u00e9 geralmente recomendada para receitas que requerem uma fermenta\u00e7\u00e3o longa, como o p\u00e3o de fermento natural.<\/li>\n<\/ul>\n<div class=\"row\"  id=\"row-909086694\">\n\n\n\t<div id=\"col-741838172\" class=\"col medium-4 small-12 large-4\"  >\n\t\t\t\t<div class=\"col-inner\"  >\n\t\t\t\n\t\t\t\n\n\n\t\t<\/div>\n\t\t\t\t\t<\/div>\n\n\t\n\n\t<div id=\"col-1630726469\" class=\"col medium-4 small-12 large-4\"  >\n\t\t\t\t<div class=\"col-inner\"  >\n\t\t\t\n\t\t\t\n\n\t<div class=\"img has-hover x md-x lg-x y md-y lg-y\" id=\"image_1403282643\">\n\t\t<a class=\"\" href=\"https:\/\/amzn.to\/3qWWSLF\" target=\"_blank\" rel=\"noopener\" >\t\t\t\t\t\t<div class=\"img-inner dark\" >\n\t\t\t<img decoding=\"async\" width=\"600\" height=\"600\" src=\"https:\/\/www.safinel.fr\/wp-content\/uploads\/2023\/06\/farine-de-froment-AB.jpg\" class=\"attachment-original size-original\" alt=\"farinha de trigo AB\" srcset=\"https:\/\/www.safinel.fr\/wp-content\/uploads\/2023\/06\/farine-de-froment-AB.jpg 600w, https:\/\/www.safinel.fr\/wp-content\/uploads\/2023\/06\/farine-de-froment-AB-100x100.jpg 100w, https:\/\/www.safinel.fr\/wp-content\/uploads\/2023\/06\/farine-de-froment-AB-400x400.jpg 400w, https:\/\/www.safinel.fr\/wp-content\/uploads\/2023\/06\/farine-de-froment-AB-280x280.jpg 280w, https:\/\/www.safinel.fr\/wp-content\/uploads\/2023\/06\/farine-de-froment-AB-300x300.jpg 300w\" sizes=\"(max-width: 600px) 100vw, 600px\" \/>\t\t\t\t\t\t\n\t\t\t\t\t<\/div>\n\t\t\t\t\t\t<\/a>\t\t\n<style>\n#image_1403282643 {\n  width: 100%;\n}\n<\/style>\n\t<\/div>\n\t\n\n<a href=\"https:\/\/amzn.to\/3qWWSLF\" target=\"_blank\" class=\"button primary expand\" rel=\"noopener\" style=\"border-radius:99px;\">\n\t\t<span>Comprar na Amazon<\/span>\n\t<\/a>\n\n\n\n\t\t<\/div>\n\t\t\t\t\t<\/div>\n\n\t\n\n\t<div id=\"col-174962679\" class=\"col medium-4 small-12 large-4\"  >\n\t\t\t\t<div class=\"col-inner\"  >\n\t\t\t\n\t\t\t\n\n\n\t\t<\/div>\n\t\t\t\t\t<\/div>\n\n\t\n\n<\/div>\n<h2><strong>Os benef\u00edcios nutricionais da farinha de trigo<\/strong><\/h2>\n<p>A&nbsp;<strong>farinha de trigo<\/strong>&nbsp;\u00e9 uma importante fonte de nutrientes essenciais para o nosso organismo. Fornece, nomeadamente, hidratos de carbono complexos, prote\u00ednas, fibras, vitaminas (especialmente do grupo B) e minerais como ferro, f\u00f3sforo, magn\u00e9sio e zinco.<\/p>\n<ul>\n<li><strong>Um aporte energ\u00e9tico moderado<\/strong><\/li>\n<\/ul>\n<p>A farinha de trigo tem um teor cal\u00f3rico moderado, com cerca de 340 kcal por 100 g. Os seus hidratos de carbono complexos s\u00e3o assimilados gradualmente pelo organismo, o que permite fornecer energia a longo prazo sem provocar picos de glicemia. As fibras que cont\u00e9m tamb\u00e9m contribuem para a regula\u00e7\u00e3o da digest\u00e3o e para a sensa\u00e7\u00e3o de saciedade.<\/p>\n<ul>\n<li><strong>Prote\u00ednas de qualidade<\/strong><\/li>\n<\/ul>\n<p>Cont\u00e9m cerca de 10% de prote\u00ednas, que s\u00e3o constitu\u00eddas por amino\u00e1cidos indispens\u00e1veis ao bom funcionamento do nosso corpo. Estas prote\u00ednas s\u00e3o consideradas de boa qualidade, pois possuem um elevado teor de amino\u00e1cidos essenciais, ou seja, aqueles que o nosso organismo n\u00e3o consegue sintetizar por si pr\u00f3prio.<\/p>\n<ul>\n<li><strong>Vitaminas e minerais essenciais<\/strong><\/li>\n<\/ul>\n<p>A farinha de trigo \u00e9 uma importante fonte de vitaminas do grupo B, nomeadamente vitamina B1 (tiamina), vitamina B2 (riboflavina) e vitamina B3 (niacina). Estas vitaminas desempenham um papel crucial no metabolismo energ\u00e9tico e na sa\u00fade do sistema nervoso. A farinha de trigo tamb\u00e9m fornece minerais como ferro, f\u00f3sforo, magn\u00e9sio e zinco, essenciais para o bom funcionamento do organismo.<\/p>\n<h2><strong>Farinha de trigo: como utiliz\u00e1-la na cozinha?<\/strong><\/h2>\n<p>Esta farinha \u00e9 muito vers\u00e1til e serve de base para muitas receitas doces e salgadas.<\/p>\n<h3><strong>Aqui est\u00e3o algumas ideias de utiliza\u00e7\u00e3o:<\/strong><\/h3>\n<ul>\n<li><strong>P\u00e3o caseiro:<\/strong> \u00c9 ideal para fazer todos os tipos de p\u00e3o, sejam eles brancos, semigruesos ou integrais. Pode us\u00e1-la sozinha ou misturada com outras farinhas para variar os sabores e as texturas.<\/li>\n<li><strong>Massa fresca:<\/strong> A farinha de trigo \u00e9 tradicionalmente utilizada para preparar massas frescas caseiras, tais como tagliatelle, lasanha ou ravioli. Tamb\u00e9m pode adicionar ovos e \u00e1gua para obter uma massa para noodles.<\/li>\n<li><strong>Crepes e galettes:<\/strong> A farinha de trigo \u00e9 perfeita para fazer panquecas leves e saborosas. Assim como as galettes bretonnes, que podem ser recheadas como desejar.<\/li>\n<li><strong>Pastelaria:<\/strong> A farinha de trigo \u00e9 utilizada em muitas receitas doces, como bolos, biscoitos, muffins e tartes. Para um resultado mais leve e arejado, pode mistur\u00e1-la com amido de milho ou farinha de arroz.<\/li>\n<\/ul>\n<p>Em conclus\u00e3o, a farinha de trigo \u00e9 um ingrediente indispens\u00e1vel na cozinha. Isso gra\u00e7as \u00e0s suas in\u00fameras qualidades nutricionais e \u00e0 sua grande versatilidade.<\/p>\n<p>N\u00e3o hesite em incorpor\u00e1-lo regularmente nas suas receitas para aproveitar os seus benef\u00edcios para a sa\u00fade e variar os prazeres gustativos!<\/p>","protected":false},"excerpt":{"rendered":"","protected":false},"author":1,"featured_media":6665,"comment_status":"closed","ping_status":"closed","sticky":false,"template":"","format":"standard","meta":{"footnotes":""},"categories":[1],"tags":[],"class_list":["post-6660","post","type-post","status-publish","format-standard","has-post-thumbnail","hentry","category-divers"],"yoast_head":"<!-- This site is optimized with the Yoast SEO plugin v26.6 - https:\/\/yoast.com\/wordpress\/plugins\/seo\/ -->\n<title>Farine de froment | L&#039;ingr\u00e9dient fran\u00e7ais indispensable en cuisine<\/title>\n<meta name=\"description\" content=\"La\u00a0farine de froment, \u00e9galement connue sous le nom de farine de bl\u00e9, est l&#039;un des ingr\u00e9dients les plus utilis\u00e9s dans la cuisine fran\u00e7aise.\" \/>\n<meta name=\"robots\" content=\"index, follow, max-snippet:-1, max-image-preview:large, max-video-preview:-1\" \/>\n<link rel=\"canonical\" href=\"https:\/\/www.safinel.fr\/pt\/farinha-de-trigo\/\" \/>\n<meta property=\"og:locale\" content=\"pt_PT\" \/>\n<meta property=\"og:type\" content=\"article\" \/>\n<meta property=\"og:title\" content=\"Farine de froment | L&#039;ingr\u00e9dient fran\u00e7ais indispensable en cuisine\" \/>\n<meta property=\"og:description\" content=\"La\u00a0farine de froment, \u00e9galement connue sous le nom de farine de bl\u00e9, est l&#039;un des ingr\u00e9dients les plus utilis\u00e9s dans la cuisine fran\u00e7aise.\" \/>\n<meta property=\"og:url\" content=\"https:\/\/www.safinel.fr\/pt\/farinha-de-trigo\/\" \/>\n<meta property=\"og:site_name\" content=\"Safinel\" \/>\n<meta property=\"article:published_time\" content=\"2023-06-23T11:15:47+00:00\" \/>\n<meta property=\"article:modified_time\" content=\"2023-06-23T11:21:18+00:00\" \/>\n<meta property=\"og:image\" content=\"https:\/\/www.safinel.fr\/wp-content\/uploads\/2023\/06\/farine-de-froment.jpg\" \/>\n\t<meta property=\"og:image:width\" content=\"1100\" \/>\n\t<meta property=\"og:image:height\" content=\"578\" \/>\n\t<meta property=\"og:image:type\" content=\"image\/jpeg\" \/>\n<meta name=\"author\" content=\"Boutique Safinel\" \/>\n<meta name=\"twitter:card\" content=\"summary_large_image\" \/>\n<meta name=\"twitter:label1\" content=\"Escrito por\" \/>\n\t<meta name=\"twitter:data1\" content=\"Boutique Safinel\" \/>\n\t<meta name=\"twitter:label2\" content=\"Tempo estimado de leitura\" \/>\n\t<meta name=\"twitter:data2\" content=\"4 minutos\" \/>\n<script type=\"application\/ld+json\" class=\"yoast-schema-graph\">{\"@context\":\"https:\/\/schema.org\",\"@graph\":[{\"@type\":\"Article\",\"@id\":\"https:\/\/www.safinel.fr\/farine-de-froment\/#article\",\"isPartOf\":{\"@id\":\"https:\/\/www.safinel.fr\/farine-de-froment\/\"},\"author\":{\"name\":\"Boutique Safinel\",\"@id\":\"https:\/\/www.safinel.fr\/#\/schema\/person\/721a83294300152db59954bbb2f0fcc5\"},\"headline\":\"La farine de froment : un incontournable dans la cuisine fran\u00e7aise\",\"datePublished\":\"2023-06-23T11:15:47+00:00\",\"dateModified\":\"2023-06-23T11:21:18+00:00\",\"mainEntityOfPage\":{\"@id\":\"https:\/\/www.safinel.fr\/farine-de-froment\/\"},\"wordCount\":865,\"publisher\":{\"@id\":\"https:\/\/www.safinel.fr\/#organization\"},\"image\":{\"@id\":\"https:\/\/www.safinel.fr\/farine-de-froment\/#primaryimage\"},\"thumbnailUrl\":\"https:\/\/www.safinel.fr\/wp-content\/uploads\/2023\/06\/farine-de-froment.jpg\",\"articleSection\":[\"Divers\"],\"inLanguage\":\"pt-PT\"},{\"@type\":\"WebPage\",\"@id\":\"https:\/\/www.safinel.fr\/farine-de-froment\/\",\"url\":\"https:\/\/www.safinel.fr\/farine-de-froment\/\",\"name\":\"Farine de froment | L'ingr\u00e9dient fran\u00e7ais indispensable en cuisine\",\"isPartOf\":{\"@id\":\"https:\/\/www.safinel.fr\/#website\"},\"primaryImageOfPage\":{\"@id\":\"https:\/\/www.safinel.fr\/farine-de-froment\/#primaryimage\"},\"image\":{\"@id\":\"https:\/\/www.safinel.fr\/farine-de-froment\/#primaryimage\"},\"thumbnailUrl\":\"https:\/\/www.safinel.fr\/wp-content\/uploads\/2023\/06\/farine-de-froment.jpg\",\"datePublished\":\"2023-06-23T11:15:47+00:00\",\"dateModified\":\"2023-06-23T11:21:18+00:00\",\"description\":\"La\u00a0farine de froment, \u00e9galement connue sous le nom de farine de bl\u00e9, est l'un des ingr\u00e9dients les plus utilis\u00e9s dans la cuisine fran\u00e7aise.\",\"breadcrumb\":{\"@id\":\"https:\/\/www.safinel.fr\/farine-de-froment\/#breadcrumb\"},\"inLanguage\":\"pt-PT\",\"potentialAction\":[{\"@type\":\"ReadAction\",\"target\":[\"https:\/\/www.safinel.fr\/farine-de-froment\/\"]}]},{\"@type\":\"ImageObject\",\"inLanguage\":\"pt-PT\",\"@id\":\"https:\/\/www.safinel.fr\/farine-de-froment\/#primaryimage\",\"url\":\"https:\/\/www.safinel.fr\/wp-content\/uploads\/2023\/06\/farine-de-froment.jpg\",\"contentUrl\":\"https:\/\/www.safinel.fr\/wp-content\/uploads\/2023\/06\/farine-de-froment.jpg\",\"width\":1100,\"height\":578,\"caption\":\"farine de froment\"},{\"@type\":\"BreadcrumbList\",\"@id\":\"https:\/\/www.safinel.fr\/farine-de-froment\/#breadcrumb\",\"itemListElement\":[{\"@type\":\"ListItem\",\"position\":1,\"name\":\"Accueil\",\"item\":\"https:\/\/www.safinel.fr\/\"},{\"@type\":\"ListItem\",\"position\":2,\"name\":\"La farine de froment : un incontournable dans la cuisine fran\u00e7aise\"}]},{\"@type\":\"WebSite\",\"@id\":\"https:\/\/www.safinel.fr\/#website\",\"url\":\"https:\/\/www.safinel.fr\/\",\"name\":\"Safinel\",\"description\":\"\",\"publisher\":{\"@id\":\"https:\/\/www.safinel.fr\/#organization\"},\"potentialAction\":[{\"@type\":\"SearchAction\",\"target\":{\"@type\":\"EntryPoint\",\"urlTemplate\":\"https:\/\/www.safinel.fr\/?s={search_term_string}\"},\"query-input\":{\"@type\":\"PropertyValueSpecification\",\"valueRequired\":true,\"valueName\":\"search_term_string\"}}],\"inLanguage\":\"pt-PT\"},{\"@type\":\"Organization\",\"@id\":\"https:\/\/www.safinel.fr\/#organization\",\"name\":\"Safinel\",\"url\":\"https:\/\/www.safinel.fr\/\",\"logo\":{\"@type\":\"ImageObject\",\"inLanguage\":\"pt-PT\",\"@id\":\"https:\/\/www.safinel.fr\/#\/schema\/logo\/image\/\",\"url\":\"https:\/\/www.safinel.fr\/wp-content\/uploads\/2021\/05\/boutique-cosmetique.png\",\"contentUrl\":\"https:\/\/www.safinel.fr\/wp-content\/uploads\/2021\/05\/boutique-cosmetique.png\",\"width\":800,\"height\":200,\"caption\":\"Safinel\"},\"image\":{\"@id\":\"https:\/\/www.safinel.fr\/#\/schema\/logo\/image\/\"}},{\"@type\":\"Person\",\"@id\":\"https:\/\/www.safinel.fr\/#\/schema\/person\/721a83294300152db59954bbb2f0fcc5\",\"name\":\"Boutique Safinel\",\"image\":{\"@type\":\"ImageObject\",\"inLanguage\":\"pt-PT\",\"@id\":\"https:\/\/www.safinel.fr\/#\/schema\/person\/image\/\",\"url\":\"https:\/\/secure.gravatar.com\/avatar\/f68981bb0c0938d0f69d6a4651de60c9260d8f0f22d18b1520c25e25d86b5057?s=96&d=mm&r=g\",\"contentUrl\":\"https:\/\/secure.gravatar.com\/avatar\/f68981bb0c0938d0f69d6a4651de60c9260d8f0f22d18b1520c25e25d86b5057?s=96&d=mm&r=g\",\"caption\":\"Boutique Safinel\"},\"sameAs\":[\"https:\/\/www.safinel.fr\"],\"url\":\"https:\/\/www.safinel.fr\/pt\/author\/boutique-safinel\/\"}]}<\/script>\n<!-- \/ Yoast SEO plugin. -->","yoast_head_json":{"title":"Farinha de trigo | O ingrediente franc\u00eas indispens\u00e1vel na cozinha","description":"A farinha de trigo, tamb\u00e9m conhecida como farinha de trigo, \u00e9 um dos ingredientes mais utilizados na cozinha francesa.","robots":{"index":"index","follow":"follow","max-snippet":"max-snippet:-1","max-image-preview":"max-image-preview:large","max-video-preview":"max-video-preview:-1"},"canonical":"https:\/\/www.safinel.fr\/pt\/farinha-de-trigo\/","og_locale":"pt_PT","og_type":"article","og_title":"Farine de froment | L'ingr\u00e9dient fran\u00e7ais indispensable en cuisine","og_description":"La\u00a0farine de froment, \u00e9galement connue sous le nom de farine de bl\u00e9, est l'un des ingr\u00e9dients les plus utilis\u00e9s dans la cuisine fran\u00e7aise.","og_url":"https:\/\/www.safinel.fr\/pt\/farinha-de-trigo\/","og_site_name":"Safinel","article_published_time":"2023-06-23T11:15:47+00:00","article_modified_time":"2023-06-23T11:21:18+00:00","og_image":[{"width":1100,"height":578,"url":"https:\/\/www.safinel.fr\/wp-content\/uploads\/2023\/06\/farine-de-froment.jpg","type":"image\/jpeg"}],"author":"Boutique Safinel","twitter_card":"summary_large_image","twitter_misc":{"Escrito por":"Boutique Safinel","Tempo estimado de leitura":"4 minutos"},"schema":{"@context":"https:\/\/schema.org","@graph":[{"@type":"Article","@id":"https:\/\/www.safinel.fr\/farine-de-froment\/#article","isPartOf":{"@id":"https:\/\/www.safinel.fr\/farine-de-froment\/"},"author":{"name":"Boutique Safinel","@id":"https:\/\/www.safinel.fr\/#\/schema\/person\/721a83294300152db59954bbb2f0fcc5"},"headline":"La farine de froment : un incontournable dans la cuisine fran\u00e7aise","datePublished":"2023-06-23T11:15:47+00:00","dateModified":"2023-06-23T11:21:18+00:00","mainEntityOfPage":{"@id":"https:\/\/www.safinel.fr\/farine-de-froment\/"},"wordCount":865,"publisher":{"@id":"https:\/\/www.safinel.fr\/#organization"},"image":{"@id":"https:\/\/www.safinel.fr\/farine-de-froment\/#primaryimage"},"thumbnailUrl":"https:\/\/www.safinel.fr\/wp-content\/uploads\/2023\/06\/farine-de-froment.jpg","articleSection":["Divers"],"inLanguage":"pt-PT"},{"@type":"WebPage","@id":"https:\/\/www.safinel.fr\/farine-de-froment\/","url":"https:\/\/www.safinel.fr\/farine-de-froment\/","name":"Farinha de trigo | O ingrediente franc\u00eas indispens\u00e1vel na cozinha","isPartOf":{"@id":"https:\/\/www.safinel.fr\/#website"},"primaryImageOfPage":{"@id":"https:\/\/www.safinel.fr\/farine-de-froment\/#primaryimage"},"image":{"@id":"https:\/\/www.safinel.fr\/farine-de-froment\/#primaryimage"},"thumbnailUrl":"https:\/\/www.safinel.fr\/wp-content\/uploads\/2023\/06\/farine-de-froment.jpg","datePublished":"2023-06-23T11:15:47+00:00","dateModified":"2023-06-23T11:21:18+00:00","description":"A farinha de trigo, tamb\u00e9m conhecida como farinha de trigo, \u00e9 um dos ingredientes mais utilizados na cozinha francesa.","breadcrumb":{"@id":"https:\/\/www.safinel.fr\/farine-de-froment\/#breadcrumb"},"inLanguage":"pt-PT","potentialAction":[{"@type":"ReadAction","target":["https:\/\/www.safinel.fr\/farine-de-froment\/"]}]},{"@type":"ImageObject","inLanguage":"pt-PT","@id":"https:\/\/www.safinel.fr\/farine-de-froment\/#primaryimage","url":"https:\/\/www.safinel.fr\/wp-content\/uploads\/2023\/06\/farine-de-froment.jpg","contentUrl":"https:\/\/www.safinel.fr\/wp-content\/uploads\/2023\/06\/farine-de-froment.jpg","width":1100,"height":578,"caption":"farine de froment"},{"@type":"BreadcrumbList","@id":"https:\/\/www.safinel.fr\/farine-de-froment\/#breadcrumb","itemListElement":[{"@type":"ListItem","position":1,"name":"Accueil","item":"https:\/\/www.safinel.fr\/"},{"@type":"ListItem","position":2,"name":"La farine de froment : un incontournable dans la cuisine fran\u00e7aise"}]},{"@type":"WebSite","@id":"https:\/\/www.safinel.fr\/#website","url":"https:\/\/www.safinel.fr\/","name":"Safinel","description":"","publisher":{"@id":"https:\/\/www.safinel.fr\/#organization"},"potentialAction":[{"@type":"SearchAction","target":{"@type":"EntryPoint","urlTemplate":"https:\/\/www.safinel.fr\/?s={search_term_string}"},"query-input":{"@type":"PropertyValueSpecification","valueRequired":true,"valueName":"search_term_string"}}],"inLanguage":"pt-PT"},{"@type":"Organization","@id":"https:\/\/www.safinel.fr\/#organization","name":"Safinel","url":"https:\/\/www.safinel.fr\/","logo":{"@type":"ImageObject","inLanguage":"pt-PT","@id":"https:\/\/www.safinel.fr\/#\/schema\/logo\/image\/","url":"https:\/\/www.safinel.fr\/wp-content\/uploads\/2021\/05\/boutique-cosmetique.png","contentUrl":"https:\/\/www.safinel.fr\/wp-content\/uploads\/2021\/05\/boutique-cosmetique.png","width":800,"height":200,"caption":"Safinel"},"image":{"@id":"https:\/\/www.safinel.fr\/#\/schema\/logo\/image\/"}},{"@type":"Person","@id":"https:\/\/www.safinel.fr\/#\/schema\/person\/721a83294300152db59954bbb2f0fcc5","name":"Loja Safinel","image":{"@type":"ImageObject","inLanguage":"pt-PT","@id":"https:\/\/www.safinel.fr\/#\/schema\/person\/image\/","url":"https:\/\/secure.gravatar.com\/avatar\/f68981bb0c0938d0f69d6a4651de60c9260d8f0f22d18b1520c25e25d86b5057?s=96&d=mm&r=g","contentUrl":"https:\/\/secure.gravatar.com\/avatar\/f68981bb0c0938d0f69d6a4651de60c9260d8f0f22d18b1520c25e25d86b5057?s=96&d=mm&r=g","caption":"Boutique Safinel"},"sameAs":["https:\/\/www.safinel.fr"],"url":"https:\/\/www.safinel.fr\/pt\/author\/boutique-safinel\/"}]}},"_links":{"self":[{"href":"https:\/\/www.safinel.fr\/pt\/wp-json\/wp\/v2\/posts\/6660","targetHints":{"allow":["GET"]}}],"collection":[{"href":"https:\/\/www.safinel.fr\/pt\/wp-json\/wp\/v2\/posts"}],"about":[{"href":"https:\/\/www.safinel.fr\/pt\/wp-json\/wp\/v2\/types\/post"}],"author":[{"embeddable":true,"href":"https:\/\/www.safinel.fr\/pt\/wp-json\/wp\/v2\/users\/1"}],"replies":[{"embeddable":true,"href":"https:\/\/www.safinel.fr\/pt\/wp-json\/wp\/v2\/comments?post=6660"}],"version-history":[{"count":3,"href":"https:\/\/www.safinel.fr\/pt\/wp-json\/wp\/v2\/posts\/6660\/revisions"}],"predecessor-version":[{"id":6666,"href":"https:\/\/www.safinel.fr\/pt\/wp-json\/wp\/v2\/posts\/6660\/revisions\/6666"}],"wp:featuredmedia":[{"embeddable":true,"href":"https:\/\/www.safinel.fr\/pt\/wp-json\/wp\/v2\/media\/6665"}],"wp:attachment":[{"href":"https:\/\/www.safinel.fr\/pt\/wp-json\/wp\/v2\/media?parent=6660"}],"wp:term":[{"taxonomy":"category","embeddable":true,"href":"https:\/\/www.safinel.fr\/pt\/wp-json\/wp\/v2\/categories?post=6660"},{"taxonomy":"post_tag","embeddable":true,"href":"https:\/\/www.safinel.fr\/pt\/wp-json\/wp\/v2\/tags?post=6660"}],"curies":[{"name":"wp","href":"https:\/\/api.w.org\/{rel}","templated":true}]}}