{"id":6059,"date":"2023-05-18T15:57:31","date_gmt":"2023-05-18T15:57:31","guid":{"rendered":"https:\/\/www.safinel.fr\/?p=6059"},"modified":"2023-05-18T15:58:17","modified_gmt":"2023-05-18T15:58:17","slug":"banho-de-oleo-para-cabelos-afro","status":"publish","type":"post","link":"https:\/\/www.safinel.fr\/pt\/banho-de-oleo-para-cabelos-afro\/","title":{"rendered":"O banho de \u00f3leo para cabelos afro: Guia e instru\u00e7\u00f5es de uso em 2023"},"content":{"rendered":"<p>Os\u00a0<strong>cabelo afro<\/strong>, tamb\u00e9m chamado de cabelo crespo, \u00e9 frequentemente fr\u00e1gil e seco devido \u00e0 sua estrutura particular. Para remediar isso, o\u00a0<strong>banho de \u00f3leo para cabelos afro<\/strong>\u00a0\u00e9 uma solu\u00e7\u00e3o ideal que permite nutrir, hidratar e fortalecer a fibra capilar.<\/p>\n\n\n\n<h2 class=\"wp-block-heading\" id=\"h-pourquoi-adopter-le-bain-d-huile-pour-les-cheveux-afro\"><strong>Porqu\u00ea adotar o banho de \u00f3leo para cabelos afro?<\/strong><\/h2>\n\n\n\n<p><strong>O banho de \u00f3leo \u00e9 um tratamento profundo que traz muitos benef\u00edcios para os cabelos afro:<\/strong><\/p>\n\n\n\n<ul class=\"wp-block-list\">\n<li><strong>Nutri\u00e7\u00e3o:<\/strong>&nbsp;Os \u00f3leos penetram na fibra capilar para nutrir e reparar os cabelos em profundidade.<\/li>\n\n\n\n<li><strong>Hidrata\u00e7\u00e3o:<\/strong>&nbsp;O banho de \u00f3leo ajuda a reter a \u00e1gua no cabelo, o que previne o ressecamento e promove a flexibilidade dos cachos.<\/li>\n\n\n\n<li><strong>Brilho:<\/strong>&nbsp;Os \u00f3leos formam uma pel\u00edcula protetora no cabelo, que reflete melhor a luz e d\u00e1 um aspecto mais brilhante.<\/li>\n\n\n\n<li><strong>Promove o crescimento:<\/strong>&nbsp;Ao estimular o couro cabeludo, o banho de \u00f3leo favorece a circula\u00e7\u00e3o sangu\u00ednea e, consequentemente, o crescimento do cabelo.<\/li>\n\n\n\n<li><strong>Redefinir os loops:<\/strong>&nbsp;A hidrata\u00e7\u00e3o proporcionada pelo banho de \u00f3leo ajuda a redefinir os cachos e a dar-lhes uma forma mais harmoniosa.<\/li>\n<\/ul>\n\n\n\n<h2 class=\"wp-block-heading\" id=\"h-quelles-huiles-choisir-pour-un-bain-d-huile-adapt-aux-cheveux-afro\"><strong>Que \u00f3leos escolher para um banho de \u00f3leo adequado para cabelos afro?<\/strong><\/h2>\n\n\n\n<p>Existem muitos \u00f3leos diferentes, mas alguns s\u00e3o particularmente adequados \u00e0s necessidades espec\u00edficas dos cabelos afro:<\/p>\n\n\n\n<ol class=\"wp-block-list\">\n<li><strong>\u00d3leo de coco:<\/strong>&nbsp;Rico em \u00e1cidos gordos, o \u00f3leo de coco nutre e repara os cabelos secos e danificados. Al\u00e9m disso, penetra facilmente na fibra capilar e proporciona uma hidrata\u00e7\u00e3o duradoura.<\/li>\n\n\n\n<li><strong>\u00d3leo de abacate:<\/strong>&nbsp;Gra\u00e7as ao seu elevado teor em vitaminas e minerais, o \u00f3leo de abacate favorece o crescimento do cabelo e fortalece a fibra capilar.<\/li>\n\n\n\n<li><strong>\u00d3leo de am\u00eandoa doce:<\/strong>&nbsp;Muito suave, o \u00f3leo de am\u00eandoa doce \u00e9 ideal para acalmar o couro cabeludo e prevenir irrita\u00e7\u00f5es. Tamb\u00e9m suaviza o cabelo e facilita o desembara\u00e7ar.<\/li>\n\n\n\n<li><strong><a href=\"https:\/\/www.huiles-de-ricin.com\" target=\"_blank\" rel=\"noreferrer noopener\">\u00d3leo de r\u00edcino<\/a> :<\/strong>\u00a0Reconhecido pelas suas propriedades fortalecedoras, o \u00f3leo de r\u00edcino estimula o crescimento do cabelo e fortalece as ra\u00edzes.<\/li>\n\n\n\n<li><strong>\u00d3leo de arg\u00e3o:<\/strong>&nbsp;Rico em antioxidantes, o \u00f3leo de arg\u00e3o protege o cabelo das agress\u00f5es externas e confere-lhe flexibilidade.<\/li>\n<\/ol>\n\n\n\n<h3 class=\"wp-block-heading\" id=\"h-m-langer-plusieurs-huiles-pour-un-bain-d-huile-sur-mesure\"><strong>Misture v\u00e1rios \u00f3leos para criar um banho de \u00f3leo personalizado<\/strong><\/h3>\n\n\n\n<p>\u00c9 perfeitamente poss\u00edvel misturar v\u00e1rios \u00f3leos para criar um banho de \u00f3leo personalizado, adaptado \u00e0s suas necessidades espec\u00edficas. N\u00e3o hesite em experimentar diferentes combina\u00e7\u00f5es para encontrar a que melhor se adapta ao seu tipo de cabelo.<\/p>\n\n\n\n<h2 class=\"wp-block-heading\" id=\"h-mode-d-emploi-du-bain-d-huile-pour-les-cheveux-afro\"><strong>Instru\u00e7\u00f5es de utiliza\u00e7\u00e3o do banho de \u00f3leo para cabelos afro<\/strong><\/h2>\n\n\n\n<h3 class=\"wp-block-heading\" id=\"h-pr-paration-et-application-du-bain-d-huile\"><strong>Prepara\u00e7\u00e3o e aplica\u00e7\u00e3o do banho de \u00f3leo<\/strong><\/h3>\n\n\n\n<p>Para fazer um banho de \u00f3leo, siga estes passos:<\/p>\n\n\n\n<ol class=\"wp-block-list\">\n<li><strong>Escolha os \u00f3leos<\/strong>&nbsp;de acordo com as suas necessidades e prefer\u00eancias.<\/li>\n\n\n\n<li><strong><a href=\"https:\/\/www.safinel.fr\/pt\/product-category-2\/chapeu-aquecido\/\">Aque\u00e7a ligeiramente<\/a><\/strong>\u00a0os \u00f3leos em banho-maria ou numa tigela colocada numa panela com \u00e1gua quente. O objetivo \u00e9 aquecer os \u00f3leos, sem os deixar ficar muito quentes.<\/li>\n\n\n\n<li><strong>Divida o seu cabelo<\/strong>&nbsp;em v\u00e1rias sec\u00e7\u00f5es para facilitar a aplica\u00e7\u00e3o.<\/li>\n\n\n\n<li><strong>Aplique os \u00f3leos<\/strong>&nbsp;Aplique o champ\u00f4 morno no cabelo, insistindo nos comprimentos e nas pontas. Massaje tamb\u00e9m o couro cabeludo para estimular a circula\u00e7\u00e3o sangu\u00ednea.<\/li>\n<\/ol>\n\n\n\n<h3 class=\"wp-block-heading\" id=\"h-laisser-poser-le-bain-d-huile-et-rincer\"><strong>Deixe o \u00f3leo agir e enx\u00e1gue.<\/strong><\/h3>\n\n\n\n<p>Depois de aplicar os \u00f3leos, \u00e9 importante deixar o banho de \u00f3leo agir para que ele possa atuar em profundidade:<\/p>\n\n\n\n<ul class=\"wp-block-list\">\n<li><strong>Cubra o cabelo<\/strong>&nbsp;com um gorro de pl\u00e1stico ou uma toalha quente. Isso ajuda a manter o calor e favorece a penetra\u00e7\u00e3o dos \u00f3leos na fibra capilar.<\/li>\n\n\n\n<li><strong>Deixe o \u00f3leo agir<\/strong>&nbsp;durante pelo menos 30 minutos, ou mesmo toda a noite, se poss\u00edvel. Quanto mais tempo permanecer aplicado, mais tempo os \u00f3leos ter\u00e3o para agir em profundidade.<\/li>\n\n\n\n<li><strong>Enx\u00e1gue abundantemente<\/strong>&nbsp;molhe o cabelo com \u00e1gua morna e lave-o com um champ\u00f4 suave adequado para cabelos afro.<\/li>\n<\/ul>\n\n\n\n<h2 class=\"wp-block-heading\" id=\"h-fr-quence-et-astuces-pour-un-bain-d-huile-r-ussi\"><strong>Frequ\u00eancia e dicas para um banho de \u00f3leo bem-sucedido<\/strong><\/h2>\n\n\n\n<p>A frequ\u00eancia ideal para fazer um banho de \u00f3leo no cabelo afro depende das suas necessidades espec\u00edficas. Em geral, recomenda-se fazer um banho de \u00f3leo&nbsp;<strong>uma a duas vezes por m\u00eas<\/strong>.<\/p>\n\n\n\n<h3 class=\"wp-block-heading\"><strong>Aqui est\u00e3o algumas dicas para otimizar os benef\u00edcios do banho de \u00f3leo:<\/strong><\/h3>\n\n\n\n<ul class=\"wp-block-list\">\n<li><strong>Desembarace o seu cabelo<\/strong>&nbsp;antes de realizar o banho de \u00f3leo: isso facilita a aplica\u00e7\u00e3o e a distribui\u00e7\u00e3o dos \u00f3leos.<\/li>\n\n\n\n<li><strong>Varie os \u00f3leos<\/strong>&nbsp;de acordo com as necessidades do seu cabelo: se notar que algumas \u00e1reas est\u00e3o mais secas ou fr\u00e1geis, n\u00e3o hesite em adaptar a sua mistura de \u00f3leos.<\/li>\n\n\n\n<li><strong>Complete o banho de \u00f3leo<\/strong>&nbsp;com outros cuidados capilares adequados para cabelos afro, como m\u00e1scaras hidratantes ou cremes modeladores para ondular e definir os cachos.<\/li>\n<\/ul>\n\n\n\n<p>Seguindo estas dicas e adaptando o banho de \u00f3leo \u00e0s suas necessidades espec\u00edficas, voc\u00ea dar\u00e1 ao seu cabelo afro toda a aten\u00e7\u00e3o e os cuidados de que ele precisa para ficar bonito, forte e saud\u00e1vel.<\/p>\n\n\n\n<div class=\"woocommerce columns-2\"><div class=\"products row row-small large-columns-2 medium-columns-3 small-columns-2\">\n<div class=\"product-small col has-hover product type-product post-5928 status-publish first instock product_cat-huile-vegetale has-post-thumbnail shipping-taxable purchasable product-type-simple\">\n\t<div class=\"col-inner\">\n\t\n<div class=\"badge-container absolute left top z-1\">\n\n<\/div>\n\t<div class=\"product-small box\">\n\t\t<div class=\"box-image\">\n\t\t\t<div class=\"image-none\">\n\t\t\t\t<a href=\"https:\/\/www.safinel.fr\/pt\/product-2\/oleo-de-mostarda\/\" aria-label=\"\u00d3leo de mostarda 50 ml\">\n\t\t\t\t\t<img decoding=\"async\" width=\"600\" height=\"600\" src=\"https:\/\/www.safinel.fr\/wp-content\/uploads\/2023\/05\/huile-de-moutarde-1.jpg.webp\" class=\"attachment-woocommerce_thumbnail size-woocommerce_thumbnail\" alt=\"\u00d3leo de mostarda 50 ml\" srcset=\"https:\/\/www.safinel.fr\/wp-content\/uploads\/2023\/05\/huile-de-moutarde-1.jpg.webp 600w, https:\/\/www.safinel.fr\/wp-content\/uploads\/2023\/05\/huile-de-moutarde-1.jpg-100x100.webp 100w, https:\/\/www.safinel.fr\/wp-content\/uploads\/2023\/05\/huile-de-moutarde-1.jpg-400x400.webp 400w, https:\/\/www.safinel.fr\/wp-content\/uploads\/2023\/05\/huile-de-moutarde-1.jpg-280x280.webp 280w, https:\/\/www.safinel.fr\/wp-content\/uploads\/2023\/05\/huile-de-moutarde-1.jpg-300x300.webp 300w\" sizes=\"(max-width: 600px) 100vw, 600px\" \/>\t\t\t\t<\/a>\n\t\t\t<\/div>\n\t\t\t<div class=\"image-tools is-small top right show-on-hover\">\n\t\t\t\t\t\t\t<\/div>\n\t\t\t<div class=\"image-tools is-small hide-for-small bottom left show-on-hover\">\n\t\t\t\t\t\t\t<\/div>\n\t\t\t<div class=\"image-tools grid-tools text-center hide-for-small bottom hover-slide-in show-on-hover\">\n\t\t\t\t<a href=\"#quick-view\" class=\"quick-view\" role=\"button\" data-prod=\"5928\" aria-haspopup=\"dialog\" aria-expanded=\"false\" data-flatsome-role-button>Visualiza\u00e7\u00e3o r\u00e1pida<\/a>\t\t\t<\/div>\n\t\t\t\t\t<\/div>\n\n\t\t<div class=\"box-text box-text-products text-center grid-style-2\">\n\t\t\t<div class=\"title-wrapper\">\t\t<p class=\"category uppercase is-smaller no-text-overflow product-cat op-8\">\n\t\t\t\u00d3leos vegetais\t\t<\/p>\n\t<p class=\"name product-title woocommerce-loop-product__title\"><a href=\"https:\/\/www.safinel.fr\/pt\/product-2\/oleo-de-mostarda\/\" class=\"woocommerce-LoopProduct-link woocommerce-loop-product__link\">\u00d3leo de mostarda 50 ml<\/a><\/p><\/div><div class=\"price-wrapper\">\n\t<span class=\"price\"><span class=\"woocommerce-Price-amount amount\"><bdi>9,90<span class=\"woocommerce-Price-currencySymbol\">\u20ac<\/span><\/bdi><\/span><\/span>\n<\/div><div class=\"add-to-cart-button\"><a href=\"\/pt\/wp-json\/wp\/v2\/posts\/6059?add-to-cart=5928\" aria-describedby=\"woocommerce_loop_add_to_cart_link_describedby_5928\" data-quantity=\"1\" class=\"primary is-small mb-0 button product_type_simple add_to_cart_button ajax_add_to_cart is-outline\" data-product_id=\"5928\" data-product_sku=\"SAF-REF-489\" aria-label=\"Adicionar ao carrinho: \u201cHuile de moutarde 50ml\u201d\" rel=\"nofollow\" data-success_message=\"\u201cHuile de moutarde 50ml\u201d foi adicionado ao seu carrinho\" role=\"button\" data-no-translation=\"\" data-trp-gettext=\"\" data-no-translation-aria-label=\"\" data-no-translation-data-success_message=\"\">Adicionar ao carrinho<\/a><\/div>\t<span id=\"woocommerce_loop_add_to_cart_link_describedby_5928\" class=\"screen-reader-text\">\n\t\t\t<\/span>\n\t\t<\/div>\n\t<\/div>\n\t\t<\/div>\n<\/div><div class=\"product-small col has-hover product type-product post-4483 status-publish last instock product_cat-huile-vegetale has-post-thumbnail shipping-taxable purchasable product-type-variable\">\n\t<div class=\"col-inner\">\n\t\n<div class=\"badge-container absolute left top z-1\">\n\n<\/div>\n\t<div class=\"product-small box\">\n\t\t<div class=\"box-image\">\n\t\t\t<div class=\"image-none\">\n\t\t\t\t<a href=\"https:\/\/www.safinel.fr\/pt\/product-2\/oleo-de-carapate\/\" aria-label=\"\u00d3leo de carapate\">\n\t\t\t\t\t<img decoding=\"async\" width=\"600\" height=\"600\" src=\"https:\/\/www.safinel.fr\/wp-content\/uploads\/2023\/02\/huile-de-carapate.jpg.webp\" class=\"attachment-woocommerce_thumbnail size-woocommerce_thumbnail\" alt=\"\u00d3leo de carapate - \u00f3leo de r\u00edcino preto\" srcset=\"https:\/\/www.safinel.fr\/wp-content\/uploads\/2023\/02\/huile-de-carapate.jpg.webp 600w, https:\/\/www.safinel.fr\/wp-content\/uploads\/2023\/02\/huile-de-carapate.jpg-100x100.webp 100w, https:\/\/www.safinel.fr\/wp-content\/uploads\/2023\/02\/huile-de-carapate.jpg-400x400.webp 400w, https:\/\/www.safinel.fr\/wp-content\/uploads\/2023\/02\/huile-de-carapate.jpg-280x280.webp 280w, https:\/\/www.safinel.fr\/wp-content\/uploads\/2023\/02\/huile-de-carapate.jpg-300x300.webp 300w\" sizes=\"(max-width: 600px) 100vw, 600px\" \/>\t\t\t\t<\/a>\n\t\t\t<\/div>\n\t\t\t<div class=\"image-tools is-small top right show-on-hover\">\n\t\t\t\t\t\t\t<\/div>\n\t\t\t<div class=\"image-tools is-small hide-for-small bottom left show-on-hover\">\n\t\t\t\t\t\t\t<\/div>\n\t\t\t<div class=\"image-tools grid-tools text-center hide-for-small bottom hover-slide-in show-on-hover\">\n\t\t\t\t<a href=\"#quick-view\" class=\"quick-view\" role=\"button\" data-prod=\"4483\" aria-haspopup=\"dialog\" aria-expanded=\"false\" data-flatsome-role-button>Visualiza\u00e7\u00e3o r\u00e1pida<\/a>\t\t\t<\/div>\n\t\t\t\t\t<\/div>\n\n\t\t<div class=\"box-text box-text-products text-center grid-style-2\">\n\t\t\t<div class=\"title-wrapper\">\t\t<p class=\"category uppercase is-smaller no-text-overflow product-cat op-8\">\n\t\t\t\u00d3leos vegetais\t\t<\/p>\n\t<p class=\"name product-title woocommerce-loop-product__title\"><a href=\"https:\/\/www.safinel.fr\/pt\/product-2\/oleo-de-carapate\/\" class=\"woocommerce-LoopProduct-link woocommerce-loop-product__link\">\u00d3leo de carapate<\/a><\/p><\/div><div class=\"price-wrapper\">\n\t<span class=\"price\"><span class=\"woocommerce-Price-amount amount\" aria-hidden=\"true\"><bdi>5,50<span class=\"woocommerce-Price-currencySymbol\">&euro;<\/span><\/bdi><\/span> <span aria-hidden=\"true\">\u2013<\/span> <span class=\"woocommerce-Price-amount amount\" aria-hidden=\"true\"><bdi>9,90<span class=\"woocommerce-Price-currencySymbol\">&euro;<\/span><\/bdi><\/span><span class=\"screen-reader-text\" data-no-translation=\"\" data-trp-gettext=\"\">Faixa de pre\u00e7o: 5,50&euro; a 9,90&euro;<\/span><\/span>\n<\/div><div class=\"add-to-cart-button\"><a href=\"https:\/\/www.safinel.fr\/pt\/product-2\/oleo-de-carapate\/\" aria-describedby=\"woocommerce_loop_add_to_cart_link_describedby_4483\" data-quantity=\"1\" class=\"primary is-small mb-0 button product_type_variable add_to_cart_button is-outline\" data-product_id=\"4483\" data-product_sku=\"SAF-REF-376\" aria-label=\"Selecione as op\u00e7\u00f5es para \u201cHuile de carapate\u201d\" rel=\"nofollow\" data-no-translation=\"\" data-trp-gettext=\"\" data-no-translation-aria-label=\"\">Selecione as op\u00e7\u00f5es<\/a><\/div>\t<span id=\"woocommerce_loop_add_to_cart_link_describedby_4483\" class=\"screen-reader-text\">\n\t\tEste produto tem v\u00e1rias variantes. As op\u00e7\u00f5es podem ser escolhidas na p\u00e1gina do produto.\t<\/span>\n\t\t<\/div>\n\t<\/div>\n\t\t<\/div>\n<\/div><\/div><!-- row -->\n<\/div>","protected":false},"excerpt":{"rendered":"<p>Os cabelos afro, tamb\u00e9m chamados de cabelos crespos, s\u00e3o frequentemente fr\u00e1geis e secos devido \u00e0 sua estrutura particular. Para remediar isso, o banho de \u00f3leo para cabelos afro \u00e9 uma solu\u00e7\u00e3o ideal que permite nutrir, hidratar e fortalecer a fibra capilar. Por que adotar o banho de \u00f3leo para cabelos afro? O banho de \u00f3leo \u00e9 um tratamento profundo que [...]","protected":false},"author":1,"featured_media":6060,"comment_status":"closed","ping_status":"closed","sticky":false,"template":"","format":"standard","meta":{"footnotes":""},"categories":[1],"tags":[],"class_list":["post-6059","post","type-post","status-publish","format-standard","has-post-thumbnail","hentry","category-divers"],"yoast_head":"<!-- This site is optimized with the Yoast SEO plugin v26.6 - https:\/\/yoast.com\/wordpress\/plugins\/seo\/ -->\n<title>Bain d&#039;huile cheveux afro I Tuto &amp; recette facile en 2023<\/title>\n<meta name=\"description\" content=\"Le\u00a0bain d&#039;huile cheveux afro\u00a0est une solution id\u00e9ale qui permet de nourrir, hydrater et renforcer la fibre capillaire.\" \/>\n<meta name=\"robots\" content=\"index, follow, max-snippet:-1, max-image-preview:large, max-video-preview:-1\" \/>\n<link rel=\"canonical\" href=\"https:\/\/www.safinel.fr\/pt\/banho-de-oleo-para-cabelos-afro\/\" \/>\n<meta property=\"og:locale\" content=\"pt_PT\" \/>\n<meta property=\"og:type\" content=\"article\" \/>\n<meta property=\"og:title\" content=\"Bain d&#039;huile cheveux afro I Tuto &amp; recette facile en 2023\" \/>\n<meta property=\"og:description\" content=\"Le\u00a0bain d&#039;huile cheveux afro\u00a0est une solution id\u00e9ale qui permet de nourrir, hydrater et renforcer la fibre capillaire.\" \/>\n<meta property=\"og:url\" content=\"https:\/\/www.safinel.fr\/pt\/banho-de-oleo-para-cabelos-afro\/\" \/>\n<meta property=\"og:site_name\" content=\"Safinel\" \/>\n<meta property=\"article:published_time\" content=\"2023-05-18T15:57:31+00:00\" \/>\n<meta property=\"article:modified_time\" content=\"2023-05-18T15:58:17+00:00\" \/>\n<meta property=\"og:image\" content=\"https:\/\/www.safinel.fr\/wp-content\/uploads\/2023\/05\/bain-dhuile-cheveux-afro-.jpg\" \/>\n\t<meta property=\"og:image:width\" content=\"1100\" \/>\n\t<meta property=\"og:image:height\" content=\"578\" \/>\n\t<meta property=\"og:image:type\" content=\"image\/jpeg\" \/>\n<meta name=\"author\" content=\"Boutique Safinel\" \/>\n<meta name=\"twitter:card\" content=\"summary_large_image\" \/>\n<meta name=\"twitter:label1\" content=\"Escrito por\" \/>\n\t<meta name=\"twitter:data1\" content=\"Boutique Safinel\" \/>\n\t<meta name=\"twitter:label2\" content=\"Tempo estimado de leitura\" \/>\n\t<meta name=\"twitter:data2\" content=\"4 minutos\" \/>\n<script type=\"application\/ld+json\" class=\"yoast-schema-graph\">{\"@context\":\"https:\/\/schema.org\",\"@graph\":[{\"@type\":\"Article\",\"@id\":\"https:\/\/www.safinel.fr\/bain-dhuile-cheveux-afro\/#article\",\"isPartOf\":{\"@id\":\"https:\/\/www.safinel.fr\/bain-dhuile-cheveux-afro\/\"},\"author\":{\"name\":\"Boutique Safinel\",\"@id\":\"https:\/\/www.safinel.fr\/#\/schema\/person\/721a83294300152db59954bbb2f0fcc5\"},\"headline\":\"Le bain d&rsquo;huile pour les cheveux afro : Guide et mode d&#8217;emploi en 2023\",\"datePublished\":\"2023-05-18T15:57:31+00:00\",\"dateModified\":\"2023-05-18T15:58:17+00:00\",\"mainEntityOfPage\":{\"@id\":\"https:\/\/www.safinel.fr\/bain-dhuile-cheveux-afro\/\"},\"wordCount\":872,\"publisher\":{\"@id\":\"https:\/\/www.safinel.fr\/#organization\"},\"image\":{\"@id\":\"https:\/\/www.safinel.fr\/bain-dhuile-cheveux-afro\/#primaryimage\"},\"thumbnailUrl\":\"https:\/\/www.safinel.fr\/wp-content\/uploads\/2023\/05\/bain-dhuile-cheveux-afro-.jpg\",\"articleSection\":[\"Divers\"],\"inLanguage\":\"pt-PT\"},{\"@type\":\"WebPage\",\"@id\":\"https:\/\/www.safinel.fr\/bain-dhuile-cheveux-afro\/\",\"url\":\"https:\/\/www.safinel.fr\/bain-dhuile-cheveux-afro\/\",\"name\":\"Bain d'huile cheveux afro I Tuto & recette facile en 2023\",\"isPartOf\":{\"@id\":\"https:\/\/www.safinel.fr\/#website\"},\"primaryImageOfPage\":{\"@id\":\"https:\/\/www.safinel.fr\/bain-dhuile-cheveux-afro\/#primaryimage\"},\"image\":{\"@id\":\"https:\/\/www.safinel.fr\/bain-dhuile-cheveux-afro\/#primaryimage\"},\"thumbnailUrl\":\"https:\/\/www.safinel.fr\/wp-content\/uploads\/2023\/05\/bain-dhuile-cheveux-afro-.jpg\",\"datePublished\":\"2023-05-18T15:57:31+00:00\",\"dateModified\":\"2023-05-18T15:58:17+00:00\",\"description\":\"Le\u00a0bain d'huile cheveux afro\u00a0est une solution id\u00e9ale qui permet de nourrir, hydrater et renforcer la fibre capillaire.\",\"breadcrumb\":{\"@id\":\"https:\/\/www.safinel.fr\/bain-dhuile-cheveux-afro\/#breadcrumb\"},\"inLanguage\":\"pt-PT\",\"potentialAction\":[{\"@type\":\"ReadAction\",\"target\":[\"https:\/\/www.safinel.fr\/bain-dhuile-cheveux-afro\/\"]}]},{\"@type\":\"ImageObject\",\"inLanguage\":\"pt-PT\",\"@id\":\"https:\/\/www.safinel.fr\/bain-dhuile-cheveux-afro\/#primaryimage\",\"url\":\"https:\/\/www.safinel.fr\/wp-content\/uploads\/2023\/05\/bain-dhuile-cheveux-afro-.jpg\",\"contentUrl\":\"https:\/\/www.safinel.fr\/wp-content\/uploads\/2023\/05\/bain-dhuile-cheveux-afro-.jpg\",\"width\":1100,\"height\":578,\"caption\":\"Bain d'huile cheveux afro\"},{\"@type\":\"BreadcrumbList\",\"@id\":\"https:\/\/www.safinel.fr\/bain-dhuile-cheveux-afro\/#breadcrumb\",\"itemListElement\":[{\"@type\":\"ListItem\",\"position\":1,\"name\":\"Accueil\",\"item\":\"https:\/\/www.safinel.fr\/\"},{\"@type\":\"ListItem\",\"position\":2,\"name\":\"Le bain d&#8217;huile pour les cheveux afro : Guide et mode d&#8217;emploi en 2023\"}]},{\"@type\":\"WebSite\",\"@id\":\"https:\/\/www.safinel.fr\/#website\",\"url\":\"https:\/\/www.safinel.fr\/\",\"name\":\"Safinel\",\"description\":\"\",\"publisher\":{\"@id\":\"https:\/\/www.safinel.fr\/#organization\"},\"potentialAction\":[{\"@type\":\"SearchAction\",\"target\":{\"@type\":\"EntryPoint\",\"urlTemplate\":\"https:\/\/www.safinel.fr\/?s={search_term_string}\"},\"query-input\":{\"@type\":\"PropertyValueSpecification\",\"valueRequired\":true,\"valueName\":\"search_term_string\"}}],\"inLanguage\":\"pt-PT\"},{\"@type\":\"Organization\",\"@id\":\"https:\/\/www.safinel.fr\/#organization\",\"name\":\"Safinel\",\"url\":\"https:\/\/www.safinel.fr\/\",\"logo\":{\"@type\":\"ImageObject\",\"inLanguage\":\"pt-PT\",\"@id\":\"https:\/\/www.safinel.fr\/#\/schema\/logo\/image\/\",\"url\":\"https:\/\/www.safinel.fr\/wp-content\/uploads\/2021\/05\/boutique-cosmetique.png\",\"contentUrl\":\"https:\/\/www.safinel.fr\/wp-content\/uploads\/2021\/05\/boutique-cosmetique.png\",\"width\":800,\"height\":200,\"caption\":\"Safinel\"},\"image\":{\"@id\":\"https:\/\/www.safinel.fr\/#\/schema\/logo\/image\/\"}},{\"@type\":\"Person\",\"@id\":\"https:\/\/www.safinel.fr\/#\/schema\/person\/721a83294300152db59954bbb2f0fcc5\",\"name\":\"Boutique Safinel\",\"image\":{\"@type\":\"ImageObject\",\"inLanguage\":\"pt-PT\",\"@id\":\"https:\/\/www.safinel.fr\/#\/schema\/person\/image\/\",\"url\":\"https:\/\/secure.gravatar.com\/avatar\/f68981bb0c0938d0f69d6a4651de60c9260d8f0f22d18b1520c25e25d86b5057?s=96&d=mm&r=g\",\"contentUrl\":\"https:\/\/secure.gravatar.com\/avatar\/f68981bb0c0938d0f69d6a4651de60c9260d8f0f22d18b1520c25e25d86b5057?s=96&d=mm&r=g\",\"caption\":\"Boutique Safinel\"},\"sameAs\":[\"https:\/\/www.safinel.fr\"],\"url\":\"https:\/\/www.safinel.fr\/pt\/author\/boutique-safinel\/\"}]}<\/script>\n<!-- \/ Yoast SEO plugin. -->","yoast_head_json":{"title":"Banho de \u00f3leo para cabelos afro I Tutorial e receita f\u00e1cil em 2023","description":"O banho de \u00f3leo para cabelos afro \u00e9 uma solu\u00e7\u00e3o ideal que nutre, hidrata e fortalece a fibra capilar.","robots":{"index":"index","follow":"follow","max-snippet":"max-snippet:-1","max-image-preview":"max-image-preview:large","max-video-preview":"max-video-preview:-1"},"canonical":"https:\/\/www.safinel.fr\/pt\/banho-de-oleo-para-cabelos-afro\/","og_locale":"pt_PT","og_type":"article","og_title":"Bain d'huile cheveux afro I Tuto & recette facile en 2023","og_description":"Le\u00a0bain d'huile cheveux afro\u00a0est une solution id\u00e9ale qui permet de nourrir, hydrater et renforcer la fibre capillaire.","og_url":"https:\/\/www.safinel.fr\/pt\/banho-de-oleo-para-cabelos-afro\/","og_site_name":"Safinel","article_published_time":"2023-05-18T15:57:31+00:00","article_modified_time":"2023-05-18T15:58:17+00:00","og_image":[{"width":1100,"height":578,"url":"https:\/\/www.safinel.fr\/wp-content\/uploads\/2023\/05\/bain-dhuile-cheveux-afro-.jpg","type":"image\/jpeg"}],"author":"Boutique Safinel","twitter_card":"summary_large_image","twitter_misc":{"Escrito por":"Boutique Safinel","Tempo estimado de leitura":"4 minutos"},"schema":{"@context":"https:\/\/schema.org","@graph":[{"@type":"Article","@id":"https:\/\/www.safinel.fr\/bain-dhuile-cheveux-afro\/#article","isPartOf":{"@id":"https:\/\/www.safinel.fr\/bain-dhuile-cheveux-afro\/"},"author":{"name":"Boutique Safinel","@id":"https:\/\/www.safinel.fr\/#\/schema\/person\/721a83294300152db59954bbb2f0fcc5"},"headline":"Le bain d&rsquo;huile pour les cheveux afro : Guide et mode d&#8217;emploi en 2023","datePublished":"2023-05-18T15:57:31+00:00","dateModified":"2023-05-18T15:58:17+00:00","mainEntityOfPage":{"@id":"https:\/\/www.safinel.fr\/bain-dhuile-cheveux-afro\/"},"wordCount":872,"publisher":{"@id":"https:\/\/www.safinel.fr\/#organization"},"image":{"@id":"https:\/\/www.safinel.fr\/bain-dhuile-cheveux-afro\/#primaryimage"},"thumbnailUrl":"https:\/\/www.safinel.fr\/wp-content\/uploads\/2023\/05\/bain-dhuile-cheveux-afro-.jpg","articleSection":["Divers"],"inLanguage":"pt-PT"},{"@type":"WebPage","@id":"https:\/\/www.safinel.fr\/bain-dhuile-cheveux-afro\/","url":"https:\/\/www.safinel.fr\/bain-dhuile-cheveux-afro\/","name":"Banho de \u00f3leo para cabelos afro I Tutorial e receita f\u00e1cil em 2023","isPartOf":{"@id":"https:\/\/www.safinel.fr\/#website"},"primaryImageOfPage":{"@id":"https:\/\/www.safinel.fr\/bain-dhuile-cheveux-afro\/#primaryimage"},"image":{"@id":"https:\/\/www.safinel.fr\/bain-dhuile-cheveux-afro\/#primaryimage"},"thumbnailUrl":"https:\/\/www.safinel.fr\/wp-content\/uploads\/2023\/05\/bain-dhuile-cheveux-afro-.jpg","datePublished":"2023-05-18T15:57:31+00:00","dateModified":"2023-05-18T15:58:17+00:00","description":"O banho de \u00f3leo para cabelos afro \u00e9 uma solu\u00e7\u00e3o ideal que nutre, hidrata e fortalece a fibra capilar.","breadcrumb":{"@id":"https:\/\/www.safinel.fr\/bain-dhuile-cheveux-afro\/#breadcrumb"},"inLanguage":"pt-PT","potentialAction":[{"@type":"ReadAction","target":["https:\/\/www.safinel.fr\/bain-dhuile-cheveux-afro\/"]}]},{"@type":"ImageObject","inLanguage":"pt-PT","@id":"https:\/\/www.safinel.fr\/bain-dhuile-cheveux-afro\/#primaryimage","url":"https:\/\/www.safinel.fr\/wp-content\/uploads\/2023\/05\/bain-dhuile-cheveux-afro-.jpg","contentUrl":"https:\/\/www.safinel.fr\/wp-content\/uploads\/2023\/05\/bain-dhuile-cheveux-afro-.jpg","width":1100,"height":578,"caption":"Bain d'huile cheveux afro"},{"@type":"BreadcrumbList","@id":"https:\/\/www.safinel.fr\/bain-dhuile-cheveux-afro\/#breadcrumb","itemListElement":[{"@type":"ListItem","position":1,"name":"Accueil","item":"https:\/\/www.safinel.fr\/"},{"@type":"ListItem","position":2,"name":"Le bain d&#8217;huile pour les cheveux afro : Guide et mode d&#8217;emploi en 2023"}]},{"@type":"WebSite","@id":"https:\/\/www.safinel.fr\/#website","url":"https:\/\/www.safinel.fr\/","name":"Safinel","description":"","publisher":{"@id":"https:\/\/www.safinel.fr\/#organization"},"potentialAction":[{"@type":"SearchAction","target":{"@type":"EntryPoint","urlTemplate":"https:\/\/www.safinel.fr\/?s={search_term_string}"},"query-input":{"@type":"PropertyValueSpecification","valueRequired":true,"valueName":"search_term_string"}}],"inLanguage":"pt-PT"},{"@type":"Organization","@id":"https:\/\/www.safinel.fr\/#organization","name":"Safinel","url":"https:\/\/www.safinel.fr\/","logo":{"@type":"ImageObject","inLanguage":"pt-PT","@id":"https:\/\/www.safinel.fr\/#\/schema\/logo\/image\/","url":"https:\/\/www.safinel.fr\/wp-content\/uploads\/2021\/05\/boutique-cosmetique.png","contentUrl":"https:\/\/www.safinel.fr\/wp-content\/uploads\/2021\/05\/boutique-cosmetique.png","width":800,"height":200,"caption":"Safinel"},"image":{"@id":"https:\/\/www.safinel.fr\/#\/schema\/logo\/image\/"}},{"@type":"Person","@id":"https:\/\/www.safinel.fr\/#\/schema\/person\/721a83294300152db59954bbb2f0fcc5","name":"Loja Safinel","image":{"@type":"ImageObject","inLanguage":"pt-PT","@id":"https:\/\/www.safinel.fr\/#\/schema\/person\/image\/","url":"https:\/\/secure.gravatar.com\/avatar\/f68981bb0c0938d0f69d6a4651de60c9260d8f0f22d18b1520c25e25d86b5057?s=96&d=mm&r=g","contentUrl":"https:\/\/secure.gravatar.com\/avatar\/f68981bb0c0938d0f69d6a4651de60c9260d8f0f22d18b1520c25e25d86b5057?s=96&d=mm&r=g","caption":"Boutique Safinel"},"sameAs":["https:\/\/www.safinel.fr"],"url":"https:\/\/www.safinel.fr\/pt\/author\/boutique-safinel\/"}]}},"_links":{"self":[{"href":"https:\/\/www.safinel.fr\/pt\/wp-json\/wp\/v2\/posts\/6059","targetHints":{"allow":["GET"]}}],"collection":[{"href":"https:\/\/www.safinel.fr\/pt\/wp-json\/wp\/v2\/posts"}],"about":[{"href":"https:\/\/www.safinel.fr\/pt\/wp-json\/wp\/v2\/types\/post"}],"author":[{"embeddable":true,"href":"https:\/\/www.safinel.fr\/pt\/wp-json\/wp\/v2\/users\/1"}],"replies":[{"embeddable":true,"href":"https:\/\/www.safinel.fr\/pt\/wp-json\/wp\/v2\/comments?post=6059"}],"version-history":[{"count":2,"href":"https:\/\/www.safinel.fr\/pt\/wp-json\/wp\/v2\/posts\/6059\/revisions"}],"predecessor-version":[{"id":6062,"href":"https:\/\/www.safinel.fr\/pt\/wp-json\/wp\/v2\/posts\/6059\/revisions\/6062"}],"wp:featuredmedia":[{"embeddable":true,"href":"https:\/\/www.safinel.fr\/pt\/wp-json\/wp\/v2\/media\/6060"}],"wp:attachment":[{"href":"https:\/\/www.safinel.fr\/pt\/wp-json\/wp\/v2\/media?parent=6059"}],"wp:term":[{"taxonomy":"category","embeddable":true,"href":"https:\/\/www.safinel.fr\/pt\/wp-json\/wp\/v2\/categories?post=6059"},{"taxonomy":"post_tag","embeddable":true,"href":"https:\/\/www.safinel.fr\/pt\/wp-json\/wp\/v2\/tags?post=6059"}],"curies":[{"name":"wp","href":"https:\/\/api.w.org\/{rel}","templated":true}]}}