{"id":6011,"date":"2023-05-15T18:57:47","date_gmt":"2023-05-15T18:57:47","guid":{"rendered":"https:\/\/www.safinel.fr\/?p=6011"},"modified":"2023-05-15T18:57:53","modified_gmt":"2023-05-15T18:57:53","slug":"vitamina-c-pele-negra","status":"publish","type":"post","link":"https:\/\/www.safinel.fr\/pt\/vitamina-c-pele-negra\/","title":{"rendered":"Vitamina C para pele negra: uma aliada valiosa para uma pele radiante"},"content":{"rendered":"<p>A vitamina C est\u00e1 a tornar-se cada vez mais popular nos cuidados faciais. Em particular, gra\u00e7as \u00e0s suas propriedades antioxidantes e clareadoras. \u00c9 especialmente ben\u00e9fica para peles negras e mesti\u00e7as. Estas podem estar sujeitas a problemas espec\u00edficos, como hiperpigmenta\u00e7\u00e3o e desidrata\u00e7\u00e3o. Neste artigo, exploraremos os benef\u00edcios da vitamina C para a pele negra. Como integr\u00e1-la na sua rotina de cuidados.<\/p>\n\n\n\n<h2 class=\"wp-block-heading\" id=\"h-bienfaits-de-la-vitamine-c-pour-la-peau-noire\"><strong>Benef\u00edcios da vitamina C para a pele negra<\/strong><\/h2>\n\n\n\n<p>A vitamina C oferece v\u00e1rios benef\u00edcios para a sa\u00fade da pele, incluindo:<\/p>\n\n\n\n<ul class=\"wp-block-list\">\n<li><strong>Efeito antioxidante<\/strong> : A vitamina C protege a pele contra os radicais livres nocivos gerados pela exposi\u00e7\u00e3o ao sol, \u00e0 polui\u00e7\u00e3o e ao stress oxidativo. Isso ajuda a prevenir o envelhecimento precoce da pele.<\/li>\n\n\n\n<li><strong>A\u00e7\u00e3o clareadora<\/strong> : Ajuda a reduzir manchas escuras e irregularidades pigmentares, inibindo a produ\u00e7\u00e3o de melanina. Isso pode ajudar a melhorar o brilho e a luminosidade da pele.<\/li>\n\n\n\n<li><strong>Estimula\u00e7\u00e3o da produ\u00e7\u00e3o de colag\u00e9nio<\/strong> : A vitamina C promove a s\u00edntese de colag\u00e9nio na pele. Isso refor\u00e7a a sua estrutura e melhora a sua elasticidade.<\/li>\n\n\n\n<li><strong>Hidrata\u00e7\u00e3o<\/strong> : Tamb\u00e9m ajuda a manter a hidrata\u00e7\u00e3o da pele, limitando a perda insens\u00edvel de \u00e1gua. Isso pode ajudar a prevenir o ressecamento da pele.<\/li>\n<\/ul>\n\n\n\n<h2 class=\"wp-block-heading\" id=\"h-comment-choisir-un-produit-base-de-vitamine-c-pour-la-peau-noire\"><strong>Como escolher um produto \u00e0 base de vitamina C para pele negra?<\/strong><\/h2>\n\n\n\n<p>Para aproveitar ao m\u00e1ximo os benef\u00edcios da vitamina C para a pele negra, \u00e9 essencial escolher um produto adequado ao seu tipo de pele e \u00e0s suas necessidades espec\u00edficas. <\/p>\n\n\n\n<p><strong>Aqui est\u00e3o algumas dicas para ajud\u00e1-lo nesse processo:<\/strong><\/p>\n\n\n\n<h3 class=\"wp-block-heading\" id=\"h-opter-pour-une-concentration-adapt-e\"><strong>Optar por uma concentra\u00e7\u00e3o adequada<\/strong><\/h3>\n\n\n\n<p>Os produtos \u00e0 base de vitamina C est\u00e3o dispon\u00edveis em diferentes concentra\u00e7\u00f5es, geralmente entre 5% e 20%. <\/p>\n\n\n\n<p>As peles negras e mesti\u00e7as geralmente apresentam uma toler\u00e2ncia mais elevada \u00e0s concentra\u00e7\u00f5es de vitamina C do que as peles claras. <\/p>\n\n\n\n<p>No entanto, recomenda-se come\u00e7ar com uma concentra\u00e7\u00e3o baixa a m\u00e9dia (entre 10 e 15 %) e aumentar gradualmente, se necess\u00e1rio.<\/p>\n\n\n\n<h3 class=\"wp-block-heading\" id=\"h-v-rifier-le-ph-du-produit\"><strong>Verifique o pH do produto<\/strong><\/h3>\n\n\n\n<p>O pH de um produto \u00e0 base de vitamina C \u00e9 crucial para a sua efic\u00e1cia. Um pH demasiado elevado pode tornar a vitamina C menos ativa. Por outro lado, um pH demasiado baixo pode causar irrita\u00e7\u00f5es. O pH ideal para um produto que contenha vitamina C situa-se entre 2,5 e 3,5.<\/p>\n\n\n\n<h3 class=\"wp-block-heading\" id=\"h-choisir-une-formule-stable\"><strong>Escolher uma f\u00f3rmula est\u00e1vel<\/strong><\/h3>\n\n\n\n<p>A vitamina C \u00e9 uma mol\u00e9cula inst\u00e1vel que pode degradar-se rapidamente quando exposta ao ar e \u00e0 luz. Por isso, \u00e9 essencial escolher um produto com uma f\u00f3rmula estabilizada e uma embalagem opaca para garantir a qualidade do produto.<\/p>\n\n\n\n<h2 class=\"wp-block-heading\" id=\"h-int-gration-de-la-vitamine-c-dans-votre-routine-de-soin\"><strong>Incorporar a vitamina C na sua rotina de cuidados com a pele<\/strong><\/h2>\n\n\n\n<p>Para tirar o m\u00e1ximo partido dos benef\u00edcios da vitamina C para a pele negra, \u00e9 importante integrar corretamente o produto na sua rotina de cuidados:<\/p>\n\n\n\n<ol class=\"wp-block-list\">\n<li><strong>Limpe o rosto<\/strong> : Comece por limpar a pele em profundidade com um produto de limpeza suave para eliminar as impurezas e preparar a pele para receber os ativos.<\/li>\n\n\n\n<li><strong>Aplique vitamina C<\/strong> : Use um s\u00e9rum \u00e0 base de vitamina C no rosto. Massageie suavemente at\u00e9 que seja completamente absorvido. Evite a \u00e1rea ao redor dos olhos, pois a vitamina C pode causar irrita\u00e7\u00e3o nessa zona sens\u00edvel.<\/li>\n\n\n\n<li><strong>Hidrate<\/strong> : Em seguida, aplique uma <strong><a href=\"https:\/\/www.safinel.fr\/pt\/creme-para-pele-negra\/\">creme hidratante adequado ao seu tipo de pele<\/a><\/strong> para manter uma hidrata\u00e7\u00e3o ideal.<\/li>\n\n\n\n<li><strong>Proteja<\/strong> : Termine com um protetor solar de amplo espectro com um FPS de pelo menos 30 para proteger a pele dos raios UV prejudiciais.<\/li>\n<\/ol>\n\n\n\n<p>Como a vitamina C \u00e9 fotossensibilizante, \u00e9 prefer\u00edvel aplic\u00e1-la \u00e0 noite para evitar rea\u00e7\u00f5es indesej\u00e1veis relacionadas \u00e0 exposi\u00e7\u00e3o ao sol. <\/p>\n\n\n\n<p>Al\u00e9m disso, a vitamina C pode ser usada em combina\u00e7\u00e3o com outros ingredientes ativos, como niacinamida e \u00e1cidos esfoliantes (AHA e BHA), para maximizar os seus efeitos na pele negra.<\/p>\n\n\n\n<h3 class=\"wp-block-heading\" id=\"h-pr-cautions-d-utilisation-et-contre-indications-de-la-vitamine-c-peau-noire\"><strong>Precau\u00e7\u00f5es de utiliza\u00e7\u00e3o e contraindica\u00e7\u00f5es da vitamina C para pele negra<\/strong><\/h3>\n\n\n\n<p>Apesar das in\u00fameras vantagens da vitamina C para a pele negra, algumas pessoas devem tomar precau\u00e7\u00f5es ao utiliz\u00e1-la:<\/p>\n\n\n\n<ul class=\"wp-block-list\">\n<li>Pessoas que sofrem de eczema, psor\u00edase ou sensibilidade cut\u00e2nea elevada devem consultar um dermatologista antes de usar produtos que contenham vitamina C, pois esse ingrediente pode causar irrita\u00e7\u00f5es.<\/li>\n\n\n\n<li>As mulheres gr\u00e1vidas ou a amamentar tamb\u00e9m devem consultar o seu m\u00e9dico antes de usar produtos \u00e0 base de vitamina C. Na verdade, alguns derivados podem ser contraindicados durante a gravidez.<\/li>\n\n\n\n<li>Pessoas com pele muito sens\u00edvel ou que nunca usaram vitamina C antes devem fazer um teste de toler\u00e2ncia antes de incorporar esse tipo de produto \u00e0 sua rotina de cuidados com a pele.<\/li>\n<\/ul>\n\n\n\n<p>Em conclus\u00e3o, a vitamina C \u00e9 uma aliada valiosa para peles negras e mesti\u00e7as. Oferece in\u00fameros benef\u00edcios para a sa\u00fade e beleza da pele. <\/p>\n\n\n\n<p>Ao escolher um produto adequado ao seu tipo de pele e integr\u00e1-lo corretamente na sua rotina de cuidados, poder\u00e1 aproveitar ao m\u00e1ximo as suas propriedades antioxidantes, clareadoras e hidratantes.<\/p>","protected":false},"excerpt":{"rendered":"<p>A vitamina C est\u00e1 a tornar-se cada vez mais popular nos cuidados faciais. Em particular, gra\u00e7as \u00e0s suas propriedades antioxidantes e clareadoras. \u00c9 especialmente ben\u00e9fica para peles negras e mesti\u00e7as. Estas podem estar sujeitas a problemas espec\u00edficos, como hiperpigmenta\u00e7\u00e3o e desidrata\u00e7\u00e3o. Neste artigo, exploraremos os benef\u00edcios da vitamina C para a [...]","protected":false},"author":1,"featured_media":6012,"comment_status":"closed","ping_status":"closed","sticky":false,"template":"","format":"standard","meta":{"footnotes":""},"categories":[1],"tags":[],"class_list":["post-6011","post","type-post","status-publish","format-standard","has-post-thumbnail","hentry","category-divers"],"yoast_head":"<!-- This site is optimized with the Yoast SEO plugin v26.6 - https:\/\/yoast.com\/wordpress\/plugins\/seo\/ -->\n<title>Vitamine C peau noire I Bienfaits et conseils d&#039;utilisation<\/title>\n<meta name=\"description\" content=\"Apprenez comment la vitamine C peut am\u00e9liorer la sant\u00e9 de la peau noire, en favorisant l&#039;\u00e9clat et en r\u00e9duisant les signes du vieillissement.\" \/>\n<meta name=\"robots\" content=\"index, follow, max-snippet:-1, max-image-preview:large, max-video-preview:-1\" \/>\n<link rel=\"canonical\" href=\"https:\/\/www.safinel.fr\/pt\/vitamina-c-pele-negra\/\" \/>\n<meta property=\"og:locale\" content=\"pt_PT\" \/>\n<meta property=\"og:type\" content=\"article\" \/>\n<meta property=\"og:title\" content=\"Vitamine C peau noire I Bienfaits et conseils d&#039;utilisation\" \/>\n<meta property=\"og:description\" content=\"Apprenez comment la vitamine C peut am\u00e9liorer la sant\u00e9 de la peau noire, en favorisant l&#039;\u00e9clat et en r\u00e9duisant les signes du vieillissement.\" \/>\n<meta property=\"og:url\" content=\"https:\/\/www.safinel.fr\/pt\/vitamina-c-pele-negra\/\" \/>\n<meta property=\"og:site_name\" content=\"Safinel\" \/>\n<meta property=\"article:published_time\" content=\"2023-05-15T18:57:47+00:00\" \/>\n<meta property=\"article:modified_time\" content=\"2023-05-15T18:57:53+00:00\" \/>\n<meta property=\"og:image\" content=\"https:\/\/www.safinel.fr\/wp-content\/uploads\/2023\/05\/Vitamine-C-pour-peau-noire.jpg\" \/>\n\t<meta property=\"og:image:width\" content=\"1100\" \/>\n\t<meta property=\"og:image:height\" content=\"578\" \/>\n\t<meta property=\"og:image:type\" content=\"image\/jpeg\" \/>\n<meta name=\"author\" content=\"Boutique Safinel\" \/>\n<meta name=\"twitter:card\" content=\"summary_large_image\" \/>\n<meta name=\"twitter:label1\" content=\"Escrito por\" \/>\n\t<meta name=\"twitter:data1\" content=\"Boutique Safinel\" \/>\n\t<meta name=\"twitter:label2\" content=\"Tempo estimado de leitura\" \/>\n\t<meta name=\"twitter:data2\" content=\"4 minutos\" \/>\n<script type=\"application\/ld+json\" class=\"yoast-schema-graph\">{\"@context\":\"https:\/\/schema.org\",\"@graph\":[{\"@type\":\"Article\",\"@id\":\"https:\/\/www.safinel.fr\/vitamine-c-peau-noire\/#article\",\"isPartOf\":{\"@id\":\"https:\/\/www.safinel.fr\/vitamine-c-peau-noire\/\"},\"author\":{\"name\":\"Boutique Safinel\",\"@id\":\"https:\/\/www.safinel.fr\/#\/schema\/person\/721a83294300152db59954bbb2f0fcc5\"},\"headline\":\"Vitamine C pour peau noire : un alli\u00e9 pr\u00e9cieux pour une peau \u00e9clatante\",\"datePublished\":\"2023-05-15T18:57:47+00:00\",\"dateModified\":\"2023-05-15T18:57:53+00:00\",\"mainEntityOfPage\":{\"@id\":\"https:\/\/www.safinel.fr\/vitamine-c-peau-noire\/\"},\"wordCount\":905,\"publisher\":{\"@id\":\"https:\/\/www.safinel.fr\/#organization\"},\"image\":{\"@id\":\"https:\/\/www.safinel.fr\/vitamine-c-peau-noire\/#primaryimage\"},\"thumbnailUrl\":\"https:\/\/www.safinel.fr\/wp-content\/uploads\/2023\/05\/Vitamine-C-pour-peau-noire.jpg\",\"articleSection\":[\"Divers\"],\"inLanguage\":\"pt-PT\"},{\"@type\":\"WebPage\",\"@id\":\"https:\/\/www.safinel.fr\/vitamine-c-peau-noire\/\",\"url\":\"https:\/\/www.safinel.fr\/vitamine-c-peau-noire\/\",\"name\":\"Vitamine C peau noire I Bienfaits et conseils d'utilisation\",\"isPartOf\":{\"@id\":\"https:\/\/www.safinel.fr\/#website\"},\"primaryImageOfPage\":{\"@id\":\"https:\/\/www.safinel.fr\/vitamine-c-peau-noire\/#primaryimage\"},\"image\":{\"@id\":\"https:\/\/www.safinel.fr\/vitamine-c-peau-noire\/#primaryimage\"},\"thumbnailUrl\":\"https:\/\/www.safinel.fr\/wp-content\/uploads\/2023\/05\/Vitamine-C-pour-peau-noire.jpg\",\"datePublished\":\"2023-05-15T18:57:47+00:00\",\"dateModified\":\"2023-05-15T18:57:53+00:00\",\"description\":\"Apprenez comment la vitamine C peut am\u00e9liorer la sant\u00e9 de la peau noire, en favorisant l'\u00e9clat et en r\u00e9duisant les signes du vieillissement.\",\"breadcrumb\":{\"@id\":\"https:\/\/www.safinel.fr\/vitamine-c-peau-noire\/#breadcrumb\"},\"inLanguage\":\"pt-PT\",\"potentialAction\":[{\"@type\":\"ReadAction\",\"target\":[\"https:\/\/www.safinel.fr\/vitamine-c-peau-noire\/\"]}]},{\"@type\":\"ImageObject\",\"inLanguage\":\"pt-PT\",\"@id\":\"https:\/\/www.safinel.fr\/vitamine-c-peau-noire\/#primaryimage\",\"url\":\"https:\/\/www.safinel.fr\/wp-content\/uploads\/2023\/05\/Vitamine-C-pour-peau-noire.jpg\",\"contentUrl\":\"https:\/\/www.safinel.fr\/wp-content\/uploads\/2023\/05\/Vitamine-C-pour-peau-noire.jpg\",\"width\":1100,\"height\":578,\"caption\":\"Vitamine C pour peau noire : un alli\u00e9 pr\u00e9cieux pour une peau \u00e9clatante\"},{\"@type\":\"BreadcrumbList\",\"@id\":\"https:\/\/www.safinel.fr\/vitamine-c-peau-noire\/#breadcrumb\",\"itemListElement\":[{\"@type\":\"ListItem\",\"position\":1,\"name\":\"Accueil\",\"item\":\"https:\/\/www.safinel.fr\/\"},{\"@type\":\"ListItem\",\"position\":2,\"name\":\"Vitamine C pour peau noire : un alli\u00e9 pr\u00e9cieux pour une peau \u00e9clatante\"}]},{\"@type\":\"WebSite\",\"@id\":\"https:\/\/www.safinel.fr\/#website\",\"url\":\"https:\/\/www.safinel.fr\/\",\"name\":\"Safinel\",\"description\":\"\",\"publisher\":{\"@id\":\"https:\/\/www.safinel.fr\/#organization\"},\"potentialAction\":[{\"@type\":\"SearchAction\",\"target\":{\"@type\":\"EntryPoint\",\"urlTemplate\":\"https:\/\/www.safinel.fr\/?s={search_term_string}\"},\"query-input\":{\"@type\":\"PropertyValueSpecification\",\"valueRequired\":true,\"valueName\":\"search_term_string\"}}],\"inLanguage\":\"pt-PT\"},{\"@type\":\"Organization\",\"@id\":\"https:\/\/www.safinel.fr\/#organization\",\"name\":\"Safinel\",\"url\":\"https:\/\/www.safinel.fr\/\",\"logo\":{\"@type\":\"ImageObject\",\"inLanguage\":\"pt-PT\",\"@id\":\"https:\/\/www.safinel.fr\/#\/schema\/logo\/image\/\",\"url\":\"https:\/\/www.safinel.fr\/wp-content\/uploads\/2021\/05\/boutique-cosmetique.png\",\"contentUrl\":\"https:\/\/www.safinel.fr\/wp-content\/uploads\/2021\/05\/boutique-cosmetique.png\",\"width\":800,\"height\":200,\"caption\":\"Safinel\"},\"image\":{\"@id\":\"https:\/\/www.safinel.fr\/#\/schema\/logo\/image\/\"}},{\"@type\":\"Person\",\"@id\":\"https:\/\/www.safinel.fr\/#\/schema\/person\/721a83294300152db59954bbb2f0fcc5\",\"name\":\"Boutique Safinel\",\"image\":{\"@type\":\"ImageObject\",\"inLanguage\":\"pt-PT\",\"@id\":\"https:\/\/www.safinel.fr\/#\/schema\/person\/image\/\",\"url\":\"https:\/\/secure.gravatar.com\/avatar\/f68981bb0c0938d0f69d6a4651de60c9260d8f0f22d18b1520c25e25d86b5057?s=96&d=mm&r=g\",\"contentUrl\":\"https:\/\/secure.gravatar.com\/avatar\/f68981bb0c0938d0f69d6a4651de60c9260d8f0f22d18b1520c25e25d86b5057?s=96&d=mm&r=g\",\"caption\":\"Boutique Safinel\"},\"sameAs\":[\"https:\/\/www.safinel.fr\"],\"url\":\"https:\/\/www.safinel.fr\/pt\/author\/boutique-safinel\/\"}]}<\/script>\n<!-- \/ Yoast SEO plugin. -->","yoast_head_json":{"title":"Vitamina C para pele negra I Benef\u00edcios e recomenda\u00e7\u00f5es de uso","description":"Saiba como a vitamina C pode melhorar a sa\u00fade da pele negra, promovendo o brilho e reduzindo os sinais de envelhecimento.","robots":{"index":"index","follow":"follow","max-snippet":"max-snippet:-1","max-image-preview":"max-image-preview:large","max-video-preview":"max-video-preview:-1"},"canonical":"https:\/\/www.safinel.fr\/pt\/vitamina-c-pele-negra\/","og_locale":"pt_PT","og_type":"article","og_title":"Vitamine C peau noire I Bienfaits et conseils d'utilisation","og_description":"Apprenez comment la vitamine C peut am\u00e9liorer la sant\u00e9 de la peau noire, en favorisant l'\u00e9clat et en r\u00e9duisant les signes du vieillissement.","og_url":"https:\/\/www.safinel.fr\/pt\/vitamina-c-pele-negra\/","og_site_name":"Safinel","article_published_time":"2023-05-15T18:57:47+00:00","article_modified_time":"2023-05-15T18:57:53+00:00","og_image":[{"width":1100,"height":578,"url":"https:\/\/www.safinel.fr\/wp-content\/uploads\/2023\/05\/Vitamine-C-pour-peau-noire.jpg","type":"image\/jpeg"}],"author":"Boutique Safinel","twitter_card":"summary_large_image","twitter_misc":{"Escrito por":"Boutique Safinel","Tempo estimado de leitura":"4 minutos"},"schema":{"@context":"https:\/\/schema.org","@graph":[{"@type":"Article","@id":"https:\/\/www.safinel.fr\/vitamine-c-peau-noire\/#article","isPartOf":{"@id":"https:\/\/www.safinel.fr\/vitamine-c-peau-noire\/"},"author":{"name":"Boutique Safinel","@id":"https:\/\/www.safinel.fr\/#\/schema\/person\/721a83294300152db59954bbb2f0fcc5"},"headline":"Vitamine C pour peau noire : un alli\u00e9 pr\u00e9cieux pour une peau \u00e9clatante","datePublished":"2023-05-15T18:57:47+00:00","dateModified":"2023-05-15T18:57:53+00:00","mainEntityOfPage":{"@id":"https:\/\/www.safinel.fr\/vitamine-c-peau-noire\/"},"wordCount":905,"publisher":{"@id":"https:\/\/www.safinel.fr\/#organization"},"image":{"@id":"https:\/\/www.safinel.fr\/vitamine-c-peau-noire\/#primaryimage"},"thumbnailUrl":"https:\/\/www.safinel.fr\/wp-content\/uploads\/2023\/05\/Vitamine-C-pour-peau-noire.jpg","articleSection":["Divers"],"inLanguage":"pt-PT"},{"@type":"WebPage","@id":"https:\/\/www.safinel.fr\/vitamine-c-peau-noire\/","url":"https:\/\/www.safinel.fr\/vitamine-c-peau-noire\/","name":"Vitamina C para pele negra I Benef\u00edcios e recomenda\u00e7\u00f5es de uso","isPartOf":{"@id":"https:\/\/www.safinel.fr\/#website"},"primaryImageOfPage":{"@id":"https:\/\/www.safinel.fr\/vitamine-c-peau-noire\/#primaryimage"},"image":{"@id":"https:\/\/www.safinel.fr\/vitamine-c-peau-noire\/#primaryimage"},"thumbnailUrl":"https:\/\/www.safinel.fr\/wp-content\/uploads\/2023\/05\/Vitamine-C-pour-peau-noire.jpg","datePublished":"2023-05-15T18:57:47+00:00","dateModified":"2023-05-15T18:57:53+00:00","description":"Saiba como a vitamina C pode melhorar a sa\u00fade da pele negra, promovendo o brilho e reduzindo os sinais de envelhecimento.","breadcrumb":{"@id":"https:\/\/www.safinel.fr\/vitamine-c-peau-noire\/#breadcrumb"},"inLanguage":"pt-PT","potentialAction":[{"@type":"ReadAction","target":["https:\/\/www.safinel.fr\/vitamine-c-peau-noire\/"]}]},{"@type":"ImageObject","inLanguage":"pt-PT","@id":"https:\/\/www.safinel.fr\/vitamine-c-peau-noire\/#primaryimage","url":"https:\/\/www.safinel.fr\/wp-content\/uploads\/2023\/05\/Vitamine-C-pour-peau-noire.jpg","contentUrl":"https:\/\/www.safinel.fr\/wp-content\/uploads\/2023\/05\/Vitamine-C-pour-peau-noire.jpg","width":1100,"height":578,"caption":"Vitamine C pour peau noire : un alli\u00e9 pr\u00e9cieux pour une peau \u00e9clatante"},{"@type":"BreadcrumbList","@id":"https:\/\/www.safinel.fr\/vitamine-c-peau-noire\/#breadcrumb","itemListElement":[{"@type":"ListItem","position":1,"name":"Accueil","item":"https:\/\/www.safinel.fr\/"},{"@type":"ListItem","position":2,"name":"Vitamine C pour peau noire : un alli\u00e9 pr\u00e9cieux pour une peau \u00e9clatante"}]},{"@type":"WebSite","@id":"https:\/\/www.safinel.fr\/#website","url":"https:\/\/www.safinel.fr\/","name":"Safinel","description":"","publisher":{"@id":"https:\/\/www.safinel.fr\/#organization"},"potentialAction":[{"@type":"SearchAction","target":{"@type":"EntryPoint","urlTemplate":"https:\/\/www.safinel.fr\/?s={search_term_string}"},"query-input":{"@type":"PropertyValueSpecification","valueRequired":true,"valueName":"search_term_string"}}],"inLanguage":"pt-PT"},{"@type":"Organization","@id":"https:\/\/www.safinel.fr\/#organization","name":"Safinel","url":"https:\/\/www.safinel.fr\/","logo":{"@type":"ImageObject","inLanguage":"pt-PT","@id":"https:\/\/www.safinel.fr\/#\/schema\/logo\/image\/","url":"https:\/\/www.safinel.fr\/wp-content\/uploads\/2021\/05\/boutique-cosmetique.png","contentUrl":"https:\/\/www.safinel.fr\/wp-content\/uploads\/2021\/05\/boutique-cosmetique.png","width":800,"height":200,"caption":"Safinel"},"image":{"@id":"https:\/\/www.safinel.fr\/#\/schema\/logo\/image\/"}},{"@type":"Person","@id":"https:\/\/www.safinel.fr\/#\/schema\/person\/721a83294300152db59954bbb2f0fcc5","name":"Loja Safinel","image":{"@type":"ImageObject","inLanguage":"pt-PT","@id":"https:\/\/www.safinel.fr\/#\/schema\/person\/image\/","url":"https:\/\/secure.gravatar.com\/avatar\/f68981bb0c0938d0f69d6a4651de60c9260d8f0f22d18b1520c25e25d86b5057?s=96&d=mm&r=g","contentUrl":"https:\/\/secure.gravatar.com\/avatar\/f68981bb0c0938d0f69d6a4651de60c9260d8f0f22d18b1520c25e25d86b5057?s=96&d=mm&r=g","caption":"Boutique Safinel"},"sameAs":["https:\/\/www.safinel.fr"],"url":"https:\/\/www.safinel.fr\/pt\/author\/boutique-safinel\/"}]}},"_links":{"self":[{"href":"https:\/\/www.safinel.fr\/pt\/wp-json\/wp\/v2\/posts\/6011","targetHints":{"allow":["GET"]}}],"collection":[{"href":"https:\/\/www.safinel.fr\/pt\/wp-json\/wp\/v2\/posts"}],"about":[{"href":"https:\/\/www.safinel.fr\/pt\/wp-json\/wp\/v2\/types\/post"}],"author":[{"embeddable":true,"href":"https:\/\/www.safinel.fr\/pt\/wp-json\/wp\/v2\/users\/1"}],"replies":[{"embeddable":true,"href":"https:\/\/www.safinel.fr\/pt\/wp-json\/wp\/v2\/comments?post=6011"}],"version-history":[{"count":1,"href":"https:\/\/www.safinel.fr\/pt\/wp-json\/wp\/v2\/posts\/6011\/revisions"}],"predecessor-version":[{"id":6014,"href":"https:\/\/www.safinel.fr\/pt\/wp-json\/wp\/v2\/posts\/6011\/revisions\/6014"}],"wp:featuredmedia":[{"embeddable":true,"href":"https:\/\/www.safinel.fr\/pt\/wp-json\/wp\/v2\/media\/6012"}],"wp:attachment":[{"href":"https:\/\/www.safinel.fr\/pt\/wp-json\/wp\/v2\/media?parent=6011"}],"wp:term":[{"taxonomy":"category","embeddable":true,"href":"https:\/\/www.safinel.fr\/pt\/wp-json\/wp\/v2\/categories?post=6011"},{"taxonomy":"post_tag","embeddable":true,"href":"https:\/\/www.safinel.fr\/pt\/wp-json\/wp\/v2\/tags?post=6011"}],"curies":[{"name":"wp","href":"https:\/\/api.w.org\/{rel}","templated":true}]}}