{"id":5868,"date":"2023-05-07T17:27:51","date_gmt":"2023-05-07T17:27:51","guid":{"rendered":"https:\/\/www.safinel.fr\/?p=5868"},"modified":"2023-05-07T17:35:07","modified_gmt":"2023-05-07T17:35:07","slug":"transporte-publico-africano","status":"publish","type":"post","link":"https:\/\/www.safinel.fr\/pt\/transporte-publico-africano\/","title":{"rendered":"Transporte p\u00fablico africano: uma vis\u00e3o geral do setor em 2023"},"content":{"rendered":"<p>\u00c1frica \u00e9 um <strong><a href=\"https:\/\/www.safinel.fr\/pt\/continente-africano\/\">continente<\/a><\/strong> em pleno crescimento, e os transportes p\u00fablicos africanos desempenham um papel cada vez mais crucial. <\/p>\n\n\n\n<p>De facto, muitos pa\u00edses africanos enfrentam grandes desafios em mat\u00e9ria de mobilidade urbana e rural. As solu\u00e7\u00f5es tradicionais, como o carro particular ou o t\u00e1xi, j\u00e1 n\u00e3o s\u00e3o suficientes.<\/p>\n\n\n\n<h2 class=\"wp-block-heading\" id=\"h-les-diff-rents-types-de-transport-en-commun-africain-en-2023\"><strong>Os diferentes tipos de transporte p\u00fablico africano em 2023<\/strong><\/h2>\n\n\n\n<p>O transporte p\u00fablico em \u00c1frica caracteriza-se por uma grande diversidade de meios de transporte. <\/p>\n\n\n\n<p><strong>Assim, encontramos:<\/strong><\/p>\n\n\n\n<ul class=\"wp-block-list\">\n<li><strong>O autocarro<\/strong>, que constitui um dos meios de transporte mais utilizados nas cidades africanas, nomeadamente gra\u00e7as \u00e0s redes de autocarros frequentemente bem desenvolvidas; ;<\/li>\n\n\n\n<li><strong>O micro\u00f4nibus<\/strong>, tamb\u00e9m chamado de \u00abt\u00e1xi-brousse\u00bb ou \u00abmatatu\u00bb, dependendo do pa\u00eds, que \u00e9 um meio de transporte muito comum nas zonas rurais, mas tamb\u00e9m nas cidades, para preencher as lacunas da rede de autocarros; ;<\/li>\n\n\n\n<li><strong>O comboio<\/strong>, que continua a ser um meio de transporte importante para ligar algumas grandes cidades entre si. Embora a rede ferrovi\u00e1ria seja, em geral, menos desenvolvida do que na Europa ou na \u00c1sia; ;<\/li>\n\n\n\n<li><strong>O avi\u00e3o<\/strong>, que permite cobrir rapidamente longas dist\u00e2ncias, nomeadamente nas linhas internas que servem as principais metr\u00f3poles africanas; ;<\/li>\n\n\n\n<li><strong>O barco<\/strong>, que desempenha um papel fundamental nas regi\u00f5es costeiras e insulares, bem como em alguns grandes lagos e rios do continente.<\/li>\n<\/ul>\n\n\n\n<h2 class=\"wp-block-heading\" id=\"h-les-enjeux-du-d-veloppement-des-transports-en-commun-en-afrique\"><strong>Os desafios do desenvolvimento dos transportes p\u00fablicos em \u00c1frica<\/strong><\/h2>\n\n\n\n<p>O desenvolvimento dos transportes p\u00fablicos africanos representa um desafio importante para o continente. Com efeito, melhorar a mobilidade das popula\u00e7\u00f5es permite favorecer o acesso \u00e0 educa\u00e7\u00e3o, \u00e0 sa\u00fade, ao mercado de trabalho e aos lazeres, contribuindo assim para o desenvolvimento econ\u00f3mico e social dos pa\u00edses em causa.<\/p>\n\n\n\n<h3 class=\"wp-block-heading\" id=\"h-des-infrastructures-insuffisantes-ou-inadapt-es\"><strong>Infraestruturas insuficientes ou inadequadas<\/strong><\/h3>\n\n\n\n<p>Para fazer face ao r\u00e1pido crescimento demogr\u00e1fico e urbano. <strong>\u00c9 fundamental investir em infraestruturas de transporte adequadas e eficientes.<\/strong>. No entanto, em muitos pa\u00edses africanos, as redes de autocarros, comboios ou avi\u00f5es continuam a ser insuficientes e t\u00eam dificuldade em responder \u00e0 procura.<\/p>\n\n\n\n<h3 class=\"wp-block-heading\" id=\"h-la-question-de-la-s-curit\"><strong>A quest\u00e3o da seguran\u00e7a<\/strong><\/h3>\n\n\n\n<p>A seguran\u00e7a tamb\u00e9m \u00e9 uma quest\u00e3o importante para os transportes p\u00fablicos em \u00c1frica. Os acidentes rodovi\u00e1rios s\u00e3o frequentes. <strong>Nomeadamente devido ao estado por vezes deplor\u00e1vel dos ve\u00edculos e das infraestruturas rodovi\u00e1rias.<\/strong>. <\/p>\n\n\n\n<p>O desrespeito \u00e0s regras de tr\u00e2nsito por parte dos usu\u00e1rios tamb\u00e9m contribui para isso. <strong>\u00c9, portanto, essencial trabalhar para uma melhor regulamenta\u00e7\u00e3o.<\/strong>n. Um maior refor\u00e7o das normas de seguran\u00e7a dos diferentes meios de transporte p\u00fablico.<\/p>\n\n\n\n<h3 class=\"wp-block-heading\" id=\"h-l-impact-environnemental\"><strong>O impacto ambiental<\/strong><\/h3>\n\n\n\n<p>Por fim, o desenvolvimento dos transportes p\u00fablicos tamb\u00e9m deve ter em conta a quest\u00e3o ambiental. Com efeito, as emiss\u00f5es de gases com efeito de estufa e a polui\u00e7\u00e3o atmosf\u00e9rica geradas pelos transportes s\u00e3o respons\u00e1veis por uma parte significativa do aquecimento global e t\u00eam consequ\u00eancias nefastas para a sa\u00fade das popula\u00e7\u00f5es. A ado\u00e7\u00e3o de solu\u00e7\u00f5es mais respeitadoras do ambiente, tais como ve\u00edculos el\u00e9tricos ou h\u00edbridos, constitui, portanto, um imperativo para o futuro.<\/p>\n\n\n\n<h3 class=\"wp-block-heading\" id=\"h-les-initiatives-innovantes-pour-am-liorer-le-transport-en-commun-africain\"><strong>Iniciativas inovadoras para melhorar o transporte p\u00fablico africano<\/strong><\/h3>\n\n\n\n<p>Perante os desafios colocados pelo desenvolvimento dos transportes p\u00fablicos em \u00c1frica, alguns pa\u00edses e empresas inovam para propor solu\u00e7\u00f5es adaptadas \u00e0s necessidades locais. Aqui ficam alguns exemplos de iniciativas marcantes:<\/p>\n\n\n\n<ul class=\"wp-block-list\">\n<li><strong>O Bus Rapid Transit (BRT)<\/strong>, que \u00e9 um sistema de autocarros em faixa exclusiva que permite reduzir os tempos de viagem e melhorar a qualidade do servi\u00e7o. Foi implementado com sucesso em v\u00e1rias cidades africanas, como Lagos, na Nig\u00e9ria, ou Dar es Salaam, na Tanz\u00e2nia; ;<\/li>\n\n\n\n<li><strong>As aplica\u00e7\u00f5es m\u00f3veis<\/strong>, que facilitam o acesso a informa\u00e7\u00f5es sobre hor\u00e1rios e tarifas de transportes p\u00fablicos. \u00c0s vezes, permitem at\u00e9 mesmo reservar ou comprar bilhetes diretamente do smartphone. \u00c9 o caso, por exemplo, da aplica\u00e7\u00e3o queniana Ma3Route; ;<\/li>\n\n\n\n<li><strong>As parcerias p\u00fablico-privadas<\/strong>, que promovem o financiamento e a realiza\u00e7\u00e3o de projetos de infraestruturas e servi\u00e7os de transportes p\u00fablicos. Um exemplo not\u00e1vel \u00e9 o projeto do comboio urbano em Abidjan, na Costa do Marfim. Este projeto envolve atores nacionais e internacionais; ;<\/li>\n\n\n\n<li><strong>O desenvolvimento de ve\u00edculos adaptados<\/strong>, como autocarros solares ou triciclos el\u00e9tricos, que permitem responder \u00e0s necessidades de mobilidade, limitando o impacto ambiental.<\/li>\n<\/ul>\n\n\n\n<p>Assim, apesar dos desafios significativos a enfrentar, os transportes p\u00fablicos africanos est\u00e3o a passar por um momento de grande dinamismo. Est\u00e3o a reinventar-se para melhor responder \u00e0s necessidades das popula\u00e7\u00f5es locais. <\/p>\n\n\n\n<p>As iniciativas inovadoras e a coopera\u00e7\u00e3o entre os diferentes atores do setor s\u00e3o alavancas para tornar a mobilidade mais acess\u00edvel, sustent\u00e1vel e segura no continente africano.<\/p>","protected":false},"excerpt":{"rendered":"<p>\u00c1frica \u00e9 um continente em pleno crescimento, e os transportes p\u00fablicos africanos desempenham um papel cada vez mais crucial. De facto, muitos pa\u00edses africanos enfrentam grandes desafios em mat\u00e9ria de mobilidade urbana e rural. As solu\u00e7\u00f5es tradicionais, como o carro particular ou o t\u00e1xi, j\u00e1 n\u00e3o s\u00e3o suficientes. Os diferentes [\u2026]","protected":false},"author":1,"featured_media":5869,"comment_status":"closed","ping_status":"closed","sticky":false,"template":"","format":"standard","meta":{"footnotes":""},"categories":[1],"tags":[],"class_list":["post-5868","post","type-post","status-publish","format-standard","has-post-thumbnail","hentry","category-divers"],"yoast_head":"<!-- This site is optimized with the Yoast SEO plugin v26.6 - https:\/\/yoast.com\/wordpress\/plugins\/seo\/ -->\n<title>Le transport en commun africain I diversit\u00e9 et enjeux en 2023<\/title>\n<meta name=\"description\" content=\"D\u00e9couvrez le transport en commun africain, du taxi-brousse au minibus, et apprenez-en davantage sur les opportunit\u00e9s qu&#039;il repr\u00e9sente en 2023.\" \/>\n<meta name=\"robots\" content=\"index, follow, max-snippet:-1, max-image-preview:large, max-video-preview:-1\" \/>\n<link rel=\"canonical\" href=\"https:\/\/www.safinel.fr\/pt\/transporte-publico-africano\/\" \/>\n<meta property=\"og:locale\" content=\"pt_PT\" \/>\n<meta property=\"og:type\" content=\"article\" \/>\n<meta property=\"og:title\" content=\"Le transport en commun africain I diversit\u00e9 et enjeux en 2023\" \/>\n<meta property=\"og:description\" content=\"D\u00e9couvrez le transport en commun africain, du taxi-brousse au minibus, et apprenez-en davantage sur les opportunit\u00e9s qu&#039;il repr\u00e9sente en 2023.\" \/>\n<meta property=\"og:url\" content=\"https:\/\/www.safinel.fr\/pt\/transporte-publico-africano\/\" \/>\n<meta property=\"og:site_name\" content=\"Safinel\" \/>\n<meta property=\"article:published_time\" content=\"2023-05-07T17:27:51+00:00\" \/>\n<meta property=\"article:modified_time\" content=\"2023-05-07T17:35:07+00:00\" \/>\n<meta property=\"og:image\" content=\"https:\/\/www.safinel.fr\/wp-content\/uploads\/2023\/05\/transport-en-commun-africain.jpg\" \/>\n\t<meta property=\"og:image:width\" content=\"1100\" \/>\n\t<meta property=\"og:image:height\" content=\"578\" \/>\n\t<meta property=\"og:image:type\" content=\"image\/jpeg\" \/>\n<meta name=\"author\" content=\"Boutique Safinel\" \/>\n<meta name=\"twitter:card\" content=\"summary_large_image\" \/>\n<meta name=\"twitter:label1\" content=\"Escrito por\" \/>\n\t<meta name=\"twitter:data1\" content=\"Boutique Safinel\" \/>\n\t<meta name=\"twitter:label2\" content=\"Tempo estimado de leitura\" \/>\n\t<meta name=\"twitter:data2\" content=\"4 minutos\" \/>\n<script type=\"application\/ld+json\" class=\"yoast-schema-graph\">{\"@context\":\"https:\/\/schema.org\",\"@graph\":[{\"@type\":\"Article\",\"@id\":\"https:\/\/www.safinel.fr\/transport-en-commun-africain\/#article\",\"isPartOf\":{\"@id\":\"https:\/\/www.safinel.fr\/transport-en-commun-africain\/\"},\"author\":{\"name\":\"Boutique Safinel\",\"@id\":\"https:\/\/www.safinel.fr\/#\/schema\/person\/721a83294300152db59954bbb2f0fcc5\"},\"headline\":\"Le transport en commun africain : un aper\u00e7u du secteur en 2023\",\"datePublished\":\"2023-05-07T17:27:51+00:00\",\"dateModified\":\"2023-05-07T17:35:07+00:00\",\"mainEntityOfPage\":{\"@id\":\"https:\/\/www.safinel.fr\/transport-en-commun-africain\/\"},\"wordCount\":830,\"publisher\":{\"@id\":\"https:\/\/www.safinel.fr\/#organization\"},\"image\":{\"@id\":\"https:\/\/www.safinel.fr\/transport-en-commun-africain\/#primaryimage\"},\"thumbnailUrl\":\"https:\/\/www.safinel.fr\/wp-content\/uploads\/2023\/05\/transport-en-commun-africain.jpg\",\"articleSection\":[\"Divers\"],\"inLanguage\":\"pt-PT\"},{\"@type\":\"WebPage\",\"@id\":\"https:\/\/www.safinel.fr\/transport-en-commun-africain\/\",\"url\":\"https:\/\/www.safinel.fr\/transport-en-commun-africain\/\",\"name\":\"Le transport en commun africain I diversit\u00e9 et enjeux en 2023\",\"isPartOf\":{\"@id\":\"https:\/\/www.safinel.fr\/#website\"},\"primaryImageOfPage\":{\"@id\":\"https:\/\/www.safinel.fr\/transport-en-commun-africain\/#primaryimage\"},\"image\":{\"@id\":\"https:\/\/www.safinel.fr\/transport-en-commun-africain\/#primaryimage\"},\"thumbnailUrl\":\"https:\/\/www.safinel.fr\/wp-content\/uploads\/2023\/05\/transport-en-commun-africain.jpg\",\"datePublished\":\"2023-05-07T17:27:51+00:00\",\"dateModified\":\"2023-05-07T17:35:07+00:00\",\"description\":\"D\u00e9couvrez le transport en commun africain, du taxi-brousse au minibus, et apprenez-en davantage sur les opportunit\u00e9s qu'il repr\u00e9sente en 2023.\",\"breadcrumb\":{\"@id\":\"https:\/\/www.safinel.fr\/transport-en-commun-africain\/#breadcrumb\"},\"inLanguage\":\"pt-PT\",\"potentialAction\":[{\"@type\":\"ReadAction\",\"target\":[\"https:\/\/www.safinel.fr\/transport-en-commun-africain\/\"]}]},{\"@type\":\"ImageObject\",\"inLanguage\":\"pt-PT\",\"@id\":\"https:\/\/www.safinel.fr\/transport-en-commun-africain\/#primaryimage\",\"url\":\"https:\/\/www.safinel.fr\/wp-content\/uploads\/2023\/05\/transport-en-commun-africain.jpg\",\"contentUrl\":\"https:\/\/www.safinel.fr\/wp-content\/uploads\/2023\/05\/transport-en-commun-africain.jpg\",\"width\":1100,\"height\":578,\"caption\":\"transport en commun africain\"},{\"@type\":\"BreadcrumbList\",\"@id\":\"https:\/\/www.safinel.fr\/transport-en-commun-africain\/#breadcrumb\",\"itemListElement\":[{\"@type\":\"ListItem\",\"position\":1,\"name\":\"Accueil\",\"item\":\"https:\/\/www.safinel.fr\/\"},{\"@type\":\"ListItem\",\"position\":2,\"name\":\"Le transport en commun africain : un aper\u00e7u du secteur en 2023\"}]},{\"@type\":\"WebSite\",\"@id\":\"https:\/\/www.safinel.fr\/#website\",\"url\":\"https:\/\/www.safinel.fr\/\",\"name\":\"Safinel\",\"description\":\"\",\"publisher\":{\"@id\":\"https:\/\/www.safinel.fr\/#organization\"},\"potentialAction\":[{\"@type\":\"SearchAction\",\"target\":{\"@type\":\"EntryPoint\",\"urlTemplate\":\"https:\/\/www.safinel.fr\/?s={search_term_string}\"},\"query-input\":{\"@type\":\"PropertyValueSpecification\",\"valueRequired\":true,\"valueName\":\"search_term_string\"}}],\"inLanguage\":\"pt-PT\"},{\"@type\":\"Organization\",\"@id\":\"https:\/\/www.safinel.fr\/#organization\",\"name\":\"Safinel\",\"url\":\"https:\/\/www.safinel.fr\/\",\"logo\":{\"@type\":\"ImageObject\",\"inLanguage\":\"pt-PT\",\"@id\":\"https:\/\/www.safinel.fr\/#\/schema\/logo\/image\/\",\"url\":\"https:\/\/www.safinel.fr\/wp-content\/uploads\/2021\/05\/boutique-cosmetique.png\",\"contentUrl\":\"https:\/\/www.safinel.fr\/wp-content\/uploads\/2021\/05\/boutique-cosmetique.png\",\"width\":800,\"height\":200,\"caption\":\"Safinel\"},\"image\":{\"@id\":\"https:\/\/www.safinel.fr\/#\/schema\/logo\/image\/\"}},{\"@type\":\"Person\",\"@id\":\"https:\/\/www.safinel.fr\/#\/schema\/person\/721a83294300152db59954bbb2f0fcc5\",\"name\":\"Boutique Safinel\",\"image\":{\"@type\":\"ImageObject\",\"inLanguage\":\"pt-PT\",\"@id\":\"https:\/\/www.safinel.fr\/#\/schema\/person\/image\/\",\"url\":\"https:\/\/secure.gravatar.com\/avatar\/f68981bb0c0938d0f69d6a4651de60c9260d8f0f22d18b1520c25e25d86b5057?s=96&d=mm&r=g\",\"contentUrl\":\"https:\/\/secure.gravatar.com\/avatar\/f68981bb0c0938d0f69d6a4651de60c9260d8f0f22d18b1520c25e25d86b5057?s=96&d=mm&r=g\",\"caption\":\"Boutique Safinel\"},\"sameAs\":[\"https:\/\/www.safinel.fr\"],\"url\":\"https:\/\/www.safinel.fr\/pt\/author\/boutique-safinel\/\"}]}<\/script>\n<!-- \/ Yoast SEO plugin. -->","yoast_head_json":{"title":"O transporte p\u00fablico africano: diversidade e desafios em 2023","description":"Descubra o transporte p\u00fablico africano, desde os t\u00e1xis-brousse aos miniautocarros, e saiba mais sobre as oportunidades que representa em 2023.","robots":{"index":"index","follow":"follow","max-snippet":"max-snippet:-1","max-image-preview":"max-image-preview:large","max-video-preview":"max-video-preview:-1"},"canonical":"https:\/\/www.safinel.fr\/pt\/transporte-publico-africano\/","og_locale":"pt_PT","og_type":"article","og_title":"Le transport en commun africain I diversit\u00e9 et enjeux en 2023","og_description":"D\u00e9couvrez le transport en commun africain, du taxi-brousse au minibus, et apprenez-en davantage sur les opportunit\u00e9s qu'il repr\u00e9sente en 2023.","og_url":"https:\/\/www.safinel.fr\/pt\/transporte-publico-africano\/","og_site_name":"Safinel","article_published_time":"2023-05-07T17:27:51+00:00","article_modified_time":"2023-05-07T17:35:07+00:00","og_image":[{"width":1100,"height":578,"url":"https:\/\/www.safinel.fr\/wp-content\/uploads\/2023\/05\/transport-en-commun-africain.jpg","type":"image\/jpeg"}],"author":"Boutique Safinel","twitter_card":"summary_large_image","twitter_misc":{"Escrito por":"Boutique Safinel","Tempo estimado de leitura":"4 minutos"},"schema":{"@context":"https:\/\/schema.org","@graph":[{"@type":"Article","@id":"https:\/\/www.safinel.fr\/transport-en-commun-africain\/#article","isPartOf":{"@id":"https:\/\/www.safinel.fr\/transport-en-commun-africain\/"},"author":{"name":"Boutique Safinel","@id":"https:\/\/www.safinel.fr\/#\/schema\/person\/721a83294300152db59954bbb2f0fcc5"},"headline":"Le transport en commun africain : un aper\u00e7u du secteur en 2023","datePublished":"2023-05-07T17:27:51+00:00","dateModified":"2023-05-07T17:35:07+00:00","mainEntityOfPage":{"@id":"https:\/\/www.safinel.fr\/transport-en-commun-africain\/"},"wordCount":830,"publisher":{"@id":"https:\/\/www.safinel.fr\/#organization"},"image":{"@id":"https:\/\/www.safinel.fr\/transport-en-commun-africain\/#primaryimage"},"thumbnailUrl":"https:\/\/www.safinel.fr\/wp-content\/uploads\/2023\/05\/transport-en-commun-africain.jpg","articleSection":["Divers"],"inLanguage":"pt-PT"},{"@type":"WebPage","@id":"https:\/\/www.safinel.fr\/transport-en-commun-africain\/","url":"https:\/\/www.safinel.fr\/transport-en-commun-africain\/","name":"O transporte p\u00fablico africano: diversidade e desafios em 2023","isPartOf":{"@id":"https:\/\/www.safinel.fr\/#website"},"primaryImageOfPage":{"@id":"https:\/\/www.safinel.fr\/transport-en-commun-africain\/#primaryimage"},"image":{"@id":"https:\/\/www.safinel.fr\/transport-en-commun-africain\/#primaryimage"},"thumbnailUrl":"https:\/\/www.safinel.fr\/wp-content\/uploads\/2023\/05\/transport-en-commun-africain.jpg","datePublished":"2023-05-07T17:27:51+00:00","dateModified":"2023-05-07T17:35:07+00:00","description":"Descubra o transporte p\u00fablico africano, desde os t\u00e1xis-brousse aos miniautocarros, e saiba mais sobre as oportunidades que representa em 2023.","breadcrumb":{"@id":"https:\/\/www.safinel.fr\/transport-en-commun-africain\/#breadcrumb"},"inLanguage":"pt-PT","potentialAction":[{"@type":"ReadAction","target":["https:\/\/www.safinel.fr\/transport-en-commun-africain\/"]}]},{"@type":"ImageObject","inLanguage":"pt-PT","@id":"https:\/\/www.safinel.fr\/transport-en-commun-africain\/#primaryimage","url":"https:\/\/www.safinel.fr\/wp-content\/uploads\/2023\/05\/transport-en-commun-africain.jpg","contentUrl":"https:\/\/www.safinel.fr\/wp-content\/uploads\/2023\/05\/transport-en-commun-africain.jpg","width":1100,"height":578,"caption":"transport en commun africain"},{"@type":"BreadcrumbList","@id":"https:\/\/www.safinel.fr\/transport-en-commun-africain\/#breadcrumb","itemListElement":[{"@type":"ListItem","position":1,"name":"Accueil","item":"https:\/\/www.safinel.fr\/"},{"@type":"ListItem","position":2,"name":"Le transport en commun africain : un aper\u00e7u du secteur en 2023"}]},{"@type":"WebSite","@id":"https:\/\/www.safinel.fr\/#website","url":"https:\/\/www.safinel.fr\/","name":"Safinel","description":"","publisher":{"@id":"https:\/\/www.safinel.fr\/#organization"},"potentialAction":[{"@type":"SearchAction","target":{"@type":"EntryPoint","urlTemplate":"https:\/\/www.safinel.fr\/?s={search_term_string}"},"query-input":{"@type":"PropertyValueSpecification","valueRequired":true,"valueName":"search_term_string"}}],"inLanguage":"pt-PT"},{"@type":"Organization","@id":"https:\/\/www.safinel.fr\/#organization","name":"Safinel","url":"https:\/\/www.safinel.fr\/","logo":{"@type":"ImageObject","inLanguage":"pt-PT","@id":"https:\/\/www.safinel.fr\/#\/schema\/logo\/image\/","url":"https:\/\/www.safinel.fr\/wp-content\/uploads\/2021\/05\/boutique-cosmetique.png","contentUrl":"https:\/\/www.safinel.fr\/wp-content\/uploads\/2021\/05\/boutique-cosmetique.png","width":800,"height":200,"caption":"Safinel"},"image":{"@id":"https:\/\/www.safinel.fr\/#\/schema\/logo\/image\/"}},{"@type":"Person","@id":"https:\/\/www.safinel.fr\/#\/schema\/person\/721a83294300152db59954bbb2f0fcc5","name":"Loja Safinel","image":{"@type":"ImageObject","inLanguage":"pt-PT","@id":"https:\/\/www.safinel.fr\/#\/schema\/person\/image\/","url":"https:\/\/secure.gravatar.com\/avatar\/f68981bb0c0938d0f69d6a4651de60c9260d8f0f22d18b1520c25e25d86b5057?s=96&d=mm&r=g","contentUrl":"https:\/\/secure.gravatar.com\/avatar\/f68981bb0c0938d0f69d6a4651de60c9260d8f0f22d18b1520c25e25d86b5057?s=96&d=mm&r=g","caption":"Boutique Safinel"},"sameAs":["https:\/\/www.safinel.fr"],"url":"https:\/\/www.safinel.fr\/pt\/author\/boutique-safinel\/"}]}},"_links":{"self":[{"href":"https:\/\/www.safinel.fr\/pt\/wp-json\/wp\/v2\/posts\/5868","targetHints":{"allow":["GET"]}}],"collection":[{"href":"https:\/\/www.safinel.fr\/pt\/wp-json\/wp\/v2\/posts"}],"about":[{"href":"https:\/\/www.safinel.fr\/pt\/wp-json\/wp\/v2\/types\/post"}],"author":[{"embeddable":true,"href":"https:\/\/www.safinel.fr\/pt\/wp-json\/wp\/v2\/users\/1"}],"replies":[{"embeddable":true,"href":"https:\/\/www.safinel.fr\/pt\/wp-json\/wp\/v2\/comments?post=5868"}],"version-history":[{"count":1,"href":"https:\/\/www.safinel.fr\/pt\/wp-json\/wp\/v2\/posts\/5868\/revisions"}],"predecessor-version":[{"id":5870,"href":"https:\/\/www.safinel.fr\/pt\/wp-json\/wp\/v2\/posts\/5868\/revisions\/5870"}],"wp:featuredmedia":[{"embeddable":true,"href":"https:\/\/www.safinel.fr\/pt\/wp-json\/wp\/v2\/media\/5869"}],"wp:attachment":[{"href":"https:\/\/www.safinel.fr\/pt\/wp-json\/wp\/v2\/media?parent=5868"}],"wp:term":[{"taxonomy":"category","embeddable":true,"href":"https:\/\/www.safinel.fr\/pt\/wp-json\/wp\/v2\/categories?post=5868"},{"taxonomy":"post_tag","embeddable":true,"href":"https:\/\/www.safinel.fr\/pt\/wp-json\/wp\/v2\/tags?post=5868"}],"curies":[{"name":"wp","href":"https:\/\/api.w.org\/{rel}","templated":true}]}}