{"id":5587,"date":"2023-04-19T16:04:28","date_gmt":"2023-04-19T16:04:28","guid":{"rendered":"https:\/\/www.safinel.fr\/?p=5587"},"modified":"2023-04-20T17:41:27","modified_gmt":"2023-04-20T17:41:27","slug":"clarificacao-do-cabelo","status":"publish","type":"post","link":"https:\/\/www.safinel.fr\/pt\/clarificacao-do-cabelo\/","title":{"rendered":"Clarifica\u00e7\u00e3o do cabelo: um m\u00e9todo natural para real\u00e7ar os seus cachos"},"content":{"rendered":"<p>Est\u00e1 cansada do seu cabelo sem brilho e sem vida? Procura uma solu\u00e7\u00e3o natural para dar mais vida ao seu cabelo? <strong><a href=\"https:\/\/www.safinel.fr\/pt\/rotina-cabelos-ondulados\/\">fechos<\/a><\/strong> ? Descubra a clarifica\u00e7\u00e3o capilar, um m\u00e9todo suave e eficaz para desintoxicar, revitalizar e sublimar o seu cabelo, seja ele crespo, encaracolado ou pintado.<\/p>\n\n\n\n<p>Neste artigo, <strong>vamos falar sobre os benef\u00edcios da clarifica\u00e7\u00e3o, os diferentes m\u00e9todos para clarificar o cabelo, nomeadamente com argila<\/strong>, bem como dicas para adaptar este tratamento \u00e0s especificidades do seu cabelo.<\/p>\n\n\n\n<h2 class=\"wp-block-heading\" id=\"h-qu-est-ce-que-la-clarification-des-cheveux\"><strong>O que \u00e9 a clarifica\u00e7\u00e3o do cabelo?<\/strong><\/h2>\n\n\n\n<p>A clarifica\u00e7\u00e3o \u00e9 um tratamento capilar que visa eliminar as impurezas, os res\u00edduos de produtos modeladores, a polui\u00e7\u00e3o e o calc\u00e1rio presentes no cabelo e no couro cabeludo. Permite assim desintoxicar o cabelo e devolv\u00ea-lhe leveza, brilho e uma melhor hidrata\u00e7\u00e3o. A clarifica\u00e7\u00e3o \u00e9 particularmente ben\u00e9fica para cabelos crespos e encaracolados, que tendem a ser secos e fr\u00e1geis.<\/p>\n\n\n\n<h2 class=\"wp-block-heading\" id=\"h-les-bienfaits-de-la-clarification-des-cheveux\"><strong>Os benef\u00edcios da clarifica\u00e7\u00e3o do cabelo<\/strong><\/h2>\n\n\n\n<p><strong>A clarifica\u00e7\u00e3o oferece v\u00e1rias vantagens:<\/strong><\/p>\n\n\n\n<ul class=\"wp-block-list\">\n<li><strong>Desintoxica<\/strong>\u00a0: purifica o cabelo e o couro cabeludo, eliminando as impurezas.<\/li>\n\n\n\n<li><strong>Revitaliza<\/strong>\u00a0: devolve leveza e vitalidade ao cabelo.<\/li>\n\n\n\n<li><strong>Hidrate<\/strong>\u00a0: ao eliminar os res\u00edduos que obstruem as escamas do cabelo e impedem a hidrata\u00e7\u00e3o de penetrar, a clarifica\u00e7\u00e3o permite uma melhor absor\u00e7\u00e3o dos cuidados hidratantes.<\/li>\n\n\n\n<li><strong>Melhora a apar\u00eancia dos cachos<\/strong>\u00a0: ao eliminar os res\u00edduos, o cabelo recupera a sua flexibilidade natural e os carac\u00f3is ficam mais definidos e com mais volume.<\/li>\n\n\n\n<li><strong>Previne problemas capilares<\/strong>\u00a0: um couro cabeludo limpo e purificado \u00e9 menos suscet\u00edvel a coceira, irrita\u00e7\u00e3o e caspa.<\/li>\n<\/ul>\n\n\n\n<h2 class=\"wp-block-heading\" id=\"h-clarification-des-cheveux-cr-pus-et-boucl-s\"><strong>Esclarecimento sobre cabelos crespos e encaracolados<\/strong><\/h2>\n\n\n\n<p>O m\u00e9todo de clarifica\u00e7\u00e3o \u00e9 especialmente adequado para cabelos crespos e encaracolados. Na verdade, esses tipos de cabelo tendem a ser secos e fr\u00e1geis, exigindo cuidados espec\u00edficos para nutri-los e proteg\u00ea-los. <\/p>\n\n\n\n<p><strong>A clarifica\u00e7\u00e3o do cabelo permite:<\/strong><\/p>\n\n\n\n<ul class=\"wp-block-list\">\n<li><strong>Limpar a fundo<\/strong>\u00a0: os cabelos crespos e encaracolados acumulam mais produtos modeladores do que os cabelos lisos, o que pode sufocar o couro cabeludo e deixar os cabelos pesados.<\/li>\n\n\n\n<li><strong>Devolver o vigor aos cachos<\/strong>\u00a0: ao eliminar os res\u00edduos, os cachos recuperam a sua elasticidade natural e ficam mais f\u00e1ceis de pentear.<\/li>\n\n\n\n<li><strong>Melhorar a absor\u00e7\u00e3o dos cuidados hidratantes<\/strong>\u00a0: um cabelo limpo e purificado \u00e9 mais recetivo aos cuidados hidratantes e nutritivos, essenciais para cabelos crespos e encaracolados.<\/li>\n<\/ul>\n\n\n\n<h2 class=\"wp-block-heading\" id=\"h-les-m-thodes-de-clarification\"><strong>Os m\u00e9todos de clarifica\u00e7\u00e3o<\/strong><\/h2>\n\n\n\n<p>Existem v\u00e1rios m\u00e9todos de clarifica\u00e7\u00e3o adequados aos diferentes tipos de cabelo:<\/p>\n\n\n\n<h3 class=\"wp-block-heading\" id=\"h-clarification-au-bicarbonate-de-soude\"><strong>Clarifica\u00e7\u00e3o com bicarbonato de s\u00f3dio<\/strong><\/h3>\n\n\n\n<p>Este m\u00e9todo consiste em:<\/p>\n\n\n\n<ul class=\"wp-block-list\">\n<li>Misture bicarbonato de s\u00f3dio com \u00e1gua morna e aplique essa mistura nos cabelos molhados. <\/li>\n\n\n\n<li>Deixe agir por alguns minutos e, em seguida, enx\u00e1gue abundantemente com \u00e1gua limpa. <\/li>\n\n\n\n<li>Por fim, use um condicionador hidratante para evitar que o bicarbonato de s\u00f3dio resseca o cabelo.<\/li>\n<\/ul>\n\n\n\n<h3 class=\"wp-block-heading\" id=\"h-clarification-au-vinaigre-de-cidre\"><strong>Clarifica\u00e7\u00e3o com vinagre de cidra<\/strong><\/h3>\n\n\n\n<ul class=\"wp-block-list\">\n<li>Misture vinagre de ma\u00e7\u00e3 com \u00e1gua morna e, em seguida, despeje essa solu\u00e7\u00e3o sobre o cabelo molhado. <\/li>\n\n\n\n<li>Massaje suavemente o couro cabeludo para distribuir bem a mistura e deixe atuar durante alguns minutos. <\/li>\n\n\n\n<li>Em seguida, enxague abundantemente com \u00e1gua limpa.<\/li>\n<\/ul>\n\n\n\n<h3 class=\"wp-block-heading\" id=\"h-clarification-l-argile\"><strong>Clarifica\u00e7\u00e3o com argila<\/strong><\/h3>\n\n\n\n<p>A utiliza\u00e7\u00e3o de argila branca ou rhassoul \u00e9 um m\u00e9todo de clarifica\u00e7\u00e3o particularmente adequado para cabelos encaracolados e crespos, pois permite purificar os cabelos suavemente, mantendo a sua hidrata\u00e7\u00e3o natural. <\/p>\n\n\n\n<ul class=\"wp-block-list\">\n<li>Para isso, misture a argila com \u00e1gua morna at\u00e9 obter uma pasta homog\u00e9nea. <\/li>\n\n\n\n<li>Aplique essa pasta no cabelo molhado, insistindo no couro cabeludo e nos comprimentos.<\/li>\n\n\n\n<li>Deixe agir por 15 a 30 minutos e enx\u00e1gue abundantemente.<\/li>\n<\/ul>\n\n\n\n<h2 class=\"wp-block-heading\" id=\"h-conseils-pour-adapter-la-clarification-vos-cheveux-color-s\"><strong>Dicas para adaptar a clarifica\u00e7\u00e3o ao seu cabelo pintado<\/strong><\/h2>\n\n\n\n<p>A clarifica\u00e7\u00e3o pode ser feita em cabelos pintados, desde que sejam tomadas algumas precau\u00e7\u00f5es:<\/p>\n\n\n\n<ul class=\"wp-block-list\">\n<li><strong>Espacie as sess\u00f5es de esclarecimento<\/strong>\u00a0: para evitar descolorir demasiado o cabelo, espacie as clarifica\u00e7\u00f5es por pelo menos tr\u00eas semanas.<\/li>\n\n\n\n<li><strong>Use produtos suaves<\/strong>\u00a0: d\u00ea prefer\u00eancia a m\u00e9todos \u00e0 base de argila ou vinagre de cidra. Na verdade, eles s\u00e3o menos agressivos para cabelos coloridos do que o bicarbonato de s\u00f3dio.<\/li>\n\n\n\n<li><strong>Lembre-se de nutrir o seu cabelo ap\u00f3s a clarifica\u00e7\u00e3o<\/strong>\u00a0: aplique um produto hidratante e nutritivo especialmente concebido para cabelos pintados. Isto ir\u00e1 ajudar a preservar a cor e o brilho do seu cabelo.<\/li>\n<\/ul>\n\n\n\n<h3 class=\"wp-block-heading\" id=\"h-en-r-sum\"><strong>Em resumo<\/strong><\/h3>\n\n\n\n<p>A clarifica\u00e7\u00e3o capilar \u00e9 um m\u00e9todo natural e eficaz para desintoxicar, revitalizar e sublimar o seu cabelo. Adequado para cabelos crespos, encaracolados e pintados. Permite eliminar as impurezas e res\u00edduos que sufocam o couro cabeludo e tornam o cabelo pesado. <\/p>\n\n\n\n<p>Gra\u00e7as \u00e0 argila branca ou ao rhassoul. Pode realizar uma limpeza suave, preservando a hidrata\u00e7\u00e3o do seu cabelo. <\/p>\n\n\n\n<p>Ent\u00e3o n\u00e3o espere mais para devolver a vitalidade aos seus cachos!<\/p>\n\n\n\n<div class=\"woocommerce columns-3\"><div class=\"products row row-small large-columns-3 medium-columns-3 small-columns-2\">\n<div class=\"product-small col has-hover product type-product post-2125 status-publish first instock product_cat-nila product_cat-poudre-cheveux-ayurvedique product_cat-produits-naturels-divers has-post-thumbnail shipping-taxable purchasable product-type-variable\">\n\t<div class=\"col-inner\">\n\t\n<div class=\"badge-container absolute left top z-1\">\n\n<\/div>\n\t<div class=\"product-small box\">\n\t\t<div class=\"box-image\">\n\t\t\t<div class=\"image-none\">\n\t\t\t\t<a href=\"https:\/\/www.safinel.fr\/pt\/product-2\/po-de-nila\/\" aria-label=\"P\u00f3 de nila\">\n\t\t\t\t\t<img decoding=\"async\" width=\"600\" height=\"600\" src=\"https:\/\/www.safinel.fr\/wp-content\/uploads\/2022\/08\/poudre-de-nila-1.jpg\" class=\"attachment-woocommerce_thumbnail size-woocommerce_thumbnail\" alt=\"P\u00f3 de nila\" srcset=\"https:\/\/www.safinel.fr\/wp-content\/uploads\/2022\/08\/poudre-de-nila-1.jpg 600w, https:\/\/www.safinel.fr\/wp-content\/uploads\/2022\/08\/poudre-de-nila-1-100x100.jpg 100w, https:\/\/www.safinel.fr\/wp-content\/uploads\/2022\/08\/poudre-de-nila-1-400x400.jpg 400w, https:\/\/www.safinel.fr\/wp-content\/uploads\/2022\/08\/poudre-de-nila-1-280x280.jpg 280w, https:\/\/www.safinel.fr\/wp-content\/uploads\/2022\/08\/poudre-de-nila-1-300x300.jpg 300w\" sizes=\"(max-width: 600px) 100vw, 600px\" \/>\t\t\t\t<\/a>\n\t\t\t<\/div>\n\t\t\t<div class=\"image-tools is-small top right show-on-hover\">\n\t\t\t\t\t\t\t<\/div>\n\t\t\t<div class=\"image-tools is-small hide-for-small bottom left show-on-hover\">\n\t\t\t\t\t\t\t<\/div>\n\t\t\t<div class=\"image-tools grid-tools text-center hide-for-small bottom hover-slide-in show-on-hover\">\n\t\t\t\t<a href=\"#quick-view\" class=\"quick-view\" role=\"button\" data-prod=\"2125\" aria-haspopup=\"dialog\" aria-expanded=\"false\" data-flatsome-role-button>Visualiza\u00e7\u00e3o r\u00e1pida<\/a>\t\t\t<\/div>\n\t\t\t\t\t<\/div>\n\n\t\t<div class=\"box-text box-text-products text-center grid-style-2\">\n\t\t\t<div class=\"title-wrapper\">\t\t<p class=\"category uppercase is-smaller no-text-overflow product-cat op-8\">\n\t\t\tNila\t\t<\/p>\n\t<p class=\"name product-title woocommerce-loop-product__title\"><a href=\"https:\/\/www.safinel.fr\/pt\/product-2\/po-de-nila\/\" class=\"woocommerce-LoopProduct-link woocommerce-loop-product__link\">P\u00f3 de nila<\/a><\/p><\/div><div class=\"price-wrapper\">\n\t<span class=\"price\"><span class=\"woocommerce-Price-amount amount\" aria-hidden=\"true\"><bdi>10,99<span class=\"woocommerce-Price-currencySymbol\">&euro;<\/span><\/bdi><\/span> <span aria-hidden=\"true\">\u2013<\/span> <span class=\"woocommerce-Price-amount amount\" aria-hidden=\"true\"><bdi>13,99<span class=\"woocommerce-Price-currencySymbol\">&euro;<\/span><\/bdi><\/span><span class=\"screen-reader-text\" data-no-translation=\"\" data-trp-gettext=\"\">Faixa de pre\u00e7o: 10,99&euro; a 13,99&euro;<\/span><\/span>\n<\/div><div class=\"add-to-cart-button\"><a href=\"https:\/\/www.safinel.fr\/pt\/product-2\/po-de-nila\/\" aria-describedby=\"woocommerce_loop_add_to_cart_link_describedby_2125\" data-quantity=\"1\" class=\"primary is-small mb-0 button product_type_variable add_to_cart_button is-outline\" data-product_id=\"2125\" data-product_sku=\"SAF-REF-228\" aria-label=\"Selecione as op\u00e7\u00f5es para \u201cPoudre de nila\u201d\" rel=\"nofollow\" data-no-translation=\"\" data-trp-gettext=\"\" data-no-translation-aria-label=\"\">Selecione as op\u00e7\u00f5es<\/a><\/div>\t<span id=\"woocommerce_loop_add_to_cart_link_describedby_2125\" class=\"screen-reader-text\">\n\t\tEste produto tem v\u00e1rias variantes. As op\u00e7\u00f5es podem ser escolhidas na p\u00e1gina do produto.\t<\/span>\n\t\t<\/div>\n\t<\/div>\n\t\t<\/div>\n<\/div><div class=\"product-small col has-hover product type-product post-188 status-publish instock product_cat-plantes-medicinales product_cat-poudre-cheveux-ayurvedique has-post-thumbnail shipping-taxable purchasable product-type-simple\">\n\t<div class=\"col-inner\">\n\t\n<div class=\"badge-container absolute left top z-1\">\n\n<\/div>\n\t<div class=\"product-small box\">\n\t\t<div class=\"box-image\">\n\t\t\t<div class=\"image-none\">\n\t\t\t\t<a href=\"https:\/\/www.safinel.fr\/pt\/product-2\/kapoor-kachli\/\" aria-label=\"Kapoor Kachli 100 g\">\n\t\t\t\t\t<img decoding=\"async\" width=\"600\" height=\"600\" src=\"https:\/\/www.safinel.fr\/wp-content\/uploads\/2021\/07\/kapoor-600x600.jpg\" class=\"attachment-woocommerce_thumbnail size-woocommerce_thumbnail\" alt=\"Kapoor Kachli em p\u00f3\" srcset=\"https:\/\/www.safinel.fr\/wp-content\/uploads\/2021\/07\/kapoor-600x600.jpg 600w, https:\/\/www.safinel.fr\/wp-content\/uploads\/2021\/07\/kapoor-100x100.jpg 100w, https:\/\/www.safinel.fr\/wp-content\/uploads\/2021\/07\/kapoor-400x400.jpg 400w, https:\/\/www.safinel.fr\/wp-content\/uploads\/2021\/07\/kapoor-800x800.jpg 800w, https:\/\/www.safinel.fr\/wp-content\/uploads\/2021\/07\/kapoor-280x280.jpg 280w, https:\/\/www.safinel.fr\/wp-content\/uploads\/2021\/07\/kapoor-768x768.jpg 768w, https:\/\/www.safinel.fr\/wp-content\/uploads\/2021\/07\/kapoor-300x300.jpg 300w, https:\/\/www.safinel.fr\/wp-content\/uploads\/2021\/07\/kapoor.jpg 1001w\" sizes=\"(max-width: 600px) 100vw, 600px\" \/>\t\t\t\t<\/a>\n\t\t\t<\/div>\n\t\t\t<div class=\"image-tools is-small top right show-on-hover\">\n\t\t\t\t\t\t\t<\/div>\n\t\t\t<div class=\"image-tools is-small hide-for-small bottom left show-on-hover\">\n\t\t\t\t\t\t\t<\/div>\n\t\t\t<div class=\"image-tools grid-tools text-center hide-for-small bottom hover-slide-in show-on-hover\">\n\t\t\t\t<a href=\"#quick-view\" class=\"quick-view\" role=\"button\" data-prod=\"188\" aria-haspopup=\"dialog\" aria-expanded=\"false\" data-flatsome-role-button>Visualiza\u00e7\u00e3o r\u00e1pida<\/a>\t\t\t<\/div>\n\t\t\t\t\t<\/div>\n\n\t\t<div class=\"box-text box-text-products text-center grid-style-2\">\n\t\t\t<div class=\"title-wrapper\">\t\t<p class=\"category uppercase is-smaller no-text-overflow product-cat op-8\">\n\t\t\tPlantas medicinais (Planta africana)\t\t<\/p>\n\t<p class=\"name product-title woocommerce-loop-product__title\"><a href=\"https:\/\/www.safinel.fr\/pt\/product-2\/kapoor-kachli\/\" class=\"woocommerce-LoopProduct-link woocommerce-loop-product__link\">Kapoor Kachli 100 g<\/a><\/p><\/div><div class=\"price-wrapper\"><style>\n\t.steavisgarantisStar svg.note g{ fill: #f5d700 !important;}\n\t.steavisgarantisStats .item .name { color:  #f5d700 !important;}\n\t.steavisgarantisStats .item .stat .note { background:  #f5d700 !important;}\n<\/style>\n<div class=\"categoryStarsMain steavisgarantisStar\">\n    <div class=\"categoryStars\">\n\t\t\t<span><\/span>\n\t\t\t<div class=\"animate\" style=\"width:100%;overflow:hidden;height:30px !important;position:relative;\">\n\t\t\t\t<svg class=\"note\" version=\"1.0\" xmlns=\"http:\/\/www.w3.org\/2000\/svg\"\n\t\t\t\t\t width=\"250.000000pt\" height=\"68.000000pt\" viewbox=\"0 0 250.000000 68.000000\"\n\t\t\t\t\t preserveaspectratio=\"xMidYMid meet\">\n\t\t\t\t\t\t<g fill=\"rgba(250,0,0,1)\">\n\t\t\t\t\t\t\t<path d=\"M 16.02 28.17   L 22.31 11.82   A 0.34 0.34 0.0 0 1 22.95 11.82   L 29.11 28.05   A 0.34 0.34 0.0 0 0 29.43 28.27   L 43.29 28.24   A 0.34 0.34 0.0 0 1 43.53 28.82   L 32.81 39.62   A 0.34 0.34 0.0 0 0 32.73 39.97   L 38.17 56.11   A 0.34 0.34 0.0 0 1 37.67 56.51   L 22.84 47.29   A 0.34 0.34 0.0 0 0 22.48 47.29   L 7.31 56.49   A 0.34 0.34 0.0 0 1 6.81 56.09   L 12.27 40.15   A 0.34 0.34 0.0 0 0 12.19 39.80   L 1.50 28.79   A 0.34 0.34 0.0 0 1 1.75 28.21   L 15.69 28.39   A 0.34 0.34 0.0 0 0 16.02 28.17   Z\"\/>\n\t\t\t\t\t\t\t<path d=\"M 79.28 28.29   L 93.14 28.22   A 0.34 0.34 0.0 0 1 93.38 28.80   L 82.66 39.66   A 0.34 0.34 0.0 0 0 82.58 40.01   L 88.04 56.15   A 0.34 0.34 0.0 0 1 87.54 56.55   L 72.70 47.28   A 0.34 0.34 0.0 0 0 72.34 47.28   L 57.15 56.50   A 0.34 0.34 0.0 0 1 56.65 56.10   L 62.13 40.14   A 0.34 0.34 0.0 0 0 62.05 39.79   L 51.34 28.78   A 0.34 0.34 0.0 0 1 51.59 28.20   L 65.53 28.40   A 0.34 0.34 0.0 0 0 65.86 28.18   L 72.17 11.87   A 0.34 0.34 0.0 0 1 72.80 11.87   L 78.96 28.07   A 0.34 0.34 0.0 0 0 79.28 28.29   Z\"\/>\n\t\t\t\t\t\t\t<path d=\"M 129.12 28.28   L 142.99 28.23   A 0.34 0.34 0.0 0 1 143.23 28.81   L 132.51 39.64   A 0.34 0.34 0.0 0 0 132.43 39.99   L 137.90 56.14   A 0.34 0.34 0.0 0 1 137.39 56.54   L 122.57 47.30   A 0.34 0.34 0.0 0 0 122.21 47.30   L 107.02 56.48   A 0.34 0.34 0.0 0 1 106.52 56.08   L 111.97 40.14   A 0.34 0.34 0.0 0 0 111.89 39.79   L 101.22 28.79   A 0.34 0.34 0.0 0 1 101.47 28.21   L 115.40 28.39   A 0.34 0.34 0.0 0 0 115.73 28.17   L 122.03 11.80   A 0.34 0.34 0.0 0 1 122.66 11.80   L 128.80 28.06   A 0.34 0.34 0.0 0 0 129.12 28.28   Z\"\/>\n\t\t\t\t\t\t\t<path d=\"M 178.98 28.27   L 192.81 28.24   A 0.34 0.34 0.0 0 1 193.06 28.82   L 182.39 39.63   A 0.34 0.34 0.0 0 0 182.31 39.98   L 187.74 56.13   A 0.34 0.34 0.0 0 1 187.24 56.53   L 172.41 47.29   A 0.34 0.34 0.0 0 0 172.05 47.29   L 156.88 56.48   A 0.34 0.34 0.0 0 1 156.38 56.07   L 161.83 40.13   A 0.34 0.34 0.0 0 0 161.75 39.78   L 151.05 28.79   A 0.34 0.34 0.0 0 1 151.30 28.21   L 165.26 28.39   A 0.34 0.34 0.0 0 0 165.58 28.17   L 171.86 11.80   A 0.34 0.34 0.0 0 1 172.50 11.80   L 178.66 28.05   A 0.34 0.34 0.0 0 0 178.98 28.27   Z\"\/>\n\t\t\t\t\t\t\t<path d=\"M 220.13 27.69   L 226.23 12.00   Q 226.58 11.10 226.92 12.00   L 232.93 27.72   Q 233.14 28.26 233.72 28.26   L 247.19 28.27   Q 247.99 28.27 247.43 28.84   L 237.01 39.40   A 0.90 0.89 58.3 0 0 236.80 40.32   L 242.11 56.20   Q 242.35 56.94 241.69 56.53   L 227.01 47.45   Q 226.61 47.21 226.22 47.44   L 211.29 56.43   Q 210.52 56.89 210.81 56.04   L 216.12 40.39   Q 216.27 39.94 215.94 39.60   L 205.48 28.80   Q 204.93 28.23 205.72 28.24   L 219.11 28.37   Q 219.86 28.38 220.13 27.69   Z\"\/>\n\t\t\t\t\t\t<\/g>\n\t\t\t\t<\/svg>\n\t\t\t<\/div>\n    <\/div>\n    <div class=\"categoryStarsStr\">1 avalia\u00e7\u00e3o<\/div>\n<\/div>\n\t<span class=\"price\"><span class=\"woocommerce-Price-amount amount\"><bdi>9,90<span class=\"woocommerce-Price-currencySymbol\">\u20ac<\/span><\/bdi><\/span><\/span>\n<\/div><div class=\"add-to-cart-button\"><a href=\"\/pt\/wp-json\/wp\/v2\/posts\/5587?add-to-cart=188\" aria-describedby=\"woocommerce_loop_add_to_cart_link_describedby_188\" data-quantity=\"1\" class=\"primary is-small mb-0 button product_type_simple add_to_cart_button ajax_add_to_cart is-outline\" data-product_id=\"188\" data-product_sku=\"SAF-REF-40\" aria-label=\"Adicionar ao carrinho: \u201cKapoor Kachli 100g\u201d\" rel=\"nofollow\" data-success_message=\"\u201cKapoor Kachli 100g\u201d foi adicionado ao seu carrinho\" role=\"button\" data-no-translation=\"\" data-trp-gettext=\"\" data-no-translation-aria-label=\"\" data-no-translation-data-success_message=\"\">Adicionar ao carrinho<\/a><\/div>\t<span id=\"woocommerce_loop_add_to_cart_link_describedby_188\" class=\"screen-reader-text\">\n\t\t\t<\/span>\n\t\t<\/div>\n\t<\/div>\n\t\t<\/div>\n<\/div><div class=\"product-small col has-hover product type-product post-207 status-publish last instock product_cat-plantes-medicinales product_cat-poudre-cheveux-ayurvedique has-post-thumbnail shipping-taxable purchasable product-type-simple\">\n\t<div class=\"col-inner\">\n\t\n<div class=\"badge-container absolute left top z-1\">\n\n<\/div>\n\t<div class=\"product-small box\">\n\t\t<div class=\"box-image\">\n\t\t\t<div class=\"image-none\">\n\t\t\t\t<a href=\"https:\/\/www.safinel.fr\/pt\/product-2\/bhringaraj-em-po-100-g\/\" aria-label=\"Bhringaraj em p\u00f3 100 g\">\n\t\t\t\t\t<img decoding=\"async\" width=\"600\" height=\"600\" src=\"https:\/\/www.safinel.fr\/wp-content\/uploads\/2021\/07\/bringharaj-600x600.jpg\" class=\"attachment-woocommerce_thumbnail size-woocommerce_thumbnail\" alt=\"Bhringaraj em p\u00f3\" srcset=\"https:\/\/www.safinel.fr\/wp-content\/uploads\/2021\/07\/bringharaj-600x600.jpg 600w, https:\/\/www.safinel.fr\/wp-content\/uploads\/2021\/07\/bringharaj-100x100.jpg 100w, https:\/\/www.safinel.fr\/wp-content\/uploads\/2021\/07\/bringharaj-400x400.jpg 400w, https:\/\/www.safinel.fr\/wp-content\/uploads\/2021\/07\/bringharaj-800x800.jpg 800w, https:\/\/www.safinel.fr\/wp-content\/uploads\/2021\/07\/bringharaj-280x280.jpg 280w, https:\/\/www.safinel.fr\/wp-content\/uploads\/2021\/07\/bringharaj-768x768.jpg 768w, https:\/\/www.safinel.fr\/wp-content\/uploads\/2021\/07\/bringharaj-300x300.jpg 300w, https:\/\/www.safinel.fr\/wp-content\/uploads\/2021\/07\/bringharaj.jpg 1001w\" sizes=\"(max-width: 600px) 100vw, 600px\" \/>\t\t\t\t<\/a>\n\t\t\t<\/div>\n\t\t\t<div class=\"image-tools is-small top right show-on-hover\">\n\t\t\t\t\t\t\t<\/div>\n\t\t\t<div class=\"image-tools is-small hide-for-small bottom left show-on-hover\">\n\t\t\t\t\t\t\t<\/div>\n\t\t\t<div class=\"image-tools grid-tools text-center hide-for-small bottom hover-slide-in show-on-hover\">\n\t\t\t\t<a href=\"#quick-view\" class=\"quick-view\" role=\"button\" data-prod=\"207\" aria-haspopup=\"dialog\" aria-expanded=\"false\" data-flatsome-role-button>Visualiza\u00e7\u00e3o r\u00e1pida<\/a>\t\t\t<\/div>\n\t\t\t\t\t<\/div>\n\n\t\t<div class=\"box-text box-text-products text-center grid-style-2\">\n\t\t\t<div class=\"title-wrapper\">\t\t<p class=\"category uppercase is-smaller no-text-overflow product-cat op-8\">\n\t\t\tPlantas medicinais (Planta africana)\t\t<\/p>\n\t<p class=\"name product-title woocommerce-loop-product__title\"><a href=\"https:\/\/www.safinel.fr\/pt\/product-2\/bhringaraj-em-po-100-g\/\" class=\"woocommerce-LoopProduct-link woocommerce-loop-product__link\">Bhringaraj em p\u00f3 100 g<\/a><\/p><\/div><div class=\"price-wrapper\">\n\t<span class=\"price\"><span class=\"woocommerce-Price-amount amount\"><bdi>9,90<span class=\"woocommerce-Price-currencySymbol\">\u20ac<\/span><\/bdi><\/span><\/span>\n<\/div><div class=\"add-to-cart-button\"><a href=\"\/pt\/wp-json\/wp\/v2\/posts\/5587?add-to-cart=207\" aria-describedby=\"woocommerce_loop_add_to_cart_link_describedby_207\" data-quantity=\"1\" class=\"primary is-small mb-0 button product_type_simple add_to_cart_button ajax_add_to_cart is-outline\" data-product_id=\"207\" data-product_sku=\"SAF-REF-42\" aria-label=\"Adicionar ao carrinho: \u201cBhringaraj en poudre 100g\u201d\" rel=\"nofollow\" data-success_message=\"\u201cBhringaraj en poudre 100g\u201d foi adicionado ao seu carrinho\" role=\"button\" data-no-translation=\"\" data-trp-gettext=\"\" data-no-translation-aria-label=\"\" data-no-translation-data-success_message=\"\">Adicionar ao carrinho<\/a><\/div>\t<span id=\"woocommerce_loop_add_to_cart_link_describedby_207\" class=\"screen-reader-text\">\n\t\t\t<\/span>\n\t\t<\/div>\n\t<\/div>\n\t\t<\/div>\n<\/div><\/div><!-- row -->\n<\/div>","protected":false},"excerpt":{"rendered":"<p>Est\u00e1 cansada do seu cabelo sem brilho e sem vida? Procura uma solu\u00e7\u00e3o natural para dar mais vida aos seus cachos? Descubra a clarifica\u00e7\u00e3o capilar, um m\u00e9todo suave e eficaz para desintoxicar, revitalizar e sublimar o seu cabelo, seja ele crespo, encaracolado ou pintado. Neste artigo, falaremos sobre os benef\u00edcios de [...]","protected":false},"author":1,"featured_media":5588,"comment_status":"closed","ping_status":"closed","sticky":false,"template":"","format":"standard","meta":{"footnotes":""},"categories":[1],"tags":[],"class_list":["post-5587","post","type-post","status-publish","format-standard","has-post-thumbnail","hentry","category-divers"],"yoast_head":"<!-- This site is optimized with the Yoast SEO plugin v26.6 - https:\/\/yoast.com\/wordpress\/plugins\/seo\/ -->\n<title>Clarification cheveux I Le guide pratique \u00e0 conna\u00eetre en 2023<\/title>\n<meta name=\"description\" content=\"D\u00e9couvrez la\u00a0clarification cheveux, une m\u00e9thode douce et efficace pour d\u00e9toxifier, revitaliser et sublimer vos cheveux.\" \/>\n<meta name=\"robots\" content=\"index, follow, max-snippet:-1, max-image-preview:large, max-video-preview:-1\" \/>\n<link rel=\"canonical\" href=\"https:\/\/www.safinel.fr\/pt\/clarificacao-do-cabelo\/\" \/>\n<meta property=\"og:locale\" content=\"pt_PT\" \/>\n<meta property=\"og:type\" content=\"article\" \/>\n<meta property=\"og:title\" content=\"Clarification cheveux I Le guide pratique \u00e0 conna\u00eetre en 2023\" \/>\n<meta property=\"og:description\" content=\"D\u00e9couvrez la\u00a0clarification cheveux, une m\u00e9thode douce et efficace pour d\u00e9toxifier, revitaliser et sublimer vos cheveux.\" \/>\n<meta property=\"og:url\" content=\"https:\/\/www.safinel.fr\/pt\/clarificacao-do-cabelo\/\" \/>\n<meta property=\"og:site_name\" content=\"Safinel\" \/>\n<meta property=\"article:published_time\" content=\"2023-04-19T16:04:28+00:00\" \/>\n<meta property=\"article:modified_time\" content=\"2023-04-20T17:41:27+00:00\" \/>\n<meta property=\"og:image\" content=\"https:\/\/www.safinel.fr\/wp-content\/uploads\/2023\/04\/clarification-cheveux.jpg\" \/>\n\t<meta property=\"og:image:width\" content=\"1100\" \/>\n\t<meta property=\"og:image:height\" content=\"578\" \/>\n\t<meta property=\"og:image:type\" content=\"image\/jpeg\" \/>\n<meta name=\"author\" content=\"Boutique Safinel\" \/>\n<meta name=\"twitter:card\" content=\"summary_large_image\" \/>\n<meta name=\"twitter:label1\" content=\"Escrito por\" \/>\n\t<meta name=\"twitter:data1\" content=\"Boutique Safinel\" \/>\n\t<meta name=\"twitter:label2\" content=\"Tempo estimado de leitura\" \/>\n\t<meta name=\"twitter:data2\" content=\"4 minutos\" \/>\n<script type=\"application\/ld+json\" class=\"yoast-schema-graph\">{\"@context\":\"https:\/\/schema.org\",\"@graph\":[{\"@type\":\"Article\",\"@id\":\"https:\/\/www.safinel.fr\/clarification-cheveux\/#article\",\"isPartOf\":{\"@id\":\"https:\/\/www.safinel.fr\/clarification-cheveux\/\"},\"author\":{\"name\":\"Boutique Safinel\",\"@id\":\"https:\/\/www.safinel.fr\/#\/schema\/person\/721a83294300152db59954bbb2f0fcc5\"},\"headline\":\"La clarification des cheveux : une m\u00e9thode naturelle pour sublimer vos boucles\",\"datePublished\":\"2023-04-19T16:04:28+00:00\",\"dateModified\":\"2023-04-20T17:41:27+00:00\",\"mainEntityOfPage\":{\"@id\":\"https:\/\/www.safinel.fr\/clarification-cheveux\/\"},\"wordCount\":876,\"publisher\":{\"@id\":\"https:\/\/www.safinel.fr\/#organization\"},\"image\":{\"@id\":\"https:\/\/www.safinel.fr\/clarification-cheveux\/#primaryimage\"},\"thumbnailUrl\":\"https:\/\/www.safinel.fr\/wp-content\/uploads\/2023\/04\/clarification-cheveux.jpg\",\"articleSection\":[\"Divers\"],\"inLanguage\":\"pt-PT\"},{\"@type\":\"WebPage\",\"@id\":\"https:\/\/www.safinel.fr\/clarification-cheveux\/\",\"url\":\"https:\/\/www.safinel.fr\/clarification-cheveux\/\",\"name\":\"Clarification cheveux I Le guide pratique \u00e0 conna\u00eetre en 2023\",\"isPartOf\":{\"@id\":\"https:\/\/www.safinel.fr\/#website\"},\"primaryImageOfPage\":{\"@id\":\"https:\/\/www.safinel.fr\/clarification-cheveux\/#primaryimage\"},\"image\":{\"@id\":\"https:\/\/www.safinel.fr\/clarification-cheveux\/#primaryimage\"},\"thumbnailUrl\":\"https:\/\/www.safinel.fr\/wp-content\/uploads\/2023\/04\/clarification-cheveux.jpg\",\"datePublished\":\"2023-04-19T16:04:28+00:00\",\"dateModified\":\"2023-04-20T17:41:27+00:00\",\"description\":\"D\u00e9couvrez la\u00a0clarification cheveux, une m\u00e9thode douce et efficace pour d\u00e9toxifier, revitaliser et sublimer vos cheveux.\",\"breadcrumb\":{\"@id\":\"https:\/\/www.safinel.fr\/clarification-cheveux\/#breadcrumb\"},\"inLanguage\":\"pt-PT\",\"potentialAction\":[{\"@type\":\"ReadAction\",\"target\":[\"https:\/\/www.safinel.fr\/clarification-cheveux\/\"]}]},{\"@type\":\"ImageObject\",\"inLanguage\":\"pt-PT\",\"@id\":\"https:\/\/www.safinel.fr\/clarification-cheveux\/#primaryimage\",\"url\":\"https:\/\/www.safinel.fr\/wp-content\/uploads\/2023\/04\/clarification-cheveux.jpg\",\"contentUrl\":\"https:\/\/www.safinel.fr\/wp-content\/uploads\/2023\/04\/clarification-cheveux.jpg\",\"width\":1100,\"height\":578,\"caption\":\"La clarification des cheveux : une m\u00e9thode naturelle pour sublimer vos boucles\"},{\"@type\":\"BreadcrumbList\",\"@id\":\"https:\/\/www.safinel.fr\/clarification-cheveux\/#breadcrumb\",\"itemListElement\":[{\"@type\":\"ListItem\",\"position\":1,\"name\":\"Accueil\",\"item\":\"https:\/\/www.safinel.fr\/\"},{\"@type\":\"ListItem\",\"position\":2,\"name\":\"La clarification des cheveux : une m\u00e9thode naturelle pour sublimer vos boucles\"}]},{\"@type\":\"WebSite\",\"@id\":\"https:\/\/www.safinel.fr\/#website\",\"url\":\"https:\/\/www.safinel.fr\/\",\"name\":\"Safinel\",\"description\":\"\",\"publisher\":{\"@id\":\"https:\/\/www.safinel.fr\/#organization\"},\"potentialAction\":[{\"@type\":\"SearchAction\",\"target\":{\"@type\":\"EntryPoint\",\"urlTemplate\":\"https:\/\/www.safinel.fr\/?s={search_term_string}\"},\"query-input\":{\"@type\":\"PropertyValueSpecification\",\"valueRequired\":true,\"valueName\":\"search_term_string\"}}],\"inLanguage\":\"pt-PT\"},{\"@type\":\"Organization\",\"@id\":\"https:\/\/www.safinel.fr\/#organization\",\"name\":\"Safinel\",\"url\":\"https:\/\/www.safinel.fr\/\",\"logo\":{\"@type\":\"ImageObject\",\"inLanguage\":\"pt-PT\",\"@id\":\"https:\/\/www.safinel.fr\/#\/schema\/logo\/image\/\",\"url\":\"https:\/\/www.safinel.fr\/wp-content\/uploads\/2021\/05\/boutique-cosmetique.png\",\"contentUrl\":\"https:\/\/www.safinel.fr\/wp-content\/uploads\/2021\/05\/boutique-cosmetique.png\",\"width\":800,\"height\":200,\"caption\":\"Safinel\"},\"image\":{\"@id\":\"https:\/\/www.safinel.fr\/#\/schema\/logo\/image\/\"}},{\"@type\":\"Person\",\"@id\":\"https:\/\/www.safinel.fr\/#\/schema\/person\/721a83294300152db59954bbb2f0fcc5\",\"name\":\"Boutique Safinel\",\"image\":{\"@type\":\"ImageObject\",\"inLanguage\":\"pt-PT\",\"@id\":\"https:\/\/www.safinel.fr\/#\/schema\/person\/image\/\",\"url\":\"https:\/\/secure.gravatar.com\/avatar\/f68981bb0c0938d0f69d6a4651de60c9260d8f0f22d18b1520c25e25d86b5057?s=96&d=mm&r=g\",\"contentUrl\":\"https:\/\/secure.gravatar.com\/avatar\/f68981bb0c0938d0f69d6a4651de60c9260d8f0f22d18b1520c25e25d86b5057?s=96&d=mm&r=g\",\"caption\":\"Boutique Safinel\"},\"sameAs\":[\"https:\/\/www.safinel.fr\"],\"url\":\"https:\/\/www.safinel.fr\/pt\/author\/boutique-safinel\/\"}]}<\/script>\n<!-- \/ Yoast SEO plugin. -->","yoast_head_json":{"title":"Clareamento do cabelo I O guia pr\u00e1tico que voc\u00ea precisa conhecer em 2023","description":"Descubra a clarifica\u00e7\u00e3o capilar, um m\u00e9todo suave e eficaz para desintoxicar, revitalizar e sublimar o seu cabelo.","robots":{"index":"index","follow":"follow","max-snippet":"max-snippet:-1","max-image-preview":"max-image-preview:large","max-video-preview":"max-video-preview:-1"},"canonical":"https:\/\/www.safinel.fr\/pt\/clarificacao-do-cabelo\/","og_locale":"pt_PT","og_type":"article","og_title":"Clarification cheveux I Le guide pratique \u00e0 conna\u00eetre en 2023","og_description":"D\u00e9couvrez la\u00a0clarification cheveux, une m\u00e9thode douce et efficace pour d\u00e9toxifier, revitaliser et sublimer vos cheveux.","og_url":"https:\/\/www.safinel.fr\/pt\/clarificacao-do-cabelo\/","og_site_name":"Safinel","article_published_time":"2023-04-19T16:04:28+00:00","article_modified_time":"2023-04-20T17:41:27+00:00","og_image":[{"width":1100,"height":578,"url":"https:\/\/www.safinel.fr\/wp-content\/uploads\/2023\/04\/clarification-cheveux.jpg","type":"image\/jpeg"}],"author":"Boutique Safinel","twitter_card":"summary_large_image","twitter_misc":{"Escrito por":"Boutique Safinel","Tempo estimado de leitura":"4 minutos"},"schema":{"@context":"https:\/\/schema.org","@graph":[{"@type":"Article","@id":"https:\/\/www.safinel.fr\/clarification-cheveux\/#article","isPartOf":{"@id":"https:\/\/www.safinel.fr\/clarification-cheveux\/"},"author":{"name":"Boutique Safinel","@id":"https:\/\/www.safinel.fr\/#\/schema\/person\/721a83294300152db59954bbb2f0fcc5"},"headline":"La clarification des cheveux : une m\u00e9thode naturelle pour sublimer vos boucles","datePublished":"2023-04-19T16:04:28+00:00","dateModified":"2023-04-20T17:41:27+00:00","mainEntityOfPage":{"@id":"https:\/\/www.safinel.fr\/clarification-cheveux\/"},"wordCount":876,"publisher":{"@id":"https:\/\/www.safinel.fr\/#organization"},"image":{"@id":"https:\/\/www.safinel.fr\/clarification-cheveux\/#primaryimage"},"thumbnailUrl":"https:\/\/www.safinel.fr\/wp-content\/uploads\/2023\/04\/clarification-cheveux.jpg","articleSection":["Divers"],"inLanguage":"pt-PT"},{"@type":"WebPage","@id":"https:\/\/www.safinel.fr\/clarification-cheveux\/","url":"https:\/\/www.safinel.fr\/clarification-cheveux\/","name":"Clareamento do cabelo I O guia pr\u00e1tico que voc\u00ea precisa conhecer em 2023","isPartOf":{"@id":"https:\/\/www.safinel.fr\/#website"},"primaryImageOfPage":{"@id":"https:\/\/www.safinel.fr\/clarification-cheveux\/#primaryimage"},"image":{"@id":"https:\/\/www.safinel.fr\/clarification-cheveux\/#primaryimage"},"thumbnailUrl":"https:\/\/www.safinel.fr\/wp-content\/uploads\/2023\/04\/clarification-cheveux.jpg","datePublished":"2023-04-19T16:04:28+00:00","dateModified":"2023-04-20T17:41:27+00:00","description":"Descubra a clarifica\u00e7\u00e3o capilar, um m\u00e9todo suave e eficaz para desintoxicar, revitalizar e sublimar o seu cabelo.","breadcrumb":{"@id":"https:\/\/www.safinel.fr\/clarification-cheveux\/#breadcrumb"},"inLanguage":"pt-PT","potentialAction":[{"@type":"ReadAction","target":["https:\/\/www.safinel.fr\/clarification-cheveux\/"]}]},{"@type":"ImageObject","inLanguage":"pt-PT","@id":"https:\/\/www.safinel.fr\/clarification-cheveux\/#primaryimage","url":"https:\/\/www.safinel.fr\/wp-content\/uploads\/2023\/04\/clarification-cheveux.jpg","contentUrl":"https:\/\/www.safinel.fr\/wp-content\/uploads\/2023\/04\/clarification-cheveux.jpg","width":1100,"height":578,"caption":"La clarification des cheveux : une m\u00e9thode naturelle pour sublimer vos boucles"},{"@type":"BreadcrumbList","@id":"https:\/\/www.safinel.fr\/clarification-cheveux\/#breadcrumb","itemListElement":[{"@type":"ListItem","position":1,"name":"Accueil","item":"https:\/\/www.safinel.fr\/"},{"@type":"ListItem","position":2,"name":"La clarification des cheveux : une m\u00e9thode naturelle pour sublimer vos boucles"}]},{"@type":"WebSite","@id":"https:\/\/www.safinel.fr\/#website","url":"https:\/\/www.safinel.fr\/","name":"Safinel","description":"","publisher":{"@id":"https:\/\/www.safinel.fr\/#organization"},"potentialAction":[{"@type":"SearchAction","target":{"@type":"EntryPoint","urlTemplate":"https:\/\/www.safinel.fr\/?s={search_term_string}"},"query-input":{"@type":"PropertyValueSpecification","valueRequired":true,"valueName":"search_term_string"}}],"inLanguage":"pt-PT"},{"@type":"Organization","@id":"https:\/\/www.safinel.fr\/#organization","name":"Safinel","url":"https:\/\/www.safinel.fr\/","logo":{"@type":"ImageObject","inLanguage":"pt-PT","@id":"https:\/\/www.safinel.fr\/#\/schema\/logo\/image\/","url":"https:\/\/www.safinel.fr\/wp-content\/uploads\/2021\/05\/boutique-cosmetique.png","contentUrl":"https:\/\/www.safinel.fr\/wp-content\/uploads\/2021\/05\/boutique-cosmetique.png","width":800,"height":200,"caption":"Safinel"},"image":{"@id":"https:\/\/www.safinel.fr\/#\/schema\/logo\/image\/"}},{"@type":"Person","@id":"https:\/\/www.safinel.fr\/#\/schema\/person\/721a83294300152db59954bbb2f0fcc5","name":"Loja Safinel","image":{"@type":"ImageObject","inLanguage":"pt-PT","@id":"https:\/\/www.safinel.fr\/#\/schema\/person\/image\/","url":"https:\/\/secure.gravatar.com\/avatar\/f68981bb0c0938d0f69d6a4651de60c9260d8f0f22d18b1520c25e25d86b5057?s=96&d=mm&r=g","contentUrl":"https:\/\/secure.gravatar.com\/avatar\/f68981bb0c0938d0f69d6a4651de60c9260d8f0f22d18b1520c25e25d86b5057?s=96&d=mm&r=g","caption":"Boutique Safinel"},"sameAs":["https:\/\/www.safinel.fr"],"url":"https:\/\/www.safinel.fr\/pt\/author\/boutique-safinel\/"}]}},"_links":{"self":[{"href":"https:\/\/www.safinel.fr\/pt\/wp-json\/wp\/v2\/posts\/5587","targetHints":{"allow":["GET"]}}],"collection":[{"href":"https:\/\/www.safinel.fr\/pt\/wp-json\/wp\/v2\/posts"}],"about":[{"href":"https:\/\/www.safinel.fr\/pt\/wp-json\/wp\/v2\/types\/post"}],"author":[{"embeddable":true,"href":"https:\/\/www.safinel.fr\/pt\/wp-json\/wp\/v2\/users\/1"}],"replies":[{"embeddable":true,"href":"https:\/\/www.safinel.fr\/pt\/wp-json\/wp\/v2\/comments?post=5587"}],"version-history":[{"count":2,"href":"https:\/\/www.safinel.fr\/pt\/wp-json\/wp\/v2\/posts\/5587\/revisions"}],"predecessor-version":[{"id":5617,"href":"https:\/\/www.safinel.fr\/pt\/wp-json\/wp\/v2\/posts\/5587\/revisions\/5617"}],"wp:featuredmedia":[{"embeddable":true,"href":"https:\/\/www.safinel.fr\/pt\/wp-json\/wp\/v2\/media\/5588"}],"wp:attachment":[{"href":"https:\/\/www.safinel.fr\/pt\/wp-json\/wp\/v2\/media?parent=5587"}],"wp:term":[{"taxonomy":"category","embeddable":true,"href":"https:\/\/www.safinel.fr\/pt\/wp-json\/wp\/v2\/categories?post=5587"},{"taxonomy":"post_tag","embeddable":true,"href":"https:\/\/www.safinel.fr\/pt\/wp-json\/wp\/v2\/tags?post=5587"}],"curies":[{"name":"wp","href":"https:\/\/api.w.org\/{rel}","templated":true}]}}