{"id":5457,"date":"2023-04-12T15:36:44","date_gmt":"2023-04-12T15:36:44","guid":{"rendered":"https:\/\/www.safinel.fr\/?p=5457"},"modified":"2023-04-12T15:36:46","modified_gmt":"2023-04-12T15:36:46","slug":"o-verdadeiro-tamanho-da-africa","status":"publish","type":"post","link":"https:\/\/www.safinel.fr\/pt\/o-verdadeiro-tamanho-da-africa\/","title":{"rendered":"O verdadeiro tamanho de \u00c1frica: uma realidade desconhecida e surpreendente"},"content":{"rendered":"<p>\u00c1frica, este continente multifacetado, \u00e9 frequentemente subestimado em termos de \u00e1rea e diversidade. Vamos revelar aqui o verdadeiro tamanho de \u00c1frica., <strong>um n\u00famero muito mais elevado do que se poderia imaginar. Prepare-se para se surpreender!<\/strong><\/p>\n\n\n\n<h2 class=\"wp-block-heading\" id=\"h-un-continent-d-une-superficie-gigantesque\">Um continente com uma \u00e1rea gigantesca<\/h2>\n\n\n\n<p>Voc\u00ea sabia que a \u00e1rea total da \u00c1frica \u00e9 de\u00a0<strong>30,37 milh\u00f5es de quil\u00f3metros quadrados<\/strong>\u00a0Para compreender melhor este dado, vamos compar\u00e1-lo com os dados de outros continentes e pa\u00edses do mundo:<\/p>\n\n\n\n<ul class=\"wp-block-list\">\n<li><strong>R\u00fassia<\/strong>\u00a0: 17,1 milh\u00f5es de km\u00b2<\/li>\n\n\n\n<li><strong>China<\/strong>\u00a0: 9,6 milh\u00f5es de km\u00b2<\/li>\n\n\n\n<li><strong>Estados Unidos<\/strong>\u00a0: 9,5 milh\u00f5es de km\u00b2<\/li>\n\n\n\n<li><strong>Europa<\/strong>\u00a0: 10,18 milh\u00f5es de km\u00b2<\/li>\n<\/ul>\n\n\n\n<p>A constata\u00e7\u00e3o \u00e9 inequ\u00edvoca: \u00c1frica \u00e9 imensa e ultrapassa largamente as grandes pot\u00eancias mundiais em termos de superf\u00edcie. <\/p>\n\n\n\n<p>No entanto, <strong>o seu tamanho \u00e9 frequentemente subestimado devido a representa\u00e7\u00f5es cartogr\u00e1ficas imprecisas e estere\u00f3tipos associados ao continente<\/strong>.<\/p>\n\n\n\n<h2 class=\"wp-block-heading\" id=\"h-les-erreurs-de-repr-sentation-cartographique-de-la-taille-de-l-afrique\">Erros na representa\u00e7\u00e3o cartogr\u00e1fica do tamanho da \u00c1frica<\/h2>\n\n\n\n<p>A principal causa desses erros vem da proje\u00e7\u00e3o de Mercator. <strong>Uma t\u00e9cnica cartogr\u00e1fica que remonta ao s\u00e9culo XVI e que tem sido amplamente utilizada at\u00e9 aos dias de hoje.<\/strong> <\/p>\n\n\n\n<p>Essa proje\u00e7\u00e3o distorce as propor\u00e7\u00f5es e d\u00e1 a impress\u00e3o de que os continentes s\u00e3o menores do que realmente s\u00e3o.<\/p>\n\n\n\n<h3 class=\"wp-block-heading\" id=\"h-un-exemple-loquent-la-comparaison-avec-les-tats-unis\">Um exemplo eloquente: a compara\u00e7\u00e3o com os Estados Unidos<\/h3>\n\n\n\n<p>Para perceber essa distor\u00e7\u00e3o, basta sobrepor o mapa da \u00c1frica ao dos Estados Unidos:<\/p>\n\n\n\n<ul class=\"wp-block-list\">\n<li><strong>Nas latitudes equatoriais<\/strong>, a \u00c1frica \u00e9 duas vezes maior do que os Estados Unidos.<\/li>\n\n\n\n<li><strong>Nas latitudes temperadas<\/strong>, a \u00c1frica \u00e9 tr\u00eas vezes maior do que os Estados Unidos.<\/li>\n<\/ul>\n\n\n\n<p>Na realidade, a superf\u00edcie da \u00c1frica representa mais do que o triplo da dos Estados Unidos. Trata-se, portanto, de um erro monumental, que contribui para minimizar a import\u00e2ncia do continente africano na cena internacional.<\/p>\n\n\n\n<h2 class=\"wp-block-heading\" id=\"h-les-cons-quences-de-ces-repr-sentations-erron-es\">As consequ\u00eancias dessas representa\u00e7\u00f5es erradas<\/h2>\n\n\n\n<p>Essa subestima\u00e7\u00e3o do tamanho de \u00c1frica tem impactos consider\u00e1veis na nossa perce\u00e7\u00e3o do mundo e nas rela\u00e7\u00f5es entre os pa\u00edses. Entre essas consequ\u00eancias, podemos citar:<\/p>\n\n\n\n<ul class=\"wp-block-list\">\n<li><strong>A invisibiliza\u00e7\u00e3o das quest\u00f5es pol\u00edticas, econ\u00f3micas e ambientais<\/strong>\u00a0: ao reduzir o tamanho do continente, minimiza-se tamb\u00e9m a import\u00e2ncia dos desafios que ele deve enfrentar.<\/li>\n\n\n\n<li><strong>O refor\u00e7o dos estere\u00f3tipos<\/strong>\u00a0: esta vis\u00e3o redutora de \u00c1frica contribui para veicular clich\u00e9s simplistas e errados sobre a sua popula\u00e7\u00e3o, a sua hist\u00f3ria e as suas culturas.<\/li>\n\n\n\n<li><strong>Um desconhecimento da diversidade africana<\/strong>\u00a0: ao ignorar a realidade geogr\u00e1fica do continente, perdemos a sua incr\u00edvel riqueza cultural, lingu\u00edstica e ambiental.<\/li>\n<\/ul>\n\n\n\n<h2 class=\"wp-block-heading\" id=\"h-reconna-tre-la-vraie-taille-de-l-afrique-pour-mieux-comprendre-le-monde\">Reconhecer o verdadeiro tamanho de \u00c1frica para compreender melhor o mundo<\/h2>\n\n\n\n<p>\u00c9 hora de mudar a nossa vis\u00e3o sobre a \u00c1frica e reconhecer a sua verdadeira dimens\u00e3o. <strong>Isso para fazer justi\u00e7a a ele e compreender melhor os desafios globais.<\/strong> Para tal, eis algumas pistas a explorar:<\/p>\n\n\n\n<ul class=\"wp-block-list\">\n<li>Utilizar representa\u00e7\u00f5es cartogr\u00e1ficas mais precisas, como a proje\u00e7\u00e3o de Peters ou a proje\u00e7\u00e3o equivalente de Mollweide, que respeitam melhor as propor\u00e7\u00f5es entre os continentes.<\/li>\n\n\n\n<li><strong>Educar as popula\u00e7\u00f5es sobre a realidade geogr\u00e1fica de \u00c1frica<\/strong>\u00a0: ensinar o tamanho real do continente nas escolas, integrar essa informa\u00e7\u00e3o nos meios de comunica\u00e7\u00e3o e nos suportes de comunica\u00e7\u00e3o, etc.<\/li>\n\n\n\n<li><strong>Promover a coopera\u00e7\u00e3o e o interc\u00e2mbio entre os pa\u00edses africanos e o resto do mundo<\/strong>\u00a0: promover o com\u00e9rcio intra-africano, apoiar iniciativas culturais e cient\u00edficas, incentivar parcerias internacionais, etc.<\/li>\n<\/ul>\n\n\n\n<p>Ao tomar consci\u00eancia do verdadeiro tamanho de \u00c1frica, <strong>estaremos mais bem posicionados para compreender os desafios que<\/strong> ela deve enfrentar e trabalhar em conjunto para construir um mundo mais equilibrado e solid\u00e1rio. <\/p>\n\n\n\n<p>Ent\u00e3o, n\u00e3o espere mais para partilhar esta informa\u00e7\u00e3o com os seus amigos e familiares e assim contribuir para mudar mentalidades!<\/p>","protected":false},"excerpt":{"rendered":"<p>\u00c1frica, este continente multifacetado, \u00e9 frequentemente subestimado em termos de superf\u00edcie e diversidade. Vamos revelar-lhe aqui a verdadeira dimens\u00e3o de \u00c1frica, um n\u00famero muito superior ao que se poderia imaginar. Prepare-se para ficar surpreendido! Um continente com uma superf\u00edcie gigantesca Sabia que a superf\u00edcie total de \u00c1frica \u00e9 de 30,37 [\u2026]","protected":false},"author":1,"featured_media":5458,"comment_status":"closed","ping_status":"closed","sticky":false,"template":"","format":"standard","meta":{"footnotes":""},"categories":[1],"tags":[],"class_list":["post-5457","post","type-post","status-publish","format-standard","has-post-thumbnail","hentry","category-divers"],"yoast_head":"<!-- This site is optimized with the Yoast SEO plugin v26.6 - https:\/\/yoast.com\/wordpress\/plugins\/seo\/ -->\n<title>Taille de l\u2019Afrique I D\u00e9couvrez sa superficie r\u00e9elle dans cet article<\/title>\n<meta name=\"description\" content=\"Nous allons vous r\u00e9v\u00e9ler ici la\u00a0vraie taille de l\u2019Afrique, un chiffre bien plus \u00e9lev\u00e9 que ce que l\u2019on pourrait imaginer. Pr\u00e9parez-vous !\" \/>\n<meta name=\"robots\" content=\"index, follow, max-snippet:-1, max-image-preview:large, max-video-preview:-1\" \/>\n<link rel=\"canonical\" href=\"https:\/\/www.safinel.fr\/pt\/o-verdadeiro-tamanho-da-africa\/\" \/>\n<meta property=\"og:locale\" content=\"pt_PT\" \/>\n<meta property=\"og:type\" content=\"article\" \/>\n<meta property=\"og:title\" content=\"Taille de l\u2019Afrique I D\u00e9couvrez sa superficie r\u00e9elle dans cet article\" \/>\n<meta property=\"og:description\" content=\"Nous allons vous r\u00e9v\u00e9ler ici la\u00a0vraie taille de l\u2019Afrique, un chiffre bien plus \u00e9lev\u00e9 que ce que l\u2019on pourrait imaginer. Pr\u00e9parez-vous !\" \/>\n<meta property=\"og:url\" content=\"https:\/\/www.safinel.fr\/pt\/o-verdadeiro-tamanho-da-africa\/\" \/>\n<meta property=\"og:site_name\" content=\"Safinel\" \/>\n<meta property=\"article:published_time\" content=\"2023-04-12T15:36:44+00:00\" \/>\n<meta property=\"article:modified_time\" content=\"2023-04-12T15:36:46+00:00\" \/>\n<meta property=\"og:image\" content=\"https:\/\/www.safinel.fr\/wp-content\/uploads\/2023\/04\/la-vraie-taille-de-lafrique.jpg\" \/>\n\t<meta property=\"og:image:width\" content=\"1100\" \/>\n\t<meta property=\"og:image:height\" content=\"578\" \/>\n\t<meta property=\"og:image:type\" content=\"image\/jpeg\" \/>\n<meta name=\"author\" content=\"Boutique Safinel\" \/>\n<meta name=\"twitter:card\" content=\"summary_large_image\" \/>\n<meta name=\"twitter:label1\" content=\"Escrito por\" \/>\n\t<meta name=\"twitter:data1\" content=\"Boutique Safinel\" \/>\n\t<meta name=\"twitter:label2\" content=\"Tempo estimado de leitura\" \/>\n\t<meta name=\"twitter:data2\" content=\"3 minutos\" \/>\n<script type=\"application\/ld+json\" class=\"yoast-schema-graph\">{\"@context\":\"https:\/\/schema.org\",\"@graph\":[{\"@type\":\"Article\",\"@id\":\"https:\/\/www.safinel.fr\/la-vraie-taille-de-lafrique\/#article\",\"isPartOf\":{\"@id\":\"https:\/\/www.safinel.fr\/la-vraie-taille-de-lafrique\/\"},\"author\":{\"name\":\"Boutique Safinel\",\"@id\":\"https:\/\/www.safinel.fr\/#\/schema\/person\/721a83294300152db59954bbb2f0fcc5\"},\"headline\":\"La vraie taille de l&rsquo;Afrique : une r\u00e9alit\u00e9 m\u00e9connue et surprenante\",\"datePublished\":\"2023-04-12T15:36:44+00:00\",\"dateModified\":\"2023-04-12T15:36:46+00:00\",\"mainEntityOfPage\":{\"@id\":\"https:\/\/www.safinel.fr\/la-vraie-taille-de-lafrique\/\"},\"wordCount\":644,\"publisher\":{\"@id\":\"https:\/\/www.safinel.fr\/#organization\"},\"image\":{\"@id\":\"https:\/\/www.safinel.fr\/la-vraie-taille-de-lafrique\/#primaryimage\"},\"thumbnailUrl\":\"https:\/\/www.safinel.fr\/wp-content\/uploads\/2023\/04\/la-vraie-taille-de-lafrique.jpg\",\"articleSection\":[\"Divers\"],\"inLanguage\":\"pt-PT\"},{\"@type\":\"WebPage\",\"@id\":\"https:\/\/www.safinel.fr\/la-vraie-taille-de-lafrique\/\",\"url\":\"https:\/\/www.safinel.fr\/la-vraie-taille-de-lafrique\/\",\"name\":\"Taille de l\u2019Afrique I D\u00e9couvrez sa superficie r\u00e9elle dans cet article\",\"isPartOf\":{\"@id\":\"https:\/\/www.safinel.fr\/#website\"},\"primaryImageOfPage\":{\"@id\":\"https:\/\/www.safinel.fr\/la-vraie-taille-de-lafrique\/#primaryimage\"},\"image\":{\"@id\":\"https:\/\/www.safinel.fr\/la-vraie-taille-de-lafrique\/#primaryimage\"},\"thumbnailUrl\":\"https:\/\/www.safinel.fr\/wp-content\/uploads\/2023\/04\/la-vraie-taille-de-lafrique.jpg\",\"datePublished\":\"2023-04-12T15:36:44+00:00\",\"dateModified\":\"2023-04-12T15:36:46+00:00\",\"description\":\"Nous allons vous r\u00e9v\u00e9ler ici la\u00a0vraie taille de l\u2019Afrique, un chiffre bien plus \u00e9lev\u00e9 que ce que l\u2019on pourrait imaginer. Pr\u00e9parez-vous !\",\"breadcrumb\":{\"@id\":\"https:\/\/www.safinel.fr\/la-vraie-taille-de-lafrique\/#breadcrumb\"},\"inLanguage\":\"pt-PT\",\"potentialAction\":[{\"@type\":\"ReadAction\",\"target\":[\"https:\/\/www.safinel.fr\/la-vraie-taille-de-lafrique\/\"]}]},{\"@type\":\"ImageObject\",\"inLanguage\":\"pt-PT\",\"@id\":\"https:\/\/www.safinel.fr\/la-vraie-taille-de-lafrique\/#primaryimage\",\"url\":\"https:\/\/www.safinel.fr\/wp-content\/uploads\/2023\/04\/la-vraie-taille-de-lafrique.jpg\",\"contentUrl\":\"https:\/\/www.safinel.fr\/wp-content\/uploads\/2023\/04\/la-vraie-taille-de-lafrique.jpg\",\"width\":1100,\"height\":578,\"caption\":\"La vraie taille de l'Afrique : une r\u00e9alit\u00e9 m\u00e9connue et surprenante\"},{\"@type\":\"BreadcrumbList\",\"@id\":\"https:\/\/www.safinel.fr\/la-vraie-taille-de-lafrique\/#breadcrumb\",\"itemListElement\":[{\"@type\":\"ListItem\",\"position\":1,\"name\":\"Accueil\",\"item\":\"https:\/\/www.safinel.fr\/\"},{\"@type\":\"ListItem\",\"position\":2,\"name\":\"La vraie taille de l&#8217;Afrique : une r\u00e9alit\u00e9 m\u00e9connue et surprenante\"}]},{\"@type\":\"WebSite\",\"@id\":\"https:\/\/www.safinel.fr\/#website\",\"url\":\"https:\/\/www.safinel.fr\/\",\"name\":\"Safinel\",\"description\":\"\",\"publisher\":{\"@id\":\"https:\/\/www.safinel.fr\/#organization\"},\"potentialAction\":[{\"@type\":\"SearchAction\",\"target\":{\"@type\":\"EntryPoint\",\"urlTemplate\":\"https:\/\/www.safinel.fr\/?s={search_term_string}\"},\"query-input\":{\"@type\":\"PropertyValueSpecification\",\"valueRequired\":true,\"valueName\":\"search_term_string\"}}],\"inLanguage\":\"pt-PT\"},{\"@type\":\"Organization\",\"@id\":\"https:\/\/www.safinel.fr\/#organization\",\"name\":\"Safinel\",\"url\":\"https:\/\/www.safinel.fr\/\",\"logo\":{\"@type\":\"ImageObject\",\"inLanguage\":\"pt-PT\",\"@id\":\"https:\/\/www.safinel.fr\/#\/schema\/logo\/image\/\",\"url\":\"https:\/\/www.safinel.fr\/wp-content\/uploads\/2021\/05\/boutique-cosmetique.png\",\"contentUrl\":\"https:\/\/www.safinel.fr\/wp-content\/uploads\/2021\/05\/boutique-cosmetique.png\",\"width\":800,\"height\":200,\"caption\":\"Safinel\"},\"image\":{\"@id\":\"https:\/\/www.safinel.fr\/#\/schema\/logo\/image\/\"}},{\"@type\":\"Person\",\"@id\":\"https:\/\/www.safinel.fr\/#\/schema\/person\/721a83294300152db59954bbb2f0fcc5\",\"name\":\"Boutique Safinel\",\"image\":{\"@type\":\"ImageObject\",\"inLanguage\":\"pt-PT\",\"@id\":\"https:\/\/www.safinel.fr\/#\/schema\/person\/image\/\",\"url\":\"https:\/\/secure.gravatar.com\/avatar\/f68981bb0c0938d0f69d6a4651de60c9260d8f0f22d18b1520c25e25d86b5057?s=96&d=mm&r=g\",\"contentUrl\":\"https:\/\/secure.gravatar.com\/avatar\/f68981bb0c0938d0f69d6a4651de60c9260d8f0f22d18b1520c25e25d86b5057?s=96&d=mm&r=g\",\"caption\":\"Boutique Safinel\"},\"sameAs\":[\"https:\/\/www.safinel.fr\"],\"url\":\"https:\/\/www.safinel.fr\/pt\/author\/boutique-safinel\/\"}]}<\/script>\n<!-- \/ Yoast SEO plugin. -->","yoast_head_json":{"title":"Tamanho de \u00c1frica I Descubra a sua \u00e1rea real neste artigo","description":"Vamos revelar aqui o verdadeiro tamanho de \u00c1frica, um n\u00famero muito maior do que se poderia imaginar. Prepare-se!","robots":{"index":"index","follow":"follow","max-snippet":"max-snippet:-1","max-image-preview":"max-image-preview:large","max-video-preview":"max-video-preview:-1"},"canonical":"https:\/\/www.safinel.fr\/pt\/o-verdadeiro-tamanho-da-africa\/","og_locale":"pt_PT","og_type":"article","og_title":"Taille de l\u2019Afrique I D\u00e9couvrez sa superficie r\u00e9elle dans cet article","og_description":"Nous allons vous r\u00e9v\u00e9ler ici la\u00a0vraie taille de l\u2019Afrique, un chiffre bien plus \u00e9lev\u00e9 que ce que l\u2019on pourrait imaginer. Pr\u00e9parez-vous !","og_url":"https:\/\/www.safinel.fr\/pt\/o-verdadeiro-tamanho-da-africa\/","og_site_name":"Safinel","article_published_time":"2023-04-12T15:36:44+00:00","article_modified_time":"2023-04-12T15:36:46+00:00","og_image":[{"width":1100,"height":578,"url":"https:\/\/www.safinel.fr\/wp-content\/uploads\/2023\/04\/la-vraie-taille-de-lafrique.jpg","type":"image\/jpeg"}],"author":"Boutique Safinel","twitter_card":"summary_large_image","twitter_misc":{"Escrito por":"Boutique Safinel","Tempo estimado de leitura":"3 minutos"},"schema":{"@context":"https:\/\/schema.org","@graph":[{"@type":"Article","@id":"https:\/\/www.safinel.fr\/la-vraie-taille-de-lafrique\/#article","isPartOf":{"@id":"https:\/\/www.safinel.fr\/la-vraie-taille-de-lafrique\/"},"author":{"name":"Boutique Safinel","@id":"https:\/\/www.safinel.fr\/#\/schema\/person\/721a83294300152db59954bbb2f0fcc5"},"headline":"La vraie taille de l&rsquo;Afrique : une r\u00e9alit\u00e9 m\u00e9connue et surprenante","datePublished":"2023-04-12T15:36:44+00:00","dateModified":"2023-04-12T15:36:46+00:00","mainEntityOfPage":{"@id":"https:\/\/www.safinel.fr\/la-vraie-taille-de-lafrique\/"},"wordCount":644,"publisher":{"@id":"https:\/\/www.safinel.fr\/#organization"},"image":{"@id":"https:\/\/www.safinel.fr\/la-vraie-taille-de-lafrique\/#primaryimage"},"thumbnailUrl":"https:\/\/www.safinel.fr\/wp-content\/uploads\/2023\/04\/la-vraie-taille-de-lafrique.jpg","articleSection":["Divers"],"inLanguage":"pt-PT"},{"@type":"WebPage","@id":"https:\/\/www.safinel.fr\/la-vraie-taille-de-lafrique\/","url":"https:\/\/www.safinel.fr\/la-vraie-taille-de-lafrique\/","name":"Tamanho de \u00c1frica I Descubra a sua \u00e1rea real neste artigo","isPartOf":{"@id":"https:\/\/www.safinel.fr\/#website"},"primaryImageOfPage":{"@id":"https:\/\/www.safinel.fr\/la-vraie-taille-de-lafrique\/#primaryimage"},"image":{"@id":"https:\/\/www.safinel.fr\/la-vraie-taille-de-lafrique\/#primaryimage"},"thumbnailUrl":"https:\/\/www.safinel.fr\/wp-content\/uploads\/2023\/04\/la-vraie-taille-de-lafrique.jpg","datePublished":"2023-04-12T15:36:44+00:00","dateModified":"2023-04-12T15:36:46+00:00","description":"Vamos revelar aqui o verdadeiro tamanho de \u00c1frica, um n\u00famero muito maior do que se poderia imaginar. Prepare-se!","breadcrumb":{"@id":"https:\/\/www.safinel.fr\/la-vraie-taille-de-lafrique\/#breadcrumb"},"inLanguage":"pt-PT","potentialAction":[{"@type":"ReadAction","target":["https:\/\/www.safinel.fr\/la-vraie-taille-de-lafrique\/"]}]},{"@type":"ImageObject","inLanguage":"pt-PT","@id":"https:\/\/www.safinel.fr\/la-vraie-taille-de-lafrique\/#primaryimage","url":"https:\/\/www.safinel.fr\/wp-content\/uploads\/2023\/04\/la-vraie-taille-de-lafrique.jpg","contentUrl":"https:\/\/www.safinel.fr\/wp-content\/uploads\/2023\/04\/la-vraie-taille-de-lafrique.jpg","width":1100,"height":578,"caption":"La vraie taille de l'Afrique : une r\u00e9alit\u00e9 m\u00e9connue et surprenante"},{"@type":"BreadcrumbList","@id":"https:\/\/www.safinel.fr\/la-vraie-taille-de-lafrique\/#breadcrumb","itemListElement":[{"@type":"ListItem","position":1,"name":"Accueil","item":"https:\/\/www.safinel.fr\/"},{"@type":"ListItem","position":2,"name":"La vraie taille de l&#8217;Afrique : une r\u00e9alit\u00e9 m\u00e9connue et surprenante"}]},{"@type":"WebSite","@id":"https:\/\/www.safinel.fr\/#website","url":"https:\/\/www.safinel.fr\/","name":"Safinel","description":"","publisher":{"@id":"https:\/\/www.safinel.fr\/#organization"},"potentialAction":[{"@type":"SearchAction","target":{"@type":"EntryPoint","urlTemplate":"https:\/\/www.safinel.fr\/?s={search_term_string}"},"query-input":{"@type":"PropertyValueSpecification","valueRequired":true,"valueName":"search_term_string"}}],"inLanguage":"pt-PT"},{"@type":"Organization","@id":"https:\/\/www.safinel.fr\/#organization","name":"Safinel","url":"https:\/\/www.safinel.fr\/","logo":{"@type":"ImageObject","inLanguage":"pt-PT","@id":"https:\/\/www.safinel.fr\/#\/schema\/logo\/image\/","url":"https:\/\/www.safinel.fr\/wp-content\/uploads\/2021\/05\/boutique-cosmetique.png","contentUrl":"https:\/\/www.safinel.fr\/wp-content\/uploads\/2021\/05\/boutique-cosmetique.png","width":800,"height":200,"caption":"Safinel"},"image":{"@id":"https:\/\/www.safinel.fr\/#\/schema\/logo\/image\/"}},{"@type":"Person","@id":"https:\/\/www.safinel.fr\/#\/schema\/person\/721a83294300152db59954bbb2f0fcc5","name":"Loja Safinel","image":{"@type":"ImageObject","inLanguage":"pt-PT","@id":"https:\/\/www.safinel.fr\/#\/schema\/person\/image\/","url":"https:\/\/secure.gravatar.com\/avatar\/f68981bb0c0938d0f69d6a4651de60c9260d8f0f22d18b1520c25e25d86b5057?s=96&d=mm&r=g","contentUrl":"https:\/\/secure.gravatar.com\/avatar\/f68981bb0c0938d0f69d6a4651de60c9260d8f0f22d18b1520c25e25d86b5057?s=96&d=mm&r=g","caption":"Boutique Safinel"},"sameAs":["https:\/\/www.safinel.fr"],"url":"https:\/\/www.safinel.fr\/pt\/author\/boutique-safinel\/"}]}},"_links":{"self":[{"href":"https:\/\/www.safinel.fr\/pt\/wp-json\/wp\/v2\/posts\/5457","targetHints":{"allow":["GET"]}}],"collection":[{"href":"https:\/\/www.safinel.fr\/pt\/wp-json\/wp\/v2\/posts"}],"about":[{"href":"https:\/\/www.safinel.fr\/pt\/wp-json\/wp\/v2\/types\/post"}],"author":[{"embeddable":true,"href":"https:\/\/www.safinel.fr\/pt\/wp-json\/wp\/v2\/users\/1"}],"replies":[{"embeddable":true,"href":"https:\/\/www.safinel.fr\/pt\/wp-json\/wp\/v2\/comments?post=5457"}],"version-history":[{"count":1,"href":"https:\/\/www.safinel.fr\/pt\/wp-json\/wp\/v2\/posts\/5457\/revisions"}],"predecessor-version":[{"id":5459,"href":"https:\/\/www.safinel.fr\/pt\/wp-json\/wp\/v2\/posts\/5457\/revisions\/5459"}],"wp:featuredmedia":[{"embeddable":true,"href":"https:\/\/www.safinel.fr\/pt\/wp-json\/wp\/v2\/media\/5458"}],"wp:attachment":[{"href":"https:\/\/www.safinel.fr\/pt\/wp-json\/wp\/v2\/media?parent=5457"}],"wp:term":[{"taxonomy":"category","embeddable":true,"href":"https:\/\/www.safinel.fr\/pt\/wp-json\/wp\/v2\/categories?post=5457"},{"taxonomy":"post_tag","embeddable":true,"href":"https:\/\/www.safinel.fr\/pt\/wp-json\/wp\/v2\/tags?post=5457"}],"curies":[{"name":"wp","href":"https:\/\/api.w.org\/{rel}","templated":true}]}}