{"id":5318,"date":"2023-04-06T05:42:28","date_gmt":"2023-04-06T05:42:28","guid":{"rendered":"https:\/\/www.safinel.fr\/?p=5318"},"modified":"2023-04-06T05:42:30","modified_gmt":"2023-04-06T05:42:30","slug":"receita-nojenta-do-mali","status":"publish","type":"post","link":"https:\/\/www.safinel.fr\/pt\/receita-nojenta-do-mali\/","title":{"rendered":"O d\u00e9gu\u00e9: descubra este prato tradicional e a sua receita aut\u00eantica do Mali"},"content":{"rendered":"<p>Neste artigo, vamos apresentar-lhe um\u00a0<strong>pratos tradicionais do Mali<\/strong>\u00a0que tamb\u00e9m conquistou v\u00e1rios outros pa\u00edses da regi\u00e3o da \u00c1frica Ocidental, como o Senegal. Trata-se do\u00a0<strong>delegado<\/strong>, um prato doce \u00e0 base de milho e iogurte, muito apreciado pelo seu sabor e consist\u00eancia \u00fanicos. <\/p>\n\n\n\n<p>Aqui encontrar\u00e1 o\u2019<strong>hist\u00f3ria das origens do d\u00e9gu\u00e9<\/strong>, bem como uma\u00a0<strong>receita de degustar<\/strong>\u00a0aut\u00eantico, vindo diretamente do Mali.<\/p>\n\n\n\n<h2 class=\"wp-block-heading\" id=\"h-les-origines-du-plat-d-gu\">As origens do prato d\u00e9gu\u00e9<\/h2>\n\n\n\n<p>Antes de apresentar a receita do d\u00e9gu\u00e9 do Mali, \u00e9 importante compreender as origens deste prato t\u00e3o saboroso e apreciado pela grande maioria das pessoas na regi\u00e3o da \u00c1frica Ocidental.<\/p>\n\n\n\n<h3 class=\"wp-block-heading\" id=\"h-un-mets-issu-d-un-h-ritage-culturel-riche\">Um prato proveniente de uma rica heran\u00e7a cultural<\/h3>\n\n\n\n<p>O d\u00e9gu\u00e9 tem as suas ra\u00edzes na tradi\u00e7\u00e3o culin\u00e1ria do povo Bambara, uma etnia maiorit\u00e1ria no Mali. Os Bambaras s\u00e3o conhecidos pelo seu rico patrim\u00f3nio cultural e pelas suas in\u00fameras contribui\u00e7\u00f5es para a arte, a m\u00fasica e a gastronomia maliana. O d\u00e9gu\u00e9 \u00e9, portanto, fruto dessa hist\u00f3ria e faz parte integrante da identidade culin\u00e1ria do pa\u00eds.<\/p>\n\n\n\n<h3 class=\"wp-block-heading\" id=\"h-la-popularisation-du-d-gu-dans-la-r-gion-ouest-africaine\">A populariza\u00e7\u00e3o do d\u00e9gu\u00e9 na regi\u00e3o da \u00c1frica Ocidental<\/h3>\n\n\n\n<p>Ao longo dos s\u00e9culos, este prato tradicional espalhou-se progressivamente pelos pa\u00edses vizinhos, nomeadamente pelo Senegal. Este fen\u00f3meno de populariza\u00e7\u00e3o deve-se, em grande parte, \u00e0s migra\u00e7\u00f5es e \u00e0s trocas comerciais entre os diferentes povos da regi\u00e3o da \u00c1frica Ocidental.<\/p>\n\n\n\n<h3 class=\"wp-block-heading\" id=\"h-un-plat-embl-matique-de-la-cuisine-malienne\">Um prato emblem\u00e1tico da cozinha maliana<\/h3>\n\n\n\n<p>Hoje, o d\u00e9gu\u00e9 \u00e9 considerado um verdadeiro s\u00edmbolo da gastronomia maliana. \u00c9 frequentemente servido em grandes ocasi\u00f5es e cerim\u00f3nias religiosas, mas tamb\u00e9m consumido diariamente pela grande maioria da popula\u00e7\u00e3o. A sua prepara\u00e7\u00e3o e degusta\u00e7\u00e3o tornaram-se um verdadeiro ritual para os malianos, que v\u00eaem nele uma forte liga\u00e7\u00e3o com a sua cultura e hist\u00f3ria.<\/p>\n\n\n\n<h2 class=\"wp-block-heading\" id=\"h-la-recette-d-gu-au-mali-comment-pr-parer-ce-d-licieux-plat-traditionnel\">A receita do d\u00e9gue no Mali: como preparar este delicioso prato tradicional?<\/h2>\n\n\n\n<p>Agora que j\u00e1 conhece as origens do d\u00e9gu\u00e9, \u00e9 hora de descobrir como preparar esta saborosa especialidade maliana. Aqui est\u00e1 uma receita aut\u00eantica de d\u00e9gu\u00e9, feita com ingredientes simples e f\u00e1ceis de encontrar.<\/p>\n\n\n\n<h3 class=\"wp-block-heading\" id=\"h-ingr-dients-n-cessaires\">Ingredientes necess\u00e1rios<\/h3>\n\n\n\n<ul class=\"wp-block-list\">\n<li>250 g de milho finamente mo\u00eddo (tamb\u00e9m chamado de gr\u00e3o de cuscuz)<\/li>\n\n\n\n<li>1 litro de iogurte natural<\/li>\n\n\n\n<li>250 ml de natas l\u00edquidas<\/li>\n\n\n\n<li>150 g de a\u00e7\u00facar<\/li>\n\n\n\n<li>100 g de passas<\/li>\n\n\n\n<li>50 g de coco ralado<\/li>\n\n\n\n<li>1 colher de sopa de baunilha l\u00edquida<\/li>\n\n\n\n<li>1 pitada de sal<\/li>\n<\/ul>\n\n\n\n<h3 class=\"wp-block-heading\" id=\"h-pr-paration-du-d-gu\">Prepara\u00e7\u00e3o do degu\u00ea<\/h3>\n\n\n\n<ol class=\"wp-block-list\">\n<li>Primeiro, lave o milho em \u00e1gua fria e escorra-o num coador fino.<\/li>\n\n\n\n<li>Em seguida, ferva \u00e1gua numa panela e mergulhe o milho nela durante 5 minutos. Escorra e deixe arrefecer.<\/li>\n\n\n\n<li>Numa saladeira grande, misture o iogurte natural com as natas l\u00edquidas, o a\u00e7\u00facar, o coco ralado, a baunilha l\u00edquida e uma pitada de sal.<\/li>\n\n\n\n<li>Em seguida, adicione o milho cozido e as passas e misture bem para que todos os ingredientes fiquem bem incorporados.<\/li>\n\n\n\n<li>Cubra a saladeira e reserve no frigor\u00edfico durante pelo menos 2 horas. Isto para que o molho adquira uma consist\u00eancia firme e cremosa.<\/li>\n\n\n\n<li>Para servir, pode apresentar o d\u00e9gu\u00e9 em ta\u00e7as individuais ou numa travessa grande. Adicione algumas frutas frescas por cima para uma apresenta\u00e7\u00e3o bonita e um toque extra de frescura.<\/li>\n<\/ol>\n\n\n\n<h2 class=\"wp-block-heading\" id=\"h-le-d-gu-un-plat-aux-variantes-multiples\">O d\u00e9gu\u00e9: um prato com m\u00faltiplas varia\u00e7\u00f5es<\/h2>\n\n\n\n<p>Embora a receita apresentada acima seja a tradicionalmente preparada no Mali, existem muitas outras varia\u00e7\u00f5es.\u00a0<strong>variantes deste prato<\/strong>\u00a0dependendo do pa\u00eds e da regi\u00e3o. <\/p>\n\n\n\n<p>Na verdade, cada fam\u00edlia tem a sua pr\u00f3pria vers\u00e3o do d\u00e9gu\u00e9, dependendo dos seus gostos e dos ingredientes dispon\u00edveis.<\/p>\n\n\n\n<h3 class=\"wp-block-heading\" id=\"h-des-recettes-sucr-es-et-sal-es\">Receitas doces e salgadas<\/h3>\n\n\n\n<p>Al\u00e9m da receita tradicional do Mali \u00e0 base de milho e iogurte, tamb\u00e9m se encontram\u00a0<strong>vers\u00f5es salgadas<\/strong>, especialmente no Senegal, onde \u00e0s vezes \u00e9 preparado com peixe seco ou fumado e legumes. <\/p>\n\n\n\n<p>Da mesma forma, algumas pessoas optam por uma prepara\u00e7\u00e3o mais doce, adicionando <strong><a href=\"https:\/\/www.safinel.fr\/pt\/product-category-2\/apicultura\/\">mel<\/a><\/strong>, xarope de \u00e1cer ou a\u00e7\u00facar mascavado.<\/p>\n\n\n\n<h3 class=\"wp-block-heading\" id=\"h-les-variantes-locales-du-d-gu\">As variantes locais do d\u00e9gu\u00e9<\/h3>\n\n\n\n<p>Dependendo da regi\u00e3o, pode ser feito com diferentes cereais, como sorgo, fonio ou arroz. <\/p>\n\n\n\n<p>Tamb\u00e9m \u00e9 comum variar os frutos secos e as especiarias utilizados na receita, como os <strong><a href=\"https:\/\/www.miel-imperial.com\/27-dattes\" target=\"_blank\" rel=\"noreferrer noopener\">t\u00e2maras<\/a><\/strong>, am\u00eandoas, canela ou ainda noz-moscada.<\/p>\n\n\n\n<p>Independentemente da vers\u00e3o que escolher realizar,\u00a0<strong>o degustador<\/strong>\u00a0continuar\u00e1 a ser um prato saboroso e aut\u00eantico. Este prato ir\u00e1 deliciar o paladar dos seus convidados e permitir-lhes descobrir toda a riqueza da cozinha maliana. <\/p>\n\n\n\n<p>Ent\u00e3o n\u00e3o hesite em come\u00e7ar a preparar esta receita.\u00a0<strong>receita t\u00edpica do Mali<\/strong>, e deixe-se levar pelos seus sabores incompar\u00e1veis!<\/p>","protected":false},"excerpt":{"rendered":"<p>Neste artigo, vamos apresentar-lhe um prato tradicional do Mali que tamb\u00e9m conquistou v\u00e1rios outros pa\u00edses da regi\u00e3o da \u00c1frica Ocidental, como o Senegal. Trata-se do d\u00e9gu\u00e9, um prato doce \u00e0 base de milho e iogurte, muito apreciado pelo seu sabor e consist\u00eancia \u00fanicos. Aqui encontrar\u00e1 a hist\u00f3ria das origens do [\u2026]","protected":false},"author":1,"featured_media":5319,"comment_status":"closed","ping_status":"closed","sticky":false,"template":"","format":"standard","meta":{"footnotes":""},"categories":[1],"tags":[],"class_list":["post-5318","post","type-post","status-publish","format-standard","has-post-thumbnail","hentry","category-divers"],"yoast_head":"<!-- This site is optimized with the Yoast SEO plugin v26.6 - https:\/\/yoast.com\/wordpress\/plugins\/seo\/ -->\n<title>D\u00e9gu\u00e9 du Mali I Recette authentique \u00e0 d\u00e9couvrir en ligne<\/title>\n<meta name=\"description\" content=\"Avant de vous pr\u00e9senter la recette d\u00e9gu\u00e9 au Mali, il est important de comprendre les origines de ce plat. Tour d&#039;horizon\" \/>\n<meta name=\"robots\" content=\"index, follow, max-snippet:-1, max-image-preview:large, max-video-preview:-1\" \/>\n<link rel=\"canonical\" href=\"https:\/\/www.safinel.fr\/pt\/receita-nojenta-do-mali\/\" \/>\n<meta property=\"og:locale\" content=\"pt_PT\" \/>\n<meta property=\"og:type\" content=\"article\" \/>\n<meta property=\"og:title\" content=\"D\u00e9gu\u00e9 du Mali I Recette authentique \u00e0 d\u00e9couvrir en ligne\" \/>\n<meta property=\"og:description\" content=\"Avant de vous pr\u00e9senter la recette d\u00e9gu\u00e9 au Mali, il est important de comprendre les origines de ce plat. Tour d&#039;horizon\" \/>\n<meta property=\"og:url\" content=\"https:\/\/www.safinel.fr\/pt\/receita-nojenta-do-mali\/\" \/>\n<meta property=\"og:site_name\" content=\"Safinel\" \/>\n<meta property=\"article:published_time\" content=\"2023-04-06T05:42:28+00:00\" \/>\n<meta property=\"article:modified_time\" content=\"2023-04-06T05:42:30+00:00\" \/>\n<meta property=\"og:image\" content=\"https:\/\/www.safinel.fr\/wp-content\/uploads\/2023\/04\/recette-degue-.jpg\" \/>\n\t<meta property=\"og:image:width\" content=\"1100\" \/>\n\t<meta property=\"og:image:height\" content=\"578\" \/>\n\t<meta property=\"og:image:type\" content=\"image\/jpeg\" \/>\n<meta name=\"author\" content=\"Boutique Safinel\" \/>\n<meta name=\"twitter:card\" content=\"summary_large_image\" \/>\n<meta name=\"twitter:label1\" content=\"Escrito por\" \/>\n\t<meta name=\"twitter:data1\" content=\"Boutique Safinel\" \/>\n\t<meta name=\"twitter:label2\" content=\"Tempo estimado de leitura\" \/>\n\t<meta name=\"twitter:data2\" content=\"4 minutos\" \/>\n<script type=\"application\/ld+json\" class=\"yoast-schema-graph\">{\"@context\":\"https:\/\/schema.org\",\"@graph\":[{\"@type\":\"Article\",\"@id\":\"https:\/\/www.safinel.fr\/recette-degue-du-mali\/#article\",\"isPartOf\":{\"@id\":\"https:\/\/www.safinel.fr\/recette-degue-du-mali\/\"},\"author\":{\"name\":\"Boutique Safinel\",\"@id\":\"https:\/\/www.safinel.fr\/#\/schema\/person\/721a83294300152db59954bbb2f0fcc5\"},\"headline\":\"Le d\u00e9gu\u00e9 : d\u00e9couvrez ce plat traditionnel et sa recette authentique du Mali\",\"datePublished\":\"2023-04-06T05:42:28+00:00\",\"dateModified\":\"2023-04-06T05:42:30+00:00\",\"mainEntityOfPage\":{\"@id\":\"https:\/\/www.safinel.fr\/recette-degue-du-mali\/\"},\"wordCount\":870,\"publisher\":{\"@id\":\"https:\/\/www.safinel.fr\/#organization\"},\"image\":{\"@id\":\"https:\/\/www.safinel.fr\/recette-degue-du-mali\/#primaryimage\"},\"thumbnailUrl\":\"https:\/\/www.safinel.fr\/wp-content\/uploads\/2023\/04\/recette-degue-.jpg\",\"articleSection\":[\"Divers\"],\"inLanguage\":\"pt-PT\"},{\"@type\":\"WebPage\",\"@id\":\"https:\/\/www.safinel.fr\/recette-degue-du-mali\/\",\"url\":\"https:\/\/www.safinel.fr\/recette-degue-du-mali\/\",\"name\":\"D\u00e9gu\u00e9 du Mali I Recette authentique \u00e0 d\u00e9couvrir en ligne\",\"isPartOf\":{\"@id\":\"https:\/\/www.safinel.fr\/#website\"},\"primaryImageOfPage\":{\"@id\":\"https:\/\/www.safinel.fr\/recette-degue-du-mali\/#primaryimage\"},\"image\":{\"@id\":\"https:\/\/www.safinel.fr\/recette-degue-du-mali\/#primaryimage\"},\"thumbnailUrl\":\"https:\/\/www.safinel.fr\/wp-content\/uploads\/2023\/04\/recette-degue-.jpg\",\"datePublished\":\"2023-04-06T05:42:28+00:00\",\"dateModified\":\"2023-04-06T05:42:30+00:00\",\"description\":\"Avant de vous pr\u00e9senter la recette d\u00e9gu\u00e9 au Mali, il est important de comprendre les origines de ce plat. Tour d'horizon\",\"breadcrumb\":{\"@id\":\"https:\/\/www.safinel.fr\/recette-degue-du-mali\/#breadcrumb\"},\"inLanguage\":\"pt-PT\",\"potentialAction\":[{\"@type\":\"ReadAction\",\"target\":[\"https:\/\/www.safinel.fr\/recette-degue-du-mali\/\"]}]},{\"@type\":\"ImageObject\",\"inLanguage\":\"pt-PT\",\"@id\":\"https:\/\/www.safinel.fr\/recette-degue-du-mali\/#primaryimage\",\"url\":\"https:\/\/www.safinel.fr\/wp-content\/uploads\/2023\/04\/recette-degue-.jpg\",\"contentUrl\":\"https:\/\/www.safinel.fr\/wp-content\/uploads\/2023\/04\/recette-degue-.jpg\",\"width\":1100,\"height\":578,\"caption\":\"Le d\u00e9gu\u00e9 : d\u00e9couvrez ce plat traditionnel et sa recette authentique du Mali\"},{\"@type\":\"BreadcrumbList\",\"@id\":\"https:\/\/www.safinel.fr\/recette-degue-du-mali\/#breadcrumb\",\"itemListElement\":[{\"@type\":\"ListItem\",\"position\":1,\"name\":\"Accueil\",\"item\":\"https:\/\/www.safinel.fr\/\"},{\"@type\":\"ListItem\",\"position\":2,\"name\":\"Le d\u00e9gu\u00e9 : d\u00e9couvrez ce plat traditionnel et sa recette authentique du Mali\"}]},{\"@type\":\"WebSite\",\"@id\":\"https:\/\/www.safinel.fr\/#website\",\"url\":\"https:\/\/www.safinel.fr\/\",\"name\":\"Safinel\",\"description\":\"\",\"publisher\":{\"@id\":\"https:\/\/www.safinel.fr\/#organization\"},\"potentialAction\":[{\"@type\":\"SearchAction\",\"target\":{\"@type\":\"EntryPoint\",\"urlTemplate\":\"https:\/\/www.safinel.fr\/?s={search_term_string}\"},\"query-input\":{\"@type\":\"PropertyValueSpecification\",\"valueRequired\":true,\"valueName\":\"search_term_string\"}}],\"inLanguage\":\"pt-PT\"},{\"@type\":\"Organization\",\"@id\":\"https:\/\/www.safinel.fr\/#organization\",\"name\":\"Safinel\",\"url\":\"https:\/\/www.safinel.fr\/\",\"logo\":{\"@type\":\"ImageObject\",\"inLanguage\":\"pt-PT\",\"@id\":\"https:\/\/www.safinel.fr\/#\/schema\/logo\/image\/\",\"url\":\"https:\/\/www.safinel.fr\/wp-content\/uploads\/2021\/05\/boutique-cosmetique.png\",\"contentUrl\":\"https:\/\/www.safinel.fr\/wp-content\/uploads\/2021\/05\/boutique-cosmetique.png\",\"width\":800,\"height\":200,\"caption\":\"Safinel\"},\"image\":{\"@id\":\"https:\/\/www.safinel.fr\/#\/schema\/logo\/image\/\"}},{\"@type\":\"Person\",\"@id\":\"https:\/\/www.safinel.fr\/#\/schema\/person\/721a83294300152db59954bbb2f0fcc5\",\"name\":\"Boutique Safinel\",\"image\":{\"@type\":\"ImageObject\",\"inLanguage\":\"pt-PT\",\"@id\":\"https:\/\/www.safinel.fr\/#\/schema\/person\/image\/\",\"url\":\"https:\/\/secure.gravatar.com\/avatar\/f68981bb0c0938d0f69d6a4651de60c9260d8f0f22d18b1520c25e25d86b5057?s=96&d=mm&r=g\",\"contentUrl\":\"https:\/\/secure.gravatar.com\/avatar\/f68981bb0c0938d0f69d6a4651de60c9260d8f0f22d18b1520c25e25d86b5057?s=96&d=mm&r=g\",\"caption\":\"Boutique Safinel\"},\"sameAs\":[\"https:\/\/www.safinel.fr\"],\"url\":\"https:\/\/www.safinel.fr\/pt\/author\/boutique-safinel\/\"}]}<\/script>\n<!-- \/ Yoast SEO plugin. -->","yoast_head_json":{"title":"D\u00e9gu\u00e9 do Mali I Receita aut\u00eantica para descobrir online","description":"Antes de apresentar a receita do d\u00e9gu\u00e9 no Mali, \u00e9 importante compreender as origens deste prato. Vis\u00e3o geral","robots":{"index":"index","follow":"follow","max-snippet":"max-snippet:-1","max-image-preview":"max-image-preview:large","max-video-preview":"max-video-preview:-1"},"canonical":"https:\/\/www.safinel.fr\/pt\/receita-nojenta-do-mali\/","og_locale":"pt_PT","og_type":"article","og_title":"D\u00e9gu\u00e9 du Mali I Recette authentique \u00e0 d\u00e9couvrir en ligne","og_description":"Avant de vous pr\u00e9senter la recette d\u00e9gu\u00e9 au Mali, il est important de comprendre les origines de ce plat. Tour d'horizon","og_url":"https:\/\/www.safinel.fr\/pt\/receita-nojenta-do-mali\/","og_site_name":"Safinel","article_published_time":"2023-04-06T05:42:28+00:00","article_modified_time":"2023-04-06T05:42:30+00:00","og_image":[{"width":1100,"height":578,"url":"https:\/\/www.safinel.fr\/wp-content\/uploads\/2023\/04\/recette-degue-.jpg","type":"image\/jpeg"}],"author":"Boutique Safinel","twitter_card":"summary_large_image","twitter_misc":{"Escrito por":"Boutique Safinel","Tempo estimado de leitura":"4 minutos"},"schema":{"@context":"https:\/\/schema.org","@graph":[{"@type":"Article","@id":"https:\/\/www.safinel.fr\/recette-degue-du-mali\/#article","isPartOf":{"@id":"https:\/\/www.safinel.fr\/recette-degue-du-mali\/"},"author":{"name":"Boutique Safinel","@id":"https:\/\/www.safinel.fr\/#\/schema\/person\/721a83294300152db59954bbb2f0fcc5"},"headline":"Le d\u00e9gu\u00e9 : d\u00e9couvrez ce plat traditionnel et sa recette authentique du Mali","datePublished":"2023-04-06T05:42:28+00:00","dateModified":"2023-04-06T05:42:30+00:00","mainEntityOfPage":{"@id":"https:\/\/www.safinel.fr\/recette-degue-du-mali\/"},"wordCount":870,"publisher":{"@id":"https:\/\/www.safinel.fr\/#organization"},"image":{"@id":"https:\/\/www.safinel.fr\/recette-degue-du-mali\/#primaryimage"},"thumbnailUrl":"https:\/\/www.safinel.fr\/wp-content\/uploads\/2023\/04\/recette-degue-.jpg","articleSection":["Divers"],"inLanguage":"pt-PT"},{"@type":"WebPage","@id":"https:\/\/www.safinel.fr\/recette-degue-du-mali\/","url":"https:\/\/www.safinel.fr\/recette-degue-du-mali\/","name":"D\u00e9gu\u00e9 do Mali I Receita aut\u00eantica para descobrir online","isPartOf":{"@id":"https:\/\/www.safinel.fr\/#website"},"primaryImageOfPage":{"@id":"https:\/\/www.safinel.fr\/recette-degue-du-mali\/#primaryimage"},"image":{"@id":"https:\/\/www.safinel.fr\/recette-degue-du-mali\/#primaryimage"},"thumbnailUrl":"https:\/\/www.safinel.fr\/wp-content\/uploads\/2023\/04\/recette-degue-.jpg","datePublished":"2023-04-06T05:42:28+00:00","dateModified":"2023-04-06T05:42:30+00:00","description":"Antes de apresentar a receita do d\u00e9gu\u00e9 no Mali, \u00e9 importante compreender as origens deste prato. Vis\u00e3o geral","breadcrumb":{"@id":"https:\/\/www.safinel.fr\/recette-degue-du-mali\/#breadcrumb"},"inLanguage":"pt-PT","potentialAction":[{"@type":"ReadAction","target":["https:\/\/www.safinel.fr\/recette-degue-du-mali\/"]}]},{"@type":"ImageObject","inLanguage":"pt-PT","@id":"https:\/\/www.safinel.fr\/recette-degue-du-mali\/#primaryimage","url":"https:\/\/www.safinel.fr\/wp-content\/uploads\/2023\/04\/recette-degue-.jpg","contentUrl":"https:\/\/www.safinel.fr\/wp-content\/uploads\/2023\/04\/recette-degue-.jpg","width":1100,"height":578,"caption":"Le d\u00e9gu\u00e9 : d\u00e9couvrez ce plat traditionnel et sa recette authentique du Mali"},{"@type":"BreadcrumbList","@id":"https:\/\/www.safinel.fr\/recette-degue-du-mali\/#breadcrumb","itemListElement":[{"@type":"ListItem","position":1,"name":"Accueil","item":"https:\/\/www.safinel.fr\/"},{"@type":"ListItem","position":2,"name":"Le d\u00e9gu\u00e9 : d\u00e9couvrez ce plat traditionnel et sa recette authentique du Mali"}]},{"@type":"WebSite","@id":"https:\/\/www.safinel.fr\/#website","url":"https:\/\/www.safinel.fr\/","name":"Safinel","description":"","publisher":{"@id":"https:\/\/www.safinel.fr\/#organization"},"potentialAction":[{"@type":"SearchAction","target":{"@type":"EntryPoint","urlTemplate":"https:\/\/www.safinel.fr\/?s={search_term_string}"},"query-input":{"@type":"PropertyValueSpecification","valueRequired":true,"valueName":"search_term_string"}}],"inLanguage":"pt-PT"},{"@type":"Organization","@id":"https:\/\/www.safinel.fr\/#organization","name":"Safinel","url":"https:\/\/www.safinel.fr\/","logo":{"@type":"ImageObject","inLanguage":"pt-PT","@id":"https:\/\/www.safinel.fr\/#\/schema\/logo\/image\/","url":"https:\/\/www.safinel.fr\/wp-content\/uploads\/2021\/05\/boutique-cosmetique.png","contentUrl":"https:\/\/www.safinel.fr\/wp-content\/uploads\/2021\/05\/boutique-cosmetique.png","width":800,"height":200,"caption":"Safinel"},"image":{"@id":"https:\/\/www.safinel.fr\/#\/schema\/logo\/image\/"}},{"@type":"Person","@id":"https:\/\/www.safinel.fr\/#\/schema\/person\/721a83294300152db59954bbb2f0fcc5","name":"Loja Safinel","image":{"@type":"ImageObject","inLanguage":"pt-PT","@id":"https:\/\/www.safinel.fr\/#\/schema\/person\/image\/","url":"https:\/\/secure.gravatar.com\/avatar\/f68981bb0c0938d0f69d6a4651de60c9260d8f0f22d18b1520c25e25d86b5057?s=96&d=mm&r=g","contentUrl":"https:\/\/secure.gravatar.com\/avatar\/f68981bb0c0938d0f69d6a4651de60c9260d8f0f22d18b1520c25e25d86b5057?s=96&d=mm&r=g","caption":"Boutique Safinel"},"sameAs":["https:\/\/www.safinel.fr"],"url":"https:\/\/www.safinel.fr\/pt\/author\/boutique-safinel\/"}]}},"_links":{"self":[{"href":"https:\/\/www.safinel.fr\/pt\/wp-json\/wp\/v2\/posts\/5318","targetHints":{"allow":["GET"]}}],"collection":[{"href":"https:\/\/www.safinel.fr\/pt\/wp-json\/wp\/v2\/posts"}],"about":[{"href":"https:\/\/www.safinel.fr\/pt\/wp-json\/wp\/v2\/types\/post"}],"author":[{"embeddable":true,"href":"https:\/\/www.safinel.fr\/pt\/wp-json\/wp\/v2\/users\/1"}],"replies":[{"embeddable":true,"href":"https:\/\/www.safinel.fr\/pt\/wp-json\/wp\/v2\/comments?post=5318"}],"version-history":[{"count":1,"href":"https:\/\/www.safinel.fr\/pt\/wp-json\/wp\/v2\/posts\/5318\/revisions"}],"predecessor-version":[{"id":5320,"href":"https:\/\/www.safinel.fr\/pt\/wp-json\/wp\/v2\/posts\/5318\/revisions\/5320"}],"wp:featuredmedia":[{"embeddable":true,"href":"https:\/\/www.safinel.fr\/pt\/wp-json\/wp\/v2\/media\/5319"}],"wp:attachment":[{"href":"https:\/\/www.safinel.fr\/pt\/wp-json\/wp\/v2\/media?parent=5318"}],"wp:term":[{"taxonomy":"category","embeddable":true,"href":"https:\/\/www.safinel.fr\/pt\/wp-json\/wp\/v2\/categories?post=5318"},{"taxonomy":"post_tag","embeddable":true,"href":"https:\/\/www.safinel.fr\/pt\/wp-json\/wp\/v2\/tags?post=5318"}],"curies":[{"name":"wp","href":"https:\/\/api.w.org\/{rel}","templated":true}]}}