{"id":3258,"date":"2022-10-21T18:43:27","date_gmt":"2022-10-21T18:43:27","guid":{"rendered":"https:\/\/www.safinel.fr\/?p=3258"},"modified":"2022-10-21T18:43:31","modified_gmt":"2022-10-21T18:43:31","slug":"deserto-africano","status":"publish","type":"post","link":"https:\/\/www.safinel.fr\/pt\/deserto-africano\/","title":{"rendered":"Vis\u00e3o geral do deserto africano"},"content":{"rendered":"<p>Hoje convidamo-lo a fazer um<strong>&nbsp;vis\u00e3o geral do deserto africano<\/strong>. Quando se fala&nbsp;<strong>deserto africano<\/strong>, pensamos nomeadamente no&nbsp;<strong>Saara<\/strong>. Extremamente famoso, n\u00e3o \u00e9, no entanto, o \u00fanico local des\u00e9rtico do continente. Vamos descobrir algumas descobertas extraordin\u00e1rias e conhecer a fauna e a flora circundantes...<\/p>\n\n\n\n<h2 class=\"wp-block-heading\" id=\"h-le-d-sert-africain-l-image-de-son-continent-une-perle-de-la-nature\"><strong>O deserto africano \u00e0 imagem do seu continente: uma p\u00e9rola da natureza&nbsp;<\/strong><\/h2>\n\n\n\n<p>Frequentemente referido como o deserto africano, o&nbsp;<strong>Saara<\/strong>&nbsp;est\u00e1 obviamente no topo da lista. O Saara... um nome que faz sonhar, marcado por um certo mist\u00e9rio, e que d\u00e1 vontade de ser descoberto! \u00c9 preciso dizer que este imenso<strong>&nbsp;local deserto&nbsp;<\/strong>\u00e9 o mais emblem\u00e1tico e conhecido do mundo! Ali\u00e1s, faz parte dos&nbsp;<strong>Os 10 desertos mais bonitos do planeta<\/strong>, nada menos que isso!  Al\u00e9m disso, \u00e9 o maior do mundo, com mais de 8 milh\u00f5es de quil\u00f3metros quadrados, e estende-se por 10 pa\u00edses, da Maurit\u00e2nia ao Sud\u00e3o.<\/p>\n\n\n\n<p>O deserto branco, localizado no Egito, a oeste do Nilo, tamb\u00e9m faz parte do Saara. Ele tem esse nome porque tem a particularidade de apresentar uma cor muito clara, quase como se estivesse coberto por uma camada de neve branca. Isso se deve ao giz presente no solo, que, moldado pelo vento, cria esculturas t\u00e3o misteriosas quanto deslumbrantes.<\/p>\n\n\n\n<p>Al\u00e9m disso, podemos citar o&nbsp;<strong>deserto do Namibe,&nbsp;<\/strong>localizado na Nam\u00edbia, pa\u00eds que, ali\u00e1s, adotou o nome deste. \u00c9 considerado como sendo<strong>&nbsp;o mais antigo do mundo.&nbsp;<\/strong>Ele est\u00e1 classificado como Patrim\u00f3nio Mundial da UNESCO desde 2013.<\/p>\n\n\n\n<h3 class=\"wp-block-heading\"><strong>Por fim, o deserto africano tamb\u00e9m \u00e9:<\/strong><\/h3>\n\n\n\n<ul class=\"wp-block-list\"><li>o Kahalari, que atravessa o Botswana, a \u00c1frica do Sul e a Nam\u00edbia<\/li><li>Grande Bara e pequeno Bar, em Djibuti&nbsp;<\/li><li>Chalbi, no Qu\u00e9nia&nbsp;<\/li><li>Lompoul, no Senegal&nbsp;<\/li><\/ul>\n\n\n\n<h2 class=\"wp-block-heading\"><strong>Que animais podem ser encontrados no deserto africano?&nbsp;<\/strong><\/h2>\n\n\n\n<p>Paisagem at\u00edpica, calor sufocante, sol escaldante e raras extens\u00f5es de \u00e1gua... Durante o dia, as temperaturas podem atingir os 54 \u00b0C. Quanto \u00e0 noite, o clima tamb\u00e9m \u00e9 dif\u00edcil, devido \u00e0s geadas noturnas. Sem contar as tempestades de areia e as raras chuvas torrenciais que podem cair. \u00c0 primeira vista, nada indica a presen\u00e7a de animais e insetos. No entanto, a vida est\u00e1 bem presente no deserto africano.<\/p>\n\n\n\n<p>Assim, \u00e9 poss\u00edvel encontrar muitas esp\u00e9cies de animais incr\u00edveis, algumas das quais tiveram de se adaptar ao longo da evolu\u00e7\u00e3o e conseguiram faz\u00ea-lo.<\/p>\n\n\n\n<ul class=\"wp-block-list\"><li>O Fennec&nbsp;<\/li><li>O escorpi\u00e3o Leiurus quinquestriatus, que, ali\u00e1s, \u00e9 uma das esp\u00e9cies mais venenosas do mundo.&nbsp;<\/li><li>Gazela&nbsp;<\/li><li>V\u00edbora das areias, tamb\u00e9m conhecida como v\u00edbora com chifres&nbsp;<\/li><li>Camelo&nbsp;<\/li><li>Varan&nbsp;<\/li><li>Addax&nbsp;<\/li><li>Ou, finalmente, a jerbo das estepes&nbsp;<\/li><\/ul>\n\n\n\n<h3 class=\"wp-block-heading\"><strong>E quanto \u00e0s plantas?&nbsp;<\/strong><\/h3>\n\n\n\n<p>Onde h\u00e1 fauna, h\u00e1 inevitavelmente flora. Por isso, encontram-se algumas esp\u00e9cies de plantas no deserto africano:<\/p>\n\n\n\n<ul class=\"wp-block-list\"><li>Acacia\u00a0<\/li><li><strong><a href=\"https:\/\/www.safinel.fr\/pt\/product-2\/mel-de-daghmous\/\">Euphorbia<\/a><\/strong>\u00a0<\/li><li>Coloquinte\u00a0<\/li><li>Artem\u00edsia\u00a0<\/li><li>Palmeira-d\u00e1til<\/li><li>Repolhos do deserto\u00a0<\/li><li>Tamaris<\/li><li>Camomila selvagem\u00a0<\/li><\/ul>\n\n\n\n<p>Obviamente, todas estas listas n\u00e3o s\u00e3o exaustivas, e muitas outras esp\u00e9cies de animais e plantas poderiam ser adicionadas. De facto, a natureza tem muito a nos ensinar, e sempre nos maravilharemos com cada descoberta...<\/p>","protected":false},"excerpt":{"rendered":"<p>Hoje convidamo-lo a fazer uma viagem pelo deserto africano. Quando falamos do deserto africano, pensamos principalmente no Saara. Extremamente famoso, ele n\u00e3o \u00e9, no entanto, o \u00fanico local des\u00e9rtico do continente. Vamos descobrir algumas descobertas extraordin\u00e1rias e conhecer a fauna e a flora circundantes... O deserto africano \u00e0 imagem [...]","protected":false},"author":156,"featured_media":3259,"comment_status":"closed","ping_status":"closed","sticky":false,"template":"","format":"standard","meta":{"footnotes":""},"categories":[1],"tags":[],"class_list":["post-3258","post","type-post","status-publish","format-standard","has-post-thumbnail","hentry","category-divers"],"yoast_head":"<!-- This site is optimized with the Yoast SEO plugin v26.6 - https:\/\/yoast.com\/wordpress\/plugins\/seo\/ -->\n<title>D\u00e9sert africain I Tour d\u2019horizon dans cet article<\/title>\n<meta name=\"description\" content=\"On vous invite aujourd\u2019hui \u00e0 faire un tour d\u2019horizon sur le d\u00e9sert africain. Quand on parle d\u00e9sert d\u2019Afrique, on pense notamment au Sahara.\" \/>\n<meta name=\"robots\" content=\"index, follow, max-snippet:-1, max-image-preview:large, max-video-preview:-1\" \/>\n<link rel=\"canonical\" href=\"https:\/\/www.safinel.fr\/pt\/deserto-africano\/\" \/>\n<meta property=\"og:locale\" content=\"pt_PT\" \/>\n<meta property=\"og:type\" content=\"article\" \/>\n<meta property=\"og:title\" content=\"D\u00e9sert africain I Tour d\u2019horizon dans cet article\" \/>\n<meta property=\"og:description\" content=\"On vous invite aujourd\u2019hui \u00e0 faire un tour d\u2019horizon sur le d\u00e9sert africain. Quand on parle d\u00e9sert d\u2019Afrique, on pense notamment au Sahara.\" \/>\n<meta property=\"og:url\" content=\"https:\/\/www.safinel.fr\/pt\/deserto-africano\/\" \/>\n<meta property=\"og:site_name\" content=\"Safinel\" \/>\n<meta property=\"article:published_time\" content=\"2022-10-21T18:43:27+00:00\" \/>\n<meta property=\"article:modified_time\" content=\"2022-10-21T18:43:31+00:00\" \/>\n<meta property=\"og:image\" content=\"https:\/\/www.safinel.fr\/wp-content\/uploads\/2022\/10\/Tour-dhorizon-sur-le-de\u0301sert-africain-.jpg\" \/>\n\t<meta property=\"og:image:width\" content=\"1100\" \/>\n\t<meta property=\"og:image:height\" content=\"578\" \/>\n\t<meta property=\"og:image:type\" content=\"image\/jpeg\" \/>\n<meta name=\"author\" content=\"Naj\" \/>\n<meta name=\"twitter:card\" content=\"summary_large_image\" \/>\n<meta name=\"twitter:label1\" content=\"Escrito por\" \/>\n\t<meta name=\"twitter:data1\" content=\"Naj\" \/>\n\t<meta name=\"twitter:label2\" content=\"Tempo estimado de leitura\" \/>\n\t<meta name=\"twitter:data2\" content=\"3 minutos\" \/>\n<script type=\"application\/ld+json\" class=\"yoast-schema-graph\">{\"@context\":\"https:\/\/schema.org\",\"@graph\":[{\"@type\":\"Article\",\"@id\":\"https:\/\/www.safinel.fr\/desert-africain\/#article\",\"isPartOf\":{\"@id\":\"https:\/\/www.safinel.fr\/desert-africain\/\"},\"author\":{\"name\":\"Naj\",\"@id\":\"https:\/\/www.safinel.fr\/#\/schema\/person\/47f7357f8aa8a41a796811d3f8a3e055\"},\"headline\":\"Tour d\u2019horizon sur le d\u00e9sert africain\",\"datePublished\":\"2022-10-21T18:43:27+00:00\",\"dateModified\":\"2022-10-21T18:43:31+00:00\",\"mainEntityOfPage\":{\"@id\":\"https:\/\/www.safinel.fr\/desert-africain\/\"},\"wordCount\":613,\"publisher\":{\"@id\":\"https:\/\/www.safinel.fr\/#organization\"},\"image\":{\"@id\":\"https:\/\/www.safinel.fr\/desert-africain\/#primaryimage\"},\"thumbnailUrl\":\"https:\/\/www.safinel.fr\/wp-content\/uploads\/2022\/10\/Tour-dhorizon-sur-le-de\u0301sert-africain-.jpg\",\"articleSection\":[\"Divers\"],\"inLanguage\":\"pt-PT\"},{\"@type\":\"WebPage\",\"@id\":\"https:\/\/www.safinel.fr\/desert-africain\/\",\"url\":\"https:\/\/www.safinel.fr\/desert-africain\/\",\"name\":\"D\u00e9sert africain I Tour d\u2019horizon dans cet article\",\"isPartOf\":{\"@id\":\"https:\/\/www.safinel.fr\/#website\"},\"primaryImageOfPage\":{\"@id\":\"https:\/\/www.safinel.fr\/desert-africain\/#primaryimage\"},\"image\":{\"@id\":\"https:\/\/www.safinel.fr\/desert-africain\/#primaryimage\"},\"thumbnailUrl\":\"https:\/\/www.safinel.fr\/wp-content\/uploads\/2022\/10\/Tour-dhorizon-sur-le-de\u0301sert-africain-.jpg\",\"datePublished\":\"2022-10-21T18:43:27+00:00\",\"dateModified\":\"2022-10-21T18:43:31+00:00\",\"description\":\"On vous invite aujourd\u2019hui \u00e0 faire un tour d\u2019horizon sur le d\u00e9sert africain. Quand on parle d\u00e9sert d\u2019Afrique, on pense notamment au Sahara.\",\"breadcrumb\":{\"@id\":\"https:\/\/www.safinel.fr\/desert-africain\/#breadcrumb\"},\"inLanguage\":\"pt-PT\",\"potentialAction\":[{\"@type\":\"ReadAction\",\"target\":[\"https:\/\/www.safinel.fr\/desert-africain\/\"]}]},{\"@type\":\"ImageObject\",\"inLanguage\":\"pt-PT\",\"@id\":\"https:\/\/www.safinel.fr\/desert-africain\/#primaryimage\",\"url\":\"https:\/\/www.safinel.fr\/wp-content\/uploads\/2022\/10\/Tour-dhorizon-sur-le-de\u0301sert-africain-.jpg\",\"contentUrl\":\"https:\/\/www.safinel.fr\/wp-content\/uploads\/2022\/10\/Tour-dhorizon-sur-le-de\u0301sert-africain-.jpg\",\"width\":1100,\"height\":578,\"caption\":\"Tour d\u2019horizon sur le d\u00e9sert africain\"},{\"@type\":\"BreadcrumbList\",\"@id\":\"https:\/\/www.safinel.fr\/desert-africain\/#breadcrumb\",\"itemListElement\":[{\"@type\":\"ListItem\",\"position\":1,\"name\":\"Accueil\",\"item\":\"https:\/\/www.safinel.fr\/\"},{\"@type\":\"ListItem\",\"position\":2,\"name\":\"Tour d\u2019horizon sur le d\u00e9sert africain\"}]},{\"@type\":\"WebSite\",\"@id\":\"https:\/\/www.safinel.fr\/#website\",\"url\":\"https:\/\/www.safinel.fr\/\",\"name\":\"Safinel\",\"description\":\"\",\"publisher\":{\"@id\":\"https:\/\/www.safinel.fr\/#organization\"},\"potentialAction\":[{\"@type\":\"SearchAction\",\"target\":{\"@type\":\"EntryPoint\",\"urlTemplate\":\"https:\/\/www.safinel.fr\/?s={search_term_string}\"},\"query-input\":{\"@type\":\"PropertyValueSpecification\",\"valueRequired\":true,\"valueName\":\"search_term_string\"}}],\"inLanguage\":\"pt-PT\"},{\"@type\":\"Organization\",\"@id\":\"https:\/\/www.safinel.fr\/#organization\",\"name\":\"Safinel\",\"url\":\"https:\/\/www.safinel.fr\/\",\"logo\":{\"@type\":\"ImageObject\",\"inLanguage\":\"pt-PT\",\"@id\":\"https:\/\/www.safinel.fr\/#\/schema\/logo\/image\/\",\"url\":\"https:\/\/www.safinel.fr\/wp-content\/uploads\/2021\/05\/boutique-cosmetique.png\",\"contentUrl\":\"https:\/\/www.safinel.fr\/wp-content\/uploads\/2021\/05\/boutique-cosmetique.png\",\"width\":800,\"height\":200,\"caption\":\"Safinel\"},\"image\":{\"@id\":\"https:\/\/www.safinel.fr\/#\/schema\/logo\/image\/\"}},{\"@type\":\"Person\",\"@id\":\"https:\/\/www.safinel.fr\/#\/schema\/person\/47f7357f8aa8a41a796811d3f8a3e055\",\"name\":\"Naj\",\"image\":{\"@type\":\"ImageObject\",\"inLanguage\":\"pt-PT\",\"@id\":\"https:\/\/www.safinel.fr\/#\/schema\/person\/image\/\",\"url\":\"https:\/\/secure.gravatar.com\/avatar\/5c0fa4f0bce748d4964b7d68e4b0ee1d8e3120edba58a55893ced967bd2093b5?s=96&d=mm&r=g\",\"contentUrl\":\"https:\/\/secure.gravatar.com\/avatar\/5c0fa4f0bce748d4964b7d68e4b0ee1d8e3120edba58a55893ced967bd2093b5?s=96&d=mm&r=g\",\"caption\":\"Naj\"},\"url\":\"https:\/\/www.safinel.fr\/pt\/author\/naj\/\"}]}<\/script>\n<!-- \/ Yoast SEO plugin. -->","yoast_head_json":{"title":"Deserto africano I Vis\u00e3o geral neste artigo","description":"Hoje convidamo-lo a fazer uma viagem pelo deserto africano. Quando falamos do deserto africano, pensamos principalmente no Saara.","robots":{"index":"index","follow":"follow","max-snippet":"max-snippet:-1","max-image-preview":"max-image-preview:large","max-video-preview":"max-video-preview:-1"},"canonical":"https:\/\/www.safinel.fr\/pt\/deserto-africano\/","og_locale":"pt_PT","og_type":"article","og_title":"D\u00e9sert africain I Tour d\u2019horizon dans cet article","og_description":"On vous invite aujourd\u2019hui \u00e0 faire un tour d\u2019horizon sur le d\u00e9sert africain. Quand on parle d\u00e9sert d\u2019Afrique, on pense notamment au Sahara.","og_url":"https:\/\/www.safinel.fr\/pt\/deserto-africano\/","og_site_name":"Safinel","article_published_time":"2022-10-21T18:43:27+00:00","article_modified_time":"2022-10-21T18:43:31+00:00","og_image":[{"width":1100,"height":578,"url":"https:\/\/www.safinel.fr\/wp-content\/uploads\/2022\/10\/Tour-dhorizon-sur-le-de\u0301sert-africain-.jpg","type":"image\/jpeg"}],"author":"Naj","twitter_card":"summary_large_image","twitter_misc":{"Escrito por":"Naj","Tempo estimado de leitura":"3 minutos"},"schema":{"@context":"https:\/\/schema.org","@graph":[{"@type":"Article","@id":"https:\/\/www.safinel.fr\/desert-africain\/#article","isPartOf":{"@id":"https:\/\/www.safinel.fr\/desert-africain\/"},"author":{"name":"Naj","@id":"https:\/\/www.safinel.fr\/#\/schema\/person\/47f7357f8aa8a41a796811d3f8a3e055"},"headline":"Tour d\u2019horizon sur le d\u00e9sert africain","datePublished":"2022-10-21T18:43:27+00:00","dateModified":"2022-10-21T18:43:31+00:00","mainEntityOfPage":{"@id":"https:\/\/www.safinel.fr\/desert-africain\/"},"wordCount":613,"publisher":{"@id":"https:\/\/www.safinel.fr\/#organization"},"image":{"@id":"https:\/\/www.safinel.fr\/desert-africain\/#primaryimage"},"thumbnailUrl":"https:\/\/www.safinel.fr\/wp-content\/uploads\/2022\/10\/Tour-dhorizon-sur-le-de\u0301sert-africain-.jpg","articleSection":["Divers"],"inLanguage":"pt-PT"},{"@type":"WebPage","@id":"https:\/\/www.safinel.fr\/desert-africain\/","url":"https:\/\/www.safinel.fr\/desert-africain\/","name":"Deserto africano I Vis\u00e3o geral neste artigo","isPartOf":{"@id":"https:\/\/www.safinel.fr\/#website"},"primaryImageOfPage":{"@id":"https:\/\/www.safinel.fr\/desert-africain\/#primaryimage"},"image":{"@id":"https:\/\/www.safinel.fr\/desert-africain\/#primaryimage"},"thumbnailUrl":"https:\/\/www.safinel.fr\/wp-content\/uploads\/2022\/10\/Tour-dhorizon-sur-le-de\u0301sert-africain-.jpg","datePublished":"2022-10-21T18:43:27+00:00","dateModified":"2022-10-21T18:43:31+00:00","description":"Hoje convidamo-lo a fazer uma viagem pelo deserto africano. Quando falamos do deserto africano, pensamos principalmente no Saara.","breadcrumb":{"@id":"https:\/\/www.safinel.fr\/desert-africain\/#breadcrumb"},"inLanguage":"pt-PT","potentialAction":[{"@type":"ReadAction","target":["https:\/\/www.safinel.fr\/desert-africain\/"]}]},{"@type":"ImageObject","inLanguage":"pt-PT","@id":"https:\/\/www.safinel.fr\/desert-africain\/#primaryimage","url":"https:\/\/www.safinel.fr\/wp-content\/uploads\/2022\/10\/Tour-dhorizon-sur-le-de\u0301sert-africain-.jpg","contentUrl":"https:\/\/www.safinel.fr\/wp-content\/uploads\/2022\/10\/Tour-dhorizon-sur-le-de\u0301sert-africain-.jpg","width":1100,"height":578,"caption":"Tour d\u2019horizon sur le d\u00e9sert africain"},{"@type":"BreadcrumbList","@id":"https:\/\/www.safinel.fr\/desert-africain\/#breadcrumb","itemListElement":[{"@type":"ListItem","position":1,"name":"Accueil","item":"https:\/\/www.safinel.fr\/"},{"@type":"ListItem","position":2,"name":"Tour d\u2019horizon sur le d\u00e9sert africain"}]},{"@type":"WebSite","@id":"https:\/\/www.safinel.fr\/#website","url":"https:\/\/www.safinel.fr\/","name":"Safinel","description":"","publisher":{"@id":"https:\/\/www.safinel.fr\/#organization"},"potentialAction":[{"@type":"SearchAction","target":{"@type":"EntryPoint","urlTemplate":"https:\/\/www.safinel.fr\/?s={search_term_string}"},"query-input":{"@type":"PropertyValueSpecification","valueRequired":true,"valueName":"search_term_string"}}],"inLanguage":"pt-PT"},{"@type":"Organization","@id":"https:\/\/www.safinel.fr\/#organization","name":"Safinel","url":"https:\/\/www.safinel.fr\/","logo":{"@type":"ImageObject","inLanguage":"pt-PT","@id":"https:\/\/www.safinel.fr\/#\/schema\/logo\/image\/","url":"https:\/\/www.safinel.fr\/wp-content\/uploads\/2021\/05\/boutique-cosmetique.png","contentUrl":"https:\/\/www.safinel.fr\/wp-content\/uploads\/2021\/05\/boutique-cosmetique.png","width":800,"height":200,"caption":"Safinel"},"image":{"@id":"https:\/\/www.safinel.fr\/#\/schema\/logo\/image\/"}},{"@type":"Person","@id":"https:\/\/www.safinel.fr\/#\/schema\/person\/47f7357f8aa8a41a796811d3f8a3e055","name":"Naj","image":{"@type":"ImageObject","inLanguage":"pt-PT","@id":"https:\/\/www.safinel.fr\/#\/schema\/person\/image\/","url":"https:\/\/secure.gravatar.com\/avatar\/5c0fa4f0bce748d4964b7d68e4b0ee1d8e3120edba58a55893ced967bd2093b5?s=96&d=mm&r=g","contentUrl":"https:\/\/secure.gravatar.com\/avatar\/5c0fa4f0bce748d4964b7d68e4b0ee1d8e3120edba58a55893ced967bd2093b5?s=96&d=mm&r=g","caption":"Naj"},"url":"https:\/\/www.safinel.fr\/pt\/author\/naj\/"}]}},"_links":{"self":[{"href":"https:\/\/www.safinel.fr\/pt\/wp-json\/wp\/v2\/posts\/3258","targetHints":{"allow":["GET"]}}],"collection":[{"href":"https:\/\/www.safinel.fr\/pt\/wp-json\/wp\/v2\/posts"}],"about":[{"href":"https:\/\/www.safinel.fr\/pt\/wp-json\/wp\/v2\/types\/post"}],"author":[{"embeddable":true,"href":"https:\/\/www.safinel.fr\/pt\/wp-json\/wp\/v2\/users\/156"}],"replies":[{"embeddable":true,"href":"https:\/\/www.safinel.fr\/pt\/wp-json\/wp\/v2\/comments?post=3258"}],"version-history":[{"count":1,"href":"https:\/\/www.safinel.fr\/pt\/wp-json\/wp\/v2\/posts\/3258\/revisions"}],"predecessor-version":[{"id":3260,"href":"https:\/\/www.safinel.fr\/pt\/wp-json\/wp\/v2\/posts\/3258\/revisions\/3260"}],"wp:featuredmedia":[{"embeddable":true,"href":"https:\/\/www.safinel.fr\/pt\/wp-json\/wp\/v2\/media\/3259"}],"wp:attachment":[{"href":"https:\/\/www.safinel.fr\/pt\/wp-json\/wp\/v2\/media?parent=3258"}],"wp:term":[{"taxonomy":"category","embeddable":true,"href":"https:\/\/www.safinel.fr\/pt\/wp-json\/wp\/v2\/categories?post=3258"},{"taxonomy":"post_tag","embeddable":true,"href":"https:\/\/www.safinel.fr\/pt\/wp-json\/wp\/v2\/tags?post=3258"}],"curies":[{"name":"wp","href":"https:\/\/api.w.org\/{rel}","templated":true}]}}