{"id":14015,"date":"2024-06-14T19:46:54","date_gmt":"2024-06-14T19:46:54","guid":{"rendered":"https:\/\/www.safinel.fr\/?p=14015"},"modified":"2024-06-14T19:46:55","modified_gmt":"2024-06-14T19:46:55","slug":"tam-tam-africano","status":"publish","type":"post","link":"https:\/\/www.safinel.fr\/pt\/tam-tam-africano\/","title":{"rendered":"O tam-tam africano: a alma vibrante do continente"},"content":{"rendered":"<p>O tam-tam africano \u00e9 muito mais do que um simples instrumento musical. \u00c9 um verdadeiro <strong>s\u00edmbolo cultural e hist\u00f3rico<\/strong> que ressoa nos cora\u00e7\u00f5es e nas almas dos povos do <strong><a href=\"https:\/\/www.safinel.fr\/pt\/continente-africano\/\">continente africano<\/a><\/strong>. Herdeiro de tradi\u00e7\u00f5es milenares, o tam-tam representa simultaneamente um meio de comunica\u00e7\u00e3o, um objeto sagrado e uma parte essencial de numerosas cerim\u00f3nias e rituais. Vamos explorar juntos este universo rico e fascinante.<\/p>\n\n\n\n<h2 class=\"wp-block-heading\"><strong>Origens e simbolismo do tam-tam<\/strong><\/h2>\n\n\n\n<p>As origens do tam-tam remontam a v\u00e1rios s\u00e9culos. Utilizado por v\u00e1rias tribos e etnias em toda a \u00c1frica, este instrumento sempre desempenhou um papel central na vida quotidiana e espiritual.<\/p>\n\n\n\n<h3 class=\"wp-block-heading\"><strong>Papel na comunica\u00e7\u00e3o<\/strong><\/h3>\n\n\n\n<p>Numa \u00e9poca em que os meios de comunica\u00e7\u00e3o modernos n\u00e3o existiam, o tam-tam servia como verdadeiro <strong>telefone<\/strong>. Ao modular os sons produzidos, os percussionistas podiam enviar <strong>mensagens codificadas<\/strong> em dist\u00e2ncias consider\u00e1veis. Cada aldeia tinha o seu pr\u00f3prio c\u00f3digo, conhecido apenas pelos iniciados.<\/p>\n\n\n\n<h3 class=\"wp-block-heading\"><strong>Import\u00e2ncia ritual<\/strong><\/h3>\n\n\n\n<p>O tam-tam ocupa um lugar de destaque em muitos <strong>rituais<\/strong>. Seja em casamentos, nascimentos, funerais ou celebra\u00e7\u00f5es religiosas, ele frequentemente acompanha dan\u00e7arinos, cantores e outros artistas para criar uma atmosfera prop\u00edcia \u00e0s festividades e reflex\u00f5es espirituais.<\/p>\n\n\n\n<h3 class=\"wp-block-heading\"><strong>Representa\u00e7\u00e3o da arte africana<\/strong><\/h3>\n\n\n\n<p>Al\u00e9m da sua fun\u00e7\u00e3o musical, o tam-tam tamb\u00e9m \u00e9 um <strong>objeto de arte<\/strong>. Esculpida com cuidado e decorada com motivos tradicionais, cada pe\u00e7a conta uma hist\u00f3ria \u00fanica e reflete a identidade cultural do seu povo criador. Por exemplo, entre os Ashanti do Gana, o\u2019<em>atumpan<\/em> n\u00e3o \u00e9 apenas um instrumento, mas tamb\u00e9m uma obra-prima art\u00edstica.<\/p>\n\n\n\n<h2 class=\"wp-block-heading\"><strong>Variedades de tam-tams na \u00c1frica<\/strong><\/h2>\n\n\n\n<p>A \u00c1frica possui uma grande diversidade de tam-tams, que variam de acordo com as regi\u00f5es, culturas e usos espec\u00edficos.<\/p>\n\n\n\n<h3 class=\"wp-block-heading\"><strong>Caba\u00e7a e outros materiais<\/strong><\/h3>\n\n\n\n<p>Entre os tipos de tam-tams, encontram-se aqueles fabricados com caba\u00e7as. Este fruto seco produz um <strong>som particular<\/strong> quando \u00e9 batido. Muitos artes\u00e3os tamb\u00e9m utilizam outros materiais, como o <strong>madeira esculpida coberta com pele de animal<\/strong>, cada material oferece uma ac\u00fastica \u00fanica.<\/p>\n\n\n\n<ul class=\"wp-block-list\">\n<li><strong>Djembe:<\/strong> origin\u00e1rio da \u00c1frica Ocidental, famoso pelo seu som potente.<\/li>\n\n\n\n<li><strong>Tambor falante:<\/strong> comum em v\u00e1rios pa\u00edses da costa atl\u00e2ntica, ajusta os seus sons para imitar a tonalidade e a pros\u00f3dia da fala humana.<\/li>\n\n\n\n<li><strong>Atumpan:<\/strong> tradicionalmente utilizado pelos Ashanti para discursos reais e outros eventos importantes.<\/li>\n\n\n\n<li><strong>Bougarabou:<\/strong> popular na Guin\u00e9 e no Senegal.<\/li>\n<\/ul>\n\n\n\n<h3 class=\"wp-block-heading\"><strong>Instrumentos dos Baga<\/strong><\/h3>\n\n\n\n<p>Entre os <strong>Baga da Guin\u00e9<\/strong>, o tambor desempenha um papel central nas festas e rituais. Os Baga t\u00eam um m\u00e9todo de concep\u00e7\u00e3o \u00fanico que envolve uma escultura detalhada e a aplica\u00e7\u00e3o de pigmentos naturais para decorar os seus instrumentos.<\/p>\n\n\n\n<h2 class=\"wp-block-heading\"><strong>T\u00e9cnicas de execu\u00e7\u00e3o e estilos musicais<\/strong><\/h2>\n\n\n\n<p>O dom\u00ednio do tam-tam requer habilidade e pr\u00e1tica intensa. Os percussionistas desenvolvem t\u00e9cnicas sofisticadas para explorar todas as sutilezas sonoras do seu instrumento.<\/p>\n\n\n\n<ul class=\"wp-block-list\">\n<li><strong>T\u00e9cnicas b\u00e1sicas<\/strong><\/li>\n<\/ul>\n\n\n\n<p>Duas t\u00e9cnicas principais se destacam: o jogo com <strong>as m\u00e3os<\/strong> e aquele que utiliza <strong>pauzinhos<\/strong>. A t\u00e9cnica manual permite uma ampla varia\u00e7\u00e3o tonal, enquanto as baquetas proporcionam uma precis\u00e3o r\u00edtmica n\u00edtida e precisa.<\/p>\n\n\n\n<ul class=\"wp-block-list\">\n<li><strong>Ritmos tradicionais<\/strong><\/li>\n<\/ul>\n\n\n\n<p>Cada regi\u00e3o de \u00c1frica tem as suas pr\u00f3prias <strong>ritmos tradicionais<\/strong>. Na \u00c1frica Ocidental, por exemplo, os ritmos s\u00e3o frequentemente <strong>complexos e polirr\u00edtmicos<\/strong>. Um percussionista deve ser capaz de manter v\u00e1rios padr\u00f5es simultaneamente.<\/p>\n\n\n\n<ul class=\"wp-block-list\">\n<li><strong>Diversidade de estilos<\/strong><\/li>\n<\/ul>\n\n\n\n<p>Existem v\u00e1rios estilos associados a diferentes contextos. Por exemplo, no mundo dos griots \u2014 os bardos africanos contadores de hist\u00f3rias \u2014, o tambor \u00e9 usado para acompanhar os relatos \u00e9picos. Em outros contextos, como as capelas do vodu benin\u00eas, ele cria uma <strong>trance ritual<\/strong>.<\/p>\n\n\n\n<h2 class=\"wp-block-heading\">Colecionar tambores<\/h2>\n\n\n\n<p>Tornar-se colecionador de tam-tams pode ser emocionante. Mas \u00e9 preciso compreender as particularidades relacionadas a cada tipo e origem geogr\u00e1fica.<\/p>\n\n\n\n<h3 class=\"wp-block-heading\">Pe\u00e7as raras e aut\u00eanticas<\/h3>\n\n\n\n<p>Na busca por uma cole\u00e7\u00e3o de qualidade, priorize a aquisi\u00e7\u00e3o de <strong>pe\u00e7as raras e aut\u00eanticas<\/strong> \u00e9 essencial. Alguns tam-tams antigos tinham <strong>motivos culturais \u00fanicos<\/strong>, agora perdidos ou transformados para atender ao mercado tur\u00edstico.<\/p>\n\n\n\n<h3 class=\"wp-block-heading\">Restaurar e conservar<\/h3>\n\n\n\n<p>Outro aspeto crucial diz respeito \u00e0 restaura\u00e7\u00e3o e manuten\u00e7\u00e3o dos tam-tams. As varia\u00e7\u00f5es clim\u00e1ticas podem afetar as peles esticadas e as estruturas de madeira, o que requer <strong>conhecimentos espec\u00edficos<\/strong> para preservar a sua integridade ac\u00fastica e visual.<\/p>\n\n\n\n<h3 class=\"wp-block-heading\">Exemplo de cole\u00e7\u00f5es famosas<\/h3>\n\n\n\n<p>V\u00e1rios museus possuem cole\u00e7\u00f5es impressionantes de tam-tams, como as apresentadas no <strong>Museu Quai Branly \u2013 Jacques Chirac<\/strong> em Paris. Estas exposi\u00e7\u00f5es permitem compreender melhor a diversidade de formas e usos do patrim\u00f3nio musical africano.<\/p>\n\n\n\n<h2 class=\"wp-block-heading\">O tam-tam na cultura moderna<\/h2>\n\n\n\n<p>Hoje, o tam-tam continua a influenciar v\u00e1rios dom\u00ednios art\u00edsticos contempor\u00e2neos.<\/p>\n\n\n\n<h3 class=\"wp-block-heading\">M\u00fasica contempor\u00e2nea e fus\u00e3o<\/h3>\n\n\n\n<p>Muitos artistas modernos integram percuss\u00f5es tradicionais africanas na sua m\u00fasica, desde o <strong>jazz<\/strong> \u00e0 <strong>pop<\/strong> passando por g\u00e9neros mais experimentais. Isso apresenta as ricas texturas e ritmos africanos a um p\u00fablico mundial cada vez maior.<\/p>\n\n\n\n<h3 class=\"wp-block-heading\">Presen\u00e7a na arte<\/h3>\n\n\n\n<p>Observa-se tamb\u00e9m uma integra\u00e7\u00e3o not\u00e1vel do tam-tam em outras formas de\u2019<strong>arte contempor\u00e2nea<\/strong>. Escultores e artistas pl\u00e1sticos modernos \u00e0s vezes incorporam elementos que lembram os motivos e figuras tradicionais dos tam-tams em suas obras.<\/p>\n\n\n\n<h3 class=\"wp-block-heading\">Comemora\u00e7\u00f5es internacionais<\/h3>\n\n\n\n<p>Por fim, o tam-tam continua a ser indispens\u00e1vel durante as <strong>festivais internacionais<\/strong> dedicados \u00e0 cultura africana. Seja durante carnavais, representa\u00e7\u00f5es teatrais ou concertos, a magia vibrante do tam-tam atrai e fascina espectadores de todos os horizontes.<\/p>\n\n\n\n<h2 class=\"wp-block-heading\"><strong>Conclus\u00e3o limitativa<\/strong><\/h2>\n\n\n\n<p>O tam-tam africano encarna, portanto, uma grande riqueza sociocultural e hist\u00f3rica. As suas m\u00faltiplas facetas revelam um instrumento plural, intimamente ligado \u00e0 identidade africana. <\/p>\n\n\n\n<p>A viagem sonora e cultural que ele prop\u00f5e atravessa gera\u00e7\u00f5es e fronteiras, oferecendo a todos um contacto sensorial direto com a pr\u00f3pria ess\u00eancia do esp\u00edrito africano.<\/p>","protected":false},"excerpt":{"rendered":"<p>O tam-tam africano \u00e9 muito mais do que um simples instrumento musical. \u00c9 um verdadeiro s\u00edmbolo cultural e hist\u00f3rico que ressoa nos cora\u00e7\u00f5es e nas almas dos povos do continente africano. Herdeiro de tradi\u00e7\u00f5es milenares, o tam-tam representa ao mesmo tempo um meio de comunica\u00e7\u00e3o, um objeto sagrado e uma parte essencial de muitas cerim\u00f3nias [...]","protected":false},"author":156,"featured_media":14016,"comment_status":"closed","ping_status":"closed","sticky":false,"template":"","format":"standard","meta":{"footnotes":""},"categories":[1],"tags":[],"class_list":["post-14015","post","type-post","status-publish","format-standard","has-post-thumbnail","hentry","category-divers"],"yoast_head":"<!-- This site is optimized with the Yoast SEO plugin v26.6 - https:\/\/yoast.com\/wordpress\/plugins\/seo\/ -->\n<title>Tam-tam africain | Notre \u00e9quipe vous informe sur cet instrument<\/title>\n<meta name=\"description\" content=\"Le tam-tam africain est bien plus qu\u2019un simple instrument de musique. C\u2019est un v\u00e9ritable symbole culturel et historique.\" \/>\n<meta name=\"robots\" content=\"index, follow, max-snippet:-1, max-image-preview:large, max-video-preview:-1\" \/>\n<link rel=\"canonical\" href=\"https:\/\/www.safinel.fr\/pt\/tam-tam-africano\/\" \/>\n<meta property=\"og:locale\" content=\"pt_PT\" \/>\n<meta property=\"og:type\" content=\"article\" \/>\n<meta property=\"og:title\" content=\"Tam-tam africain | Notre \u00e9quipe vous informe sur cet instrument\" \/>\n<meta property=\"og:description\" content=\"Le tam-tam africain est bien plus qu\u2019un simple instrument de musique. C\u2019est un v\u00e9ritable symbole culturel et historique.\" \/>\n<meta property=\"og:url\" content=\"https:\/\/www.safinel.fr\/pt\/tam-tam-africano\/\" \/>\n<meta property=\"og:site_name\" content=\"Safinel\" \/>\n<meta property=\"article:published_time\" content=\"2024-06-14T19:46:54+00:00\" \/>\n<meta property=\"article:modified_time\" content=\"2024-06-14T19:46:55+00:00\" \/>\n<meta property=\"og:image\" content=\"https:\/\/www.safinel.fr\/wp-content\/uploads\/2024\/06\/Le-tam-tam-africain.jpg\" \/>\n\t<meta property=\"og:image:width\" content=\"1100\" \/>\n\t<meta property=\"og:image:height\" content=\"578\" \/>\n\t<meta property=\"og:image:type\" content=\"image\/jpeg\" \/>\n<meta name=\"author\" content=\"Naj\" \/>\n<meta name=\"twitter:card\" content=\"summary_large_image\" \/>\n<meta name=\"twitter:label1\" content=\"Escrito por\" \/>\n\t<meta name=\"twitter:data1\" content=\"Naj\" \/>\n\t<meta name=\"twitter:label2\" content=\"Tempo estimado de leitura\" \/>\n\t<meta name=\"twitter:data2\" content=\"5 minutos\" \/>\n<script type=\"application\/ld+json\" class=\"yoast-schema-graph\">{\"@context\":\"https:\/\/schema.org\",\"@graph\":[{\"@type\":\"Article\",\"@id\":\"https:\/\/www.safinel.fr\/tam-tam-africain\/#article\",\"isPartOf\":{\"@id\":\"https:\/\/www.safinel.fr\/tam-tam-africain\/\"},\"author\":{\"name\":\"Naj\",\"@id\":\"https:\/\/www.safinel.fr\/#\/schema\/person\/47f7357f8aa8a41a796811d3f8a3e055\"},\"headline\":\"Le tam-tam africain : l\u2019\u00e2me vibrante du continent\",\"datePublished\":\"2024-06-14T19:46:54+00:00\",\"dateModified\":\"2024-06-14T19:46:55+00:00\",\"mainEntityOfPage\":{\"@id\":\"https:\/\/www.safinel.fr\/tam-tam-africain\/\"},\"wordCount\":1024,\"publisher\":{\"@id\":\"https:\/\/www.safinel.fr\/#organization\"},\"image\":{\"@id\":\"https:\/\/www.safinel.fr\/tam-tam-africain\/#primaryimage\"},\"thumbnailUrl\":\"https:\/\/www.safinel.fr\/wp-content\/uploads\/2024\/06\/Le-tam-tam-africain.jpg\",\"articleSection\":[\"Divers\"],\"inLanguage\":\"pt-PT\"},{\"@type\":\"WebPage\",\"@id\":\"https:\/\/www.safinel.fr\/tam-tam-africain\/\",\"url\":\"https:\/\/www.safinel.fr\/tam-tam-africain\/\",\"name\":\"Tam-tam africain | Notre \u00e9quipe vous informe sur cet instrument\",\"isPartOf\":{\"@id\":\"https:\/\/www.safinel.fr\/#website\"},\"primaryImageOfPage\":{\"@id\":\"https:\/\/www.safinel.fr\/tam-tam-africain\/#primaryimage\"},\"image\":{\"@id\":\"https:\/\/www.safinel.fr\/tam-tam-africain\/#primaryimage\"},\"thumbnailUrl\":\"https:\/\/www.safinel.fr\/wp-content\/uploads\/2024\/06\/Le-tam-tam-africain.jpg\",\"datePublished\":\"2024-06-14T19:46:54+00:00\",\"dateModified\":\"2024-06-14T19:46:55+00:00\",\"description\":\"Le tam-tam africain est bien plus qu\u2019un simple instrument de musique. C\u2019est un v\u00e9ritable symbole culturel et historique.\",\"breadcrumb\":{\"@id\":\"https:\/\/www.safinel.fr\/tam-tam-africain\/#breadcrumb\"},\"inLanguage\":\"pt-PT\",\"potentialAction\":[{\"@type\":\"ReadAction\",\"target\":[\"https:\/\/www.safinel.fr\/tam-tam-africain\/\"]}]},{\"@type\":\"ImageObject\",\"inLanguage\":\"pt-PT\",\"@id\":\"https:\/\/www.safinel.fr\/tam-tam-africain\/#primaryimage\",\"url\":\"https:\/\/www.safinel.fr\/wp-content\/uploads\/2024\/06\/Le-tam-tam-africain.jpg\",\"contentUrl\":\"https:\/\/www.safinel.fr\/wp-content\/uploads\/2024\/06\/Le-tam-tam-africain.jpg\",\"width\":1100,\"height\":578,\"caption\":\"tam-tam africain\"},{\"@type\":\"BreadcrumbList\",\"@id\":\"https:\/\/www.safinel.fr\/tam-tam-africain\/#breadcrumb\",\"itemListElement\":[{\"@type\":\"ListItem\",\"position\":1,\"name\":\"Accueil\",\"item\":\"https:\/\/www.safinel.fr\/\"},{\"@type\":\"ListItem\",\"position\":2,\"name\":\"Le tam-tam africain : l\u2019\u00e2me vibrante du continent\"}]},{\"@type\":\"WebSite\",\"@id\":\"https:\/\/www.safinel.fr\/#website\",\"url\":\"https:\/\/www.safinel.fr\/\",\"name\":\"Safinel\",\"description\":\"\",\"publisher\":{\"@id\":\"https:\/\/www.safinel.fr\/#organization\"},\"potentialAction\":[{\"@type\":\"SearchAction\",\"target\":{\"@type\":\"EntryPoint\",\"urlTemplate\":\"https:\/\/www.safinel.fr\/?s={search_term_string}\"},\"query-input\":{\"@type\":\"PropertyValueSpecification\",\"valueRequired\":true,\"valueName\":\"search_term_string\"}}],\"inLanguage\":\"pt-PT\"},{\"@type\":\"Organization\",\"@id\":\"https:\/\/www.safinel.fr\/#organization\",\"name\":\"Safinel\",\"url\":\"https:\/\/www.safinel.fr\/\",\"logo\":{\"@type\":\"ImageObject\",\"inLanguage\":\"pt-PT\",\"@id\":\"https:\/\/www.safinel.fr\/#\/schema\/logo\/image\/\",\"url\":\"https:\/\/www.safinel.fr\/wp-content\/uploads\/2021\/05\/boutique-cosmetique.png\",\"contentUrl\":\"https:\/\/www.safinel.fr\/wp-content\/uploads\/2021\/05\/boutique-cosmetique.png\",\"width\":800,\"height\":200,\"caption\":\"Safinel\"},\"image\":{\"@id\":\"https:\/\/www.safinel.fr\/#\/schema\/logo\/image\/\"}},{\"@type\":\"Person\",\"@id\":\"https:\/\/www.safinel.fr\/#\/schema\/person\/47f7357f8aa8a41a796811d3f8a3e055\",\"name\":\"Naj\",\"image\":{\"@type\":\"ImageObject\",\"inLanguage\":\"pt-PT\",\"@id\":\"https:\/\/www.safinel.fr\/#\/schema\/person\/image\/\",\"url\":\"https:\/\/secure.gravatar.com\/avatar\/5c0fa4f0bce748d4964b7d68e4b0ee1d8e3120edba58a55893ced967bd2093b5?s=96&d=mm&r=g\",\"contentUrl\":\"https:\/\/secure.gravatar.com\/avatar\/5c0fa4f0bce748d4964b7d68e4b0ee1d8e3120edba58a55893ced967bd2093b5?s=96&d=mm&r=g\",\"caption\":\"Naj\"},\"url\":\"https:\/\/www.safinel.fr\/pt\/author\/naj\/\"}]}<\/script>\n<!-- \/ Yoast SEO plugin. -->","yoast_head_json":{"title":"Tam-tam africano | A nossa equipa informa-o sobre este instrumento","description":"O tam-tam africano \u00e9 muito mais do que um simples instrumento musical. \u00c9 um verdadeiro s\u00edmbolo cultural e hist\u00f3rico.","robots":{"index":"index","follow":"follow","max-snippet":"max-snippet:-1","max-image-preview":"max-image-preview:large","max-video-preview":"max-video-preview:-1"},"canonical":"https:\/\/www.safinel.fr\/pt\/tam-tam-africano\/","og_locale":"pt_PT","og_type":"article","og_title":"Tam-tam africain | Notre \u00e9quipe vous informe sur cet instrument","og_description":"Le tam-tam africain est bien plus qu\u2019un simple instrument de musique. C\u2019est un v\u00e9ritable symbole culturel et historique.","og_url":"https:\/\/www.safinel.fr\/pt\/tam-tam-africano\/","og_site_name":"Safinel","article_published_time":"2024-06-14T19:46:54+00:00","article_modified_time":"2024-06-14T19:46:55+00:00","og_image":[{"width":1100,"height":578,"url":"https:\/\/www.safinel.fr\/wp-content\/uploads\/2024\/06\/Le-tam-tam-africain.jpg","type":"image\/jpeg"}],"author":"Naj","twitter_card":"summary_large_image","twitter_misc":{"Escrito por":"Naj","Tempo estimado de leitura":"5 minutos"},"schema":{"@context":"https:\/\/schema.org","@graph":[{"@type":"Article","@id":"https:\/\/www.safinel.fr\/tam-tam-africain\/#article","isPartOf":{"@id":"https:\/\/www.safinel.fr\/tam-tam-africain\/"},"author":{"name":"Naj","@id":"https:\/\/www.safinel.fr\/#\/schema\/person\/47f7357f8aa8a41a796811d3f8a3e055"},"headline":"Le tam-tam africain : l\u2019\u00e2me vibrante du continent","datePublished":"2024-06-14T19:46:54+00:00","dateModified":"2024-06-14T19:46:55+00:00","mainEntityOfPage":{"@id":"https:\/\/www.safinel.fr\/tam-tam-africain\/"},"wordCount":1024,"publisher":{"@id":"https:\/\/www.safinel.fr\/#organization"},"image":{"@id":"https:\/\/www.safinel.fr\/tam-tam-africain\/#primaryimage"},"thumbnailUrl":"https:\/\/www.safinel.fr\/wp-content\/uploads\/2024\/06\/Le-tam-tam-africain.jpg","articleSection":["Divers"],"inLanguage":"pt-PT"},{"@type":"WebPage","@id":"https:\/\/www.safinel.fr\/tam-tam-africain\/","url":"https:\/\/www.safinel.fr\/tam-tam-africain\/","name":"Tam-tam africano | A nossa equipa informa-o sobre este instrumento","isPartOf":{"@id":"https:\/\/www.safinel.fr\/#website"},"primaryImageOfPage":{"@id":"https:\/\/www.safinel.fr\/tam-tam-africain\/#primaryimage"},"image":{"@id":"https:\/\/www.safinel.fr\/tam-tam-africain\/#primaryimage"},"thumbnailUrl":"https:\/\/www.safinel.fr\/wp-content\/uploads\/2024\/06\/Le-tam-tam-africain.jpg","datePublished":"2024-06-14T19:46:54+00:00","dateModified":"2024-06-14T19:46:55+00:00","description":"O tam-tam africano \u00e9 muito mais do que um simples instrumento musical. \u00c9 um verdadeiro s\u00edmbolo cultural e hist\u00f3rico.","breadcrumb":{"@id":"https:\/\/www.safinel.fr\/tam-tam-africain\/#breadcrumb"},"inLanguage":"pt-PT","potentialAction":[{"@type":"ReadAction","target":["https:\/\/www.safinel.fr\/tam-tam-africain\/"]}]},{"@type":"ImageObject","inLanguage":"pt-PT","@id":"https:\/\/www.safinel.fr\/tam-tam-africain\/#primaryimage","url":"https:\/\/www.safinel.fr\/wp-content\/uploads\/2024\/06\/Le-tam-tam-africain.jpg","contentUrl":"https:\/\/www.safinel.fr\/wp-content\/uploads\/2024\/06\/Le-tam-tam-africain.jpg","width":1100,"height":578,"caption":"tam-tam africain"},{"@type":"BreadcrumbList","@id":"https:\/\/www.safinel.fr\/tam-tam-africain\/#breadcrumb","itemListElement":[{"@type":"ListItem","position":1,"name":"Accueil","item":"https:\/\/www.safinel.fr\/"},{"@type":"ListItem","position":2,"name":"Le tam-tam africain : l\u2019\u00e2me vibrante du continent"}]},{"@type":"WebSite","@id":"https:\/\/www.safinel.fr\/#website","url":"https:\/\/www.safinel.fr\/","name":"Safinel","description":"","publisher":{"@id":"https:\/\/www.safinel.fr\/#organization"},"potentialAction":[{"@type":"SearchAction","target":{"@type":"EntryPoint","urlTemplate":"https:\/\/www.safinel.fr\/?s={search_term_string}"},"query-input":{"@type":"PropertyValueSpecification","valueRequired":true,"valueName":"search_term_string"}}],"inLanguage":"pt-PT"},{"@type":"Organization","@id":"https:\/\/www.safinel.fr\/#organization","name":"Safinel","url":"https:\/\/www.safinel.fr\/","logo":{"@type":"ImageObject","inLanguage":"pt-PT","@id":"https:\/\/www.safinel.fr\/#\/schema\/logo\/image\/","url":"https:\/\/www.safinel.fr\/wp-content\/uploads\/2021\/05\/boutique-cosmetique.png","contentUrl":"https:\/\/www.safinel.fr\/wp-content\/uploads\/2021\/05\/boutique-cosmetique.png","width":800,"height":200,"caption":"Safinel"},"image":{"@id":"https:\/\/www.safinel.fr\/#\/schema\/logo\/image\/"}},{"@type":"Person","@id":"https:\/\/www.safinel.fr\/#\/schema\/person\/47f7357f8aa8a41a796811d3f8a3e055","name":"Naj","image":{"@type":"ImageObject","inLanguage":"pt-PT","@id":"https:\/\/www.safinel.fr\/#\/schema\/person\/image\/","url":"https:\/\/secure.gravatar.com\/avatar\/5c0fa4f0bce748d4964b7d68e4b0ee1d8e3120edba58a55893ced967bd2093b5?s=96&d=mm&r=g","contentUrl":"https:\/\/secure.gravatar.com\/avatar\/5c0fa4f0bce748d4964b7d68e4b0ee1d8e3120edba58a55893ced967bd2093b5?s=96&d=mm&r=g","caption":"Naj"},"url":"https:\/\/www.safinel.fr\/pt\/author\/naj\/"}]}},"_links":{"self":[{"href":"https:\/\/www.safinel.fr\/pt\/wp-json\/wp\/v2\/posts\/14015","targetHints":{"allow":["GET"]}}],"collection":[{"href":"https:\/\/www.safinel.fr\/pt\/wp-json\/wp\/v2\/posts"}],"about":[{"href":"https:\/\/www.safinel.fr\/pt\/wp-json\/wp\/v2\/types\/post"}],"author":[{"embeddable":true,"href":"https:\/\/www.safinel.fr\/pt\/wp-json\/wp\/v2\/users\/156"}],"replies":[{"embeddable":true,"href":"https:\/\/www.safinel.fr\/pt\/wp-json\/wp\/v2\/comments?post=14015"}],"version-history":[{"count":1,"href":"https:\/\/www.safinel.fr\/pt\/wp-json\/wp\/v2\/posts\/14015\/revisions"}],"predecessor-version":[{"id":14017,"href":"https:\/\/www.safinel.fr\/pt\/wp-json\/wp\/v2\/posts\/14015\/revisions\/14017"}],"wp:featuredmedia":[{"embeddable":true,"href":"https:\/\/www.safinel.fr\/pt\/wp-json\/wp\/v2\/media\/14016"}],"wp:attachment":[{"href":"https:\/\/www.safinel.fr\/pt\/wp-json\/wp\/v2\/media?parent=14015"}],"wp:term":[{"taxonomy":"category","embeddable":true,"href":"https:\/\/www.safinel.fr\/pt\/wp-json\/wp\/v2\/categories?post=14015"},{"taxonomy":"post_tag","embeddable":true,"href":"https:\/\/www.safinel.fr\/pt\/wp-json\/wp\/v2\/tags?post=14015"}],"curies":[{"name":"wp","href":"https:\/\/api.w.org\/{rel}","templated":true}]}}