{"id":12973,"date":"2024-04-11T17:59:33","date_gmt":"2024-04-11T17:59:33","guid":{"rendered":"https:\/\/www.safinel.fr\/?p=12973"},"modified":"2024-04-11T17:59:35","modified_gmt":"2024-04-11T17:59:35","slug":"poesia-africana","status":"publish","type":"post","link":"https:\/\/www.safinel.fr\/pt\/poesia-africana\/","title":{"rendered":"As grandes figuras da poesia africana em 5 letras"},"content":{"rendered":"<p>A\u00a0<strong>poesia africana<\/strong>\u00a0sempre foi um meio de express\u00e3o privilegiado para destacar a riqueza cultural, a hist\u00f3ria e as aspira\u00e7\u00f5es do povo africano. <\/p>\n\n\n\n<p>Esses poetas deixaram para tr\u00e1s <strong><a href=\"https:\/\/albayyinah.fr\/\" target=\"_blank\" rel=\"noreferrer noopener\">obras liter\u00e1rias poderosas<\/a><\/strong>, bem como a sua influ\u00eancia cultural em todo o continente. Neste artigo, destacamos cinco nomes marcantes desta literatura em apenas cinco letras cada.<\/p>\n\n\n\n<h2 class=\"wp-block-heading\"><strong>Senghor<\/strong><\/h2>\n\n\n\n<p>Um dos mais famosos&nbsp;<strong>poetas africanos<\/strong>&nbsp;\u00e9, sem d\u00favida, L\u00e9opold S\u00e9dar Senghor. Origin\u00e1rio do Senegal, ele tamb\u00e9m foi pol\u00edtico, presidente da Rep\u00fablica do Senegal e membro da Academia Francesa. As suas cole\u00e7\u00f5es de poesia, como \u00ab\u00a0<em>Can\u00e7\u00f5es das Sombras<\/em>\u00a0\u00bb e \u00ab\u00a0<em>H\u00f3stias pretas<\/em>\u00ab , destacam o seu amor pelo continente africano e pelas suas tradi\u00e7\u00f5es. Os versos de Senghor s\u00e3o conhecidos por serem carregados de emo\u00e7\u00e3o e tingidos de melancolia.<\/p>\n\n\n\n<h3 class=\"wp-block-heading\"><strong>Negritude<\/strong><\/h3>\n\n\n\n<p>Senghor tamb\u00e9m \u00e9 cofundador do movimento liter\u00e1rio e pol\u00edtico da \u00abNegritude\u00bb, em colabora\u00e7\u00e3o com Aim\u00e9 C\u00e9saire e L\u00e9on Damas. Este conceito tinha como objetivo revalorizar e reivindicar a cultura e a identidade africanas face ao colonialismo. \u00c9 um elemento fundamental para compreender o impacto da poesia africana no contexto hist\u00f3rico.<\/p>\n\n\n\n<h2 class=\"wp-block-heading\"><strong>C\u00e9saire<\/strong><\/h2>\n\n\n\n<p>Aim\u00e9 C\u00e9saire, natural da Martinica, n\u00e3o era apenas um\u00a0<strong>poeta engajado<\/strong>, mas tamb\u00e9m um pol\u00edtico influente. Autor de \u00ab\u00a0<em>Caderno de um regresso \u00e0 terra natal<\/em>\u00abC\u00e9saire tamb\u00e9m participou na cria\u00e7\u00e3o do movimento da Negritude, ao lado de Senghor. A sua obra \u00e9 marcada por um compromisso com a liberta\u00e7\u00e3o dos povos colonizados e uma celebra\u00e7\u00e3o da <strong><a href=\"https:\/\/www.safinel.fr\/pt\/tribos-africanas\/\">cultura africana<\/a><\/strong>.<\/p>\n\n\n\n<h3 class=\"wp-block-heading\"><strong>Surrealismo<\/strong><\/h3>\n\n\n\n<p>Embora pr\u00f3ximo do surrealismo, nomeadamente devido ao seu encontro com Andr\u00e9 Breton, C\u00e9saire distanciou-se deste movimento para se enraizar melhor na realidade do colonialismo e afirmar a sua pr\u00f3pria identidade. Consequentemente, contribuiu para forjar uma nova voz po\u00e9tica para as pessoas de origem africana.<\/p>\n\n\n\n<h2 class=\"wp-block-heading\"><strong>Damasco<\/strong><\/h2>\n\n\n\n<p>L\u00e9on Damas, poeta origin\u00e1rio da Guiana Francesa e terceiro pilar do movimento da Negritude, destacou-se especialmente com a sua cole\u00e7\u00e3o de poemas intitulada \u00ab\u00a0<em>Pigmentos<\/em>\u00abDamas \u00e9 conhecido pelo seu estilo provocador e irreverente, que critica abertamente o colonialismo e destaca o orgulho das suas ra\u00edzes africanas.<\/p>\n\n\n\n<p><strong>Os seus escritos, impregnados de humor e sarcasmo, afirmam uma identidade negra orgulhosa e livre.<\/strong>&nbsp;face \u00e0s restri\u00e7\u00f5es impostas pelo colonialismo. Nesse sentido, ele se distancia de outros grandes nomes da Negritude, adotando uma abordagem mais radical e despreocupada.<\/p>\n\n\n\n<h2 class=\"wp-block-heading\"><strong>Fanon<\/strong><\/h2>\n\n\n\n<p>Frantz Fanon \u00e9 frequentemente considerado mais um escritor e te\u00f3rico pol\u00edtico do que um poeta propriamente dito. No entanto, a sua obra contribuiu amplamente para redefinir a identidade africana e amplificar as vozes daqueles que procuravam libertar-se do jugo colonial, tanto em \u00c1frica como nas Antilhas Francesas.<\/p>\n\n\n\n<h3 class=\"wp-block-heading\"><strong>Os Condenados da Terra<\/strong><\/h3>\n\n\n\n<p>Embora \u00ab\u00a0<em>Os Condenados da Terra<\/em>\u00a0\u00bbEmbora seja a sua obra mais conhecida, Frantz Fanon n\u00e3o hesitou em incorporar elementos po\u00e9ticos em alguns dos seus escritos para refor\u00e7ar as suas ideias pol\u00edticas. Essas passagens, marcadas por um lirismo comovente, acrescentam uma importante dimens\u00e3o art\u00edstica ao conjunto da sua obra.<\/p>\n\n\n\n<h2 class=\"wp-block-heading\"><strong>Soyinka<\/strong><\/h2>\n\n\n\n<p>O nigeriano Wole Soyinka \u00e9 outro exemplo marcante de&nbsp;<strong>poeta africano<\/strong>. Vencedor do Pr\u00e9mio Nobel da Literatura em 1986, foi tamb\u00e9m dramaturgo e ensa\u00edsta. Os seus poemas s\u00e3o frequentemente tingidos por um humor mordaz e absurdo, ao mesmo tempo que destacam temas essenciais da condi\u00e7\u00e3o humana, das tradi\u00e7\u00f5es africanas e da luta contra a opress\u00e3o.<\/p>\n\n\n\n<h3 class=\"wp-block-heading\"><strong>Ake<\/strong><\/h3>\n\n\n\n<p>A sua cole\u00e7\u00e3o de poemas \u00ab\u00a0<em>A morte e o rei<\/em>\u00a0\u00bb \u00e9 considerada uma obra importante da&nbsp;<strong>poesia africana contempor\u00e2nea<\/strong>. Soyinka aborda com subtileza temas universais, mantendo-se profundamente enraizado no seu pr\u00f3prio contexto cultural. A sua abordagem, diferente da de outros grandes nomes da corrente da Negritude, destaca assim a diversidade que caracteriza a poesia africana.<\/p>\n\n\n\n<p>Em conclus\u00e3o, estas cinco figuras emblem\u00e1ticas demonstram a riqueza e a complexidade da poesia africana, bem como o seu papel fundamental na afirma\u00e7\u00e3o de uma identidade cultural face aos desafios hist\u00f3ricos e pol\u00edticos do continente. A leitura das suas obras oferece uma vis\u00e3o preciosa sobre esta literatura \u00fanica e indispens\u00e1vel.<\/p>","protected":false},"excerpt":{"rendered":"<p>A poesia africana sempre foi um meio de express\u00e3o privilegiado para destacar a riqueza cultural, a hist\u00f3ria e as aspira\u00e7\u00f5es do povo africano. Esses poetas deixaram para tr\u00e1s obras liter\u00e1rias poderosas, bem como a sua marca cultural em todo o continente. Neste artigo, destacamos cinco nomes marcantes dessa literatura em [...]","protected":false},"author":156,"featured_media":12974,"comment_status":"closed","ping_status":"closed","sticky":false,"template":"","format":"standard","meta":{"footnotes":""},"categories":[1],"tags":[],"class_list":["post-12973","post","type-post","status-publish","format-standard","has-post-thumbnail","hentry","category-divers"],"yoast_head":"<!-- This site is optimized with the Yoast SEO plugin v26.6 - https:\/\/yoast.com\/wordpress\/plugins\/seo\/ -->\n<title>Po\u00e9sie africaine | Zoom sur les po\u00e8tes africain en 5 lettres<\/title>\n<meta name=\"description\" content=\"La\u00a0po\u00e9sie africaine\u00a0a toujours \u00e9t\u00e9 un moyen d&#039;expression privil\u00e9gi\u00e9 pour mettre en avant la richesse culturelle.\" \/>\n<meta name=\"robots\" content=\"index, follow, max-snippet:-1, max-image-preview:large, max-video-preview:-1\" \/>\n<link rel=\"canonical\" href=\"https:\/\/www.safinel.fr\/pt\/poesia-africana\/\" \/>\n<meta property=\"og:locale\" content=\"pt_PT\" \/>\n<meta property=\"og:type\" content=\"article\" \/>\n<meta property=\"og:title\" content=\"Po\u00e9sie africaine | Zoom sur les po\u00e8tes africain en 5 lettres\" \/>\n<meta property=\"og:description\" content=\"La\u00a0po\u00e9sie africaine\u00a0a toujours \u00e9t\u00e9 un moyen d&#039;expression privil\u00e9gi\u00e9 pour mettre en avant la richesse culturelle.\" \/>\n<meta property=\"og:url\" content=\"https:\/\/www.safinel.fr\/pt\/poesia-africana\/\" \/>\n<meta property=\"og:site_name\" content=\"Safinel\" \/>\n<meta property=\"article:published_time\" content=\"2024-04-11T17:59:33+00:00\" \/>\n<meta property=\"article:modified_time\" content=\"2024-04-11T17:59:35+00:00\" \/>\n<meta property=\"og:image\" content=\"https:\/\/www.safinel.fr\/wp-content\/uploads\/2024\/04\/Figures-de-la-poesie-africaine.jpg\" \/>\n\t<meta property=\"og:image:width\" content=\"1100\" \/>\n\t<meta property=\"og:image:height\" content=\"578\" \/>\n\t<meta property=\"og:image:type\" content=\"image\/jpeg\" \/>\n<meta name=\"author\" content=\"Naj\" \/>\n<meta name=\"twitter:card\" content=\"summary_large_image\" \/>\n<meta name=\"twitter:label1\" content=\"Escrito por\" \/>\n\t<meta name=\"twitter:data1\" content=\"Naj\" \/>\n\t<meta name=\"twitter:label2\" content=\"Tempo estimado de leitura\" \/>\n\t<meta name=\"twitter:data2\" content=\"4 minutos\" \/>\n<script type=\"application\/ld+json\" class=\"yoast-schema-graph\">{\"@context\":\"https:\/\/schema.org\",\"@graph\":[{\"@type\":\"Article\",\"@id\":\"https:\/\/www.safinel.fr\/poesie-africaine\/#article\",\"isPartOf\":{\"@id\":\"https:\/\/www.safinel.fr\/poesie-africaine\/\"},\"author\":{\"name\":\"Naj\",\"@id\":\"https:\/\/www.safinel.fr\/#\/schema\/person\/47f7357f8aa8a41a796811d3f8a3e055\"},\"headline\":\"Les grandes figures de la po\u00e9sie africaine en 5 lettres\",\"datePublished\":\"2024-04-11T17:59:33+00:00\",\"dateModified\":\"2024-04-11T17:59:35+00:00\",\"mainEntityOfPage\":{\"@id\":\"https:\/\/www.safinel.fr\/poesie-africaine\/\"},\"wordCount\":790,\"publisher\":{\"@id\":\"https:\/\/www.safinel.fr\/#organization\"},\"image\":{\"@id\":\"https:\/\/www.safinel.fr\/poesie-africaine\/#primaryimage\"},\"thumbnailUrl\":\"https:\/\/www.safinel.fr\/wp-content\/uploads\/2024\/04\/Figures-de-la-poesie-africaine.jpg\",\"articleSection\":[\"Divers\"],\"inLanguage\":\"pt-PT\"},{\"@type\":\"WebPage\",\"@id\":\"https:\/\/www.safinel.fr\/poesie-africaine\/\",\"url\":\"https:\/\/www.safinel.fr\/poesie-africaine\/\",\"name\":\"Po\u00e9sie africaine | Zoom sur les po\u00e8tes africain en 5 lettres\",\"isPartOf\":{\"@id\":\"https:\/\/www.safinel.fr\/#website\"},\"primaryImageOfPage\":{\"@id\":\"https:\/\/www.safinel.fr\/poesie-africaine\/#primaryimage\"},\"image\":{\"@id\":\"https:\/\/www.safinel.fr\/poesie-africaine\/#primaryimage\"},\"thumbnailUrl\":\"https:\/\/www.safinel.fr\/wp-content\/uploads\/2024\/04\/Figures-de-la-poesie-africaine.jpg\",\"datePublished\":\"2024-04-11T17:59:33+00:00\",\"dateModified\":\"2024-04-11T17:59:35+00:00\",\"description\":\"La\u00a0po\u00e9sie africaine\u00a0a toujours \u00e9t\u00e9 un moyen d'expression privil\u00e9gi\u00e9 pour mettre en avant la richesse culturelle.\",\"breadcrumb\":{\"@id\":\"https:\/\/www.safinel.fr\/poesie-africaine\/#breadcrumb\"},\"inLanguage\":\"pt-PT\",\"potentialAction\":[{\"@type\":\"ReadAction\",\"target\":[\"https:\/\/www.safinel.fr\/poesie-africaine\/\"]}]},{\"@type\":\"ImageObject\",\"inLanguage\":\"pt-PT\",\"@id\":\"https:\/\/www.safinel.fr\/poesie-africaine\/#primaryimage\",\"url\":\"https:\/\/www.safinel.fr\/wp-content\/uploads\/2024\/04\/Figures-de-la-poesie-africaine.jpg\",\"contentUrl\":\"https:\/\/www.safinel.fr\/wp-content\/uploads\/2024\/04\/Figures-de-la-poesie-africaine.jpg\",\"width\":1100,\"height\":578,\"caption\":\"po\u00e9sie africaine\"},{\"@type\":\"BreadcrumbList\",\"@id\":\"https:\/\/www.safinel.fr\/poesie-africaine\/#breadcrumb\",\"itemListElement\":[{\"@type\":\"ListItem\",\"position\":1,\"name\":\"Accueil\",\"item\":\"https:\/\/www.safinel.fr\/\"},{\"@type\":\"ListItem\",\"position\":2,\"name\":\"Les grandes figures de la po\u00e9sie africaine en 5 lettres\"}]},{\"@type\":\"WebSite\",\"@id\":\"https:\/\/www.safinel.fr\/#website\",\"url\":\"https:\/\/www.safinel.fr\/\",\"name\":\"Safinel\",\"description\":\"\",\"publisher\":{\"@id\":\"https:\/\/www.safinel.fr\/#organization\"},\"potentialAction\":[{\"@type\":\"SearchAction\",\"target\":{\"@type\":\"EntryPoint\",\"urlTemplate\":\"https:\/\/www.safinel.fr\/?s={search_term_string}\"},\"query-input\":{\"@type\":\"PropertyValueSpecification\",\"valueRequired\":true,\"valueName\":\"search_term_string\"}}],\"inLanguage\":\"pt-PT\"},{\"@type\":\"Organization\",\"@id\":\"https:\/\/www.safinel.fr\/#organization\",\"name\":\"Safinel\",\"url\":\"https:\/\/www.safinel.fr\/\",\"logo\":{\"@type\":\"ImageObject\",\"inLanguage\":\"pt-PT\",\"@id\":\"https:\/\/www.safinel.fr\/#\/schema\/logo\/image\/\",\"url\":\"https:\/\/www.safinel.fr\/wp-content\/uploads\/2021\/05\/boutique-cosmetique.png\",\"contentUrl\":\"https:\/\/www.safinel.fr\/wp-content\/uploads\/2021\/05\/boutique-cosmetique.png\",\"width\":800,\"height\":200,\"caption\":\"Safinel\"},\"image\":{\"@id\":\"https:\/\/www.safinel.fr\/#\/schema\/logo\/image\/\"}},{\"@type\":\"Person\",\"@id\":\"https:\/\/www.safinel.fr\/#\/schema\/person\/47f7357f8aa8a41a796811d3f8a3e055\",\"name\":\"Naj\",\"image\":{\"@type\":\"ImageObject\",\"inLanguage\":\"pt-PT\",\"@id\":\"https:\/\/www.safinel.fr\/#\/schema\/person\/image\/\",\"url\":\"https:\/\/secure.gravatar.com\/avatar\/5c0fa4f0bce748d4964b7d68e4b0ee1d8e3120edba58a55893ced967bd2093b5?s=96&d=mm&r=g\",\"contentUrl\":\"https:\/\/secure.gravatar.com\/avatar\/5c0fa4f0bce748d4964b7d68e4b0ee1d8e3120edba58a55893ced967bd2093b5?s=96&d=mm&r=g\",\"caption\":\"Naj\"},\"url\":\"https:\/\/www.safinel.fr\/pt\/author\/naj\/\"}]}<\/script>\n<!-- \/ Yoast SEO plugin. -->","yoast_head_json":{"title":"Poesia africana | Zoom sobre os poetas africanos em 5 letras","description":"A poesia africana sempre foi um meio de express\u00e3o privilegiado para destacar a riqueza cultural.","robots":{"index":"index","follow":"follow","max-snippet":"max-snippet:-1","max-image-preview":"max-image-preview:large","max-video-preview":"max-video-preview:-1"},"canonical":"https:\/\/www.safinel.fr\/pt\/poesia-africana\/","og_locale":"pt_PT","og_type":"article","og_title":"Po\u00e9sie africaine | Zoom sur les po\u00e8tes africain en 5 lettres","og_description":"La\u00a0po\u00e9sie africaine\u00a0a toujours \u00e9t\u00e9 un moyen d'expression privil\u00e9gi\u00e9 pour mettre en avant la richesse culturelle.","og_url":"https:\/\/www.safinel.fr\/pt\/poesia-africana\/","og_site_name":"Safinel","article_published_time":"2024-04-11T17:59:33+00:00","article_modified_time":"2024-04-11T17:59:35+00:00","og_image":[{"width":1100,"height":578,"url":"https:\/\/www.safinel.fr\/wp-content\/uploads\/2024\/04\/Figures-de-la-poesie-africaine.jpg","type":"image\/jpeg"}],"author":"Naj","twitter_card":"summary_large_image","twitter_misc":{"Escrito por":"Naj","Tempo estimado de leitura":"4 minutos"},"schema":{"@context":"https:\/\/schema.org","@graph":[{"@type":"Article","@id":"https:\/\/www.safinel.fr\/poesie-africaine\/#article","isPartOf":{"@id":"https:\/\/www.safinel.fr\/poesie-africaine\/"},"author":{"name":"Naj","@id":"https:\/\/www.safinel.fr\/#\/schema\/person\/47f7357f8aa8a41a796811d3f8a3e055"},"headline":"Les grandes figures de la po\u00e9sie africaine en 5 lettres","datePublished":"2024-04-11T17:59:33+00:00","dateModified":"2024-04-11T17:59:35+00:00","mainEntityOfPage":{"@id":"https:\/\/www.safinel.fr\/poesie-africaine\/"},"wordCount":790,"publisher":{"@id":"https:\/\/www.safinel.fr\/#organization"},"image":{"@id":"https:\/\/www.safinel.fr\/poesie-africaine\/#primaryimage"},"thumbnailUrl":"https:\/\/www.safinel.fr\/wp-content\/uploads\/2024\/04\/Figures-de-la-poesie-africaine.jpg","articleSection":["Divers"],"inLanguage":"pt-PT"},{"@type":"WebPage","@id":"https:\/\/www.safinel.fr\/poesie-africaine\/","url":"https:\/\/www.safinel.fr\/poesie-africaine\/","name":"Poesia africana | Zoom sobre os poetas africanos em 5 letras","isPartOf":{"@id":"https:\/\/www.safinel.fr\/#website"},"primaryImageOfPage":{"@id":"https:\/\/www.safinel.fr\/poesie-africaine\/#primaryimage"},"image":{"@id":"https:\/\/www.safinel.fr\/poesie-africaine\/#primaryimage"},"thumbnailUrl":"https:\/\/www.safinel.fr\/wp-content\/uploads\/2024\/04\/Figures-de-la-poesie-africaine.jpg","datePublished":"2024-04-11T17:59:33+00:00","dateModified":"2024-04-11T17:59:35+00:00","description":"A poesia africana sempre foi um meio de express\u00e3o privilegiado para destacar a riqueza cultural.","breadcrumb":{"@id":"https:\/\/www.safinel.fr\/poesie-africaine\/#breadcrumb"},"inLanguage":"pt-PT","potentialAction":[{"@type":"ReadAction","target":["https:\/\/www.safinel.fr\/poesie-africaine\/"]}]},{"@type":"ImageObject","inLanguage":"pt-PT","@id":"https:\/\/www.safinel.fr\/poesie-africaine\/#primaryimage","url":"https:\/\/www.safinel.fr\/wp-content\/uploads\/2024\/04\/Figures-de-la-poesie-africaine.jpg","contentUrl":"https:\/\/www.safinel.fr\/wp-content\/uploads\/2024\/04\/Figures-de-la-poesie-africaine.jpg","width":1100,"height":578,"caption":"po\u00e9sie africaine"},{"@type":"BreadcrumbList","@id":"https:\/\/www.safinel.fr\/poesie-africaine\/#breadcrumb","itemListElement":[{"@type":"ListItem","position":1,"name":"Accueil","item":"https:\/\/www.safinel.fr\/"},{"@type":"ListItem","position":2,"name":"Les grandes figures de la po\u00e9sie africaine en 5 lettres"}]},{"@type":"WebSite","@id":"https:\/\/www.safinel.fr\/#website","url":"https:\/\/www.safinel.fr\/","name":"Safinel","description":"","publisher":{"@id":"https:\/\/www.safinel.fr\/#organization"},"potentialAction":[{"@type":"SearchAction","target":{"@type":"EntryPoint","urlTemplate":"https:\/\/www.safinel.fr\/?s={search_term_string}"},"query-input":{"@type":"PropertyValueSpecification","valueRequired":true,"valueName":"search_term_string"}}],"inLanguage":"pt-PT"},{"@type":"Organization","@id":"https:\/\/www.safinel.fr\/#organization","name":"Safinel","url":"https:\/\/www.safinel.fr\/","logo":{"@type":"ImageObject","inLanguage":"pt-PT","@id":"https:\/\/www.safinel.fr\/#\/schema\/logo\/image\/","url":"https:\/\/www.safinel.fr\/wp-content\/uploads\/2021\/05\/boutique-cosmetique.png","contentUrl":"https:\/\/www.safinel.fr\/wp-content\/uploads\/2021\/05\/boutique-cosmetique.png","width":800,"height":200,"caption":"Safinel"},"image":{"@id":"https:\/\/www.safinel.fr\/#\/schema\/logo\/image\/"}},{"@type":"Person","@id":"https:\/\/www.safinel.fr\/#\/schema\/person\/47f7357f8aa8a41a796811d3f8a3e055","name":"Naj","image":{"@type":"ImageObject","inLanguage":"pt-PT","@id":"https:\/\/www.safinel.fr\/#\/schema\/person\/image\/","url":"https:\/\/secure.gravatar.com\/avatar\/5c0fa4f0bce748d4964b7d68e4b0ee1d8e3120edba58a55893ced967bd2093b5?s=96&d=mm&r=g","contentUrl":"https:\/\/secure.gravatar.com\/avatar\/5c0fa4f0bce748d4964b7d68e4b0ee1d8e3120edba58a55893ced967bd2093b5?s=96&d=mm&r=g","caption":"Naj"},"url":"https:\/\/www.safinel.fr\/pt\/author\/naj\/"}]}},"_links":{"self":[{"href":"https:\/\/www.safinel.fr\/pt\/wp-json\/wp\/v2\/posts\/12973","targetHints":{"allow":["GET"]}}],"collection":[{"href":"https:\/\/www.safinel.fr\/pt\/wp-json\/wp\/v2\/posts"}],"about":[{"href":"https:\/\/www.safinel.fr\/pt\/wp-json\/wp\/v2\/types\/post"}],"author":[{"embeddable":true,"href":"https:\/\/www.safinel.fr\/pt\/wp-json\/wp\/v2\/users\/156"}],"replies":[{"embeddable":true,"href":"https:\/\/www.safinel.fr\/pt\/wp-json\/wp\/v2\/comments?post=12973"}],"version-history":[{"count":1,"href":"https:\/\/www.safinel.fr\/pt\/wp-json\/wp\/v2\/posts\/12973\/revisions"}],"predecessor-version":[{"id":12975,"href":"https:\/\/www.safinel.fr\/pt\/wp-json\/wp\/v2\/posts\/12973\/revisions\/12975"}],"wp:featuredmedia":[{"embeddable":true,"href":"https:\/\/www.safinel.fr\/pt\/wp-json\/wp\/v2\/media\/12974"}],"wp:attachment":[{"href":"https:\/\/www.safinel.fr\/pt\/wp-json\/wp\/v2\/media?parent=12973"}],"wp:term":[{"taxonomy":"category","embeddable":true,"href":"https:\/\/www.safinel.fr\/pt\/wp-json\/wp\/v2\/categories?post=12973"},{"taxonomy":"post_tag","embeddable":true,"href":"https:\/\/www.safinel.fr\/pt\/wp-json\/wp\/v2\/tags?post=12973"}],"curies":[{"name":"wp","href":"https:\/\/api.w.org\/{rel}","templated":true}]}}