{"id":12053,"date":"2024-02-29T12:34:32","date_gmt":"2024-02-29T12:34:32","guid":{"rendered":"https:\/\/www.safinel.fr\/?p=12053"},"modified":"2024-02-29T12:34:33","modified_gmt":"2024-02-29T12:34:33","slug":"madeira-avermelhada-de-origem-africana","status":"publish","type":"post","link":"https:\/\/www.safinel.fr\/pt\/madeira-avermelhada-de-origem-africana\/","title":{"rendered":"A madeira avermelhada de origem africana: uma esp\u00e9cie promissora para o futuro"},"content":{"rendered":"<p>No mundo da marcenaria e da ebanisteria, a escolha das ess\u00eancias de madeira \u00e9 crucial para obter um trabalho de qualidade. Entre as diferentes ess\u00eancias dispon\u00edveis no mercado, algumas destacam-se pela sua origem ex\u00f3tica e caracter\u00edsticas \u00fanicas. \u00c9 o caso, nomeadamente, da&nbsp;<strong>madeira avermelhada origin\u00e1ria da \u00c1frica<\/strong>, que faz parte integrante da riqueza bot\u00e2nica do continente africano.<\/p>\n\n\n\n<h2 class=\"wp-block-heading\"><strong>As especificidades da madeira avermelhada africana<\/strong><\/h2>\n\n\n\n<p>Em primeiro lugar, \u00e9 importante notar que o termo \u00abmadeira avermelhada\u00bb abrange v\u00e1rias esp\u00e9cies provenientes de diferentes fam\u00edlias de \u00e1rvores.<\/p>\n\n\n\n<ul class=\"wp-block-list\">\n<li><strong>A fam\u00edlia das dalbergia<\/strong>, da qual faz parte a grenadilha, \u00e9 reconhecida pela sua cor que varia do castanho escuro ao preto intenso, com veios variados que lhe conferem um aspeto refinado.<\/li>\n\n\n\n<li><strong>A fam\u00edlia das mimosoideae<\/strong>, presente na regi\u00e3o do Gab\u00e3o e dos Camar\u00f5es, tamb\u00e9m \u00e9 utilizada na fabrica\u00e7\u00e3o de m\u00f3veis, gra\u00e7as \u00e0 sua madeira robusta e resistente.<\/li>\n<\/ul>\n\n\n\n<p>Cada uma dessas ess\u00eancias possui caracter\u00edsticas pr\u00f3prias em termos de cor, densidade, veios e textura, mas todas t\u00eam em comum o fato de serem origin\u00e1rias da \u00c1frica.<\/p>\n\n\n\n<p>A casca do tronco destas \u00e1rvores tem frequentemente uma tonalidade avermelhada, da\u00ed o nome gen\u00e9rico de madeira avermelhada.<\/p>\n\n\n\n<h3 class=\"wp-block-heading\"><strong>A distribui\u00e7\u00e3o geogr\u00e1fica das esp\u00e9cies de madeira avermelhada<\/strong><\/h3>\n\n\n\n<p>Essas esp\u00e9cies est\u00e3o presentes principalmente na regi\u00e3o equatorial e subequatorial da \u00c1frica, especialmente no Gab\u00e3o e nos Camar\u00f5es, mas tamb\u00e9m na \u00c1frica Ocidental e Central. Elas geralmente crescem em florestas h\u00famidas ou semi-h\u00famidas, onde encontram solo rico em nutrientes e umidade ambiente favor\u00e1vel ao seu desenvolvimento.<\/p>\n\n\n\n<h2 class=\"wp-block-heading\"><strong>Os usos da madeira avermelhada africana<\/strong><\/h2>\n\n\n\n<p>Gra\u00e7as \u00e0s suas qualidades est\u00e9ticas e mec\u00e2nicas, a madeira avermelhada africana \u00e9 muito apreciada em diferentes ind\u00fastrias:<\/p>\n\n\n\n<ul class=\"wp-block-list\">\n<li><strong>Mobili\u00e1rio e marcenaria<\/strong>&nbsp;: esta madeira \u00e9 perfeita para a fabrica\u00e7\u00e3o de m\u00f3veis de alta qualidade, bem como para a cria\u00e7\u00e3o de elementos decorativos para interiores e exteriores.<\/li>\n\n\n\n<li><strong>A lutheria<\/strong>&nbsp;: estas ess\u00eancias tamb\u00e9m s\u00e3o apreciadas para a fabrica\u00e7\u00e3o de instrumentos musicais, nomeadamente guitarras, gra\u00e7as \u00e0 sua sonoridade excecional e resist\u00eancia ao desgaste.<\/li>\n\n\n\n<li><strong>O revestimento do piso<\/strong>&nbsp;: certos tipos de madeira avermelhada, como a grenadille, s\u00e3o utilizados na fabrica\u00e7\u00e3o de pisos para salas de estar ou espa\u00e7os p\u00fablicos, devido \u00e0 sua durabilidade e est\u00e9tica.<\/li>\n<\/ul>\n\n\n\n<p>Al\u00e9m disso, essas madeiras tamb\u00e9m s\u00e3o utilizadas na fabrica\u00e7\u00e3o de diversos objetos, como esculturas, utens\u00edlios de cozinha e acess\u00f3rios de moda.<\/p>\n\n\n\n<h3 class=\"wp-block-heading\"><strong>Aplica\u00e7\u00e3o e manuten\u00e7\u00e3o da madeira vermelha africana<\/strong><\/h3>\n\n\n\n<p>Para preservar da melhor forma as qualidades intr\u00ednsecas da madeira avermelhada africana, \u00e9 essencial respeitar certas regras durante a sua aplica\u00e7\u00e3o.<\/p>\n\n\n\n<ol class=\"wp-block-list\">\n<li><strong>Secagem<\/strong>&nbsp;: uma secagem adequada \u00e9 fundamental para evitar qualquer risco de deforma\u00e7\u00e3o ou fissura\u00e7\u00e3o. Madeiras ex\u00f3ticas como a grenadille requerem uma secagem lenta e progressiva para garantir a sua estabilidade dimensional.<\/li>\n\n\n\n<li><strong>Usinagem<\/strong>&nbsp;: como as ess\u00eancias de madeira avermelhada s\u00e3o geralmente muito densas, recomenda-se a utiliza\u00e7\u00e3o de ferramentas manuais ou m\u00e1quinas el\u00e9tricas adequadas para facilitar a sua usinagem e evitar que se partam.<\/li>\n\n\n\n<li><strong>Acabamento e manuten\u00e7\u00e3o<\/strong>&nbsp;: para proteger e real\u00e7ar a beleza natural da madeira, \u00e9 poss\u00edvel aplicar diferentes acabamentos, tais como \u00f3leos, ceras ou vernizes especialmente concebidos para madeiras ex\u00f3ticas. Uma manuten\u00e7\u00e3o regular permitir\u00e1 manter o aspeto original do material e prolongar a sua vida \u00fatil.<\/li>\n<\/ol>\n\n\n\n<h2 class=\"wp-block-heading\"><strong>Os desafios ambientais relacionados com a produ\u00e7\u00e3o de madeira vermelha africana<\/strong><\/h2>\n\n\n\n<p>Tal como acontece com muitas outras esp\u00e9cies ex\u00f3ticas, a explora\u00e7\u00e3o da madeira avermelhada africana levanta quest\u00f5es ecol\u00f3gicas.\u00a0<strong><a href=\"https:\/\/www.safinel.fr\/pt\/biodiversidade-vegetal-africana\/\">O desmatamento<\/a><\/strong>, que resulta em parte do corte intensivo dessas \u00e1rvores, pode causar perda de biodiversidade e desequil\u00edbrio nos ecossistemas locais.<\/p>\n\n\n\n<p>Para mitigar esses problemas, v\u00e1rias iniciativas foram implementadas com o objetivo de promover a gest\u00e3o sustent\u00e1vel das florestas onde crescem as esp\u00e9cies de madeira vermelha africana. Trata-se, nomeadamente, de regulamenta\u00e7\u00f5es e certifica\u00e7\u00f5es destinadas a garantir que a madeira prov\u00e9m de fontes respons\u00e1veis e legais, como o selo FSC (<strong><a href=\"https:\/\/fsc.org\/en\" target=\"_blank\" rel=\"noreferrer noopener\">Conselho de Gest\u00e3o Florestal<\/a><\/strong>) ou ainda PEFC (<strong><a href=\"https:\/\/www.pefc.org\/\" target=\"_blank\" rel=\"noreferrer noopener\">Programa para o Reconhecimento da Certifica\u00e7\u00e3o Florestal<\/a><\/strong>).<\/p>\n\n\n\n<h3 class=\"wp-block-heading\"><strong>Madeira vermelha africana e com\u00e9rcio internacional<\/strong><\/h3>\n\n\n\n<p>A n\u00edvel internacional, o com\u00e9rcio da madeira vermelha africana tamb\u00e9m \u00e9 regulamentado por diferentes regulamentos, incluindo a Conven\u00e7\u00e3o sobre o Com\u00e9rcio Internacional de Esp\u00e9cies da Fauna e da Flora Selvagens Amea\u00e7adas de Extin\u00e7\u00e3o (CITES). Esta conven\u00e7\u00e3o visa proteger certas esp\u00e9cies particularmente vulner\u00e1veis \u00e0 sobreexplora\u00e7\u00e3o, como \u00e9 o caso, por exemplo, da grenadille.<\/p>\n\n\n\n<p>Ao respeitar estas medidas de prote\u00e7\u00e3o, as empresas e os consumidores podem contribuir para o desenvolvimento sustent\u00e1vel das florestas africanas e para a preserva\u00e7\u00e3o do seu rico patrim\u00f3nio bot\u00e2nico.<\/p>","protected":false},"excerpt":{"rendered":"<p>No mundo da marcenaria e da ebanisteria, a escolha das ess\u00eancias de madeira \u00e9 crucial para obter um trabalho de qualidade. Entre as diferentes ess\u00eancias dispon\u00edveis no mercado, algumas destacam-se pela sua origem ex\u00f3tica e caracter\u00edsticas \u00fanicas. \u00c9 o caso, nomeadamente, da madeira avermelhada origin\u00e1ria de \u00c1frica, que faz parte integrante de [\u2026]","protected":false},"author":156,"featured_media":12054,"comment_status":"closed","ping_status":"closed","sticky":false,"template":"","format":"standard","meta":{"footnotes":""},"categories":[1],"tags":[],"class_list":["post-12053","post","type-post","status-publish","format-standard","has-post-thumbnail","hentry","category-divers"],"yoast_head":"<!-- This site is optimized with the Yoast SEO plugin v26.6 - https:\/\/yoast.com\/wordpress\/plugins\/seo\/ -->\n<title>Bois rouge\u00e2tre d&#039;origine africaine | Tour d&#039;horizon sur le sujet<\/title>\n<meta name=\"description\" content=\"Parmi les diff\u00e9rentes essences disponibles sur le march\u00e9, certaines se distinguent. C&#039;est le cas du\u00a0bois rouge\u00e2tre originaire d&#039;Afrique.\" \/>\n<meta name=\"robots\" content=\"index, follow, max-snippet:-1, max-image-preview:large, max-video-preview:-1\" \/>\n<link rel=\"canonical\" href=\"https:\/\/www.safinel.fr\/pt\/madeira-avermelhada-de-origem-africana\/\" \/>\n<meta property=\"og:locale\" content=\"pt_PT\" \/>\n<meta property=\"og:type\" content=\"article\" \/>\n<meta property=\"og:title\" content=\"Bois rouge\u00e2tre d&#039;origine africaine | Tour d&#039;horizon sur le sujet\" \/>\n<meta property=\"og:description\" content=\"Parmi les diff\u00e9rentes essences disponibles sur le march\u00e9, certaines se distinguent. C&#039;est le cas du\u00a0bois rouge\u00e2tre originaire d&#039;Afrique.\" \/>\n<meta property=\"og:url\" content=\"https:\/\/www.safinel.fr\/pt\/madeira-avermelhada-de-origem-africana\/\" \/>\n<meta property=\"og:site_name\" content=\"Safinel\" \/>\n<meta property=\"article:published_time\" content=\"2024-02-29T12:34:32+00:00\" \/>\n<meta property=\"article:modified_time\" content=\"2024-02-29T12:34:33+00:00\" \/>\n<meta property=\"og:image\" content=\"https:\/\/www.safinel.fr\/wp-content\/uploads\/2024\/02\/Bois-rougeatre-dorigine-africaine.jpg\" \/>\n\t<meta property=\"og:image:width\" content=\"1100\" \/>\n\t<meta property=\"og:image:height\" content=\"578\" \/>\n\t<meta property=\"og:image:type\" content=\"image\/jpeg\" \/>\n<meta name=\"author\" content=\"Naj\" \/>\n<meta name=\"twitter:card\" content=\"summary_large_image\" \/>\n<meta name=\"twitter:label1\" content=\"Escrito por\" \/>\n\t<meta name=\"twitter:data1\" content=\"Naj\" \/>\n\t<meta name=\"twitter:label2\" content=\"Tempo estimado de leitura\" \/>\n\t<meta name=\"twitter:data2\" content=\"4 minutos\" \/>\n<script type=\"application\/ld+json\" class=\"yoast-schema-graph\">{\"@context\":\"https:\/\/schema.org\",\"@graph\":[{\"@type\":\"Article\",\"@id\":\"https:\/\/www.safinel.fr\/bois-rougeatre-dorigine-africaine\/#article\",\"isPartOf\":{\"@id\":\"https:\/\/www.safinel.fr\/bois-rougeatre-dorigine-africaine\/\"},\"author\":{\"name\":\"Naj\",\"@id\":\"https:\/\/www.safinel.fr\/#\/schema\/person\/47f7357f8aa8a41a796811d3f8a3e055\"},\"headline\":\"Le bois rouge\u00e2tre d&rsquo;origine africaine : une essence prometteuse pour l&rsquo;avenir\",\"datePublished\":\"2024-02-29T12:34:32+00:00\",\"dateModified\":\"2024-02-29T12:34:33+00:00\",\"mainEntityOfPage\":{\"@id\":\"https:\/\/www.safinel.fr\/bois-rougeatre-dorigine-africaine\/\"},\"wordCount\":894,\"publisher\":{\"@id\":\"https:\/\/www.safinel.fr\/#organization\"},\"image\":{\"@id\":\"https:\/\/www.safinel.fr\/bois-rougeatre-dorigine-africaine\/#primaryimage\"},\"thumbnailUrl\":\"https:\/\/www.safinel.fr\/wp-content\/uploads\/2024\/02\/Bois-rougeatre-dorigine-africaine.jpg\",\"articleSection\":[\"Divers\"],\"inLanguage\":\"pt-PT\"},{\"@type\":\"WebPage\",\"@id\":\"https:\/\/www.safinel.fr\/bois-rougeatre-dorigine-africaine\/\",\"url\":\"https:\/\/www.safinel.fr\/bois-rougeatre-dorigine-africaine\/\",\"name\":\"Bois rouge\u00e2tre d'origine africaine | Tour d'horizon sur le sujet\",\"isPartOf\":{\"@id\":\"https:\/\/www.safinel.fr\/#website\"},\"primaryImageOfPage\":{\"@id\":\"https:\/\/www.safinel.fr\/bois-rougeatre-dorigine-africaine\/#primaryimage\"},\"image\":{\"@id\":\"https:\/\/www.safinel.fr\/bois-rougeatre-dorigine-africaine\/#primaryimage\"},\"thumbnailUrl\":\"https:\/\/www.safinel.fr\/wp-content\/uploads\/2024\/02\/Bois-rougeatre-dorigine-africaine.jpg\",\"datePublished\":\"2024-02-29T12:34:32+00:00\",\"dateModified\":\"2024-02-29T12:34:33+00:00\",\"description\":\"Parmi les diff\u00e9rentes essences disponibles sur le march\u00e9, certaines se distinguent. C'est le cas du\u00a0bois rouge\u00e2tre originaire d'Afrique.\",\"breadcrumb\":{\"@id\":\"https:\/\/www.safinel.fr\/bois-rougeatre-dorigine-africaine\/#breadcrumb\"},\"inLanguage\":\"pt-PT\",\"potentialAction\":[{\"@type\":\"ReadAction\",\"target\":[\"https:\/\/www.safinel.fr\/bois-rougeatre-dorigine-africaine\/\"]}]},{\"@type\":\"ImageObject\",\"inLanguage\":\"pt-PT\",\"@id\":\"https:\/\/www.safinel.fr\/bois-rougeatre-dorigine-africaine\/#primaryimage\",\"url\":\"https:\/\/www.safinel.fr\/wp-content\/uploads\/2024\/02\/Bois-rougeatre-dorigine-africaine.jpg\",\"contentUrl\":\"https:\/\/www.safinel.fr\/wp-content\/uploads\/2024\/02\/Bois-rougeatre-dorigine-africaine.jpg\",\"width\":1100,\"height\":578,\"caption\":\"bois rouge\u00e2tre d'origine africaine\"},{\"@type\":\"BreadcrumbList\",\"@id\":\"https:\/\/www.safinel.fr\/bois-rougeatre-dorigine-africaine\/#breadcrumb\",\"itemListElement\":[{\"@type\":\"ListItem\",\"position\":1,\"name\":\"Accueil\",\"item\":\"https:\/\/www.safinel.fr\/\"},{\"@type\":\"ListItem\",\"position\":2,\"name\":\"Le bois rouge\u00e2tre d&#8217;origine africaine : une essence prometteuse pour l&#8217;avenir\"}]},{\"@type\":\"WebSite\",\"@id\":\"https:\/\/www.safinel.fr\/#website\",\"url\":\"https:\/\/www.safinel.fr\/\",\"name\":\"Safinel\",\"description\":\"\",\"publisher\":{\"@id\":\"https:\/\/www.safinel.fr\/#organization\"},\"potentialAction\":[{\"@type\":\"SearchAction\",\"target\":{\"@type\":\"EntryPoint\",\"urlTemplate\":\"https:\/\/www.safinel.fr\/?s={search_term_string}\"},\"query-input\":{\"@type\":\"PropertyValueSpecification\",\"valueRequired\":true,\"valueName\":\"search_term_string\"}}],\"inLanguage\":\"pt-PT\"},{\"@type\":\"Organization\",\"@id\":\"https:\/\/www.safinel.fr\/#organization\",\"name\":\"Safinel\",\"url\":\"https:\/\/www.safinel.fr\/\",\"logo\":{\"@type\":\"ImageObject\",\"inLanguage\":\"pt-PT\",\"@id\":\"https:\/\/www.safinel.fr\/#\/schema\/logo\/image\/\",\"url\":\"https:\/\/www.safinel.fr\/wp-content\/uploads\/2021\/05\/boutique-cosmetique.png\",\"contentUrl\":\"https:\/\/www.safinel.fr\/wp-content\/uploads\/2021\/05\/boutique-cosmetique.png\",\"width\":800,\"height\":200,\"caption\":\"Safinel\"},\"image\":{\"@id\":\"https:\/\/www.safinel.fr\/#\/schema\/logo\/image\/\"}},{\"@type\":\"Person\",\"@id\":\"https:\/\/www.safinel.fr\/#\/schema\/person\/47f7357f8aa8a41a796811d3f8a3e055\",\"name\":\"Naj\",\"image\":{\"@type\":\"ImageObject\",\"inLanguage\":\"pt-PT\",\"@id\":\"https:\/\/www.safinel.fr\/#\/schema\/person\/image\/\",\"url\":\"https:\/\/secure.gravatar.com\/avatar\/5c0fa4f0bce748d4964b7d68e4b0ee1d8e3120edba58a55893ced967bd2093b5?s=96&d=mm&r=g\",\"contentUrl\":\"https:\/\/secure.gravatar.com\/avatar\/5c0fa4f0bce748d4964b7d68e4b0ee1d8e3120edba58a55893ced967bd2093b5?s=96&d=mm&r=g\",\"caption\":\"Naj\"},\"url\":\"https:\/\/www.safinel.fr\/pt\/author\/naj\/\"}]}<\/script>\n<!-- \/ Yoast SEO plugin. -->","yoast_head_json":{"title":"Madeira avermelhada de origem africana | Vis\u00e3o geral sobre o assunto","description":"Entre as diferentes ess\u00eancias dispon\u00edveis no mercado, algumas se destacam. \u00c9 o caso da madeira avermelhada origin\u00e1ria da \u00c1frica.","robots":{"index":"index","follow":"follow","max-snippet":"max-snippet:-1","max-image-preview":"max-image-preview:large","max-video-preview":"max-video-preview:-1"},"canonical":"https:\/\/www.safinel.fr\/pt\/madeira-avermelhada-de-origem-africana\/","og_locale":"pt_PT","og_type":"article","og_title":"Bois rouge\u00e2tre d'origine africaine | Tour d'horizon sur le sujet","og_description":"Parmi les diff\u00e9rentes essences disponibles sur le march\u00e9, certaines se distinguent. C'est le cas du\u00a0bois rouge\u00e2tre originaire d'Afrique.","og_url":"https:\/\/www.safinel.fr\/pt\/madeira-avermelhada-de-origem-africana\/","og_site_name":"Safinel","article_published_time":"2024-02-29T12:34:32+00:00","article_modified_time":"2024-02-29T12:34:33+00:00","og_image":[{"width":1100,"height":578,"url":"https:\/\/www.safinel.fr\/wp-content\/uploads\/2024\/02\/Bois-rougeatre-dorigine-africaine.jpg","type":"image\/jpeg"}],"author":"Naj","twitter_card":"summary_large_image","twitter_misc":{"Escrito por":"Naj","Tempo estimado de leitura":"4 minutos"},"schema":{"@context":"https:\/\/schema.org","@graph":[{"@type":"Article","@id":"https:\/\/www.safinel.fr\/bois-rougeatre-dorigine-africaine\/#article","isPartOf":{"@id":"https:\/\/www.safinel.fr\/bois-rougeatre-dorigine-africaine\/"},"author":{"name":"Naj","@id":"https:\/\/www.safinel.fr\/#\/schema\/person\/47f7357f8aa8a41a796811d3f8a3e055"},"headline":"Le bois rouge\u00e2tre d&rsquo;origine africaine : une essence prometteuse pour l&rsquo;avenir","datePublished":"2024-02-29T12:34:32+00:00","dateModified":"2024-02-29T12:34:33+00:00","mainEntityOfPage":{"@id":"https:\/\/www.safinel.fr\/bois-rougeatre-dorigine-africaine\/"},"wordCount":894,"publisher":{"@id":"https:\/\/www.safinel.fr\/#organization"},"image":{"@id":"https:\/\/www.safinel.fr\/bois-rougeatre-dorigine-africaine\/#primaryimage"},"thumbnailUrl":"https:\/\/www.safinel.fr\/wp-content\/uploads\/2024\/02\/Bois-rougeatre-dorigine-africaine.jpg","articleSection":["Divers"],"inLanguage":"pt-PT"},{"@type":"WebPage","@id":"https:\/\/www.safinel.fr\/bois-rougeatre-dorigine-africaine\/","url":"https:\/\/www.safinel.fr\/bois-rougeatre-dorigine-africaine\/","name":"Madeira avermelhada de origem africana | Vis\u00e3o geral sobre o assunto","isPartOf":{"@id":"https:\/\/www.safinel.fr\/#website"},"primaryImageOfPage":{"@id":"https:\/\/www.safinel.fr\/bois-rougeatre-dorigine-africaine\/#primaryimage"},"image":{"@id":"https:\/\/www.safinel.fr\/bois-rougeatre-dorigine-africaine\/#primaryimage"},"thumbnailUrl":"https:\/\/www.safinel.fr\/wp-content\/uploads\/2024\/02\/Bois-rougeatre-dorigine-africaine.jpg","datePublished":"2024-02-29T12:34:32+00:00","dateModified":"2024-02-29T12:34:33+00:00","description":"Entre as diferentes ess\u00eancias dispon\u00edveis no mercado, algumas se destacam. \u00c9 o caso da madeira avermelhada origin\u00e1ria da \u00c1frica.","breadcrumb":{"@id":"https:\/\/www.safinel.fr\/bois-rougeatre-dorigine-africaine\/#breadcrumb"},"inLanguage":"pt-PT","potentialAction":[{"@type":"ReadAction","target":["https:\/\/www.safinel.fr\/bois-rougeatre-dorigine-africaine\/"]}]},{"@type":"ImageObject","inLanguage":"pt-PT","@id":"https:\/\/www.safinel.fr\/bois-rougeatre-dorigine-africaine\/#primaryimage","url":"https:\/\/www.safinel.fr\/wp-content\/uploads\/2024\/02\/Bois-rougeatre-dorigine-africaine.jpg","contentUrl":"https:\/\/www.safinel.fr\/wp-content\/uploads\/2024\/02\/Bois-rougeatre-dorigine-africaine.jpg","width":1100,"height":578,"caption":"bois rouge\u00e2tre d'origine africaine"},{"@type":"BreadcrumbList","@id":"https:\/\/www.safinel.fr\/bois-rougeatre-dorigine-africaine\/#breadcrumb","itemListElement":[{"@type":"ListItem","position":1,"name":"Accueil","item":"https:\/\/www.safinel.fr\/"},{"@type":"ListItem","position":2,"name":"Le bois rouge\u00e2tre d&#8217;origine africaine : une essence prometteuse pour l&#8217;avenir"}]},{"@type":"WebSite","@id":"https:\/\/www.safinel.fr\/#website","url":"https:\/\/www.safinel.fr\/","name":"Safinel","description":"","publisher":{"@id":"https:\/\/www.safinel.fr\/#organization"},"potentialAction":[{"@type":"SearchAction","target":{"@type":"EntryPoint","urlTemplate":"https:\/\/www.safinel.fr\/?s={search_term_string}"},"query-input":{"@type":"PropertyValueSpecification","valueRequired":true,"valueName":"search_term_string"}}],"inLanguage":"pt-PT"},{"@type":"Organization","@id":"https:\/\/www.safinel.fr\/#organization","name":"Safinel","url":"https:\/\/www.safinel.fr\/","logo":{"@type":"ImageObject","inLanguage":"pt-PT","@id":"https:\/\/www.safinel.fr\/#\/schema\/logo\/image\/","url":"https:\/\/www.safinel.fr\/wp-content\/uploads\/2021\/05\/boutique-cosmetique.png","contentUrl":"https:\/\/www.safinel.fr\/wp-content\/uploads\/2021\/05\/boutique-cosmetique.png","width":800,"height":200,"caption":"Safinel"},"image":{"@id":"https:\/\/www.safinel.fr\/#\/schema\/logo\/image\/"}},{"@type":"Person","@id":"https:\/\/www.safinel.fr\/#\/schema\/person\/47f7357f8aa8a41a796811d3f8a3e055","name":"Naj","image":{"@type":"ImageObject","inLanguage":"pt-PT","@id":"https:\/\/www.safinel.fr\/#\/schema\/person\/image\/","url":"https:\/\/secure.gravatar.com\/avatar\/5c0fa4f0bce748d4964b7d68e4b0ee1d8e3120edba58a55893ced967bd2093b5?s=96&d=mm&r=g","contentUrl":"https:\/\/secure.gravatar.com\/avatar\/5c0fa4f0bce748d4964b7d68e4b0ee1d8e3120edba58a55893ced967bd2093b5?s=96&d=mm&r=g","caption":"Naj"},"url":"https:\/\/www.safinel.fr\/pt\/author\/naj\/"}]}},"_links":{"self":[{"href":"https:\/\/www.safinel.fr\/pt\/wp-json\/wp\/v2\/posts\/12053","targetHints":{"allow":["GET"]}}],"collection":[{"href":"https:\/\/www.safinel.fr\/pt\/wp-json\/wp\/v2\/posts"}],"about":[{"href":"https:\/\/www.safinel.fr\/pt\/wp-json\/wp\/v2\/types\/post"}],"author":[{"embeddable":true,"href":"https:\/\/www.safinel.fr\/pt\/wp-json\/wp\/v2\/users\/156"}],"replies":[{"embeddable":true,"href":"https:\/\/www.safinel.fr\/pt\/wp-json\/wp\/v2\/comments?post=12053"}],"version-history":[{"count":1,"href":"https:\/\/www.safinel.fr\/pt\/wp-json\/wp\/v2\/posts\/12053\/revisions"}],"predecessor-version":[{"id":12055,"href":"https:\/\/www.safinel.fr\/pt\/wp-json\/wp\/v2\/posts\/12053\/revisions\/12055"}],"wp:featuredmedia":[{"embeddable":true,"href":"https:\/\/www.safinel.fr\/pt\/wp-json\/wp\/v2\/media\/12054"}],"wp:attachment":[{"href":"https:\/\/www.safinel.fr\/pt\/wp-json\/wp\/v2\/media?parent=12053"}],"wp:term":[{"taxonomy":"category","embeddable":true,"href":"https:\/\/www.safinel.fr\/pt\/wp-json\/wp\/v2\/categories?post=12053"},{"taxonomy":"post_tag","embeddable":true,"href":"https:\/\/www.safinel.fr\/pt\/wp-json\/wp\/v2\/tags?post=12053"}],"curies":[{"name":"wp","href":"https:\/\/api.w.org\/{rel}","templated":true}]}}