{"id":11712,"date":"2024-02-13T17:18:04","date_gmt":"2024-02-13T17:18:04","guid":{"rendered":"https:\/\/www.safinel.fr\/?p=11712"},"modified":"2024-02-13T17:18:05","modified_gmt":"2024-02-13T17:18:05","slug":"aves-africanas","status":"publish","type":"post","link":"https:\/\/www.safinel.fr\/pt\/aves-africanas\/","title":{"rendered":"As extraordin\u00e1rias aves africanas: uma viagem pelas suas esp\u00e9cies"},"content":{"rendered":"<p>\u00c1frica \u00e9 um <strong><a href=\"https:\/\/www.safinel.fr\/pt\/continente-africano\/\">continente rico em biodiversidade<\/a><\/strong>, que abriga uma incr\u00edvel variedade de aves. Das majestosas \u00e1guias aos coloridos tecel\u00f5es, descubra as fascinantes esp\u00e9cies de aves africanas neste artigo.<\/p>\n\n\n\n<h2 class=\"wp-block-heading\"><strong>Ploceus cucullatus \u2013 O tecel\u00e3o-preto<\/strong><\/h2>\n\n\n\n<p><strong>O tecel\u00e3o-preto, tamb\u00e9m chamado de tecel\u00e3o-de-costas-pretas<\/strong>, \u00e9 um pequeno p\u00e1ssaro africano que vive principalmente nas zonas h\u00famidas da \u00c1frica Ocidental e Central. A sua plumagem \u00e9 principalmente amarela com detalhes pretos nas costas e no peito, o que lhe d\u00e1 o seu nome. Os tecel\u00f5es s\u00e3o conhecidos pela sua capacidade de construir ninhos complexos, suspensos nos galhos das \u00e1rvores perto da \u00e1gua, onde criam os seus filhotes.<\/p>\n\n\n\n<h2 class=\"wp-block-heading\"><strong>Aquila nipalensis \u2013 A \u00e1guia das estepes<\/strong><\/h2>\n\n\n\n<p>Frequentemente observado no Norte e no Leste de \u00c1frica,&nbsp;<strong>a \u00e1guia das estepes<\/strong>, ou \u00e1guia-das-estepes, \u00e9 uma magn\u00edfica criatura com plumagem escura e olhos penetrantes. Esta ave poderosa \u00e9 uma ca\u00e7adora formid\u00e1vel, alimentando-se principalmente de mam\u00edferos de tamanho m\u00e9dio e carni\u00e7a. Embora seja considerada um s\u00edmbolo de for\u00e7a e coragem, algumas popula\u00e7\u00f5es de \u00e1guias-das-estepes est\u00e3o infelizmente amea\u00e7adas pela perda de habitat e pela ca\u00e7a ilegal.<\/p>\n\n\n\n<h2 class=\"wp-block-heading\"><strong>Struthio camelus \u2013 A avestruz africana<\/strong><\/h2>\n\n\n\n<p>O\u2019<strong>avestruz africana<\/strong>, ou avestruz africana, \u00e9 a maior ave do mundo e tamb\u00e9m \u00e9 conhecida por ser uma das aves mais r\u00e1pidas em terra. Nativa da \u00c1frica, esta esp\u00e9cie \u00e9 encontrada principalmente em regi\u00f5es des\u00e9rticas e semides\u00e9rticas, bem como nas savanas do continente. As avestruzes t\u00eam uma plumagem macia e flex\u00edvel, muito procurada para a fabrica\u00e7\u00e3o de diversos produtos, como roupas e acess\u00f3rios.<\/p>\n\n\n\n<h3 class=\"wp-block-heading\"><strong>Calidris acuminata \u2013 O ma\u00e7arico-de-cauda-afiada<\/strong><\/h3>\n\n\n\n<p>Este pequeno p\u00e1ssaro esguio \u00e9&nbsp;<strong>o ma\u00e7arico-de-cauda-afiada<\/strong>, ou ma\u00e7arico-de-cauda-afiada. Esta ave lim\u00edcola tem uma ampla distribui\u00e7\u00e3o geogr\u00e1fica em \u00c1frica, especialmente na \u00c1frica Austral, onde \u00e9 bastante comum. Alimenta-se principalmente de insetos e moluscos e possui um bico longo e fino que lhe permite escavar a lama para encontrar o seu alimento.<\/p>\n\n\n\n<h3 class=\"wp-block-heading\"><strong>Ardea cinerea \u2013 A gar\u00e7a-real<\/strong><\/h3>\n\n\n\n<p>Tamb\u00e9m chamado de\u00a0<strong>gar\u00e7a-real<\/strong>, A gar\u00e7a-real \u00e9 uma grande ave pernalta presente em muitas zonas h\u00famidas de \u00c1frica. A sua silhueta elegante e plumagem cinzenta prateada tornam-na facilmente reconhec\u00edvel. Paciente e silenciosa, espera geralmente perto de corpos de \u00e1gua para capturar peixes, r\u00e3s e outros anf\u00edbios, dos quais se alimenta.<\/p>\n\n\n\n<h2 class=\"wp-block-heading\"><strong>Tockus leucomelas \u2013 O calau-de-bico-amarelo<\/strong><\/h2>\n\n\n\n<p>Caracterizado pelo seu grande bico curvo e colorido,&nbsp;<strong>o calau-de-bico-amarelo<\/strong>, ou calau-de-bico-amarelo, \u00e9 frequentemente avistado nas savanas africanas. Esta ave omn\u00edvora alimenta-se principalmente de frutos e insetos e tem capacidades de voo limitadas devido \u00e0 sua morfologia. Os calaus-de-bico-amarelo vivem normalmente em casais ou em pequenos grupos familiares.<\/p>\n\n\n\n<h3 class=\"wp-block-heading\"><strong>Ciconia nigra \u2013 A cegonha-preta<\/strong><\/h3>\n\n\n\n<p><strong>A cegonha negra<\/strong>&nbsp;\u00e9 uma esp\u00e9cie de grande ave pernalta que vive principalmente nas florestas do norte e centro de \u00c1frica. A sua plumagem escura permite-lhe camuflar-se facilmente nas zonas arborizadas onde habita. As cegonhas-pretas nidificam em \u00e1rvores e alimentam-se principalmente de peixes, anf\u00edbios e pequenos mam\u00edferos.<\/p>\n\n\n\n<h3 class=\"wp-block-heading\"><strong>Anhinga rufa \u2013 O corvo-marinho-africano<\/strong><\/h3>\n\n\n\n<p>O\u00a0<strong>corvo-marinho africano<\/strong>, tamb\u00e9m chamado de mergulh\u00e3o-africano, \u00e9 uma ave aqu\u00e1tica presente na maioria das zonas h\u00famidas do continente africano. Passa muito tempo na \u00e1gua, onde pesca gra\u00e7as ao seu bico afilado. Apelidado de \u00abserpente com penas\u00bb devido ao seu pesco\u00e7o comprido. O corvo-marinho-africano \u00e9 uma esp\u00e9cie protegida em muitos pa\u00edses devido ao risco de extin\u00e7\u00e3o associado \u00e0 perda de habitats.<\/p>\n\n\n\n<h2 class=\"wp-block-heading\"><strong>Uma infinidade de outras aves africanas<\/strong><\/h2>\n\n\n\n<p>Estas s\u00e3o apenas algumas das in\u00fameras esp\u00e9cies de aves que habitam a \u00c1frica. Entre outras esp\u00e9cies not\u00e1veis, podemos citar:<\/p>\n\n\n\n<ul class=\"wp-block-list\">\n<li>O cuco africano (african cuckoo)<\/li>\n\n\n\n<li>O falc\u00e3o-merlin (merlin falcon)<\/li>\n\n\n\n<li>A galinha-d'\u00e1gua (moorhen)<\/li>\n\n\n\n<li>O ganga cata (ganga cata)<\/li>\n\n\n\n<li>O papa-moscas-do-atlante (african redstart)<\/li>\n<\/ul>\n\n\n\n<p>\u00c1frica possui um patrim\u00f3nio natural extraordin\u00e1rio e abriga algumas das esp\u00e9cies de aves mais not\u00e1veis do mundo. <\/p>\n\n\n\n<p>A diversidade das aves africanas reflete a diversidade do pr\u00f3prio continente, composto por ecossistemas variados, que v\u00e3o desde desertos a florestas tropicais.<\/p>","protected":false},"excerpt":{"rendered":"<p>\u00c1frica \u00e9 um continente rico em biodiversidade, abrigando uma incr\u00edvel variedade de aves. Das majestosas \u00e1guias aos coloridos tecel\u00f5es, descubra as fascinantes esp\u00e9cies de aves africanas neste artigo. Ploceus cucullatus \u2013 O tecel\u00e3o-preto O tecel\u00e3o-preto, tamb\u00e9m chamado de black-backed weaver, \u00e9 um pequeno passeriforme africano que vive principalmente nas zonas h\u00famidas da \u00c1frica Ocidental e Central. [\u2026]","protected":false},"author":156,"featured_media":11713,"comment_status":"closed","ping_status":"closed","sticky":false,"template":"","format":"standard","meta":{"footnotes":""},"categories":[1],"tags":[],"class_list":["post-11712","post","type-post","status-publish","format-standard","has-post-thumbnail","hentry","category-divers"],"yoast_head":"<!-- This site is optimized with the Yoast SEO plugin v26.6 - https:\/\/yoast.com\/wordpress\/plugins\/seo\/ -->\n<title>Oiseaux africains | \u00c0 la d\u00e9couverte des nombreuses vari\u00e9t\u00e9s<\/title>\n<meta name=\"description\" content=\"L&#039;Afrique est un continent riche en biodiversit\u00e9, abritant une incroyable vari\u00e9t\u00e9 d&#039;oiseaux. Zoom sur les oiseaux africains\" \/>\n<meta name=\"robots\" content=\"index, follow, max-snippet:-1, max-image-preview:large, max-video-preview:-1\" \/>\n<link rel=\"canonical\" href=\"https:\/\/www.safinel.fr\/pt\/aves-africanas\/\" \/>\n<meta property=\"og:locale\" content=\"pt_PT\" \/>\n<meta property=\"og:type\" content=\"article\" \/>\n<meta property=\"og:title\" content=\"Oiseaux africains | \u00c0 la d\u00e9couverte des nombreuses vari\u00e9t\u00e9s\" \/>\n<meta property=\"og:description\" content=\"L&#039;Afrique est un continent riche en biodiversit\u00e9, abritant une incroyable vari\u00e9t\u00e9 d&#039;oiseaux. Zoom sur les oiseaux africains\" \/>\n<meta property=\"og:url\" content=\"https:\/\/www.safinel.fr\/pt\/aves-africanas\/\" \/>\n<meta property=\"og:site_name\" content=\"Safinel\" \/>\n<meta property=\"article:published_time\" content=\"2024-02-13T17:18:04+00:00\" \/>\n<meta property=\"article:modified_time\" content=\"2024-02-13T17:18:05+00:00\" \/>\n<meta property=\"og:image\" content=\"https:\/\/www.safinel.fr\/wp-content\/uploads\/2024\/02\/Les-extraordinaires-oiseaux-africains.jpg\" \/>\n\t<meta property=\"og:image:width\" content=\"1100\" \/>\n\t<meta property=\"og:image:height\" content=\"578\" \/>\n\t<meta property=\"og:image:type\" content=\"image\/jpeg\" \/>\n<meta name=\"author\" content=\"Naj\" \/>\n<meta name=\"twitter:card\" content=\"summary_large_image\" \/>\n<meta name=\"twitter:label1\" content=\"Escrito por\" \/>\n\t<meta name=\"twitter:data1\" content=\"Naj\" \/>\n\t<meta name=\"twitter:label2\" content=\"Tempo estimado de leitura\" \/>\n\t<meta name=\"twitter:data2\" content=\"4 minutos\" \/>\n<script type=\"application\/ld+json\" class=\"yoast-schema-graph\">{\"@context\":\"https:\/\/schema.org\",\"@graph\":[{\"@type\":\"Article\",\"@id\":\"https:\/\/www.safinel.fr\/oiseaux-africains\/#article\",\"isPartOf\":{\"@id\":\"https:\/\/www.safinel.fr\/oiseaux-africains\/\"},\"author\":{\"name\":\"Naj\",\"@id\":\"https:\/\/www.safinel.fr\/#\/schema\/person\/47f7357f8aa8a41a796811d3f8a3e055\"},\"headline\":\"Les extraordinaires oiseaux africains : un voyage \u00e0 travers leurs esp\u00e8ces\",\"datePublished\":\"2024-02-13T17:18:04+00:00\",\"dateModified\":\"2024-02-13T17:18:05+00:00\",\"mainEntityOfPage\":{\"@id\":\"https:\/\/www.safinel.fr\/oiseaux-africains\/\"},\"wordCount\":763,\"publisher\":{\"@id\":\"https:\/\/www.safinel.fr\/#organization\"},\"image\":{\"@id\":\"https:\/\/www.safinel.fr\/oiseaux-africains\/#primaryimage\"},\"thumbnailUrl\":\"https:\/\/www.safinel.fr\/wp-content\/uploads\/2024\/02\/Les-extraordinaires-oiseaux-africains.jpg\",\"articleSection\":[\"Divers\"],\"inLanguage\":\"pt-PT\"},{\"@type\":\"WebPage\",\"@id\":\"https:\/\/www.safinel.fr\/oiseaux-africains\/\",\"url\":\"https:\/\/www.safinel.fr\/oiseaux-africains\/\",\"name\":\"Oiseaux africains | \u00c0 la d\u00e9couverte des nombreuses vari\u00e9t\u00e9s\",\"isPartOf\":{\"@id\":\"https:\/\/www.safinel.fr\/#website\"},\"primaryImageOfPage\":{\"@id\":\"https:\/\/www.safinel.fr\/oiseaux-africains\/#primaryimage\"},\"image\":{\"@id\":\"https:\/\/www.safinel.fr\/oiseaux-africains\/#primaryimage\"},\"thumbnailUrl\":\"https:\/\/www.safinel.fr\/wp-content\/uploads\/2024\/02\/Les-extraordinaires-oiseaux-africains.jpg\",\"datePublished\":\"2024-02-13T17:18:04+00:00\",\"dateModified\":\"2024-02-13T17:18:05+00:00\",\"description\":\"L'Afrique est un continent riche en biodiversit\u00e9, abritant une incroyable vari\u00e9t\u00e9 d'oiseaux. Zoom sur les oiseaux africains\",\"breadcrumb\":{\"@id\":\"https:\/\/www.safinel.fr\/oiseaux-africains\/#breadcrumb\"},\"inLanguage\":\"pt-PT\",\"potentialAction\":[{\"@type\":\"ReadAction\",\"target\":[\"https:\/\/www.safinel.fr\/oiseaux-africains\/\"]}]},{\"@type\":\"ImageObject\",\"inLanguage\":\"pt-PT\",\"@id\":\"https:\/\/www.safinel.fr\/oiseaux-africains\/#primaryimage\",\"url\":\"https:\/\/www.safinel.fr\/wp-content\/uploads\/2024\/02\/Les-extraordinaires-oiseaux-africains.jpg\",\"contentUrl\":\"https:\/\/www.safinel.fr\/wp-content\/uploads\/2024\/02\/Les-extraordinaires-oiseaux-africains.jpg\",\"width\":1100,\"height\":578,\"caption\":\"oiseaux africains\"},{\"@type\":\"BreadcrumbList\",\"@id\":\"https:\/\/www.safinel.fr\/oiseaux-africains\/#breadcrumb\",\"itemListElement\":[{\"@type\":\"ListItem\",\"position\":1,\"name\":\"Accueil\",\"item\":\"https:\/\/www.safinel.fr\/\"},{\"@type\":\"ListItem\",\"position\":2,\"name\":\"Les extraordinaires oiseaux africains : un voyage \u00e0 travers leurs esp\u00e8ces\"}]},{\"@type\":\"WebSite\",\"@id\":\"https:\/\/www.safinel.fr\/#website\",\"url\":\"https:\/\/www.safinel.fr\/\",\"name\":\"Safinel\",\"description\":\"\",\"publisher\":{\"@id\":\"https:\/\/www.safinel.fr\/#organization\"},\"potentialAction\":[{\"@type\":\"SearchAction\",\"target\":{\"@type\":\"EntryPoint\",\"urlTemplate\":\"https:\/\/www.safinel.fr\/?s={search_term_string}\"},\"query-input\":{\"@type\":\"PropertyValueSpecification\",\"valueRequired\":true,\"valueName\":\"search_term_string\"}}],\"inLanguage\":\"pt-PT\"},{\"@type\":\"Organization\",\"@id\":\"https:\/\/www.safinel.fr\/#organization\",\"name\":\"Safinel\",\"url\":\"https:\/\/www.safinel.fr\/\",\"logo\":{\"@type\":\"ImageObject\",\"inLanguage\":\"pt-PT\",\"@id\":\"https:\/\/www.safinel.fr\/#\/schema\/logo\/image\/\",\"url\":\"https:\/\/www.safinel.fr\/wp-content\/uploads\/2021\/05\/boutique-cosmetique.png\",\"contentUrl\":\"https:\/\/www.safinel.fr\/wp-content\/uploads\/2021\/05\/boutique-cosmetique.png\",\"width\":800,\"height\":200,\"caption\":\"Safinel\"},\"image\":{\"@id\":\"https:\/\/www.safinel.fr\/#\/schema\/logo\/image\/\"}},{\"@type\":\"Person\",\"@id\":\"https:\/\/www.safinel.fr\/#\/schema\/person\/47f7357f8aa8a41a796811d3f8a3e055\",\"name\":\"Naj\",\"image\":{\"@type\":\"ImageObject\",\"inLanguage\":\"pt-PT\",\"@id\":\"https:\/\/www.safinel.fr\/#\/schema\/person\/image\/\",\"url\":\"https:\/\/secure.gravatar.com\/avatar\/5c0fa4f0bce748d4964b7d68e4b0ee1d8e3120edba58a55893ced967bd2093b5?s=96&d=mm&r=g\",\"contentUrl\":\"https:\/\/secure.gravatar.com\/avatar\/5c0fa4f0bce748d4964b7d68e4b0ee1d8e3120edba58a55893ced967bd2093b5?s=96&d=mm&r=g\",\"caption\":\"Naj\"},\"url\":\"https:\/\/www.safinel.fr\/pt\/author\/naj\/\"}]}<\/script>\n<!-- \/ Yoast SEO plugin. -->","yoast_head_json":{"title":"Aves africanas | \u00c0 descoberta das in\u00fameras variedades","description":"\u00c1frica \u00e9 um continente rico em biodiversidade, abrigando uma incr\u00edvel variedade de aves. Zoom sobre as aves africanas","robots":{"index":"index","follow":"follow","max-snippet":"max-snippet:-1","max-image-preview":"max-image-preview:large","max-video-preview":"max-video-preview:-1"},"canonical":"https:\/\/www.safinel.fr\/pt\/aves-africanas\/","og_locale":"pt_PT","og_type":"article","og_title":"Oiseaux africains | \u00c0 la d\u00e9couverte des nombreuses vari\u00e9t\u00e9s","og_description":"L'Afrique est un continent riche en biodiversit\u00e9, abritant une incroyable vari\u00e9t\u00e9 d'oiseaux. Zoom sur les oiseaux africains","og_url":"https:\/\/www.safinel.fr\/pt\/aves-africanas\/","og_site_name":"Safinel","article_published_time":"2024-02-13T17:18:04+00:00","article_modified_time":"2024-02-13T17:18:05+00:00","og_image":[{"width":1100,"height":578,"url":"https:\/\/www.safinel.fr\/wp-content\/uploads\/2024\/02\/Les-extraordinaires-oiseaux-africains.jpg","type":"image\/jpeg"}],"author":"Naj","twitter_card":"summary_large_image","twitter_misc":{"Escrito por":"Naj","Tempo estimado de leitura":"4 minutos"},"schema":{"@context":"https:\/\/schema.org","@graph":[{"@type":"Article","@id":"https:\/\/www.safinel.fr\/oiseaux-africains\/#article","isPartOf":{"@id":"https:\/\/www.safinel.fr\/oiseaux-africains\/"},"author":{"name":"Naj","@id":"https:\/\/www.safinel.fr\/#\/schema\/person\/47f7357f8aa8a41a796811d3f8a3e055"},"headline":"Les extraordinaires oiseaux africains : un voyage \u00e0 travers leurs esp\u00e8ces","datePublished":"2024-02-13T17:18:04+00:00","dateModified":"2024-02-13T17:18:05+00:00","mainEntityOfPage":{"@id":"https:\/\/www.safinel.fr\/oiseaux-africains\/"},"wordCount":763,"publisher":{"@id":"https:\/\/www.safinel.fr\/#organization"},"image":{"@id":"https:\/\/www.safinel.fr\/oiseaux-africains\/#primaryimage"},"thumbnailUrl":"https:\/\/www.safinel.fr\/wp-content\/uploads\/2024\/02\/Les-extraordinaires-oiseaux-africains.jpg","articleSection":["Divers"],"inLanguage":"pt-PT"},{"@type":"WebPage","@id":"https:\/\/www.safinel.fr\/oiseaux-africains\/","url":"https:\/\/www.safinel.fr\/oiseaux-africains\/","name":"Aves africanas | \u00c0 descoberta das in\u00fameras variedades","isPartOf":{"@id":"https:\/\/www.safinel.fr\/#website"},"primaryImageOfPage":{"@id":"https:\/\/www.safinel.fr\/oiseaux-africains\/#primaryimage"},"image":{"@id":"https:\/\/www.safinel.fr\/oiseaux-africains\/#primaryimage"},"thumbnailUrl":"https:\/\/www.safinel.fr\/wp-content\/uploads\/2024\/02\/Les-extraordinaires-oiseaux-africains.jpg","datePublished":"2024-02-13T17:18:04+00:00","dateModified":"2024-02-13T17:18:05+00:00","description":"\u00c1frica \u00e9 um continente rico em biodiversidade, abrigando uma incr\u00edvel variedade de aves. Zoom sobre as aves africanas","breadcrumb":{"@id":"https:\/\/www.safinel.fr\/oiseaux-africains\/#breadcrumb"},"inLanguage":"pt-PT","potentialAction":[{"@type":"ReadAction","target":["https:\/\/www.safinel.fr\/oiseaux-africains\/"]}]},{"@type":"ImageObject","inLanguage":"pt-PT","@id":"https:\/\/www.safinel.fr\/oiseaux-africains\/#primaryimage","url":"https:\/\/www.safinel.fr\/wp-content\/uploads\/2024\/02\/Les-extraordinaires-oiseaux-africains.jpg","contentUrl":"https:\/\/www.safinel.fr\/wp-content\/uploads\/2024\/02\/Les-extraordinaires-oiseaux-africains.jpg","width":1100,"height":578,"caption":"oiseaux africains"},{"@type":"BreadcrumbList","@id":"https:\/\/www.safinel.fr\/oiseaux-africains\/#breadcrumb","itemListElement":[{"@type":"ListItem","position":1,"name":"Accueil","item":"https:\/\/www.safinel.fr\/"},{"@type":"ListItem","position":2,"name":"Les extraordinaires oiseaux africains : un voyage \u00e0 travers leurs esp\u00e8ces"}]},{"@type":"WebSite","@id":"https:\/\/www.safinel.fr\/#website","url":"https:\/\/www.safinel.fr\/","name":"Safinel","description":"","publisher":{"@id":"https:\/\/www.safinel.fr\/#organization"},"potentialAction":[{"@type":"SearchAction","target":{"@type":"EntryPoint","urlTemplate":"https:\/\/www.safinel.fr\/?s={search_term_string}"},"query-input":{"@type":"PropertyValueSpecification","valueRequired":true,"valueName":"search_term_string"}}],"inLanguage":"pt-PT"},{"@type":"Organization","@id":"https:\/\/www.safinel.fr\/#organization","name":"Safinel","url":"https:\/\/www.safinel.fr\/","logo":{"@type":"ImageObject","inLanguage":"pt-PT","@id":"https:\/\/www.safinel.fr\/#\/schema\/logo\/image\/","url":"https:\/\/www.safinel.fr\/wp-content\/uploads\/2021\/05\/boutique-cosmetique.png","contentUrl":"https:\/\/www.safinel.fr\/wp-content\/uploads\/2021\/05\/boutique-cosmetique.png","width":800,"height":200,"caption":"Safinel"},"image":{"@id":"https:\/\/www.safinel.fr\/#\/schema\/logo\/image\/"}},{"@type":"Person","@id":"https:\/\/www.safinel.fr\/#\/schema\/person\/47f7357f8aa8a41a796811d3f8a3e055","name":"Naj","image":{"@type":"ImageObject","inLanguage":"pt-PT","@id":"https:\/\/www.safinel.fr\/#\/schema\/person\/image\/","url":"https:\/\/secure.gravatar.com\/avatar\/5c0fa4f0bce748d4964b7d68e4b0ee1d8e3120edba58a55893ced967bd2093b5?s=96&d=mm&r=g","contentUrl":"https:\/\/secure.gravatar.com\/avatar\/5c0fa4f0bce748d4964b7d68e4b0ee1d8e3120edba58a55893ced967bd2093b5?s=96&d=mm&r=g","caption":"Naj"},"url":"https:\/\/www.safinel.fr\/pt\/author\/naj\/"}]}},"_links":{"self":[{"href":"https:\/\/www.safinel.fr\/pt\/wp-json\/wp\/v2\/posts\/11712","targetHints":{"allow":["GET"]}}],"collection":[{"href":"https:\/\/www.safinel.fr\/pt\/wp-json\/wp\/v2\/posts"}],"about":[{"href":"https:\/\/www.safinel.fr\/pt\/wp-json\/wp\/v2\/types\/post"}],"author":[{"embeddable":true,"href":"https:\/\/www.safinel.fr\/pt\/wp-json\/wp\/v2\/users\/156"}],"replies":[{"embeddable":true,"href":"https:\/\/www.safinel.fr\/pt\/wp-json\/wp\/v2\/comments?post=11712"}],"version-history":[{"count":1,"href":"https:\/\/www.safinel.fr\/pt\/wp-json\/wp\/v2\/posts\/11712\/revisions"}],"predecessor-version":[{"id":11714,"href":"https:\/\/www.safinel.fr\/pt\/wp-json\/wp\/v2\/posts\/11712\/revisions\/11714"}],"wp:featuredmedia":[{"embeddable":true,"href":"https:\/\/www.safinel.fr\/pt\/wp-json\/wp\/v2\/media\/11713"}],"wp:attachment":[{"href":"https:\/\/www.safinel.fr\/pt\/wp-json\/wp\/v2\/media?parent=11712"}],"wp:term":[{"taxonomy":"category","embeddable":true,"href":"https:\/\/www.safinel.fr\/pt\/wp-json\/wp\/v2\/categories?post=11712"},{"taxonomy":"post_tag","embeddable":true,"href":"https:\/\/www.safinel.fr\/pt\/wp-json\/wp\/v2\/tags?post=11712"}],"curies":[{"name":"wp","href":"https:\/\/api.w.org\/{rel}","templated":true}]}}