{"id":11373,"date":"2024-02-01T20:04:13","date_gmt":"2024-02-01T20:04:13","guid":{"rendered":"https:\/\/www.safinel.fr\/?p=11373"},"modified":"2024-02-01T20:04:13","modified_gmt":"2024-02-01T20:04:13","slug":"detergentes-recarregaveis","status":"publish","type":"post","link":"https:\/\/www.safinel.fr\/pt\/detergentes-recarregaveis\/","title":{"rendered":"5 raz\u00f5es para optar por detergentes recarreg\u00e1veis"},"content":{"rendered":"<p>Lavar roupa \u00e9 uma atividade inevit\u00e1vel, mas tamb\u00e9m uma fonte de problemas ambientais e gastos desnecess\u00e1rios. Na verdade, os detergentes tradicionais cont\u00eam subst\u00e2ncias qu\u00edmicas perigosas para a sa\u00fade e o meio ambiente e s\u00e3o embalados em embalagens pl\u00e1sticas descart\u00e1veis. Felizmente, existe uma solu\u00e7\u00e3o mais ecol\u00f3gica e econ\u00f3mica: os detergentes recarreg\u00e1veis. Descubra cinco raz\u00f5es para preferi-los.<\/p>\n\n\n\n<h2 class=\"wp-block-heading\"><strong>1. Reduzir o impacto ambiental<\/strong><\/h2>\n\n\n\n<p>Ao optar por uma\u00a0<a href=\"https:\/\/shop.pimpant.com\/\"><strong>detergente recarreg\u00e1vel<\/strong><\/a>, estamos a fazer um gesto pelo planeta. Na verdade, os detergentes recarreg\u00e1veis s\u00e3o compostos por ingredientes naturais e biodegrad\u00e1veis, que respeitam a pele e os tecidos. N\u00e3o cont\u00eam desreguladores end\u00f3crinos, corantes, perfumes artificiais nem conservantes. Se procura detergentes recarreg\u00e1veis, consulte a loja online da Pimpant, um fabricante franc\u00eas conhecido pela vertente ecol\u00f3gica dos seus produtos.<\/p>\n\n\n\n<p>Os detergentes recarreg\u00e1veis Pimpan s\u00e3o vendidos em embalagens reutiliz\u00e1veis e recicl\u00e1veis, como garrafas de vidro. Assim, evita gerar res\u00edduos pl\u00e1sticos a cada lavagem. Basta comprar as recargas em p\u00f3 e dilu\u00ed-las em \u00e1gua para renovar o seu produto.<\/p>\n\n\n\n<h2 class=\"wp-block-heading\"><strong>2. Economizar dinheiro<\/strong><\/h2>\n\n\n\n<p>Al\u00e9m disso, os detergentes recarreg\u00e1veis permitem-lhe poupar dinheiro. Estes produtos s\u00e3o mais concentrados do que os detergentes convencionais e, por isso, mais eficazes. Basta usar uma pequena quantidade para obter roupa limpa e perfumada. Assim, consome menos detergente e o seu frasco dura mais tempo. Al\u00e9m disso, os detergentes recarreg\u00e1veis s\u00e3o frequentemente mais baratos do que os convencionais, especialmente se forem comprados por assinatura.<\/p>\n\n\n\n<h2 class=\"wp-block-heading\"><strong>3. Simplificar o seu dia a dia<\/strong><\/h2>\n\n\n\n<p>Ao escolher um detergente recarreg\u00e1vel, tamb\u00e9m simplifica o seu dia a dia. Estes detergentes s\u00e3o adequados para todos os tipos de roupa e todas as temperaturas. Tamb\u00e9m s\u00e3o compat\u00edveis com m\u00e1quinas de lavar cl\u00e1ssicas ou ecol\u00f3gicas e com a lavagem \u00e0 m\u00e3o.<\/p>\n\n\n\n<p>Gra\u00e7as ao seu bocal doseador ou bomba, estes produtos s\u00e3o f\u00e1ceis de usar. Basta colocar a dose necess\u00e1ria do produto no compartimento da m\u00e1quina de lavar roupa ou diretamente na <strong><a href=\"https:\/\/www.safinel.fr\/pt\/pequeno-tambor-africano\/\">tambor<\/a><\/strong>, para obter resultados. Os detergentes recarreg\u00e1veis s\u00e3o, portanto, pr\u00e1ticos e agrad\u00e1veis de usar.<\/p>\n\n\n\n<h2 class=\"wp-block-heading\"><strong>4. Apoiar uma economia local e solid\u00e1ria<\/strong><\/h2>\n\n\n\n<p>Escolher um detergente recarreg\u00e1vel \u00e9 uma forma de apoiar a economia local. Na verdade, esses produtos s\u00e3o geralmente fabricados em Fran\u00e7a, em oficinas artesanais e por empresas locais. Essas empresas privilegiam circuitos curtos e cadeias de abastecimento justas, adquirindo ingredientes locais ou provenientes do com\u00e9rcio justo.<\/p>\n\n\n\n<p>Essas empresas est\u00e3o comprometidas com pr\u00e1ticas \u00e9ticas e respons\u00e1veis, apoiando associa\u00e7\u00f5es ou projetos ambientais. Ao comprar um detergente recarreg\u00e1vel, voc\u00ea contribui para um consumo mais consciente e solid\u00e1rio.<\/p>\n\n\n\n<h2 class=\"wp-block-heading\"><strong>5. Desfrute de uma experi\u00eancia sensorial<\/strong><\/h2>\n\n\n\n<p>Os detergentes recarreg\u00e1veis oferecem, ainda assim, uma experi\u00eancia sensorial. Na verdade, eles s\u00e3o formulados com ingredientes naturais e \u00f3leos essenciais, que oferecem aromas delicados e variados. <\/p>\n\n\n\n<p>Estes produtos deixam a roupa macia e perfumada, proporcionando uma sensa\u00e7\u00e3o de bem-estar. S\u00e3o apresentados em frascos elegantes, que embelezam a casa de banho ou a lavandaria. Os detergentes recarreg\u00e1veis est\u00e3o dispon\u00edveis em v\u00e1rias cores e formatos, sendo um prazer para os olhos e para o nariz.<\/p>","protected":false},"excerpt":{"rendered":"<p>Lavar a roupa \u00e9 uma atividade inevit\u00e1vel, mas tamb\u00e9m uma fonte de problemas ambientais e despesas desnecess\u00e1rias. Na verdade, os detergentes tradicionais cont\u00eam subst\u00e2ncias qu\u00edmicas perigosas para a sa\u00fade e o meio ambiente e s\u00e3o embalados em embalagens pl\u00e1sticas descart\u00e1veis. Felizmente, existe uma solu\u00e7\u00e3o mais ecol\u00f3gica e econ\u00f3mica: os detergentes [\u2026]","protected":false},"author":156,"featured_media":11374,"comment_status":"closed","ping_status":"closed","sticky":false,"template":"","format":"standard","meta":{"footnotes":""},"categories":[1],"tags":[],"class_list":["post-11373","post","type-post","status-publish","format-standard","has-post-thumbnail","hentry","category-divers"],"yoast_head":"<!-- This site is optimized with the Yoast SEO plugin v26.6 - https:\/\/yoast.com\/wordpress\/plugins\/seo\/ -->\n<title>Lessives rechargeables | 5 raisons \u00e0 d\u00e9couvrir dans ce guide<\/title>\n<meta name=\"description\" content=\"Il existe une solution plus verte et plus \u00e9conomique\u00a0: les lessives rechargeables. D\u00e9couvrez cinq raisons de les pr\u00e9f\u00e9rer.\" \/>\n<meta name=\"robots\" content=\"index, follow, max-snippet:-1, max-image-preview:large, max-video-preview:-1\" \/>\n<link rel=\"canonical\" href=\"https:\/\/www.safinel.fr\/pt\/detergentes-recarregaveis\/\" \/>\n<meta property=\"og:locale\" content=\"pt_PT\" \/>\n<meta property=\"og:type\" content=\"article\" \/>\n<meta property=\"og:title\" content=\"Lessives rechargeables | 5 raisons \u00e0 d\u00e9couvrir dans ce guide\" \/>\n<meta property=\"og:description\" content=\"Il existe une solution plus verte et plus \u00e9conomique\u00a0: les lessives rechargeables. D\u00e9couvrez cinq raisons de les pr\u00e9f\u00e9rer.\" \/>\n<meta property=\"og:url\" content=\"https:\/\/www.safinel.fr\/pt\/detergentes-recarregaveis\/\" \/>\n<meta property=\"og:site_name\" content=\"Safinel\" \/>\n<meta property=\"article:published_time\" content=\"2024-02-01T20:04:13+00:00\" \/>\n<meta property=\"og:image\" content=\"https:\/\/www.safinel.fr\/wp-content\/uploads\/2024\/02\/5-raisons-dopter-pour-des-lessives-rechargeables.jpg\" \/>\n\t<meta property=\"og:image:width\" content=\"1100\" \/>\n\t<meta property=\"og:image:height\" content=\"578\" \/>\n\t<meta property=\"og:image:type\" content=\"image\/jpeg\" \/>\n<meta name=\"author\" content=\"Naj\" \/>\n<meta name=\"twitter:card\" content=\"summary_large_image\" \/>\n<meta name=\"twitter:label1\" content=\"Escrito por\" \/>\n\t<meta name=\"twitter:data1\" content=\"Naj\" \/>\n\t<meta name=\"twitter:label2\" content=\"Tempo estimado de leitura\" \/>\n\t<meta name=\"twitter:data2\" content=\"3 minutos\" \/>\n<script type=\"application\/ld+json\" class=\"yoast-schema-graph\">{\"@context\":\"https:\/\/schema.org\",\"@graph\":[{\"@type\":\"Article\",\"@id\":\"https:\/\/www.safinel.fr\/lessives-rechargeables\/#article\",\"isPartOf\":{\"@id\":\"https:\/\/www.safinel.fr\/lessives-rechargeables\/\"},\"author\":{\"name\":\"Naj\",\"@id\":\"https:\/\/www.safinel.fr\/#\/schema\/person\/47f7357f8aa8a41a796811d3f8a3e055\"},\"headline\":\"5 raisons d\u2019opter pour des lessives rechargeables\",\"datePublished\":\"2024-02-01T20:04:13+00:00\",\"mainEntityOfPage\":{\"@id\":\"https:\/\/www.safinel.fr\/lessives-rechargeables\/\"},\"wordCount\":575,\"publisher\":{\"@id\":\"https:\/\/www.safinel.fr\/#organization\"},\"image\":{\"@id\":\"https:\/\/www.safinel.fr\/lessives-rechargeables\/#primaryimage\"},\"thumbnailUrl\":\"https:\/\/www.safinel.fr\/wp-content\/uploads\/2024\/02\/5-raisons-dopter-pour-des-lessives-rechargeables.jpg\",\"articleSection\":[\"Divers\"],\"inLanguage\":\"pt-PT\"},{\"@type\":\"WebPage\",\"@id\":\"https:\/\/www.safinel.fr\/lessives-rechargeables\/\",\"url\":\"https:\/\/www.safinel.fr\/lessives-rechargeables\/\",\"name\":\"Lessives rechargeables | 5 raisons \u00e0 d\u00e9couvrir dans ce guide\",\"isPartOf\":{\"@id\":\"https:\/\/www.safinel.fr\/#website\"},\"primaryImageOfPage\":{\"@id\":\"https:\/\/www.safinel.fr\/lessives-rechargeables\/#primaryimage\"},\"image\":{\"@id\":\"https:\/\/www.safinel.fr\/lessives-rechargeables\/#primaryimage\"},\"thumbnailUrl\":\"https:\/\/www.safinel.fr\/wp-content\/uploads\/2024\/02\/5-raisons-dopter-pour-des-lessives-rechargeables.jpg\",\"datePublished\":\"2024-02-01T20:04:13+00:00\",\"description\":\"Il existe une solution plus verte et plus \u00e9conomique\u00a0: les lessives rechargeables. D\u00e9couvrez cinq raisons de les pr\u00e9f\u00e9rer.\",\"breadcrumb\":{\"@id\":\"https:\/\/www.safinel.fr\/lessives-rechargeables\/#breadcrumb\"},\"inLanguage\":\"pt-PT\",\"potentialAction\":[{\"@type\":\"ReadAction\",\"target\":[\"https:\/\/www.safinel.fr\/lessives-rechargeables\/\"]}]},{\"@type\":\"ImageObject\",\"inLanguage\":\"pt-PT\",\"@id\":\"https:\/\/www.safinel.fr\/lessives-rechargeables\/#primaryimage\",\"url\":\"https:\/\/www.safinel.fr\/wp-content\/uploads\/2024\/02\/5-raisons-dopter-pour-des-lessives-rechargeables.jpg\",\"contentUrl\":\"https:\/\/www.safinel.fr\/wp-content\/uploads\/2024\/02\/5-raisons-dopter-pour-des-lessives-rechargeables.jpg\",\"width\":1100,\"height\":578,\"caption\":\"lessives rechargeables\"},{\"@type\":\"BreadcrumbList\",\"@id\":\"https:\/\/www.safinel.fr\/lessives-rechargeables\/#breadcrumb\",\"itemListElement\":[{\"@type\":\"ListItem\",\"position\":1,\"name\":\"Accueil\",\"item\":\"https:\/\/www.safinel.fr\/\"},{\"@type\":\"ListItem\",\"position\":2,\"name\":\"5 raisons d\u2019opter pour des lessives rechargeables\"}]},{\"@type\":\"WebSite\",\"@id\":\"https:\/\/www.safinel.fr\/#website\",\"url\":\"https:\/\/www.safinel.fr\/\",\"name\":\"Safinel\",\"description\":\"\",\"publisher\":{\"@id\":\"https:\/\/www.safinel.fr\/#organization\"},\"potentialAction\":[{\"@type\":\"SearchAction\",\"target\":{\"@type\":\"EntryPoint\",\"urlTemplate\":\"https:\/\/www.safinel.fr\/?s={search_term_string}\"},\"query-input\":{\"@type\":\"PropertyValueSpecification\",\"valueRequired\":true,\"valueName\":\"search_term_string\"}}],\"inLanguage\":\"pt-PT\"},{\"@type\":\"Organization\",\"@id\":\"https:\/\/www.safinel.fr\/#organization\",\"name\":\"Safinel\",\"url\":\"https:\/\/www.safinel.fr\/\",\"logo\":{\"@type\":\"ImageObject\",\"inLanguage\":\"pt-PT\",\"@id\":\"https:\/\/www.safinel.fr\/#\/schema\/logo\/image\/\",\"url\":\"https:\/\/www.safinel.fr\/wp-content\/uploads\/2021\/05\/boutique-cosmetique.png\",\"contentUrl\":\"https:\/\/www.safinel.fr\/wp-content\/uploads\/2021\/05\/boutique-cosmetique.png\",\"width\":800,\"height\":200,\"caption\":\"Safinel\"},\"image\":{\"@id\":\"https:\/\/www.safinel.fr\/#\/schema\/logo\/image\/\"}},{\"@type\":\"Person\",\"@id\":\"https:\/\/www.safinel.fr\/#\/schema\/person\/47f7357f8aa8a41a796811d3f8a3e055\",\"name\":\"Naj\",\"image\":{\"@type\":\"ImageObject\",\"inLanguage\":\"pt-PT\",\"@id\":\"https:\/\/www.safinel.fr\/#\/schema\/person\/image\/\",\"url\":\"https:\/\/secure.gravatar.com\/avatar\/5c0fa4f0bce748d4964b7d68e4b0ee1d8e3120edba58a55893ced967bd2093b5?s=96&d=mm&r=g\",\"contentUrl\":\"https:\/\/secure.gravatar.com\/avatar\/5c0fa4f0bce748d4964b7d68e4b0ee1d8e3120edba58a55893ced967bd2093b5?s=96&d=mm&r=g\",\"caption\":\"Naj\"},\"url\":\"https:\/\/www.safinel.fr\/pt\/author\/naj\/\"}]}<\/script>\n<!-- \/ Yoast SEO plugin. -->","yoast_head_json":{"title":"Detergentes recarreg\u00e1veis | 5 raz\u00f5es a descobrir neste guia","description":"Existe uma solu\u00e7\u00e3o mais ecol\u00f3gica e econ\u00f3mica: os detergentes recarreg\u00e1veis. Descubra cinco raz\u00f5es para os preferir.","robots":{"index":"index","follow":"follow","max-snippet":"max-snippet:-1","max-image-preview":"max-image-preview:large","max-video-preview":"max-video-preview:-1"},"canonical":"https:\/\/www.safinel.fr\/pt\/detergentes-recarregaveis\/","og_locale":"pt_PT","og_type":"article","og_title":"Lessives rechargeables | 5 raisons \u00e0 d\u00e9couvrir dans ce guide","og_description":"Il existe une solution plus verte et plus \u00e9conomique\u00a0: les lessives rechargeables. D\u00e9couvrez cinq raisons de les pr\u00e9f\u00e9rer.","og_url":"https:\/\/www.safinel.fr\/pt\/detergentes-recarregaveis\/","og_site_name":"Safinel","article_published_time":"2024-02-01T20:04:13+00:00","og_image":[{"width":1100,"height":578,"url":"https:\/\/www.safinel.fr\/wp-content\/uploads\/2024\/02\/5-raisons-dopter-pour-des-lessives-rechargeables.jpg","type":"image\/jpeg"}],"author":"Naj","twitter_card":"summary_large_image","twitter_misc":{"Escrito por":"Naj","Tempo estimado de leitura":"3 minutos"},"schema":{"@context":"https:\/\/schema.org","@graph":[{"@type":"Article","@id":"https:\/\/www.safinel.fr\/lessives-rechargeables\/#article","isPartOf":{"@id":"https:\/\/www.safinel.fr\/lessives-rechargeables\/"},"author":{"name":"Naj","@id":"https:\/\/www.safinel.fr\/#\/schema\/person\/47f7357f8aa8a41a796811d3f8a3e055"},"headline":"5 raisons d\u2019opter pour des lessives rechargeables","datePublished":"2024-02-01T20:04:13+00:00","mainEntityOfPage":{"@id":"https:\/\/www.safinel.fr\/lessives-rechargeables\/"},"wordCount":575,"publisher":{"@id":"https:\/\/www.safinel.fr\/#organization"},"image":{"@id":"https:\/\/www.safinel.fr\/lessives-rechargeables\/#primaryimage"},"thumbnailUrl":"https:\/\/www.safinel.fr\/wp-content\/uploads\/2024\/02\/5-raisons-dopter-pour-des-lessives-rechargeables.jpg","articleSection":["Divers"],"inLanguage":"pt-PT"},{"@type":"WebPage","@id":"https:\/\/www.safinel.fr\/lessives-rechargeables\/","url":"https:\/\/www.safinel.fr\/lessives-rechargeables\/","name":"Detergentes recarreg\u00e1veis | 5 raz\u00f5es a descobrir neste guia","isPartOf":{"@id":"https:\/\/www.safinel.fr\/#website"},"primaryImageOfPage":{"@id":"https:\/\/www.safinel.fr\/lessives-rechargeables\/#primaryimage"},"image":{"@id":"https:\/\/www.safinel.fr\/lessives-rechargeables\/#primaryimage"},"thumbnailUrl":"https:\/\/www.safinel.fr\/wp-content\/uploads\/2024\/02\/5-raisons-dopter-pour-des-lessives-rechargeables.jpg","datePublished":"2024-02-01T20:04:13+00:00","description":"Existe uma solu\u00e7\u00e3o mais ecol\u00f3gica e econ\u00f3mica: os detergentes recarreg\u00e1veis. Descubra cinco raz\u00f5es para os preferir.","breadcrumb":{"@id":"https:\/\/www.safinel.fr\/lessives-rechargeables\/#breadcrumb"},"inLanguage":"pt-PT","potentialAction":[{"@type":"ReadAction","target":["https:\/\/www.safinel.fr\/lessives-rechargeables\/"]}]},{"@type":"ImageObject","inLanguage":"pt-PT","@id":"https:\/\/www.safinel.fr\/lessives-rechargeables\/#primaryimage","url":"https:\/\/www.safinel.fr\/wp-content\/uploads\/2024\/02\/5-raisons-dopter-pour-des-lessives-rechargeables.jpg","contentUrl":"https:\/\/www.safinel.fr\/wp-content\/uploads\/2024\/02\/5-raisons-dopter-pour-des-lessives-rechargeables.jpg","width":1100,"height":578,"caption":"lessives rechargeables"},{"@type":"BreadcrumbList","@id":"https:\/\/www.safinel.fr\/lessives-rechargeables\/#breadcrumb","itemListElement":[{"@type":"ListItem","position":1,"name":"Accueil","item":"https:\/\/www.safinel.fr\/"},{"@type":"ListItem","position":2,"name":"5 raisons d\u2019opter pour des lessives rechargeables"}]},{"@type":"WebSite","@id":"https:\/\/www.safinel.fr\/#website","url":"https:\/\/www.safinel.fr\/","name":"Safinel","description":"","publisher":{"@id":"https:\/\/www.safinel.fr\/#organization"},"potentialAction":[{"@type":"SearchAction","target":{"@type":"EntryPoint","urlTemplate":"https:\/\/www.safinel.fr\/?s={search_term_string}"},"query-input":{"@type":"PropertyValueSpecification","valueRequired":true,"valueName":"search_term_string"}}],"inLanguage":"pt-PT"},{"@type":"Organization","@id":"https:\/\/www.safinel.fr\/#organization","name":"Safinel","url":"https:\/\/www.safinel.fr\/","logo":{"@type":"ImageObject","inLanguage":"pt-PT","@id":"https:\/\/www.safinel.fr\/#\/schema\/logo\/image\/","url":"https:\/\/www.safinel.fr\/wp-content\/uploads\/2021\/05\/boutique-cosmetique.png","contentUrl":"https:\/\/www.safinel.fr\/wp-content\/uploads\/2021\/05\/boutique-cosmetique.png","width":800,"height":200,"caption":"Safinel"},"image":{"@id":"https:\/\/www.safinel.fr\/#\/schema\/logo\/image\/"}},{"@type":"Person","@id":"https:\/\/www.safinel.fr\/#\/schema\/person\/47f7357f8aa8a41a796811d3f8a3e055","name":"Naj","image":{"@type":"ImageObject","inLanguage":"pt-PT","@id":"https:\/\/www.safinel.fr\/#\/schema\/person\/image\/","url":"https:\/\/secure.gravatar.com\/avatar\/5c0fa4f0bce748d4964b7d68e4b0ee1d8e3120edba58a55893ced967bd2093b5?s=96&d=mm&r=g","contentUrl":"https:\/\/secure.gravatar.com\/avatar\/5c0fa4f0bce748d4964b7d68e4b0ee1d8e3120edba58a55893ced967bd2093b5?s=96&d=mm&r=g","caption":"Naj"},"url":"https:\/\/www.safinel.fr\/pt\/author\/naj\/"}]}},"_links":{"self":[{"href":"https:\/\/www.safinel.fr\/pt\/wp-json\/wp\/v2\/posts\/11373","targetHints":{"allow":["GET"]}}],"collection":[{"href":"https:\/\/www.safinel.fr\/pt\/wp-json\/wp\/v2\/posts"}],"about":[{"href":"https:\/\/www.safinel.fr\/pt\/wp-json\/wp\/v2\/types\/post"}],"author":[{"embeddable":true,"href":"https:\/\/www.safinel.fr\/pt\/wp-json\/wp\/v2\/users\/156"}],"replies":[{"embeddable":true,"href":"https:\/\/www.safinel.fr\/pt\/wp-json\/wp\/v2\/comments?post=11373"}],"version-history":[{"count":1,"href":"https:\/\/www.safinel.fr\/pt\/wp-json\/wp\/v2\/posts\/11373\/revisions"}],"predecessor-version":[{"id":11375,"href":"https:\/\/www.safinel.fr\/pt\/wp-json\/wp\/v2\/posts\/11373\/revisions\/11375"}],"wp:featuredmedia":[{"embeddable":true,"href":"https:\/\/www.safinel.fr\/pt\/wp-json\/wp\/v2\/media\/11374"}],"wp:attachment":[{"href":"https:\/\/www.safinel.fr\/pt\/wp-json\/wp\/v2\/media?parent=11373"}],"wp:term":[{"taxonomy":"category","embeddable":true,"href":"https:\/\/www.safinel.fr\/pt\/wp-json\/wp\/v2\/categories?post=11373"},{"taxonomy":"post_tag","embeddable":true,"href":"https:\/\/www.safinel.fr\/pt\/wp-json\/wp\/v2\/tags?post=11373"}],"curies":[{"name":"wp","href":"https:\/\/api.w.org\/{rel}","templated":true}]}}