{"id":10381,"date":"2023-12-22T12:23:45","date_gmt":"2023-12-22T12:23:45","guid":{"rendered":"https:\/\/www.safinel.fr\/?p=10381"},"modified":"2023-12-22T12:23:46","modified_gmt":"2023-12-22T12:23:46","slug":"diferenca-horaria-africa-do-sul-franca","status":"publish","type":"post","link":"https:\/\/www.safinel.fr\/pt\/diferenca-horaria-africa-do-sul-franca\/","title":{"rendered":"Tudo o que precisa saber sobre a diferen\u00e7a hor\u00e1ria entre a \u00c1frica do Sul e a Fran\u00e7a"},"content":{"rendered":"<p>Quando viajar para o estrangeiro, \u00e9 essencial ter em conta a diferen\u00e7a hor\u00e1ria para planear melhor a sua estadia e aproveitar ao m\u00e1ximo as atividades. Neste artigo, forneceremos todas as informa\u00e7\u00f5es necess\u00e1rias sobre a diferen\u00e7a hor\u00e1ria entre a \u00c1frica do Sul e a Fran\u00e7a.<\/p>\n\n\n\n<h2 class=\"wp-block-heading\"><strong>Fuso hor\u00e1rio na \u00c1frica do Sul e na Fran\u00e7a<\/strong><\/h2>\n\n\n\n<p>O fuso hor\u00e1rio na Fran\u00e7a corresponde a UTC+1 quando n\u00e3o h\u00e1 hor\u00e1rio de ver\u00e3o, enquanto na \u00c1frica do Sul, o fuso hor\u00e1rio permanece constante em&nbsp;<strong>UTC\/GMT+2<\/strong>. O meridiano de Greenwich (GMT) \u00e9 usado como refer\u00eancia principal para o tempo universal coordenado (GMT\/UTC).<\/p>\n\n\n\n<p>\u00c9 importante notar que, ao contr\u00e1rio da Fran\u00e7a, a \u00c1frica do Sul n\u00e3o adota o hor\u00e1rio de ver\u00e3o. Isso significa que a diferen\u00e7a hor\u00e1ria com a Fran\u00e7a varia de acordo com a ado\u00e7\u00e3o ou n\u00e3o do hor\u00e1rio de ver\u00e3o na Fran\u00e7a.<\/p>\n\n\n\n<h2 class=\"wp-block-heading\"><strong>Diferen\u00e7a hor\u00e1ria entre a \u00c1frica do Sul e a Fran\u00e7a, dependendo das esta\u00e7\u00f5es do ano<\/strong><\/h2>\n\n\n\n<h3 class=\"wp-block-heading\"><strong>De novembro a abril<\/strong><\/h3>\n\n\n\n<p>Durante esse per\u00edodo, a Fran\u00e7a passa para o hor\u00e1rio de inverno, com fuso hor\u00e1rio UTC +1. Por outro lado, a \u00c1frica do Sul permanece no fuso hor\u00e1rio UTC+2. Consequentemente, durante esses meses, h\u00e1&nbsp;<strong>1 hora a menos de diferen\u00e7a hor\u00e1ria<\/strong>&nbsp;entre a \u00c1frica do Sul e a Fran\u00e7a. Por exemplo, quando s\u00e3o 10h00 na Fran\u00e7a, s\u00e3o 11h00 na \u00c1frica do Sul.<\/p>\n\n\n\n<h3 class=\"wp-block-heading\"><strong>De mar\u00e7o a outubro<\/strong><\/h3>\n\n\n\n<p>\u00c9 o per\u00edodo em que a Fran\u00e7a passa para o hor\u00e1rio de ver\u00e3o, e o fuso hor\u00e1rio passa a ser UTC+2, como o da \u00c1frica do Sul. Assim,&nbsp;<strong>n\u00e3o h\u00e1 diferen\u00e7a hor\u00e1ria<\/strong>&nbsp;entre estes dois pa\u00edses durante este per\u00edodo. Quando s\u00e3o 15h00 em Fran\u00e7a, tamb\u00e9m s\u00e3o 15h00 na \u00c1frica do Sul.<\/p>\n\n\n\n<h2 class=\"wp-block-heading\"><strong>Diferen\u00e7a hor\u00e1ria em diferentes cidades<\/strong><\/h2>\n\n\n\n<p>O fuso hor\u00e1rio permanece o mesmo em toda a \u00c1frica do Sul e Fran\u00e7a. Aqui est\u00e1 uma vis\u00e3o geral das horas locais de algumas cidades quando h\u00e1 diferen\u00e7a de fuso hor\u00e1rio:<\/p>\n\n\n\n<ul class=\"wp-block-list\">\n<li>Em Paris, Fran\u00e7a: 12h00<\/li>\n\n\n\n<li>Em Joanesburgo, \u00c1frica do Sul: 13h00<\/li>\n\n\n\n<li>Em Pret\u00f3ria, \u00c1frica do Sul: 13h00<\/li>\n\n\n\n<li>Na Cidade do Cabo, \u00c1frica do Sul: 13h00<\/li>\n<\/ul>\n\n\n\n<p>E quando isso n\u00e3o existe:<\/p>\n\n\n\n<ul class=\"wp-block-list\">\n<li>Em Paris, Fran\u00e7a: 14h30<\/li>\n\n\n\n<li>Em Joanesburgo, \u00c1frica do Sul: 14h30<\/li>\n\n\n\n<li>Em Pret\u00f3ria, \u00c1frica do Sul: 14h30<\/li>\n\n\n\n<li>Na Cidade do Cabo, \u00c1frica do Sul: 14h30<\/li>\n<\/ul>\n\n\n\n<h2 class=\"wp-block-heading\"><strong>Como se adaptar ao fuso hor\u00e1rio durante a sua estadia na \u00c1frica do Sul<\/strong><\/h2>\n\n\n\n<p>Adaptar-se ao fuso hor\u00e1rio pode ser dif\u00edcil, especialmente em voos longos. No entanto, \u00e9 poss\u00edvel limitar os efeitos do jet lag e aproveitar ao m\u00e1ximo a sua estadia seguindo estas dicas:<\/p>\n\n\n\n<ul class=\"wp-block-list\">\n<li><strong>Altere gradualmente<\/strong>&nbsp;os seus hor\u00e1rios de sono alguns dias antes da partida para se aproximar dos hor\u00e1rios do seu destino.<\/li>\n\n\n\n<li><strong>Hidrate-se regularmente<\/strong>&nbsp;antes, durante e ap\u00f3s o voo, para evitar a fadiga causada pela desidrata\u00e7\u00e3o.<\/li>\n\n\n\n<li><strong>Coma leve<\/strong>&nbsp;durante a viagem para facilitar a digest\u00e3o.<\/li>\n\n\n\n<li>Ao chegar, tente\u00a0<strong><a href=\"https:\/\/www.safinel.fr\/pt\/queimadura-solar-pele-negra\/\">expor ao sol<\/a><\/strong>\u00a0tanto quanto poss\u00edvel, pois a luz natural ajuda a regular o rel\u00f3gio biol\u00f3gico.<\/li>\n\n\n\n<li>Tamb\u00e9m pode ser ben\u00e9fico tirar uma soneca curta em um prazo razo\u00e1vel ap\u00f3s a sua chegada para recuperar um pouco de energia, mas \u00e9 importante evitar dormir demais para n\u00e3o desincronizar ainda mais o seu rel\u00f3gio biol\u00f3gico.<\/li>\n<\/ul>\n\n\n\n<h3 class=\"wp-block-heading\"><strong>Informa\u00e7\u00f5es pr\u00e1ticas para uma estadia agrad\u00e1vel na \u00c1frica do Sul<\/strong><\/h3>\n\n\n\n<p>Al\u00e9m do fuso hor\u00e1rio, outros aspetos devem ser considerados ao preparar uma viagem \u00e0 \u00c1frica do Sul:<\/p>\n\n\n\n<ul class=\"wp-block-list\">\n<li>As tomadas el\u00e9tricas na \u00c1frica do Sul s\u00e3o do tipo M, portanto, \u00e9 necess\u00e1rio levar um adaptador para usar aparelhos eletr\u00f3nicos franceses.<\/li>\n\n\n\n<li>O telefone e a Internet podem estar sujeitos a taxas de roaming; verifique com a sua operadora antes de viajar e, se necess\u00e1rio, considere a utiliza\u00e7\u00e3o de um cart\u00e3o SIM local.<\/li>\n\n\n\n<li>A moeda utilizada na \u00c1frica do Sul \u00e9 o rand sul-africano (ZAR). Lembre-se de fazer algumas convers\u00f5es para se familiarizar com as taxas de c\u00e2mbio.<\/li>\n<\/ul>\n\n\n\n<p>Em conclus\u00e3o, conhecer a diferen\u00e7a hor\u00e1ria entre a Fran\u00e7a e a \u00c1frica do Sul \u00e9 essencial para uma viagem bem-sucedida. N\u00e3o se esque\u00e7a de levar em considera\u00e7\u00e3o essa diferen\u00e7a ao planear as suas atividades e, acima de tudo, n\u00e3o hesite em descansar e adaptar gradualmente os seus h\u00e1bitos para aproveitar melhor a sua estadia na \u00c1frica do Sul.<\/p>","protected":false},"excerpt":{"rendered":"<p>Quando viajar para o estrangeiro, \u00e9 essencial ter em conta a diferen\u00e7a hor\u00e1ria para planear melhor a sua estadia e aproveitar ao m\u00e1ximo as atividades. Neste artigo, forneceremos todas as informa\u00e7\u00f5es necess\u00e1rias sobre a diferen\u00e7a hor\u00e1ria entre a \u00c1frica do Sul e a Fran\u00e7a. Fuso hor\u00e1rio na \u00c1frica do Sul e na Fran\u00e7a O fuso [\u2026]","protected":false},"author":156,"featured_media":10382,"comment_status":"closed","ping_status":"closed","sticky":false,"template":"","format":"standard","meta":{"footnotes":""},"categories":[1],"tags":[],"class_list":["post-10381","post","type-post","status-publish","format-standard","has-post-thumbnail","hentry","category-divers"],"yoast_head":"<!-- This site is optimized with the Yoast SEO plugin v26.6 - https:\/\/yoast.com\/wordpress\/plugins\/seo\/ -->\n<title>D\u00e9calage horaire Afrique du sud France | Le guide pratique<\/title>\n<meta name=\"description\" content=\"Dans cet article, nous vous apporterons toutes les informations n\u00e9cessaires concernant le d\u00e9calage horaire Afrique du sud France.\" \/>\n<meta name=\"robots\" content=\"index, follow, max-snippet:-1, max-image-preview:large, max-video-preview:-1\" \/>\n<link rel=\"canonical\" href=\"https:\/\/www.safinel.fr\/pt\/diferenca-horaria-africa-do-sul-franca\/\" \/>\n<meta property=\"og:locale\" content=\"pt_PT\" \/>\n<meta property=\"og:type\" content=\"article\" \/>\n<meta property=\"og:title\" content=\"D\u00e9calage horaire Afrique du sud France | Le guide pratique\" \/>\n<meta property=\"og:description\" content=\"Dans cet article, nous vous apporterons toutes les informations n\u00e9cessaires concernant le d\u00e9calage horaire Afrique du sud France.\" \/>\n<meta property=\"og:url\" content=\"https:\/\/www.safinel.fr\/pt\/diferenca-horaria-africa-do-sul-franca\/\" \/>\n<meta property=\"og:site_name\" content=\"Safinel\" \/>\n<meta property=\"article:published_time\" content=\"2023-12-22T12:23:45+00:00\" \/>\n<meta property=\"article:modified_time\" content=\"2023-12-22T12:23:46+00:00\" \/>\n<meta property=\"og:image\" content=\"https:\/\/www.safinel.fr\/wp-content\/uploads\/2023\/12\/decalage-horaire-entre-lAfrique-du-Sud-et-la-France.jpg\" \/>\n\t<meta property=\"og:image:width\" content=\"1100\" \/>\n\t<meta property=\"og:image:height\" content=\"578\" \/>\n\t<meta property=\"og:image:type\" content=\"image\/jpeg\" \/>\n<meta name=\"author\" content=\"Naj\" \/>\n<meta name=\"twitter:card\" content=\"summary_large_image\" \/>\n<meta name=\"twitter:label1\" content=\"Escrito por\" \/>\n\t<meta name=\"twitter:data1\" content=\"Naj\" \/>\n\t<meta name=\"twitter:label2\" content=\"Tempo estimado de leitura\" \/>\n\t<meta name=\"twitter:data2\" content=\"4 minutos\" \/>\n<script type=\"application\/ld+json\" class=\"yoast-schema-graph\">{\"@context\":\"https:\/\/schema.org\",\"@graph\":[{\"@type\":\"Article\",\"@id\":\"https:\/\/www.safinel.fr\/decalage-horaire-afrique-du-sud-france\/#article\",\"isPartOf\":{\"@id\":\"https:\/\/www.safinel.fr\/decalage-horaire-afrique-du-sud-france\/\"},\"author\":{\"name\":\"Naj\",\"@id\":\"https:\/\/www.safinel.fr\/#\/schema\/person\/47f7357f8aa8a41a796811d3f8a3e055\"},\"headline\":\"Tout savoir sur le d\u00e9calage horaire entre l&rsquo;Afrique du Sud et la France\",\"datePublished\":\"2023-12-22T12:23:45+00:00\",\"dateModified\":\"2023-12-22T12:23:46+00:00\",\"mainEntityOfPage\":{\"@id\":\"https:\/\/www.safinel.fr\/decalage-horaire-afrique-du-sud-france\/\"},\"wordCount\":766,\"publisher\":{\"@id\":\"https:\/\/www.safinel.fr\/#organization\"},\"image\":{\"@id\":\"https:\/\/www.safinel.fr\/decalage-horaire-afrique-du-sud-france\/#primaryimage\"},\"thumbnailUrl\":\"https:\/\/www.safinel.fr\/wp-content\/uploads\/2023\/12\/decalage-horaire-entre-lAfrique-du-Sud-et-la-France.jpg\",\"articleSection\":[\"Divers\"],\"inLanguage\":\"pt-PT\"},{\"@type\":\"WebPage\",\"@id\":\"https:\/\/www.safinel.fr\/decalage-horaire-afrique-du-sud-france\/\",\"url\":\"https:\/\/www.safinel.fr\/decalage-horaire-afrique-du-sud-france\/\",\"name\":\"D\u00e9calage horaire Afrique du sud France | Le guide pratique\",\"isPartOf\":{\"@id\":\"https:\/\/www.safinel.fr\/#website\"},\"primaryImageOfPage\":{\"@id\":\"https:\/\/www.safinel.fr\/decalage-horaire-afrique-du-sud-france\/#primaryimage\"},\"image\":{\"@id\":\"https:\/\/www.safinel.fr\/decalage-horaire-afrique-du-sud-france\/#primaryimage\"},\"thumbnailUrl\":\"https:\/\/www.safinel.fr\/wp-content\/uploads\/2023\/12\/decalage-horaire-entre-lAfrique-du-Sud-et-la-France.jpg\",\"datePublished\":\"2023-12-22T12:23:45+00:00\",\"dateModified\":\"2023-12-22T12:23:46+00:00\",\"description\":\"Dans cet article, nous vous apporterons toutes les informations n\u00e9cessaires concernant le d\u00e9calage horaire Afrique du sud France.\",\"breadcrumb\":{\"@id\":\"https:\/\/www.safinel.fr\/decalage-horaire-afrique-du-sud-france\/#breadcrumb\"},\"inLanguage\":\"pt-PT\",\"potentialAction\":[{\"@type\":\"ReadAction\",\"target\":[\"https:\/\/www.safinel.fr\/decalage-horaire-afrique-du-sud-france\/\"]}]},{\"@type\":\"ImageObject\",\"inLanguage\":\"pt-PT\",\"@id\":\"https:\/\/www.safinel.fr\/decalage-horaire-afrique-du-sud-france\/#primaryimage\",\"url\":\"https:\/\/www.safinel.fr\/wp-content\/uploads\/2023\/12\/decalage-horaire-entre-lAfrique-du-Sud-et-la-France.jpg\",\"contentUrl\":\"https:\/\/www.safinel.fr\/wp-content\/uploads\/2023\/12\/decalage-horaire-entre-lAfrique-du-Sud-et-la-France.jpg\",\"width\":1100,\"height\":578,\"caption\":\"D\u00e9calage horaire Afrique du sud France\"},{\"@type\":\"BreadcrumbList\",\"@id\":\"https:\/\/www.safinel.fr\/decalage-horaire-afrique-du-sud-france\/#breadcrumb\",\"itemListElement\":[{\"@type\":\"ListItem\",\"position\":1,\"name\":\"Accueil\",\"item\":\"https:\/\/www.safinel.fr\/\"},{\"@type\":\"ListItem\",\"position\":2,\"name\":\"Tout savoir sur le d\u00e9calage horaire entre l&#8217;Afrique du Sud et la France\"}]},{\"@type\":\"WebSite\",\"@id\":\"https:\/\/www.safinel.fr\/#website\",\"url\":\"https:\/\/www.safinel.fr\/\",\"name\":\"Safinel\",\"description\":\"\",\"publisher\":{\"@id\":\"https:\/\/www.safinel.fr\/#organization\"},\"potentialAction\":[{\"@type\":\"SearchAction\",\"target\":{\"@type\":\"EntryPoint\",\"urlTemplate\":\"https:\/\/www.safinel.fr\/?s={search_term_string}\"},\"query-input\":{\"@type\":\"PropertyValueSpecification\",\"valueRequired\":true,\"valueName\":\"search_term_string\"}}],\"inLanguage\":\"pt-PT\"},{\"@type\":\"Organization\",\"@id\":\"https:\/\/www.safinel.fr\/#organization\",\"name\":\"Safinel\",\"url\":\"https:\/\/www.safinel.fr\/\",\"logo\":{\"@type\":\"ImageObject\",\"inLanguage\":\"pt-PT\",\"@id\":\"https:\/\/www.safinel.fr\/#\/schema\/logo\/image\/\",\"url\":\"https:\/\/www.safinel.fr\/wp-content\/uploads\/2021\/05\/boutique-cosmetique.png\",\"contentUrl\":\"https:\/\/www.safinel.fr\/wp-content\/uploads\/2021\/05\/boutique-cosmetique.png\",\"width\":800,\"height\":200,\"caption\":\"Safinel\"},\"image\":{\"@id\":\"https:\/\/www.safinel.fr\/#\/schema\/logo\/image\/\"}},{\"@type\":\"Person\",\"@id\":\"https:\/\/www.safinel.fr\/#\/schema\/person\/47f7357f8aa8a41a796811d3f8a3e055\",\"name\":\"Naj\",\"image\":{\"@type\":\"ImageObject\",\"inLanguage\":\"pt-PT\",\"@id\":\"https:\/\/www.safinel.fr\/#\/schema\/person\/image\/\",\"url\":\"https:\/\/secure.gravatar.com\/avatar\/5c0fa4f0bce748d4964b7d68e4b0ee1d8e3120edba58a55893ced967bd2093b5?s=96&d=mm&r=g\",\"contentUrl\":\"https:\/\/secure.gravatar.com\/avatar\/5c0fa4f0bce748d4964b7d68e4b0ee1d8e3120edba58a55893ced967bd2093b5?s=96&d=mm&r=g\",\"caption\":\"Naj\"},\"url\":\"https:\/\/www.safinel.fr\/pt\/author\/naj\/\"}]}<\/script>\n<!-- \/ Yoast SEO plugin. -->","yoast_head_json":{"title":"Diferen\u00e7a hor\u00e1ria \u00c1frica do Sul Fran\u00e7a | O guia pr\u00e1tico","description":"Neste artigo, forneceremos todas as informa\u00e7\u00f5es necess\u00e1rias sobre a diferen\u00e7a hor\u00e1ria entre a \u00c1frica do Sul e a Fran\u00e7a.","robots":{"index":"index","follow":"follow","max-snippet":"max-snippet:-1","max-image-preview":"max-image-preview:large","max-video-preview":"max-video-preview:-1"},"canonical":"https:\/\/www.safinel.fr\/pt\/diferenca-horaria-africa-do-sul-franca\/","og_locale":"pt_PT","og_type":"article","og_title":"D\u00e9calage horaire Afrique du sud France | Le guide pratique","og_description":"Dans cet article, nous vous apporterons toutes les informations n\u00e9cessaires concernant le d\u00e9calage horaire Afrique du sud France.","og_url":"https:\/\/www.safinel.fr\/pt\/diferenca-horaria-africa-do-sul-franca\/","og_site_name":"Safinel","article_published_time":"2023-12-22T12:23:45+00:00","article_modified_time":"2023-12-22T12:23:46+00:00","og_image":[{"width":1100,"height":578,"url":"https:\/\/www.safinel.fr\/wp-content\/uploads\/2023\/12\/decalage-horaire-entre-lAfrique-du-Sud-et-la-France.jpg","type":"image\/jpeg"}],"author":"Naj","twitter_card":"summary_large_image","twitter_misc":{"Escrito por":"Naj","Tempo estimado de leitura":"4 minutos"},"schema":{"@context":"https:\/\/schema.org","@graph":[{"@type":"Article","@id":"https:\/\/www.safinel.fr\/decalage-horaire-afrique-du-sud-france\/#article","isPartOf":{"@id":"https:\/\/www.safinel.fr\/decalage-horaire-afrique-du-sud-france\/"},"author":{"name":"Naj","@id":"https:\/\/www.safinel.fr\/#\/schema\/person\/47f7357f8aa8a41a796811d3f8a3e055"},"headline":"Tout savoir sur le d\u00e9calage horaire entre l&rsquo;Afrique du Sud et la France","datePublished":"2023-12-22T12:23:45+00:00","dateModified":"2023-12-22T12:23:46+00:00","mainEntityOfPage":{"@id":"https:\/\/www.safinel.fr\/decalage-horaire-afrique-du-sud-france\/"},"wordCount":766,"publisher":{"@id":"https:\/\/www.safinel.fr\/#organization"},"image":{"@id":"https:\/\/www.safinel.fr\/decalage-horaire-afrique-du-sud-france\/#primaryimage"},"thumbnailUrl":"https:\/\/www.safinel.fr\/wp-content\/uploads\/2023\/12\/decalage-horaire-entre-lAfrique-du-Sud-et-la-France.jpg","articleSection":["Divers"],"inLanguage":"pt-PT"},{"@type":"WebPage","@id":"https:\/\/www.safinel.fr\/decalage-horaire-afrique-du-sud-france\/","url":"https:\/\/www.safinel.fr\/decalage-horaire-afrique-du-sud-france\/","name":"Diferen\u00e7a hor\u00e1ria \u00c1frica do Sul Fran\u00e7a | O guia pr\u00e1tico","isPartOf":{"@id":"https:\/\/www.safinel.fr\/#website"},"primaryImageOfPage":{"@id":"https:\/\/www.safinel.fr\/decalage-horaire-afrique-du-sud-france\/#primaryimage"},"image":{"@id":"https:\/\/www.safinel.fr\/decalage-horaire-afrique-du-sud-france\/#primaryimage"},"thumbnailUrl":"https:\/\/www.safinel.fr\/wp-content\/uploads\/2023\/12\/decalage-horaire-entre-lAfrique-du-Sud-et-la-France.jpg","datePublished":"2023-12-22T12:23:45+00:00","dateModified":"2023-12-22T12:23:46+00:00","description":"Neste artigo, forneceremos todas as informa\u00e7\u00f5es necess\u00e1rias sobre a diferen\u00e7a hor\u00e1ria entre a \u00c1frica do Sul e a Fran\u00e7a.","breadcrumb":{"@id":"https:\/\/www.safinel.fr\/decalage-horaire-afrique-du-sud-france\/#breadcrumb"},"inLanguage":"pt-PT","potentialAction":[{"@type":"ReadAction","target":["https:\/\/www.safinel.fr\/decalage-horaire-afrique-du-sud-france\/"]}]},{"@type":"ImageObject","inLanguage":"pt-PT","@id":"https:\/\/www.safinel.fr\/decalage-horaire-afrique-du-sud-france\/#primaryimage","url":"https:\/\/www.safinel.fr\/wp-content\/uploads\/2023\/12\/decalage-horaire-entre-lAfrique-du-Sud-et-la-France.jpg","contentUrl":"https:\/\/www.safinel.fr\/wp-content\/uploads\/2023\/12\/decalage-horaire-entre-lAfrique-du-Sud-et-la-France.jpg","width":1100,"height":578,"caption":"D\u00e9calage horaire Afrique du sud France"},{"@type":"BreadcrumbList","@id":"https:\/\/www.safinel.fr\/decalage-horaire-afrique-du-sud-france\/#breadcrumb","itemListElement":[{"@type":"ListItem","position":1,"name":"Accueil","item":"https:\/\/www.safinel.fr\/"},{"@type":"ListItem","position":2,"name":"Tout savoir sur le d\u00e9calage horaire entre l&#8217;Afrique du Sud et la France"}]},{"@type":"WebSite","@id":"https:\/\/www.safinel.fr\/#website","url":"https:\/\/www.safinel.fr\/","name":"Safinel","description":"","publisher":{"@id":"https:\/\/www.safinel.fr\/#organization"},"potentialAction":[{"@type":"SearchAction","target":{"@type":"EntryPoint","urlTemplate":"https:\/\/www.safinel.fr\/?s={search_term_string}"},"query-input":{"@type":"PropertyValueSpecification","valueRequired":true,"valueName":"search_term_string"}}],"inLanguage":"pt-PT"},{"@type":"Organization","@id":"https:\/\/www.safinel.fr\/#organization","name":"Safinel","url":"https:\/\/www.safinel.fr\/","logo":{"@type":"ImageObject","inLanguage":"pt-PT","@id":"https:\/\/www.safinel.fr\/#\/schema\/logo\/image\/","url":"https:\/\/www.safinel.fr\/wp-content\/uploads\/2021\/05\/boutique-cosmetique.png","contentUrl":"https:\/\/www.safinel.fr\/wp-content\/uploads\/2021\/05\/boutique-cosmetique.png","width":800,"height":200,"caption":"Safinel"},"image":{"@id":"https:\/\/www.safinel.fr\/#\/schema\/logo\/image\/"}},{"@type":"Person","@id":"https:\/\/www.safinel.fr\/#\/schema\/person\/47f7357f8aa8a41a796811d3f8a3e055","name":"Naj","image":{"@type":"ImageObject","inLanguage":"pt-PT","@id":"https:\/\/www.safinel.fr\/#\/schema\/person\/image\/","url":"https:\/\/secure.gravatar.com\/avatar\/5c0fa4f0bce748d4964b7d68e4b0ee1d8e3120edba58a55893ced967bd2093b5?s=96&d=mm&r=g","contentUrl":"https:\/\/secure.gravatar.com\/avatar\/5c0fa4f0bce748d4964b7d68e4b0ee1d8e3120edba58a55893ced967bd2093b5?s=96&d=mm&r=g","caption":"Naj"},"url":"https:\/\/www.safinel.fr\/pt\/author\/naj\/"}]}},"_links":{"self":[{"href":"https:\/\/www.safinel.fr\/pt\/wp-json\/wp\/v2\/posts\/10381","targetHints":{"allow":["GET"]}}],"collection":[{"href":"https:\/\/www.safinel.fr\/pt\/wp-json\/wp\/v2\/posts"}],"about":[{"href":"https:\/\/www.safinel.fr\/pt\/wp-json\/wp\/v2\/types\/post"}],"author":[{"embeddable":true,"href":"https:\/\/www.safinel.fr\/pt\/wp-json\/wp\/v2\/users\/156"}],"replies":[{"embeddable":true,"href":"https:\/\/www.safinel.fr\/pt\/wp-json\/wp\/v2\/comments?post=10381"}],"version-history":[{"count":1,"href":"https:\/\/www.safinel.fr\/pt\/wp-json\/wp\/v2\/posts\/10381\/revisions"}],"predecessor-version":[{"id":10383,"href":"https:\/\/www.safinel.fr\/pt\/wp-json\/wp\/v2\/posts\/10381\/revisions\/10383"}],"wp:featuredmedia":[{"embeddable":true,"href":"https:\/\/www.safinel.fr\/pt\/wp-json\/wp\/v2\/media\/10382"}],"wp:attachment":[{"href":"https:\/\/www.safinel.fr\/pt\/wp-json\/wp\/v2\/media?parent=10381"}],"wp:term":[{"taxonomy":"category","embeddable":true,"href":"https:\/\/www.safinel.fr\/pt\/wp-json\/wp\/v2\/categories?post=10381"},{"taxonomy":"post_tag","embeddable":true,"href":"https:\/\/www.safinel.fr\/pt\/wp-json\/wp\/v2\/tags?post=10381"}],"curies":[{"name":"wp","href":"https:\/\/api.w.org\/{rel}","templated":true}]}}