{"id":10260,"date":"2023-12-15T17:22:45","date_gmt":"2023-12-15T17:22:45","guid":{"rendered":"https:\/\/www.safinel.fr\/?p=10260"},"modified":"2024-05-31T17:06:53","modified_gmt":"2024-05-31T17:06:53","slug":"estrias-nas-nadegas","status":"publish","type":"post","link":"https:\/\/www.safinel.fr\/pt\/estrias-nas-nadegas\/","title":{"rendered":"Tudo o que precisa saber sobre estrias nas n\u00e1degas: causas, preven\u00e7\u00e3o e tratamento"},"content":{"rendered":"<p>Os&nbsp;<strong>estrias<\/strong>&nbsp;s\u00e3o um problema comum da pele que pode afetar a autoconfian\u00e7a e a apar\u00eancia geral. Embora possam aparecer em qualquer parte do corpo, uma \u00e1rea particularmente afetada s\u00e3o as&nbsp;<strong>n\u00e1degas<\/strong>. Neste artigo, examinaremos as causas das estrias, bem como diferentes m\u00e9todos de preven\u00e7\u00e3o e tratamento para ajudar a atenu\u00e1-las.<\/p>\n\n\n\n<h2 class=\"wp-block-heading\"><strong>Por que as estrias aparecem nas n\u00e1degas?<\/strong><\/h2>\n\n\n\n<p>As estrias s\u00e3o causadas pelo estiramento r\u00e1pido ou excessivo da pele, o que provoca danos nas fibras el\u00e1sticas subjacentes. V\u00e1rios fatores podem contribuir para o seu aparecimento nas n\u00e1degas:<\/p>\n\n\n\n<ul class=\"wp-block-list\">\n<li><strong>O r\u00e1pido crescimento durante a adolesc\u00eancia:<\/strong>&nbsp;Os adolescentes podem passar por v\u00e1rios surtos de crescimento r\u00e1pido, o que muitas vezes leva ao aparecimento de estrias.<\/li>\n\n\n\n<li><strong>Aumento ou perda significativa de peso:<\/strong>&nbsp;Se ganhar ou perder peso rapidamente, a sua pele pode n\u00e3o conseguir adaptar-se corretamente, favorecendo assim o aparecimento de estrias.<\/li>\n\n\n\n<li><strong>A gravidez:<\/strong>&nbsp;Durante esse per\u00edodo, muitas mulheres desenvolvem estrias em diferentes partes do corpo, incluindo as n\u00e1degas.<\/li>\n\n\n\n<li><strong>A hereditariedade:<\/strong>&nbsp;Algumas pessoas t\u00eam predisposi\u00e7\u00e3o gen\u00e9tica para ter estrias. Se outros membros da sua fam\u00edlia foram afetados, voc\u00ea tamb\u00e9m pode ser.<\/li>\n\n\n\n<li><strong>A pr\u00e1tica intensiva de desporto:<\/strong>&nbsp;Os atletas e fisiculturistas que exercitam muito os m\u00fasculos tamb\u00e9m podem desenvolver estrias nas n\u00e1degas quando ganham volume muscular rapidamente.<\/li>\n<\/ul>\n\n\n\n<h2 class=\"wp-block-heading\"><strong>Como prevenir o aparecimento de estrias nas n\u00e1degas?<\/strong><\/h2>\n\n\n\n<p>Embora nem sempre seja poss\u00edvel evitar completamente as estrias, algumas medidas podem ser tomadas para reduzir o risco de seu aparecimento nas n\u00e1degas:<\/p>\n\n\n\n<ul class=\"wp-block-list\">\n<li><strong>Mantenha uma alimenta\u00e7\u00e3o equilibrada:&nbsp;<\/strong>Consuma alimentos ricos em vitaminas e minerais essenciais para a sa\u00fade da pele, tais como <strong><a href=\"https:\/\/www.safinel.fr\/pt\/vitamina-c-pele-negra\/\">vitaminas<\/a><\/strong> A, C e E, bem como zinco.<\/li>\n\n\n\n<li><strong>Hidrate regularmente a sua pele:<\/strong>&nbsp;Aplique uma lo\u00e7\u00e3o ou um creme hidratante nas n\u00e1degas diariamente para melhorar a elasticidade da pele e prevenir estrias.<\/li>\n\n\n\n<li><strong>Pratique atividade f\u00edsica regularmente:<\/strong>&nbsp;O exerc\u00edcio f\u00edsico n\u00e3o s\u00f3 promove um peso corporal saud\u00e1vel, como tamb\u00e9m ajuda a manter a tonicidade da pele.<\/li>\n\n\n\n<li><strong>Evite flutua\u00e7\u00f5es r\u00e1pidas de peso:<\/strong>&nbsp;Tente manter um peso est\u00e1vel, evitando dietas \u00abyo-yo\u00bb e adotando bons h\u00e1bitos alimentares e de exerc\u00edcio f\u00edsico.<\/li>\n\n\n\n<li><strong>Mantenha-se hidratado:<\/strong>&nbsp;Beba \u00e1gua suficiente para manter a pele bem hidratada por dentro.<\/li>\n<\/ul>\n\n\n\n<h2 class=\"wp-block-heading\"><strong>Tratamento de estrias nas n\u00e1degas<\/strong><\/h2>\n\n\n\n<p>Embora n\u00e3o exista um rem\u00e9dio milagroso para fazer desaparecer completamente as estrias, existem v\u00e1rias op\u00e7\u00f5es que podem ajudar a reduzir a sua apar\u00eancia. Aqui est\u00e3o alguns tratamentos populares para atenuar as estrias nas n\u00e1degas:<\/p>\n\n\n\n<h3 class=\"wp-block-heading\"><strong>Cremes e lo\u00e7\u00f5es t\u00f3picas<\/strong><\/h3>\n\n\n\n<p>Algumas cremes e lo\u00e7\u00f5es especificamente concebidas para tratar estrias podem conter ingredientes como vitamina A, retinol ou \u00e1cido glic\u00f3lico, que ajudam a estimular a renova\u00e7\u00e3o celular e a melhorar a apar\u00eancia das estrias. A aplica\u00e7\u00e3o regular desses produtos pode ajudar a tornar as estrias menos pronunciadas ao longo do tempo.<\/p>\n\n\n\n<h3 class=\"wp-block-heading\"><strong>Microdermoabras\u00e3o<\/strong><\/h3>\n\n\n\n<p>A microdermoabras\u00e3o \u00e9 um procedimento n\u00e3o invasivo que consiste na esfolia\u00e7\u00e3o mec\u00e2nica da camada superior da pele para estimular a renova\u00e7\u00e3o celular. Este tratamento pode ser eficaz na redu\u00e7\u00e3o da apar\u00eancia de estrias leves a moderadas.<\/p>\n\n\n\n<h3 class=\"wp-block-heading\"><strong>Terapia a laser<\/strong><\/h3>\n\n\n\n<p>V\u00e1rios tipos de lasers podem ser usados para tratar estrias. Os tratamentos com laser fracionado estimulam a produ\u00e7\u00e3o de colag\u00e9nio e reafirmam a pele, enquanto os lasers de corante pulsado atuam na pigmenta\u00e7\u00e3o vermelha ou viol\u00e1cea das estrias recentes. As sess\u00f5es de laser podem melhorar significativamente a apar\u00eancia das estrias, mas muitas vezes s\u00e3o necess\u00e1rios v\u00e1rios tratamentos para obter os melhores resultados.<\/p>\n\n\n\n<h3 class=\"wp-block-heading\"><strong>Terapia por ultrassom<\/strong><\/h3>\n\n\n\n<p>A terapia por ultrassom usa ondas sonoras de alta frequ\u00eancia para estimular a produ\u00e7\u00e3o de colag\u00e9nio na pele. Este tratamento n\u00e3o invasivo pode ser uma op\u00e7\u00e3o para diminuir a apar\u00eancia das estrias nas n\u00e1degas e melhorar a textura da pele.<\/p>\n\n\n\n<h3 class=\"wp-block-heading\"><strong>A reter<\/strong><\/h3>\n\n\n\n<p>As estrias nas n\u00e1degas s\u00e3o um problema comum e podem resultar de uma variedade de fatores, como varia\u00e7\u00f5es de peso, crescimento r\u00e1pido e gravidez.\u00a0<strong>Adotar uma alimenta\u00e7\u00e3o equilibrada e cuidar da pele<\/strong>\u00a0pode ajudar a reduzir o risco de aparecimento de estrias. Embora n\u00e3o exista uma solu\u00e7\u00e3o definitiva para elimin\u00e1-las, v\u00e1rios tratamentos, como cremes t\u00f3picos, microdermoabras\u00e3o, lasers e terapia por ultrassom, podem ajudar a atenuar a sua apar\u00eancia e restaurar a autoconfian\u00e7a.<\/p>\n\n\n\n<h2 class=\"wp-block-heading\">Cuidados anti-estrias: estrat\u00e9gias e recomenda\u00e7\u00f5es eficazes<\/h2>\n\n\n\n<p>As estrias podem ser particularmente inc\u00f3modas e dif\u00edceis de tratar, especialmente quando aparecem em \u00e1reas como as n\u00e1degas. Para reduzir a sua apar\u00eancia e prevenir a sua forma\u00e7\u00e3o, n\u00e3o hesite em combinar cuidados adequados, como os que encontrar\u00e1 na p\u00e1gina <a href=\"https:\/\/www.neobulle.fr\/254-vergetures\">https:\/\/www.neobulle.fr\/254-vergetures<\/a> e boas pr\u00e1ticas no dia a dia. Al\u00e9m dos m\u00e9todos mencionados anteriormente, o uso de \u00f3leos vegetais representa <strong>uma abordagem natural e eficaz para combater as estrias<\/strong>. Esses \u00f3leos possuem propriedades hidratantes e regeneradoras que promovem a sa\u00fade da pele. Eles tamb\u00e9m podem ajudar a manter a elasticidade da pele, minimizando assim os riscos de lacera\u00e7\u00f5es subcut\u00e2neas.<\/p>\n\n\n\n<p>A aplica\u00e7\u00e3o regular de produtos hidratantes que contenham \u00f3leos vegetais, como \u00f3leo de am\u00eandoa doce, \u00f3leo de rosa mosqueta ou \u00f3leo de arg\u00e3o, pode melhorar consideravelmente a apar\u00eancia das estrias. Esses \u00f3leos s\u00e3o ricos em \u00e1cidos gordos essenciais e vitaminas A e E, que s\u00e3o fundamentais para <strong>a regenera\u00e7\u00e3o e repara\u00e7\u00e3o da pele<\/strong>. Para melhores resultados, massageie as \u00e1reas afetadas duas vezes ao dia, de prefer\u00eancia ap\u00f3s o banho, quando a pele ainda estiver ligeiramente h\u00famida. Essa t\u00e9cnica permite uma melhor absor\u00e7\u00e3o dos nutrientes pela pele e aumenta a efic\u00e1cia dos cuidados anti-estrias.<\/p>\n\n\n\n<h2 class=\"wp-block-heading\">Os benef\u00edcios dos \u00f3leos vegetais nos cuidados anti-estrias<\/h2>\n\n\n\n<p>A integra\u00e7\u00e3o de \u00f3leos vegetais numa rotina di\u00e1ria de cuidados n\u00e3o se limita \u00e0 hidrata\u00e7\u00e3o. Eles oferecem uma infinidade de benef\u00edcios adicionais. Por exemplo, o \u00f3leo de rosa mosqueta \u00e9 particularmente apreciado pelas suas propriedades cicatrizantes e anti-inflamat\u00f3rias. Ele cont\u00e9m retin\u00f3ides naturais que promovem a renova\u00e7\u00e3o celular e a produ\u00e7\u00e3o de colag\u00e9nio, que s\u00e3o precisamente dois elementos essenciais para <strong>atenuar o aparecimento das estrias<\/strong>. Al\u00e9m disso, ajuda a melhorar a textura e a elasticidade da pele, tornando-a mais resistente a futuras estrias.<\/p>\n\n\n\n<p>Por outro lado, o \u00f3leo de am\u00eandoa doce \u00e9 conhecido pelas suas capacidades de acalmar e nutrir a pele em profundidade. \u00c9 tamb\u00e9m rico em vitaminas D e E, bem como em \u00e1cidos gordos insaturados, que ajudam a manter a pele macia e flex\u00edvel. Para maximizar os efeitos dos \u00f3leos vegetais,<strong> use-os em sinergia com outros cuidados anti-estrias<\/strong>. Combine, por exemplo, a aplica\u00e7\u00e3o de \u00f3leos com massagens suaves e regulares para melhorar a circula\u00e7\u00e3o sangu\u00ednea e refor\u00e7ar a elasticidade da pele. Desta forma, reduzir\u00e1 o risco de aparecimento de novas estrias.<\/p>\n\n\n\n<h2 class=\"wp-block-heading\">A sinergia dos cuidados para uma pele mais suave<\/h2>\n\n\n\n<p>Para otimizar os resultados dos <a href=\"https:\/\/www.mamanmadore.com\/huile-vegetale-vergeture-grossesse\/\">cuidados anti-estrias<\/a>, certifique-se de adotar uma abordagem global. Al\u00e9m do uso de \u00f3leos vegetais, pr\u00e1ticas como esfolia\u00e7\u00e3o regular, alimenta\u00e7\u00e3o equilibrada e hidrata\u00e7\u00e3o suficiente s\u00e3o essenciais. A esfolia\u00e7\u00e3o ajuda a <strong>eliminar as c\u00e9lulas mortas da pele<\/strong>, favorece a regenera\u00e7\u00e3o celular e melhora a absor\u00e7\u00e3o dos produtos de cuidados da pele. Por sua vez, uma alimenta\u00e7\u00e3o rica em vitaminas e minerais essenciais, como zinco, vitaminas A, C e E, contribui para a boa sa\u00fade da pele. Refor\u00e7a a sua capacidade de se reparar e proteger contra danos.<\/p>\n\n\n\n<p>Para mulheres gr\u00e1vidas ou aquelas que planeiam engravidar, \u00e9 particularmente importante come\u00e7ar os cuidados anti-estrias logo no in\u00edcio da gravidez. A aplica\u00e7\u00e3o preventiva de \u00f3leos vegetais pode ajudar a <strong>preparar a pele para esticar<\/strong> mais facilmente e minimizar os riscos de forma\u00e7\u00e3o de estrias.<\/p>","protected":false},"excerpt":{"rendered":"<p>As estrias s\u00e3o um problema cut\u00e2neo comum que pode afetar a autoconfian\u00e7a e a apar\u00eancia geral. Embora possam aparecer em qualquer parte do corpo, uma zona particularmente afetada s\u00e3o as n\u00e1degas. Neste artigo, iremos analisar as causas das estrias, bem como diferentes m\u00e9todos de preven\u00e7\u00e3o e tratamento para ajudar a atenu\u00e1-las. Por que [\u2026]","protected":false},"author":156,"featured_media":10261,"comment_status":"closed","ping_status":"closed","sticky":false,"template":"","format":"standard","meta":{"footnotes":""},"categories":[1],"tags":[],"class_list":["post-10260","post","type-post","status-publish","format-standard","has-post-thumbnail","hentry","category-divers"],"yoast_head":"<!-- This site is optimized with the Yoast SEO plugin v26.6 - https:\/\/yoast.com\/wordpress\/plugins\/seo\/ -->\n<title>Vergetures fesses | Guide sur les causes, pr\u00e9vention et traitement<\/title>\n<meta name=\"description\" content=\"Ici, nous examinerons les causes des vergetures fesses, ainsi que diff\u00e9rentes m\u00e9thodes de pr\u00e9vention et de traitement pour les att\u00e9nuer.\" \/>\n<meta name=\"robots\" content=\"index, follow, max-snippet:-1, max-image-preview:large, max-video-preview:-1\" \/>\n<link rel=\"canonical\" href=\"https:\/\/www.safinel.fr\/pt\/estrias-nas-nadegas\/\" \/>\n<meta property=\"og:locale\" content=\"pt_PT\" \/>\n<meta property=\"og:type\" content=\"article\" \/>\n<meta property=\"og:title\" content=\"Vergetures fesses | Guide sur les causes, pr\u00e9vention et traitement\" \/>\n<meta property=\"og:description\" content=\"Ici, nous examinerons les causes des vergetures fesses, ainsi que diff\u00e9rentes m\u00e9thodes de pr\u00e9vention et de traitement pour les att\u00e9nuer.\" \/>\n<meta property=\"og:url\" content=\"https:\/\/www.safinel.fr\/pt\/estrias-nas-nadegas\/\" \/>\n<meta property=\"og:site_name\" content=\"Safinel\" \/>\n<meta property=\"article:published_time\" content=\"2023-12-15T17:22:45+00:00\" \/>\n<meta property=\"article:modified_time\" content=\"2024-05-31T17:06:53+00:00\" \/>\n<meta property=\"og:image\" content=\"https:\/\/www.safinel.fr\/wp-content\/uploads\/2023\/12\/Tout-savoir-sur-les-vergetures-fesses.jpg\" \/>\n\t<meta property=\"og:image:width\" content=\"1100\" \/>\n\t<meta property=\"og:image:height\" content=\"578\" \/>\n\t<meta property=\"og:image:type\" content=\"image\/jpeg\" \/>\n<meta name=\"author\" content=\"Naj\" \/>\n<meta name=\"twitter:card\" content=\"summary_large_image\" \/>\n<meta name=\"twitter:label1\" content=\"Escrito por\" \/>\n\t<meta name=\"twitter:data1\" content=\"Naj\" \/>\n\t<meta name=\"twitter:label2\" content=\"Tempo estimado de leitura\" \/>\n\t<meta name=\"twitter:data2\" content=\"7 minutos\" \/>\n<script type=\"application\/ld+json\" class=\"yoast-schema-graph\">{\"@context\":\"https:\/\/schema.org\",\"@graph\":[{\"@type\":\"Article\",\"@id\":\"https:\/\/www.safinel.fr\/vergetures-fesses\/#article\",\"isPartOf\":{\"@id\":\"https:\/\/www.safinel.fr\/vergetures-fesses\/\"},\"author\":{\"name\":\"Naj\",\"@id\":\"https:\/\/www.safinel.fr\/#\/schema\/person\/47f7357f8aa8a41a796811d3f8a3e055\"},\"headline\":\"Tout savoir sur les vergetures fesses : causes, pr\u00e9vention et traitement\",\"datePublished\":\"2023-12-15T17:22:45+00:00\",\"dateModified\":\"2024-05-31T17:06:53+00:00\",\"mainEntityOfPage\":{\"@id\":\"https:\/\/www.safinel.fr\/vergetures-fesses\/\"},\"wordCount\":1481,\"publisher\":{\"@id\":\"https:\/\/www.safinel.fr\/#organization\"},\"image\":{\"@id\":\"https:\/\/www.safinel.fr\/vergetures-fesses\/#primaryimage\"},\"thumbnailUrl\":\"https:\/\/www.safinel.fr\/wp-content\/uploads\/2023\/12\/Tout-savoir-sur-les-vergetures-fesses.jpg\",\"articleSection\":[\"Divers\"],\"inLanguage\":\"pt-PT\"},{\"@type\":\"WebPage\",\"@id\":\"https:\/\/www.safinel.fr\/vergetures-fesses\/\",\"url\":\"https:\/\/www.safinel.fr\/vergetures-fesses\/\",\"name\":\"Vergetures fesses | Guide sur les causes, pr\u00e9vention et traitement\",\"isPartOf\":{\"@id\":\"https:\/\/www.safinel.fr\/#website\"},\"primaryImageOfPage\":{\"@id\":\"https:\/\/www.safinel.fr\/vergetures-fesses\/#primaryimage\"},\"image\":{\"@id\":\"https:\/\/www.safinel.fr\/vergetures-fesses\/#primaryimage\"},\"thumbnailUrl\":\"https:\/\/www.safinel.fr\/wp-content\/uploads\/2023\/12\/Tout-savoir-sur-les-vergetures-fesses.jpg\",\"datePublished\":\"2023-12-15T17:22:45+00:00\",\"dateModified\":\"2024-05-31T17:06:53+00:00\",\"description\":\"Ici, nous examinerons les causes des vergetures fesses, ainsi que diff\u00e9rentes m\u00e9thodes de pr\u00e9vention et de traitement pour les att\u00e9nuer.\",\"breadcrumb\":{\"@id\":\"https:\/\/www.safinel.fr\/vergetures-fesses\/#breadcrumb\"},\"inLanguage\":\"pt-PT\",\"potentialAction\":[{\"@type\":\"ReadAction\",\"target\":[\"https:\/\/www.safinel.fr\/vergetures-fesses\/\"]}]},{\"@type\":\"ImageObject\",\"inLanguage\":\"pt-PT\",\"@id\":\"https:\/\/www.safinel.fr\/vergetures-fesses\/#primaryimage\",\"url\":\"https:\/\/www.safinel.fr\/wp-content\/uploads\/2023\/12\/Tout-savoir-sur-les-vergetures-fesses.jpg\",\"contentUrl\":\"https:\/\/www.safinel.fr\/wp-content\/uploads\/2023\/12\/Tout-savoir-sur-les-vergetures-fesses.jpg\",\"width\":1100,\"height\":578,\"caption\":\"vergetures fesses\"},{\"@type\":\"BreadcrumbList\",\"@id\":\"https:\/\/www.safinel.fr\/vergetures-fesses\/#breadcrumb\",\"itemListElement\":[{\"@type\":\"ListItem\",\"position\":1,\"name\":\"Accueil\",\"item\":\"https:\/\/www.safinel.fr\/\"},{\"@type\":\"ListItem\",\"position\":2,\"name\":\"Tout savoir sur les vergetures fesses : causes, pr\u00e9vention et traitement\"}]},{\"@type\":\"WebSite\",\"@id\":\"https:\/\/www.safinel.fr\/#website\",\"url\":\"https:\/\/www.safinel.fr\/\",\"name\":\"Safinel\",\"description\":\"\",\"publisher\":{\"@id\":\"https:\/\/www.safinel.fr\/#organization\"},\"potentialAction\":[{\"@type\":\"SearchAction\",\"target\":{\"@type\":\"EntryPoint\",\"urlTemplate\":\"https:\/\/www.safinel.fr\/?s={search_term_string}\"},\"query-input\":{\"@type\":\"PropertyValueSpecification\",\"valueRequired\":true,\"valueName\":\"search_term_string\"}}],\"inLanguage\":\"pt-PT\"},{\"@type\":\"Organization\",\"@id\":\"https:\/\/www.safinel.fr\/#organization\",\"name\":\"Safinel\",\"url\":\"https:\/\/www.safinel.fr\/\",\"logo\":{\"@type\":\"ImageObject\",\"inLanguage\":\"pt-PT\",\"@id\":\"https:\/\/www.safinel.fr\/#\/schema\/logo\/image\/\",\"url\":\"https:\/\/www.safinel.fr\/wp-content\/uploads\/2021\/05\/boutique-cosmetique.png\",\"contentUrl\":\"https:\/\/www.safinel.fr\/wp-content\/uploads\/2021\/05\/boutique-cosmetique.png\",\"width\":800,\"height\":200,\"caption\":\"Safinel\"},\"image\":{\"@id\":\"https:\/\/www.safinel.fr\/#\/schema\/logo\/image\/\"}},{\"@type\":\"Person\",\"@id\":\"https:\/\/www.safinel.fr\/#\/schema\/person\/47f7357f8aa8a41a796811d3f8a3e055\",\"name\":\"Naj\",\"image\":{\"@type\":\"ImageObject\",\"inLanguage\":\"pt-PT\",\"@id\":\"https:\/\/www.safinel.fr\/#\/schema\/person\/image\/\",\"url\":\"https:\/\/secure.gravatar.com\/avatar\/5c0fa4f0bce748d4964b7d68e4b0ee1d8e3120edba58a55893ced967bd2093b5?s=96&d=mm&r=g\",\"contentUrl\":\"https:\/\/secure.gravatar.com\/avatar\/5c0fa4f0bce748d4964b7d68e4b0ee1d8e3120edba58a55893ced967bd2093b5?s=96&d=mm&r=g\",\"caption\":\"Naj\"},\"url\":\"https:\/\/www.safinel.fr\/pt\/author\/naj\/\"}]}<\/script>\n<!-- \/ Yoast SEO plugin. -->","yoast_head_json":{"title":"Estrias nas n\u00e1degas | Guia sobre causas, preven\u00e7\u00e3o e tratamento","description":"Aqui, examinaremos as causas das estrias nas n\u00e1degas, bem como diferentes m\u00e9todos de preven\u00e7\u00e3o e tratamento para atenu\u00e1-las.","robots":{"index":"index","follow":"follow","max-snippet":"max-snippet:-1","max-image-preview":"max-image-preview:large","max-video-preview":"max-video-preview:-1"},"canonical":"https:\/\/www.safinel.fr\/pt\/estrias-nas-nadegas\/","og_locale":"pt_PT","og_type":"article","og_title":"Vergetures fesses | Guide sur les causes, pr\u00e9vention et traitement","og_description":"Ici, nous examinerons les causes des vergetures fesses, ainsi que diff\u00e9rentes m\u00e9thodes de pr\u00e9vention et de traitement pour les att\u00e9nuer.","og_url":"https:\/\/www.safinel.fr\/pt\/estrias-nas-nadegas\/","og_site_name":"Safinel","article_published_time":"2023-12-15T17:22:45+00:00","article_modified_time":"2024-05-31T17:06:53+00:00","og_image":[{"width":1100,"height":578,"url":"https:\/\/www.safinel.fr\/wp-content\/uploads\/2023\/12\/Tout-savoir-sur-les-vergetures-fesses.jpg","type":"image\/jpeg"}],"author":"Naj","twitter_card":"summary_large_image","twitter_misc":{"Escrito por":"Naj","Tempo estimado de leitura":"7 minutos"},"schema":{"@context":"https:\/\/schema.org","@graph":[{"@type":"Article","@id":"https:\/\/www.safinel.fr\/vergetures-fesses\/#article","isPartOf":{"@id":"https:\/\/www.safinel.fr\/vergetures-fesses\/"},"author":{"name":"Naj","@id":"https:\/\/www.safinel.fr\/#\/schema\/person\/47f7357f8aa8a41a796811d3f8a3e055"},"headline":"Tout savoir sur les vergetures fesses : causes, pr\u00e9vention et traitement","datePublished":"2023-12-15T17:22:45+00:00","dateModified":"2024-05-31T17:06:53+00:00","mainEntityOfPage":{"@id":"https:\/\/www.safinel.fr\/vergetures-fesses\/"},"wordCount":1481,"publisher":{"@id":"https:\/\/www.safinel.fr\/#organization"},"image":{"@id":"https:\/\/www.safinel.fr\/vergetures-fesses\/#primaryimage"},"thumbnailUrl":"https:\/\/www.safinel.fr\/wp-content\/uploads\/2023\/12\/Tout-savoir-sur-les-vergetures-fesses.jpg","articleSection":["Divers"],"inLanguage":"pt-PT"},{"@type":"WebPage","@id":"https:\/\/www.safinel.fr\/vergetures-fesses\/","url":"https:\/\/www.safinel.fr\/vergetures-fesses\/","name":"Estrias nas n\u00e1degas | Guia sobre causas, preven\u00e7\u00e3o e tratamento","isPartOf":{"@id":"https:\/\/www.safinel.fr\/#website"},"primaryImageOfPage":{"@id":"https:\/\/www.safinel.fr\/vergetures-fesses\/#primaryimage"},"image":{"@id":"https:\/\/www.safinel.fr\/vergetures-fesses\/#primaryimage"},"thumbnailUrl":"https:\/\/www.safinel.fr\/wp-content\/uploads\/2023\/12\/Tout-savoir-sur-les-vergetures-fesses.jpg","datePublished":"2023-12-15T17:22:45+00:00","dateModified":"2024-05-31T17:06:53+00:00","description":"Aqui, examinaremos as causas das estrias nas n\u00e1degas, bem como diferentes m\u00e9todos de preven\u00e7\u00e3o e tratamento para atenu\u00e1-las.","breadcrumb":{"@id":"https:\/\/www.safinel.fr\/vergetures-fesses\/#breadcrumb"},"inLanguage":"pt-PT","potentialAction":[{"@type":"ReadAction","target":["https:\/\/www.safinel.fr\/vergetures-fesses\/"]}]},{"@type":"ImageObject","inLanguage":"pt-PT","@id":"https:\/\/www.safinel.fr\/vergetures-fesses\/#primaryimage","url":"https:\/\/www.safinel.fr\/wp-content\/uploads\/2023\/12\/Tout-savoir-sur-les-vergetures-fesses.jpg","contentUrl":"https:\/\/www.safinel.fr\/wp-content\/uploads\/2023\/12\/Tout-savoir-sur-les-vergetures-fesses.jpg","width":1100,"height":578,"caption":"vergetures fesses"},{"@type":"BreadcrumbList","@id":"https:\/\/www.safinel.fr\/vergetures-fesses\/#breadcrumb","itemListElement":[{"@type":"ListItem","position":1,"name":"Accueil","item":"https:\/\/www.safinel.fr\/"},{"@type":"ListItem","position":2,"name":"Tout savoir sur les vergetures fesses : causes, pr\u00e9vention et traitement"}]},{"@type":"WebSite","@id":"https:\/\/www.safinel.fr\/#website","url":"https:\/\/www.safinel.fr\/","name":"Safinel","description":"","publisher":{"@id":"https:\/\/www.safinel.fr\/#organization"},"potentialAction":[{"@type":"SearchAction","target":{"@type":"EntryPoint","urlTemplate":"https:\/\/www.safinel.fr\/?s={search_term_string}"},"query-input":{"@type":"PropertyValueSpecification","valueRequired":true,"valueName":"search_term_string"}}],"inLanguage":"pt-PT"},{"@type":"Organization","@id":"https:\/\/www.safinel.fr\/#organization","name":"Safinel","url":"https:\/\/www.safinel.fr\/","logo":{"@type":"ImageObject","inLanguage":"pt-PT","@id":"https:\/\/www.safinel.fr\/#\/schema\/logo\/image\/","url":"https:\/\/www.safinel.fr\/wp-content\/uploads\/2021\/05\/boutique-cosmetique.png","contentUrl":"https:\/\/www.safinel.fr\/wp-content\/uploads\/2021\/05\/boutique-cosmetique.png","width":800,"height":200,"caption":"Safinel"},"image":{"@id":"https:\/\/www.safinel.fr\/#\/schema\/logo\/image\/"}},{"@type":"Person","@id":"https:\/\/www.safinel.fr\/#\/schema\/person\/47f7357f8aa8a41a796811d3f8a3e055","name":"Naj","image":{"@type":"ImageObject","inLanguage":"pt-PT","@id":"https:\/\/www.safinel.fr\/#\/schema\/person\/image\/","url":"https:\/\/secure.gravatar.com\/avatar\/5c0fa4f0bce748d4964b7d68e4b0ee1d8e3120edba58a55893ced967bd2093b5?s=96&d=mm&r=g","contentUrl":"https:\/\/secure.gravatar.com\/avatar\/5c0fa4f0bce748d4964b7d68e4b0ee1d8e3120edba58a55893ced967bd2093b5?s=96&d=mm&r=g","caption":"Naj"},"url":"https:\/\/www.safinel.fr\/pt\/author\/naj\/"}]}},"_links":{"self":[{"href":"https:\/\/www.safinel.fr\/pt\/wp-json\/wp\/v2\/posts\/10260","targetHints":{"allow":["GET"]}}],"collection":[{"href":"https:\/\/www.safinel.fr\/pt\/wp-json\/wp\/v2\/posts"}],"about":[{"href":"https:\/\/www.safinel.fr\/pt\/wp-json\/wp\/v2\/types\/post"}],"author":[{"embeddable":true,"href":"https:\/\/www.safinel.fr\/pt\/wp-json\/wp\/v2\/users\/156"}],"replies":[{"embeddable":true,"href":"https:\/\/www.safinel.fr\/pt\/wp-json\/wp\/v2\/comments?post=10260"}],"version-history":[{"count":2,"href":"https:\/\/www.safinel.fr\/pt\/wp-json\/wp\/v2\/posts\/10260\/revisions"}],"predecessor-version":[{"id":13824,"href":"https:\/\/www.safinel.fr\/pt\/wp-json\/wp\/v2\/posts\/10260\/revisions\/13824"}],"wp:featuredmedia":[{"embeddable":true,"href":"https:\/\/www.safinel.fr\/pt\/wp-json\/wp\/v2\/media\/10261"}],"wp:attachment":[{"href":"https:\/\/www.safinel.fr\/pt\/wp-json\/wp\/v2\/media?parent=10260"}],"wp:term":[{"taxonomy":"category","embeddable":true,"href":"https:\/\/www.safinel.fr\/pt\/wp-json\/wp\/v2\/categories?post=10260"},{"taxonomy":"post_tag","embeddable":true,"href":"https:\/\/www.safinel.fr\/pt\/wp-json\/wp\/v2\/tags?post=10260"}],"curies":[{"name":"wp","href":"https:\/\/api.w.org\/{rel}","templated":true}]}}