{"id":9775,"date":"2023-11-22T16:53:35","date_gmt":"2023-11-22T16:53:35","guid":{"rendered":"https:\/\/www.safinel.fr\/?p=9775"},"modified":"2023-11-22T16:53:38","modified_gmt":"2023-11-22T16:53:38","slug":"bambino-africano","status":"publish","type":"post","link":"https:\/\/www.safinel.fr\/it\/bambino-africano\/","title":{"rendered":"Il mondo colorato e affascinante dei neonati africani"},"content":{"rendered":"<p>Chi non si stupirebbe della bellezza unica e dello spirito festivo di una&nbsp;<strong>Bambino africano<\/strong>&nbsp;? Le immagini e le foto di questi piccoli e adorabili festaioli invadono regolarmente i social media, i telegiornali e persino le pubblicit\u00e0. Queste affascinanti istantanee non sono solo piacevoli da vedere, ma rivelano anche la ricchezza culturale e sociale del continente. In questo articolo diamo uno sguardo a questo mondo affascinante, che unisce tradizioni secolari e dinamismo contemporaneo.<\/p>\n\n\n\n<h2 class=\"wp-block-heading\"><strong>Rituali di nascita tradizionali<\/strong><\/h2>\n\n\n\n<p>La nascita di un bambino in Africa \u00e8 molto pi\u00f9 di un semplice evento familiare: in molte comunit\u00e0 \u00e8 un'occasione per segnare l'ingresso del neonato nella societ\u00e0, attraverso il prisma dei rituali ancestrali.<\/p>\n\n\n\n<h3 class=\"wp-block-heading\"><strong>Prendersi cura dei bambini africani<\/strong><\/h3>\n\n\n\n<p>Fin dai primi giorni, le madri si prendono cura dei loro bambini con tenerezza e competenza. Una delle pratiche diffuse in tutto il continente \u00e8 il massaggio quotidiano del corpo con oli naturali.&nbsp;<strong>L'importanza attribuita a questa tecnica consente alla pelle delicata dei neonati di adattarsi al clima locale.<\/strong>, Inoltre, aiuta a rilassare i muscoli e a migliorare la qualit\u00e0 del sonno.<\/p>\n\n\n\n<h3 class=\"wp-block-heading\"><strong>Riti iniziatici e nomi di battesimo<\/strong><\/h3>\n\n\n\n<p>Ogni comunit\u00e0 ha i propri riti per celebrare la nascita di un bambino. Alcuni dei pi\u00f9 comuni sono\u00a0<strong>\u00abnominare\u00bb<\/strong>. Durante questa cerimonia, i genitori chiamano un dignitario locale che rivela al pubblico il nome scelto per il bambino. I nomi sono spesso altamente simbolici e riflettono le speranze e le aspettative riposte nel bambino.<\/p>\n\n\n\n<h2 class=\"wp-block-heading\"><strong>Abiti colorati e tradizionali<\/strong><\/h2>\n\n\n\n<p>Se le foto di\u00a0<strong>Neonati africani<\/strong>\u00a0incantano il pubblico di tutto il mondo. Ci\u00f2 \u00e8 dovuto in gran parte agli abiti scintillanti e colorati che indossano. Ricchi di colori e motivi, questi <strong><a href=\"https:\/\/www.safinel.fr\/it\/uomo-boubou-africano\/\">abbigliamento<\/a><\/strong> testimoniano l'identit\u00e0 sociale e culturale del bambino.<\/p>\n\n\n\n<h3 class=\"wp-block-heading\"><strong>L'uso dei perizomi<\/strong><\/h3>\n\n\n\n<p>Sebbene questo tessuto sia senza dubbio un simbolo essenziale della moda africana, \u00e8 stato a lungo ampiamente utilizzato nell'abbigliamento per bambini. Le madri <strong><a href=\"https:\/\/mamanetbebenature.fr\/12-couches-lavables-bebe\" target=\"_blank\" rel=\"noreferrer noopener\">i perizomi frequentemente utilizzati come pannolini lavabili<\/a><\/strong>, In questo modo \u00e8 stato facile mantenere i piccoli all'asciutto nonostante il caldo.<\/p>\n\n\n\n<h3 class=\"wp-block-heading\"><strong>Costumi tradizionali per le cerimonie religiose e familiari<\/strong><\/h3>\n\n\n\n<p>Matrimoni, battesimi, funerali... non mancano le occasioni per vestire i bambini con abiti speciali. Sempre attuali, questi abiti dai ricami intricati e dai materiali nobili sono opere d'arte che testimoniano il know-how locale.<\/p>\n\n\n\n<h3 class=\"wp-block-heading\"><strong>Bambini africani come mascotte in eventi internazionali<\/strong><\/h3>\n\n\n\n<p>Da diversi anni, il fascino irresistibile dei bambini africani non sfugge all'attenzione dei media di tutto il mondo. In occasione di ogni evento importante nel continente, i fotografi si dilettano a immortalare questi piccoli volti radiosi.<\/p>\n\n\n\n<ul class=\"wp-block-list\">\n<li><strong>Competizioni sportive<\/strong><\/li>\n<\/ul>\n\n\n\n<p>In occasione di tornei come la Coppa del Mondo o la Coppa d'Africa, le famiglie si riversano negli stadi, mostrando con orgoglio i colori della propria nazione. Immagini di&nbsp;<strong>Neonati africani<\/strong>&nbsp;Vestiti o meno, attirano sistematicamente l'attenzione dei media e fanno spesso il giro del web.<\/p>\n\n\n\n<ul class=\"wp-block-list\">\n<li><strong>Festival culturali<\/strong><\/li>\n<\/ul>\n\n\n\n<p>Oltre ai grandi eventi sportivi, l'Africa vibra anche al ritmo dei suoi numerosi eventi artistici e tradizionali. Vestiti con costumi, trucchi e acconciature spettacolari, i bambini giocano un ruolo centrale in queste feste, trasmettendo brillantemente la gioia contagiosa delle culture del continente.<\/p>","protected":false},"excerpt":{"rendered":"<p>Chi non si stupirebbe della bellezza unica e dello spirito festivo di un bambino africano? Immagini e foto di questi adorabili piccoli festaioli invadono regolarmente i social media, i telegiornali e persino le pubblicit\u00e0. Queste affascinanti istantanee non sono solo piacevoli da vedere, ma rivelano anche la ricchezza culturale e sociale del continente. [...]","protected":false},"author":156,"featured_media":9776,"comment_status":"closed","ping_status":"closed","sticky":false,"template":"","format":"standard","meta":{"footnotes":""},"categories":[1],"tags":[],"class_list":["post-9775","post","type-post","status-publish","format-standard","has-post-thumbnail","hentry","category-divers"],"yoast_head":"<!-- This site is optimized with the Yoast SEO plugin v26.6 - https:\/\/yoast.com\/wordpress\/plugins\/seo\/ -->\n<title>B\u00e9b\u00e9 africain | L&#039;univers color\u00e9 et captivant \u00e0 d\u00e9couvrir<\/title>\n<meta name=\"description\" content=\"Qui ne serait pas \u00e9merveill\u00e9 par la beaut\u00e9 unique et l&#039;esprit festif d&#039;un\u00a0b\u00e9b\u00e9 africain\u00a0? Zoom sur les origines \u00e0 conna\u00eetre !\" \/>\n<meta name=\"robots\" content=\"index, follow, max-snippet:-1, max-image-preview:large, max-video-preview:-1\" \/>\n<link rel=\"canonical\" href=\"https:\/\/www.safinel.fr\/it\/bambino-africano\/\" \/>\n<meta property=\"og:locale\" content=\"it_IT\" \/>\n<meta property=\"og:type\" content=\"article\" \/>\n<meta property=\"og:title\" content=\"B\u00e9b\u00e9 africain | L&#039;univers color\u00e9 et captivant \u00e0 d\u00e9couvrir\" \/>\n<meta property=\"og:description\" content=\"Qui ne serait pas \u00e9merveill\u00e9 par la beaut\u00e9 unique et l&#039;esprit festif d&#039;un\u00a0b\u00e9b\u00e9 africain\u00a0? Zoom sur les origines \u00e0 conna\u00eetre !\" \/>\n<meta property=\"og:url\" content=\"https:\/\/www.safinel.fr\/it\/bambino-africano\/\" \/>\n<meta property=\"og:site_name\" content=\"Safinel\" \/>\n<meta property=\"article:published_time\" content=\"2023-11-22T16:53:35+00:00\" \/>\n<meta property=\"article:modified_time\" content=\"2023-11-22T16:53:38+00:00\" \/>\n<meta property=\"og:image\" content=\"https:\/\/www.safinel.fr\/wp-content\/uploads\/2023\/11\/Les-bebes-dAfrique.jpg\" \/>\n\t<meta property=\"og:image:width\" content=\"1100\" \/>\n\t<meta property=\"og:image:height\" content=\"578\" \/>\n\t<meta property=\"og:image:type\" content=\"image\/jpeg\" \/>\n<meta name=\"author\" content=\"Naj\" \/>\n<meta name=\"twitter:card\" content=\"summary_large_image\" \/>\n<meta name=\"twitter:label1\" content=\"Scritto da\" \/>\n\t<meta name=\"twitter:data1\" content=\"Naj\" \/>\n\t<meta name=\"twitter:label2\" content=\"Tempo di lettura stimato\" \/>\n\t<meta name=\"twitter:data2\" content=\"3 minuti\" \/>\n<script type=\"application\/ld+json\" class=\"yoast-schema-graph\">{\"@context\":\"https:\/\/schema.org\",\"@graph\":[{\"@type\":\"Article\",\"@id\":\"https:\/\/www.safinel.fr\/bebe-africain\/#article\",\"isPartOf\":{\"@id\":\"https:\/\/www.safinel.fr\/bebe-africain\/\"},\"author\":{\"name\":\"Naj\",\"@id\":\"https:\/\/www.safinel.fr\/#\/schema\/person\/47f7357f8aa8a41a796811d3f8a3e055\"},\"headline\":\"L&rsquo;univers color\u00e9 et captivant des b\u00e9b\u00e9s d&rsquo;Afrique\",\"datePublished\":\"2023-11-22T16:53:35+00:00\",\"dateModified\":\"2023-11-22T16:53:38+00:00\",\"mainEntityOfPage\":{\"@id\":\"https:\/\/www.safinel.fr\/bebe-africain\/\"},\"wordCount\":642,\"publisher\":{\"@id\":\"https:\/\/www.safinel.fr\/#organization\"},\"image\":{\"@id\":\"https:\/\/www.safinel.fr\/bebe-africain\/#primaryimage\"},\"thumbnailUrl\":\"https:\/\/www.safinel.fr\/wp-content\/uploads\/2023\/11\/Les-bebes-dAfrique.jpg\",\"articleSection\":[\"Divers\"],\"inLanguage\":\"it-IT\"},{\"@type\":\"WebPage\",\"@id\":\"https:\/\/www.safinel.fr\/bebe-africain\/\",\"url\":\"https:\/\/www.safinel.fr\/bebe-africain\/\",\"name\":\"B\u00e9b\u00e9 africain | L'univers color\u00e9 et captivant \u00e0 d\u00e9couvrir\",\"isPartOf\":{\"@id\":\"https:\/\/www.safinel.fr\/#website\"},\"primaryImageOfPage\":{\"@id\":\"https:\/\/www.safinel.fr\/bebe-africain\/#primaryimage\"},\"image\":{\"@id\":\"https:\/\/www.safinel.fr\/bebe-africain\/#primaryimage\"},\"thumbnailUrl\":\"https:\/\/www.safinel.fr\/wp-content\/uploads\/2023\/11\/Les-bebes-dAfrique.jpg\",\"datePublished\":\"2023-11-22T16:53:35+00:00\",\"dateModified\":\"2023-11-22T16:53:38+00:00\",\"description\":\"Qui ne serait pas \u00e9merveill\u00e9 par la beaut\u00e9 unique et l'esprit festif d'un\u00a0b\u00e9b\u00e9 africain\u00a0? Zoom sur les origines \u00e0 conna\u00eetre !\",\"breadcrumb\":{\"@id\":\"https:\/\/www.safinel.fr\/bebe-africain\/#breadcrumb\"},\"inLanguage\":\"it-IT\",\"potentialAction\":[{\"@type\":\"ReadAction\",\"target\":[\"https:\/\/www.safinel.fr\/bebe-africain\/\"]}]},{\"@type\":\"ImageObject\",\"inLanguage\":\"it-IT\",\"@id\":\"https:\/\/www.safinel.fr\/bebe-africain\/#primaryimage\",\"url\":\"https:\/\/www.safinel.fr\/wp-content\/uploads\/2023\/11\/Les-bebes-dAfrique.jpg\",\"contentUrl\":\"https:\/\/www.safinel.fr\/wp-content\/uploads\/2023\/11\/Les-bebes-dAfrique.jpg\",\"width\":1100,\"height\":578,\"caption\":\"L'univers color\u00e9 et captivant des b\u00e9b\u00e9s d'Afrique\"},{\"@type\":\"BreadcrumbList\",\"@id\":\"https:\/\/www.safinel.fr\/bebe-africain\/#breadcrumb\",\"itemListElement\":[{\"@type\":\"ListItem\",\"position\":1,\"name\":\"Accueil\",\"item\":\"https:\/\/www.safinel.fr\/\"},{\"@type\":\"ListItem\",\"position\":2,\"name\":\"L&#8217;univers color\u00e9 et captivant des b\u00e9b\u00e9s d&#8217;Afrique\"}]},{\"@type\":\"WebSite\",\"@id\":\"https:\/\/www.safinel.fr\/#website\",\"url\":\"https:\/\/www.safinel.fr\/\",\"name\":\"Safinel\",\"description\":\"\",\"publisher\":{\"@id\":\"https:\/\/www.safinel.fr\/#organization\"},\"potentialAction\":[{\"@type\":\"SearchAction\",\"target\":{\"@type\":\"EntryPoint\",\"urlTemplate\":\"https:\/\/www.safinel.fr\/?s={search_term_string}\"},\"query-input\":{\"@type\":\"PropertyValueSpecification\",\"valueRequired\":true,\"valueName\":\"search_term_string\"}}],\"inLanguage\":\"it-IT\"},{\"@type\":\"Organization\",\"@id\":\"https:\/\/www.safinel.fr\/#organization\",\"name\":\"Safinel\",\"url\":\"https:\/\/www.safinel.fr\/\",\"logo\":{\"@type\":\"ImageObject\",\"inLanguage\":\"it-IT\",\"@id\":\"https:\/\/www.safinel.fr\/#\/schema\/logo\/image\/\",\"url\":\"https:\/\/www.safinel.fr\/wp-content\/uploads\/2021\/05\/boutique-cosmetique.png\",\"contentUrl\":\"https:\/\/www.safinel.fr\/wp-content\/uploads\/2021\/05\/boutique-cosmetique.png\",\"width\":800,\"height\":200,\"caption\":\"Safinel\"},\"image\":{\"@id\":\"https:\/\/www.safinel.fr\/#\/schema\/logo\/image\/\"}},{\"@type\":\"Person\",\"@id\":\"https:\/\/www.safinel.fr\/#\/schema\/person\/47f7357f8aa8a41a796811d3f8a3e055\",\"name\":\"Naj\",\"image\":{\"@type\":\"ImageObject\",\"inLanguage\":\"it-IT\",\"@id\":\"https:\/\/www.safinel.fr\/#\/schema\/person\/image\/\",\"url\":\"https:\/\/secure.gravatar.com\/avatar\/5c0fa4f0bce748d4964b7d68e4b0ee1d8e3120edba58a55893ced967bd2093b5?s=96&d=mm&r=g\",\"contentUrl\":\"https:\/\/secure.gravatar.com\/avatar\/5c0fa4f0bce748d4964b7d68e4b0ee1d8e3120edba58a55893ced967bd2093b5?s=96&d=mm&r=g\",\"caption\":\"Naj\"},\"url\":\"https:\/\/www.safinel.fr\/it\/author\/naj\/\"}]}<\/script>\n<!-- \/ Yoast SEO plugin. -->","yoast_head_json":{"title":"African baby | Un mondo colorato e accattivante da scoprire","description":"Chi non sarebbe stupito dalla bellezza unica e dallo spirito festoso di un bambino africano? Zoom sulle origini da conoscere!","robots":{"index":"index","follow":"follow","max-snippet":"max-snippet:-1","max-image-preview":"max-image-preview:large","max-video-preview":"max-video-preview:-1"},"canonical":"https:\/\/www.safinel.fr\/it\/bambino-africano\/","og_locale":"it_IT","og_type":"article","og_title":"B\u00e9b\u00e9 africain | L'univers color\u00e9 et captivant \u00e0 d\u00e9couvrir","og_description":"Qui ne serait pas \u00e9merveill\u00e9 par la beaut\u00e9 unique et l'esprit festif d'un\u00a0b\u00e9b\u00e9 africain\u00a0? Zoom sur les origines \u00e0 conna\u00eetre !","og_url":"https:\/\/www.safinel.fr\/it\/bambino-africano\/","og_site_name":"Safinel","article_published_time":"2023-11-22T16:53:35+00:00","article_modified_time":"2023-11-22T16:53:38+00:00","og_image":[{"width":1100,"height":578,"url":"https:\/\/www.safinel.fr\/wp-content\/uploads\/2023\/11\/Les-bebes-dAfrique.jpg","type":"image\/jpeg"}],"author":"Naj","twitter_card":"summary_large_image","twitter_misc":{"Scritto da":"Naj","Tempo di lettura stimato":"3 minuti"},"schema":{"@context":"https:\/\/schema.org","@graph":[{"@type":"Article","@id":"https:\/\/www.safinel.fr\/bebe-africain\/#article","isPartOf":{"@id":"https:\/\/www.safinel.fr\/bebe-africain\/"},"author":{"name":"Naj","@id":"https:\/\/www.safinel.fr\/#\/schema\/person\/47f7357f8aa8a41a796811d3f8a3e055"},"headline":"L&rsquo;univers color\u00e9 et captivant des b\u00e9b\u00e9s d&rsquo;Afrique","datePublished":"2023-11-22T16:53:35+00:00","dateModified":"2023-11-22T16:53:38+00:00","mainEntityOfPage":{"@id":"https:\/\/www.safinel.fr\/bebe-africain\/"},"wordCount":642,"publisher":{"@id":"https:\/\/www.safinel.fr\/#organization"},"image":{"@id":"https:\/\/www.safinel.fr\/bebe-africain\/#primaryimage"},"thumbnailUrl":"https:\/\/www.safinel.fr\/wp-content\/uploads\/2023\/11\/Les-bebes-dAfrique.jpg","articleSection":["Divers"],"inLanguage":"it-IT"},{"@type":"WebPage","@id":"https:\/\/www.safinel.fr\/bebe-africain\/","url":"https:\/\/www.safinel.fr\/bebe-africain\/","name":"African baby | Un mondo colorato e accattivante da scoprire","isPartOf":{"@id":"https:\/\/www.safinel.fr\/#website"},"primaryImageOfPage":{"@id":"https:\/\/www.safinel.fr\/bebe-africain\/#primaryimage"},"image":{"@id":"https:\/\/www.safinel.fr\/bebe-africain\/#primaryimage"},"thumbnailUrl":"https:\/\/www.safinel.fr\/wp-content\/uploads\/2023\/11\/Les-bebes-dAfrique.jpg","datePublished":"2023-11-22T16:53:35+00:00","dateModified":"2023-11-22T16:53:38+00:00","description":"Chi non sarebbe stupito dalla bellezza unica e dallo spirito festoso di un bambino africano? Zoom sulle origini da conoscere!","breadcrumb":{"@id":"https:\/\/www.safinel.fr\/bebe-africain\/#breadcrumb"},"inLanguage":"it-IT","potentialAction":[{"@type":"ReadAction","target":["https:\/\/www.safinel.fr\/bebe-africain\/"]}]},{"@type":"ImageObject","inLanguage":"it-IT","@id":"https:\/\/www.safinel.fr\/bebe-africain\/#primaryimage","url":"https:\/\/www.safinel.fr\/wp-content\/uploads\/2023\/11\/Les-bebes-dAfrique.jpg","contentUrl":"https:\/\/www.safinel.fr\/wp-content\/uploads\/2023\/11\/Les-bebes-dAfrique.jpg","width":1100,"height":578,"caption":"L'univers color\u00e9 et captivant des b\u00e9b\u00e9s d'Afrique"},{"@type":"BreadcrumbList","@id":"https:\/\/www.safinel.fr\/bebe-africain\/#breadcrumb","itemListElement":[{"@type":"ListItem","position":1,"name":"Accueil","item":"https:\/\/www.safinel.fr\/"},{"@type":"ListItem","position":2,"name":"L&#8217;univers color\u00e9 et captivant des b\u00e9b\u00e9s d&#8217;Afrique"}]},{"@type":"WebSite","@id":"https:\/\/www.safinel.fr\/#website","url":"https:\/\/www.safinel.fr\/","name":"Safinel","description":"","publisher":{"@id":"https:\/\/www.safinel.fr\/#organization"},"potentialAction":[{"@type":"SearchAction","target":{"@type":"EntryPoint","urlTemplate":"https:\/\/www.safinel.fr\/?s={search_term_string}"},"query-input":{"@type":"PropertyValueSpecification","valueRequired":true,"valueName":"search_term_string"}}],"inLanguage":"it-IT"},{"@type":"Organization","@id":"https:\/\/www.safinel.fr\/#organization","name":"Safinel","url":"https:\/\/www.safinel.fr\/","logo":{"@type":"ImageObject","inLanguage":"it-IT","@id":"https:\/\/www.safinel.fr\/#\/schema\/logo\/image\/","url":"https:\/\/www.safinel.fr\/wp-content\/uploads\/2021\/05\/boutique-cosmetique.png","contentUrl":"https:\/\/www.safinel.fr\/wp-content\/uploads\/2021\/05\/boutique-cosmetique.png","width":800,"height":200,"caption":"Safinel"},"image":{"@id":"https:\/\/www.safinel.fr\/#\/schema\/logo\/image\/"}},{"@type":"Person","@id":"https:\/\/www.safinel.fr\/#\/schema\/person\/47f7357f8aa8a41a796811d3f8a3e055","name":"Naj","image":{"@type":"ImageObject","inLanguage":"it-IT","@id":"https:\/\/www.safinel.fr\/#\/schema\/person\/image\/","url":"https:\/\/secure.gravatar.com\/avatar\/5c0fa4f0bce748d4964b7d68e4b0ee1d8e3120edba58a55893ced967bd2093b5?s=96&d=mm&r=g","contentUrl":"https:\/\/secure.gravatar.com\/avatar\/5c0fa4f0bce748d4964b7d68e4b0ee1d8e3120edba58a55893ced967bd2093b5?s=96&d=mm&r=g","caption":"Naj"},"url":"https:\/\/www.safinel.fr\/it\/author\/naj\/"}]}},"_links":{"self":[{"href":"https:\/\/www.safinel.fr\/it\/wp-json\/wp\/v2\/posts\/9775","targetHints":{"allow":["GET"]}}],"collection":[{"href":"https:\/\/www.safinel.fr\/it\/wp-json\/wp\/v2\/posts"}],"about":[{"href":"https:\/\/www.safinel.fr\/it\/wp-json\/wp\/v2\/types\/post"}],"author":[{"embeddable":true,"href":"https:\/\/www.safinel.fr\/it\/wp-json\/wp\/v2\/users\/156"}],"replies":[{"embeddable":true,"href":"https:\/\/www.safinel.fr\/it\/wp-json\/wp\/v2\/comments?post=9775"}],"version-history":[{"count":1,"href":"https:\/\/www.safinel.fr\/it\/wp-json\/wp\/v2\/posts\/9775\/revisions"}],"predecessor-version":[{"id":9777,"href":"https:\/\/www.safinel.fr\/it\/wp-json\/wp\/v2\/posts\/9775\/revisions\/9777"}],"wp:featuredmedia":[{"embeddable":true,"href":"https:\/\/www.safinel.fr\/it\/wp-json\/wp\/v2\/media\/9776"}],"wp:attachment":[{"href":"https:\/\/www.safinel.fr\/it\/wp-json\/wp\/v2\/media?parent=9775"}],"wp:term":[{"taxonomy":"category","embeddable":true,"href":"https:\/\/www.safinel.fr\/it\/wp-json\/wp\/v2\/categories?post=9775"},{"taxonomy":"post_tag","embeddable":true,"href":"https:\/\/www.safinel.fr\/it\/wp-json\/wp\/v2\/tags?post=9775"}],"curies":[{"name":"wp","href":"https:\/\/api.w.org\/{rel}","templated":true}]}}