{"id":8443,"date":"2023-09-10T18:44:52","date_gmt":"2023-09-10T18:44:52","guid":{"rendered":"https:\/\/www.safinel.fr\/?p=8443"},"modified":"2023-09-10T18:44:54","modified_gmt":"2023-09-10T18:44:54","slug":"eczema-pelle-nera","status":"publish","type":"post","link":"https:\/\/www.safinel.fr\/it\/eczema-pelle-nera\/","title":{"rendered":"Eczema della pelle nera: capire e trattare questa patologia cutanea"},"content":{"rendered":"<p>L\u2019<strong>eczema pelle nera<\/strong>&nbsp;\u00e8 una patologia cutanea comune alle persone con la pelle scura. Si manifesta come&nbsp;<strong>prurito<\/strong>, In alcuni casi, pu\u00f2 provocare eruzioni cutanee, arrossamenti e chiazze secche sulla pelle. In alcuni casi, pu\u00f2 portare a&nbsp;<strong>lichenificazione<\/strong>, Si tratta di un ispessimento della pelle con segni pi\u00f9 scuri. \u00c8 fondamentale saper riconoscere&nbsp;<strong>sintomi<\/strong>&nbsp;dell'eczema per poterlo trattare efficacemente.<\/p>\n\n\n\n<h2 class=\"wp-block-heading\" id=\"h-les-diff-rents-types-d-ecz-ma-peau-noire\"><strong>I diversi tipi di eczema della pelle nera<\/strong><\/h2>\n\n\n\n<p>Esistono diversi tipi di eczema che possono colpire le persone con la pelle scura. Questi includono<\/p>\n\n\n\n<ul class=\"wp-block-list\">\n<li><strong>Dermatite atopica<\/strong>&nbsp;Eczema nero: \u00e8 la forma pi\u00f9 comune di eczema nero. \u00c8 caratterizzato da un'infiammazione cronica della pelle, spesso associata a una predisposizione genetica.<\/li>\n\n\n\n<li><strong>Dermatite da contatto<\/strong>\u00a0\u00c8 il risultato di una reazione allergica o di un'irritazione causata dal contatto della pelle con una particolare sostanza (profumo, sapone, ecc.), <strong><a href=\"https:\/\/www.safinel.fr\/it\/categoria-prodotto\/donna-baya\/\">gioielli<\/a><\/strong>, ecc.).<\/li>\n\n\n\n<li><strong>Disidrosi<\/strong>&nbsp;eczema: questa forma di eczema si manifesta con piccole vesciche piene di liquido, soprattutto su mani e piedi.<\/li>\n<\/ul>\n\n\n\n<h2 class=\"wp-block-heading\" id=\"h-les-sympt-mes-de-l-ecz-ma-peau-noire\"><strong>Sintomi dell'eczema della pelle nera<\/strong><\/h2>\n\n\n\n<p>L'eczema della pelle nera pu\u00f2 manifestarsi in modi diversi&nbsp;<strong>sintomi<\/strong>, Questi variano a seconda della gravit\u00e0 della condizione:<\/p>\n\n\n\n<ul class=\"wp-block-list\">\n<li><strong>Prurito<\/strong>&nbsp;Prurito: spesso \u00e8 il primo segno di eczema. Il prurito pu\u00f2 essere lieve o intenso e accompagnato da una sensazione di bruciore.<\/li>\n\n\n\n<li><strong>Arrossamento e infiammazione<\/strong>&nbsp;La pelle diventa rossa e infiammata a causa di reazioni allergiche o infiammatorie negli strati pi\u00f9 profondi della pelle.<\/li>\n\n\n\n<li><strong>Peeling e macchie secche<\/strong>&nbsp;La pelle si secca e si screpola, formando chiazze secche e squamose.<\/li>\n\n\n\n<li><strong>Trasudare<\/strong>&nbsp;Trasudazione: in alcuni casi, la pelle pu\u00f2 trasudare un liquido chiaro o giallastro. Questo fenomeno \u00e8 pi\u00f9 comune nei casi di dermatite da contatto o disidrosi.<\/li>\n\n\n\n<li><strong>Lichenificazione<\/strong>&nbsp;Lichenificazione: l'ispessimento della pelle e la comparsa di macchie pi\u00f9 scure sono segni di lichenificazione, che deriva dal grattamento cronico dell'area interessata.<\/li>\n<\/ul>\n\n\n\n<h3 class=\"wp-block-heading\" id=\"h-la-couleur-de-l-ecz-ma-sur-les-peaux-fonc-es\"><strong>Il colore dell'eczema sulla pelle scura<\/strong><\/h3>\n\n\n\n<p>Sulle pelli pi\u00f9 scure, le chiazze di eczema possono comparire pi\u00f9 frequentemente.&nbsp;<strong>colore della pelle pi\u00f9 scuro del normale<\/strong>. Questa differenza di colore pu\u00f2 rendere pi\u00f9 difficile la diagnosi, soprattutto quando la condizione viene confusa con altri problemi della pelle come la psoriasi o la micosi. \u00c8 quindi essenziale consultare un dermatologo per una diagnosi accurata e un trattamento adeguato.<\/p>\n\n\n\n<h2 class=\"wp-block-heading\" id=\"h-traitement-de-l-ecz-ma-peau-noire\"><strong>Trattamento dell'eczema della pelle nera<\/strong><\/h2>\n\n\n\n<p>Il trattamento dell'eczema della pelle nera prevede diverse fasi:<\/p>\n\n\n\n<ol class=\"wp-block-list\">\n<li><strong>Idratazione della pelle<\/strong>&nbsp;Utilizzare emollienti e idratanti per ripristinare la barriera cutanea e alleviare il prurito.<\/li>\n\n\n\n<li><strong>Antinfiammatori<\/strong>&nbsp;Corticosteroidi topici: i corticosteroidi topici sono spesso prescritti per ridurre l'infiammazione e il prurito causati dall'eczema.<\/li>\n\n\n\n<li><strong>Trattamento delle infezioni<\/strong>&nbsp;Se \u00e8 presente un'infezione batterica o fungina, sar\u00e0 necessario trattare l'infezione con antibiotici o antimicotici.<\/li>\n\n\n\n<li><strong>Evitare gli allergeni<\/strong>&nbsp;Identificare ed evitare le sostanze che scatenano l'eczema (profumi, saponi, gioielli, ecc.).<\/li>\n\n\n\n<li><strong>Terapie complementari<\/strong>&nbsp;In alcuni casi possono essere raccomandati trattamenti complementari, come la fototerapia o gli antistaminici, per controllare i sintomi dell'eczema.<\/li>\n<\/ol>\n\n\n\n<h3 class=\"wp-block-heading\" id=\"h-pr-vention-et-conseils-en-2023\"><strong>Prevenzione e consulenza nel 2023<\/strong><\/h3>\n\n\n\n<p>Per prevenire la comparsa dell'eczema e gestire al meglio questa condizione cutanea, ecco alcuni consigli:<\/p>\n\n\n\n<ul class=\"wp-block-list\">\n<li><strong>Scegliere i prodotti giusti<\/strong>&nbsp;Scegliete saponi e lozioni senza profumo, ipoallergenici e specificamente formulati per la pelle sensibile.<\/li>\n\n\n\n<li><strong>Idratare regolarmente la pelle<\/strong>&nbsp;Applicare quotidianamente una crema idratante su tutto il corpo, prestando particolare attenzione alle zone secche e irritate.<\/li>\n\n\n\n<li><strong>Evitare gli allergeni<\/strong>&nbsp;Individuare le sostanze che scatenano il prurito ed evitarle il pi\u00f9 possibile (ad esempio, indossare guanti quando si maneggiano prodotti per la casa).<\/li>\n\n\n\n<li><strong>Limitare i bagni caldi<\/strong>\u00a0Le docce calde sono da preferire ai bagni caldi. Questi ultimi possono aggravare il prurito e seccare ulteriormente la pelle.<\/li>\n\n\n\n<li><strong>Gestione dello stress<\/strong>\u00a0Lo stress pu\u00f2 esacerbare i sintomi dell'eczema. Praticare tecniche di rilassamento.<\/li>\n<\/ul>\n\n\n\n<p>Seguendo questi consigli e collaborando con un professionista sanitario, \u00e8 possibile gestire meglio l'eczema della pelle nera e migliorare la qualit\u00e0 della vita delle persone affette da questa patologia cutanea.<\/p>","protected":false},"excerpt":{"rendered":"<p>L'eczema della pelle nera \u00e8 una condizione cutanea comune nelle persone con la pelle scura. Si manifesta con prurito, arrossamento e chiazze secche sulla pelle. In alcuni casi, pu\u00f2 portare alla lichenificazione, un ispessimento della pelle con segni pi\u00f9 scuri. Saper riconoscere i sintomi dell'eczema \u00e8 essenziale per [...]","protected":false},"author":156,"featured_media":8444,"comment_status":"closed","ping_status":"closed","sticky":false,"template":"","format":"standard","meta":{"footnotes":""},"categories":[1],"tags":[],"class_list":["post-8443","post","type-post","status-publish","format-standard","has-post-thumbnail","hentry","category-divers"],"yoast_head":"<!-- This site is optimized with the Yoast SEO plugin v26.6 - https:\/\/yoast.com\/wordpress\/plugins\/seo\/ -->\n<title>Ecz\u00e9ma peau noire | Le guide pratique \u00e0 conna\u00eetre en 2023<\/title>\n<meta name=\"description\" content=\"L&#039;ecz\u00e9ma peau noire\u00a0est une affection cutan\u00e9e courante chez les personnes \u00e0 la peau fonc\u00e9e. D\u00e9couvrez-en davantage dans cet article !\" \/>\n<meta name=\"robots\" content=\"index, follow, max-snippet:-1, max-image-preview:large, max-video-preview:-1\" \/>\n<link rel=\"canonical\" href=\"https:\/\/www.safinel.fr\/it\/eczema-pelle-nera\/\" \/>\n<meta property=\"og:locale\" content=\"it_IT\" \/>\n<meta property=\"og:type\" content=\"article\" \/>\n<meta property=\"og:title\" content=\"Ecz\u00e9ma peau noire | Le guide pratique \u00e0 conna\u00eetre en 2023\" \/>\n<meta property=\"og:description\" content=\"L&#039;ecz\u00e9ma peau noire\u00a0est une affection cutan\u00e9e courante chez les personnes \u00e0 la peau fonc\u00e9e. D\u00e9couvrez-en davantage dans cet article !\" \/>\n<meta property=\"og:url\" content=\"https:\/\/www.safinel.fr\/it\/eczema-pelle-nera\/\" \/>\n<meta property=\"og:site_name\" content=\"Safinel\" \/>\n<meta property=\"article:published_time\" content=\"2023-09-10T18:44:52+00:00\" \/>\n<meta property=\"article:modified_time\" content=\"2023-09-10T18:44:54+00:00\" \/>\n<meta property=\"og:image\" content=\"https:\/\/www.safinel.fr\/wp-content\/uploads\/2023\/09\/Eczema-peau-noire.jpg\" \/>\n\t<meta property=\"og:image:width\" content=\"1100\" \/>\n\t<meta property=\"og:image:height\" content=\"578\" \/>\n\t<meta property=\"og:image:type\" content=\"image\/jpeg\" \/>\n<meta name=\"author\" content=\"Naj\" \/>\n<meta name=\"twitter:card\" content=\"summary_large_image\" \/>\n<meta name=\"twitter:label1\" content=\"Scritto da\" \/>\n\t<meta name=\"twitter:data1\" content=\"Naj\" \/>\n\t<meta name=\"twitter:label2\" content=\"Tempo di lettura stimato\" \/>\n\t<meta name=\"twitter:data2\" content=\"4 minuti\" \/>\n<script type=\"application\/ld+json\" class=\"yoast-schema-graph\">{\"@context\":\"https:\/\/schema.org\",\"@graph\":[{\"@type\":\"Article\",\"@id\":\"https:\/\/www.safinel.fr\/eczema-peau-noire\/#article\",\"isPartOf\":{\"@id\":\"https:\/\/www.safinel.fr\/eczema-peau-noire\/\"},\"author\":{\"name\":\"Naj\",\"@id\":\"https:\/\/www.safinel.fr\/#\/schema\/person\/47f7357f8aa8a41a796811d3f8a3e055\"},\"headline\":\"Ecz\u00e9ma peau noire\u00a0: comprendre et traiter cette affection cutan\u00e9e\",\"datePublished\":\"2023-09-10T18:44:52+00:00\",\"dateModified\":\"2023-09-10T18:44:54+00:00\",\"mainEntityOfPage\":{\"@id\":\"https:\/\/www.safinel.fr\/eczema-peau-noire\/\"},\"wordCount\":833,\"publisher\":{\"@id\":\"https:\/\/www.safinel.fr\/#organization\"},\"image\":{\"@id\":\"https:\/\/www.safinel.fr\/eczema-peau-noire\/#primaryimage\"},\"thumbnailUrl\":\"https:\/\/www.safinel.fr\/wp-content\/uploads\/2023\/09\/Eczema-peau-noire.jpg\",\"articleSection\":[\"Divers\"],\"inLanguage\":\"it-IT\"},{\"@type\":\"WebPage\",\"@id\":\"https:\/\/www.safinel.fr\/eczema-peau-noire\/\",\"url\":\"https:\/\/www.safinel.fr\/eczema-peau-noire\/\",\"name\":\"Ecz\u00e9ma peau noire | Le guide pratique \u00e0 conna\u00eetre en 2023\",\"isPartOf\":{\"@id\":\"https:\/\/www.safinel.fr\/#website\"},\"primaryImageOfPage\":{\"@id\":\"https:\/\/www.safinel.fr\/eczema-peau-noire\/#primaryimage\"},\"image\":{\"@id\":\"https:\/\/www.safinel.fr\/eczema-peau-noire\/#primaryimage\"},\"thumbnailUrl\":\"https:\/\/www.safinel.fr\/wp-content\/uploads\/2023\/09\/Eczema-peau-noire.jpg\",\"datePublished\":\"2023-09-10T18:44:52+00:00\",\"dateModified\":\"2023-09-10T18:44:54+00:00\",\"description\":\"L'ecz\u00e9ma peau noire\u00a0est une affection cutan\u00e9e courante chez les personnes \u00e0 la peau fonc\u00e9e. D\u00e9couvrez-en davantage dans cet article !\",\"breadcrumb\":{\"@id\":\"https:\/\/www.safinel.fr\/eczema-peau-noire\/#breadcrumb\"},\"inLanguage\":\"it-IT\",\"potentialAction\":[{\"@type\":\"ReadAction\",\"target\":[\"https:\/\/www.safinel.fr\/eczema-peau-noire\/\"]}]},{\"@type\":\"ImageObject\",\"inLanguage\":\"it-IT\",\"@id\":\"https:\/\/www.safinel.fr\/eczema-peau-noire\/#primaryimage\",\"url\":\"https:\/\/www.safinel.fr\/wp-content\/uploads\/2023\/09\/Eczema-peau-noire.jpg\",\"contentUrl\":\"https:\/\/www.safinel.fr\/wp-content\/uploads\/2023\/09\/Eczema-peau-noire.jpg\",\"width\":1100,\"height\":578,\"caption\":\"Ecz\u00e9ma peau noire\"},{\"@type\":\"BreadcrumbList\",\"@id\":\"https:\/\/www.safinel.fr\/eczema-peau-noire\/#breadcrumb\",\"itemListElement\":[{\"@type\":\"ListItem\",\"position\":1,\"name\":\"Accueil\",\"item\":\"https:\/\/www.safinel.fr\/\"},{\"@type\":\"ListItem\",\"position\":2,\"name\":\"Ecz\u00e9ma peau noire\u00a0: comprendre et traiter cette affection cutan\u00e9e\"}]},{\"@type\":\"WebSite\",\"@id\":\"https:\/\/www.safinel.fr\/#website\",\"url\":\"https:\/\/www.safinel.fr\/\",\"name\":\"Safinel\",\"description\":\"\",\"publisher\":{\"@id\":\"https:\/\/www.safinel.fr\/#organization\"},\"potentialAction\":[{\"@type\":\"SearchAction\",\"target\":{\"@type\":\"EntryPoint\",\"urlTemplate\":\"https:\/\/www.safinel.fr\/?s={search_term_string}\"},\"query-input\":{\"@type\":\"PropertyValueSpecification\",\"valueRequired\":true,\"valueName\":\"search_term_string\"}}],\"inLanguage\":\"it-IT\"},{\"@type\":\"Organization\",\"@id\":\"https:\/\/www.safinel.fr\/#organization\",\"name\":\"Safinel\",\"url\":\"https:\/\/www.safinel.fr\/\",\"logo\":{\"@type\":\"ImageObject\",\"inLanguage\":\"it-IT\",\"@id\":\"https:\/\/www.safinel.fr\/#\/schema\/logo\/image\/\",\"url\":\"https:\/\/www.safinel.fr\/wp-content\/uploads\/2021\/05\/boutique-cosmetique.png\",\"contentUrl\":\"https:\/\/www.safinel.fr\/wp-content\/uploads\/2021\/05\/boutique-cosmetique.png\",\"width\":800,\"height\":200,\"caption\":\"Safinel\"},\"image\":{\"@id\":\"https:\/\/www.safinel.fr\/#\/schema\/logo\/image\/\"}},{\"@type\":\"Person\",\"@id\":\"https:\/\/www.safinel.fr\/#\/schema\/person\/47f7357f8aa8a41a796811d3f8a3e055\",\"name\":\"Naj\",\"image\":{\"@type\":\"ImageObject\",\"inLanguage\":\"it-IT\",\"@id\":\"https:\/\/www.safinel.fr\/#\/schema\/person\/image\/\",\"url\":\"https:\/\/secure.gravatar.com\/avatar\/5c0fa4f0bce748d4964b7d68e4b0ee1d8e3120edba58a55893ced967bd2093b5?s=96&d=mm&r=g\",\"contentUrl\":\"https:\/\/secure.gravatar.com\/avatar\/5c0fa4f0bce748d4964b7d68e4b0ee1d8e3120edba58a55893ced967bd2093b5?s=96&d=mm&r=g\",\"caption\":\"Naj\"},\"url\":\"https:\/\/www.safinel.fr\/it\/author\/naj\/\"}]}<\/script>\n<!-- \/ Yoast SEO plugin. -->","yoast_head_json":{"title":"Eczema della pelle nera | Guida pratica al 2023","description":"L'eczema della pelle nera \u00e8 una condizione cutanea comune nelle persone con la pelle scura. Scoprite di pi\u00f9 in questo articolo!","robots":{"index":"index","follow":"follow","max-snippet":"max-snippet:-1","max-image-preview":"max-image-preview:large","max-video-preview":"max-video-preview:-1"},"canonical":"https:\/\/www.safinel.fr\/it\/eczema-pelle-nera\/","og_locale":"it_IT","og_type":"article","og_title":"Ecz\u00e9ma peau noire | Le guide pratique \u00e0 conna\u00eetre en 2023","og_description":"L'ecz\u00e9ma peau noire\u00a0est une affection cutan\u00e9e courante chez les personnes \u00e0 la peau fonc\u00e9e. D\u00e9couvrez-en davantage dans cet article !","og_url":"https:\/\/www.safinel.fr\/it\/eczema-pelle-nera\/","og_site_name":"Safinel","article_published_time":"2023-09-10T18:44:52+00:00","article_modified_time":"2023-09-10T18:44:54+00:00","og_image":[{"width":1100,"height":578,"url":"https:\/\/www.safinel.fr\/wp-content\/uploads\/2023\/09\/Eczema-peau-noire.jpg","type":"image\/jpeg"}],"author":"Naj","twitter_card":"summary_large_image","twitter_misc":{"Scritto da":"Naj","Tempo di lettura stimato":"4 minuti"},"schema":{"@context":"https:\/\/schema.org","@graph":[{"@type":"Article","@id":"https:\/\/www.safinel.fr\/eczema-peau-noire\/#article","isPartOf":{"@id":"https:\/\/www.safinel.fr\/eczema-peau-noire\/"},"author":{"name":"Naj","@id":"https:\/\/www.safinel.fr\/#\/schema\/person\/47f7357f8aa8a41a796811d3f8a3e055"},"headline":"Ecz\u00e9ma peau noire\u00a0: comprendre et traiter cette affection cutan\u00e9e","datePublished":"2023-09-10T18:44:52+00:00","dateModified":"2023-09-10T18:44:54+00:00","mainEntityOfPage":{"@id":"https:\/\/www.safinel.fr\/eczema-peau-noire\/"},"wordCount":833,"publisher":{"@id":"https:\/\/www.safinel.fr\/#organization"},"image":{"@id":"https:\/\/www.safinel.fr\/eczema-peau-noire\/#primaryimage"},"thumbnailUrl":"https:\/\/www.safinel.fr\/wp-content\/uploads\/2023\/09\/Eczema-peau-noire.jpg","articleSection":["Divers"],"inLanguage":"it-IT"},{"@type":"WebPage","@id":"https:\/\/www.safinel.fr\/eczema-peau-noire\/","url":"https:\/\/www.safinel.fr\/eczema-peau-noire\/","name":"Eczema della pelle nera | Guida pratica al 2023","isPartOf":{"@id":"https:\/\/www.safinel.fr\/#website"},"primaryImageOfPage":{"@id":"https:\/\/www.safinel.fr\/eczema-peau-noire\/#primaryimage"},"image":{"@id":"https:\/\/www.safinel.fr\/eczema-peau-noire\/#primaryimage"},"thumbnailUrl":"https:\/\/www.safinel.fr\/wp-content\/uploads\/2023\/09\/Eczema-peau-noire.jpg","datePublished":"2023-09-10T18:44:52+00:00","dateModified":"2023-09-10T18:44:54+00:00","description":"L'eczema della pelle nera \u00e8 una condizione cutanea comune nelle persone con la pelle scura. Scoprite di pi\u00f9 in questo articolo!","breadcrumb":{"@id":"https:\/\/www.safinel.fr\/eczema-peau-noire\/#breadcrumb"},"inLanguage":"it-IT","potentialAction":[{"@type":"ReadAction","target":["https:\/\/www.safinel.fr\/eczema-peau-noire\/"]}]},{"@type":"ImageObject","inLanguage":"it-IT","@id":"https:\/\/www.safinel.fr\/eczema-peau-noire\/#primaryimage","url":"https:\/\/www.safinel.fr\/wp-content\/uploads\/2023\/09\/Eczema-peau-noire.jpg","contentUrl":"https:\/\/www.safinel.fr\/wp-content\/uploads\/2023\/09\/Eczema-peau-noire.jpg","width":1100,"height":578,"caption":"Ecz\u00e9ma peau noire"},{"@type":"BreadcrumbList","@id":"https:\/\/www.safinel.fr\/eczema-peau-noire\/#breadcrumb","itemListElement":[{"@type":"ListItem","position":1,"name":"Accueil","item":"https:\/\/www.safinel.fr\/"},{"@type":"ListItem","position":2,"name":"Ecz\u00e9ma peau noire\u00a0: comprendre et traiter cette affection cutan\u00e9e"}]},{"@type":"WebSite","@id":"https:\/\/www.safinel.fr\/#website","url":"https:\/\/www.safinel.fr\/","name":"Safinel","description":"","publisher":{"@id":"https:\/\/www.safinel.fr\/#organization"},"potentialAction":[{"@type":"SearchAction","target":{"@type":"EntryPoint","urlTemplate":"https:\/\/www.safinel.fr\/?s={search_term_string}"},"query-input":{"@type":"PropertyValueSpecification","valueRequired":true,"valueName":"search_term_string"}}],"inLanguage":"it-IT"},{"@type":"Organization","@id":"https:\/\/www.safinel.fr\/#organization","name":"Safinel","url":"https:\/\/www.safinel.fr\/","logo":{"@type":"ImageObject","inLanguage":"it-IT","@id":"https:\/\/www.safinel.fr\/#\/schema\/logo\/image\/","url":"https:\/\/www.safinel.fr\/wp-content\/uploads\/2021\/05\/boutique-cosmetique.png","contentUrl":"https:\/\/www.safinel.fr\/wp-content\/uploads\/2021\/05\/boutique-cosmetique.png","width":800,"height":200,"caption":"Safinel"},"image":{"@id":"https:\/\/www.safinel.fr\/#\/schema\/logo\/image\/"}},{"@type":"Person","@id":"https:\/\/www.safinel.fr\/#\/schema\/person\/47f7357f8aa8a41a796811d3f8a3e055","name":"Naj","image":{"@type":"ImageObject","inLanguage":"it-IT","@id":"https:\/\/www.safinel.fr\/#\/schema\/person\/image\/","url":"https:\/\/secure.gravatar.com\/avatar\/5c0fa4f0bce748d4964b7d68e4b0ee1d8e3120edba58a55893ced967bd2093b5?s=96&d=mm&r=g","contentUrl":"https:\/\/secure.gravatar.com\/avatar\/5c0fa4f0bce748d4964b7d68e4b0ee1d8e3120edba58a55893ced967bd2093b5?s=96&d=mm&r=g","caption":"Naj"},"url":"https:\/\/www.safinel.fr\/it\/author\/naj\/"}]}},"_links":{"self":[{"href":"https:\/\/www.safinel.fr\/it\/wp-json\/wp\/v2\/posts\/8443","targetHints":{"allow":["GET"]}}],"collection":[{"href":"https:\/\/www.safinel.fr\/it\/wp-json\/wp\/v2\/posts"}],"about":[{"href":"https:\/\/www.safinel.fr\/it\/wp-json\/wp\/v2\/types\/post"}],"author":[{"embeddable":true,"href":"https:\/\/www.safinel.fr\/it\/wp-json\/wp\/v2\/users\/156"}],"replies":[{"embeddable":true,"href":"https:\/\/www.safinel.fr\/it\/wp-json\/wp\/v2\/comments?post=8443"}],"version-history":[{"count":1,"href":"https:\/\/www.safinel.fr\/it\/wp-json\/wp\/v2\/posts\/8443\/revisions"}],"predecessor-version":[{"id":8445,"href":"https:\/\/www.safinel.fr\/it\/wp-json\/wp\/v2\/posts\/8443\/revisions\/8445"}],"wp:featuredmedia":[{"embeddable":true,"href":"https:\/\/www.safinel.fr\/it\/wp-json\/wp\/v2\/media\/8444"}],"wp:attachment":[{"href":"https:\/\/www.safinel.fr\/it\/wp-json\/wp\/v2\/media?parent=8443"}],"wp:term":[{"taxonomy":"category","embeddable":true,"href":"https:\/\/www.safinel.fr\/it\/wp-json\/wp\/v2\/categories?post=8443"},{"taxonomy":"post_tag","embeddable":true,"href":"https:\/\/www.safinel.fr\/it\/wp-json\/wp\/v2\/tags?post=8443"}],"curies":[{"name":"wp","href":"https:\/\/api.w.org\/{rel}","templated":true}]}}