{"id":8406,"date":"2023-09-08T14:33:07","date_gmt":"2023-09-08T14:33:07","guid":{"rendered":"https:\/\/www.safinel.fr\/?p=8406"},"modified":"2023-09-08T14:33:09","modified_gmt":"2023-09-08T14:33:09","slug":"cheratosi-pilare-pelle-nera","status":"publish","type":"post","link":"https:\/\/www.safinel.fr\/it\/cheratosi-pilare-pelle-nera\/","title":{"rendered":"Comprendere e gestire la cheratosi pilare sulla pelle nera"},"content":{"rendered":"<p>La&nbsp;<strong>cheratosi pilare<\/strong>&nbsp;\u00e8 una condizione cutanea comune che si manifesta con piccole protuberanze ruvide sulla pelle, spesso paragonabili alla pelle d'oca. Sebbene questa condizione possa colpire chiunque, \u00e8 particolarmente frequente nelle persone con un&nbsp;<strong>pelle nera<\/strong>. In questo articolo esploreremo le cause della cheratosi pilare, il modo in cui colpisce specificamente le persone con la pelle nera e alcuni consigli per gestire e alleviare i sintomi.<\/p>\n\n\n\n<h2 class=\"wp-block-heading\" id=\"h-causes-de-la-k-ratose-pilaire-peau-noire\"><strong>Cause della cheratosi pilare nera<\/strong><\/h2>\n\n\n\n<p>La cheratosi pilare \u00e8 causata da un accumulo di cheratina, una proteina presente nella pelle, intorno ai follicoli piliferi. Questo accumulo forma una sorta di tappo che provoca la comparsa di piccole protuberanze sulla superficie della pelle. I fattori che possono contribuire a questo accumulo sono:<\/p>\n\n\n\n<ul class=\"wp-block-list\">\n<li>Aumento dell'attivit\u00e0 delle ghiandole sebacee<\/li>\n\n\n\n<li>Ereditariet\u00e0 (la cheratosi pilare \u00e8 pi\u00f9 frequente nelle persone che hanno un familiare colpito)<\/li>\n\n\n\n<li>Le condizioni climatiche, in particolare la bassa&nbsp;<strong>livello di umidit\u00e0<\/strong>&nbsp;e freddo in&nbsp;<strong>inverno<\/strong><\/li>\n\n\n\n<li>Alcune malattie o condizioni della pelle, come eczema o psoriasi<\/li>\n<\/ul>\n\n\n\n<h2 class=\"wp-block-heading\" id=\"h-la-k-ratose-pilaire-et-la-peau-noire\"><strong>Cheratosi pilare e pelle nera<\/strong><\/h2>\n\n\n\n<p>Le persone con la pelle nera sono spesso pi\u00f9 colpite dalla cheratosi pilare a causa della particolare struttura della loro pelle. La pelle nera tende a essere pi\u00f9 spessa e a contenere pi\u00f9 <strong><a href=\"https:\/\/www.safinel.fr\/it\/melanina\/\">melanina<\/a><\/strong>. Questo pu\u00f2 contribuire ad aumentare l'accumulo di cheratina intorno ai follicoli piliferi.<\/p>\n\n\n\n<ul class=\"wp-block-list\">\n<li><strong>Aspetto sulla pelle nera<\/strong><\/li>\n<\/ul>\n\n\n\n<p>Nella pelle nera, la cheratosi pilare si presenta spesso come piccole protuberanze color carne o leggermente pi\u00f9 scure del colore naturale della pelle. Queste protuberanze possono comparire su diverse parti del corpo, tra cui braccia, cosce, glutei e viso.<\/p>\n\n\n\n<ul class=\"wp-block-list\">\n<li><strong>Impatto psicologico<\/strong><\/li>\n<\/ul>\n\n\n\n<p>Oltre ai sintomi fisici, \u00e8 importante riconoscere l'impatto psicologico che la cheratosi pilare pu\u00f2 avere sulle persone con la pelle scura. Considerati gli standard di bellezza odierni, che spesso privilegiano una pelle liscia e priva di imperfezioni. La convivenza con questa patologia cutanea pu\u00f2 provocare sentimenti di insicurezza e imbarazzo.<\/p>\n\n\n\n<h2 class=\"wp-block-heading\" id=\"h-g-rer-et-att-nuer-les-sympt-mes-de-la-k-ratose-pilaire\"><strong>Gestione e attenuazione dei sintomi della cheratosi pilare<\/strong><\/h2>\n\n\n\n<p>Sebbene attualmente non esista una cura definitiva per la cheratosi pilare, \u00e8 possibile adottare una serie di misure per gestire e alleviare i sintomi. Ecco alcuni consigli da provare:<\/p>\n\n\n\n<ul class=\"wp-block-list\">\n<li><strong>Esfoliazione regolare<\/strong><\/li>\n<\/ul>\n\n\n\n<p>Esfoliare delicatamente la pelle pu\u00f2 aiutare a rimuovere la cheratina in eccesso accumulata intorno ai follicoli piliferi. Usate un esfoliante delicato, come una spazzola di setole naturali o una flanella di fibre naturali, per massaggiare delicatamente la pelle umida durante il bagno o la doccia. Evitate di usare prodotti contenenti microsfere di plastica, perch\u00e9 possono essere troppo abrasivi per la pelle sensibile.<\/p>\n\n\n\n<ul class=\"wp-block-list\">\n<li><strong>Idratare quotidianamente<\/strong><\/li>\n<\/ul>\n\n\n\n<p>Un'adeguata idratazione \u00e8 essenziale per mantenere la salute della pelle e prevenire l'accumulo di cheratina. Applicare una crema idratante densa e non profumata subito dopo il bagno o la doccia, quando la pelle \u00e8 ancora leggermente umida. Questo aiuta a sigillare l'idratazione e a mantenere la pelle elastica.<\/p>\n\n\n\n<ul class=\"wp-block-list\">\n<li><strong>Utilizzate prodotti adatti al vostro tipo di pelle<\/strong><\/li>\n<\/ul>\n\n\n\n<p>\u00c8 importante scegliere prodotti per la cura della pelle appositamente formulati per il proprio tipo di pelle. Le persone con la pelle nera dovrebbero cercare prodotti privi di alcol, senza profumo e non comedogenici, per ridurre al minimo il rischio di irritazioni e pori ostruiti.<\/p>\n\n\n\n<ul class=\"wp-block-list\">\n<li><strong>Consultare un dermatologo<\/strong><\/li>\n<\/ul>\n\n\n\n<p>Se siete preoccupati per la vostra cheratosi pilare o se i sintomi peggiorano nonostante i vostri sforzi per ridurli. Pu\u00f2 essere utile consultare un\u00a0<strong>dermatologo<\/strong>. <\/p>\n\n\n\n<p>Un operatore sanitario sar\u00e0 in grado di valutare la situazione e di suggerire trattamenti pi\u00f9 specifici. <\/p>\n\n\n\n<p>Come creme a base di alfa-idrossiacidi (AHA) o altri farmaci topici che aiutano a esfoliare e idratare la pelle.<\/p>\n\n\n\n<h3 class=\"wp-block-heading\" id=\"h-en-r-sum\">In breve<\/h3>\n\n\n\n<p>La cheratosi pilare \u00e8 una patologia cutanea comune che colpisce in particolare le persone di pelle nera a causa della loro particolare struttura cutanea. <\/p>\n\n\n\n<p>Sebbene non esista una cura definitiva, \u00e8 possibile adottare alcune misure per gestire e ridurre i sintomi. Tra queste, l'esfoliazione regolare, l'idratazione quotidiana e, se necessario, la consultazione di un dermatologo. <\/p>\n\n\n\n<p>Prendendosi cura della propria pelle ed essendo consapevoli dei segni e dei sintomi di questa condizione, si pu\u00f2 contribuire a ridurre il rischio di cancro della pelle.\u00a0<strong>dermatosi<\/strong>. Potete contribuire a migliorare il vostro comfort e la fiducia in voi stessi.<\/p>","protected":false},"excerpt":{"rendered":"<p>La cheratosi pilare \u00e8 una condizione cutanea comune che si manifesta con piccole protuberanze ruvide sulla pelle, spesso paragonate alla pelle d'oca. Sebbene questa condizione possa colpire chiunque, \u00e8 particolarmente comune nelle persone con la pelle scura. In questo articolo esploreremo le cause della cheratosi pilare, come trattarla e come [...]","protected":false},"author":156,"featured_media":8407,"comment_status":"closed","ping_status":"closed","sticky":false,"template":"","format":"standard","meta":{"footnotes":""},"categories":[1],"tags":[],"class_list":["post-8406","post","type-post","status-publish","format-standard","has-post-thumbnail","hentry","category-divers"],"yoast_head":"<!-- This site is optimized with the Yoast SEO plugin v26.6 - https:\/\/yoast.com\/wordpress\/plugins\/seo\/ -->\n<title>K\u00e9ratose pilaire peau noire | Le guide pratique \u00e0 conna\u00eetre<\/title>\n<meta name=\"description\" content=\"Ici, nous explorerons les causes de la k\u00e9ratose pilaire peau noire, comment elle affecte sp\u00e9cifiquement les personnes \u00e0 la peau noire.\" \/>\n<meta name=\"robots\" content=\"index, follow, max-snippet:-1, max-image-preview:large, max-video-preview:-1\" \/>\n<link rel=\"canonical\" href=\"https:\/\/www.safinel.fr\/it\/cheratosi-pilare-pelle-nera\/\" \/>\n<meta property=\"og:locale\" content=\"it_IT\" \/>\n<meta property=\"og:type\" content=\"article\" \/>\n<meta property=\"og:title\" content=\"K\u00e9ratose pilaire peau noire | Le guide pratique \u00e0 conna\u00eetre\" \/>\n<meta property=\"og:description\" content=\"Ici, nous explorerons les causes de la k\u00e9ratose pilaire peau noire, comment elle affecte sp\u00e9cifiquement les personnes \u00e0 la peau noire.\" \/>\n<meta property=\"og:url\" content=\"https:\/\/www.safinel.fr\/it\/cheratosi-pilare-pelle-nera\/\" \/>\n<meta property=\"og:site_name\" content=\"Safinel\" \/>\n<meta property=\"article:published_time\" content=\"2023-09-08T14:33:07+00:00\" \/>\n<meta property=\"article:modified_time\" content=\"2023-09-08T14:33:09+00:00\" \/>\n<meta property=\"og:image\" content=\"https:\/\/www.safinel.fr\/wp-content\/uploads\/2023\/09\/La-keratose-pilaire-sur-les-peaux-noires.jpg\" \/>\n\t<meta property=\"og:image:width\" content=\"1100\" \/>\n\t<meta property=\"og:image:height\" content=\"578\" \/>\n\t<meta property=\"og:image:type\" content=\"image\/jpeg\" \/>\n<meta name=\"author\" content=\"Naj\" \/>\n<meta name=\"twitter:card\" content=\"summary_large_image\" \/>\n<meta name=\"twitter:label1\" content=\"Scritto da\" \/>\n\t<meta name=\"twitter:data1\" content=\"Naj\" \/>\n\t<meta name=\"twitter:label2\" content=\"Tempo di lettura stimato\" \/>\n\t<meta name=\"twitter:data2\" content=\"4 minuti\" \/>\n<script type=\"application\/ld+json\" class=\"yoast-schema-graph\">{\"@context\":\"https:\/\/schema.org\",\"@graph\":[{\"@type\":\"Article\",\"@id\":\"https:\/\/www.safinel.fr\/keratose-pilaire-peau-noire\/#article\",\"isPartOf\":{\"@id\":\"https:\/\/www.safinel.fr\/keratose-pilaire-peau-noire\/\"},\"author\":{\"name\":\"Naj\",\"@id\":\"https:\/\/www.safinel.fr\/#\/schema\/person\/47f7357f8aa8a41a796811d3f8a3e055\"},\"headline\":\"Comprendre et g\u00e9rer la k\u00e9ratose pilaire sur les peaux noires\",\"datePublished\":\"2023-09-08T14:33:07+00:00\",\"dateModified\":\"2023-09-08T14:33:09+00:00\",\"mainEntityOfPage\":{\"@id\":\"https:\/\/www.safinel.fr\/keratose-pilaire-peau-noire\/\"},\"wordCount\":839,\"publisher\":{\"@id\":\"https:\/\/www.safinel.fr\/#organization\"},\"image\":{\"@id\":\"https:\/\/www.safinel.fr\/keratose-pilaire-peau-noire\/#primaryimage\"},\"thumbnailUrl\":\"https:\/\/www.safinel.fr\/wp-content\/uploads\/2023\/09\/La-keratose-pilaire-sur-les-peaux-noires.jpg\",\"articleSection\":[\"Divers\"],\"inLanguage\":\"it-IT\"},{\"@type\":\"WebPage\",\"@id\":\"https:\/\/www.safinel.fr\/keratose-pilaire-peau-noire\/\",\"url\":\"https:\/\/www.safinel.fr\/keratose-pilaire-peau-noire\/\",\"name\":\"K\u00e9ratose pilaire peau noire | Le guide pratique \u00e0 conna\u00eetre\",\"isPartOf\":{\"@id\":\"https:\/\/www.safinel.fr\/#website\"},\"primaryImageOfPage\":{\"@id\":\"https:\/\/www.safinel.fr\/keratose-pilaire-peau-noire\/#primaryimage\"},\"image\":{\"@id\":\"https:\/\/www.safinel.fr\/keratose-pilaire-peau-noire\/#primaryimage\"},\"thumbnailUrl\":\"https:\/\/www.safinel.fr\/wp-content\/uploads\/2023\/09\/La-keratose-pilaire-sur-les-peaux-noires.jpg\",\"datePublished\":\"2023-09-08T14:33:07+00:00\",\"dateModified\":\"2023-09-08T14:33:09+00:00\",\"description\":\"Ici, nous explorerons les causes de la k\u00e9ratose pilaire peau noire, comment elle affecte sp\u00e9cifiquement les personnes \u00e0 la peau noire.\",\"breadcrumb\":{\"@id\":\"https:\/\/www.safinel.fr\/keratose-pilaire-peau-noire\/#breadcrumb\"},\"inLanguage\":\"it-IT\",\"potentialAction\":[{\"@type\":\"ReadAction\",\"target\":[\"https:\/\/www.safinel.fr\/keratose-pilaire-peau-noire\/\"]}]},{\"@type\":\"ImageObject\",\"inLanguage\":\"it-IT\",\"@id\":\"https:\/\/www.safinel.fr\/keratose-pilaire-peau-noire\/#primaryimage\",\"url\":\"https:\/\/www.safinel.fr\/wp-content\/uploads\/2023\/09\/La-keratose-pilaire-sur-les-peaux-noires.jpg\",\"contentUrl\":\"https:\/\/www.safinel.fr\/wp-content\/uploads\/2023\/09\/La-keratose-pilaire-sur-les-peaux-noires.jpg\",\"width\":1100,\"height\":578,\"caption\":\"K\u00e9ratose pilaire peau noire\"},{\"@type\":\"BreadcrumbList\",\"@id\":\"https:\/\/www.safinel.fr\/keratose-pilaire-peau-noire\/#breadcrumb\",\"itemListElement\":[{\"@type\":\"ListItem\",\"position\":1,\"name\":\"Accueil\",\"item\":\"https:\/\/www.safinel.fr\/\"},{\"@type\":\"ListItem\",\"position\":2,\"name\":\"Comprendre et g\u00e9rer la k\u00e9ratose pilaire sur les peaux noires\"}]},{\"@type\":\"WebSite\",\"@id\":\"https:\/\/www.safinel.fr\/#website\",\"url\":\"https:\/\/www.safinel.fr\/\",\"name\":\"Safinel\",\"description\":\"\",\"publisher\":{\"@id\":\"https:\/\/www.safinel.fr\/#organization\"},\"potentialAction\":[{\"@type\":\"SearchAction\",\"target\":{\"@type\":\"EntryPoint\",\"urlTemplate\":\"https:\/\/www.safinel.fr\/?s={search_term_string}\"},\"query-input\":{\"@type\":\"PropertyValueSpecification\",\"valueRequired\":true,\"valueName\":\"search_term_string\"}}],\"inLanguage\":\"it-IT\"},{\"@type\":\"Organization\",\"@id\":\"https:\/\/www.safinel.fr\/#organization\",\"name\":\"Safinel\",\"url\":\"https:\/\/www.safinel.fr\/\",\"logo\":{\"@type\":\"ImageObject\",\"inLanguage\":\"it-IT\",\"@id\":\"https:\/\/www.safinel.fr\/#\/schema\/logo\/image\/\",\"url\":\"https:\/\/www.safinel.fr\/wp-content\/uploads\/2021\/05\/boutique-cosmetique.png\",\"contentUrl\":\"https:\/\/www.safinel.fr\/wp-content\/uploads\/2021\/05\/boutique-cosmetique.png\",\"width\":800,\"height\":200,\"caption\":\"Safinel\"},\"image\":{\"@id\":\"https:\/\/www.safinel.fr\/#\/schema\/logo\/image\/\"}},{\"@type\":\"Person\",\"@id\":\"https:\/\/www.safinel.fr\/#\/schema\/person\/47f7357f8aa8a41a796811d3f8a3e055\",\"name\":\"Naj\",\"image\":{\"@type\":\"ImageObject\",\"inLanguage\":\"it-IT\",\"@id\":\"https:\/\/www.safinel.fr\/#\/schema\/person\/image\/\",\"url\":\"https:\/\/secure.gravatar.com\/avatar\/5c0fa4f0bce748d4964b7d68e4b0ee1d8e3120edba58a55893ced967bd2093b5?s=96&d=mm&r=g\",\"contentUrl\":\"https:\/\/secure.gravatar.com\/avatar\/5c0fa4f0bce748d4964b7d68e4b0ee1d8e3120edba58a55893ced967bd2093b5?s=96&d=mm&r=g\",\"caption\":\"Naj\"},\"url\":\"https:\/\/www.safinel.fr\/it\/author\/naj\/\"}]}<\/script>\n<!-- \/ Yoast SEO plugin. -->","yoast_head_json":{"title":"Cheratosi pilaris pelle nera | Una guida pratica per conoscere","description":"Qui esploriamo le cause della cheratosi pilare e il modo in cui colpisce specificamente le persone con la pelle nera.","robots":{"index":"index","follow":"follow","max-snippet":"max-snippet:-1","max-image-preview":"max-image-preview:large","max-video-preview":"max-video-preview:-1"},"canonical":"https:\/\/www.safinel.fr\/it\/cheratosi-pilare-pelle-nera\/","og_locale":"it_IT","og_type":"article","og_title":"K\u00e9ratose pilaire peau noire | Le guide pratique \u00e0 conna\u00eetre","og_description":"Ici, nous explorerons les causes de la k\u00e9ratose pilaire peau noire, comment elle affecte sp\u00e9cifiquement les personnes \u00e0 la peau noire.","og_url":"https:\/\/www.safinel.fr\/it\/cheratosi-pilare-pelle-nera\/","og_site_name":"Safinel","article_published_time":"2023-09-08T14:33:07+00:00","article_modified_time":"2023-09-08T14:33:09+00:00","og_image":[{"width":1100,"height":578,"url":"https:\/\/www.safinel.fr\/wp-content\/uploads\/2023\/09\/La-keratose-pilaire-sur-les-peaux-noires.jpg","type":"image\/jpeg"}],"author":"Naj","twitter_card":"summary_large_image","twitter_misc":{"Scritto da":"Naj","Tempo di lettura stimato":"4 minuti"},"schema":{"@context":"https:\/\/schema.org","@graph":[{"@type":"Article","@id":"https:\/\/www.safinel.fr\/keratose-pilaire-peau-noire\/#article","isPartOf":{"@id":"https:\/\/www.safinel.fr\/keratose-pilaire-peau-noire\/"},"author":{"name":"Naj","@id":"https:\/\/www.safinel.fr\/#\/schema\/person\/47f7357f8aa8a41a796811d3f8a3e055"},"headline":"Comprendre et g\u00e9rer la k\u00e9ratose pilaire sur les peaux noires","datePublished":"2023-09-08T14:33:07+00:00","dateModified":"2023-09-08T14:33:09+00:00","mainEntityOfPage":{"@id":"https:\/\/www.safinel.fr\/keratose-pilaire-peau-noire\/"},"wordCount":839,"publisher":{"@id":"https:\/\/www.safinel.fr\/#organization"},"image":{"@id":"https:\/\/www.safinel.fr\/keratose-pilaire-peau-noire\/#primaryimage"},"thumbnailUrl":"https:\/\/www.safinel.fr\/wp-content\/uploads\/2023\/09\/La-keratose-pilaire-sur-les-peaux-noires.jpg","articleSection":["Divers"],"inLanguage":"it-IT"},{"@type":"WebPage","@id":"https:\/\/www.safinel.fr\/keratose-pilaire-peau-noire\/","url":"https:\/\/www.safinel.fr\/keratose-pilaire-peau-noire\/","name":"Cheratosi pilaris pelle nera | Una guida pratica per conoscere","isPartOf":{"@id":"https:\/\/www.safinel.fr\/#website"},"primaryImageOfPage":{"@id":"https:\/\/www.safinel.fr\/keratose-pilaire-peau-noire\/#primaryimage"},"image":{"@id":"https:\/\/www.safinel.fr\/keratose-pilaire-peau-noire\/#primaryimage"},"thumbnailUrl":"https:\/\/www.safinel.fr\/wp-content\/uploads\/2023\/09\/La-keratose-pilaire-sur-les-peaux-noires.jpg","datePublished":"2023-09-08T14:33:07+00:00","dateModified":"2023-09-08T14:33:09+00:00","description":"Qui esploriamo le cause della cheratosi pilare e il modo in cui colpisce specificamente le persone con la pelle nera.","breadcrumb":{"@id":"https:\/\/www.safinel.fr\/keratose-pilaire-peau-noire\/#breadcrumb"},"inLanguage":"it-IT","potentialAction":[{"@type":"ReadAction","target":["https:\/\/www.safinel.fr\/keratose-pilaire-peau-noire\/"]}]},{"@type":"ImageObject","inLanguage":"it-IT","@id":"https:\/\/www.safinel.fr\/keratose-pilaire-peau-noire\/#primaryimage","url":"https:\/\/www.safinel.fr\/wp-content\/uploads\/2023\/09\/La-keratose-pilaire-sur-les-peaux-noires.jpg","contentUrl":"https:\/\/www.safinel.fr\/wp-content\/uploads\/2023\/09\/La-keratose-pilaire-sur-les-peaux-noires.jpg","width":1100,"height":578,"caption":"K\u00e9ratose pilaire peau noire"},{"@type":"BreadcrumbList","@id":"https:\/\/www.safinel.fr\/keratose-pilaire-peau-noire\/#breadcrumb","itemListElement":[{"@type":"ListItem","position":1,"name":"Accueil","item":"https:\/\/www.safinel.fr\/"},{"@type":"ListItem","position":2,"name":"Comprendre et g\u00e9rer la k\u00e9ratose pilaire sur les peaux noires"}]},{"@type":"WebSite","@id":"https:\/\/www.safinel.fr\/#website","url":"https:\/\/www.safinel.fr\/","name":"Safinel","description":"","publisher":{"@id":"https:\/\/www.safinel.fr\/#organization"},"potentialAction":[{"@type":"SearchAction","target":{"@type":"EntryPoint","urlTemplate":"https:\/\/www.safinel.fr\/?s={search_term_string}"},"query-input":{"@type":"PropertyValueSpecification","valueRequired":true,"valueName":"search_term_string"}}],"inLanguage":"it-IT"},{"@type":"Organization","@id":"https:\/\/www.safinel.fr\/#organization","name":"Safinel","url":"https:\/\/www.safinel.fr\/","logo":{"@type":"ImageObject","inLanguage":"it-IT","@id":"https:\/\/www.safinel.fr\/#\/schema\/logo\/image\/","url":"https:\/\/www.safinel.fr\/wp-content\/uploads\/2021\/05\/boutique-cosmetique.png","contentUrl":"https:\/\/www.safinel.fr\/wp-content\/uploads\/2021\/05\/boutique-cosmetique.png","width":800,"height":200,"caption":"Safinel"},"image":{"@id":"https:\/\/www.safinel.fr\/#\/schema\/logo\/image\/"}},{"@type":"Person","@id":"https:\/\/www.safinel.fr\/#\/schema\/person\/47f7357f8aa8a41a796811d3f8a3e055","name":"Naj","image":{"@type":"ImageObject","inLanguage":"it-IT","@id":"https:\/\/www.safinel.fr\/#\/schema\/person\/image\/","url":"https:\/\/secure.gravatar.com\/avatar\/5c0fa4f0bce748d4964b7d68e4b0ee1d8e3120edba58a55893ced967bd2093b5?s=96&d=mm&r=g","contentUrl":"https:\/\/secure.gravatar.com\/avatar\/5c0fa4f0bce748d4964b7d68e4b0ee1d8e3120edba58a55893ced967bd2093b5?s=96&d=mm&r=g","caption":"Naj"},"url":"https:\/\/www.safinel.fr\/it\/author\/naj\/"}]}},"_links":{"self":[{"href":"https:\/\/www.safinel.fr\/it\/wp-json\/wp\/v2\/posts\/8406","targetHints":{"allow":["GET"]}}],"collection":[{"href":"https:\/\/www.safinel.fr\/it\/wp-json\/wp\/v2\/posts"}],"about":[{"href":"https:\/\/www.safinel.fr\/it\/wp-json\/wp\/v2\/types\/post"}],"author":[{"embeddable":true,"href":"https:\/\/www.safinel.fr\/it\/wp-json\/wp\/v2\/users\/156"}],"replies":[{"embeddable":true,"href":"https:\/\/www.safinel.fr\/it\/wp-json\/wp\/v2\/comments?post=8406"}],"version-history":[{"count":1,"href":"https:\/\/www.safinel.fr\/it\/wp-json\/wp\/v2\/posts\/8406\/revisions"}],"predecessor-version":[{"id":8408,"href":"https:\/\/www.safinel.fr\/it\/wp-json\/wp\/v2\/posts\/8406\/revisions\/8408"}],"wp:featuredmedia":[{"embeddable":true,"href":"https:\/\/www.safinel.fr\/it\/wp-json\/wp\/v2\/media\/8407"}],"wp:attachment":[{"href":"https:\/\/www.safinel.fr\/it\/wp-json\/wp\/v2\/media?parent=8406"}],"wp:term":[{"taxonomy":"category","embeddable":true,"href":"https:\/\/www.safinel.fr\/it\/wp-json\/wp\/v2\/categories?post=8406"},{"taxonomy":"post_tag","embeddable":true,"href":"https:\/\/www.safinel.fr\/it\/wp-json\/wp\/v2\/tags?post=8406"}],"curies":[{"name":"wp","href":"https:\/\/api.w.org\/{rel}","templated":true}]}}