{"id":8191,"date":"2023-08-31T18:42:06","date_gmt":"2023-08-31T18:42:06","guid":{"rendered":"https:\/\/www.safinel.fr\/?p=8191"},"modified":"2023-08-31T18:42:07","modified_gmt":"2023-08-31T18:42:07","slug":"acne-microcistica-sulla-pelle-nera","status":"publish","type":"post","link":"https:\/\/www.safinel.fr\/it\/acne-microcistica-sulla-pelle-nera\/","title":{"rendered":"Comprendere e trattare l'acne microcistica sulla pelle nera"},"content":{"rendered":"<p>L\u2019<strong>acne microcistica<\/strong>&nbsp;\u00e8 un problema cutaneo comune che pu\u00f2 colpire chiunque, indipendentemente dal colore della pelle. Tuttavia, ci sono alcune particolarit\u00e0 da tenere presenti quando si tratta di&nbsp;<strong>pelli nere<\/strong>. In questo articolo esamineremo le caratteristiche specifiche dell'acne microcistica sulla pelle nera, nonch\u00e9 i possibili trattamenti e la prevenzione.<\/p>\n\n\n\n<h2 class=\"wp-block-heading\" id=\"h-qu-est-ce-que-l-acn-microkystique\"><strong>Che cos'\u00e8 l'acne microcistica?<\/strong><\/h2>\n\n\n\n<p>L'acne microcistica \u00e8 caratterizzata dalla presenza di&nbsp;<strong>microcisti<\/strong>, Si tratta di piccole lesioni piene di sebo e cellule morte. Le microcisti sono situate sotto la pelle, il che le differenzia dai punti neri e dagli altri brufoli. Le microcisti possono essere chiamate anche&nbsp;<em>grani, milium o granuli<\/em>.<\/p>\n\n\n\n<h3 class=\"wp-block-heading\" id=\"h-causes-de-l-acn-microkystique-sur-les-peaux-noires\"><strong>Cause dell'acne microcistica sulla pelle nera<\/strong><\/h3>\n\n\n\n<p>Diversi fattori possono contribuire alla comparsa dell'acne microcistica, tra cui :<\/p>\n\n\n\n<ul class=\"wp-block-list\">\n<li>eccessiva produzione di sebo (iperseborrea)<\/li>\n\n\n\n<li>scarsa eliminazione delle cellule morte<\/li>\n\n\n\n<li>la presenza di batteri nei follicoli piliferi<\/li>\n\n\n\n<li>squilibri ormonali (soprattutto durante la pubert\u00e0, il ciclo mestruale o l'uso di contraccettivi ormonali)<\/li>\n\n\n\n<li>stress<\/li>\n\n\n\n<li>una dieta squilibrata (ricca di zuccheri e grassi)<\/li>\n<\/ul>\n\n\n\n<h2 class=\"wp-block-heading\" id=\"h-les-sp-cificit-s-de-l-acn-microkystique-sur-les-peaux-noires\"><strong>Le caratteristiche specifiche dell'acne microcistica sulla pelle nera<\/strong><\/h2>\n\n\n\n<p>Quando si tratta di trattare l'acne microcistica, \u00e8 essenziale tenere conto di alcune caratteristiche della pelle nera. La pelle nera tende ad essere pi\u00f9 spessa. Con una maggiore produzione di sebo e un rinnovamento cellulare pi\u00f9 lento rispetto alla pelle chiara. Queste caratteristiche possono rendere la pelle nera pi\u00f9 soggetta a problemi di acne.<\/p>\n\n\n\n<h3 class=\"wp-block-heading\" id=\"h-les-risques-de-cicatrices-et-d-hyperpigmentation\"><strong>I rischi di cicatrici e iperpigmentazione<\/strong><\/h3>\n\n\n\n<p>La pelle nera ha anche una maggiore probabilit\u00e0 di sviluppare\u00a0<strong>cicatrici e macchie pigmentate<\/strong>\u00a0dopo l'insorgenza dell'acne. Infatti, la pelle nera produce pi\u00f9 <strong><a href=\"https:\/\/www.safinel.fr\/it\/melanina\/\">melanina<\/a><\/strong>, La melanina \u00e8 un pigmento protettivo responsabile del colore della pelle. Quando la pelle viene attaccata da un'infiammazione (ad esempio un brufolo da acne), produce ancora pi\u00f9 melanina per proteggersi, il che pu\u00f2 portare a chiazze pi\u00f9 scure sulla pelle chiamate\u00a0<em>iperpigmentazione post-infiammatoria<\/em>.<\/p>\n\n\n\n<h2 class=\"wp-block-heading\" id=\"h-traitements-et-pr-vention-de-l-acn-microkystique-sur-les-peaux-noires\"><strong>Trattamento e prevenzione dell'acne microcistica nella pelle nera<\/strong><\/h2>\n\n\n\n<h3 class=\"wp-block-heading\" id=\"h-nettoyage-et-soins-du-visage-adapt-s-aux-peaux-noires\"><strong>Detergenza e cura del viso per la pelle nera<\/strong><\/h3>\n\n\n\n<p>Una buona routine di pulizia e cura del viso \u00e8 essenziale per prevenire e trattare l'acne microcistica sulla pelle nera. Si consiglia di utilizzare&nbsp;<strong>prodotti specifici per la pelle nera<\/strong>, In genere sono pi\u00f9 delicati e meno irritanti dei prodotti pensati per la pelle chiara. Ecco alcuni consigli per prendersi cura della propria pelle:<\/p>\n\n\n\n<ul class=\"wp-block-list\">\n<li>Detergere il viso due volte al giorno con un detergente delicato, senza sapone e senza alcol.<\/li>\n\n\n\n<li>Esfoliate la pelle una o due volte alla settimana per rimuovere le cellule morte e stimolare il rinnovamento cellulare.<\/li>\n\n\n\n<li>Utilizzare prodotti idratanti adatti alla pelle grassa o acneica (non comedogenici).<\/li>\n\n\n\n<li><strong><a href=\"https:\/\/www.safinel.fr\/it\/scottature-solari-pelle-nera\/\">Proteggere la pelle dal sole<\/a><\/strong> con una crema solare ad ampio spettro e ad alto indice, poich\u00e9 i raggi UV possono aggravare l'iperpigmentazione post-infiammatoria.<\/li>\n<\/ul>\n\n\n\n<h3 class=\"wp-block-heading\" id=\"h-traitements-m-dicaux-et-topiques\"><strong>Trattamenti medici e topici<\/strong><\/h3>\n\n\n\n<p>In caso di acne microcistica persistente, \u00e8 consigliabile consultare un dermatologo.&nbsp;<strong>dermatologo<\/strong>&nbsp;che sar\u00e0 in grado di prescrivere trattamenti adeguati al tipo di pelle e alla gravit\u00e0 dell'acne. Le opzioni di trattamento medico includono:<\/p>\n\n\n\n<ul class=\"wp-block-list\">\n<li>creme o gel contenenti retinoidi (derivati dalla vitamina A) per regolare la produzione di sebo ed eliminare le cellule morte<\/li>\n\n\n\n<li>antibiotici locali o orali per combattere l'infezione batterica<\/li>\n\n\n\n<li>trattamenti ormonali (come la pillola contraccettiva) per regolare gli squilibri ormonali responsabili dell'acne<\/li>\n<\/ul>\n\n\n\n<p>In caso di iperpigmentazione post-infiammatoria, il dermatologo pu\u00f2 prescrivere trattamenti specifici, come :<\/p>\n\n\n\n<ul class=\"wp-block-list\">\n<li>da <strong><a href=\"https:\/\/www.safinel.fr\/it\/prodotto\/crema-nila\/\">creme schiarenti<\/a><\/strong> contenenti idrochinone o acidi della frutta (AHA)<\/li>\n\n\n\n<li>peeling chimici o microdermoabrasioni per stimolare il rinnovamento cellulare e attenuare le macchie di pigmentazione<\/li>\n<\/ul>\n\n\n\n<h3 class=\"wp-block-heading\" id=\"h-compl-ments-alimentaires-et-modifications-du-mode-de-vie\"><strong>Integratori alimentari e modifiche dello stile di vita<\/strong><\/h3>\n\n\n\n<p>Oltre ai trattamenti medici e alle cure del viso, \u00e8 possibile migliorare la pelle anche adottando alcune abitudini:<\/p>\n\n\n\n<ul class=\"wp-block-list\">\n<li>Assunzione di integratori di&nbsp;<strong>vitamina E<\/strong>, che ha un effetto antinfiammatorio e aiuta la pelle a guarire.<\/li>\n\n\n\n<li>Seguite una dieta equilibrata, ricca di antiossidanti (frutta e verdura), omega-3 (pesce azzurro, noci) e povera di zuccheri e grassi saturi.<\/li>\n\n\n\n<li>Bevete acqua a sufficienza per mantenere la pelle ben idratata.<\/li>\n\n\n\n<li>Fate regolarmente esercizio fisico per stimolare la circolazione sanguigna ed eliminare le tossine.<\/li>\n\n\n\n<li>Cercate di ridurre lo stress, che pu\u00f2 aggravare l'acne, ad esempio praticando la meditazione, lo yoga o il rilassamento.<\/li>\n<\/ul>\n\n\n\n<p>Seguendo questi consigli e adattando i trattamenti al proprio tipo di pelle e alle caratteristiche specifiche dell'acne microcistica sulla pelle nera. <\/p>\n\n\n\n<p>\u00c8 possibile migliorare la qualit\u00e0 della pelle ed evitare complicazioni come cicatrici e iperpigmentazione post-infiammatoria.<\/p>","protected":false},"excerpt":{"rendered":"<p>L'acne microcistica \u00e8 un problema cutaneo comune che pu\u00f2 colpire chiunque, indipendentemente dal colore della pelle. Tuttavia, ci sono alcune particolarit\u00e0 che devono essere prese in considerazione quando si tratta di pelle nera. In questo articolo esamineremo le caratteristiche specifiche dell'acne microcistica sulla pelle nera, nonch\u00e9 i possibili trattamenti e la prevenzione. Che cos'\u00e8 l'acne microcistica?","protected":false},"author":156,"featured_media":8192,"comment_status":"closed","ping_status":"closed","sticky":false,"template":"","format":"standard","meta":{"footnotes":""},"categories":[1],"tags":[],"class_list":["post-8191","post","type-post","status-publish","format-standard","has-post-thumbnail","hentry","category-divers"],"yoast_head":"<!-- This site is optimized with the Yoast SEO plugin v26.6 - https:\/\/yoast.com\/wordpress\/plugins\/seo\/ -->\n<title>Acn\u00e9 microkystique sur les peaux noires | Le guide pratique<\/title>\n<meta name=\"description\" content=\"Ici, nous aborderons les sp\u00e9cificit\u00e9s de l&#039;acn\u00e9 microkystique sur les peaux noires, ainsi que les traitements et pr\u00e9ventions possibles.\" \/>\n<meta name=\"robots\" content=\"index, follow, max-snippet:-1, max-image-preview:large, max-video-preview:-1\" \/>\n<link rel=\"canonical\" href=\"https:\/\/www.safinel.fr\/it\/acne-microcistica-sulla-pelle-nera\/\" \/>\n<meta property=\"og:locale\" content=\"it_IT\" \/>\n<meta property=\"og:type\" content=\"article\" \/>\n<meta property=\"og:title\" content=\"Acn\u00e9 microkystique sur les peaux noires | Le guide pratique\" \/>\n<meta property=\"og:description\" content=\"Ici, nous aborderons les sp\u00e9cificit\u00e9s de l&#039;acn\u00e9 microkystique sur les peaux noires, ainsi que les traitements et pr\u00e9ventions possibles.\" \/>\n<meta property=\"og:url\" content=\"https:\/\/www.safinel.fr\/it\/acne-microcistica-sulla-pelle-nera\/\" \/>\n<meta property=\"og:site_name\" content=\"Safinel\" \/>\n<meta property=\"article:published_time\" content=\"2023-08-31T18:42:06+00:00\" \/>\n<meta property=\"article:modified_time\" content=\"2023-08-31T18:42:07+00:00\" \/>\n<meta property=\"og:image\" content=\"https:\/\/www.safinel.fr\/wp-content\/uploads\/2023\/08\/Acne-microkystique-sur-les-peaux-noires-.jpg\" \/>\n\t<meta property=\"og:image:width\" content=\"1100\" \/>\n\t<meta property=\"og:image:height\" content=\"578\" \/>\n\t<meta property=\"og:image:type\" content=\"image\/jpeg\" \/>\n<meta name=\"author\" content=\"Naj\" \/>\n<meta name=\"twitter:card\" content=\"summary_large_image\" \/>\n<meta name=\"twitter:label1\" content=\"Scritto da\" \/>\n\t<meta name=\"twitter:data1\" content=\"Naj\" \/>\n\t<meta name=\"twitter:label2\" content=\"Tempo di lettura stimato\" \/>\n\t<meta name=\"twitter:data2\" content=\"4 minuti\" \/>\n<script type=\"application\/ld+json\" class=\"yoast-schema-graph\">{\"@context\":\"https:\/\/schema.org\",\"@graph\":[{\"@type\":\"Article\",\"@id\":\"https:\/\/www.safinel.fr\/acne-microkystique-sur-les-peaux-noires\/#article\",\"isPartOf\":{\"@id\":\"https:\/\/www.safinel.fr\/acne-microkystique-sur-les-peaux-noires\/\"},\"author\":{\"name\":\"Naj\",\"@id\":\"https:\/\/www.safinel.fr\/#\/schema\/person\/47f7357f8aa8a41a796811d3f8a3e055\"},\"headline\":\"Comprendre et traiter l&rsquo;acn\u00e9 microkystique sur les peaux noires\",\"datePublished\":\"2023-08-31T18:42:06+00:00\",\"dateModified\":\"2023-08-31T18:42:07+00:00\",\"mainEntityOfPage\":{\"@id\":\"https:\/\/www.safinel.fr\/acne-microkystique-sur-les-peaux-noires\/\"},\"wordCount\":885,\"publisher\":{\"@id\":\"https:\/\/www.safinel.fr\/#organization\"},\"image\":{\"@id\":\"https:\/\/www.safinel.fr\/acne-microkystique-sur-les-peaux-noires\/#primaryimage\"},\"thumbnailUrl\":\"https:\/\/www.safinel.fr\/wp-content\/uploads\/2023\/08\/Acne-microkystique-sur-les-peaux-noires-.jpg\",\"articleSection\":[\"Divers\"],\"inLanguage\":\"it-IT\"},{\"@type\":\"WebPage\",\"@id\":\"https:\/\/www.safinel.fr\/acne-microkystique-sur-les-peaux-noires\/\",\"url\":\"https:\/\/www.safinel.fr\/acne-microkystique-sur-les-peaux-noires\/\",\"name\":\"Acn\u00e9 microkystique sur les peaux noires | Le guide pratique\",\"isPartOf\":{\"@id\":\"https:\/\/www.safinel.fr\/#website\"},\"primaryImageOfPage\":{\"@id\":\"https:\/\/www.safinel.fr\/acne-microkystique-sur-les-peaux-noires\/#primaryimage\"},\"image\":{\"@id\":\"https:\/\/www.safinel.fr\/acne-microkystique-sur-les-peaux-noires\/#primaryimage\"},\"thumbnailUrl\":\"https:\/\/www.safinel.fr\/wp-content\/uploads\/2023\/08\/Acne-microkystique-sur-les-peaux-noires-.jpg\",\"datePublished\":\"2023-08-31T18:42:06+00:00\",\"dateModified\":\"2023-08-31T18:42:07+00:00\",\"description\":\"Ici, nous aborderons les sp\u00e9cificit\u00e9s de l'acn\u00e9 microkystique sur les peaux noires, ainsi que les traitements et pr\u00e9ventions possibles.\",\"breadcrumb\":{\"@id\":\"https:\/\/www.safinel.fr\/acne-microkystique-sur-les-peaux-noires\/#breadcrumb\"},\"inLanguage\":\"it-IT\",\"potentialAction\":[{\"@type\":\"ReadAction\",\"target\":[\"https:\/\/www.safinel.fr\/acne-microkystique-sur-les-peaux-noires\/\"]}]},{\"@type\":\"ImageObject\",\"inLanguage\":\"it-IT\",\"@id\":\"https:\/\/www.safinel.fr\/acne-microkystique-sur-les-peaux-noires\/#primaryimage\",\"url\":\"https:\/\/www.safinel.fr\/wp-content\/uploads\/2023\/08\/Acne-microkystique-sur-les-peaux-noires-.jpg\",\"contentUrl\":\"https:\/\/www.safinel.fr\/wp-content\/uploads\/2023\/08\/Acne-microkystique-sur-les-peaux-noires-.jpg\",\"width\":1100,\"height\":578,\"caption\":\"acn\u00e9 microkystique sur les peaux noires\"},{\"@type\":\"BreadcrumbList\",\"@id\":\"https:\/\/www.safinel.fr\/acne-microkystique-sur-les-peaux-noires\/#breadcrumb\",\"itemListElement\":[{\"@type\":\"ListItem\",\"position\":1,\"name\":\"Accueil\",\"item\":\"https:\/\/www.safinel.fr\/\"},{\"@type\":\"ListItem\",\"position\":2,\"name\":\"Comprendre et traiter l&#8217;acn\u00e9 microkystique sur les peaux noires\"}]},{\"@type\":\"WebSite\",\"@id\":\"https:\/\/www.safinel.fr\/#website\",\"url\":\"https:\/\/www.safinel.fr\/\",\"name\":\"Safinel\",\"description\":\"\",\"publisher\":{\"@id\":\"https:\/\/www.safinel.fr\/#organization\"},\"potentialAction\":[{\"@type\":\"SearchAction\",\"target\":{\"@type\":\"EntryPoint\",\"urlTemplate\":\"https:\/\/www.safinel.fr\/?s={search_term_string}\"},\"query-input\":{\"@type\":\"PropertyValueSpecification\",\"valueRequired\":true,\"valueName\":\"search_term_string\"}}],\"inLanguage\":\"it-IT\"},{\"@type\":\"Organization\",\"@id\":\"https:\/\/www.safinel.fr\/#organization\",\"name\":\"Safinel\",\"url\":\"https:\/\/www.safinel.fr\/\",\"logo\":{\"@type\":\"ImageObject\",\"inLanguage\":\"it-IT\",\"@id\":\"https:\/\/www.safinel.fr\/#\/schema\/logo\/image\/\",\"url\":\"https:\/\/www.safinel.fr\/wp-content\/uploads\/2021\/05\/boutique-cosmetique.png\",\"contentUrl\":\"https:\/\/www.safinel.fr\/wp-content\/uploads\/2021\/05\/boutique-cosmetique.png\",\"width\":800,\"height\":200,\"caption\":\"Safinel\"},\"image\":{\"@id\":\"https:\/\/www.safinel.fr\/#\/schema\/logo\/image\/\"}},{\"@type\":\"Person\",\"@id\":\"https:\/\/www.safinel.fr\/#\/schema\/person\/47f7357f8aa8a41a796811d3f8a3e055\",\"name\":\"Naj\",\"image\":{\"@type\":\"ImageObject\",\"inLanguage\":\"it-IT\",\"@id\":\"https:\/\/www.safinel.fr\/#\/schema\/person\/image\/\",\"url\":\"https:\/\/secure.gravatar.com\/avatar\/5c0fa4f0bce748d4964b7d68e4b0ee1d8e3120edba58a55893ced967bd2093b5?s=96&d=mm&r=g\",\"contentUrl\":\"https:\/\/secure.gravatar.com\/avatar\/5c0fa4f0bce748d4964b7d68e4b0ee1d8e3120edba58a55893ced967bd2093b5?s=96&d=mm&r=g\",\"caption\":\"Naj\"},\"url\":\"https:\/\/www.safinel.fr\/it\/author\/naj\/\"}]}<\/script>\n<!-- \/ Yoast SEO plugin. -->","yoast_head_json":{"title":"L'acne microcistica nella pelle nera | Una guida pratica","description":"In questa sede esaminiamo le caratteristiche specifiche dell'acne microcistica sulla pelle nera, nonch\u00e9 i possibili trattamenti e la prevenzione.","robots":{"index":"index","follow":"follow","max-snippet":"max-snippet:-1","max-image-preview":"max-image-preview:large","max-video-preview":"max-video-preview:-1"},"canonical":"https:\/\/www.safinel.fr\/it\/acne-microcistica-sulla-pelle-nera\/","og_locale":"it_IT","og_type":"article","og_title":"Acn\u00e9 microkystique sur les peaux noires | Le guide pratique","og_description":"Ici, nous aborderons les sp\u00e9cificit\u00e9s de l'acn\u00e9 microkystique sur les peaux noires, ainsi que les traitements et pr\u00e9ventions possibles.","og_url":"https:\/\/www.safinel.fr\/it\/acne-microcistica-sulla-pelle-nera\/","og_site_name":"Safinel","article_published_time":"2023-08-31T18:42:06+00:00","article_modified_time":"2023-08-31T18:42:07+00:00","og_image":[{"width":1100,"height":578,"url":"https:\/\/www.safinel.fr\/wp-content\/uploads\/2023\/08\/Acne-microkystique-sur-les-peaux-noires-.jpg","type":"image\/jpeg"}],"author":"Naj","twitter_card":"summary_large_image","twitter_misc":{"Scritto da":"Naj","Tempo di lettura stimato":"4 minuti"},"schema":{"@context":"https:\/\/schema.org","@graph":[{"@type":"Article","@id":"https:\/\/www.safinel.fr\/acne-microkystique-sur-les-peaux-noires\/#article","isPartOf":{"@id":"https:\/\/www.safinel.fr\/acne-microkystique-sur-les-peaux-noires\/"},"author":{"name":"Naj","@id":"https:\/\/www.safinel.fr\/#\/schema\/person\/47f7357f8aa8a41a796811d3f8a3e055"},"headline":"Comprendre et traiter l&rsquo;acn\u00e9 microkystique sur les peaux noires","datePublished":"2023-08-31T18:42:06+00:00","dateModified":"2023-08-31T18:42:07+00:00","mainEntityOfPage":{"@id":"https:\/\/www.safinel.fr\/acne-microkystique-sur-les-peaux-noires\/"},"wordCount":885,"publisher":{"@id":"https:\/\/www.safinel.fr\/#organization"},"image":{"@id":"https:\/\/www.safinel.fr\/acne-microkystique-sur-les-peaux-noires\/#primaryimage"},"thumbnailUrl":"https:\/\/www.safinel.fr\/wp-content\/uploads\/2023\/08\/Acne-microkystique-sur-les-peaux-noires-.jpg","articleSection":["Divers"],"inLanguage":"it-IT"},{"@type":"WebPage","@id":"https:\/\/www.safinel.fr\/acne-microkystique-sur-les-peaux-noires\/","url":"https:\/\/www.safinel.fr\/acne-microkystique-sur-les-peaux-noires\/","name":"L'acne microcistica nella pelle nera | Una guida pratica","isPartOf":{"@id":"https:\/\/www.safinel.fr\/#website"},"primaryImageOfPage":{"@id":"https:\/\/www.safinel.fr\/acne-microkystique-sur-les-peaux-noires\/#primaryimage"},"image":{"@id":"https:\/\/www.safinel.fr\/acne-microkystique-sur-les-peaux-noires\/#primaryimage"},"thumbnailUrl":"https:\/\/www.safinel.fr\/wp-content\/uploads\/2023\/08\/Acne-microkystique-sur-les-peaux-noires-.jpg","datePublished":"2023-08-31T18:42:06+00:00","dateModified":"2023-08-31T18:42:07+00:00","description":"In questa sede esaminiamo le caratteristiche specifiche dell'acne microcistica sulla pelle nera, nonch\u00e9 i possibili trattamenti e la prevenzione.","breadcrumb":{"@id":"https:\/\/www.safinel.fr\/acne-microkystique-sur-les-peaux-noires\/#breadcrumb"},"inLanguage":"it-IT","potentialAction":[{"@type":"ReadAction","target":["https:\/\/www.safinel.fr\/acne-microkystique-sur-les-peaux-noires\/"]}]},{"@type":"ImageObject","inLanguage":"it-IT","@id":"https:\/\/www.safinel.fr\/acne-microkystique-sur-les-peaux-noires\/#primaryimage","url":"https:\/\/www.safinel.fr\/wp-content\/uploads\/2023\/08\/Acne-microkystique-sur-les-peaux-noires-.jpg","contentUrl":"https:\/\/www.safinel.fr\/wp-content\/uploads\/2023\/08\/Acne-microkystique-sur-les-peaux-noires-.jpg","width":1100,"height":578,"caption":"acn\u00e9 microkystique sur les peaux noires"},{"@type":"BreadcrumbList","@id":"https:\/\/www.safinel.fr\/acne-microkystique-sur-les-peaux-noires\/#breadcrumb","itemListElement":[{"@type":"ListItem","position":1,"name":"Accueil","item":"https:\/\/www.safinel.fr\/"},{"@type":"ListItem","position":2,"name":"Comprendre et traiter l&#8217;acn\u00e9 microkystique sur les peaux noires"}]},{"@type":"WebSite","@id":"https:\/\/www.safinel.fr\/#website","url":"https:\/\/www.safinel.fr\/","name":"Safinel","description":"","publisher":{"@id":"https:\/\/www.safinel.fr\/#organization"},"potentialAction":[{"@type":"SearchAction","target":{"@type":"EntryPoint","urlTemplate":"https:\/\/www.safinel.fr\/?s={search_term_string}"},"query-input":{"@type":"PropertyValueSpecification","valueRequired":true,"valueName":"search_term_string"}}],"inLanguage":"it-IT"},{"@type":"Organization","@id":"https:\/\/www.safinel.fr\/#organization","name":"Safinel","url":"https:\/\/www.safinel.fr\/","logo":{"@type":"ImageObject","inLanguage":"it-IT","@id":"https:\/\/www.safinel.fr\/#\/schema\/logo\/image\/","url":"https:\/\/www.safinel.fr\/wp-content\/uploads\/2021\/05\/boutique-cosmetique.png","contentUrl":"https:\/\/www.safinel.fr\/wp-content\/uploads\/2021\/05\/boutique-cosmetique.png","width":800,"height":200,"caption":"Safinel"},"image":{"@id":"https:\/\/www.safinel.fr\/#\/schema\/logo\/image\/"}},{"@type":"Person","@id":"https:\/\/www.safinel.fr\/#\/schema\/person\/47f7357f8aa8a41a796811d3f8a3e055","name":"Naj","image":{"@type":"ImageObject","inLanguage":"it-IT","@id":"https:\/\/www.safinel.fr\/#\/schema\/person\/image\/","url":"https:\/\/secure.gravatar.com\/avatar\/5c0fa4f0bce748d4964b7d68e4b0ee1d8e3120edba58a55893ced967bd2093b5?s=96&d=mm&r=g","contentUrl":"https:\/\/secure.gravatar.com\/avatar\/5c0fa4f0bce748d4964b7d68e4b0ee1d8e3120edba58a55893ced967bd2093b5?s=96&d=mm&r=g","caption":"Naj"},"url":"https:\/\/www.safinel.fr\/it\/author\/naj\/"}]}},"_links":{"self":[{"href":"https:\/\/www.safinel.fr\/it\/wp-json\/wp\/v2\/posts\/8191","targetHints":{"allow":["GET"]}}],"collection":[{"href":"https:\/\/www.safinel.fr\/it\/wp-json\/wp\/v2\/posts"}],"about":[{"href":"https:\/\/www.safinel.fr\/it\/wp-json\/wp\/v2\/types\/post"}],"author":[{"embeddable":true,"href":"https:\/\/www.safinel.fr\/it\/wp-json\/wp\/v2\/users\/156"}],"replies":[{"embeddable":true,"href":"https:\/\/www.safinel.fr\/it\/wp-json\/wp\/v2\/comments?post=8191"}],"version-history":[{"count":1,"href":"https:\/\/www.safinel.fr\/it\/wp-json\/wp\/v2\/posts\/8191\/revisions"}],"predecessor-version":[{"id":8193,"href":"https:\/\/www.safinel.fr\/it\/wp-json\/wp\/v2\/posts\/8191\/revisions\/8193"}],"wp:featuredmedia":[{"embeddable":true,"href":"https:\/\/www.safinel.fr\/it\/wp-json\/wp\/v2\/media\/8192"}],"wp:attachment":[{"href":"https:\/\/www.safinel.fr\/it\/wp-json\/wp\/v2\/media?parent=8191"}],"wp:term":[{"taxonomy":"category","embeddable":true,"href":"https:\/\/www.safinel.fr\/it\/wp-json\/wp\/v2\/categories?post=8191"},{"taxonomy":"post_tag","embeddable":true,"href":"https:\/\/www.safinel.fr\/it\/wp-json\/wp\/v2\/tags?post=8191"}],"curies":[{"name":"wp","href":"https:\/\/api.w.org\/{rel}","templated":true}]}}