{"id":8130,"date":"2023-08-28T13:38:41","date_gmt":"2023-08-28T13:38:41","guid":{"rendered":"https:\/\/www.safinel.fr\/?p=8130"},"modified":"2023-08-28T13:38:43","modified_gmt":"2023-08-28T13:38:43","slug":"melanina","status":"publish","type":"post","link":"https:\/\/www.safinel.fr\/it\/melanina\/","title":{"rendered":"I benefici della melanina per la nostra pelle"},"content":{"rendered":"<p>La melanina \u00e8 una sostanza pigmentaria prodotta da cellule specializzate chiamate melanociti. D\u00e0 il colore alla nostra pelle, ai capelli e agli occhi. Ma sapevate che la melanina ha anche un gran numero di altre propriet\u00e0?\u00a0<strong>benefici per la nostra salute?<\/strong>\u00a0Nel programma di oggi scopriremo il ruolo essenziale della melanina e come protegge la nostra pelle dai danni causati dai raggi solari. <strong><a href=\"https:\/\/www.safinel.fr\/it\/scottature-solari-pelle-nera\/\">Raggi UV del sole<\/a><\/strong>.<\/p>\n\n\n\n<h2 class=\"wp-block-heading\" id=\"h-la-m-lanine-un-bouclier-protecteur-naturel\"><strong>La melanina, uno scudo protettivo naturale<\/strong><\/h2>\n\n\n\n<p>Il nostro corpo \u00e8 costantemente esposto ai raggi ultravioletti (UV) emessi dal sole. Questi raggi UV possono causare gravi danni alla nostra pelle, tra cui l'invecchiamento precoce, le ustioni, le macchie di pigmentazione e persino alcuni tipi di cancro. La melanina svolge un ruolo fondamentale nel proteggere la nostra pelle da queste aggressioni esterne.<\/p>\n\n\n\n<h3 class=\"wp-block-heading\" id=\"h-un-filtre-solaire-naturel\"><strong>Un filtro solare naturale<\/strong><\/h3>\n\n\n\n<p>Uno dei principali vantaggi della melanina \u00e8 la sua capacit\u00e0 di assorbire i raggi UV e trasformarli in calore. In questo modo, previene i danni causati da queste radiazioni al DNA delle nostre cellule cutanee. In altre parole, la melanina agisce da&nbsp;<strong>filtro solare naturale<\/strong>&nbsp;che protegge la nostra pelle dagli effetti nocivi del sole.<\/p>\n\n\n\n<h3 class=\"wp-block-heading\" id=\"h-une-r-paration-active-des-dommages-cutan-s\"><strong>Riparazione attiva dei danni alla pelle<\/strong><\/h3>\n\n\n\n<p>Oltre a filtrare i raggi UV, la melanina aiuta a riparare le cellule danneggiate dal sole. Infatti, stimola la produzione di nuove cellule cutanee sane, contribuendo a rinnovare l'epidermide. La melanina ha anche propriet\u00e0 antinfiammatorie che contribuiscono a&nbsp;<strong>lenire e curare la nostra pelle<\/strong>&nbsp;dopo un'esposizione prolungata alla luce solare.<\/p>\n\n\n\n<h2 class=\"wp-block-heading\" id=\"h-les-diff-rents-types-de-m-lanine-et-leurs-r-les-sp-cifiques\"><strong>I diversi tipi di melanina e i loro ruoli specifici<\/strong><\/h2>\n\n\n\n<p>Esistono tre tipi principali di melanina: eumelanina, feomelanina e neuromelanina. Ognuno di questi pigmenti ha caratteristiche particolari e svolge un ruolo specifico nella protezione della nostra pelle.<\/p>\n\n\n\n<ul class=\"wp-block-list\">\n<li><strong>Eumelanina, per una protezione UV ottimale<\/strong><\/li>\n<\/ul>\n\n\n\n<p>L'eumelanina \u00e8 la forma pi\u00f9 comune di melanina ed \u00e8 responsabile del colore nero o marrone di pelle, capelli e occhi. Offre un'eccellente protezione contro i raggi UV grazie alla sua capacit\u00e0 di assorbirli efficacemente. Le persone con un'alta concentrazione di eumelanina hanno quindi meno probabilit\u00e0 di subire danni alla pelle dovuti al sole.<\/p>\n\n\n\n<ul class=\"wp-block-list\">\n<li><strong>Feomelanina, per una migliore difesa antiossidante<\/strong><\/li>\n<\/ul>\n\n\n\n<p>La feomelanina \u00e8 un altro tipo di melanina che conferisce un colore rosso o giallo alla pelle, ai capelli e agli occhi. A differenza dell'eumelanina, non filtra i raggi UV con la stessa efficacia. Tuttavia, la feomelanina ha propriet\u00e0 antiossidanti che contribuiscono a&nbsp;<strong>neutralizzano i radicali liberi<\/strong>&nbsp;prodotte dalle radiazioni solari. Inoltre, aiuta a proteggere la pelle dai danni del sole.<\/p>\n\n\n\n<ul class=\"wp-block-list\">\n<li><strong>Neuromelanina, per proteggere il sistema nervoso<\/strong><\/li>\n<\/ul>\n\n\n\n<p>Infine, la neuromelanina \u00e8 una forma di melanina presente soprattutto nel cervello e nel sistema nervoso. Sebbene non abbia un'azione diretta sulla pelle, la neuromelanina svolge un ruolo cruciale nel proteggere i neuroni dai danni ossidativi e dalla degenerazione neuronale legata all'et\u00e0.<\/p>\n\n\n\n<h3 class=\"wp-block-heading\" id=\"h-comment-stimuler-la-production-naturelle-de-m-lanine\"><strong>Come possiamo stimolare la produzione naturale di melanina?<\/strong><\/h3>\n\n\n\n<p>Esistono diversi modi per promuovere la produzione di melanina nel nostro corpo e proteggere meglio la pelle dai raggi UV. <\/p>\n\n\n\n<p><strong>Ecco alcuni suggerimenti:<\/strong><\/p>\n\n\n\n<ul class=\"wp-block-list\">\n<li><strong>Seguite una dieta ricca di antiossidanti:<\/strong>&nbsp;Mangiare alimenti ricchi di vitamine A, C ed E, oltre che di rame e selenio, pu\u00f2 aiutare a stimolare la produzione di melanina e a rafforzare le nostre difese antiossidanti.<\/li>\n\n\n\n<li><strong>Esporre gradualmente la pelle al sole:<\/strong>&nbsp;Un'esposizione moderata e graduale al sole stimola la produzione di melanina e produce un'abbronzatura protettiva. Tuttavia, \u00e8 essenziale proteggersi con una protezione solare adeguata ed evitare le ore di massima esposizione al sole.<\/li>\n\n\n\n<li><strong>Usare prodotti cosmetici arricchiti con principi attivi precursori<\/strong>s<strong>\u00a0:<\/strong>\u00a0alcuni prodotti per la pelle, come <strong><a href=\"https:\/\/www.safinel.fr\/it\/crema-per-la-pelle-nera\/\">creme idratanti o autoabbronzanti<\/a><\/strong>, Questi prodotti contengono ingredienti che favoriscono la sintesi naturale della melanina.<\/li>\n<\/ul>\n\n\n\n<p>In breve, la melanina \u00e8 una sostanza preziosa per la salute della nostra pelle, poich\u00e9 ci protegge dai danni causati dai raggi UV del sole. <\/p>\n\n\n\n<p>Adottando buone abitudini e prendendoci cura della nostra pelle, possiamo sfruttare appieno i benefici offerti da questa eccezionale molecola.<\/p>","protected":false},"excerpt":{"rendered":"<p>La melanina \u00e8 una sostanza pigmentaria prodotta da cellule specializzate chiamate melanociti. D\u00e0 il colore alla nostra pelle, ai capelli e agli occhi. Ma sapevate che la melanina ha anche una serie di benefici per la salute? Nel programma di oggi scopriremo i ruoli essenziali della melanina e come protegge [...]","protected":false},"author":156,"featured_media":8131,"comment_status":"closed","ping_status":"closed","sticky":false,"template":"","format":"standard","meta":{"footnotes":""},"categories":[1],"tags":[],"class_list":["post-8130","post","type-post","status-publish","format-standard","has-post-thumbnail","hentry","category-divers"],"yoast_head":"<!-- This site is optimized with the Yoast SEO plugin v26.6 - https:\/\/yoast.com\/wordpress\/plugins\/seo\/ -->\n<title>M\u00e9lanine | D\u00e9finition de ce terme et bienfaits \u00e0 conna\u00eetre<\/title>\n<meta name=\"description\" content=\"\u00c0 l&#039;ordre du jour, nous allons d\u00e9couvrir les r\u00f4les essentiels de la m\u00e9lanine et comment elle prot\u00e8ge notre peau.\" \/>\n<meta name=\"robots\" content=\"index, follow, max-snippet:-1, max-image-preview:large, max-video-preview:-1\" \/>\n<link rel=\"canonical\" href=\"https:\/\/www.safinel.fr\/it\/melanina\/\" \/>\n<meta property=\"og:locale\" content=\"it_IT\" \/>\n<meta property=\"og:type\" content=\"article\" \/>\n<meta property=\"og:title\" content=\"M\u00e9lanine | D\u00e9finition de ce terme et bienfaits \u00e0 conna\u00eetre\" \/>\n<meta property=\"og:description\" content=\"\u00c0 l&#039;ordre du jour, nous allons d\u00e9couvrir les r\u00f4les essentiels de la m\u00e9lanine et comment elle prot\u00e8ge notre peau.\" \/>\n<meta property=\"og:url\" content=\"https:\/\/www.safinel.fr\/it\/melanina\/\" \/>\n<meta property=\"og:site_name\" content=\"Safinel\" \/>\n<meta property=\"article:published_time\" content=\"2023-08-28T13:38:41+00:00\" \/>\n<meta property=\"article:modified_time\" content=\"2023-08-28T13:38:43+00:00\" \/>\n<meta property=\"og:image\" content=\"https:\/\/www.safinel.fr\/wp-content\/uploads\/2023\/08\/les-bienfaits-de-la-melanine.jpg\" \/>\n\t<meta property=\"og:image:width\" content=\"1100\" \/>\n\t<meta property=\"og:image:height\" content=\"578\" \/>\n\t<meta property=\"og:image:type\" content=\"image\/jpeg\" \/>\n<meta name=\"author\" content=\"Naj\" \/>\n<meta name=\"twitter:card\" content=\"summary_large_image\" \/>\n<meta name=\"twitter:label1\" content=\"Scritto da\" \/>\n\t<meta name=\"twitter:data1\" content=\"Naj\" \/>\n\t<meta name=\"twitter:label2\" content=\"Tempo di lettura stimato\" \/>\n\t<meta name=\"twitter:data2\" content=\"4 minuti\" \/>\n<script type=\"application\/ld+json\" class=\"yoast-schema-graph\">{\"@context\":\"https:\/\/schema.org\",\"@graph\":[{\"@type\":\"Article\",\"@id\":\"https:\/\/www.safinel.fr\/melanine\/#article\",\"isPartOf\":{\"@id\":\"https:\/\/www.safinel.fr\/melanine\/\"},\"author\":{\"name\":\"Naj\",\"@id\":\"https:\/\/www.safinel.fr\/#\/schema\/person\/47f7357f8aa8a41a796811d3f8a3e055\"},\"headline\":\"Les bienfaits de la m\u00e9lanine pour notre peau\",\"datePublished\":\"2023-08-28T13:38:41+00:00\",\"dateModified\":\"2023-08-28T13:38:43+00:00\",\"mainEntityOfPage\":{\"@id\":\"https:\/\/www.safinel.fr\/melanine\/\"},\"wordCount\":829,\"publisher\":{\"@id\":\"https:\/\/www.safinel.fr\/#organization\"},\"image\":{\"@id\":\"https:\/\/www.safinel.fr\/melanine\/#primaryimage\"},\"thumbnailUrl\":\"https:\/\/www.safinel.fr\/wp-content\/uploads\/2023\/08\/les-bienfaits-de-la-melanine.jpg\",\"articleSection\":[\"Divers\"],\"inLanguage\":\"it-IT\"},{\"@type\":\"WebPage\",\"@id\":\"https:\/\/www.safinel.fr\/melanine\/\",\"url\":\"https:\/\/www.safinel.fr\/melanine\/\",\"name\":\"M\u00e9lanine | D\u00e9finition de ce terme et bienfaits \u00e0 conna\u00eetre\",\"isPartOf\":{\"@id\":\"https:\/\/www.safinel.fr\/#website\"},\"primaryImageOfPage\":{\"@id\":\"https:\/\/www.safinel.fr\/melanine\/#primaryimage\"},\"image\":{\"@id\":\"https:\/\/www.safinel.fr\/melanine\/#primaryimage\"},\"thumbnailUrl\":\"https:\/\/www.safinel.fr\/wp-content\/uploads\/2023\/08\/les-bienfaits-de-la-melanine.jpg\",\"datePublished\":\"2023-08-28T13:38:41+00:00\",\"dateModified\":\"2023-08-28T13:38:43+00:00\",\"description\":\"\u00c0 l'ordre du jour, nous allons d\u00e9couvrir les r\u00f4les essentiels de la m\u00e9lanine et comment elle prot\u00e8ge notre peau.\",\"breadcrumb\":{\"@id\":\"https:\/\/www.safinel.fr\/melanine\/#breadcrumb\"},\"inLanguage\":\"it-IT\",\"potentialAction\":[{\"@type\":\"ReadAction\",\"target\":[\"https:\/\/www.safinel.fr\/melanine\/\"]}]},{\"@type\":\"ImageObject\",\"inLanguage\":\"it-IT\",\"@id\":\"https:\/\/www.safinel.fr\/melanine\/#primaryimage\",\"url\":\"https:\/\/www.safinel.fr\/wp-content\/uploads\/2023\/08\/les-bienfaits-de-la-melanine.jpg\",\"contentUrl\":\"https:\/\/www.safinel.fr\/wp-content\/uploads\/2023\/08\/les-bienfaits-de-la-melanine.jpg\",\"width\":1100,\"height\":578,\"caption\":\"Les bienfaits de la m\u00e9lanine pour notre peau\"},{\"@type\":\"BreadcrumbList\",\"@id\":\"https:\/\/www.safinel.fr\/melanine\/#breadcrumb\",\"itemListElement\":[{\"@type\":\"ListItem\",\"position\":1,\"name\":\"Accueil\",\"item\":\"https:\/\/www.safinel.fr\/\"},{\"@type\":\"ListItem\",\"position\":2,\"name\":\"Les bienfaits de la m\u00e9lanine pour notre peau\"}]},{\"@type\":\"WebSite\",\"@id\":\"https:\/\/www.safinel.fr\/#website\",\"url\":\"https:\/\/www.safinel.fr\/\",\"name\":\"Safinel\",\"description\":\"\",\"publisher\":{\"@id\":\"https:\/\/www.safinel.fr\/#organization\"},\"potentialAction\":[{\"@type\":\"SearchAction\",\"target\":{\"@type\":\"EntryPoint\",\"urlTemplate\":\"https:\/\/www.safinel.fr\/?s={search_term_string}\"},\"query-input\":{\"@type\":\"PropertyValueSpecification\",\"valueRequired\":true,\"valueName\":\"search_term_string\"}}],\"inLanguage\":\"it-IT\"},{\"@type\":\"Organization\",\"@id\":\"https:\/\/www.safinel.fr\/#organization\",\"name\":\"Safinel\",\"url\":\"https:\/\/www.safinel.fr\/\",\"logo\":{\"@type\":\"ImageObject\",\"inLanguage\":\"it-IT\",\"@id\":\"https:\/\/www.safinel.fr\/#\/schema\/logo\/image\/\",\"url\":\"https:\/\/www.safinel.fr\/wp-content\/uploads\/2021\/05\/boutique-cosmetique.png\",\"contentUrl\":\"https:\/\/www.safinel.fr\/wp-content\/uploads\/2021\/05\/boutique-cosmetique.png\",\"width\":800,\"height\":200,\"caption\":\"Safinel\"},\"image\":{\"@id\":\"https:\/\/www.safinel.fr\/#\/schema\/logo\/image\/\"}},{\"@type\":\"Person\",\"@id\":\"https:\/\/www.safinel.fr\/#\/schema\/person\/47f7357f8aa8a41a796811d3f8a3e055\",\"name\":\"Naj\",\"image\":{\"@type\":\"ImageObject\",\"inLanguage\":\"it-IT\",\"@id\":\"https:\/\/www.safinel.fr\/#\/schema\/person\/image\/\",\"url\":\"https:\/\/secure.gravatar.com\/avatar\/5c0fa4f0bce748d4964b7d68e4b0ee1d8e3120edba58a55893ced967bd2093b5?s=96&d=mm&r=g\",\"contentUrl\":\"https:\/\/secure.gravatar.com\/avatar\/5c0fa4f0bce748d4964b7d68e4b0ee1d8e3120edba58a55893ced967bd2093b5?s=96&d=mm&r=g\",\"caption\":\"Naj\"},\"url\":\"https:\/\/www.safinel.fr\/it\/author\/naj\/\"}]}<\/script>\n<!-- \/ Yoast SEO plugin. -->","yoast_head_json":{"title":"Melanina | Definizione e benefici da conoscere","description":"Nel programma di oggi scopriremo il ruolo essenziale della melanina e come protegge la nostra pelle.","robots":{"index":"index","follow":"follow","max-snippet":"max-snippet:-1","max-image-preview":"max-image-preview:large","max-video-preview":"max-video-preview:-1"},"canonical":"https:\/\/www.safinel.fr\/it\/melanina\/","og_locale":"it_IT","og_type":"article","og_title":"M\u00e9lanine | D\u00e9finition de ce terme et bienfaits \u00e0 conna\u00eetre","og_description":"\u00c0 l'ordre du jour, nous allons d\u00e9couvrir les r\u00f4les essentiels de la m\u00e9lanine et comment elle prot\u00e8ge notre peau.","og_url":"https:\/\/www.safinel.fr\/it\/melanina\/","og_site_name":"Safinel","article_published_time":"2023-08-28T13:38:41+00:00","article_modified_time":"2023-08-28T13:38:43+00:00","og_image":[{"width":1100,"height":578,"url":"https:\/\/www.safinel.fr\/wp-content\/uploads\/2023\/08\/les-bienfaits-de-la-melanine.jpg","type":"image\/jpeg"}],"author":"Naj","twitter_card":"summary_large_image","twitter_misc":{"Scritto da":"Naj","Tempo di lettura stimato":"4 minuti"},"schema":{"@context":"https:\/\/schema.org","@graph":[{"@type":"Article","@id":"https:\/\/www.safinel.fr\/melanine\/#article","isPartOf":{"@id":"https:\/\/www.safinel.fr\/melanine\/"},"author":{"name":"Naj","@id":"https:\/\/www.safinel.fr\/#\/schema\/person\/47f7357f8aa8a41a796811d3f8a3e055"},"headline":"Les bienfaits de la m\u00e9lanine pour notre peau","datePublished":"2023-08-28T13:38:41+00:00","dateModified":"2023-08-28T13:38:43+00:00","mainEntityOfPage":{"@id":"https:\/\/www.safinel.fr\/melanine\/"},"wordCount":829,"publisher":{"@id":"https:\/\/www.safinel.fr\/#organization"},"image":{"@id":"https:\/\/www.safinel.fr\/melanine\/#primaryimage"},"thumbnailUrl":"https:\/\/www.safinel.fr\/wp-content\/uploads\/2023\/08\/les-bienfaits-de-la-melanine.jpg","articleSection":["Divers"],"inLanguage":"it-IT"},{"@type":"WebPage","@id":"https:\/\/www.safinel.fr\/melanine\/","url":"https:\/\/www.safinel.fr\/melanine\/","name":"Melanina | Definizione e benefici da conoscere","isPartOf":{"@id":"https:\/\/www.safinel.fr\/#website"},"primaryImageOfPage":{"@id":"https:\/\/www.safinel.fr\/melanine\/#primaryimage"},"image":{"@id":"https:\/\/www.safinel.fr\/melanine\/#primaryimage"},"thumbnailUrl":"https:\/\/www.safinel.fr\/wp-content\/uploads\/2023\/08\/les-bienfaits-de-la-melanine.jpg","datePublished":"2023-08-28T13:38:41+00:00","dateModified":"2023-08-28T13:38:43+00:00","description":"Nel programma di oggi scopriremo il ruolo essenziale della melanina e come protegge la nostra pelle.","breadcrumb":{"@id":"https:\/\/www.safinel.fr\/melanine\/#breadcrumb"},"inLanguage":"it-IT","potentialAction":[{"@type":"ReadAction","target":["https:\/\/www.safinel.fr\/melanine\/"]}]},{"@type":"ImageObject","inLanguage":"it-IT","@id":"https:\/\/www.safinel.fr\/melanine\/#primaryimage","url":"https:\/\/www.safinel.fr\/wp-content\/uploads\/2023\/08\/les-bienfaits-de-la-melanine.jpg","contentUrl":"https:\/\/www.safinel.fr\/wp-content\/uploads\/2023\/08\/les-bienfaits-de-la-melanine.jpg","width":1100,"height":578,"caption":"Les bienfaits de la m\u00e9lanine pour notre peau"},{"@type":"BreadcrumbList","@id":"https:\/\/www.safinel.fr\/melanine\/#breadcrumb","itemListElement":[{"@type":"ListItem","position":1,"name":"Accueil","item":"https:\/\/www.safinel.fr\/"},{"@type":"ListItem","position":2,"name":"Les bienfaits de la m\u00e9lanine pour notre peau"}]},{"@type":"WebSite","@id":"https:\/\/www.safinel.fr\/#website","url":"https:\/\/www.safinel.fr\/","name":"Safinel","description":"","publisher":{"@id":"https:\/\/www.safinel.fr\/#organization"},"potentialAction":[{"@type":"SearchAction","target":{"@type":"EntryPoint","urlTemplate":"https:\/\/www.safinel.fr\/?s={search_term_string}"},"query-input":{"@type":"PropertyValueSpecification","valueRequired":true,"valueName":"search_term_string"}}],"inLanguage":"it-IT"},{"@type":"Organization","@id":"https:\/\/www.safinel.fr\/#organization","name":"Safinel","url":"https:\/\/www.safinel.fr\/","logo":{"@type":"ImageObject","inLanguage":"it-IT","@id":"https:\/\/www.safinel.fr\/#\/schema\/logo\/image\/","url":"https:\/\/www.safinel.fr\/wp-content\/uploads\/2021\/05\/boutique-cosmetique.png","contentUrl":"https:\/\/www.safinel.fr\/wp-content\/uploads\/2021\/05\/boutique-cosmetique.png","width":800,"height":200,"caption":"Safinel"},"image":{"@id":"https:\/\/www.safinel.fr\/#\/schema\/logo\/image\/"}},{"@type":"Person","@id":"https:\/\/www.safinel.fr\/#\/schema\/person\/47f7357f8aa8a41a796811d3f8a3e055","name":"Naj","image":{"@type":"ImageObject","inLanguage":"it-IT","@id":"https:\/\/www.safinel.fr\/#\/schema\/person\/image\/","url":"https:\/\/secure.gravatar.com\/avatar\/5c0fa4f0bce748d4964b7d68e4b0ee1d8e3120edba58a55893ced967bd2093b5?s=96&d=mm&r=g","contentUrl":"https:\/\/secure.gravatar.com\/avatar\/5c0fa4f0bce748d4964b7d68e4b0ee1d8e3120edba58a55893ced967bd2093b5?s=96&d=mm&r=g","caption":"Naj"},"url":"https:\/\/www.safinel.fr\/it\/author\/naj\/"}]}},"_links":{"self":[{"href":"https:\/\/www.safinel.fr\/it\/wp-json\/wp\/v2\/posts\/8130","targetHints":{"allow":["GET"]}}],"collection":[{"href":"https:\/\/www.safinel.fr\/it\/wp-json\/wp\/v2\/posts"}],"about":[{"href":"https:\/\/www.safinel.fr\/it\/wp-json\/wp\/v2\/types\/post"}],"author":[{"embeddable":true,"href":"https:\/\/www.safinel.fr\/it\/wp-json\/wp\/v2\/users\/156"}],"replies":[{"embeddable":true,"href":"https:\/\/www.safinel.fr\/it\/wp-json\/wp\/v2\/comments?post=8130"}],"version-history":[{"count":1,"href":"https:\/\/www.safinel.fr\/it\/wp-json\/wp\/v2\/posts\/8130\/revisions"}],"predecessor-version":[{"id":8132,"href":"https:\/\/www.safinel.fr\/it\/wp-json\/wp\/v2\/posts\/8130\/revisions\/8132"}],"wp:featuredmedia":[{"embeddable":true,"href":"https:\/\/www.safinel.fr\/it\/wp-json\/wp\/v2\/media\/8131"}],"wp:attachment":[{"href":"https:\/\/www.safinel.fr\/it\/wp-json\/wp\/v2\/media?parent=8130"}],"wp:term":[{"taxonomy":"category","embeddable":true,"href":"https:\/\/www.safinel.fr\/it\/wp-json\/wp\/v2\/categories?post=8130"},{"taxonomy":"post_tag","embeddable":true,"href":"https:\/\/www.safinel.fr\/it\/wp-json\/wp\/v2\/tags?post=8130"}],"curies":[{"name":"wp","href":"https:\/\/api.w.org\/{rel}","templated":true}]}}