{"id":8090,"date":"2023-08-26T18:42:17","date_gmt":"2023-08-26T18:42:17","guid":{"rendered":"https:\/\/www.safinel.fr\/?p=8090"},"modified":"2023-08-28T13:39:46","modified_gmt":"2023-08-28T13:39:46","slug":"scottature-solari-pelle-nera","status":"publish","type":"post","link":"https:\/\/www.safinel.fr\/it\/scottature-solari-pelle-nera\/","title":{"rendered":"Come proteggere la pelle nera dalle scottature"},"content":{"rendered":"<p>Contrariamente a quanto molti pensano, le persone con la pelle nera non sono immuni da&nbsp;<strong>scottature solari pelle nera<\/strong>. Nonostante abbia una maggiore quantit\u00e0 di melanina, il pigmento responsabile del colore della pelle e che offre una protezione naturale contro gli effetti nocivi del sole, la pelle nera rimane vulnerabile alle scottature. In questo articolo scopriremo come evitare le scottature della pelle nera e come prenderci cura della nostra pelle quando siamo esposti al sole.<\/p>\n\n\n\n<h2 class=\"wp-block-heading\" id=\"h-comprendre-le-fonctionnement-de-la-m-lanine-pour-pr-venir-les-br-lures-solaires-sur-les-peaux-noires\"><strong>Capire come funziona la melanina per prevenire le scottature solari sulla pelle nera<\/strong><\/h2>\n\n\n\n<p><strong><a href=\"https:\/\/www.safinel.fr\/it\/melanina\/\">Melanina<\/a><\/strong> La melanina \u00e8 un pigmento presente nella pelle che ne determina il colore e svolge un ruolo essenziale nella protezione dai raggi UV del sole. Le pelli nere hanno una maggiore concentrazione di melanina rispetto alle pelli chiare, il che le rende pi\u00f9 resistenti agli effetti nocivi del sole. Tuttavia, questo non significa che siano totalmente immuni alle scottature o ai raggi solari nocivi.\u00a0<strong>ustione della pelle nera<\/strong>.<\/p>\n\n\n\n<p>Infatti, sebbene la melanina assorba alcuni raggi UV e quindi limiti i danni causati al DNA delle cellule cutanee, non pu\u00f2 fornire una protezione totale. <\/p>\n\n\n\n<p>\u00c8 quindi importante proteggersi dalle scottature solari. Un'eccessiva esposizione al sole pu\u00f2 causare danni alla pelle e aumentare il rischio di cancro alla pelle.<\/p>\n\n\n\n<h3 class=\"wp-block-heading\" id=\"h-les-cons-quences-d-une-exposition-prolong-e-au-soleil-sur-les-peaux-noires\"><strong>Le conseguenze dell'esposizione prolungata al sole sulla pelle nera<\/strong><\/h3>\n\n\n\n<p>Sebbene la pelle nera sia meno soggetta a scottature rispetto a quella chiara, presenta comunque una serie di rischi associati all'esposizione prolungata al sole:<\/p>\n\n\n\n<ul class=\"wp-block-list\">\n<li><strong>Invecchiamento precoce della pelle<\/strong>&nbsp;L'esposizione al sole accelera il processo di invecchiamento della pelle. Ci\u00f2 comporta un rilassamento della pelle, una perdita di elasticit\u00e0 e la comparsa di linee sottili e rughe.<\/li>\n\n\n\n<li><strong>Macchie di pigmento<\/strong>&nbsp;I raggi UV possono stimolare la produzione di melanina. Causano la comparsa di macchie di pigmentazione, come lentiggini o macchie brune.<\/li>\n\n\n\n<li><strong>Cancro della pelle<\/strong>&nbsp;Melanoma: anche se pi\u00f9 raro nelle persone con la pelle nera. L'eccessiva esposizione al sole aumenta il rischio di sviluppare un melanoma maligno. \u00c8 una forma aggressiva di cancro della pelle.<\/li>\n<\/ul>\n\n\n\n<h2 class=\"wp-block-heading\" id=\"h-comment-viter-les-coups-de-soleil-peau-noire-lors-d-une-exposition-au-soleil\"><strong>Come evitare le scottature sulla pelle nera quando ci si espone al sole<\/strong><\/h2>\n\n\n\n<p>Per proteggere la pelle dagli effetti nocivi del sole e prevenire le scottature. <\/p>\n\n\n\n<h3 class=\"wp-block-heading\"><strong>Ecco alcuni consigli da seguire:<\/strong><\/h3>\n\n\n\n<ul class=\"wp-block-list\">\n<li><strong>Scegliere la giusta protezione solare<\/strong><\/li>\n<\/ul>\n\n\n\n<p>\u00c8 fondamentale utilizzare una protezione solare con un fattore di protezione (PI) adatto al proprio tipo di pelle. Chi ha la pelle nera dovrebbe optare per una protezione solare con almeno IP 30. Non dimenticate di verificare che il prodotto offra una protezione ad ampio spettro, che copra sia i raggi UVA che UVB.<\/p>\n\n\n\n<ul class=\"wp-block-list\">\n<li><strong>Riapplicare regolarmente la protezione solare<\/strong><\/li>\n<\/ul>\n\n\n\n<p>Per garantire una protezione ottimale, \u00e8 importante applicare generosamente la protezione solare su tutte le zone esposte della pelle e riapplicarla ogni due ore, soprattutto dopo aver nuotato o sudato.<\/p>\n\n\n\n<ul class=\"wp-block-list\">\n<li><strong>Indossare indumenti protettivi<\/strong><\/li>\n<\/ul>\n\n\n\n<p>\u00c8 inoltre essenziale <strong><a href=\"https:\/\/www.safinel.fr\/it\/uomo-boubou-africano\/\">vestirsi in modo appropriato <\/a><\/strong>quando si \u00e8 esposti al sole. Scegliete abiti in fibre naturali, come il cotone o il lino, che offrono una migliore protezione dai raggi UV. Non esitate a indossare un cappello a tesa larga per proteggere il viso e gli occhi dai raggi solari.<\/p>\n\n\n\n<h2 class=\"wp-block-heading\" id=\"h-prendre-soin-de-sa-peau-apr-s-une-exposition-au-soleil\"><strong>Prendersi cura della pelle dopo l'esposizione al sole<\/strong><\/h2>\n\n\n\n<p>Dopo una giornata al sole, \u00e8 importante prendersi cura della pelle per riparare i danni causati dai raggi UV e prevenire l'invecchiamento cutaneo. <\/p>\n\n\n\n<h3 class=\"wp-block-heading\"><strong>Ecco alcuni semplici passi da compiere:<\/strong><\/h3>\n\n\n\n<ul class=\"wp-block-list\">\n<li><strong>Idratare la pelle<\/strong><\/li>\n<\/ul>\n\n\n\n<p>L'esposizione al sole pu\u00f2 seccare la pelle e danneggiare la barriera cutanea. \u00c8 quindi fondamentale mantenere la pelle ben idratata dopo una giornata al sole, applicando una crema idratante adeguata su tutto il corpo e sul viso.<\/p>\n\n\n\n<ul class=\"wp-block-list\">\n<li><strong>Lenisce eventuali arrossamenti o irritazioni<\/strong><\/li>\n<\/ul>\n\n\n\n<p>Se avete subito una scottatura sulla pelle nera, o se la vostra pelle \u00e8 arrossata o fastidiosa dopo l'esposizione al sole, applicate un trattamento lenitivo come una lozione a base di aloe vera per alleviare l'irritazione e aiutare la pelle a guarire.<\/p>\n\n\n\n<ul class=\"wp-block-list\">\n<li><strong>Riparazione dei danni causati dai raggi UV<\/strong><\/li>\n<\/ul>\n\n\n\n<p>Infine, \u00e8 importante prendersi cura della propria pelle utilizzando prodotti riparatori specificamente studiati per agire contro gli effetti nocivi dei raggi UV, come sieri antiossidanti o <strong><a href=\"https:\/\/www.safinel.fr\/it\/prodotto\/crema-nila\/\">creme riparatrici notturne<\/a><\/strong>.<\/p>\n\n\n\n<p>Seguendo questi consigli, potrete godere appieno dei benefici del sole, proteggendo efficacemente la vostra pelle dalle scottature e dagli effetti dannosi dei raggi UV.<\/p>","protected":false},"excerpt":{"rendered":"<p>Contrariamente a quanto molti pensano, le persone con la pelle nera non sono immuni alle scottature solari. Nonostante abbia una maggiore quantit\u00e0 di melanina, il pigmento responsabile del colore della pelle e che offre una protezione naturale contro gli effetti nocivi del sole, la pelle nera rimane vulnerabile [...].","protected":false},"author":156,"featured_media":8091,"comment_status":"closed","ping_status":"closed","sticky":false,"template":"","format":"standard","meta":{"footnotes":""},"categories":[1],"tags":[],"class_list":["post-8090","post","type-post","status-publish","format-standard","has-post-thumbnail","hentry","category-divers"],"yoast_head":"<!-- This site is optimized with the Yoast SEO plugin v26.6 - https:\/\/yoast.com\/wordpress\/plugins\/seo\/ -->\n<title>Coup de soleil peau noire | Br\u00fblure peau noire | Le guide pratique<\/title>\n<meta name=\"description\" content=\"Contrairement \u00e0 ce que beaucoup pensent, les personnes \u00e0 la peau noire ne sont pas \u00e0 l&#039;abri des coup de soleil peau noire.\" \/>\n<meta name=\"robots\" content=\"index, follow, max-snippet:-1, max-image-preview:large, max-video-preview:-1\" \/>\n<link rel=\"canonical\" href=\"https:\/\/www.safinel.fr\/it\/scottature-solari-pelle-nera\/\" \/>\n<meta property=\"og:locale\" content=\"it_IT\" \/>\n<meta property=\"og:type\" content=\"article\" \/>\n<meta property=\"og:title\" content=\"Coup de soleil peau noire | Br\u00fblure peau noire | Le guide pratique\" \/>\n<meta property=\"og:description\" content=\"Contrairement \u00e0 ce que beaucoup pensent, les personnes \u00e0 la peau noire ne sont pas \u00e0 l&#039;abri des coup de soleil peau noire.\" \/>\n<meta property=\"og:url\" content=\"https:\/\/www.safinel.fr\/it\/scottature-solari-pelle-nera\/\" \/>\n<meta property=\"og:site_name\" content=\"Safinel\" \/>\n<meta property=\"article:published_time\" content=\"2023-08-26T18:42:17+00:00\" \/>\n<meta property=\"article:modified_time\" content=\"2023-08-28T13:39:46+00:00\" \/>\n<meta property=\"og:image\" content=\"https:\/\/www.safinel.fr\/wp-content\/uploads\/2023\/08\/Coup-de-soleil-peau-noire.jpg\" \/>\n\t<meta property=\"og:image:width\" content=\"1100\" \/>\n\t<meta property=\"og:image:height\" content=\"578\" \/>\n\t<meta property=\"og:image:type\" content=\"image\/jpeg\" \/>\n<meta name=\"author\" content=\"Naj\" \/>\n<meta name=\"twitter:card\" content=\"summary_large_image\" \/>\n<meta name=\"twitter:label1\" content=\"Scritto da\" \/>\n\t<meta name=\"twitter:data1\" content=\"Naj\" \/>\n\t<meta name=\"twitter:label2\" content=\"Tempo di lettura stimato\" \/>\n\t<meta name=\"twitter:data2\" content=\"4 minuti\" \/>\n<script type=\"application\/ld+json\" class=\"yoast-schema-graph\">{\"@context\":\"https:\/\/schema.org\",\"@graph\":[{\"@type\":\"Article\",\"@id\":\"https:\/\/www.safinel.fr\/coup-de-soleil-peau-noire\/#article\",\"isPartOf\":{\"@id\":\"https:\/\/www.safinel.fr\/coup-de-soleil-peau-noire\/\"},\"author\":{\"name\":\"Naj\",\"@id\":\"https:\/\/www.safinel.fr\/#\/schema\/person\/47f7357f8aa8a41a796811d3f8a3e055\"},\"headline\":\"Comment prot\u00e9ger la peau noire contre les coups de soleil\",\"datePublished\":\"2023-08-26T18:42:17+00:00\",\"dateModified\":\"2023-08-28T13:39:46+00:00\",\"mainEntityOfPage\":{\"@id\":\"https:\/\/www.safinel.fr\/coup-de-soleil-peau-noire\/\"},\"wordCount\":891,\"publisher\":{\"@id\":\"https:\/\/www.safinel.fr\/#organization\"},\"image\":{\"@id\":\"https:\/\/www.safinel.fr\/coup-de-soleil-peau-noire\/#primaryimage\"},\"thumbnailUrl\":\"https:\/\/www.safinel.fr\/wp-content\/uploads\/2023\/08\/Coup-de-soleil-peau-noire.jpg\",\"articleSection\":[\"Divers\"],\"inLanguage\":\"it-IT\"},{\"@type\":\"WebPage\",\"@id\":\"https:\/\/www.safinel.fr\/coup-de-soleil-peau-noire\/\",\"url\":\"https:\/\/www.safinel.fr\/coup-de-soleil-peau-noire\/\",\"name\":\"Coup de soleil peau noire | Br\u00fblure peau noire | Le guide pratique\",\"isPartOf\":{\"@id\":\"https:\/\/www.safinel.fr\/#website\"},\"primaryImageOfPage\":{\"@id\":\"https:\/\/www.safinel.fr\/coup-de-soleil-peau-noire\/#primaryimage\"},\"image\":{\"@id\":\"https:\/\/www.safinel.fr\/coup-de-soleil-peau-noire\/#primaryimage\"},\"thumbnailUrl\":\"https:\/\/www.safinel.fr\/wp-content\/uploads\/2023\/08\/Coup-de-soleil-peau-noire.jpg\",\"datePublished\":\"2023-08-26T18:42:17+00:00\",\"dateModified\":\"2023-08-28T13:39:46+00:00\",\"description\":\"Contrairement \u00e0 ce que beaucoup pensent, les personnes \u00e0 la peau noire ne sont pas \u00e0 l'abri des coup de soleil peau noire.\",\"breadcrumb\":{\"@id\":\"https:\/\/www.safinel.fr\/coup-de-soleil-peau-noire\/#breadcrumb\"},\"inLanguage\":\"it-IT\",\"potentialAction\":[{\"@type\":\"ReadAction\",\"target\":[\"https:\/\/www.safinel.fr\/coup-de-soleil-peau-noire\/\"]}]},{\"@type\":\"ImageObject\",\"inLanguage\":\"it-IT\",\"@id\":\"https:\/\/www.safinel.fr\/coup-de-soleil-peau-noire\/#primaryimage\",\"url\":\"https:\/\/www.safinel.fr\/wp-content\/uploads\/2023\/08\/Coup-de-soleil-peau-noire.jpg\",\"contentUrl\":\"https:\/\/www.safinel.fr\/wp-content\/uploads\/2023\/08\/Coup-de-soleil-peau-noire.jpg\",\"width\":1100,\"height\":578,\"caption\":\"Coup de soleil peau noire\"},{\"@type\":\"BreadcrumbList\",\"@id\":\"https:\/\/www.safinel.fr\/coup-de-soleil-peau-noire\/#breadcrumb\",\"itemListElement\":[{\"@type\":\"ListItem\",\"position\":1,\"name\":\"Accueil\",\"item\":\"https:\/\/www.safinel.fr\/\"},{\"@type\":\"ListItem\",\"position\":2,\"name\":\"Comment prot\u00e9ger la peau noire contre les coups de soleil\"}]},{\"@type\":\"WebSite\",\"@id\":\"https:\/\/www.safinel.fr\/#website\",\"url\":\"https:\/\/www.safinel.fr\/\",\"name\":\"Safinel\",\"description\":\"\",\"publisher\":{\"@id\":\"https:\/\/www.safinel.fr\/#organization\"},\"potentialAction\":[{\"@type\":\"SearchAction\",\"target\":{\"@type\":\"EntryPoint\",\"urlTemplate\":\"https:\/\/www.safinel.fr\/?s={search_term_string}\"},\"query-input\":{\"@type\":\"PropertyValueSpecification\",\"valueRequired\":true,\"valueName\":\"search_term_string\"}}],\"inLanguage\":\"it-IT\"},{\"@type\":\"Organization\",\"@id\":\"https:\/\/www.safinel.fr\/#organization\",\"name\":\"Safinel\",\"url\":\"https:\/\/www.safinel.fr\/\",\"logo\":{\"@type\":\"ImageObject\",\"inLanguage\":\"it-IT\",\"@id\":\"https:\/\/www.safinel.fr\/#\/schema\/logo\/image\/\",\"url\":\"https:\/\/www.safinel.fr\/wp-content\/uploads\/2021\/05\/boutique-cosmetique.png\",\"contentUrl\":\"https:\/\/www.safinel.fr\/wp-content\/uploads\/2021\/05\/boutique-cosmetique.png\",\"width\":800,\"height\":200,\"caption\":\"Safinel\"},\"image\":{\"@id\":\"https:\/\/www.safinel.fr\/#\/schema\/logo\/image\/\"}},{\"@type\":\"Person\",\"@id\":\"https:\/\/www.safinel.fr\/#\/schema\/person\/47f7357f8aa8a41a796811d3f8a3e055\",\"name\":\"Naj\",\"image\":{\"@type\":\"ImageObject\",\"inLanguage\":\"it-IT\",\"@id\":\"https:\/\/www.safinel.fr\/#\/schema\/person\/image\/\",\"url\":\"https:\/\/secure.gravatar.com\/avatar\/5c0fa4f0bce748d4964b7d68e4b0ee1d8e3120edba58a55893ced967bd2093b5?s=96&d=mm&r=g\",\"contentUrl\":\"https:\/\/secure.gravatar.com\/avatar\/5c0fa4f0bce748d4964b7d68e4b0ee1d8e3120edba58a55893ced967bd2093b5?s=96&d=mm&r=g\",\"caption\":\"Naj\"},\"url\":\"https:\/\/www.safinel.fr\/it\/author\/naj\/\"}]}<\/script>\n<!-- \/ Yoast SEO plugin. -->","yoast_head_json":{"title":"Scottature solari della pelle nera | Scottature della pelle nera | Guida pratica","description":"Contrariamente a quanto molti pensano, le persone con la pelle nera non sono immuni alle scottature solari.","robots":{"index":"index","follow":"follow","max-snippet":"max-snippet:-1","max-image-preview":"max-image-preview:large","max-video-preview":"max-video-preview:-1"},"canonical":"https:\/\/www.safinel.fr\/it\/scottature-solari-pelle-nera\/","og_locale":"it_IT","og_type":"article","og_title":"Coup de soleil peau noire | Br\u00fblure peau noire | Le guide pratique","og_description":"Contrairement \u00e0 ce que beaucoup pensent, les personnes \u00e0 la peau noire ne sont pas \u00e0 l'abri des coup de soleil peau noire.","og_url":"https:\/\/www.safinel.fr\/it\/scottature-solari-pelle-nera\/","og_site_name":"Safinel","article_published_time":"2023-08-26T18:42:17+00:00","article_modified_time":"2023-08-28T13:39:46+00:00","og_image":[{"width":1100,"height":578,"url":"https:\/\/www.safinel.fr\/wp-content\/uploads\/2023\/08\/Coup-de-soleil-peau-noire.jpg","type":"image\/jpeg"}],"author":"Naj","twitter_card":"summary_large_image","twitter_misc":{"Scritto da":"Naj","Tempo di lettura stimato":"4 minuti"},"schema":{"@context":"https:\/\/schema.org","@graph":[{"@type":"Article","@id":"https:\/\/www.safinel.fr\/coup-de-soleil-peau-noire\/#article","isPartOf":{"@id":"https:\/\/www.safinel.fr\/coup-de-soleil-peau-noire\/"},"author":{"name":"Naj","@id":"https:\/\/www.safinel.fr\/#\/schema\/person\/47f7357f8aa8a41a796811d3f8a3e055"},"headline":"Comment prot\u00e9ger la peau noire contre les coups de soleil","datePublished":"2023-08-26T18:42:17+00:00","dateModified":"2023-08-28T13:39:46+00:00","mainEntityOfPage":{"@id":"https:\/\/www.safinel.fr\/coup-de-soleil-peau-noire\/"},"wordCount":891,"publisher":{"@id":"https:\/\/www.safinel.fr\/#organization"},"image":{"@id":"https:\/\/www.safinel.fr\/coup-de-soleil-peau-noire\/#primaryimage"},"thumbnailUrl":"https:\/\/www.safinel.fr\/wp-content\/uploads\/2023\/08\/Coup-de-soleil-peau-noire.jpg","articleSection":["Divers"],"inLanguage":"it-IT"},{"@type":"WebPage","@id":"https:\/\/www.safinel.fr\/coup-de-soleil-peau-noire\/","url":"https:\/\/www.safinel.fr\/coup-de-soleil-peau-noire\/","name":"Scottature solari della pelle nera | Scottature della pelle nera | Guida pratica","isPartOf":{"@id":"https:\/\/www.safinel.fr\/#website"},"primaryImageOfPage":{"@id":"https:\/\/www.safinel.fr\/coup-de-soleil-peau-noire\/#primaryimage"},"image":{"@id":"https:\/\/www.safinel.fr\/coup-de-soleil-peau-noire\/#primaryimage"},"thumbnailUrl":"https:\/\/www.safinel.fr\/wp-content\/uploads\/2023\/08\/Coup-de-soleil-peau-noire.jpg","datePublished":"2023-08-26T18:42:17+00:00","dateModified":"2023-08-28T13:39:46+00:00","description":"Contrariamente a quanto molti pensano, le persone con la pelle nera non sono immuni alle scottature solari.","breadcrumb":{"@id":"https:\/\/www.safinel.fr\/coup-de-soleil-peau-noire\/#breadcrumb"},"inLanguage":"it-IT","potentialAction":[{"@type":"ReadAction","target":["https:\/\/www.safinel.fr\/coup-de-soleil-peau-noire\/"]}]},{"@type":"ImageObject","inLanguage":"it-IT","@id":"https:\/\/www.safinel.fr\/coup-de-soleil-peau-noire\/#primaryimage","url":"https:\/\/www.safinel.fr\/wp-content\/uploads\/2023\/08\/Coup-de-soleil-peau-noire.jpg","contentUrl":"https:\/\/www.safinel.fr\/wp-content\/uploads\/2023\/08\/Coup-de-soleil-peau-noire.jpg","width":1100,"height":578,"caption":"Coup de soleil peau noire"},{"@type":"BreadcrumbList","@id":"https:\/\/www.safinel.fr\/coup-de-soleil-peau-noire\/#breadcrumb","itemListElement":[{"@type":"ListItem","position":1,"name":"Accueil","item":"https:\/\/www.safinel.fr\/"},{"@type":"ListItem","position":2,"name":"Comment prot\u00e9ger la peau noire contre les coups de soleil"}]},{"@type":"WebSite","@id":"https:\/\/www.safinel.fr\/#website","url":"https:\/\/www.safinel.fr\/","name":"Safinel","description":"","publisher":{"@id":"https:\/\/www.safinel.fr\/#organization"},"potentialAction":[{"@type":"SearchAction","target":{"@type":"EntryPoint","urlTemplate":"https:\/\/www.safinel.fr\/?s={search_term_string}"},"query-input":{"@type":"PropertyValueSpecification","valueRequired":true,"valueName":"search_term_string"}}],"inLanguage":"it-IT"},{"@type":"Organization","@id":"https:\/\/www.safinel.fr\/#organization","name":"Safinel","url":"https:\/\/www.safinel.fr\/","logo":{"@type":"ImageObject","inLanguage":"it-IT","@id":"https:\/\/www.safinel.fr\/#\/schema\/logo\/image\/","url":"https:\/\/www.safinel.fr\/wp-content\/uploads\/2021\/05\/boutique-cosmetique.png","contentUrl":"https:\/\/www.safinel.fr\/wp-content\/uploads\/2021\/05\/boutique-cosmetique.png","width":800,"height":200,"caption":"Safinel"},"image":{"@id":"https:\/\/www.safinel.fr\/#\/schema\/logo\/image\/"}},{"@type":"Person","@id":"https:\/\/www.safinel.fr\/#\/schema\/person\/47f7357f8aa8a41a796811d3f8a3e055","name":"Naj","image":{"@type":"ImageObject","inLanguage":"it-IT","@id":"https:\/\/www.safinel.fr\/#\/schema\/person\/image\/","url":"https:\/\/secure.gravatar.com\/avatar\/5c0fa4f0bce748d4964b7d68e4b0ee1d8e3120edba58a55893ced967bd2093b5?s=96&d=mm&r=g","contentUrl":"https:\/\/secure.gravatar.com\/avatar\/5c0fa4f0bce748d4964b7d68e4b0ee1d8e3120edba58a55893ced967bd2093b5?s=96&d=mm&r=g","caption":"Naj"},"url":"https:\/\/www.safinel.fr\/it\/author\/naj\/"}]}},"_links":{"self":[{"href":"https:\/\/www.safinel.fr\/it\/wp-json\/wp\/v2\/posts\/8090","targetHints":{"allow":["GET"]}}],"collection":[{"href":"https:\/\/www.safinel.fr\/it\/wp-json\/wp\/v2\/posts"}],"about":[{"href":"https:\/\/www.safinel.fr\/it\/wp-json\/wp\/v2\/types\/post"}],"author":[{"embeddable":true,"href":"https:\/\/www.safinel.fr\/it\/wp-json\/wp\/v2\/users\/156"}],"replies":[{"embeddable":true,"href":"https:\/\/www.safinel.fr\/it\/wp-json\/wp\/v2\/comments?post=8090"}],"version-history":[{"count":2,"href":"https:\/\/www.safinel.fr\/it\/wp-json\/wp\/v2\/posts\/8090\/revisions"}],"predecessor-version":[{"id":8133,"href":"https:\/\/www.safinel.fr\/it\/wp-json\/wp\/v2\/posts\/8090\/revisions\/8133"}],"wp:featuredmedia":[{"embeddable":true,"href":"https:\/\/www.safinel.fr\/it\/wp-json\/wp\/v2\/media\/8091"}],"wp:attachment":[{"href":"https:\/\/www.safinel.fr\/it\/wp-json\/wp\/v2\/media?parent=8090"}],"wp:term":[{"taxonomy":"category","embeddable":true,"href":"https:\/\/www.safinel.fr\/it\/wp-json\/wp\/v2\/categories?post=8090"},{"taxonomy":"post_tag","embeddable":true,"href":"https:\/\/www.safinel.fr\/it\/wp-json\/wp\/v2\/tags?post=8090"}],"curies":[{"name":"wp","href":"https:\/\/api.w.org\/{rel}","templated":true}]}}