{"id":8048,"date":"2023-08-24T11:31:30","date_gmt":"2023-08-24T11:31:30","guid":{"rendered":"https:\/\/www.safinel.fr\/?p=8048"},"modified":"2023-08-24T11:31:32","modified_gmt":"2023-08-24T11:31:32","slug":"pelle-nera","status":"publish","type":"post","link":"https:\/\/www.safinel.fr\/it\/pelle-nera\/","title":{"rendered":"Come si prende cura della sua pelle nera ogni giorno?"},"content":{"rendered":"<p>Al di fuori del clima tropicale, la pelle nera \u00e8 soggetta a una serie di vulnerabilit\u00e0. Tra la rapida disidratazione, l'accumulo di cellule morte e la produzione di sebo, la pelle nera ha bisogno delle giuste cure per mantenere il suo fascino e la sua chiarezza. Ecco alcuni consigli per la manutenzione che vi aiuteranno a farlo.<\/p>\n\n\n\n<h2 class=\"wp-block-heading\" id=\"h-conna-tre-son-type-de-peau\"><strong>Conoscere il proprio tipo di pelle<\/strong><\/h2>\n\n\n\n<p>Il trucco morfologico varia da una persona all'altra. Di conseguenza, ognuno ha una propria struttura cutanea. \u00c8 quindi importante determinare il proprio tipo di pelle per poter applicare la cura giusta. A questo proposito, consultare un dermatologo \u00e8 la soluzione pi\u00f9 semplice e affidabile.<\/p>\n\n\n\n<p>Tuttavia, alcuni trucchi casalinghi possono aiutarvi a determinare se la vostra pelle nera \u00e8 normale, mista, grassa o secca. Dopo aver sciacquato il viso con acqua tiepida e averlo asciugato delicatamente, si pu\u00f2 attendere circa 1 ora per vedere come reagisce la pelle senza applicare lozioni o creme. Trascorsa l'ora, potete asciugarvi con un asciugamano di carta. Le tracce trovate sull'asciugamano possono determinare il vostro tipo di pelle.<\/p>\n\n\n\n<h2 class=\"wp-block-heading\" id=\"h-les-principaux-soins-la-peau-noire\"><strong>I principali prodotti per la cura della pelle nera<\/strong><\/h2>\n\n\n\n<p>In generale\u00a0<a href=\"https:\/\/nubiance.fr\/\" target=\"_blank\" rel=\"noreferrer noopener\"><strong>cura della pelle nera<\/strong><\/a>\u00a0si dividono in tre categorie principali:<\/p>\n\n\n\n<ul class=\"wp-block-list\">\n<li>idratazione ;<\/li>\n\n\n\n<li>regolazione della carnagione ;<\/li>\n\n\n\n<li>e la prevenzione delle macchie pigmentarie.<\/li>\n<\/ul>\n\n\n\n<h3 class=\"wp-block-heading\" id=\"h-le-choix-de-la-bonne-hydratation-pour-votre-peau-noire\"><strong>Scegliere la giusta idratazione<\/strong> per la tua pelle nera<\/h3>\n\n\n\n<p>Una bella pelle nera deve essere mantenuta con una crema idratante. I burri come quello di ricino o di karit\u00e9 non sono idratanti. Possono ungere il corpo, ma non hanno il contenuto di acqua necessario per idratare la pelle. \u00c8 possibile utilizzare lozioni o creme idratanti sia al mattino che alla sera. La pelle ha il tempo di rigenerarsi durante la notte grazie all'effetto delle creme idratanti.<\/p>\n\n\n\n<h3 class=\"wp-block-heading\" id=\"h-la-r-gulation-du-teint\"><strong>Regolazione della carnagione<\/strong><\/h3>\n\n\n\n<p>La pelle nera \u00e8 pi\u00f9 resistente ai cambiamenti climatici e stagionali perch\u00e9 l'organismo produce melanina, responsabile di conferire all'epidermide il suo colore nero naturale. Ma a volte la melanina pu\u00f2 sbagliare, colorando una parte della pelle pi\u00f9 di un'altra. Questo porta a differenze di colore tra le diverse parti del corpo.<\/p>\n\n\n\n<p>Questa irregolarit\u00e0 \u00e8 dovuta a fattori esterni che \u00e8 meglio prevenire. \u00c8 possibile prevenire le irregolarit\u00e0 della pelle evitando i prodotti alcolici prima dell'esposizione al sole.<\/p>\n\n\n\n<p>\u00c8 inoltre possibile applicare prodotti detergenti e idratanti delicati per mantenere la qualit\u00e0 della pelle. Le irregolarit\u00e0 del corpo possono anche essere dovute a fattori come i cambiamenti ormonali durante la gravidanza. In questo caso non c'\u00e8 prevenzione, ma piuttosto l'uso di creme disidratanti e prodotti anti-macchie per uniformare l'incarnato.<\/p>\n\n\n\n<h3 class=\"wp-block-heading\" id=\"h-la-pr-vention-des-taches-pigmentaires\"><strong>Prevenzione delle macchie pigmentarie<\/strong><\/h3>\n\n\n\n<p>La comparsa di macchie <strong><a href=\"https:\/\/www.safinel.fr\/it\/iperpigmentazione-della-pelle-scura\/\">pigmentario<\/a><\/strong> \u00e8 dovuta praticamente agli stessi fattori delle irregolarit\u00e0 della pelle. Ma le macchie di pigmentazione possono comparire anche a causa di brufoli acneici rotti e di punture di insetti. In questi casi, \u00e8 importante non rompere i brufoli e non grattarsi durante le punture d'insetto. Per far scomparire le macchie, si pu\u00f2 anche ricorrere a un'esfoliazione delicata e al trucco.<\/p>","protected":false},"excerpt":{"rendered":"<p>Al di fuori del clima tropicale, la pelle nera \u00e8 soggetta a una serie di vulnerabilit\u00e0. Tra la rapida disidratazione, l'accumulo di cellule morte e la produzione di sebo, la pelle nera ha bisogno delle giuste cure per mantenere il suo fascino e la sua chiarezza. Ecco alcuni consigli per la manutenzione che vi aiuteranno a farlo. Conoscere il proprio tipo di pelle Le costituzioni morfologiche [...]","protected":false},"author":156,"featured_media":8049,"comment_status":"closed","ping_status":"closed","sticky":false,"template":"","format":"standard","meta":{"footnotes":""},"categories":[1],"tags":[],"class_list":["post-8048","post","type-post","status-publish","format-standard","has-post-thumbnail","hentry","category-divers"],"yoast_head":"<!-- This site is optimized with the Yoast SEO plugin v26.6 - https:\/\/yoast.com\/wordpress\/plugins\/seo\/ -->\n<title>Peau noire | Le guide pratique pour en prendre soin au quotidien<\/title>\n<meta name=\"description\" content=\"La peau noire a besoin d\u2019un soin convenu pour maintenir son charme et sa clart\u00e9. Pour ce faire, voici quelques astuces d\u2019entretien.\" \/>\n<meta name=\"robots\" content=\"index, follow, max-snippet:-1, max-image-preview:large, max-video-preview:-1\" \/>\n<link rel=\"canonical\" href=\"https:\/\/www.safinel.fr\/it\/pelle-nera\/\" \/>\n<meta property=\"og:locale\" content=\"it_IT\" \/>\n<meta property=\"og:type\" content=\"article\" \/>\n<meta property=\"og:title\" content=\"Peau noire | Le guide pratique pour en prendre soin au quotidien\" \/>\n<meta property=\"og:description\" content=\"La peau noire a besoin d\u2019un soin convenu pour maintenir son charme et sa clart\u00e9. Pour ce faire, voici quelques astuces d\u2019entretien.\" \/>\n<meta property=\"og:url\" content=\"https:\/\/www.safinel.fr\/it\/pelle-nera\/\" \/>\n<meta property=\"og:site_name\" content=\"Safinel\" \/>\n<meta property=\"article:published_time\" content=\"2023-08-24T11:31:30+00:00\" \/>\n<meta property=\"article:modified_time\" content=\"2023-08-24T11:31:32+00:00\" \/>\n<meta property=\"og:image\" content=\"https:\/\/www.safinel.fr\/wp-content\/uploads\/2023\/08\/Comment-prendre-soin-de-sa-peau-noire.jpg\" \/>\n\t<meta property=\"og:image:width\" content=\"1100\" \/>\n\t<meta property=\"og:image:height\" content=\"578\" \/>\n\t<meta property=\"og:image:type\" content=\"image\/jpeg\" \/>\n<meta name=\"author\" content=\"Naj\" \/>\n<meta name=\"twitter:card\" content=\"summary_large_image\" \/>\n<meta name=\"twitter:label1\" content=\"Scritto da\" \/>\n\t<meta name=\"twitter:data1\" content=\"Naj\" \/>\n\t<meta name=\"twitter:label2\" content=\"Tempo di lettura stimato\" \/>\n\t<meta name=\"twitter:data2\" content=\"3 minuti\" \/>\n<script type=\"application\/ld+json\" class=\"yoast-schema-graph\">{\"@context\":\"https:\/\/schema.org\",\"@graph\":[{\"@type\":\"Article\",\"@id\":\"https:\/\/www.safinel.fr\/peau-noire\/#article\",\"isPartOf\":{\"@id\":\"https:\/\/www.safinel.fr\/peau-noire\/\"},\"author\":{\"name\":\"Naj\",\"@id\":\"https:\/\/www.safinel.fr\/#\/schema\/person\/47f7357f8aa8a41a796811d3f8a3e055\"},\"headline\":\"Comment prendre soin de sa peau noire au quotidien\u2009?\",\"datePublished\":\"2023-08-24T11:31:30+00:00\",\"dateModified\":\"2023-08-24T11:31:32+00:00\",\"mainEntityOfPage\":{\"@id\":\"https:\/\/www.safinel.fr\/peau-noire\/\"},\"wordCount\":637,\"publisher\":{\"@id\":\"https:\/\/www.safinel.fr\/#organization\"},\"image\":{\"@id\":\"https:\/\/www.safinel.fr\/peau-noire\/#primaryimage\"},\"thumbnailUrl\":\"https:\/\/www.safinel.fr\/wp-content\/uploads\/2023\/08\/Comment-prendre-soin-de-sa-peau-noire.jpg\",\"articleSection\":[\"Divers\"],\"inLanguage\":\"it-IT\"},{\"@type\":\"WebPage\",\"@id\":\"https:\/\/www.safinel.fr\/peau-noire\/\",\"url\":\"https:\/\/www.safinel.fr\/peau-noire\/\",\"name\":\"Peau noire | Le guide pratique pour en prendre soin au quotidien\",\"isPartOf\":{\"@id\":\"https:\/\/www.safinel.fr\/#website\"},\"primaryImageOfPage\":{\"@id\":\"https:\/\/www.safinel.fr\/peau-noire\/#primaryimage\"},\"image\":{\"@id\":\"https:\/\/www.safinel.fr\/peau-noire\/#primaryimage\"},\"thumbnailUrl\":\"https:\/\/www.safinel.fr\/wp-content\/uploads\/2023\/08\/Comment-prendre-soin-de-sa-peau-noire.jpg\",\"datePublished\":\"2023-08-24T11:31:30+00:00\",\"dateModified\":\"2023-08-24T11:31:32+00:00\",\"description\":\"La peau noire a besoin d\u2019un soin convenu pour maintenir son charme et sa clart\u00e9. Pour ce faire, voici quelques astuces d\u2019entretien.\",\"breadcrumb\":{\"@id\":\"https:\/\/www.safinel.fr\/peau-noire\/#breadcrumb\"},\"inLanguage\":\"it-IT\",\"potentialAction\":[{\"@type\":\"ReadAction\",\"target\":[\"https:\/\/www.safinel.fr\/peau-noire\/\"]}]},{\"@type\":\"ImageObject\",\"inLanguage\":\"it-IT\",\"@id\":\"https:\/\/www.safinel.fr\/peau-noire\/#primaryimage\",\"url\":\"https:\/\/www.safinel.fr\/wp-content\/uploads\/2023\/08\/Comment-prendre-soin-de-sa-peau-noire.jpg\",\"contentUrl\":\"https:\/\/www.safinel.fr\/wp-content\/uploads\/2023\/08\/Comment-prendre-soin-de-sa-peau-noire.jpg\",\"width\":1100,\"height\":578,\"caption\":\"Comment prendre soin de sa peau noire au quotidien\u2009?\"},{\"@type\":\"BreadcrumbList\",\"@id\":\"https:\/\/www.safinel.fr\/peau-noire\/#breadcrumb\",\"itemListElement\":[{\"@type\":\"ListItem\",\"position\":1,\"name\":\"Accueil\",\"item\":\"https:\/\/www.safinel.fr\/\"},{\"@type\":\"ListItem\",\"position\":2,\"name\":\"Comment prendre soin de sa peau noire au quotidien\u2009?\"}]},{\"@type\":\"WebSite\",\"@id\":\"https:\/\/www.safinel.fr\/#website\",\"url\":\"https:\/\/www.safinel.fr\/\",\"name\":\"Safinel\",\"description\":\"\",\"publisher\":{\"@id\":\"https:\/\/www.safinel.fr\/#organization\"},\"potentialAction\":[{\"@type\":\"SearchAction\",\"target\":{\"@type\":\"EntryPoint\",\"urlTemplate\":\"https:\/\/www.safinel.fr\/?s={search_term_string}\"},\"query-input\":{\"@type\":\"PropertyValueSpecification\",\"valueRequired\":true,\"valueName\":\"search_term_string\"}}],\"inLanguage\":\"it-IT\"},{\"@type\":\"Organization\",\"@id\":\"https:\/\/www.safinel.fr\/#organization\",\"name\":\"Safinel\",\"url\":\"https:\/\/www.safinel.fr\/\",\"logo\":{\"@type\":\"ImageObject\",\"inLanguage\":\"it-IT\",\"@id\":\"https:\/\/www.safinel.fr\/#\/schema\/logo\/image\/\",\"url\":\"https:\/\/www.safinel.fr\/wp-content\/uploads\/2021\/05\/boutique-cosmetique.png\",\"contentUrl\":\"https:\/\/www.safinel.fr\/wp-content\/uploads\/2021\/05\/boutique-cosmetique.png\",\"width\":800,\"height\":200,\"caption\":\"Safinel\"},\"image\":{\"@id\":\"https:\/\/www.safinel.fr\/#\/schema\/logo\/image\/\"}},{\"@type\":\"Person\",\"@id\":\"https:\/\/www.safinel.fr\/#\/schema\/person\/47f7357f8aa8a41a796811d3f8a3e055\",\"name\":\"Naj\",\"image\":{\"@type\":\"ImageObject\",\"inLanguage\":\"it-IT\",\"@id\":\"https:\/\/www.safinel.fr\/#\/schema\/person\/image\/\",\"url\":\"https:\/\/secure.gravatar.com\/avatar\/5c0fa4f0bce748d4964b7d68e4b0ee1d8e3120edba58a55893ced967bd2093b5?s=96&d=mm&r=g\",\"contentUrl\":\"https:\/\/secure.gravatar.com\/avatar\/5c0fa4f0bce748d4964b7d68e4b0ee1d8e3120edba58a55893ced967bd2093b5?s=96&d=mm&r=g\",\"caption\":\"Naj\"},\"url\":\"https:\/\/www.safinel.fr\/it\/author\/naj\/\"}]}<\/script>\n<!-- \/ Yoast SEO plugin. -->","yoast_head_json":{"title":"Pelle nera | Guida pratica alla cura quotidiana della pelle","description":"La pelle nera ha bisogno di cure speciali per mantenere il suo fascino e la sua chiarezza. Ecco alcuni consigli per la manutenzione che vi aiuteranno a farlo.","robots":{"index":"index","follow":"follow","max-snippet":"max-snippet:-1","max-image-preview":"max-image-preview:large","max-video-preview":"max-video-preview:-1"},"canonical":"https:\/\/www.safinel.fr\/it\/pelle-nera\/","og_locale":"it_IT","og_type":"article","og_title":"Peau noire | Le guide pratique pour en prendre soin au quotidien","og_description":"La peau noire a besoin d\u2019un soin convenu pour maintenir son charme et sa clart\u00e9. Pour ce faire, voici quelques astuces d\u2019entretien.","og_url":"https:\/\/www.safinel.fr\/it\/pelle-nera\/","og_site_name":"Safinel","article_published_time":"2023-08-24T11:31:30+00:00","article_modified_time":"2023-08-24T11:31:32+00:00","og_image":[{"width":1100,"height":578,"url":"https:\/\/www.safinel.fr\/wp-content\/uploads\/2023\/08\/Comment-prendre-soin-de-sa-peau-noire.jpg","type":"image\/jpeg"}],"author":"Naj","twitter_card":"summary_large_image","twitter_misc":{"Scritto da":"Naj","Tempo di lettura stimato":"3 minuti"},"schema":{"@context":"https:\/\/schema.org","@graph":[{"@type":"Article","@id":"https:\/\/www.safinel.fr\/peau-noire\/#article","isPartOf":{"@id":"https:\/\/www.safinel.fr\/peau-noire\/"},"author":{"name":"Naj","@id":"https:\/\/www.safinel.fr\/#\/schema\/person\/47f7357f8aa8a41a796811d3f8a3e055"},"headline":"Comment prendre soin de sa peau noire au quotidien\u2009?","datePublished":"2023-08-24T11:31:30+00:00","dateModified":"2023-08-24T11:31:32+00:00","mainEntityOfPage":{"@id":"https:\/\/www.safinel.fr\/peau-noire\/"},"wordCount":637,"publisher":{"@id":"https:\/\/www.safinel.fr\/#organization"},"image":{"@id":"https:\/\/www.safinel.fr\/peau-noire\/#primaryimage"},"thumbnailUrl":"https:\/\/www.safinel.fr\/wp-content\/uploads\/2023\/08\/Comment-prendre-soin-de-sa-peau-noire.jpg","articleSection":["Divers"],"inLanguage":"it-IT"},{"@type":"WebPage","@id":"https:\/\/www.safinel.fr\/peau-noire\/","url":"https:\/\/www.safinel.fr\/peau-noire\/","name":"Pelle nera | Guida pratica alla cura quotidiana della pelle","isPartOf":{"@id":"https:\/\/www.safinel.fr\/#website"},"primaryImageOfPage":{"@id":"https:\/\/www.safinel.fr\/peau-noire\/#primaryimage"},"image":{"@id":"https:\/\/www.safinel.fr\/peau-noire\/#primaryimage"},"thumbnailUrl":"https:\/\/www.safinel.fr\/wp-content\/uploads\/2023\/08\/Comment-prendre-soin-de-sa-peau-noire.jpg","datePublished":"2023-08-24T11:31:30+00:00","dateModified":"2023-08-24T11:31:32+00:00","description":"La pelle nera ha bisogno di cure speciali per mantenere il suo fascino e la sua chiarezza. Ecco alcuni consigli per la manutenzione che vi aiuteranno a farlo.","breadcrumb":{"@id":"https:\/\/www.safinel.fr\/peau-noire\/#breadcrumb"},"inLanguage":"it-IT","potentialAction":[{"@type":"ReadAction","target":["https:\/\/www.safinel.fr\/peau-noire\/"]}]},{"@type":"ImageObject","inLanguage":"it-IT","@id":"https:\/\/www.safinel.fr\/peau-noire\/#primaryimage","url":"https:\/\/www.safinel.fr\/wp-content\/uploads\/2023\/08\/Comment-prendre-soin-de-sa-peau-noire.jpg","contentUrl":"https:\/\/www.safinel.fr\/wp-content\/uploads\/2023\/08\/Comment-prendre-soin-de-sa-peau-noire.jpg","width":1100,"height":578,"caption":"Comment prendre soin de sa peau noire au quotidien\u2009?"},{"@type":"BreadcrumbList","@id":"https:\/\/www.safinel.fr\/peau-noire\/#breadcrumb","itemListElement":[{"@type":"ListItem","position":1,"name":"Accueil","item":"https:\/\/www.safinel.fr\/"},{"@type":"ListItem","position":2,"name":"Comment prendre soin de sa peau noire au quotidien\u2009?"}]},{"@type":"WebSite","@id":"https:\/\/www.safinel.fr\/#website","url":"https:\/\/www.safinel.fr\/","name":"Safinel","description":"","publisher":{"@id":"https:\/\/www.safinel.fr\/#organization"},"potentialAction":[{"@type":"SearchAction","target":{"@type":"EntryPoint","urlTemplate":"https:\/\/www.safinel.fr\/?s={search_term_string}"},"query-input":{"@type":"PropertyValueSpecification","valueRequired":true,"valueName":"search_term_string"}}],"inLanguage":"it-IT"},{"@type":"Organization","@id":"https:\/\/www.safinel.fr\/#organization","name":"Safinel","url":"https:\/\/www.safinel.fr\/","logo":{"@type":"ImageObject","inLanguage":"it-IT","@id":"https:\/\/www.safinel.fr\/#\/schema\/logo\/image\/","url":"https:\/\/www.safinel.fr\/wp-content\/uploads\/2021\/05\/boutique-cosmetique.png","contentUrl":"https:\/\/www.safinel.fr\/wp-content\/uploads\/2021\/05\/boutique-cosmetique.png","width":800,"height":200,"caption":"Safinel"},"image":{"@id":"https:\/\/www.safinel.fr\/#\/schema\/logo\/image\/"}},{"@type":"Person","@id":"https:\/\/www.safinel.fr\/#\/schema\/person\/47f7357f8aa8a41a796811d3f8a3e055","name":"Naj","image":{"@type":"ImageObject","inLanguage":"it-IT","@id":"https:\/\/www.safinel.fr\/#\/schema\/person\/image\/","url":"https:\/\/secure.gravatar.com\/avatar\/5c0fa4f0bce748d4964b7d68e4b0ee1d8e3120edba58a55893ced967bd2093b5?s=96&d=mm&r=g","contentUrl":"https:\/\/secure.gravatar.com\/avatar\/5c0fa4f0bce748d4964b7d68e4b0ee1d8e3120edba58a55893ced967bd2093b5?s=96&d=mm&r=g","caption":"Naj"},"url":"https:\/\/www.safinel.fr\/it\/author\/naj\/"}]}},"_links":{"self":[{"href":"https:\/\/www.safinel.fr\/it\/wp-json\/wp\/v2\/posts\/8048","targetHints":{"allow":["GET"]}}],"collection":[{"href":"https:\/\/www.safinel.fr\/it\/wp-json\/wp\/v2\/posts"}],"about":[{"href":"https:\/\/www.safinel.fr\/it\/wp-json\/wp\/v2\/types\/post"}],"author":[{"embeddable":true,"href":"https:\/\/www.safinel.fr\/it\/wp-json\/wp\/v2\/users\/156"}],"replies":[{"embeddable":true,"href":"https:\/\/www.safinel.fr\/it\/wp-json\/wp\/v2\/comments?post=8048"}],"version-history":[{"count":1,"href":"https:\/\/www.safinel.fr\/it\/wp-json\/wp\/v2\/posts\/8048\/revisions"}],"predecessor-version":[{"id":8050,"href":"https:\/\/www.safinel.fr\/it\/wp-json\/wp\/v2\/posts\/8048\/revisions\/8050"}],"wp:featuredmedia":[{"embeddable":true,"href":"https:\/\/www.safinel.fr\/it\/wp-json\/wp\/v2\/media\/8049"}],"wp:attachment":[{"href":"https:\/\/www.safinel.fr\/it\/wp-json\/wp\/v2\/media?parent=8048"}],"wp:term":[{"taxonomy":"category","embeddable":true,"href":"https:\/\/www.safinel.fr\/it\/wp-json\/wp\/v2\/categories?post=8048"},{"taxonomy":"post_tag","embeddable":true,"href":"https:\/\/www.safinel.fr\/it\/wp-json\/wp\/v2\/tags?post=8048"}],"curies":[{"name":"wp","href":"https:\/\/api.w.org\/{rel}","templated":true}]}}