{"id":7558,"date":"2023-08-02T14:20:18","date_gmt":"2023-08-02T14:20:18","guid":{"rendered":"https:\/\/www.safinel.fr\/?p=7558"},"modified":"2023-08-02T14:20:20","modified_gmt":"2023-08-02T14:20:20","slug":"caffe-africano","status":"publish","type":"post","link":"https:\/\/www.safinel.fr\/it\/caffe-africano\/","title":{"rendered":"Alla scoperta del caff\u00e8 africano: sapori e tradizioni"},"content":{"rendered":"<p>L'Africa \u00e8 la culla del caff\u00e8 e offre ancora oggi alcune delle migliori variet\u00e0 di questa amatissima bevanda. Visitare&nbsp;<strong>Caff\u00e8 africano<\/strong>&nbsp;si distingue per la ricchezza degli aromi e per i diversi metodi di preparazione. In questo articolo vi invitiamo a scoprire le caratteristiche che rendono questo caff\u00e8 un must per gli amanti del caff\u00e8.<\/p>\n\n\n\n<h2 class=\"wp-block-heading\" id=\"h-les-origines-du-caf-africain\"><strong>Le origini del caff\u00e8 africano<\/strong><\/h2>\n\n\n\n<p>L'albero del caff\u00e8 \u00e8 originario dell'Etiopia, dove cresce spontaneamente da migliaia di anni. Secondo la leggenda, fu un pastore etiope di nome Kaldi a scoprire gli effetti stimolanti dei chicchi di caff\u00e8 sulle sue capre. Le prime testimonianze scritte sull'uso del caff\u00e8 risalgono al X secolo. Da allora, la coltivazione del caff\u00e8 si \u00e8 diffusa in tutta l'Africa e ha spesso svolto un ruolo fondamentale nello sviluppo dell'economia del continente. <strong><a href=\"https:\/\/www.safinel.fr\/it\/continente-africano\/\">ruolo economico<\/a><\/strong> e sociali.<\/p>\n\n\n\n<h2 class=\"wp-block-heading\" id=\"h-la-diversit-des-caf-s-africains\"><strong>La diversit\u00e0 dei caff\u00e8 africani<\/strong><\/h2>\n\n\n\n<p>L'Africa offre un'ampia gamma di caff\u00e8, ognuno con le proprie caratteristiche. <\/p>\n\n\n\n<p><strong>Ecco alcuni esempi di regioni africane produttrici di caff\u00e8 e le loro caratteristiche specifiche:<\/strong><\/p>\n\n\n\n<ul class=\"wp-block-list\">\n<li><strong>Etiopia :<\/strong>&nbsp;Considerata la culla del caff\u00e8, l'Etiopia produce caff\u00e8 dagli aromi complessi e variegati. Tra i pi\u00f9 famosi c'\u00e8 lo Yirgacheffe, molto apprezzato per le sue note floreali e fruttate.<\/li>\n\n\n\n<li><strong>Kenya :<\/strong>&nbsp;I caff\u00e8 kenioti sono rinomati per la loro vivace acidit\u00e0 e i sapori fruttati. Sono spesso paragonati ai vini della Borgogna per la loro eccezionale qualit\u00e0.<\/li>\n\n\n\n<li><strong>Ruanda :<\/strong>&nbsp;Questo piccolo Paese dell'Africa orientale produce caff\u00e8 morbidi ed equilibrati, con aromi di frutti rossi e fiori.<\/li>\n\n\n\n<li><strong>Tanzania :<\/strong>&nbsp;La Tanzania \u00e8 conosciuta soprattutto per il caff\u00e8 Arabica coltivato alle pendici del Monte Kilimanjaro. Le particolari condizioni climatiche creano un caff\u00e8 dall'acidit\u00e0 pronunciata e dalle note fruttate.<\/li>\n<\/ul>\n\n\n\n<h2 class=\"wp-block-heading\" id=\"h-les-crit-res-de-qualit-des-caf-s-africains\"><strong>Criteri di qualit\u00e0 per i caff\u00e8 africani<\/strong><\/h2>\n\n\n\n<p>Per scegliere un buon caff\u00e8 africano, \u00e8 essenziale tenere conto di alcuni criteri che ne influenzano la qualit\u00e0 e il gusto:<\/p>\n\n\n\n<ul class=\"wp-block-list\">\n<li><strong>La variet\u00e0 di caff\u00e8 :<\/strong>\u00a0La maggior parte dei caff\u00e8 africani proviene dalla variet\u00e0 Arabica. Conosciuta per la sua finezza e complessit\u00e0 aromatica. Tuttavia, alcune regioni producono anche Robusta, un caff\u00e8 pi\u00f9 corposo e meno acido.<\/li>\n\n\n\n<li><strong>Terroir :<\/strong>&nbsp;Come per il vino, il terroir gioca un ruolo fondamentale nella qualit\u00e0 del caff\u00e8. I terreni ricchi di minerali, l'altitudine e il clima influenzano gli aromi e la complessit\u00e0 del caff\u00e8.<\/li>\n\n\n\n<li><strong>Raccolta e lavorazione :<\/strong>&nbsp;La raccolta manuale selettiva delle ciliegie di caff\u00e8 a maturazione ottimale e la lavorazione adeguata garantiscono un caff\u00e8 di alta qualit\u00e0.<\/li>\n<\/ul>\n\n\n\n<h2 class=\"wp-block-heading\" id=\"h-les-m-thodes-de-pr-paration-du-caf-africain\"><strong>Metodi di preparazione del caff\u00e8 africano<\/strong><\/h2>\n\n\n\n<p>Il caff\u00e8 africano pu\u00f2 essere preparato in diversi modi, a seconda delle tradizioni locali e delle preferenze di gusto. Ecco alcuni esempi di metodi di preparazione tipici:<\/p>\n\n\n\n<ul class=\"wp-block-list\">\n<li><strong>Caff\u00e8 etiope: la cerimonia tradizionale<\/strong><\/li>\n<\/ul>\n\n\n\n<p>In Etiopia, la preparazione del caff\u00e8 \u00e8 un importante rituale sociale e culturale. La cerimonia del caff\u00e8 inizia con la tostatura dei chicchi verdi su un braciere, quindi il caff\u00e8 macinato viene preparato in un recipiente di terracotta chiamato jebena. Il caff\u00e8 viene poi servito in piccole tazze, accompagnato da zucchero o sale.<\/p>\n\n\n\n<ul class=\"wp-block-list\">\n<li><strong>Caff\u00e8 senegalese: Caf\u00e9 Touba<\/strong><\/li>\n<\/ul>\n\n\n\n<p>Originario della citt\u00e0 santa di Touba, in Senegal, il Caf\u00e9 Touba \u00e8 una bevanda aromatizzata con grani di selim, una spezia locale dalle propriet\u00e0 medicinali. I chicchi di caff\u00e8 vengono tostati con la spezia e poi macinati insieme. Il caff\u00e8 viene poi filtrato attraverso un filtro di tela e addolcito a piacere.<\/p>\n\n\n\n<ul class=\"wp-block-list\">\n<li><strong>Caff\u00e8 congolese: Caf\u00e9 Kivu<\/strong><\/li>\n<\/ul>\n\n\n\n<p>Il Caf\u00e9 Kivu \u00e8 un caff\u00e8 delicato ed equilibrato coltivato nella regione del Lago Kivu, nella Repubblica Democratica del Congo. Viene generalmente preparato con il metodo \u00abamericano\u00bb, cio\u00e8 filtrato attraverso un filtro di carta, per rivelare i suoi aromi delicati.<\/p>\n\n\n\n<h3 class=\"wp-block-heading\" id=\"h-la-place-du-caf-africain-sur-le-march-mondial\">Il posto del caff\u00e8 africano sul mercato mondiale<\/h3>\n\n\n\n<p>Nonostante l'eccezionale qualit\u00e0 dei caff\u00e8 africani, essi rappresentano solo una piccola parte del mercato mondiale del caff\u00e8. La produzione africana deve spesso affrontare sfide come le malattie delle piante, i cambiamenti climatici e le difficolt\u00e0 di accesso ai mercati internazionali. <\/p>\n\n\n\n<p>Tuttavia, esistono molte iniziative volte a promuovere i caff\u00e8 africani e a sostenere i produttori locali. Tra queste, l'introduzione di marchi di qualit\u00e0 e lo sviluppo di canali di commercio equo e solidale.<\/p>\n\n\n\n<p>Di conseguenza, il\u00a0<strong>Caff\u00e8 africano<\/strong>\u00a0offre un'incomparabile ricchezza di sapori e diversit\u00e0. I diversi metodi di preparazione e la cultura ancestrale ne fanno una bevanda unica che merita di essere scoperta da tutti gli amanti del caff\u00e8. <\/p>\n\n\n\n<p>Non esitate quindi a lasciarvi tentare da un viaggio nel gusto attraverso l'Africa e i suoi terroir!<\/p>","protected":false},"excerpt":{"rendered":"<p>L'Africa \u00e8 la culla del caff\u00e8 e offre ancora oggi alcune delle migliori variet\u00e0 di questa bevanda molto amata. Il caff\u00e8 africano si distingue per la ricchezza degli aromi e per i diversi metodi di preparazione. In questo articolo vi invitiamo a scoprire le caratteristiche che rendono questo caff\u00e8 un must per gli amanti del caff\u00e8. Il [...]","protected":false},"author":1,"featured_media":7560,"comment_status":"closed","ping_status":"closed","sticky":false,"template":"","format":"standard","meta":{"footnotes":""},"categories":[1],"tags":[],"class_list":["post-7558","post","type-post","status-publish","format-standard","has-post-thumbnail","hentry","category-divers"],"yoast_head":"<!-- This site is optimized with the Yoast SEO plugin v26.6 - https:\/\/yoast.com\/wordpress\/plugins\/seo\/ -->\n<title>Caf\u00e9 africain | Saveurs et traditions | Zoom sur son histoire<\/title>\n<meta name=\"description\" content=\"Le\u00a0caf\u00e9 africain\u00a0se distingue par sa richesse en ar\u00f4mes et ses diff\u00e9rentes m\u00e9thodes de pr\u00e9paration. Tour d&#039;horizon dans cet article !\" \/>\n<meta name=\"robots\" content=\"index, follow, max-snippet:-1, max-image-preview:large, max-video-preview:-1\" \/>\n<link rel=\"canonical\" href=\"https:\/\/www.safinel.fr\/it\/caffe-africano\/\" \/>\n<meta property=\"og:locale\" content=\"it_IT\" \/>\n<meta property=\"og:type\" content=\"article\" \/>\n<meta property=\"og:title\" content=\"Caf\u00e9 africain | Saveurs et traditions | Zoom sur son histoire\" \/>\n<meta property=\"og:description\" content=\"Le\u00a0caf\u00e9 africain\u00a0se distingue par sa richesse en ar\u00f4mes et ses diff\u00e9rentes m\u00e9thodes de pr\u00e9paration. Tour d&#039;horizon dans cet article !\" \/>\n<meta property=\"og:url\" content=\"https:\/\/www.safinel.fr\/it\/caffe-africano\/\" \/>\n<meta property=\"og:site_name\" content=\"Safinel\" \/>\n<meta property=\"article:published_time\" content=\"2023-08-02T14:20:18+00:00\" \/>\n<meta property=\"article:modified_time\" content=\"2023-08-02T14:20:20+00:00\" \/>\n<meta property=\"og:image\" content=\"https:\/\/www.safinel.fr\/wp-content\/uploads\/2023\/08\/A-la-decouverte-du-cafe-africain.jpg\" \/>\n\t<meta property=\"og:image:width\" content=\"1100\" \/>\n\t<meta property=\"og:image:height\" content=\"578\" \/>\n\t<meta property=\"og:image:type\" content=\"image\/jpeg\" \/>\n<meta name=\"author\" content=\"Boutique Safinel\" \/>\n<meta name=\"twitter:card\" content=\"summary_large_image\" \/>\n<meta name=\"twitter:label1\" content=\"Scritto da\" \/>\n\t<meta name=\"twitter:data1\" content=\"Boutique Safinel\" \/>\n\t<meta name=\"twitter:label2\" content=\"Tempo di lettura stimato\" \/>\n\t<meta name=\"twitter:data2\" content=\"4 minuti\" \/>\n<script type=\"application\/ld+json\" class=\"yoast-schema-graph\">{\"@context\":\"https:\/\/schema.org\",\"@graph\":[{\"@type\":\"Article\",\"@id\":\"https:\/\/www.safinel.fr\/cafe-africain\/#article\",\"isPartOf\":{\"@id\":\"https:\/\/www.safinel.fr\/cafe-africain\/\"},\"author\":{\"name\":\"Boutique Safinel\",\"@id\":\"https:\/\/www.safinel.fr\/#\/schema\/person\/721a83294300152db59954bbb2f0fcc5\"},\"headline\":\"\u00c0 la d\u00e9couverte du caf\u00e9 africain : saveurs et traditions\",\"datePublished\":\"2023-08-02T14:20:18+00:00\",\"dateModified\":\"2023-08-02T14:20:20+00:00\",\"mainEntityOfPage\":{\"@id\":\"https:\/\/www.safinel.fr\/cafe-africain\/\"},\"wordCount\":885,\"publisher\":{\"@id\":\"https:\/\/www.safinel.fr\/#organization\"},\"image\":{\"@id\":\"https:\/\/www.safinel.fr\/cafe-africain\/#primaryimage\"},\"thumbnailUrl\":\"https:\/\/www.safinel.fr\/wp-content\/uploads\/2023\/08\/A-la-decouverte-du-cafe-africain.jpg\",\"articleSection\":[\"Divers\"],\"inLanguage\":\"it-IT\"},{\"@type\":\"WebPage\",\"@id\":\"https:\/\/www.safinel.fr\/cafe-africain\/\",\"url\":\"https:\/\/www.safinel.fr\/cafe-africain\/\",\"name\":\"Caf\u00e9 africain | Saveurs et traditions | Zoom sur son histoire\",\"isPartOf\":{\"@id\":\"https:\/\/www.safinel.fr\/#website\"},\"primaryImageOfPage\":{\"@id\":\"https:\/\/www.safinel.fr\/cafe-africain\/#primaryimage\"},\"image\":{\"@id\":\"https:\/\/www.safinel.fr\/cafe-africain\/#primaryimage\"},\"thumbnailUrl\":\"https:\/\/www.safinel.fr\/wp-content\/uploads\/2023\/08\/A-la-decouverte-du-cafe-africain.jpg\",\"datePublished\":\"2023-08-02T14:20:18+00:00\",\"dateModified\":\"2023-08-02T14:20:20+00:00\",\"description\":\"Le\u00a0caf\u00e9 africain\u00a0se distingue par sa richesse en ar\u00f4mes et ses diff\u00e9rentes m\u00e9thodes de pr\u00e9paration. Tour d'horizon dans cet article !\",\"breadcrumb\":{\"@id\":\"https:\/\/www.safinel.fr\/cafe-africain\/#breadcrumb\"},\"inLanguage\":\"it-IT\",\"potentialAction\":[{\"@type\":\"ReadAction\",\"target\":[\"https:\/\/www.safinel.fr\/cafe-africain\/\"]}]},{\"@type\":\"ImageObject\",\"inLanguage\":\"it-IT\",\"@id\":\"https:\/\/www.safinel.fr\/cafe-africain\/#primaryimage\",\"url\":\"https:\/\/www.safinel.fr\/wp-content\/uploads\/2023\/08\/A-la-decouverte-du-cafe-africain.jpg\",\"contentUrl\":\"https:\/\/www.safinel.fr\/wp-content\/uploads\/2023\/08\/A-la-decouverte-du-cafe-africain.jpg\",\"width\":1100,\"height\":578,\"caption\":\"caf\u00e9 africain\"},{\"@type\":\"BreadcrumbList\",\"@id\":\"https:\/\/www.safinel.fr\/cafe-africain\/#breadcrumb\",\"itemListElement\":[{\"@type\":\"ListItem\",\"position\":1,\"name\":\"Accueil\",\"item\":\"https:\/\/www.safinel.fr\/\"},{\"@type\":\"ListItem\",\"position\":2,\"name\":\"\u00c0 la d\u00e9couverte du caf\u00e9 africain : saveurs et traditions\"}]},{\"@type\":\"WebSite\",\"@id\":\"https:\/\/www.safinel.fr\/#website\",\"url\":\"https:\/\/www.safinel.fr\/\",\"name\":\"Safinel\",\"description\":\"\",\"publisher\":{\"@id\":\"https:\/\/www.safinel.fr\/#organization\"},\"potentialAction\":[{\"@type\":\"SearchAction\",\"target\":{\"@type\":\"EntryPoint\",\"urlTemplate\":\"https:\/\/www.safinel.fr\/?s={search_term_string}\"},\"query-input\":{\"@type\":\"PropertyValueSpecification\",\"valueRequired\":true,\"valueName\":\"search_term_string\"}}],\"inLanguage\":\"it-IT\"},{\"@type\":\"Organization\",\"@id\":\"https:\/\/www.safinel.fr\/#organization\",\"name\":\"Safinel\",\"url\":\"https:\/\/www.safinel.fr\/\",\"logo\":{\"@type\":\"ImageObject\",\"inLanguage\":\"it-IT\",\"@id\":\"https:\/\/www.safinel.fr\/#\/schema\/logo\/image\/\",\"url\":\"https:\/\/www.safinel.fr\/wp-content\/uploads\/2021\/05\/boutique-cosmetique.png\",\"contentUrl\":\"https:\/\/www.safinel.fr\/wp-content\/uploads\/2021\/05\/boutique-cosmetique.png\",\"width\":800,\"height\":200,\"caption\":\"Safinel\"},\"image\":{\"@id\":\"https:\/\/www.safinel.fr\/#\/schema\/logo\/image\/\"}},{\"@type\":\"Person\",\"@id\":\"https:\/\/www.safinel.fr\/#\/schema\/person\/721a83294300152db59954bbb2f0fcc5\",\"name\":\"Boutique Safinel\",\"image\":{\"@type\":\"ImageObject\",\"inLanguage\":\"it-IT\",\"@id\":\"https:\/\/www.safinel.fr\/#\/schema\/person\/image\/\",\"url\":\"https:\/\/secure.gravatar.com\/avatar\/f68981bb0c0938d0f69d6a4651de60c9260d8f0f22d18b1520c25e25d86b5057?s=96&d=mm&r=g\",\"contentUrl\":\"https:\/\/secure.gravatar.com\/avatar\/f68981bb0c0938d0f69d6a4651de60c9260d8f0f22d18b1520c25e25d86b5057?s=96&d=mm&r=g\",\"caption\":\"Boutique Safinel\"},\"sameAs\":[\"https:\/\/www.safinel.fr\"],\"url\":\"https:\/\/www.safinel.fr\/it\/author\/boutique-safinel\/\"}]}<\/script>\n<!-- \/ Yoast SEO plugin. -->","yoast_head_json":{"title":"Caff\u00e8 africano | Sapori e tradizioni | Uno sguardo alla sua storia","description":"Il caff\u00e8 africano si distingue per la ricchezza degli aromi e per i diversi metodi di preparazione. Scoprite di pi\u00f9 in questo articolo!","robots":{"index":"index","follow":"follow","max-snippet":"max-snippet:-1","max-image-preview":"max-image-preview:large","max-video-preview":"max-video-preview:-1"},"canonical":"https:\/\/www.safinel.fr\/it\/caffe-africano\/","og_locale":"it_IT","og_type":"article","og_title":"Caf\u00e9 africain | Saveurs et traditions | Zoom sur son histoire","og_description":"Le\u00a0caf\u00e9 africain\u00a0se distingue par sa richesse en ar\u00f4mes et ses diff\u00e9rentes m\u00e9thodes de pr\u00e9paration. Tour d'horizon dans cet article !","og_url":"https:\/\/www.safinel.fr\/it\/caffe-africano\/","og_site_name":"Safinel","article_published_time":"2023-08-02T14:20:18+00:00","article_modified_time":"2023-08-02T14:20:20+00:00","og_image":[{"width":1100,"height":578,"url":"https:\/\/www.safinel.fr\/wp-content\/uploads\/2023\/08\/A-la-decouverte-du-cafe-africain.jpg","type":"image\/jpeg"}],"author":"Boutique Safinel","twitter_card":"summary_large_image","twitter_misc":{"Scritto da":"Boutique Safinel","Tempo di lettura stimato":"4 minuti"},"schema":{"@context":"https:\/\/schema.org","@graph":[{"@type":"Article","@id":"https:\/\/www.safinel.fr\/cafe-africain\/#article","isPartOf":{"@id":"https:\/\/www.safinel.fr\/cafe-africain\/"},"author":{"name":"Boutique Safinel","@id":"https:\/\/www.safinel.fr\/#\/schema\/person\/721a83294300152db59954bbb2f0fcc5"},"headline":"\u00c0 la d\u00e9couverte du caf\u00e9 africain : saveurs et traditions","datePublished":"2023-08-02T14:20:18+00:00","dateModified":"2023-08-02T14:20:20+00:00","mainEntityOfPage":{"@id":"https:\/\/www.safinel.fr\/cafe-africain\/"},"wordCount":885,"publisher":{"@id":"https:\/\/www.safinel.fr\/#organization"},"image":{"@id":"https:\/\/www.safinel.fr\/cafe-africain\/#primaryimage"},"thumbnailUrl":"https:\/\/www.safinel.fr\/wp-content\/uploads\/2023\/08\/A-la-decouverte-du-cafe-africain.jpg","articleSection":["Divers"],"inLanguage":"it-IT"},{"@type":"WebPage","@id":"https:\/\/www.safinel.fr\/cafe-africain\/","url":"https:\/\/www.safinel.fr\/cafe-africain\/","name":"Caff\u00e8 africano | Sapori e tradizioni | Uno sguardo alla sua storia","isPartOf":{"@id":"https:\/\/www.safinel.fr\/#website"},"primaryImageOfPage":{"@id":"https:\/\/www.safinel.fr\/cafe-africain\/#primaryimage"},"image":{"@id":"https:\/\/www.safinel.fr\/cafe-africain\/#primaryimage"},"thumbnailUrl":"https:\/\/www.safinel.fr\/wp-content\/uploads\/2023\/08\/A-la-decouverte-du-cafe-africain.jpg","datePublished":"2023-08-02T14:20:18+00:00","dateModified":"2023-08-02T14:20:20+00:00","description":"Il caff\u00e8 africano si distingue per la ricchezza degli aromi e per i diversi metodi di preparazione. Scoprite di pi\u00f9 in questo articolo!","breadcrumb":{"@id":"https:\/\/www.safinel.fr\/cafe-africain\/#breadcrumb"},"inLanguage":"it-IT","potentialAction":[{"@type":"ReadAction","target":["https:\/\/www.safinel.fr\/cafe-africain\/"]}]},{"@type":"ImageObject","inLanguage":"it-IT","@id":"https:\/\/www.safinel.fr\/cafe-africain\/#primaryimage","url":"https:\/\/www.safinel.fr\/wp-content\/uploads\/2023\/08\/A-la-decouverte-du-cafe-africain.jpg","contentUrl":"https:\/\/www.safinel.fr\/wp-content\/uploads\/2023\/08\/A-la-decouverte-du-cafe-africain.jpg","width":1100,"height":578,"caption":"caf\u00e9 africain"},{"@type":"BreadcrumbList","@id":"https:\/\/www.safinel.fr\/cafe-africain\/#breadcrumb","itemListElement":[{"@type":"ListItem","position":1,"name":"Accueil","item":"https:\/\/www.safinel.fr\/"},{"@type":"ListItem","position":2,"name":"\u00c0 la d\u00e9couverte du caf\u00e9 africain : saveurs et traditions"}]},{"@type":"WebSite","@id":"https:\/\/www.safinel.fr\/#website","url":"https:\/\/www.safinel.fr\/","name":"Safinel","description":"","publisher":{"@id":"https:\/\/www.safinel.fr\/#organization"},"potentialAction":[{"@type":"SearchAction","target":{"@type":"EntryPoint","urlTemplate":"https:\/\/www.safinel.fr\/?s={search_term_string}"},"query-input":{"@type":"PropertyValueSpecification","valueRequired":true,"valueName":"search_term_string"}}],"inLanguage":"it-IT"},{"@type":"Organization","@id":"https:\/\/www.safinel.fr\/#organization","name":"Safinel","url":"https:\/\/www.safinel.fr\/","logo":{"@type":"ImageObject","inLanguage":"it-IT","@id":"https:\/\/www.safinel.fr\/#\/schema\/logo\/image\/","url":"https:\/\/www.safinel.fr\/wp-content\/uploads\/2021\/05\/boutique-cosmetique.png","contentUrl":"https:\/\/www.safinel.fr\/wp-content\/uploads\/2021\/05\/boutique-cosmetique.png","width":800,"height":200,"caption":"Safinel"},"image":{"@id":"https:\/\/www.safinel.fr\/#\/schema\/logo\/image\/"}},{"@type":"Person","@id":"https:\/\/www.safinel.fr\/#\/schema\/person\/721a83294300152db59954bbb2f0fcc5","name":"Negozio Safinel","image":{"@type":"ImageObject","inLanguage":"it-IT","@id":"https:\/\/www.safinel.fr\/#\/schema\/person\/image\/","url":"https:\/\/secure.gravatar.com\/avatar\/f68981bb0c0938d0f69d6a4651de60c9260d8f0f22d18b1520c25e25d86b5057?s=96&d=mm&r=g","contentUrl":"https:\/\/secure.gravatar.com\/avatar\/f68981bb0c0938d0f69d6a4651de60c9260d8f0f22d18b1520c25e25d86b5057?s=96&d=mm&r=g","caption":"Boutique Safinel"},"sameAs":["https:\/\/www.safinel.fr"],"url":"https:\/\/www.safinel.fr\/it\/author\/boutique-safinel\/"}]}},"_links":{"self":[{"href":"https:\/\/www.safinel.fr\/it\/wp-json\/wp\/v2\/posts\/7558","targetHints":{"allow":["GET"]}}],"collection":[{"href":"https:\/\/www.safinel.fr\/it\/wp-json\/wp\/v2\/posts"}],"about":[{"href":"https:\/\/www.safinel.fr\/it\/wp-json\/wp\/v2\/types\/post"}],"author":[{"embeddable":true,"href":"https:\/\/www.safinel.fr\/it\/wp-json\/wp\/v2\/users\/1"}],"replies":[{"embeddable":true,"href":"https:\/\/www.safinel.fr\/it\/wp-json\/wp\/v2\/comments?post=7558"}],"version-history":[{"count":1,"href":"https:\/\/www.safinel.fr\/it\/wp-json\/wp\/v2\/posts\/7558\/revisions"}],"predecessor-version":[{"id":7561,"href":"https:\/\/www.safinel.fr\/it\/wp-json\/wp\/v2\/posts\/7558\/revisions\/7561"}],"wp:featuredmedia":[{"embeddable":true,"href":"https:\/\/www.safinel.fr\/it\/wp-json\/wp\/v2\/media\/7560"}],"wp:attachment":[{"href":"https:\/\/www.safinel.fr\/it\/wp-json\/wp\/v2\/media?parent=7558"}],"wp:term":[{"taxonomy":"category","embeddable":true,"href":"https:\/\/www.safinel.fr\/it\/wp-json\/wp\/v2\/categories?post=7558"},{"taxonomy":"post_tag","embeddable":true,"href":"https:\/\/www.safinel.fr\/it\/wp-json\/wp\/v2\/tags?post=7558"}],"curies":[{"name":"wp","href":"https:\/\/api.w.org\/{rel}","templated":true}]}}