{"id":6011,"date":"2023-05-15T18:57:47","date_gmt":"2023-05-15T18:57:47","guid":{"rendered":"https:\/\/www.safinel.fr\/?p=6011"},"modified":"2023-05-15T18:57:53","modified_gmt":"2023-05-15T18:57:53","slug":"vitamina-c-pelle-nera","status":"publish","type":"post","link":"https:\/\/www.safinel.fr\/it\/vitamina-c-pelle-nera\/","title":{"rendered":"Vitamina C per la pelle nera: un prezioso alleato per una pelle luminosa"},"content":{"rendered":"<p>La vitamina C sta diventando sempre pi\u00f9 popolare nei trattamenti per il viso. Non da ultimo per le sue propriet\u00e0 antiossidanti e schiarenti della pelle. \u00c8 particolarmente utile per le pelli nere e miste. Queste possono essere soggette a problemi specifici come l'iperpigmentazione e la disidratazione. In questo articolo esploreremo i benefici della vitamina C per la pelle nera. Come incorporarla nella vostra routine di cura della pelle.<\/p>\n\n\n\n<h2 class=\"wp-block-heading\" id=\"h-bienfaits-de-la-vitamine-c-pour-la-peau-noire\"><strong>I benefici della vitamina C per la pelle nera<\/strong><\/h2>\n\n\n\n<p>La vitamina C ha numerosi benefici per la salute della pelle, tra cui:<\/p>\n\n\n\n<ul class=\"wp-block-list\">\n<li><strong>Effetto antiossidante<\/strong> La vitamina C protegge la pelle dai radicali liberi dannosi generati dall'esposizione al sole, dall'inquinamento e dallo stress ossidativo. Aiuta a prevenire l'invecchiamento precoce della pelle.<\/li>\n\n\n\n<li><strong>Azione di alleggerimento<\/strong> Aiuta a ridurre le macchie brune e le irregolarit\u00e0 della pigmentazione inibendo la produzione di melanina. Ci\u00f2 pu\u00f2 contribuire a migliorare la radiosit\u00e0 e la luminosit\u00e0 dell'incarnato.<\/li>\n\n\n\n<li><strong>Stimolazione della produzione di collagene<\/strong> Vitamina C: la vitamina C favorisce la sintesi di collagene nella pelle. Ne rafforza la struttura e ne migliora l'elasticit\u00e0.<\/li>\n\n\n\n<li><strong>Idratazione<\/strong> Inoltre, contribuisce a mantenere la pelle idratata limitando la perdita di acqua insensibile. Questo pu\u00f2 aiutare a prevenire la secchezza cutanea.<\/li>\n<\/ul>\n\n\n\n<h2 class=\"wp-block-heading\" id=\"h-comment-choisir-un-produit-base-de-vitamine-c-pour-la-peau-noire\"><strong>Come scegliere un prodotto a base di vitamina C per la pelle nera?<\/strong><\/h2>\n\n\n\n<p>Per sfruttare appieno i benefici della vitamina C per la pelle nera. \u00c8 fondamentale scegliere un prodotto adatto al proprio tipo di pelle e alle proprie esigenze specifiche. <\/p>\n\n\n\n<p><strong>Ecco alcuni consigli per iniziare:<\/strong><\/p>\n\n\n\n<h3 class=\"wp-block-heading\" id=\"h-opter-pour-une-concentration-adapt-e\"><strong>Scegliere la giusta concentrazione<\/strong><\/h3>\n\n\n\n<p>I prodotti a base di vitamina C sono disponibili in diverse concentrazioni, generalmente comprese tra 5 % e 20 %. <\/p>\n\n\n\n<p>Le pelli nere e miste hanno generalmente una maggiore tolleranza alle concentrazioni di vitamina C rispetto alle pelli chiare. <\/p>\n\n\n\n<p>Tuttavia, si consiglia di iniziare con una concentrazione medio-bassa (tra 10 e 15 %) e di aumentare gradualmente se necessario.<\/p>\n\n\n\n<h3 class=\"wp-block-heading\" id=\"h-v-rifier-le-ph-du-produit\"><strong>Controllare il pH del prodotto<\/strong><\/h3>\n\n\n\n<p>Il pH di un prodotto a base di vitamina C \u00e8 fondamentale per la sua efficacia. Un pH troppo alto pu\u00f2 rendere la vitamina C meno attiva. Un pH troppo basso pu\u00f2 causare irritazioni. Il pH ideale per un prodotto contenente vitamina C \u00e8 compreso tra 2,5 e 3,5.<\/p>\n\n\n\n<h3 class=\"wp-block-heading\" id=\"h-choisir-une-formule-stable\"><strong>Scegliere una formula stabile<\/strong><\/h3>\n\n\n\n<p>La vitamina C \u00e8 una molecola instabile che pu\u00f2 degradarsi rapidamente se esposta all'aria e alla luce. \u00c8 quindi essenziale scegliere un prodotto con una formula stabilizzata e una confezione opaca per garantire la qualit\u00e0 del prodotto.<\/p>\n\n\n\n<h2 class=\"wp-block-heading\" id=\"h-int-gration-de-la-vitamine-c-dans-votre-routine-de-soin\"><strong>Incorporare la vitamina C nella routine di cura della pelle<\/strong><\/h2>\n\n\n\n<p>Per sfruttare al massimo i benefici della vitamina C per la pelle nera. \u00c8 importante integrare correttamente il prodotto nella propria routine di cura della pelle:<\/p>\n\n\n\n<ol class=\"wp-block-list\">\n<li><strong>Pulire il viso<\/strong> Iniziate pulendo accuratamente la pelle con un detergente delicato per rimuovere le impurit\u00e0 e preparare la pelle a ricevere i principi attivi.<\/li>\n\n\n\n<li><strong>Applicare la vitamina C<\/strong> Utilizzare un siero a base di vitamina C sul viso. Massaggiare delicatamente fino al completo assorbimento. Fate attenzione ad evitare la zona intorno agli occhi, poich\u00e9 la vitamina C pu\u00f2 essere irritante in questa zona sensibile.<\/li>\n\n\n\n<li><strong>Idratare<\/strong> Applicare uno strato di <strong><a href=\"https:\/\/www.safinel.fr\/it\/crema-per-la-pelle-nera\/\">crema idratante adatta al vostro tipo di pelle<\/a><\/strong> per mantenere un'idratazione ottimale.<\/li>\n\n\n\n<li><strong>Proteggere<\/strong> Terminare con una crema solare ad ampio spettro con un fattore di protezione di almeno 30 per proteggere la pelle dai dannosi raggi UV.<\/li>\n<\/ol>\n\n\n\n<p>Poich\u00e9 la vitamina C \u00e8 fotosensibilizzante, \u00e8 meglio applicarla la sera per evitare reazioni indesiderate legate all'esposizione al sole. <\/p>\n\n\n\n<p>Inoltre, la vitamina C pu\u00f2 essere utilizzata in combinazione con altri principi attivi come la niacinamide e gli acidi esfolianti (AHA e BHA) per massimizzare i suoi effetti sulla pelle nera.<\/p>\n\n\n\n<h3 class=\"wp-block-heading\" id=\"h-pr-cautions-d-utilisation-et-contre-indications-de-la-vitamine-c-peau-noire\"><strong>Precauzioni per l'uso e controindicazioni della vitamina c della pelle nera<\/strong><\/h3>\n\n\n\n<p>Nonostante i numerosi benefici della vitamina C per la pelle nera, alcune persone devono prendere delle precauzioni quando la utilizzano:<\/p>\n\n\n\n<ul class=\"wp-block-list\">\n<li>Le persone che soffrono di eczema, psoriasi o grave sensibilit\u00e0 cutanea dovrebbero consultare un dermatologo prima di utilizzare prodotti contenenti vitamina C, poich\u00e9 questo ingrediente pu\u00f2 causare irritazioni.<\/li>\n\n\n\n<li>Le donne in gravidanza o in allattamento dovrebbero inoltre chiedere il parere del medico prima di utilizzare prodotti a base di vitamina C. Alcuni derivati possono essere controindicati durante la gravidanza.<\/li>\n\n\n\n<li>Le persone con pelle molto sensibile o che non hanno mai utilizzato la vitamina C prima d'ora dovrebbero effettuare un test di tolleranza prima di includere questo tipo di prodotto nella loro routine di cura della pelle.<\/li>\n<\/ul>\n\n\n\n<p>In conclusione, la vitamina C \u00e8 un alleato prezioso per la pelle nera e mista. Ha numerosi benefici per la salute e la bellezza della pelle. <\/p>\n\n\n\n<p>Scegliendo un prodotto adatto al vostro tipo di pelle e integrandolo correttamente nella vostra routine di cura della pelle, potrete trarre il massimo vantaggio dalle sue propriet\u00e0 antiossidanti, illuminanti e idratanti.<\/p>","protected":false},"excerpt":{"rendered":"<p>La vitamina C sta diventando sempre pi\u00f9 popolare nei trattamenti per il viso. Non da ultimo per le sue propriet\u00e0 antiossidanti e schiarenti della pelle. \u00c8 particolarmente utile per le pelli nere e miste. Queste possono essere soggette a problemi specifici come l'iperpigmentazione e la disidratazione. In questo articolo esploriamo i benefici della vitamina C per la pelle.","protected":false},"author":1,"featured_media":6012,"comment_status":"closed","ping_status":"closed","sticky":false,"template":"","format":"standard","meta":{"footnotes":""},"categories":[1],"tags":[],"class_list":["post-6011","post","type-post","status-publish","format-standard","has-post-thumbnail","hentry","category-divers"],"yoast_head":"<!-- This site is optimized with the Yoast SEO plugin v26.6 - https:\/\/yoast.com\/wordpress\/plugins\/seo\/ -->\n<title>Vitamine C peau noire I Bienfaits et conseils d&#039;utilisation<\/title>\n<meta name=\"description\" content=\"Apprenez comment la vitamine C peut am\u00e9liorer la sant\u00e9 de la peau noire, en favorisant l&#039;\u00e9clat et en r\u00e9duisant les signes du vieillissement.\" \/>\n<meta name=\"robots\" content=\"index, follow, max-snippet:-1, max-image-preview:large, max-video-preview:-1\" \/>\n<link rel=\"canonical\" href=\"https:\/\/www.safinel.fr\/it\/vitamina-c-pelle-nera\/\" \/>\n<meta property=\"og:locale\" content=\"it_IT\" \/>\n<meta property=\"og:type\" content=\"article\" \/>\n<meta property=\"og:title\" content=\"Vitamine C peau noire I Bienfaits et conseils d&#039;utilisation\" \/>\n<meta property=\"og:description\" content=\"Apprenez comment la vitamine C peut am\u00e9liorer la sant\u00e9 de la peau noire, en favorisant l&#039;\u00e9clat et en r\u00e9duisant les signes du vieillissement.\" \/>\n<meta property=\"og:url\" content=\"https:\/\/www.safinel.fr\/it\/vitamina-c-pelle-nera\/\" \/>\n<meta property=\"og:site_name\" content=\"Safinel\" \/>\n<meta property=\"article:published_time\" content=\"2023-05-15T18:57:47+00:00\" \/>\n<meta property=\"article:modified_time\" content=\"2023-05-15T18:57:53+00:00\" \/>\n<meta property=\"og:image\" content=\"https:\/\/www.safinel.fr\/wp-content\/uploads\/2023\/05\/Vitamine-C-pour-peau-noire.jpg\" \/>\n\t<meta property=\"og:image:width\" content=\"1100\" \/>\n\t<meta property=\"og:image:height\" content=\"578\" \/>\n\t<meta property=\"og:image:type\" content=\"image\/jpeg\" \/>\n<meta name=\"author\" content=\"Boutique Safinel\" \/>\n<meta name=\"twitter:card\" content=\"summary_large_image\" \/>\n<meta name=\"twitter:label1\" content=\"Scritto da\" \/>\n\t<meta name=\"twitter:data1\" content=\"Boutique Safinel\" \/>\n\t<meta name=\"twitter:label2\" content=\"Tempo di lettura stimato\" \/>\n\t<meta name=\"twitter:data2\" content=\"4 minuti\" \/>\n<script type=\"application\/ld+json\" class=\"yoast-schema-graph\">{\"@context\":\"https:\/\/schema.org\",\"@graph\":[{\"@type\":\"Article\",\"@id\":\"https:\/\/www.safinel.fr\/vitamine-c-peau-noire\/#article\",\"isPartOf\":{\"@id\":\"https:\/\/www.safinel.fr\/vitamine-c-peau-noire\/\"},\"author\":{\"name\":\"Boutique Safinel\",\"@id\":\"https:\/\/www.safinel.fr\/#\/schema\/person\/721a83294300152db59954bbb2f0fcc5\"},\"headline\":\"Vitamine C pour peau noire : un alli\u00e9 pr\u00e9cieux pour une peau \u00e9clatante\",\"datePublished\":\"2023-05-15T18:57:47+00:00\",\"dateModified\":\"2023-05-15T18:57:53+00:00\",\"mainEntityOfPage\":{\"@id\":\"https:\/\/www.safinel.fr\/vitamine-c-peau-noire\/\"},\"wordCount\":905,\"publisher\":{\"@id\":\"https:\/\/www.safinel.fr\/#organization\"},\"image\":{\"@id\":\"https:\/\/www.safinel.fr\/vitamine-c-peau-noire\/#primaryimage\"},\"thumbnailUrl\":\"https:\/\/www.safinel.fr\/wp-content\/uploads\/2023\/05\/Vitamine-C-pour-peau-noire.jpg\",\"articleSection\":[\"Divers\"],\"inLanguage\":\"it-IT\"},{\"@type\":\"WebPage\",\"@id\":\"https:\/\/www.safinel.fr\/vitamine-c-peau-noire\/\",\"url\":\"https:\/\/www.safinel.fr\/vitamine-c-peau-noire\/\",\"name\":\"Vitamine C peau noire I Bienfaits et conseils d'utilisation\",\"isPartOf\":{\"@id\":\"https:\/\/www.safinel.fr\/#website\"},\"primaryImageOfPage\":{\"@id\":\"https:\/\/www.safinel.fr\/vitamine-c-peau-noire\/#primaryimage\"},\"image\":{\"@id\":\"https:\/\/www.safinel.fr\/vitamine-c-peau-noire\/#primaryimage\"},\"thumbnailUrl\":\"https:\/\/www.safinel.fr\/wp-content\/uploads\/2023\/05\/Vitamine-C-pour-peau-noire.jpg\",\"datePublished\":\"2023-05-15T18:57:47+00:00\",\"dateModified\":\"2023-05-15T18:57:53+00:00\",\"description\":\"Apprenez comment la vitamine C peut am\u00e9liorer la sant\u00e9 de la peau noire, en favorisant l'\u00e9clat et en r\u00e9duisant les signes du vieillissement.\",\"breadcrumb\":{\"@id\":\"https:\/\/www.safinel.fr\/vitamine-c-peau-noire\/#breadcrumb\"},\"inLanguage\":\"it-IT\",\"potentialAction\":[{\"@type\":\"ReadAction\",\"target\":[\"https:\/\/www.safinel.fr\/vitamine-c-peau-noire\/\"]}]},{\"@type\":\"ImageObject\",\"inLanguage\":\"it-IT\",\"@id\":\"https:\/\/www.safinel.fr\/vitamine-c-peau-noire\/#primaryimage\",\"url\":\"https:\/\/www.safinel.fr\/wp-content\/uploads\/2023\/05\/Vitamine-C-pour-peau-noire.jpg\",\"contentUrl\":\"https:\/\/www.safinel.fr\/wp-content\/uploads\/2023\/05\/Vitamine-C-pour-peau-noire.jpg\",\"width\":1100,\"height\":578,\"caption\":\"Vitamine C pour peau noire : un alli\u00e9 pr\u00e9cieux pour une peau \u00e9clatante\"},{\"@type\":\"BreadcrumbList\",\"@id\":\"https:\/\/www.safinel.fr\/vitamine-c-peau-noire\/#breadcrumb\",\"itemListElement\":[{\"@type\":\"ListItem\",\"position\":1,\"name\":\"Accueil\",\"item\":\"https:\/\/www.safinel.fr\/\"},{\"@type\":\"ListItem\",\"position\":2,\"name\":\"Vitamine C pour peau noire : un alli\u00e9 pr\u00e9cieux pour une peau \u00e9clatante\"}]},{\"@type\":\"WebSite\",\"@id\":\"https:\/\/www.safinel.fr\/#website\",\"url\":\"https:\/\/www.safinel.fr\/\",\"name\":\"Safinel\",\"description\":\"\",\"publisher\":{\"@id\":\"https:\/\/www.safinel.fr\/#organization\"},\"potentialAction\":[{\"@type\":\"SearchAction\",\"target\":{\"@type\":\"EntryPoint\",\"urlTemplate\":\"https:\/\/www.safinel.fr\/?s={search_term_string}\"},\"query-input\":{\"@type\":\"PropertyValueSpecification\",\"valueRequired\":true,\"valueName\":\"search_term_string\"}}],\"inLanguage\":\"it-IT\"},{\"@type\":\"Organization\",\"@id\":\"https:\/\/www.safinel.fr\/#organization\",\"name\":\"Safinel\",\"url\":\"https:\/\/www.safinel.fr\/\",\"logo\":{\"@type\":\"ImageObject\",\"inLanguage\":\"it-IT\",\"@id\":\"https:\/\/www.safinel.fr\/#\/schema\/logo\/image\/\",\"url\":\"https:\/\/www.safinel.fr\/wp-content\/uploads\/2021\/05\/boutique-cosmetique.png\",\"contentUrl\":\"https:\/\/www.safinel.fr\/wp-content\/uploads\/2021\/05\/boutique-cosmetique.png\",\"width\":800,\"height\":200,\"caption\":\"Safinel\"},\"image\":{\"@id\":\"https:\/\/www.safinel.fr\/#\/schema\/logo\/image\/\"}},{\"@type\":\"Person\",\"@id\":\"https:\/\/www.safinel.fr\/#\/schema\/person\/721a83294300152db59954bbb2f0fcc5\",\"name\":\"Boutique Safinel\",\"image\":{\"@type\":\"ImageObject\",\"inLanguage\":\"it-IT\",\"@id\":\"https:\/\/www.safinel.fr\/#\/schema\/person\/image\/\",\"url\":\"https:\/\/secure.gravatar.com\/avatar\/f68981bb0c0938d0f69d6a4651de60c9260d8f0f22d18b1520c25e25d86b5057?s=96&d=mm&r=g\",\"contentUrl\":\"https:\/\/secure.gravatar.com\/avatar\/f68981bb0c0938d0f69d6a4651de60c9260d8f0f22d18b1520c25e25d86b5057?s=96&d=mm&r=g\",\"caption\":\"Boutique Safinel\"},\"sameAs\":[\"https:\/\/www.safinel.fr\"],\"url\":\"https:\/\/www.safinel.fr\/it\/author\/boutique-safinel\/\"}]}<\/script>\n<!-- \/ Yoast SEO plugin. -->","yoast_head_json":{"title":"Vitamina C per la pelle nera I Benefici e consigli d'uso","description":"Scoprite come la vitamina C pu\u00f2 migliorare la salute della pelle nera, promuovendo la luminosit\u00e0 e riducendo i segni dell'invecchiamento.","robots":{"index":"index","follow":"follow","max-snippet":"max-snippet:-1","max-image-preview":"max-image-preview:large","max-video-preview":"max-video-preview:-1"},"canonical":"https:\/\/www.safinel.fr\/it\/vitamina-c-pelle-nera\/","og_locale":"it_IT","og_type":"article","og_title":"Vitamine C peau noire I Bienfaits et conseils d'utilisation","og_description":"Apprenez comment la vitamine C peut am\u00e9liorer la sant\u00e9 de la peau noire, en favorisant l'\u00e9clat et en r\u00e9duisant les signes du vieillissement.","og_url":"https:\/\/www.safinel.fr\/it\/vitamina-c-pelle-nera\/","og_site_name":"Safinel","article_published_time":"2023-05-15T18:57:47+00:00","article_modified_time":"2023-05-15T18:57:53+00:00","og_image":[{"width":1100,"height":578,"url":"https:\/\/www.safinel.fr\/wp-content\/uploads\/2023\/05\/Vitamine-C-pour-peau-noire.jpg","type":"image\/jpeg"}],"author":"Boutique Safinel","twitter_card":"summary_large_image","twitter_misc":{"Scritto da":"Boutique Safinel","Tempo di lettura stimato":"4 minuti"},"schema":{"@context":"https:\/\/schema.org","@graph":[{"@type":"Article","@id":"https:\/\/www.safinel.fr\/vitamine-c-peau-noire\/#article","isPartOf":{"@id":"https:\/\/www.safinel.fr\/vitamine-c-peau-noire\/"},"author":{"name":"Boutique Safinel","@id":"https:\/\/www.safinel.fr\/#\/schema\/person\/721a83294300152db59954bbb2f0fcc5"},"headline":"Vitamine C pour peau noire : un alli\u00e9 pr\u00e9cieux pour une peau \u00e9clatante","datePublished":"2023-05-15T18:57:47+00:00","dateModified":"2023-05-15T18:57:53+00:00","mainEntityOfPage":{"@id":"https:\/\/www.safinel.fr\/vitamine-c-peau-noire\/"},"wordCount":905,"publisher":{"@id":"https:\/\/www.safinel.fr\/#organization"},"image":{"@id":"https:\/\/www.safinel.fr\/vitamine-c-peau-noire\/#primaryimage"},"thumbnailUrl":"https:\/\/www.safinel.fr\/wp-content\/uploads\/2023\/05\/Vitamine-C-pour-peau-noire.jpg","articleSection":["Divers"],"inLanguage":"it-IT"},{"@type":"WebPage","@id":"https:\/\/www.safinel.fr\/vitamine-c-peau-noire\/","url":"https:\/\/www.safinel.fr\/vitamine-c-peau-noire\/","name":"Vitamina C per la pelle nera I Benefici e consigli d'uso","isPartOf":{"@id":"https:\/\/www.safinel.fr\/#website"},"primaryImageOfPage":{"@id":"https:\/\/www.safinel.fr\/vitamine-c-peau-noire\/#primaryimage"},"image":{"@id":"https:\/\/www.safinel.fr\/vitamine-c-peau-noire\/#primaryimage"},"thumbnailUrl":"https:\/\/www.safinel.fr\/wp-content\/uploads\/2023\/05\/Vitamine-C-pour-peau-noire.jpg","datePublished":"2023-05-15T18:57:47+00:00","dateModified":"2023-05-15T18:57:53+00:00","description":"Scoprite come la vitamina C pu\u00f2 migliorare la salute della pelle nera, promuovendo la luminosit\u00e0 e riducendo i segni dell'invecchiamento.","breadcrumb":{"@id":"https:\/\/www.safinel.fr\/vitamine-c-peau-noire\/#breadcrumb"},"inLanguage":"it-IT","potentialAction":[{"@type":"ReadAction","target":["https:\/\/www.safinel.fr\/vitamine-c-peau-noire\/"]}]},{"@type":"ImageObject","inLanguage":"it-IT","@id":"https:\/\/www.safinel.fr\/vitamine-c-peau-noire\/#primaryimage","url":"https:\/\/www.safinel.fr\/wp-content\/uploads\/2023\/05\/Vitamine-C-pour-peau-noire.jpg","contentUrl":"https:\/\/www.safinel.fr\/wp-content\/uploads\/2023\/05\/Vitamine-C-pour-peau-noire.jpg","width":1100,"height":578,"caption":"Vitamine C pour peau noire : un alli\u00e9 pr\u00e9cieux pour une peau \u00e9clatante"},{"@type":"BreadcrumbList","@id":"https:\/\/www.safinel.fr\/vitamine-c-peau-noire\/#breadcrumb","itemListElement":[{"@type":"ListItem","position":1,"name":"Accueil","item":"https:\/\/www.safinel.fr\/"},{"@type":"ListItem","position":2,"name":"Vitamine C pour peau noire : un alli\u00e9 pr\u00e9cieux pour une peau \u00e9clatante"}]},{"@type":"WebSite","@id":"https:\/\/www.safinel.fr\/#website","url":"https:\/\/www.safinel.fr\/","name":"Safinel","description":"","publisher":{"@id":"https:\/\/www.safinel.fr\/#organization"},"potentialAction":[{"@type":"SearchAction","target":{"@type":"EntryPoint","urlTemplate":"https:\/\/www.safinel.fr\/?s={search_term_string}"},"query-input":{"@type":"PropertyValueSpecification","valueRequired":true,"valueName":"search_term_string"}}],"inLanguage":"it-IT"},{"@type":"Organization","@id":"https:\/\/www.safinel.fr\/#organization","name":"Safinel","url":"https:\/\/www.safinel.fr\/","logo":{"@type":"ImageObject","inLanguage":"it-IT","@id":"https:\/\/www.safinel.fr\/#\/schema\/logo\/image\/","url":"https:\/\/www.safinel.fr\/wp-content\/uploads\/2021\/05\/boutique-cosmetique.png","contentUrl":"https:\/\/www.safinel.fr\/wp-content\/uploads\/2021\/05\/boutique-cosmetique.png","width":800,"height":200,"caption":"Safinel"},"image":{"@id":"https:\/\/www.safinel.fr\/#\/schema\/logo\/image\/"}},{"@type":"Person","@id":"https:\/\/www.safinel.fr\/#\/schema\/person\/721a83294300152db59954bbb2f0fcc5","name":"Negozio Safinel","image":{"@type":"ImageObject","inLanguage":"it-IT","@id":"https:\/\/www.safinel.fr\/#\/schema\/person\/image\/","url":"https:\/\/secure.gravatar.com\/avatar\/f68981bb0c0938d0f69d6a4651de60c9260d8f0f22d18b1520c25e25d86b5057?s=96&d=mm&r=g","contentUrl":"https:\/\/secure.gravatar.com\/avatar\/f68981bb0c0938d0f69d6a4651de60c9260d8f0f22d18b1520c25e25d86b5057?s=96&d=mm&r=g","caption":"Boutique Safinel"},"sameAs":["https:\/\/www.safinel.fr"],"url":"https:\/\/www.safinel.fr\/it\/author\/boutique-safinel\/"}]}},"_links":{"self":[{"href":"https:\/\/www.safinel.fr\/it\/wp-json\/wp\/v2\/posts\/6011","targetHints":{"allow":["GET"]}}],"collection":[{"href":"https:\/\/www.safinel.fr\/it\/wp-json\/wp\/v2\/posts"}],"about":[{"href":"https:\/\/www.safinel.fr\/it\/wp-json\/wp\/v2\/types\/post"}],"author":[{"embeddable":true,"href":"https:\/\/www.safinel.fr\/it\/wp-json\/wp\/v2\/users\/1"}],"replies":[{"embeddable":true,"href":"https:\/\/www.safinel.fr\/it\/wp-json\/wp\/v2\/comments?post=6011"}],"version-history":[{"count":1,"href":"https:\/\/www.safinel.fr\/it\/wp-json\/wp\/v2\/posts\/6011\/revisions"}],"predecessor-version":[{"id":6014,"href":"https:\/\/www.safinel.fr\/it\/wp-json\/wp\/v2\/posts\/6011\/revisions\/6014"}],"wp:featuredmedia":[{"embeddable":true,"href":"https:\/\/www.safinel.fr\/it\/wp-json\/wp\/v2\/media\/6012"}],"wp:attachment":[{"href":"https:\/\/www.safinel.fr\/it\/wp-json\/wp\/v2\/media?parent=6011"}],"wp:term":[{"taxonomy":"category","embeddable":true,"href":"https:\/\/www.safinel.fr\/it\/wp-json\/wp\/v2\/categories?post=6011"},{"taxonomy":"post_tag","embeddable":true,"href":"https:\/\/www.safinel.fr\/it\/wp-json\/wp\/v2\/tags?post=6011"}],"curies":[{"name":"wp","href":"https:\/\/api.w.org\/{rel}","templated":true}]}}