{"id":12973,"date":"2024-04-11T17:59:33","date_gmt":"2024-04-11T17:59:33","guid":{"rendered":"https:\/\/www.safinel.fr\/?p=12973"},"modified":"2024-04-11T17:59:35","modified_gmt":"2024-04-11T17:59:35","slug":"poesia-africana","status":"publish","type":"post","link":"https:\/\/www.safinel.fr\/it\/poesia-africana\/","title":{"rendered":"Le grandi figure della poesia africana in 5 lettere"},"content":{"rendered":"<p>La\u00a0<strong>Poesia africana<\/strong>\u00a0\u00e8 sempre stato un mezzo di espressione privilegiato per mettere in luce la ricchezza culturale, la storia e le aspirazioni del popolo africano. <\/p>\n\n\n\n<p>Questi poeti si sono lasciati alle spalle <strong><a href=\"https:\/\/albayyinah.fr\/\" target=\"_blank\" rel=\"noreferrer noopener\">potenti opere letterarie<\/a><\/strong>, e la loro impronta culturale in tutto il continente. In questo articolo, mettiamo in evidenza cinque nomi chiave di questa letteratura, in sole cinque lettere ciascuno.<\/p>\n\n\n\n<h2 class=\"wp-block-heading\"><strong>Senghor<\/strong><\/h2>\n\n\n\n<p>Uno dei pi\u00f9 famosi&nbsp;<strong>Poeti africani<\/strong>&nbsp;\u00e8 senza dubbio L\u00e9opold S\u00e9dar Senghor. Originario del Senegal, \u00e8 stato anche un politico, presidente della Repubblica del Senegal e membro dell'Acad\u00e9mie fran\u00e7aise. Le sue raccolte di poesie, come\u00ab\u00a0<em>Canzoni d'ombra<\/em>\u00a0\u00bbe\u00ab\u00a0<em>Ospiti neri<\/em>\u00ab il suo amore per il continente africano e le sue tradizioni. I versi di Senghor sono noti per la loro carica emotiva e per la loro malinconia.<\/p>\n\n\n\n<h3 class=\"wp-block-heading\"><strong>Negritudine<\/strong><\/h3>\n\n\n\n<p>Senghor \u00e8 stato anche cofondatore del movimento letterario e politico noto come \u00abN\u00e9gritude\u00bb, in collaborazione con Aim\u00e9 C\u00e9saire e L\u00e9on Damas. Lo scopo di questo concetto era quello di rivalutare e recuperare la cultura e l'identit\u00e0 africana di fronte al colonialismo. \u00c8 un elemento chiave per comprendere l'impatto della poesia africana nel suo contesto storico.<\/p>\n\n\n\n<h2 class=\"wp-block-heading\"><strong>C\u00e9saire<\/strong><\/h2>\n\n\n\n<p>Aim\u00e9 C\u00e9saire, originario della Martinica, non \u00e8 stato soltanto un grande\u00a0<strong>poeta impegnato<\/strong>, ma anche un influente uomo politico. Autore di \u00ab\u00a0<em>Appunti sul ritorno in patria<\/em>\u00ab C\u00e9saire partecip\u00f2 anche alla creazione del movimento N\u00e9gritude insieme a Senghor. La sua opera \u00e8 segnata dall'impegno per la liberazione dei popoli colonizzati e dalla celebrazione della <strong><a href=\"https:\/\/www.safinel.fr\/it\/tribu-africane\/\">Cultura africana<\/a><\/strong>.<\/p>\n\n\n\n<h3 class=\"wp-block-heading\"><strong>Surrealismo<\/strong><\/h3>\n\n\n\n<p>Pur essendo vicino al Surrealismo, in particolare grazie all'incontro con Andr\u00e9 Breton, C\u00e9saire prende le distanze da questo movimento per radicarsi maggiormente nella realt\u00e0 del colonialismo e affermare la propria identit\u00e0. Di conseguenza, ha contribuito a forgiare una nuova voce poetica per le persone di origine africana.<\/p>\n\n\n\n<h2 class=\"wp-block-heading\"><strong>Damasco<\/strong><\/h2>\n\n\n\n<p>L\u00e9on Damas, poeta della Guyana francese e terzo pilastro del movimento della N\u00e9gritude, si \u00e8 fatto conoscere con la sua raccolta di poesie intitolata \u00ab\u00a0<em>Pigmenti<\/em>\u00ab . Damas \u00e8 noto per il suo stile provocatorio e irriverente, che critica apertamente il colonialismo e sottolinea l'orgoglio per le sue radici africane.<\/p>\n\n\n\n<p><strong>I suoi scritti, intrisi di umorismo e sarcasmo, affermano un'identit\u00e0 nera fiera e libera.<\/strong>&nbsp;di fronte alle costrizioni imposte dal colonialismo. In questo modo, si distanzia dagli altri grandi nomi della N\u00e9gritude, adottando un approccio pi\u00f9 radicale e disinvolto.<\/p>\n\n\n\n<h2 class=\"wp-block-heading\"><strong>Fanon<\/strong><\/h2>\n\n\n\n<p>Frantz Fanon \u00e8 spesso considerato pi\u00f9 come scrittore e teorico politico che come poeta in s\u00e9. Tuttavia, la sua opera ha contribuito in modo determinante a ridefinire l'identit\u00e0 africana e ad amplificare le voci di coloro che cercavano di liberarsi dal giogo coloniale, sia in Africa che nelle Indie occidentali francesi.<\/p>\n\n\n\n<h3 class=\"wp-block-heading\"><strong>I Dannati della Terra<\/strong><\/h3>\n\n\n\n<p>Anche se \u00ab\u00a0<em>I Dannati della Terra<\/em>\u00a0\u00bbNella sua opera pi\u00f9 nota, Frantz Fanon non ha esitato a incorporare elementi poetici in alcuni dei suoi scritti per sostenere le sue idee politiche. Questi passaggi, impregnati di un lirismo struggente, aggiungono una dimensione artistica importante alla sua opera nel suo complesso.<\/p>\n\n\n\n<h2 class=\"wp-block-heading\"><strong>Soyinka<\/strong><\/h2>\n\n\n\n<p>Il nigeriano Wole Soyinka \u00e8 un altro esempio eccezionale di&nbsp;<strong>Poeta africano<\/strong>. Vincitore del Premio Nobel per la letteratura nel 1986, \u00e8 stato anche drammaturgo e saggista. Le sue poesie sono spesso caratterizzate da un umorismo pungente e assurdo, pur evidenziando i temi essenziali della condizione umana, delle tradizioni africane e della lotta contro l'oppressione.<\/p>\n\n\n\n<h3 class=\"wp-block-heading\"><strong>Ake<\/strong><\/h3>\n\n\n\n<p>La sua raccolta di poesie\u00ab\u00a0<em>La morte e il re<\/em>\u00a0\u00bb\u00e8 considerato un'opera fondamentale di&nbsp;<strong>poesia africana contemporanea<\/strong>. Soyinka affronta temi universali con sottigliezza, pur rimanendo profondamente radicato nel proprio contesto culturale. Il suo approccio, diverso da quello degli altri grandi nomi del movimento della N\u00e9gritude, evidenzia la diversit\u00e0 che caratterizza la poesia africana.<\/p>\n\n\n\n<p>In conclusione, queste cinque figure emblematiche dimostrano la ricchezza e la complessit\u00e0 della poesia africana e il suo ruolo vitale nell'affermare l'identit\u00e0 culturale di fronte alle sfide storiche e politiche del continente. La lettura delle loro opere getta una luce preziosa su questa letteratura unica e indispensabile.<\/p>","protected":false},"excerpt":{"rendered":"<p>La poesia africana \u00e8 sempre stata un mezzo di espressione privilegiato per evidenziare la ricchezza culturale, la storia e le aspirazioni del popolo africano. Questi poeti hanno lasciato opere letterarie potenti e la loro impronta culturale in tutto il continente. In questo articolo, mettiamo in evidenza cinque dei nomi pi\u00f9 importanti della letteratura africana.","protected":false},"author":156,"featured_media":12974,"comment_status":"closed","ping_status":"closed","sticky":false,"template":"","format":"standard","meta":{"footnotes":""},"categories":[1],"tags":[],"class_list":["post-12973","post","type-post","status-publish","format-standard","has-post-thumbnail","hentry","category-divers"],"yoast_head":"<!-- This site is optimized with the Yoast SEO plugin v26.6 - https:\/\/yoast.com\/wordpress\/plugins\/seo\/ -->\n<title>Po\u00e9sie africaine | Zoom sur les po\u00e8tes africain en 5 lettres<\/title>\n<meta name=\"description\" content=\"La\u00a0po\u00e9sie africaine\u00a0a toujours \u00e9t\u00e9 un moyen d&#039;expression privil\u00e9gi\u00e9 pour mettre en avant la richesse culturelle.\" \/>\n<meta name=\"robots\" content=\"index, follow, max-snippet:-1, max-image-preview:large, max-video-preview:-1\" \/>\n<link rel=\"canonical\" href=\"https:\/\/www.safinel.fr\/it\/poesia-africana\/\" \/>\n<meta property=\"og:locale\" content=\"it_IT\" \/>\n<meta property=\"og:type\" content=\"article\" \/>\n<meta property=\"og:title\" content=\"Po\u00e9sie africaine | Zoom sur les po\u00e8tes africain en 5 lettres\" \/>\n<meta property=\"og:description\" content=\"La\u00a0po\u00e9sie africaine\u00a0a toujours \u00e9t\u00e9 un moyen d&#039;expression privil\u00e9gi\u00e9 pour mettre en avant la richesse culturelle.\" \/>\n<meta property=\"og:url\" content=\"https:\/\/www.safinel.fr\/it\/poesia-africana\/\" \/>\n<meta property=\"og:site_name\" content=\"Safinel\" \/>\n<meta property=\"article:published_time\" content=\"2024-04-11T17:59:33+00:00\" \/>\n<meta property=\"article:modified_time\" content=\"2024-04-11T17:59:35+00:00\" \/>\n<meta property=\"og:image\" content=\"https:\/\/www.safinel.fr\/wp-content\/uploads\/2024\/04\/Figures-de-la-poesie-africaine.jpg\" \/>\n\t<meta property=\"og:image:width\" content=\"1100\" \/>\n\t<meta property=\"og:image:height\" content=\"578\" \/>\n\t<meta property=\"og:image:type\" content=\"image\/jpeg\" \/>\n<meta name=\"author\" content=\"Naj\" \/>\n<meta name=\"twitter:card\" content=\"summary_large_image\" \/>\n<meta name=\"twitter:label1\" content=\"Scritto da\" \/>\n\t<meta name=\"twitter:data1\" content=\"Naj\" \/>\n\t<meta name=\"twitter:label2\" content=\"Tempo di lettura stimato\" \/>\n\t<meta name=\"twitter:data2\" content=\"4 minuti\" \/>\n<script type=\"application\/ld+json\" class=\"yoast-schema-graph\">{\"@context\":\"https:\/\/schema.org\",\"@graph\":[{\"@type\":\"Article\",\"@id\":\"https:\/\/www.safinel.fr\/poesie-africaine\/#article\",\"isPartOf\":{\"@id\":\"https:\/\/www.safinel.fr\/poesie-africaine\/\"},\"author\":{\"name\":\"Naj\",\"@id\":\"https:\/\/www.safinel.fr\/#\/schema\/person\/47f7357f8aa8a41a796811d3f8a3e055\"},\"headline\":\"Les grandes figures de la po\u00e9sie africaine en 5 lettres\",\"datePublished\":\"2024-04-11T17:59:33+00:00\",\"dateModified\":\"2024-04-11T17:59:35+00:00\",\"mainEntityOfPage\":{\"@id\":\"https:\/\/www.safinel.fr\/poesie-africaine\/\"},\"wordCount\":790,\"publisher\":{\"@id\":\"https:\/\/www.safinel.fr\/#organization\"},\"image\":{\"@id\":\"https:\/\/www.safinel.fr\/poesie-africaine\/#primaryimage\"},\"thumbnailUrl\":\"https:\/\/www.safinel.fr\/wp-content\/uploads\/2024\/04\/Figures-de-la-poesie-africaine.jpg\",\"articleSection\":[\"Divers\"],\"inLanguage\":\"it-IT\"},{\"@type\":\"WebPage\",\"@id\":\"https:\/\/www.safinel.fr\/poesie-africaine\/\",\"url\":\"https:\/\/www.safinel.fr\/poesie-africaine\/\",\"name\":\"Po\u00e9sie africaine | Zoom sur les po\u00e8tes africain en 5 lettres\",\"isPartOf\":{\"@id\":\"https:\/\/www.safinel.fr\/#website\"},\"primaryImageOfPage\":{\"@id\":\"https:\/\/www.safinel.fr\/poesie-africaine\/#primaryimage\"},\"image\":{\"@id\":\"https:\/\/www.safinel.fr\/poesie-africaine\/#primaryimage\"},\"thumbnailUrl\":\"https:\/\/www.safinel.fr\/wp-content\/uploads\/2024\/04\/Figures-de-la-poesie-africaine.jpg\",\"datePublished\":\"2024-04-11T17:59:33+00:00\",\"dateModified\":\"2024-04-11T17:59:35+00:00\",\"description\":\"La\u00a0po\u00e9sie africaine\u00a0a toujours \u00e9t\u00e9 un moyen d'expression privil\u00e9gi\u00e9 pour mettre en avant la richesse culturelle.\",\"breadcrumb\":{\"@id\":\"https:\/\/www.safinel.fr\/poesie-africaine\/#breadcrumb\"},\"inLanguage\":\"it-IT\",\"potentialAction\":[{\"@type\":\"ReadAction\",\"target\":[\"https:\/\/www.safinel.fr\/poesie-africaine\/\"]}]},{\"@type\":\"ImageObject\",\"inLanguage\":\"it-IT\",\"@id\":\"https:\/\/www.safinel.fr\/poesie-africaine\/#primaryimage\",\"url\":\"https:\/\/www.safinel.fr\/wp-content\/uploads\/2024\/04\/Figures-de-la-poesie-africaine.jpg\",\"contentUrl\":\"https:\/\/www.safinel.fr\/wp-content\/uploads\/2024\/04\/Figures-de-la-poesie-africaine.jpg\",\"width\":1100,\"height\":578,\"caption\":\"po\u00e9sie africaine\"},{\"@type\":\"BreadcrumbList\",\"@id\":\"https:\/\/www.safinel.fr\/poesie-africaine\/#breadcrumb\",\"itemListElement\":[{\"@type\":\"ListItem\",\"position\":1,\"name\":\"Accueil\",\"item\":\"https:\/\/www.safinel.fr\/\"},{\"@type\":\"ListItem\",\"position\":2,\"name\":\"Les grandes figures de la po\u00e9sie africaine en 5 lettres\"}]},{\"@type\":\"WebSite\",\"@id\":\"https:\/\/www.safinel.fr\/#website\",\"url\":\"https:\/\/www.safinel.fr\/\",\"name\":\"Safinel\",\"description\":\"\",\"publisher\":{\"@id\":\"https:\/\/www.safinel.fr\/#organization\"},\"potentialAction\":[{\"@type\":\"SearchAction\",\"target\":{\"@type\":\"EntryPoint\",\"urlTemplate\":\"https:\/\/www.safinel.fr\/?s={search_term_string}\"},\"query-input\":{\"@type\":\"PropertyValueSpecification\",\"valueRequired\":true,\"valueName\":\"search_term_string\"}}],\"inLanguage\":\"it-IT\"},{\"@type\":\"Organization\",\"@id\":\"https:\/\/www.safinel.fr\/#organization\",\"name\":\"Safinel\",\"url\":\"https:\/\/www.safinel.fr\/\",\"logo\":{\"@type\":\"ImageObject\",\"inLanguage\":\"it-IT\",\"@id\":\"https:\/\/www.safinel.fr\/#\/schema\/logo\/image\/\",\"url\":\"https:\/\/www.safinel.fr\/wp-content\/uploads\/2021\/05\/boutique-cosmetique.png\",\"contentUrl\":\"https:\/\/www.safinel.fr\/wp-content\/uploads\/2021\/05\/boutique-cosmetique.png\",\"width\":800,\"height\":200,\"caption\":\"Safinel\"},\"image\":{\"@id\":\"https:\/\/www.safinel.fr\/#\/schema\/logo\/image\/\"}},{\"@type\":\"Person\",\"@id\":\"https:\/\/www.safinel.fr\/#\/schema\/person\/47f7357f8aa8a41a796811d3f8a3e055\",\"name\":\"Naj\",\"image\":{\"@type\":\"ImageObject\",\"inLanguage\":\"it-IT\",\"@id\":\"https:\/\/www.safinel.fr\/#\/schema\/person\/image\/\",\"url\":\"https:\/\/secure.gravatar.com\/avatar\/5c0fa4f0bce748d4964b7d68e4b0ee1d8e3120edba58a55893ced967bd2093b5?s=96&d=mm&r=g\",\"contentUrl\":\"https:\/\/secure.gravatar.com\/avatar\/5c0fa4f0bce748d4964b7d68e4b0ee1d8e3120edba58a55893ced967bd2093b5?s=96&d=mm&r=g\",\"caption\":\"Naj\"},\"url\":\"https:\/\/www.safinel.fr\/it\/author\/naj\/\"}]}<\/script>\n<!-- \/ Yoast SEO plugin. -->","yoast_head_json":{"title":"Poesia africana | Focus sui poeti africani in 5 lettere","description":"La poesia africana \u00e8 sempre stata un mezzo di espressione privilegiato per evidenziare la ricchezza culturale.","robots":{"index":"index","follow":"follow","max-snippet":"max-snippet:-1","max-image-preview":"max-image-preview:large","max-video-preview":"max-video-preview:-1"},"canonical":"https:\/\/www.safinel.fr\/it\/poesia-africana\/","og_locale":"it_IT","og_type":"article","og_title":"Po\u00e9sie africaine | Zoom sur les po\u00e8tes africain en 5 lettres","og_description":"La\u00a0po\u00e9sie africaine\u00a0a toujours \u00e9t\u00e9 un moyen d'expression privil\u00e9gi\u00e9 pour mettre en avant la richesse culturelle.","og_url":"https:\/\/www.safinel.fr\/it\/poesia-africana\/","og_site_name":"Safinel","article_published_time":"2024-04-11T17:59:33+00:00","article_modified_time":"2024-04-11T17:59:35+00:00","og_image":[{"width":1100,"height":578,"url":"https:\/\/www.safinel.fr\/wp-content\/uploads\/2024\/04\/Figures-de-la-poesie-africaine.jpg","type":"image\/jpeg"}],"author":"Naj","twitter_card":"summary_large_image","twitter_misc":{"Scritto da":"Naj","Tempo di lettura stimato":"4 minuti"},"schema":{"@context":"https:\/\/schema.org","@graph":[{"@type":"Article","@id":"https:\/\/www.safinel.fr\/poesie-africaine\/#article","isPartOf":{"@id":"https:\/\/www.safinel.fr\/poesie-africaine\/"},"author":{"name":"Naj","@id":"https:\/\/www.safinel.fr\/#\/schema\/person\/47f7357f8aa8a41a796811d3f8a3e055"},"headline":"Les grandes figures de la po\u00e9sie africaine en 5 lettres","datePublished":"2024-04-11T17:59:33+00:00","dateModified":"2024-04-11T17:59:35+00:00","mainEntityOfPage":{"@id":"https:\/\/www.safinel.fr\/poesie-africaine\/"},"wordCount":790,"publisher":{"@id":"https:\/\/www.safinel.fr\/#organization"},"image":{"@id":"https:\/\/www.safinel.fr\/poesie-africaine\/#primaryimage"},"thumbnailUrl":"https:\/\/www.safinel.fr\/wp-content\/uploads\/2024\/04\/Figures-de-la-poesie-africaine.jpg","articleSection":["Divers"],"inLanguage":"it-IT"},{"@type":"WebPage","@id":"https:\/\/www.safinel.fr\/poesie-africaine\/","url":"https:\/\/www.safinel.fr\/poesie-africaine\/","name":"Poesia africana | Focus sui poeti africani in 5 lettere","isPartOf":{"@id":"https:\/\/www.safinel.fr\/#website"},"primaryImageOfPage":{"@id":"https:\/\/www.safinel.fr\/poesie-africaine\/#primaryimage"},"image":{"@id":"https:\/\/www.safinel.fr\/poesie-africaine\/#primaryimage"},"thumbnailUrl":"https:\/\/www.safinel.fr\/wp-content\/uploads\/2024\/04\/Figures-de-la-poesie-africaine.jpg","datePublished":"2024-04-11T17:59:33+00:00","dateModified":"2024-04-11T17:59:35+00:00","description":"La poesia africana \u00e8 sempre stata un mezzo di espressione privilegiato per evidenziare la ricchezza culturale.","breadcrumb":{"@id":"https:\/\/www.safinel.fr\/poesie-africaine\/#breadcrumb"},"inLanguage":"it-IT","potentialAction":[{"@type":"ReadAction","target":["https:\/\/www.safinel.fr\/poesie-africaine\/"]}]},{"@type":"ImageObject","inLanguage":"it-IT","@id":"https:\/\/www.safinel.fr\/poesie-africaine\/#primaryimage","url":"https:\/\/www.safinel.fr\/wp-content\/uploads\/2024\/04\/Figures-de-la-poesie-africaine.jpg","contentUrl":"https:\/\/www.safinel.fr\/wp-content\/uploads\/2024\/04\/Figures-de-la-poesie-africaine.jpg","width":1100,"height":578,"caption":"po\u00e9sie africaine"},{"@type":"BreadcrumbList","@id":"https:\/\/www.safinel.fr\/poesie-africaine\/#breadcrumb","itemListElement":[{"@type":"ListItem","position":1,"name":"Accueil","item":"https:\/\/www.safinel.fr\/"},{"@type":"ListItem","position":2,"name":"Les grandes figures de la po\u00e9sie africaine en 5 lettres"}]},{"@type":"WebSite","@id":"https:\/\/www.safinel.fr\/#website","url":"https:\/\/www.safinel.fr\/","name":"Safinel","description":"","publisher":{"@id":"https:\/\/www.safinel.fr\/#organization"},"potentialAction":[{"@type":"SearchAction","target":{"@type":"EntryPoint","urlTemplate":"https:\/\/www.safinel.fr\/?s={search_term_string}"},"query-input":{"@type":"PropertyValueSpecification","valueRequired":true,"valueName":"search_term_string"}}],"inLanguage":"it-IT"},{"@type":"Organization","@id":"https:\/\/www.safinel.fr\/#organization","name":"Safinel","url":"https:\/\/www.safinel.fr\/","logo":{"@type":"ImageObject","inLanguage":"it-IT","@id":"https:\/\/www.safinel.fr\/#\/schema\/logo\/image\/","url":"https:\/\/www.safinel.fr\/wp-content\/uploads\/2021\/05\/boutique-cosmetique.png","contentUrl":"https:\/\/www.safinel.fr\/wp-content\/uploads\/2021\/05\/boutique-cosmetique.png","width":800,"height":200,"caption":"Safinel"},"image":{"@id":"https:\/\/www.safinel.fr\/#\/schema\/logo\/image\/"}},{"@type":"Person","@id":"https:\/\/www.safinel.fr\/#\/schema\/person\/47f7357f8aa8a41a796811d3f8a3e055","name":"Naj","image":{"@type":"ImageObject","inLanguage":"it-IT","@id":"https:\/\/www.safinel.fr\/#\/schema\/person\/image\/","url":"https:\/\/secure.gravatar.com\/avatar\/5c0fa4f0bce748d4964b7d68e4b0ee1d8e3120edba58a55893ced967bd2093b5?s=96&d=mm&r=g","contentUrl":"https:\/\/secure.gravatar.com\/avatar\/5c0fa4f0bce748d4964b7d68e4b0ee1d8e3120edba58a55893ced967bd2093b5?s=96&d=mm&r=g","caption":"Naj"},"url":"https:\/\/www.safinel.fr\/it\/author\/naj\/"}]}},"_links":{"self":[{"href":"https:\/\/www.safinel.fr\/it\/wp-json\/wp\/v2\/posts\/12973","targetHints":{"allow":["GET"]}}],"collection":[{"href":"https:\/\/www.safinel.fr\/it\/wp-json\/wp\/v2\/posts"}],"about":[{"href":"https:\/\/www.safinel.fr\/it\/wp-json\/wp\/v2\/types\/post"}],"author":[{"embeddable":true,"href":"https:\/\/www.safinel.fr\/it\/wp-json\/wp\/v2\/users\/156"}],"replies":[{"embeddable":true,"href":"https:\/\/www.safinel.fr\/it\/wp-json\/wp\/v2\/comments?post=12973"}],"version-history":[{"count":1,"href":"https:\/\/www.safinel.fr\/it\/wp-json\/wp\/v2\/posts\/12973\/revisions"}],"predecessor-version":[{"id":12975,"href":"https:\/\/www.safinel.fr\/it\/wp-json\/wp\/v2\/posts\/12973\/revisions\/12975"}],"wp:featuredmedia":[{"embeddable":true,"href":"https:\/\/www.safinel.fr\/it\/wp-json\/wp\/v2\/media\/12974"}],"wp:attachment":[{"href":"https:\/\/www.safinel.fr\/it\/wp-json\/wp\/v2\/media?parent=12973"}],"wp:term":[{"taxonomy":"category","embeddable":true,"href":"https:\/\/www.safinel.fr\/it\/wp-json\/wp\/v2\/categories?post=12973"},{"taxonomy":"post_tag","embeddable":true,"href":"https:\/\/www.safinel.fr\/it\/wp-json\/wp\/v2\/tags?post=12973"}],"curies":[{"name":"wp","href":"https:\/\/api.w.org\/{rel}","templated":true}]}}