{"id":11471,"date":"2024-02-05T12:08:11","date_gmt":"2024-02-05T12:08:11","guid":{"rendered":"https:\/\/www.safinel.fr\/?p=11471"},"modified":"2024-02-05T12:08:13","modified_gmt":"2024-02-05T12:08:13","slug":"sedie-africane","status":"publish","type":"post","link":"https:\/\/www.safinel.fr\/it\/sedie-africane\/","title":{"rendered":"Il fascino delle sedie africane: un tocco di esotismo e di storia"},"content":{"rendered":"<p>Come parte del ricco patrimonio culturale dell'Africa, la&nbsp;<strong>Sedie africane<\/strong>&nbsp;occupano un posto speciale. Questi oggetti tradizionali sono spesso utilizzati per cerimonie ed eventi importanti. Rappresentano un patrimonio prezioso in molte parti del continente.<\/p>\n\n\n\n<h2 class=\"wp-block-heading\"><strong>Le origini delle sedie africane<\/strong><\/h2>\n\n\n\n<p>La tradizione delle sedie africane risale a secoli fa. Anche se \u00e8 difficile stabilire con esattezza le loro origini, sappiamo che alcune trib\u00f9 scolpivano gi\u00e0 su <strong><a href=\"https:\/\/www.safinel.fr\/it\/legno-africano\/\">legno<\/a><\/strong> prima dell'arrivo dei coloni europei in Africa. Le sedie erano considerate oggetti simbolici di potere, riservati a capi, re e altre personalit\u00e0 di alto rango.<\/p>\n\n\n\n<h3 class=\"wp-block-heading\"><strong>Le sedie da salotto<\/strong><\/h3>\n\n\n\n<p>Il&nbsp;<strong>sedie palaver<\/strong>&nbsp;sono un ottimo esempio di sedia tradizionale africana. Originarie dell'Africa occidentale, soprattutto del Mali, sono utilizzate per le riunioni di villaggio o per le assemblee degli anziani per discutere di affari correnti. Di altezza variabile e spesso decorate con motivi geometrici, queste sedie riflettono la ricchezza e la variet\u00e0 delle culture locali.<\/p>\n\n\n\n<h2 class=\"wp-block-heading\"><strong>Una variet\u00e0 di materiali e stili<\/strong><\/h2>\n\n\n\n<p>Nel corso del tempo e delle migrazioni, le sedie africane si sono evolute e adattate ai materiali disponibili. Possono essere realizzate in legno, vimini o ferro battuto. Anche gli stili variano enormemente da una regione all'altra, poich\u00e9 le sedie africane sono realizzate con metodi tradizionali specifici di ogni cultura.<\/p>\n\n\n\n<h3 class=\"wp-block-heading\"><strong>La lavorazione del legno delle sedie africane<\/strong><\/h3>\n\n\n\n<p>Il materiale pi\u00f9 comunemente utilizzato per realizzare una sedia africana \u00e8 il legno. Prediligendo specie locali e sostenibili come l'ebano, il teak e il palissandro, gli artigiani intagliano a mano sedie uniche che riflettono il loro know-how e le loro tradizioni secolari.<\/p>\n\n\n\n<h3 class=\"wp-block-heading\"><strong>I guardiani<\/strong><\/h3>\n\n\n\n<p>Il&nbsp;<strong>guardie<\/strong>&nbsp;sono un tipo di sedia molto interessante, che raramente si trova al di fuori delle gallerie d'arte africane. Questi oggetti rituali raffigurano figure antropomorfe montate su una base a tre gambe che simboleggiano gli antenati, i protettori o gli spiriti del villaggio. La loro funzione principale era quella di vegliare sulla comunit\u00e0 durante i periodi di agitazione o di fronte a minacce esterne.<\/p>\n\n\n\n<h3 class=\"wp-block-heading\"><strong>Intreccio di vimini<\/strong><\/h3>\n\n\n\n<p>Gli artigiani africani utilizzano il vimini per creare sedie leggere e confortevoli, spesso con cuscini colorati per un maggiore comfort. Questa tecnica ancestrale \u00e8 praticata soprattutto nei Paesi dell'Africa centrale come il Camerun e il Congo, dove l'artigianato dell'intreccio del vimini \u00e8 particolarmente sviluppato.<\/p>\n\n\n\n<h3 class=\"wp-block-heading\"><strong>Il ferro battuto delle sedie africane<\/strong><\/h3>\n\n\n\n<p>Il ferro battuto \u00e8 stato utilizzato fin dall'antichit\u00e0 per creare sedie tradizionali africane dalle forme pi\u00f9 moderne e slanciate. Pu\u00f2 essere utilizzato anche per creare sedie resistenti agli agenti atmosferici per uso esterno o per decorazioni ispirate ai giardini berberi.<\/p>\n\n\n\n<h2 class=\"wp-block-heading\"><strong>L'arte della galleria d'arte africana<\/strong><\/h2>\n\n\n\n<p>Per ricordare le origini di queste creazioni uniche, alcune gallerie d'arte si sono specializzate nella vendita di sedie africane provenienti da diverse parti del continente. Offrono sia opere originali realizzate da artigiani locali sia riproduzioni fedeli allo spirito dell'Africa.<\/p>\n\n\n\n<h3 class=\"wp-block-heading\"><strong>Criteri di selezione<\/strong><\/h3>\n\n\n\n<ul class=\"wp-block-list\">\n<li><strong>Stile:<\/strong>&nbsp;Scegliete una sedia che si adatti ai vostri gusti e al vostro arredamento. Le sedie africane sono disponibili in una variet\u00e0 di stili e forme, a seconda delle loro origini geografiche e culturali.<\/li>\n\n\n\n<li><strong>Comfort :<\/strong>&nbsp;Non scendete a compromessi sulla praticit\u00e0 e sul comfort della sedia che desiderate.<\/li>\n\n\n\n<li><strong>Qualit\u00e0:<\/strong>&nbsp;Prima di procedere all'acquisto, valutate la qualit\u00e0 dei materiali e delle finiture. Un sedile ben progettato durer\u00e0 pi\u00f9 a lungo e vi offrir\u00e0 un comfort ottimale.<\/li>\n\n\n\n<li><strong>Il prezzo :<\/strong>&nbsp;Infine, non dimenticate di confrontare i prezzi prima di decidere, poich\u00e9 le sedie africane fatte a mano possono variare notevolmente da una galleria all'altra.<\/li>\n<\/ul>\n\n\n\n<h3 class=\"wp-block-heading\"><strong>Si integrano con l'arredamento<\/strong><\/h3>\n\n\n\n<p>Oltre ad essere pratico e funzionale,&nbsp;<strong>Le sedie africane aggiungono un tocco etnico ed esotico agli interni moderni o tradizionali.<\/strong>. Abbinateli a oggetti d'arte africana come maschere, dipinti o tessuti per creare un'atmosfera calda e unica nella vostra casa.<\/p>\n\n\n\n<h2 class=\"wp-block-heading\"><strong>Una ricchezza culturale inestimabile<\/strong><\/h2>\n\n\n\n<p>In un momento in cui le sedie tradizionali africane sono particolarmente apprezzate dagli amanti dell'arte e della cultura di tutto il mondo, \u00e8 fondamentale preservare questo know-how ancestrale. <\/p>\n\n\n\n<p>Scegliendo di acquistare creazioni originali ed ecologiche, contribuite a sostenere gli artigiani che perpetuano queste tecniche, minacciate dalla globalizzazione.<\/p>","protected":false},"excerpt":{"rendered":"<p>Le sedie africane occupano un posto speciale nel ricco patrimonio culturale dell'Africa. Questi oggetti tradizionali sono spesso utilizzati per cerimonie ed eventi importanti. Rappresentano un patrimonio prezioso in molte parti del continente. Le origini delle sedie africane La tradizione delle sedie africane risale a secoli fa. Sebbene sia difficile determinarne l'origine, \u00e8 [...]","protected":false},"author":156,"featured_media":11472,"comment_status":"closed","ping_status":"closed","sticky":false,"template":"","format":"standard","meta":{"footnotes":""},"categories":[1],"tags":[],"class_list":["post-11471","post","type-post","status-publish","format-standard","has-post-thumbnail","hentry","category-divers"],"yoast_head":"<!-- This site is optimized with the Yoast SEO plugin v26.6 - https:\/\/yoast.com\/wordpress\/plugins\/seo\/ -->\n<title>Chaises africaines | \u00c0 la d\u00e9couverte de leurs histoire<\/title>\n<meta name=\"description\" content=\"Dans le riche patrimoine culturel de l&#039;Afrique, les\u00a0chaises africaines\u00a0occupent une place particuli\u00e8re. Tour d&#039;horizon dans cet article !\" \/>\n<meta name=\"robots\" content=\"index, follow, max-snippet:-1, max-image-preview:large, max-video-preview:-1\" \/>\n<link rel=\"canonical\" href=\"https:\/\/www.safinel.fr\/it\/sedie-africane\/\" \/>\n<meta property=\"og:locale\" content=\"it_IT\" \/>\n<meta property=\"og:type\" content=\"article\" \/>\n<meta property=\"og:title\" content=\"Chaises africaines | \u00c0 la d\u00e9couverte de leurs histoire\" \/>\n<meta property=\"og:description\" content=\"Dans le riche patrimoine culturel de l&#039;Afrique, les\u00a0chaises africaines\u00a0occupent une place particuli\u00e8re. Tour d&#039;horizon dans cet article !\" \/>\n<meta property=\"og:url\" content=\"https:\/\/www.safinel.fr\/it\/sedie-africane\/\" \/>\n<meta property=\"og:site_name\" content=\"Safinel\" \/>\n<meta property=\"article:published_time\" content=\"2024-02-05T12:08:11+00:00\" \/>\n<meta property=\"article:modified_time\" content=\"2024-02-05T12:08:13+00:00\" \/>\n<meta property=\"og:image\" content=\"https:\/\/www.safinel.fr\/wp-content\/uploads\/2024\/02\/chaises-africaines.jpg\" \/>\n\t<meta property=\"og:image:width\" content=\"1100\" \/>\n\t<meta property=\"og:image:height\" content=\"578\" \/>\n\t<meta property=\"og:image:type\" content=\"image\/jpeg\" \/>\n<meta name=\"author\" content=\"Naj\" \/>\n<meta name=\"twitter:card\" content=\"summary_large_image\" \/>\n<meta name=\"twitter:label1\" content=\"Scritto da\" \/>\n\t<meta name=\"twitter:data1\" content=\"Naj\" \/>\n\t<meta name=\"twitter:label2\" content=\"Tempo di lettura stimato\" \/>\n\t<meta name=\"twitter:data2\" content=\"4 minuti\" \/>\n<script type=\"application\/ld+json\" class=\"yoast-schema-graph\">{\"@context\":\"https:\/\/schema.org\",\"@graph\":[{\"@type\":\"Article\",\"@id\":\"https:\/\/www.safinel.fr\/chaises-africaines\/#article\",\"isPartOf\":{\"@id\":\"https:\/\/www.safinel.fr\/chaises-africaines\/\"},\"author\":{\"name\":\"Naj\",\"@id\":\"https:\/\/www.safinel.fr\/#\/schema\/person\/47f7357f8aa8a41a796811d3f8a3e055\"},\"headline\":\"Le charme des chaises africaines : une touche d&rsquo;exotisme et d&rsquo;histoire\",\"datePublished\":\"2024-02-05T12:08:11+00:00\",\"dateModified\":\"2024-02-05T12:08:13+00:00\",\"mainEntityOfPage\":{\"@id\":\"https:\/\/www.safinel.fr\/chaises-africaines\/\"},\"wordCount\":856,\"publisher\":{\"@id\":\"https:\/\/www.safinel.fr\/#organization\"},\"image\":{\"@id\":\"https:\/\/www.safinel.fr\/chaises-africaines\/#primaryimage\"},\"thumbnailUrl\":\"https:\/\/www.safinel.fr\/wp-content\/uploads\/2024\/02\/chaises-africaines.jpg\",\"articleSection\":[\"Divers\"],\"inLanguage\":\"it-IT\"},{\"@type\":\"WebPage\",\"@id\":\"https:\/\/www.safinel.fr\/chaises-africaines\/\",\"url\":\"https:\/\/www.safinel.fr\/chaises-africaines\/\",\"name\":\"Chaises africaines | \u00c0 la d\u00e9couverte de leurs histoire\",\"isPartOf\":{\"@id\":\"https:\/\/www.safinel.fr\/#website\"},\"primaryImageOfPage\":{\"@id\":\"https:\/\/www.safinel.fr\/chaises-africaines\/#primaryimage\"},\"image\":{\"@id\":\"https:\/\/www.safinel.fr\/chaises-africaines\/#primaryimage\"},\"thumbnailUrl\":\"https:\/\/www.safinel.fr\/wp-content\/uploads\/2024\/02\/chaises-africaines.jpg\",\"datePublished\":\"2024-02-05T12:08:11+00:00\",\"dateModified\":\"2024-02-05T12:08:13+00:00\",\"description\":\"Dans le riche patrimoine culturel de l'Afrique, les\u00a0chaises africaines\u00a0occupent une place particuli\u00e8re. Tour d'horizon dans cet article !\",\"breadcrumb\":{\"@id\":\"https:\/\/www.safinel.fr\/chaises-africaines\/#breadcrumb\"},\"inLanguage\":\"it-IT\",\"potentialAction\":[{\"@type\":\"ReadAction\",\"target\":[\"https:\/\/www.safinel.fr\/chaises-africaines\/\"]}]},{\"@type\":\"ImageObject\",\"inLanguage\":\"it-IT\",\"@id\":\"https:\/\/www.safinel.fr\/chaises-africaines\/#primaryimage\",\"url\":\"https:\/\/www.safinel.fr\/wp-content\/uploads\/2024\/02\/chaises-africaines.jpg\",\"contentUrl\":\"https:\/\/www.safinel.fr\/wp-content\/uploads\/2024\/02\/chaises-africaines.jpg\",\"width\":1100,\"height\":578,\"caption\":\"chaises africaines\"},{\"@type\":\"BreadcrumbList\",\"@id\":\"https:\/\/www.safinel.fr\/chaises-africaines\/#breadcrumb\",\"itemListElement\":[{\"@type\":\"ListItem\",\"position\":1,\"name\":\"Accueil\",\"item\":\"https:\/\/www.safinel.fr\/\"},{\"@type\":\"ListItem\",\"position\":2,\"name\":\"Le charme des chaises africaines : une touche d&#8217;exotisme et d&#8217;histoire\"}]},{\"@type\":\"WebSite\",\"@id\":\"https:\/\/www.safinel.fr\/#website\",\"url\":\"https:\/\/www.safinel.fr\/\",\"name\":\"Safinel\",\"description\":\"\",\"publisher\":{\"@id\":\"https:\/\/www.safinel.fr\/#organization\"},\"potentialAction\":[{\"@type\":\"SearchAction\",\"target\":{\"@type\":\"EntryPoint\",\"urlTemplate\":\"https:\/\/www.safinel.fr\/?s={search_term_string}\"},\"query-input\":{\"@type\":\"PropertyValueSpecification\",\"valueRequired\":true,\"valueName\":\"search_term_string\"}}],\"inLanguage\":\"it-IT\"},{\"@type\":\"Organization\",\"@id\":\"https:\/\/www.safinel.fr\/#organization\",\"name\":\"Safinel\",\"url\":\"https:\/\/www.safinel.fr\/\",\"logo\":{\"@type\":\"ImageObject\",\"inLanguage\":\"it-IT\",\"@id\":\"https:\/\/www.safinel.fr\/#\/schema\/logo\/image\/\",\"url\":\"https:\/\/www.safinel.fr\/wp-content\/uploads\/2021\/05\/boutique-cosmetique.png\",\"contentUrl\":\"https:\/\/www.safinel.fr\/wp-content\/uploads\/2021\/05\/boutique-cosmetique.png\",\"width\":800,\"height\":200,\"caption\":\"Safinel\"},\"image\":{\"@id\":\"https:\/\/www.safinel.fr\/#\/schema\/logo\/image\/\"}},{\"@type\":\"Person\",\"@id\":\"https:\/\/www.safinel.fr\/#\/schema\/person\/47f7357f8aa8a41a796811d3f8a3e055\",\"name\":\"Naj\",\"image\":{\"@type\":\"ImageObject\",\"inLanguage\":\"it-IT\",\"@id\":\"https:\/\/www.safinel.fr\/#\/schema\/person\/image\/\",\"url\":\"https:\/\/secure.gravatar.com\/avatar\/5c0fa4f0bce748d4964b7d68e4b0ee1d8e3120edba58a55893ced967bd2093b5?s=96&d=mm&r=g\",\"contentUrl\":\"https:\/\/secure.gravatar.com\/avatar\/5c0fa4f0bce748d4964b7d68e4b0ee1d8e3120edba58a55893ced967bd2093b5?s=96&d=mm&r=g\",\"caption\":\"Naj\"},\"url\":\"https:\/\/www.safinel.fr\/it\/author\/naj\/\"}]}<\/script>\n<!-- \/ Yoast SEO plugin. -->","yoast_head_json":{"title":"Sedie africane | Alla scoperta della loro storia","description":"Le sedie africane occupano un posto speciale nel ricco patrimonio culturale dell'Africa. Scoprite di pi\u00f9 in questo articolo!","robots":{"index":"index","follow":"follow","max-snippet":"max-snippet:-1","max-image-preview":"max-image-preview:large","max-video-preview":"max-video-preview:-1"},"canonical":"https:\/\/www.safinel.fr\/it\/sedie-africane\/","og_locale":"it_IT","og_type":"article","og_title":"Chaises africaines | \u00c0 la d\u00e9couverte de leurs histoire","og_description":"Dans le riche patrimoine culturel de l'Afrique, les\u00a0chaises africaines\u00a0occupent une place particuli\u00e8re. Tour d'horizon dans cet article !","og_url":"https:\/\/www.safinel.fr\/it\/sedie-africane\/","og_site_name":"Safinel","article_published_time":"2024-02-05T12:08:11+00:00","article_modified_time":"2024-02-05T12:08:13+00:00","og_image":[{"width":1100,"height":578,"url":"https:\/\/www.safinel.fr\/wp-content\/uploads\/2024\/02\/chaises-africaines.jpg","type":"image\/jpeg"}],"author":"Naj","twitter_card":"summary_large_image","twitter_misc":{"Scritto da":"Naj","Tempo di lettura stimato":"4 minuti"},"schema":{"@context":"https:\/\/schema.org","@graph":[{"@type":"Article","@id":"https:\/\/www.safinel.fr\/chaises-africaines\/#article","isPartOf":{"@id":"https:\/\/www.safinel.fr\/chaises-africaines\/"},"author":{"name":"Naj","@id":"https:\/\/www.safinel.fr\/#\/schema\/person\/47f7357f8aa8a41a796811d3f8a3e055"},"headline":"Le charme des chaises africaines : une touche d&rsquo;exotisme et d&rsquo;histoire","datePublished":"2024-02-05T12:08:11+00:00","dateModified":"2024-02-05T12:08:13+00:00","mainEntityOfPage":{"@id":"https:\/\/www.safinel.fr\/chaises-africaines\/"},"wordCount":856,"publisher":{"@id":"https:\/\/www.safinel.fr\/#organization"},"image":{"@id":"https:\/\/www.safinel.fr\/chaises-africaines\/#primaryimage"},"thumbnailUrl":"https:\/\/www.safinel.fr\/wp-content\/uploads\/2024\/02\/chaises-africaines.jpg","articleSection":["Divers"],"inLanguage":"it-IT"},{"@type":"WebPage","@id":"https:\/\/www.safinel.fr\/chaises-africaines\/","url":"https:\/\/www.safinel.fr\/chaises-africaines\/","name":"Sedie africane | Alla scoperta della loro storia","isPartOf":{"@id":"https:\/\/www.safinel.fr\/#website"},"primaryImageOfPage":{"@id":"https:\/\/www.safinel.fr\/chaises-africaines\/#primaryimage"},"image":{"@id":"https:\/\/www.safinel.fr\/chaises-africaines\/#primaryimage"},"thumbnailUrl":"https:\/\/www.safinel.fr\/wp-content\/uploads\/2024\/02\/chaises-africaines.jpg","datePublished":"2024-02-05T12:08:11+00:00","dateModified":"2024-02-05T12:08:13+00:00","description":"Le sedie africane occupano un posto speciale nel ricco patrimonio culturale dell'Africa. Scoprite di pi\u00f9 in questo articolo!","breadcrumb":{"@id":"https:\/\/www.safinel.fr\/chaises-africaines\/#breadcrumb"},"inLanguage":"it-IT","potentialAction":[{"@type":"ReadAction","target":["https:\/\/www.safinel.fr\/chaises-africaines\/"]}]},{"@type":"ImageObject","inLanguage":"it-IT","@id":"https:\/\/www.safinel.fr\/chaises-africaines\/#primaryimage","url":"https:\/\/www.safinel.fr\/wp-content\/uploads\/2024\/02\/chaises-africaines.jpg","contentUrl":"https:\/\/www.safinel.fr\/wp-content\/uploads\/2024\/02\/chaises-africaines.jpg","width":1100,"height":578,"caption":"chaises africaines"},{"@type":"BreadcrumbList","@id":"https:\/\/www.safinel.fr\/chaises-africaines\/#breadcrumb","itemListElement":[{"@type":"ListItem","position":1,"name":"Accueil","item":"https:\/\/www.safinel.fr\/"},{"@type":"ListItem","position":2,"name":"Le charme des chaises africaines : une touche d&#8217;exotisme et d&#8217;histoire"}]},{"@type":"WebSite","@id":"https:\/\/www.safinel.fr\/#website","url":"https:\/\/www.safinel.fr\/","name":"Safinel","description":"","publisher":{"@id":"https:\/\/www.safinel.fr\/#organization"},"potentialAction":[{"@type":"SearchAction","target":{"@type":"EntryPoint","urlTemplate":"https:\/\/www.safinel.fr\/?s={search_term_string}"},"query-input":{"@type":"PropertyValueSpecification","valueRequired":true,"valueName":"search_term_string"}}],"inLanguage":"it-IT"},{"@type":"Organization","@id":"https:\/\/www.safinel.fr\/#organization","name":"Safinel","url":"https:\/\/www.safinel.fr\/","logo":{"@type":"ImageObject","inLanguage":"it-IT","@id":"https:\/\/www.safinel.fr\/#\/schema\/logo\/image\/","url":"https:\/\/www.safinel.fr\/wp-content\/uploads\/2021\/05\/boutique-cosmetique.png","contentUrl":"https:\/\/www.safinel.fr\/wp-content\/uploads\/2021\/05\/boutique-cosmetique.png","width":800,"height":200,"caption":"Safinel"},"image":{"@id":"https:\/\/www.safinel.fr\/#\/schema\/logo\/image\/"}},{"@type":"Person","@id":"https:\/\/www.safinel.fr\/#\/schema\/person\/47f7357f8aa8a41a796811d3f8a3e055","name":"Naj","image":{"@type":"ImageObject","inLanguage":"it-IT","@id":"https:\/\/www.safinel.fr\/#\/schema\/person\/image\/","url":"https:\/\/secure.gravatar.com\/avatar\/5c0fa4f0bce748d4964b7d68e4b0ee1d8e3120edba58a55893ced967bd2093b5?s=96&d=mm&r=g","contentUrl":"https:\/\/secure.gravatar.com\/avatar\/5c0fa4f0bce748d4964b7d68e4b0ee1d8e3120edba58a55893ced967bd2093b5?s=96&d=mm&r=g","caption":"Naj"},"url":"https:\/\/www.safinel.fr\/it\/author\/naj\/"}]}},"_links":{"self":[{"href":"https:\/\/www.safinel.fr\/it\/wp-json\/wp\/v2\/posts\/11471","targetHints":{"allow":["GET"]}}],"collection":[{"href":"https:\/\/www.safinel.fr\/it\/wp-json\/wp\/v2\/posts"}],"about":[{"href":"https:\/\/www.safinel.fr\/it\/wp-json\/wp\/v2\/types\/post"}],"author":[{"embeddable":true,"href":"https:\/\/www.safinel.fr\/it\/wp-json\/wp\/v2\/users\/156"}],"replies":[{"embeddable":true,"href":"https:\/\/www.safinel.fr\/it\/wp-json\/wp\/v2\/comments?post=11471"}],"version-history":[{"count":1,"href":"https:\/\/www.safinel.fr\/it\/wp-json\/wp\/v2\/posts\/11471\/revisions"}],"predecessor-version":[{"id":11473,"href":"https:\/\/www.safinel.fr\/it\/wp-json\/wp\/v2\/posts\/11471\/revisions\/11473"}],"wp:featuredmedia":[{"embeddable":true,"href":"https:\/\/www.safinel.fr\/it\/wp-json\/wp\/v2\/media\/11472"}],"wp:attachment":[{"href":"https:\/\/www.safinel.fr\/it\/wp-json\/wp\/v2\/media?parent=11471"}],"wp:term":[{"taxonomy":"category","embeddable":true,"href":"https:\/\/www.safinel.fr\/it\/wp-json\/wp\/v2\/categories?post=11471"},{"taxonomy":"post_tag","embeddable":true,"href":"https:\/\/www.safinel.fr\/it\/wp-json\/wp\/v2\/tags?post=11471"}],"curies":[{"name":"wp","href":"https:\/\/api.w.org\/{rel}","templated":true}]}}