{"id":8904,"date":"2023-10-06T15:09:09","date_gmt":"2023-10-06T15:09:09","guid":{"rendered":"https:\/\/www.safinel.fr\/?p=8904"},"modified":"2023-10-06T15:09:11","modified_gmt":"2023-10-06T15:09:11","slug":"manchas-e-imperfecciones","status":"publish","type":"post","link":"https:\/\/www.safinel.fr\/es\/manchas-e-imperfecciones\/","title":{"rendered":"Luminosidad natural: diga adi\u00f3s a las manchas e imperfecciones con productos naturales para la piel"},"content":{"rendered":"<p>\u00bfSue\u00f1a con una piel radiante, libre de manchas, imperfecciones y marcas del tiempo? Sum\u00e9rjase en el mundo del cuidado facial y corporal antimanchas, donde la naturaleza es la clave. Explore los secretos de 100 productos naturales % para revelar su belleza natural.<\/p>\n\n\n\n<h2 class=\"wp-block-heading\"><strong>Los beneficios del cuidado natural de la piel<\/strong><\/h2>\n\n\n\n<p><a href=\"https:\/\/nubiance.fr\/collections\/taches\" target=\"_blank\" rel=\"noreferrer noopener\"><strong>Cuidado antimanchas para pieles negras<\/strong><\/a>, \u00bfPor qu\u00e9 utilizarlos? Los productos naturales para el cuidado de la piel ofrecen muchas ventajas. Son suaves, sin productos qu\u00edmicos agresivos, y adecuados para todo tipo de pieles, incluso las m\u00e1s sensibles. Adem\u00e1s, son respetuosos con el medio ambiente. Los productos naturales suelen ser ricos en antioxidantes, vitaminas e ingredientes calmantes que favorecen un cutis radiante.<\/p>\n\n\n\n<p>Si opta por productos naturales para el cuidado de la piel, podr\u00e1 nutrirla en profundidad, favorecer la regeneraci\u00f3n celular y reducir el riesgo de irritaci\u00f3n. Y, sobre todo, contribuyes a proteger el planeta gracias a ingredientes sostenibles y respetuosos con el medio ambiente.<\/p>\n\n\n\n<h2 class=\"wp-block-heading\"><strong>Tratamiento de las manchas marrones<\/strong><\/h2>\n\n\n\n<p>Las manchas marrones son un problema com\u00fan, especialmente con la exposici\u00f3n al sol. Productos naturales como el aceite de arg\u00e1n, <strong><a href=\"https:\/\/www.safinel.fr\/es\/product-category-2\/apicultura\/\">miel<\/a><\/strong> y lim\u00f3n pueden ayudar a aclarar gradualmente las manchas oscuras. Apl\u00edcalos regularmente en las zonas afectadas para obtener resultados visibles.<\/p>\n\n\n\n<h2 class=\"wp-block-heading\"><strong>Combatir los signos del envejecimiento<\/strong><\/h2>\n\n\n\n<p>El envejecimiento de la piel es inevitable, pero se pueden reducir sus efectos. Los aceites naturales, como el de aguacate y el de rosa mosqueta, son ricos en \u00e1cidos grasos y antioxidantes, y ayudan a reducir la aparici\u00f3n de l\u00edneas finas y arrugas.<\/p>\n\n\n\n<h2 class=\"wp-block-heading\"><strong>Manchas blancas en la piel: tratamiento natural<\/strong><\/h2>\n\n\n\n<p>Las manchas blancas, tambi\u00e9n conocidas como vit\u00edligo, pueden resultar embarazosas. Algunos aceites esenciales, como el de lavanda y el de manzanilla, pueden ayudar a igualar el tono de la piel reduciendo la pigmentaci\u00f3n irregular.<\/p>\n\n\n\n<h2 class=\"wp-block-heading\"><strong>Cuidado antimanchas ecol\u00f3gico<\/strong><\/h2>\n\n\n\n<p>Las manchas son un problema com\u00fan, sobre todo entre los adolescentes. Opta por productos naturales que contengan aceite de \u00e1rbol de t\u00e9, conocido por sus propiedades antibacterianas, o aceite de jojoba para regular la producci\u00f3n de sebo.<\/p>\n\n\n\n<h2 class=\"wp-block-heading\"><strong>Rutina de cuidados para una piel radiante<\/strong><\/h2>\n\n\n\n<p>Crea una rutina de cuidado de la piel completa para lucir una piel radiante. Utiliza un limpiador suave elaborado con ingredientes naturales, seguido de un exfoliante suave para eliminar las c\u00e9lulas muertas de la piel. A continuaci\u00f3n, aplica un s\u00e9rum rico en ingredientes naturales para tratar los problemas espec\u00edficos de tu piel. Termina con una crema hidratante natural para sellar la hidrataci\u00f3n.<\/p>\n\n\n\n<h2 class=\"wp-block-heading\"><strong>Productos naturales para combatir las manchas pigmentarias<\/strong><\/h2>\n\n\n\n<p>Adem\u00e1s de los remedios caseros, existen muchos productos naturales en el mercado especialmente formulados para combatir las manchas pigmentarias. Busca productos que contengan extractos de plantas aclarantes, como el regaliz o la manzanilla, para obtener resultados \u00f3ptimos.<\/p>\n\n\n\n<p>En conclusi\u00f3n, los productos naturales 100 % para el cuidado facial y corporal contra las manchas ofrecen una soluci\u00f3n suave y eficaz para eliminar las manchas, las imperfecciones y los signos del envejecimiento. Al incorporar estos productos naturales a su rutina de cuidado de la piel, puede recuperar una piel radiante y de aspecto saludable, evitando al mismo tiempo los productos qu\u00edmicos agresivos. As\u00ed que elige la naturaleza para revelar tu resplandor natural.<\/p>","protected":false},"excerpt":{"rendered":"<p>\u00bfSue\u00f1a con una piel radiante, libre de manchas, imperfecciones y marcas del tiempo? Sum\u00e9rjase en el mundo del cuidado facial y corporal antimanchas, donde la naturaleza es la clave. Explore los secretos de 100 productos naturales % para revelar su belleza natural. Los beneficios de los cuidados naturales Cuidados antimanchas para la piel negra, por qu\u00e9 [...]","protected":false},"author":156,"featured_media":8905,"comment_status":"closed","ping_status":"closed","sticky":false,"template":"","format":"standard","meta":{"footnotes":""},"categories":[1],"tags":[],"class_list":["post-8904","post","type-post","status-publish","format-standard","has-post-thumbnail","hentry","category-divers"],"yoast_head":"<!-- This site is optimized with the Yoast SEO plugin v26.6 - https:\/\/yoast.com\/wordpress\/plugins\/seo\/ -->\n<title>Taches et imperfections | Dites adieu avec des soins naturels<\/title>\n<meta name=\"description\" content=\"R\u00eavez-vous d&#039;une peau radieuse, exempte de taches, d&#039;imperfections et des marques du temps ? D\u00e9couvrez nos recommandations !\" \/>\n<meta name=\"robots\" content=\"index, follow, max-snippet:-1, max-image-preview:large, max-video-preview:-1\" \/>\n<link rel=\"canonical\" href=\"https:\/\/www.safinel.fr\/es\/manchas-e-imperfecciones\/\" \/>\n<meta property=\"og:locale\" content=\"es_ES\" \/>\n<meta property=\"og:type\" content=\"article\" \/>\n<meta property=\"og:title\" content=\"Taches et imperfections | Dites adieu avec des soins naturels\" \/>\n<meta property=\"og:description\" content=\"R\u00eavez-vous d&#039;une peau radieuse, exempte de taches, d&#039;imperfections et des marques du temps ? D\u00e9couvrez nos recommandations !\" \/>\n<meta property=\"og:url\" content=\"https:\/\/www.safinel.fr\/es\/manchas-e-imperfecciones\/\" \/>\n<meta property=\"og:site_name\" content=\"Safinel\" \/>\n<meta property=\"article:published_time\" content=\"2023-10-06T15:09:09+00:00\" \/>\n<meta property=\"article:modified_time\" content=\"2023-10-06T15:09:11+00:00\" \/>\n<meta property=\"og:image\" content=\"https:\/\/www.safinel.fr\/wp-content\/uploads\/2023\/10\/Dites-adieu-aux-taches-et-imperfections.jpg\" \/>\n\t<meta property=\"og:image:width\" content=\"1100\" \/>\n\t<meta property=\"og:image:height\" content=\"578\" \/>\n\t<meta property=\"og:image:type\" content=\"image\/jpeg\" \/>\n<meta name=\"author\" content=\"Naj\" \/>\n<meta name=\"twitter:card\" content=\"summary_large_image\" \/>\n<meta name=\"twitter:label1\" content=\"Escrito por\" \/>\n\t<meta name=\"twitter:data1\" content=\"Naj\" \/>\n\t<meta name=\"twitter:label2\" content=\"Tiempo de lectura\" \/>\n\t<meta name=\"twitter:data2\" content=\"3 minutos\" \/>\n<script type=\"application\/ld+json\" class=\"yoast-schema-graph\">{\"@context\":\"https:\/\/schema.org\",\"@graph\":[{\"@type\":\"Article\",\"@id\":\"https:\/\/www.safinel.fr\/taches-et-imperfections\/#article\",\"isPartOf\":{\"@id\":\"https:\/\/www.safinel.fr\/taches-et-imperfections\/\"},\"author\":{\"name\":\"Naj\",\"@id\":\"https:\/\/www.safinel.fr\/#\/schema\/person\/47f7357f8aa8a41a796811d3f8a3e055\"},\"headline\":\"\u00c9clat naturel : dites adieu aux taches et imperfections avec des soins naturels\",\"datePublished\":\"2023-10-06T15:09:09+00:00\",\"dateModified\":\"2023-10-06T15:09:11+00:00\",\"mainEntityOfPage\":{\"@id\":\"https:\/\/www.safinel.fr\/taches-et-imperfections\/\"},\"wordCount\":576,\"publisher\":{\"@id\":\"https:\/\/www.safinel.fr\/#organization\"},\"image\":{\"@id\":\"https:\/\/www.safinel.fr\/taches-et-imperfections\/#primaryimage\"},\"thumbnailUrl\":\"https:\/\/www.safinel.fr\/wp-content\/uploads\/2023\/10\/Dites-adieu-aux-taches-et-imperfections.jpg\",\"articleSection\":[\"Divers\"],\"inLanguage\":\"es\"},{\"@type\":\"WebPage\",\"@id\":\"https:\/\/www.safinel.fr\/taches-et-imperfections\/\",\"url\":\"https:\/\/www.safinel.fr\/taches-et-imperfections\/\",\"name\":\"Taches et imperfections | Dites adieu avec des soins naturels\",\"isPartOf\":{\"@id\":\"https:\/\/www.safinel.fr\/#website\"},\"primaryImageOfPage\":{\"@id\":\"https:\/\/www.safinel.fr\/taches-et-imperfections\/#primaryimage\"},\"image\":{\"@id\":\"https:\/\/www.safinel.fr\/taches-et-imperfections\/#primaryimage\"},\"thumbnailUrl\":\"https:\/\/www.safinel.fr\/wp-content\/uploads\/2023\/10\/Dites-adieu-aux-taches-et-imperfections.jpg\",\"datePublished\":\"2023-10-06T15:09:09+00:00\",\"dateModified\":\"2023-10-06T15:09:11+00:00\",\"description\":\"R\u00eavez-vous d'une peau radieuse, exempte de taches, d'imperfections et des marques du temps ? D\u00e9couvrez nos recommandations !\",\"breadcrumb\":{\"@id\":\"https:\/\/www.safinel.fr\/taches-et-imperfections\/#breadcrumb\"},\"inLanguage\":\"es\",\"potentialAction\":[{\"@type\":\"ReadAction\",\"target\":[\"https:\/\/www.safinel.fr\/taches-et-imperfections\/\"]}]},{\"@type\":\"ImageObject\",\"inLanguage\":\"es\",\"@id\":\"https:\/\/www.safinel.fr\/taches-et-imperfections\/#primaryimage\",\"url\":\"https:\/\/www.safinel.fr\/wp-content\/uploads\/2023\/10\/Dites-adieu-aux-taches-et-imperfections.jpg\",\"contentUrl\":\"https:\/\/www.safinel.fr\/wp-content\/uploads\/2023\/10\/Dites-adieu-aux-taches-et-imperfections.jpg\",\"width\":1100,\"height\":578,\"caption\":\"taches\"},{\"@type\":\"BreadcrumbList\",\"@id\":\"https:\/\/www.safinel.fr\/taches-et-imperfections\/#breadcrumb\",\"itemListElement\":[{\"@type\":\"ListItem\",\"position\":1,\"name\":\"Accueil\",\"item\":\"https:\/\/www.safinel.fr\/\"},{\"@type\":\"ListItem\",\"position\":2,\"name\":\"\u00c9clat naturel : dites adieu aux taches et imperfections avec des soins naturels\"}]},{\"@type\":\"WebSite\",\"@id\":\"https:\/\/www.safinel.fr\/#website\",\"url\":\"https:\/\/www.safinel.fr\/\",\"name\":\"Safinel\",\"description\":\"\",\"publisher\":{\"@id\":\"https:\/\/www.safinel.fr\/#organization\"},\"potentialAction\":[{\"@type\":\"SearchAction\",\"target\":{\"@type\":\"EntryPoint\",\"urlTemplate\":\"https:\/\/www.safinel.fr\/?s={search_term_string}\"},\"query-input\":{\"@type\":\"PropertyValueSpecification\",\"valueRequired\":true,\"valueName\":\"search_term_string\"}}],\"inLanguage\":\"es\"},{\"@type\":\"Organization\",\"@id\":\"https:\/\/www.safinel.fr\/#organization\",\"name\":\"Safinel\",\"url\":\"https:\/\/www.safinel.fr\/\",\"logo\":{\"@type\":\"ImageObject\",\"inLanguage\":\"es\",\"@id\":\"https:\/\/www.safinel.fr\/#\/schema\/logo\/image\/\",\"url\":\"https:\/\/www.safinel.fr\/wp-content\/uploads\/2021\/05\/boutique-cosmetique.png\",\"contentUrl\":\"https:\/\/www.safinel.fr\/wp-content\/uploads\/2021\/05\/boutique-cosmetique.png\",\"width\":800,\"height\":200,\"caption\":\"Safinel\"},\"image\":{\"@id\":\"https:\/\/www.safinel.fr\/#\/schema\/logo\/image\/\"}},{\"@type\":\"Person\",\"@id\":\"https:\/\/www.safinel.fr\/#\/schema\/person\/47f7357f8aa8a41a796811d3f8a3e055\",\"name\":\"Naj\",\"image\":{\"@type\":\"ImageObject\",\"inLanguage\":\"es\",\"@id\":\"https:\/\/www.safinel.fr\/#\/schema\/person\/image\/\",\"url\":\"https:\/\/secure.gravatar.com\/avatar\/5c0fa4f0bce748d4964b7d68e4b0ee1d8e3120edba58a55893ced967bd2093b5?s=96&d=mm&r=g\",\"contentUrl\":\"https:\/\/secure.gravatar.com\/avatar\/5c0fa4f0bce748d4964b7d68e4b0ee1d8e3120edba58a55893ced967bd2093b5?s=96&d=mm&r=g\",\"caption\":\"Naj\"},\"url\":\"https:\/\/www.safinel.fr\/es\/author\/naj\/\"}]}<\/script>\n<!-- \/ Yoast SEO plugin. -->","yoast_head_json":{"title":"Manchas e imperfecciones | Di adi\u00f3s con cuidados naturales para la piel","description":"\u00bfSue\u00f1a con una piel radiante, libre de manchas, imperfecciones y marcas del tiempo? Descubra nuestras recomendaciones.","robots":{"index":"index","follow":"follow","max-snippet":"max-snippet:-1","max-image-preview":"max-image-preview:large","max-video-preview":"max-video-preview:-1"},"canonical":"https:\/\/www.safinel.fr\/es\/manchas-e-imperfecciones\/","og_locale":"es_ES","og_type":"article","og_title":"Taches et imperfections | Dites adieu avec des soins naturels","og_description":"R\u00eavez-vous d'une peau radieuse, exempte de taches, d'imperfections et des marques du temps ? D\u00e9couvrez nos recommandations !","og_url":"https:\/\/www.safinel.fr\/es\/manchas-e-imperfecciones\/","og_site_name":"Safinel","article_published_time":"2023-10-06T15:09:09+00:00","article_modified_time":"2023-10-06T15:09:11+00:00","og_image":[{"width":1100,"height":578,"url":"https:\/\/www.safinel.fr\/wp-content\/uploads\/2023\/10\/Dites-adieu-aux-taches-et-imperfections.jpg","type":"image\/jpeg"}],"author":"Naj","twitter_card":"summary_large_image","twitter_misc":{"Escrito por":"Naj","Tiempo de lectura":"3 minutos"},"schema":{"@context":"https:\/\/schema.org","@graph":[{"@type":"Article","@id":"https:\/\/www.safinel.fr\/taches-et-imperfections\/#article","isPartOf":{"@id":"https:\/\/www.safinel.fr\/taches-et-imperfections\/"},"author":{"name":"Naj","@id":"https:\/\/www.safinel.fr\/#\/schema\/person\/47f7357f8aa8a41a796811d3f8a3e055"},"headline":"\u00c9clat naturel : dites adieu aux taches et imperfections avec des soins naturels","datePublished":"2023-10-06T15:09:09+00:00","dateModified":"2023-10-06T15:09:11+00:00","mainEntityOfPage":{"@id":"https:\/\/www.safinel.fr\/taches-et-imperfections\/"},"wordCount":576,"publisher":{"@id":"https:\/\/www.safinel.fr\/#organization"},"image":{"@id":"https:\/\/www.safinel.fr\/taches-et-imperfections\/#primaryimage"},"thumbnailUrl":"https:\/\/www.safinel.fr\/wp-content\/uploads\/2023\/10\/Dites-adieu-aux-taches-et-imperfections.jpg","articleSection":["Divers"],"inLanguage":"es"},{"@type":"WebPage","@id":"https:\/\/www.safinel.fr\/taches-et-imperfections\/","url":"https:\/\/www.safinel.fr\/taches-et-imperfections\/","name":"Manchas e imperfecciones | Di adi\u00f3s con cuidados naturales para la piel","isPartOf":{"@id":"https:\/\/www.safinel.fr\/#website"},"primaryImageOfPage":{"@id":"https:\/\/www.safinel.fr\/taches-et-imperfections\/#primaryimage"},"image":{"@id":"https:\/\/www.safinel.fr\/taches-et-imperfections\/#primaryimage"},"thumbnailUrl":"https:\/\/www.safinel.fr\/wp-content\/uploads\/2023\/10\/Dites-adieu-aux-taches-et-imperfections.jpg","datePublished":"2023-10-06T15:09:09+00:00","dateModified":"2023-10-06T15:09:11+00:00","description":"\u00bfSue\u00f1a con una piel radiante, libre de manchas, imperfecciones y marcas del tiempo? Descubra nuestras recomendaciones.","breadcrumb":{"@id":"https:\/\/www.safinel.fr\/taches-et-imperfections\/#breadcrumb"},"inLanguage":"es","potentialAction":[{"@type":"ReadAction","target":["https:\/\/www.safinel.fr\/taches-et-imperfections\/"]}]},{"@type":"ImageObject","inLanguage":"es","@id":"https:\/\/www.safinel.fr\/taches-et-imperfections\/#primaryimage","url":"https:\/\/www.safinel.fr\/wp-content\/uploads\/2023\/10\/Dites-adieu-aux-taches-et-imperfections.jpg","contentUrl":"https:\/\/www.safinel.fr\/wp-content\/uploads\/2023\/10\/Dites-adieu-aux-taches-et-imperfections.jpg","width":1100,"height":578,"caption":"taches"},{"@type":"BreadcrumbList","@id":"https:\/\/www.safinel.fr\/taches-et-imperfections\/#breadcrumb","itemListElement":[{"@type":"ListItem","position":1,"name":"Accueil","item":"https:\/\/www.safinel.fr\/"},{"@type":"ListItem","position":2,"name":"\u00c9clat naturel : dites adieu aux taches et imperfections avec des soins naturels"}]},{"@type":"WebSite","@id":"https:\/\/www.safinel.fr\/#website","url":"https:\/\/www.safinel.fr\/","name":"Safinel","description":"","publisher":{"@id":"https:\/\/www.safinel.fr\/#organization"},"potentialAction":[{"@type":"SearchAction","target":{"@type":"EntryPoint","urlTemplate":"https:\/\/www.safinel.fr\/?s={search_term_string}"},"query-input":{"@type":"PropertyValueSpecification","valueRequired":true,"valueName":"search_term_string"}}],"inLanguage":"es"},{"@type":"Organization","@id":"https:\/\/www.safinel.fr\/#organization","name":"Safinel","url":"https:\/\/www.safinel.fr\/","logo":{"@type":"ImageObject","inLanguage":"es","@id":"https:\/\/www.safinel.fr\/#\/schema\/logo\/image\/","url":"https:\/\/www.safinel.fr\/wp-content\/uploads\/2021\/05\/boutique-cosmetique.png","contentUrl":"https:\/\/www.safinel.fr\/wp-content\/uploads\/2021\/05\/boutique-cosmetique.png","width":800,"height":200,"caption":"Safinel"},"image":{"@id":"https:\/\/www.safinel.fr\/#\/schema\/logo\/image\/"}},{"@type":"Person","@id":"https:\/\/www.safinel.fr\/#\/schema\/person\/47f7357f8aa8a41a796811d3f8a3e055","name":"Naj","image":{"@type":"ImageObject","inLanguage":"es","@id":"https:\/\/www.safinel.fr\/#\/schema\/person\/image\/","url":"https:\/\/secure.gravatar.com\/avatar\/5c0fa4f0bce748d4964b7d68e4b0ee1d8e3120edba58a55893ced967bd2093b5?s=96&d=mm&r=g","contentUrl":"https:\/\/secure.gravatar.com\/avatar\/5c0fa4f0bce748d4964b7d68e4b0ee1d8e3120edba58a55893ced967bd2093b5?s=96&d=mm&r=g","caption":"Naj"},"url":"https:\/\/www.safinel.fr\/es\/author\/naj\/"}]}},"_links":{"self":[{"href":"https:\/\/www.safinel.fr\/es\/wp-json\/wp\/v2\/posts\/8904","targetHints":{"allow":["GET"]}}],"collection":[{"href":"https:\/\/www.safinel.fr\/es\/wp-json\/wp\/v2\/posts"}],"about":[{"href":"https:\/\/www.safinel.fr\/es\/wp-json\/wp\/v2\/types\/post"}],"author":[{"embeddable":true,"href":"https:\/\/www.safinel.fr\/es\/wp-json\/wp\/v2\/users\/156"}],"replies":[{"embeddable":true,"href":"https:\/\/www.safinel.fr\/es\/wp-json\/wp\/v2\/comments?post=8904"}],"version-history":[{"count":1,"href":"https:\/\/www.safinel.fr\/es\/wp-json\/wp\/v2\/posts\/8904\/revisions"}],"predecessor-version":[{"id":8906,"href":"https:\/\/www.safinel.fr\/es\/wp-json\/wp\/v2\/posts\/8904\/revisions\/8906"}],"wp:featuredmedia":[{"embeddable":true,"href":"https:\/\/www.safinel.fr\/es\/wp-json\/wp\/v2\/media\/8905"}],"wp:attachment":[{"href":"https:\/\/www.safinel.fr\/es\/wp-json\/wp\/v2\/media?parent=8904"}],"wp:term":[{"taxonomy":"category","embeddable":true,"href":"https:\/\/www.safinel.fr\/es\/wp-json\/wp\/v2\/categories?post=8904"},{"taxonomy":"post_tag","embeddable":true,"href":"https:\/\/www.safinel.fr\/es\/wp-json\/wp\/v2\/tags?post=8904"}],"curies":[{"name":"wp","href":"https:\/\/api.w.org\/{rel}","templated":true}]}}