{"id":8443,"date":"2023-09-10T18:44:52","date_gmt":"2023-09-10T18:44:52","guid":{"rendered":"https:\/\/www.safinel.fr\/?p=8443"},"modified":"2023-09-10T18:44:54","modified_gmt":"2023-09-10T18:44:54","slug":"eczema-piel-negra","status":"publish","type":"post","link":"https:\/\/www.safinel.fr\/es\/eczema-piel-negra\/","title":{"rendered":"Eccema de piel negra: comprender y tratar esta afecci\u00f3n cut\u00e1nea"},"content":{"rendered":"<p>L\u2019<strong>eczema piel negra<\/strong>&nbsp;es una afecci\u00f3n cut\u00e1nea com\u00fan en personas de piel oscura. Se manifiesta como&nbsp;<strong>picor<\/strong>, En algunos casos, puede provocar erupciones, enrojecimiento y manchas secas en la piel. En algunos casos, puede provocar&nbsp;<strong>liquenificaci\u00f3n<\/strong>, Se trata de un engrosamiento de la piel con marcas m\u00e1s oscuras. Es esencial saber reconocer&nbsp;<strong>s\u00edntomas<\/strong>&nbsp;del eczema para poder tratarlo eficazmente.<\/p>\n\n\n\n<h2 class=\"wp-block-heading\" id=\"h-les-diff-rents-types-d-ecz-ma-peau-noire\"><strong>Los diferentes tipos de eczema de piel negra<\/strong><\/h2>\n\n\n\n<p>Existen varios tipos de eccema que pueden afectar a las personas de piel oscura. Por ejemplo<\/p>\n\n\n\n<ul class=\"wp-block-list\">\n<li><strong>Dermatitis at\u00f3pica<\/strong>&nbsp;Eccema de piel negra: es la forma m\u00e1s com\u00fan de eccema de piel negra. Se caracteriza por una inflamaci\u00f3n cr\u00f3nica de la piel, a menudo asociada a una predisposici\u00f3n gen\u00e9tica.<\/li>\n\n\n\n<li><strong>Dermatitis de contacto<\/strong>\u00a0Es el resultado de una reacci\u00f3n al\u00e9rgica o irritaci\u00f3n provocada por el contacto de la piel con una sustancia determinada (perfume, jab\u00f3n, etc.), <strong><a href=\"https:\/\/www.safinel.fr\/es\/product-category-2\/mujer-baya\/\">joyer\u00eda<\/a><\/strong>, etc.).<\/li>\n\n\n\n<li><strong>Dishidrosis<\/strong>&nbsp;eczema: esta forma de eczema se manifiesta en forma de peque\u00f1as ampollas llenas de l\u00edquido, principalmente en manos y pies.<\/li>\n<\/ul>\n\n\n\n<h2 class=\"wp-block-heading\" id=\"h-les-sympt-mes-de-l-ecz-ma-peau-noire\"><strong>S\u00edntomas del eczema de piel negra<\/strong><\/h2>\n\n\n\n<p>El eczema de piel negra puede manifestarse de diferentes formas&nbsp;<strong>s\u00edntomas<\/strong>, Var\u00edan en funci\u00f3n de la gravedad de la enfermedad:<\/p>\n\n\n\n<ul class=\"wp-block-list\">\n<li><strong>Picor<\/strong>&nbsp;Picor: suele ser el primer signo de eczema. El picor puede ser leve o intenso, e ir acompa\u00f1ado de una sensaci\u00f3n de quemaz\u00f3n.<\/li>\n\n\n\n<li><strong>Enrojecimiento e inflamaci\u00f3n<\/strong>&nbsp;La piel se enrojece e inflama debido a reacciones al\u00e9rgicas o inflamatorias en las capas m\u00e1s profundas de la piel.<\/li>\n\n\n\n<li><strong>Descamaci\u00f3n y parches secos<\/strong>&nbsp;La piel se seca y se agrieta, formando parches secos y escamosos.<\/li>\n\n\n\n<li><strong>Rezuma<\/strong>&nbsp;Supuraci\u00f3n: en algunos casos, la piel puede supurar un l\u00edquido transparente o amarillento. Este fen\u00f3meno es m\u00e1s frecuente en casos de dermatitis de contacto o dishidrosis.<\/li>\n\n\n\n<li><strong>Liquenificaci\u00f3n<\/strong>&nbsp;Liquenificaci\u00f3n: el engrosamiento de la piel y la aparici\u00f3n de marcas m\u00e1s oscuras son signos de liquenificaci\u00f3n, que resulta del rascado cr\u00f3nico de la zona afectada.<\/li>\n<\/ul>\n\n\n\n<h3 class=\"wp-block-heading\" id=\"h-la-couleur-de-l-ecz-ma-sur-les-peaux-fonc-es\"><strong>El color del eczema en la piel oscura<\/strong><\/h3>\n\n\n\n<p>En las pieles m\u00e1s oscuras, las manchas de eczema pueden aparecer con m\u00e1s frecuencia.&nbsp;<strong>color de piel m\u00e1s oscuro de lo normal<\/strong>. Esta diferencia de color puede dificultar el diagn\u00f3stico, especialmente cuando la afecci\u00f3n se confunde con otros problemas cut\u00e1neos como la psoriasis o la micosis. Por lo tanto, es esencial consultar a un dermat\u00f3logo para obtener un diagn\u00f3stico preciso y un tratamiento adecuado.<\/p>\n\n\n\n<h2 class=\"wp-block-heading\" id=\"h-traitement-de-l-ecz-ma-peau-noire\"><strong>Tratamiento del eczema de piel negra<\/strong><\/h2>\n\n\n\n<p>Existen varios pasos para tratar el eczema de piel negra:<\/p>\n\n\n\n<ol class=\"wp-block-list\">\n<li><strong>Hidratar la piel<\/strong>&nbsp;Utiliza emolientes e hidratantes para restaurar la barrera cut\u00e1nea y aliviar el picor.<\/li>\n\n\n\n<li><strong>Antiinflamatorios<\/strong>&nbsp;Corticosteroides t\u00f3picos: los corticosteroides t\u00f3picos suelen recetarse para reducir la inflamaci\u00f3n y el picor causados por el eczema.<\/li>\n\n\n\n<li><strong>Tratamiento de las infecciones<\/strong>&nbsp;Si existe una infecci\u00f3n bacteriana o f\u00fangica, se necesitar\u00e1n antibi\u00f3ticos o antif\u00fangicos para tratar la infecci\u00f3n.<\/li>\n\n\n\n<li><strong>Evitar los al\u00e9rgenos<\/strong>&nbsp;Identifique y evite las sustancias que desencadenan brotes de eccema (perfumes, jabones, joyas, etc.).<\/li>\n\n\n\n<li><strong>Terapias complementarias<\/strong>&nbsp;En algunos casos pueden recomendarse tratamientos complementarios, como la fototerapia o los antihistam\u00ednicos, para ayudar a controlar los s\u00edntomas del eczema.<\/li>\n<\/ol>\n\n\n\n<h3 class=\"wp-block-heading\" id=\"h-pr-vention-et-conseils-en-2023\"><strong>Prevenci\u00f3n y asesoramiento en 2023<\/strong><\/h3>\n\n\n\n<p>Para prevenir los brotes de eccema y controlar mejor esta afecci\u00f3n cut\u00e1nea, he aqu\u00ed algunos consejos:<\/p>\n\n\n\n<ul class=\"wp-block-list\">\n<li><strong>Elegir los productos adecuados<\/strong>&nbsp;Elija jabones y lociones sin perfume, hipoalerg\u00e9nicos y formulados espec\u00edficamente para pieles sensibles.<\/li>\n\n\n\n<li><strong>Hidrata tu piel con regularidad<\/strong>&nbsp;Aplicar diariamente una crema hidratante por todo el cuerpo, prestando especial atenci\u00f3n a las zonas secas e irritadas.<\/li>\n\n\n\n<li><strong>Evitar los al\u00e9rgenos<\/strong>&nbsp;identificar las sustancias que desencadenan el picor y evitarlas en la medida de lo posible (por ejemplo, utilizar guantes al manipular productos dom\u00e9sticos).<\/li>\n\n\n\n<li><strong>Limitar los ba\u00f1os calientes<\/strong>\u00a0Las duchas templadas son preferibles a los ba\u00f1os calientes. Pueden agravar el picor y resecar a\u00fan m\u00e1s la piel.<\/li>\n\n\n\n<li><strong>Gestionar el estr\u00e9s<\/strong>\u00a0El estr\u00e9s puede exacerbar los s\u00edntomas del eczema. Practica t\u00e9cnicas de relajaci\u00f3n.<\/li>\n<\/ul>\n\n\n\n<p>Siguiendo estos consejos y trabajando con un profesional sanitario, es posible controlar mejor el eccema de piel negra y mejorar la calidad de vida de las personas con esta afecci\u00f3n cut\u00e1nea.<\/p>","protected":false},"excerpt":{"rendered":"<p>El eccema de piel negra es una afecci\u00f3n cut\u00e1nea frecuente en personas de piel oscura. Se manifiesta con picor, enrojecimiento y manchas secas en la piel. En algunos casos, puede provocar liquenificaci\u00f3n, un engrosamiento de la piel con marcas m\u00e1s oscuras. Saber reconocer los s\u00edntomas del eczema es esencial para [...]","protected":false},"author":156,"featured_media":8444,"comment_status":"closed","ping_status":"closed","sticky":false,"template":"","format":"standard","meta":{"footnotes":""},"categories":[1],"tags":[],"class_list":["post-8443","post","type-post","status-publish","format-standard","has-post-thumbnail","hentry","category-divers"],"yoast_head":"<!-- This site is optimized with the Yoast SEO plugin v26.6 - https:\/\/yoast.com\/wordpress\/plugins\/seo\/ -->\n<title>Ecz\u00e9ma peau noire | Le guide pratique \u00e0 conna\u00eetre en 2023<\/title>\n<meta name=\"description\" content=\"L&#039;ecz\u00e9ma peau noire\u00a0est une affection cutan\u00e9e courante chez les personnes \u00e0 la peau fonc\u00e9e. D\u00e9couvrez-en davantage dans cet article !\" \/>\n<meta name=\"robots\" content=\"index, follow, max-snippet:-1, max-image-preview:large, max-video-preview:-1\" \/>\n<link rel=\"canonical\" href=\"https:\/\/www.safinel.fr\/es\/eczema-piel-negra\/\" \/>\n<meta property=\"og:locale\" content=\"es_ES\" \/>\n<meta property=\"og:type\" content=\"article\" \/>\n<meta property=\"og:title\" content=\"Ecz\u00e9ma peau noire | Le guide pratique \u00e0 conna\u00eetre en 2023\" \/>\n<meta property=\"og:description\" content=\"L&#039;ecz\u00e9ma peau noire\u00a0est une affection cutan\u00e9e courante chez les personnes \u00e0 la peau fonc\u00e9e. D\u00e9couvrez-en davantage dans cet article !\" \/>\n<meta property=\"og:url\" content=\"https:\/\/www.safinel.fr\/es\/eczema-piel-negra\/\" \/>\n<meta property=\"og:site_name\" content=\"Safinel\" \/>\n<meta property=\"article:published_time\" content=\"2023-09-10T18:44:52+00:00\" \/>\n<meta property=\"article:modified_time\" content=\"2023-09-10T18:44:54+00:00\" \/>\n<meta property=\"og:image\" content=\"https:\/\/www.safinel.fr\/wp-content\/uploads\/2023\/09\/Eczema-peau-noire.jpg\" \/>\n\t<meta property=\"og:image:width\" content=\"1100\" \/>\n\t<meta property=\"og:image:height\" content=\"578\" \/>\n\t<meta property=\"og:image:type\" content=\"image\/jpeg\" \/>\n<meta name=\"author\" content=\"Naj\" \/>\n<meta name=\"twitter:card\" content=\"summary_large_image\" \/>\n<meta name=\"twitter:label1\" content=\"Escrito por\" \/>\n\t<meta name=\"twitter:data1\" content=\"Naj\" \/>\n\t<meta name=\"twitter:label2\" content=\"Tiempo de lectura\" \/>\n\t<meta name=\"twitter:data2\" content=\"4 minutos\" \/>\n<script type=\"application\/ld+json\" class=\"yoast-schema-graph\">{\"@context\":\"https:\/\/schema.org\",\"@graph\":[{\"@type\":\"Article\",\"@id\":\"https:\/\/www.safinel.fr\/eczema-peau-noire\/#article\",\"isPartOf\":{\"@id\":\"https:\/\/www.safinel.fr\/eczema-peau-noire\/\"},\"author\":{\"name\":\"Naj\",\"@id\":\"https:\/\/www.safinel.fr\/#\/schema\/person\/47f7357f8aa8a41a796811d3f8a3e055\"},\"headline\":\"Ecz\u00e9ma peau noire\u00a0: comprendre et traiter cette affection cutan\u00e9e\",\"datePublished\":\"2023-09-10T18:44:52+00:00\",\"dateModified\":\"2023-09-10T18:44:54+00:00\",\"mainEntityOfPage\":{\"@id\":\"https:\/\/www.safinel.fr\/eczema-peau-noire\/\"},\"wordCount\":833,\"publisher\":{\"@id\":\"https:\/\/www.safinel.fr\/#organization\"},\"image\":{\"@id\":\"https:\/\/www.safinel.fr\/eczema-peau-noire\/#primaryimage\"},\"thumbnailUrl\":\"https:\/\/www.safinel.fr\/wp-content\/uploads\/2023\/09\/Eczema-peau-noire.jpg\",\"articleSection\":[\"Divers\"],\"inLanguage\":\"es\"},{\"@type\":\"WebPage\",\"@id\":\"https:\/\/www.safinel.fr\/eczema-peau-noire\/\",\"url\":\"https:\/\/www.safinel.fr\/eczema-peau-noire\/\",\"name\":\"Ecz\u00e9ma peau noire | Le guide pratique \u00e0 conna\u00eetre en 2023\",\"isPartOf\":{\"@id\":\"https:\/\/www.safinel.fr\/#website\"},\"primaryImageOfPage\":{\"@id\":\"https:\/\/www.safinel.fr\/eczema-peau-noire\/#primaryimage\"},\"image\":{\"@id\":\"https:\/\/www.safinel.fr\/eczema-peau-noire\/#primaryimage\"},\"thumbnailUrl\":\"https:\/\/www.safinel.fr\/wp-content\/uploads\/2023\/09\/Eczema-peau-noire.jpg\",\"datePublished\":\"2023-09-10T18:44:52+00:00\",\"dateModified\":\"2023-09-10T18:44:54+00:00\",\"description\":\"L'ecz\u00e9ma peau noire\u00a0est une affection cutan\u00e9e courante chez les personnes \u00e0 la peau fonc\u00e9e. D\u00e9couvrez-en davantage dans cet article !\",\"breadcrumb\":{\"@id\":\"https:\/\/www.safinel.fr\/eczema-peau-noire\/#breadcrumb\"},\"inLanguage\":\"es\",\"potentialAction\":[{\"@type\":\"ReadAction\",\"target\":[\"https:\/\/www.safinel.fr\/eczema-peau-noire\/\"]}]},{\"@type\":\"ImageObject\",\"inLanguage\":\"es\",\"@id\":\"https:\/\/www.safinel.fr\/eczema-peau-noire\/#primaryimage\",\"url\":\"https:\/\/www.safinel.fr\/wp-content\/uploads\/2023\/09\/Eczema-peau-noire.jpg\",\"contentUrl\":\"https:\/\/www.safinel.fr\/wp-content\/uploads\/2023\/09\/Eczema-peau-noire.jpg\",\"width\":1100,\"height\":578,\"caption\":\"Ecz\u00e9ma peau noire\"},{\"@type\":\"BreadcrumbList\",\"@id\":\"https:\/\/www.safinel.fr\/eczema-peau-noire\/#breadcrumb\",\"itemListElement\":[{\"@type\":\"ListItem\",\"position\":1,\"name\":\"Accueil\",\"item\":\"https:\/\/www.safinel.fr\/\"},{\"@type\":\"ListItem\",\"position\":2,\"name\":\"Ecz\u00e9ma peau noire\u00a0: comprendre et traiter cette affection cutan\u00e9e\"}]},{\"@type\":\"WebSite\",\"@id\":\"https:\/\/www.safinel.fr\/#website\",\"url\":\"https:\/\/www.safinel.fr\/\",\"name\":\"Safinel\",\"description\":\"\",\"publisher\":{\"@id\":\"https:\/\/www.safinel.fr\/#organization\"},\"potentialAction\":[{\"@type\":\"SearchAction\",\"target\":{\"@type\":\"EntryPoint\",\"urlTemplate\":\"https:\/\/www.safinel.fr\/?s={search_term_string}\"},\"query-input\":{\"@type\":\"PropertyValueSpecification\",\"valueRequired\":true,\"valueName\":\"search_term_string\"}}],\"inLanguage\":\"es\"},{\"@type\":\"Organization\",\"@id\":\"https:\/\/www.safinel.fr\/#organization\",\"name\":\"Safinel\",\"url\":\"https:\/\/www.safinel.fr\/\",\"logo\":{\"@type\":\"ImageObject\",\"inLanguage\":\"es\",\"@id\":\"https:\/\/www.safinel.fr\/#\/schema\/logo\/image\/\",\"url\":\"https:\/\/www.safinel.fr\/wp-content\/uploads\/2021\/05\/boutique-cosmetique.png\",\"contentUrl\":\"https:\/\/www.safinel.fr\/wp-content\/uploads\/2021\/05\/boutique-cosmetique.png\",\"width\":800,\"height\":200,\"caption\":\"Safinel\"},\"image\":{\"@id\":\"https:\/\/www.safinel.fr\/#\/schema\/logo\/image\/\"}},{\"@type\":\"Person\",\"@id\":\"https:\/\/www.safinel.fr\/#\/schema\/person\/47f7357f8aa8a41a796811d3f8a3e055\",\"name\":\"Naj\",\"image\":{\"@type\":\"ImageObject\",\"inLanguage\":\"es\",\"@id\":\"https:\/\/www.safinel.fr\/#\/schema\/person\/image\/\",\"url\":\"https:\/\/secure.gravatar.com\/avatar\/5c0fa4f0bce748d4964b7d68e4b0ee1d8e3120edba58a55893ced967bd2093b5?s=96&d=mm&r=g\",\"contentUrl\":\"https:\/\/secure.gravatar.com\/avatar\/5c0fa4f0bce748d4964b7d68e4b0ee1d8e3120edba58a55893ced967bd2093b5?s=96&d=mm&r=g\",\"caption\":\"Naj\"},\"url\":\"https:\/\/www.safinel.fr\/es\/author\/naj\/\"}]}<\/script>\n<!-- \/ Yoast SEO plugin. -->","yoast_head_json":{"title":"Eczema de piel negra | Gu\u00eda pr\u00e1ctica hasta 2023","description":"El eccema de piel negra es una afecci\u00f3n cut\u00e1nea frecuente en personas de piel oscura. M\u00e1s informaci\u00f3n en este art\u00edculo.","robots":{"index":"index","follow":"follow","max-snippet":"max-snippet:-1","max-image-preview":"max-image-preview:large","max-video-preview":"max-video-preview:-1"},"canonical":"https:\/\/www.safinel.fr\/es\/eczema-piel-negra\/","og_locale":"es_ES","og_type":"article","og_title":"Ecz\u00e9ma peau noire | Le guide pratique \u00e0 conna\u00eetre en 2023","og_description":"L'ecz\u00e9ma peau noire\u00a0est une affection cutan\u00e9e courante chez les personnes \u00e0 la peau fonc\u00e9e. D\u00e9couvrez-en davantage dans cet article !","og_url":"https:\/\/www.safinel.fr\/es\/eczema-piel-negra\/","og_site_name":"Safinel","article_published_time":"2023-09-10T18:44:52+00:00","article_modified_time":"2023-09-10T18:44:54+00:00","og_image":[{"width":1100,"height":578,"url":"https:\/\/www.safinel.fr\/wp-content\/uploads\/2023\/09\/Eczema-peau-noire.jpg","type":"image\/jpeg"}],"author":"Naj","twitter_card":"summary_large_image","twitter_misc":{"Escrito por":"Naj","Tiempo de lectura":"4 minutos"},"schema":{"@context":"https:\/\/schema.org","@graph":[{"@type":"Article","@id":"https:\/\/www.safinel.fr\/eczema-peau-noire\/#article","isPartOf":{"@id":"https:\/\/www.safinel.fr\/eczema-peau-noire\/"},"author":{"name":"Naj","@id":"https:\/\/www.safinel.fr\/#\/schema\/person\/47f7357f8aa8a41a796811d3f8a3e055"},"headline":"Ecz\u00e9ma peau noire\u00a0: comprendre et traiter cette affection cutan\u00e9e","datePublished":"2023-09-10T18:44:52+00:00","dateModified":"2023-09-10T18:44:54+00:00","mainEntityOfPage":{"@id":"https:\/\/www.safinel.fr\/eczema-peau-noire\/"},"wordCount":833,"publisher":{"@id":"https:\/\/www.safinel.fr\/#organization"},"image":{"@id":"https:\/\/www.safinel.fr\/eczema-peau-noire\/#primaryimage"},"thumbnailUrl":"https:\/\/www.safinel.fr\/wp-content\/uploads\/2023\/09\/Eczema-peau-noire.jpg","articleSection":["Divers"],"inLanguage":"es"},{"@type":"WebPage","@id":"https:\/\/www.safinel.fr\/eczema-peau-noire\/","url":"https:\/\/www.safinel.fr\/eczema-peau-noire\/","name":"Eczema de piel negra | Gu\u00eda pr\u00e1ctica hasta 2023","isPartOf":{"@id":"https:\/\/www.safinel.fr\/#website"},"primaryImageOfPage":{"@id":"https:\/\/www.safinel.fr\/eczema-peau-noire\/#primaryimage"},"image":{"@id":"https:\/\/www.safinel.fr\/eczema-peau-noire\/#primaryimage"},"thumbnailUrl":"https:\/\/www.safinel.fr\/wp-content\/uploads\/2023\/09\/Eczema-peau-noire.jpg","datePublished":"2023-09-10T18:44:52+00:00","dateModified":"2023-09-10T18:44:54+00:00","description":"El eccema de piel negra es una afecci\u00f3n cut\u00e1nea frecuente en personas de piel oscura. M\u00e1s informaci\u00f3n en este art\u00edculo.","breadcrumb":{"@id":"https:\/\/www.safinel.fr\/eczema-peau-noire\/#breadcrumb"},"inLanguage":"es","potentialAction":[{"@type":"ReadAction","target":["https:\/\/www.safinel.fr\/eczema-peau-noire\/"]}]},{"@type":"ImageObject","inLanguage":"es","@id":"https:\/\/www.safinel.fr\/eczema-peau-noire\/#primaryimage","url":"https:\/\/www.safinel.fr\/wp-content\/uploads\/2023\/09\/Eczema-peau-noire.jpg","contentUrl":"https:\/\/www.safinel.fr\/wp-content\/uploads\/2023\/09\/Eczema-peau-noire.jpg","width":1100,"height":578,"caption":"Ecz\u00e9ma peau noire"},{"@type":"BreadcrumbList","@id":"https:\/\/www.safinel.fr\/eczema-peau-noire\/#breadcrumb","itemListElement":[{"@type":"ListItem","position":1,"name":"Accueil","item":"https:\/\/www.safinel.fr\/"},{"@type":"ListItem","position":2,"name":"Ecz\u00e9ma peau noire\u00a0: comprendre et traiter cette affection cutan\u00e9e"}]},{"@type":"WebSite","@id":"https:\/\/www.safinel.fr\/#website","url":"https:\/\/www.safinel.fr\/","name":"Safinel","description":"","publisher":{"@id":"https:\/\/www.safinel.fr\/#organization"},"potentialAction":[{"@type":"SearchAction","target":{"@type":"EntryPoint","urlTemplate":"https:\/\/www.safinel.fr\/?s={search_term_string}"},"query-input":{"@type":"PropertyValueSpecification","valueRequired":true,"valueName":"search_term_string"}}],"inLanguage":"es"},{"@type":"Organization","@id":"https:\/\/www.safinel.fr\/#organization","name":"Safinel","url":"https:\/\/www.safinel.fr\/","logo":{"@type":"ImageObject","inLanguage":"es","@id":"https:\/\/www.safinel.fr\/#\/schema\/logo\/image\/","url":"https:\/\/www.safinel.fr\/wp-content\/uploads\/2021\/05\/boutique-cosmetique.png","contentUrl":"https:\/\/www.safinel.fr\/wp-content\/uploads\/2021\/05\/boutique-cosmetique.png","width":800,"height":200,"caption":"Safinel"},"image":{"@id":"https:\/\/www.safinel.fr\/#\/schema\/logo\/image\/"}},{"@type":"Person","@id":"https:\/\/www.safinel.fr\/#\/schema\/person\/47f7357f8aa8a41a796811d3f8a3e055","name":"Naj","image":{"@type":"ImageObject","inLanguage":"es","@id":"https:\/\/www.safinel.fr\/#\/schema\/person\/image\/","url":"https:\/\/secure.gravatar.com\/avatar\/5c0fa4f0bce748d4964b7d68e4b0ee1d8e3120edba58a55893ced967bd2093b5?s=96&d=mm&r=g","contentUrl":"https:\/\/secure.gravatar.com\/avatar\/5c0fa4f0bce748d4964b7d68e4b0ee1d8e3120edba58a55893ced967bd2093b5?s=96&d=mm&r=g","caption":"Naj"},"url":"https:\/\/www.safinel.fr\/es\/author\/naj\/"}]}},"_links":{"self":[{"href":"https:\/\/www.safinel.fr\/es\/wp-json\/wp\/v2\/posts\/8443","targetHints":{"allow":["GET"]}}],"collection":[{"href":"https:\/\/www.safinel.fr\/es\/wp-json\/wp\/v2\/posts"}],"about":[{"href":"https:\/\/www.safinel.fr\/es\/wp-json\/wp\/v2\/types\/post"}],"author":[{"embeddable":true,"href":"https:\/\/www.safinel.fr\/es\/wp-json\/wp\/v2\/users\/156"}],"replies":[{"embeddable":true,"href":"https:\/\/www.safinel.fr\/es\/wp-json\/wp\/v2\/comments?post=8443"}],"version-history":[{"count":1,"href":"https:\/\/www.safinel.fr\/es\/wp-json\/wp\/v2\/posts\/8443\/revisions"}],"predecessor-version":[{"id":8445,"href":"https:\/\/www.safinel.fr\/es\/wp-json\/wp\/v2\/posts\/8443\/revisions\/8445"}],"wp:featuredmedia":[{"embeddable":true,"href":"https:\/\/www.safinel.fr\/es\/wp-json\/wp\/v2\/media\/8444"}],"wp:attachment":[{"href":"https:\/\/www.safinel.fr\/es\/wp-json\/wp\/v2\/media?parent=8443"}],"wp:term":[{"taxonomy":"category","embeddable":true,"href":"https:\/\/www.safinel.fr\/es\/wp-json\/wp\/v2\/categories?post=8443"},{"taxonomy":"post_tag","embeddable":true,"href":"https:\/\/www.safinel.fr\/es\/wp-json\/wp\/v2\/tags?post=8443"}],"curies":[{"name":"wp","href":"https:\/\/api.w.org\/{rel}","templated":true}]}}