{"id":8406,"date":"2023-09-08T14:33:07","date_gmt":"2023-09-08T14:33:07","guid":{"rendered":"https:\/\/www.safinel.fr\/?p=8406"},"modified":"2023-09-08T14:33:09","modified_gmt":"2023-09-08T14:33:09","slug":"queratosis-pilaris-piel-negra","status":"publish","type":"post","link":"https:\/\/www.safinel.fr\/es\/queratosis-pilaris-piel-negra\/","title":{"rendered":"Comprender y tratar la queratosis pilaris en la piel negra"},"content":{"rendered":"<p>La&nbsp;<strong>queratosis pilar<\/strong>&nbsp;es una afecci\u00f3n cut\u00e1nea frecuente que se manifiesta con peque\u00f1as protuberancias \u00e1speras en la piel, a menudo parecidas a la piel de gallina. Aunque esta afecci\u00f3n puede afectar a cualquier persona, es especialmente frecuente en personas con una&nbsp;<strong>piel negra<\/strong>. En este art\u00edculo, exploraremos las causas de la queratosis pilar, c\u00f3mo afecta espec\u00edficamente a las personas de piel negra y algunos consejos para controlar y aliviar los s\u00edntomas.<\/p>\n\n\n\n<h2 class=\"wp-block-heading\" id=\"h-causes-de-la-k-ratose-pilaire-peau-noire\"><strong>Causas de la queratosis pilaris piel negra<\/strong><\/h2>\n\n\n\n<p>La queratosis pilar est\u00e1 causada por una acumulaci\u00f3n de queratina, una prote\u00edna que se encuentra en la piel, alrededor de los fol\u00edculos pilosos. Esta acumulaci\u00f3n forma una especie de tap\u00f3n que provoca la aparici\u00f3n de peque\u00f1as protuberancias en la superficie de la piel. Los factores que pueden contribuir a esta acumulaci\u00f3n son:<\/p>\n\n\n\n<ul class=\"wp-block-list\">\n<li>Aumento de la actividad de las gl\u00e1ndulas seb\u00e1ceas<\/li>\n\n\n\n<li>Herencia (la queratosis pilar es m\u00e1s frecuente en personas cuyo familiar tambi\u00e9n est\u00e1 afectado).<\/li>\n\n\n\n<li>Las condiciones clim\u00e1ticas, en particular el bajo&nbsp;<strong>nivel de humedad<\/strong>&nbsp;y fr\u00edo en&nbsp;<strong>invierno<\/strong><\/li>\n\n\n\n<li>Ciertas enfermedades o afecciones de la piel, como eczema o psoriasis<\/li>\n<\/ul>\n\n\n\n<h2 class=\"wp-block-heading\" id=\"h-la-k-ratose-pilaire-et-la-peau-noire\"><strong>Queratosis pilar y piel negra<\/strong><\/h2>\n\n\n\n<p>Las personas de piel negra suelen verse m\u00e1s afectadas por la queratosis pilar debido a la singular estructura de su piel. La piel negra tiende a ser m\u00e1s gruesa y a contener m\u00e1s <strong><a href=\"https:\/\/www.safinel.fr\/es\/melanina\/\">melanina<\/a><\/strong>. Esto puede contribuir a una mayor acumulaci\u00f3n de queratina alrededor de los fol\u00edculos pilosos.<\/p>\n\n\n\n<ul class=\"wp-block-list\">\n<li><strong>Apariencia en piel negra<\/strong><\/li>\n<\/ul>\n\n\n\n<p>En la piel negra, la queratosis pilar suele aparecer en forma de peque\u00f1as protuberancias de color carne o ligeramente m\u00e1s oscuras que el color natural de la piel. Estas protuberancias pueden aparecer en distintas partes del cuerpo, como los brazos, los muslos, las nalgas y la cara.<\/p>\n\n\n\n<ul class=\"wp-block-list\">\n<li><strong>Impacto psicol\u00f3gico<\/strong><\/li>\n<\/ul>\n\n\n\n<p>Adem\u00e1s de los s\u00edntomas f\u00edsicos, es importante reconocer el impacto psicol\u00f3gico que la queratosis pilar puede tener en las personas de piel oscura. Dados los c\u00e1nones de belleza actuales, que a menudo favorecen una piel lisa y sin imperfecciones. Vivir con esta afecci\u00f3n cut\u00e1nea puede provocar sentimientos de inseguridad y verg\u00fcenza.<\/p>\n\n\n\n<h2 class=\"wp-block-heading\" id=\"h-g-rer-et-att-nuer-les-sympt-mes-de-la-k-ratose-pilaire\"><strong>Control y alivio de los s\u00edntomas de la queratosis pilaris<\/strong><\/h2>\n\n\n\n<p>Aunque actualmente no existe una cura definitiva para la queratosis pilar, hay una serie de medidas que puede tomar para controlar y aliviar los s\u00edntomas. Aqu\u00ed tienes algunos consejos que puedes probar:<\/p>\n\n\n\n<ul class=\"wp-block-list\">\n<li><strong>Exfoliaci\u00f3n regular<\/strong><\/li>\n<\/ul>\n\n\n\n<p>Exfoliar suavemente la piel puede ayudar a eliminar el exceso de queratina acumulado alrededor de los fol\u00edculos pilosos. Utiliza un exfoliante suave, como un cepillo de cerdas naturales o una franela de fibra natural, para masajear suavemente la piel h\u00fameda mientras te ba\u00f1as o duchas. Evite utilizar productos que contengan microesferas de pl\u00e1stico, ya que pueden resultar demasiado abrasivos para la piel sensible.<\/p>\n\n\n\n<ul class=\"wp-block-list\">\n<li><strong>Hidratar a diario<\/strong><\/li>\n<\/ul>\n\n\n\n<p>Una hidrataci\u00f3n adecuada es esencial para mantener la salud de la piel y evitar la acumulaci\u00f3n de queratina. Aplica una crema hidratante espesa y sin perfume inmediatamente despu\u00e9s del ba\u00f1o o la ducha, cuando la piel a\u00fan est\u00e9 ligeramente h\u00fameda. Esto ayudar\u00e1 a retener la humedad y mantener la piel flexible.<\/p>\n\n\n\n<ul class=\"wp-block-list\">\n<li><strong>Utiliza productos adaptados a tu tipo de piel<\/strong><\/li>\n<\/ul>\n\n\n\n<p>Es importante elegir productos especialmente formulados para tu tipo de piel. Las personas de piel negra deben buscar productos sin alcohol, sin perfume y no comedog\u00e9nicos, para minimizar el riesgo de irritaci\u00f3n y obstrucci\u00f3n de los poros.<\/p>\n\n\n\n<ul class=\"wp-block-list\">\n<li><strong>Consulte a un dermat\u00f3logo<\/strong><\/li>\n<\/ul>\n\n\n\n<p>Si est\u00e1 preocupado por su queratosis pilar o si los s\u00edntomas empeoran a pesar de sus esfuerzos por aliviarlos. Puede ser \u00fatil consultar a un\u00a0<strong>dermat\u00f3logo<\/strong>. <\/p>\n\n\n\n<p>Un profesional sanitario podr\u00e1 evaluar su situaci\u00f3n y sugerirle tratamientos m\u00e1s espec\u00edficos. <\/p>\n\n\n\n<p>Como cremas de alfahidroxi\u00e1cidos (AHA) u otros medicamentos t\u00f3picos para ayudar a exfoliar e hidratar la piel.<\/p>\n\n\n\n<h3 class=\"wp-block-heading\" id=\"h-en-r-sum\">En pocas palabras<\/h3>\n\n\n\n<p>La queratosis pilaris es una afecci\u00f3n cut\u00e1nea frecuente que afecta especialmente a las personas de piel negra debido a su estructura cut\u00e1nea \u00fanica. <\/p>\n\n\n\n<p>Aunque no existe una cura definitiva, pueden tomarse ciertas medidas para controlar y reducir los s\u00edntomas. Entre ellas se incluyen la exfoliaci\u00f3n regular, la hidrataci\u00f3n diaria y, si es necesario, la consulta a un dermat\u00f3logo. <\/p>\n\n\n\n<p>Si cuida bien su piel y est\u00e1 atento a los signos y s\u00edntomas de esta afecci\u00f3n, puede prevenir la aparici\u00f3n de la enfermedad.\u00a0<strong>dermatosis<\/strong>. Puede ayudar a mejorar su comodidad y confianza en s\u00ed mismo.<\/p>","protected":false},"excerpt":{"rendered":"<p>La queratosis pilaris es una afecci\u00f3n cut\u00e1nea com\u00fan que se manifiesta como peque\u00f1as protuberancias \u00e1speras en la piel, a menudo comparadas con la piel de gallina. Aunque esta afecci\u00f3n puede afectar a cualquier persona, es especialmente frecuente en personas de piel oscura. En este art\u00edculo, exploraremos las causas de la queratosis pilar, c\u00f3mo tratarla y [...]","protected":false},"author":156,"featured_media":8407,"comment_status":"closed","ping_status":"closed","sticky":false,"template":"","format":"standard","meta":{"footnotes":""},"categories":[1],"tags":[],"class_list":["post-8406","post","type-post","status-publish","format-standard","has-post-thumbnail","hentry","category-divers"],"yoast_head":"<!-- This site is optimized with the Yoast SEO plugin v26.6 - https:\/\/yoast.com\/wordpress\/plugins\/seo\/ -->\n<title>K\u00e9ratose pilaire peau noire | Le guide pratique \u00e0 conna\u00eetre<\/title>\n<meta name=\"description\" content=\"Ici, nous explorerons les causes de la k\u00e9ratose pilaire peau noire, comment elle affecte sp\u00e9cifiquement les personnes \u00e0 la peau noire.\" \/>\n<meta name=\"robots\" content=\"index, follow, max-snippet:-1, max-image-preview:large, max-video-preview:-1\" \/>\n<link rel=\"canonical\" href=\"https:\/\/www.safinel.fr\/es\/queratosis-pilaris-piel-negra\/\" \/>\n<meta property=\"og:locale\" content=\"es_ES\" \/>\n<meta property=\"og:type\" content=\"article\" \/>\n<meta property=\"og:title\" content=\"K\u00e9ratose pilaire peau noire | Le guide pratique \u00e0 conna\u00eetre\" \/>\n<meta property=\"og:description\" content=\"Ici, nous explorerons les causes de la k\u00e9ratose pilaire peau noire, comment elle affecte sp\u00e9cifiquement les personnes \u00e0 la peau noire.\" \/>\n<meta property=\"og:url\" content=\"https:\/\/www.safinel.fr\/es\/queratosis-pilaris-piel-negra\/\" \/>\n<meta property=\"og:site_name\" content=\"Safinel\" \/>\n<meta property=\"article:published_time\" content=\"2023-09-08T14:33:07+00:00\" \/>\n<meta property=\"article:modified_time\" content=\"2023-09-08T14:33:09+00:00\" \/>\n<meta property=\"og:image\" content=\"https:\/\/www.safinel.fr\/wp-content\/uploads\/2023\/09\/La-keratose-pilaire-sur-les-peaux-noires.jpg\" \/>\n\t<meta property=\"og:image:width\" content=\"1100\" \/>\n\t<meta property=\"og:image:height\" content=\"578\" \/>\n\t<meta property=\"og:image:type\" content=\"image\/jpeg\" \/>\n<meta name=\"author\" content=\"Naj\" \/>\n<meta name=\"twitter:card\" content=\"summary_large_image\" \/>\n<meta name=\"twitter:label1\" content=\"Escrito por\" \/>\n\t<meta name=\"twitter:data1\" content=\"Naj\" \/>\n\t<meta name=\"twitter:label2\" content=\"Tiempo de lectura\" \/>\n\t<meta name=\"twitter:data2\" content=\"4 minutos\" \/>\n<script type=\"application\/ld+json\" class=\"yoast-schema-graph\">{\"@context\":\"https:\/\/schema.org\",\"@graph\":[{\"@type\":\"Article\",\"@id\":\"https:\/\/www.safinel.fr\/keratose-pilaire-peau-noire\/#article\",\"isPartOf\":{\"@id\":\"https:\/\/www.safinel.fr\/keratose-pilaire-peau-noire\/\"},\"author\":{\"name\":\"Naj\",\"@id\":\"https:\/\/www.safinel.fr\/#\/schema\/person\/47f7357f8aa8a41a796811d3f8a3e055\"},\"headline\":\"Comprendre et g\u00e9rer la k\u00e9ratose pilaire sur les peaux noires\",\"datePublished\":\"2023-09-08T14:33:07+00:00\",\"dateModified\":\"2023-09-08T14:33:09+00:00\",\"mainEntityOfPage\":{\"@id\":\"https:\/\/www.safinel.fr\/keratose-pilaire-peau-noire\/\"},\"wordCount\":839,\"publisher\":{\"@id\":\"https:\/\/www.safinel.fr\/#organization\"},\"image\":{\"@id\":\"https:\/\/www.safinel.fr\/keratose-pilaire-peau-noire\/#primaryimage\"},\"thumbnailUrl\":\"https:\/\/www.safinel.fr\/wp-content\/uploads\/2023\/09\/La-keratose-pilaire-sur-les-peaux-noires.jpg\",\"articleSection\":[\"Divers\"],\"inLanguage\":\"es\"},{\"@type\":\"WebPage\",\"@id\":\"https:\/\/www.safinel.fr\/keratose-pilaire-peau-noire\/\",\"url\":\"https:\/\/www.safinel.fr\/keratose-pilaire-peau-noire\/\",\"name\":\"K\u00e9ratose pilaire peau noire | Le guide pratique \u00e0 conna\u00eetre\",\"isPartOf\":{\"@id\":\"https:\/\/www.safinel.fr\/#website\"},\"primaryImageOfPage\":{\"@id\":\"https:\/\/www.safinel.fr\/keratose-pilaire-peau-noire\/#primaryimage\"},\"image\":{\"@id\":\"https:\/\/www.safinel.fr\/keratose-pilaire-peau-noire\/#primaryimage\"},\"thumbnailUrl\":\"https:\/\/www.safinel.fr\/wp-content\/uploads\/2023\/09\/La-keratose-pilaire-sur-les-peaux-noires.jpg\",\"datePublished\":\"2023-09-08T14:33:07+00:00\",\"dateModified\":\"2023-09-08T14:33:09+00:00\",\"description\":\"Ici, nous explorerons les causes de la k\u00e9ratose pilaire peau noire, comment elle affecte sp\u00e9cifiquement les personnes \u00e0 la peau noire.\",\"breadcrumb\":{\"@id\":\"https:\/\/www.safinel.fr\/keratose-pilaire-peau-noire\/#breadcrumb\"},\"inLanguage\":\"es\",\"potentialAction\":[{\"@type\":\"ReadAction\",\"target\":[\"https:\/\/www.safinel.fr\/keratose-pilaire-peau-noire\/\"]}]},{\"@type\":\"ImageObject\",\"inLanguage\":\"es\",\"@id\":\"https:\/\/www.safinel.fr\/keratose-pilaire-peau-noire\/#primaryimage\",\"url\":\"https:\/\/www.safinel.fr\/wp-content\/uploads\/2023\/09\/La-keratose-pilaire-sur-les-peaux-noires.jpg\",\"contentUrl\":\"https:\/\/www.safinel.fr\/wp-content\/uploads\/2023\/09\/La-keratose-pilaire-sur-les-peaux-noires.jpg\",\"width\":1100,\"height\":578,\"caption\":\"K\u00e9ratose pilaire peau noire\"},{\"@type\":\"BreadcrumbList\",\"@id\":\"https:\/\/www.safinel.fr\/keratose-pilaire-peau-noire\/#breadcrumb\",\"itemListElement\":[{\"@type\":\"ListItem\",\"position\":1,\"name\":\"Accueil\",\"item\":\"https:\/\/www.safinel.fr\/\"},{\"@type\":\"ListItem\",\"position\":2,\"name\":\"Comprendre et g\u00e9rer la k\u00e9ratose pilaire sur les peaux noires\"}]},{\"@type\":\"WebSite\",\"@id\":\"https:\/\/www.safinel.fr\/#website\",\"url\":\"https:\/\/www.safinel.fr\/\",\"name\":\"Safinel\",\"description\":\"\",\"publisher\":{\"@id\":\"https:\/\/www.safinel.fr\/#organization\"},\"potentialAction\":[{\"@type\":\"SearchAction\",\"target\":{\"@type\":\"EntryPoint\",\"urlTemplate\":\"https:\/\/www.safinel.fr\/?s={search_term_string}\"},\"query-input\":{\"@type\":\"PropertyValueSpecification\",\"valueRequired\":true,\"valueName\":\"search_term_string\"}}],\"inLanguage\":\"es\"},{\"@type\":\"Organization\",\"@id\":\"https:\/\/www.safinel.fr\/#organization\",\"name\":\"Safinel\",\"url\":\"https:\/\/www.safinel.fr\/\",\"logo\":{\"@type\":\"ImageObject\",\"inLanguage\":\"es\",\"@id\":\"https:\/\/www.safinel.fr\/#\/schema\/logo\/image\/\",\"url\":\"https:\/\/www.safinel.fr\/wp-content\/uploads\/2021\/05\/boutique-cosmetique.png\",\"contentUrl\":\"https:\/\/www.safinel.fr\/wp-content\/uploads\/2021\/05\/boutique-cosmetique.png\",\"width\":800,\"height\":200,\"caption\":\"Safinel\"},\"image\":{\"@id\":\"https:\/\/www.safinel.fr\/#\/schema\/logo\/image\/\"}},{\"@type\":\"Person\",\"@id\":\"https:\/\/www.safinel.fr\/#\/schema\/person\/47f7357f8aa8a41a796811d3f8a3e055\",\"name\":\"Naj\",\"image\":{\"@type\":\"ImageObject\",\"inLanguage\":\"es\",\"@id\":\"https:\/\/www.safinel.fr\/#\/schema\/person\/image\/\",\"url\":\"https:\/\/secure.gravatar.com\/avatar\/5c0fa4f0bce748d4964b7d68e4b0ee1d8e3120edba58a55893ced967bd2093b5?s=96&d=mm&r=g\",\"contentUrl\":\"https:\/\/secure.gravatar.com\/avatar\/5c0fa4f0bce748d4964b7d68e4b0ee1d8e3120edba58a55893ced967bd2093b5?s=96&d=mm&r=g\",\"caption\":\"Naj\"},\"url\":\"https:\/\/www.safinel.fr\/es\/author\/naj\/\"}]}<\/script>\n<!-- \/ Yoast SEO plugin. -->","yoast_head_json":{"title":"Queratosis pilaris piel negra | Gu\u00eda pr\u00e1ctica para saber","description":"Aqu\u00ed exploramos las causas de la queratosis pilar y c\u00f3mo afecta espec\u00edficamente a las personas de piel negra.","robots":{"index":"index","follow":"follow","max-snippet":"max-snippet:-1","max-image-preview":"max-image-preview:large","max-video-preview":"max-video-preview:-1"},"canonical":"https:\/\/www.safinel.fr\/es\/queratosis-pilaris-piel-negra\/","og_locale":"es_ES","og_type":"article","og_title":"K\u00e9ratose pilaire peau noire | Le guide pratique \u00e0 conna\u00eetre","og_description":"Ici, nous explorerons les causes de la k\u00e9ratose pilaire peau noire, comment elle affecte sp\u00e9cifiquement les personnes \u00e0 la peau noire.","og_url":"https:\/\/www.safinel.fr\/es\/queratosis-pilaris-piel-negra\/","og_site_name":"Safinel","article_published_time":"2023-09-08T14:33:07+00:00","article_modified_time":"2023-09-08T14:33:09+00:00","og_image":[{"width":1100,"height":578,"url":"https:\/\/www.safinel.fr\/wp-content\/uploads\/2023\/09\/La-keratose-pilaire-sur-les-peaux-noires.jpg","type":"image\/jpeg"}],"author":"Naj","twitter_card":"summary_large_image","twitter_misc":{"Escrito por":"Naj","Tiempo de lectura":"4 minutos"},"schema":{"@context":"https:\/\/schema.org","@graph":[{"@type":"Article","@id":"https:\/\/www.safinel.fr\/keratose-pilaire-peau-noire\/#article","isPartOf":{"@id":"https:\/\/www.safinel.fr\/keratose-pilaire-peau-noire\/"},"author":{"name":"Naj","@id":"https:\/\/www.safinel.fr\/#\/schema\/person\/47f7357f8aa8a41a796811d3f8a3e055"},"headline":"Comprendre et g\u00e9rer la k\u00e9ratose pilaire sur les peaux noires","datePublished":"2023-09-08T14:33:07+00:00","dateModified":"2023-09-08T14:33:09+00:00","mainEntityOfPage":{"@id":"https:\/\/www.safinel.fr\/keratose-pilaire-peau-noire\/"},"wordCount":839,"publisher":{"@id":"https:\/\/www.safinel.fr\/#organization"},"image":{"@id":"https:\/\/www.safinel.fr\/keratose-pilaire-peau-noire\/#primaryimage"},"thumbnailUrl":"https:\/\/www.safinel.fr\/wp-content\/uploads\/2023\/09\/La-keratose-pilaire-sur-les-peaux-noires.jpg","articleSection":["Divers"],"inLanguage":"es"},{"@type":"WebPage","@id":"https:\/\/www.safinel.fr\/keratose-pilaire-peau-noire\/","url":"https:\/\/www.safinel.fr\/keratose-pilaire-peau-noire\/","name":"Queratosis pilaris piel negra | Gu\u00eda pr\u00e1ctica para saber","isPartOf":{"@id":"https:\/\/www.safinel.fr\/#website"},"primaryImageOfPage":{"@id":"https:\/\/www.safinel.fr\/keratose-pilaire-peau-noire\/#primaryimage"},"image":{"@id":"https:\/\/www.safinel.fr\/keratose-pilaire-peau-noire\/#primaryimage"},"thumbnailUrl":"https:\/\/www.safinel.fr\/wp-content\/uploads\/2023\/09\/La-keratose-pilaire-sur-les-peaux-noires.jpg","datePublished":"2023-09-08T14:33:07+00:00","dateModified":"2023-09-08T14:33:09+00:00","description":"Aqu\u00ed exploramos las causas de la queratosis pilar y c\u00f3mo afecta espec\u00edficamente a las personas de piel negra.","breadcrumb":{"@id":"https:\/\/www.safinel.fr\/keratose-pilaire-peau-noire\/#breadcrumb"},"inLanguage":"es","potentialAction":[{"@type":"ReadAction","target":["https:\/\/www.safinel.fr\/keratose-pilaire-peau-noire\/"]}]},{"@type":"ImageObject","inLanguage":"es","@id":"https:\/\/www.safinel.fr\/keratose-pilaire-peau-noire\/#primaryimage","url":"https:\/\/www.safinel.fr\/wp-content\/uploads\/2023\/09\/La-keratose-pilaire-sur-les-peaux-noires.jpg","contentUrl":"https:\/\/www.safinel.fr\/wp-content\/uploads\/2023\/09\/La-keratose-pilaire-sur-les-peaux-noires.jpg","width":1100,"height":578,"caption":"K\u00e9ratose pilaire peau noire"},{"@type":"BreadcrumbList","@id":"https:\/\/www.safinel.fr\/keratose-pilaire-peau-noire\/#breadcrumb","itemListElement":[{"@type":"ListItem","position":1,"name":"Accueil","item":"https:\/\/www.safinel.fr\/"},{"@type":"ListItem","position":2,"name":"Comprendre et g\u00e9rer la k\u00e9ratose pilaire sur les peaux noires"}]},{"@type":"WebSite","@id":"https:\/\/www.safinel.fr\/#website","url":"https:\/\/www.safinel.fr\/","name":"Safinel","description":"","publisher":{"@id":"https:\/\/www.safinel.fr\/#organization"},"potentialAction":[{"@type":"SearchAction","target":{"@type":"EntryPoint","urlTemplate":"https:\/\/www.safinel.fr\/?s={search_term_string}"},"query-input":{"@type":"PropertyValueSpecification","valueRequired":true,"valueName":"search_term_string"}}],"inLanguage":"es"},{"@type":"Organization","@id":"https:\/\/www.safinel.fr\/#organization","name":"Safinel","url":"https:\/\/www.safinel.fr\/","logo":{"@type":"ImageObject","inLanguage":"es","@id":"https:\/\/www.safinel.fr\/#\/schema\/logo\/image\/","url":"https:\/\/www.safinel.fr\/wp-content\/uploads\/2021\/05\/boutique-cosmetique.png","contentUrl":"https:\/\/www.safinel.fr\/wp-content\/uploads\/2021\/05\/boutique-cosmetique.png","width":800,"height":200,"caption":"Safinel"},"image":{"@id":"https:\/\/www.safinel.fr\/#\/schema\/logo\/image\/"}},{"@type":"Person","@id":"https:\/\/www.safinel.fr\/#\/schema\/person\/47f7357f8aa8a41a796811d3f8a3e055","name":"Naj","image":{"@type":"ImageObject","inLanguage":"es","@id":"https:\/\/www.safinel.fr\/#\/schema\/person\/image\/","url":"https:\/\/secure.gravatar.com\/avatar\/5c0fa4f0bce748d4964b7d68e4b0ee1d8e3120edba58a55893ced967bd2093b5?s=96&d=mm&r=g","contentUrl":"https:\/\/secure.gravatar.com\/avatar\/5c0fa4f0bce748d4964b7d68e4b0ee1d8e3120edba58a55893ced967bd2093b5?s=96&d=mm&r=g","caption":"Naj"},"url":"https:\/\/www.safinel.fr\/es\/author\/naj\/"}]}},"_links":{"self":[{"href":"https:\/\/www.safinel.fr\/es\/wp-json\/wp\/v2\/posts\/8406","targetHints":{"allow":["GET"]}}],"collection":[{"href":"https:\/\/www.safinel.fr\/es\/wp-json\/wp\/v2\/posts"}],"about":[{"href":"https:\/\/www.safinel.fr\/es\/wp-json\/wp\/v2\/types\/post"}],"author":[{"embeddable":true,"href":"https:\/\/www.safinel.fr\/es\/wp-json\/wp\/v2\/users\/156"}],"replies":[{"embeddable":true,"href":"https:\/\/www.safinel.fr\/es\/wp-json\/wp\/v2\/comments?post=8406"}],"version-history":[{"count":1,"href":"https:\/\/www.safinel.fr\/es\/wp-json\/wp\/v2\/posts\/8406\/revisions"}],"predecessor-version":[{"id":8408,"href":"https:\/\/www.safinel.fr\/es\/wp-json\/wp\/v2\/posts\/8406\/revisions\/8408"}],"wp:featuredmedia":[{"embeddable":true,"href":"https:\/\/www.safinel.fr\/es\/wp-json\/wp\/v2\/media\/8407"}],"wp:attachment":[{"href":"https:\/\/www.safinel.fr\/es\/wp-json\/wp\/v2\/media?parent=8406"}],"wp:term":[{"taxonomy":"category","embeddable":true,"href":"https:\/\/www.safinel.fr\/es\/wp-json\/wp\/v2\/categories?post=8406"},{"taxonomy":"post_tag","embeddable":true,"href":"https:\/\/www.safinel.fr\/es\/wp-json\/wp\/v2\/tags?post=8406"}],"curies":[{"name":"wp","href":"https:\/\/api.w.org\/{rel}","templated":true}]}}