{"id":8191,"date":"2023-08-31T18:42:06","date_gmt":"2023-08-31T18:42:06","guid":{"rendered":"https:\/\/www.safinel.fr\/?p=8191"},"modified":"2023-08-31T18:42:07","modified_gmt":"2023-08-31T18:42:07","slug":"acne-microquistico-en-piel-negra","status":"publish","type":"post","link":"https:\/\/www.safinel.fr\/es\/acne-microquistico-en-piel-negra\/","title":{"rendered":"Comprender y tratar el acn\u00e9 microqu\u00edstico en la piel negra"},"content":{"rendered":"<p>L\u2019<strong>acn\u00e9 microqu\u00edstico<\/strong>&nbsp;es un problema cut\u00e1neo com\u00fan que puede afectar a cualquier persona, sea cual sea su color de piel. Sin embargo, hay algunas particularidades a tener en cuenta cuando se trata de&nbsp;<strong>pieles negras<\/strong>. En este art\u00edculo, veremos las caracter\u00edsticas espec\u00edficas del acn\u00e9 microqu\u00edstico en la piel negra, as\u00ed como los posibles tratamientos y la prevenci\u00f3n.<\/p>\n\n\n\n<h2 class=\"wp-block-heading\" id=\"h-qu-est-ce-que-l-acn-microkystique\"><strong>\u00bfQu\u00e9 es el acn\u00e9 microqu\u00edstico?<\/strong><\/h2>\n\n\n\n<p>El acn\u00e9 microqu\u00edstico se caracteriza por la presencia de&nbsp;<strong>microquistes<\/strong>, Se trata de peque\u00f1as lesiones llenas de sebo y c\u00e9lulas muertas. Estos microquistes se localizan bajo la piel, lo que los diferencia de los puntos negros y otros granos. Los microquistes tambi\u00e9n pueden denominarse&nbsp;<em>granos, milium o gr\u00e1nulos<\/em>.<\/p>\n\n\n\n<h3 class=\"wp-block-heading\" id=\"h-causes-de-l-acn-microkystique-sur-les-peaux-noires\"><strong>Causas del acn\u00e9 microqu\u00edstico en la piel negra<\/strong><\/h3>\n\n\n\n<p>Varios factores pueden contribuir a la aparici\u00f3n del acn\u00e9 microqu\u00edstico, entre ellos :<\/p>\n\n\n\n<ul class=\"wp-block-list\">\n<li>producci\u00f3n excesiva de sebo (hiperseborrea)<\/li>\n\n\n\n<li>mala eliminaci\u00f3n de las c\u00e9lulas muertas<\/li>\n\n\n\n<li>la presencia de bacterias en los fol\u00edculos pilosos<\/li>\n\n\n\n<li>desequilibrios hormonales (especialmente durante la pubertad, los ciclos menstruales o el uso de anticonceptivos hormonales)<\/li>\n\n\n\n<li>estr\u00e9s<\/li>\n\n\n\n<li>una dieta desequilibrada (rica en az\u00facares y grasas)<\/li>\n<\/ul>\n\n\n\n<h2 class=\"wp-block-heading\" id=\"h-les-sp-cificit-s-de-l-acn-microkystique-sur-les-peaux-noires\"><strong>Las caracter\u00edsticas espec\u00edficas del acn\u00e9 microqu\u00edstico en la piel negra<\/strong><\/h2>\n\n\n\n<p>A la hora de tratar el acn\u00e9 microqu\u00edstico, es esencial tener en cuenta ciertas particularidades de la piel negra. La piel negra tiende a ser m\u00e1s gruesa. Con mayor producci\u00f3n de sebo y una renovaci\u00f3n celular m\u00e1s lenta que la piel clara. Estas caracter\u00edsticas pueden hacer que la piel negra sea m\u00e1s propensa a sufrir problemas de acn\u00e9.<\/p>\n\n\n\n<h3 class=\"wp-block-heading\" id=\"h-les-risques-de-cicatrices-et-d-hyperpigmentation\"><strong>Riesgos de cicatrices e hiperpigmentaci\u00f3n<\/strong><\/h3>\n\n\n\n<p>La piel negra tambi\u00e9n es m\u00e1s propensa a desarrollar\u00a0<strong>cicatrices y manchas pigmentarias<\/strong>\u00a0tras los brotes de acn\u00e9. De hecho, la piel negra produce m\u00e1s <strong><a href=\"https:\/\/www.safinel.fr\/es\/melanina\/\">melanina<\/a><\/strong>, La melanina es un pigmento protector responsable del color de la piel. Cuando la piel es atacada por una inflamaci\u00f3n (como un grano de acn\u00e9), produce a\u00fan m\u00e1s melanina para protegerse, lo que puede dar lugar a manchas m\u00e1s oscuras en la piel denominadas\u00a0<em>hiperpigmentaci\u00f3n postinflamatoria<\/em>.<\/p>\n\n\n\n<h2 class=\"wp-block-heading\" id=\"h-traitements-et-pr-vention-de-l-acn-microkystique-sur-les-peaux-noires\"><strong>Tratamiento y prevenci\u00f3n del acn\u00e9 microqu\u00edstico en pieles negras<\/strong><\/h2>\n\n\n\n<h3 class=\"wp-block-heading\" id=\"h-nettoyage-et-soins-du-visage-adapt-s-aux-peaux-noires\"><strong>Limpieza y cuidado facial para pieles negras<\/strong><\/h3>\n\n\n\n<p>Una buena rutina de limpieza y cuidado facial es esencial para prevenir y tratar el acn\u00e9 microqu\u00edstico en la piel negra. Se recomienda utilizar&nbsp;<strong>productos espec\u00edficos para pieles negras<\/strong>, Suelen ser m\u00e1s suaves y menos irritantes que los productos dise\u00f1ados para pieles claras. Aqu\u00ed tienes algunos consejos para cuidar tu piel:<\/p>\n\n\n\n<ul class=\"wp-block-list\">\n<li>Limpia tu rostro dos veces al d\u00eda con un limpiador suave, sin jab\u00f3n ni alcohol.<\/li>\n\n\n\n<li>Exfolia tu piel una o dos veces por semana para eliminar las c\u00e9lulas muertas y estimular la renovaci\u00f3n celular.<\/li>\n\n\n\n<li>Utiliza productos hidratantes adecuados para pieles grasas o con tendencia acneica (no comedog\u00e9nicos).<\/li>\n\n\n\n<li><strong><a href=\"https:\/\/www.safinel.fr\/es\/quemaduras-solares-piel-negra\/\">Proteja su piel del sol<\/a><\/strong> con una crema solar de amplio espectro y alto \u00edndice, ya que los rayos UV pueden agravar la hiperpigmentaci\u00f3n postinflamatoria.<\/li>\n<\/ul>\n\n\n\n<h3 class=\"wp-block-heading\" id=\"h-traitements-m-dicaux-et-topiques\"><strong>Tratamientos m\u00e9dicos y t\u00f3picos<\/strong><\/h3>\n\n\n\n<p>En caso de acn\u00e9 microqu\u00edstico persistente, es aconsejable consultar a un dermat\u00f3logo.&nbsp;<strong>dermat\u00f3logo<\/strong>&nbsp;que puede prescribirle tratamientos adaptados a su tipo de piel y a la gravedad de su acn\u00e9. Las opciones de tratamiento m\u00e9dico incluyen:<\/p>\n\n\n\n<ul class=\"wp-block-list\">\n<li>cremas o geles que contienen retinoides (derivados de la vitamina A) para regular la producci\u00f3n de sebo y eliminar las c\u00e9lulas muertas<\/li>\n\n\n\n<li>antibi\u00f3ticos locales u orales para combatir la infecci\u00f3n bacteriana<\/li>\n\n\n\n<li>tratamientos hormonales (como la p\u00edldora anticonceptiva) para regular los desequilibrios hormonales responsables del acn\u00e9<\/li>\n<\/ul>\n\n\n\n<p>En el caso de la hiperpigmentaci\u00f3n postinflamatoria, el dermat\u00f3logo puede prescribir tratamientos espec\u00edficos, como :<\/p>\n\n\n\n<ul class=\"wp-block-list\">\n<li>de <strong><a href=\"https:\/\/www.safinel.fr\/es\/product-2\/crema-de-nila\/\">cremas aclarantes<\/a><\/strong> que contengan hidroquinona o \u00e1cidos de frutas (AHA)<\/li>\n\n\n\n<li>peelings qu\u00edmicos o microdermoabrasiones para estimular la renovaci\u00f3n celular y atenuar las manchas de pigmentaci\u00f3n<\/li>\n<\/ul>\n\n\n\n<h3 class=\"wp-block-heading\" id=\"h-compl-ments-alimentaires-et-modifications-du-mode-de-vie\"><strong>Complementos alimenticios y cambios en el estilo de vida<\/strong><\/h3>\n\n\n\n<p>Adem\u00e1s de los tratamientos m\u00e9dicos y los cuidados faciales, tambi\u00e9n puedes mejorar tu piel adoptando ciertos h\u00e1bitos:<\/p>\n\n\n\n<ul class=\"wp-block-list\">\n<li>Tomar suplementos de&nbsp;<strong>vitamina E<\/strong>, que tiene un efecto antiinflamatorio y ayuda a cicatrizar la piel.<\/li>\n\n\n\n<li>Sigue una dieta equilibrada, rica en antioxidantes (frutas y verduras), omega-3 (pescado azul, frutos secos) y baja en az\u00facares y grasas saturadas.<\/li>\n\n\n\n<li>Beba suficiente agua para mantener la piel bien hidratada.<\/li>\n\n\n\n<li>Haga ejercicio regularmente para estimular la circulaci\u00f3n sangu\u00ednea y eliminar toxinas.<\/li>\n\n\n\n<li>Intente reducir el estr\u00e9s, que puede agravar el acn\u00e9, por ejemplo practicando meditaci\u00f3n, yoga o relajaci\u00f3n.<\/li>\n<\/ul>\n\n\n\n<p>Siguiendo estos consejos y adaptando los tratamientos a tu tipo de piel y a las caracter\u00edsticas espec\u00edficas del acn\u00e9 microqu\u00edstico en la piel negra. <\/p>\n\n\n\n<p>Podr\u00e1 mejorar la calidad de su piel y evitar complicaciones como las cicatrices y la hiperpigmentaci\u00f3n postinflamatoria.<\/p>","protected":false},"excerpt":{"rendered":"<p>El acn\u00e9 microqu\u00edstico es un problema cut\u00e1neo com\u00fan que puede afectar a cualquier persona, sea cual sea su color de piel. Sin embargo, existen ciertas particularidades que deben tenerse en cuenta cuando se trata de la piel negra. En este art\u00edculo, veremos las caracter\u00edsticas espec\u00edficas del acn\u00e9 microqu\u00edstico en la piel negra, as\u00ed como sus posibles tratamientos y prevenci\u00f3n. \u00bfQu\u00e9 es el acn\u00e9 microqu\u00edstico?","protected":false},"author":156,"featured_media":8192,"comment_status":"closed","ping_status":"closed","sticky":false,"template":"","format":"standard","meta":{"footnotes":""},"categories":[1],"tags":[],"class_list":["post-8191","post","type-post","status-publish","format-standard","has-post-thumbnail","hentry","category-divers"],"yoast_head":"<!-- This site is optimized with the Yoast SEO plugin v26.6 - https:\/\/yoast.com\/wordpress\/plugins\/seo\/ -->\n<title>Acn\u00e9 microkystique sur les peaux noires | Le guide pratique<\/title>\n<meta name=\"description\" content=\"Ici, nous aborderons les sp\u00e9cificit\u00e9s de l&#039;acn\u00e9 microkystique sur les peaux noires, ainsi que les traitements et pr\u00e9ventions possibles.\" \/>\n<meta name=\"robots\" content=\"index, follow, max-snippet:-1, max-image-preview:large, max-video-preview:-1\" \/>\n<link rel=\"canonical\" href=\"https:\/\/www.safinel.fr\/es\/acne-microquistico-en-piel-negra\/\" \/>\n<meta property=\"og:locale\" content=\"es_ES\" \/>\n<meta property=\"og:type\" content=\"article\" \/>\n<meta property=\"og:title\" content=\"Acn\u00e9 microkystique sur les peaux noires | Le guide pratique\" \/>\n<meta property=\"og:description\" content=\"Ici, nous aborderons les sp\u00e9cificit\u00e9s de l&#039;acn\u00e9 microkystique sur les peaux noires, ainsi que les traitements et pr\u00e9ventions possibles.\" \/>\n<meta property=\"og:url\" content=\"https:\/\/www.safinel.fr\/es\/acne-microquistico-en-piel-negra\/\" \/>\n<meta property=\"og:site_name\" content=\"Safinel\" \/>\n<meta property=\"article:published_time\" content=\"2023-08-31T18:42:06+00:00\" \/>\n<meta property=\"article:modified_time\" content=\"2023-08-31T18:42:07+00:00\" \/>\n<meta property=\"og:image\" content=\"https:\/\/www.safinel.fr\/wp-content\/uploads\/2023\/08\/Acne-microkystique-sur-les-peaux-noires-.jpg\" \/>\n\t<meta property=\"og:image:width\" content=\"1100\" \/>\n\t<meta property=\"og:image:height\" content=\"578\" \/>\n\t<meta property=\"og:image:type\" content=\"image\/jpeg\" \/>\n<meta name=\"author\" content=\"Naj\" \/>\n<meta name=\"twitter:card\" content=\"summary_large_image\" \/>\n<meta name=\"twitter:label1\" content=\"Escrito por\" \/>\n\t<meta name=\"twitter:data1\" content=\"Naj\" \/>\n\t<meta name=\"twitter:label2\" content=\"Tiempo de lectura\" \/>\n\t<meta name=\"twitter:data2\" content=\"4 minutos\" \/>\n<script type=\"application\/ld+json\" class=\"yoast-schema-graph\">{\"@context\":\"https:\/\/schema.org\",\"@graph\":[{\"@type\":\"Article\",\"@id\":\"https:\/\/www.safinel.fr\/acne-microkystique-sur-les-peaux-noires\/#article\",\"isPartOf\":{\"@id\":\"https:\/\/www.safinel.fr\/acne-microkystique-sur-les-peaux-noires\/\"},\"author\":{\"name\":\"Naj\",\"@id\":\"https:\/\/www.safinel.fr\/#\/schema\/person\/47f7357f8aa8a41a796811d3f8a3e055\"},\"headline\":\"Comprendre et traiter l&rsquo;acn\u00e9 microkystique sur les peaux noires\",\"datePublished\":\"2023-08-31T18:42:06+00:00\",\"dateModified\":\"2023-08-31T18:42:07+00:00\",\"mainEntityOfPage\":{\"@id\":\"https:\/\/www.safinel.fr\/acne-microkystique-sur-les-peaux-noires\/\"},\"wordCount\":885,\"publisher\":{\"@id\":\"https:\/\/www.safinel.fr\/#organization\"},\"image\":{\"@id\":\"https:\/\/www.safinel.fr\/acne-microkystique-sur-les-peaux-noires\/#primaryimage\"},\"thumbnailUrl\":\"https:\/\/www.safinel.fr\/wp-content\/uploads\/2023\/08\/Acne-microkystique-sur-les-peaux-noires-.jpg\",\"articleSection\":[\"Divers\"],\"inLanguage\":\"es\"},{\"@type\":\"WebPage\",\"@id\":\"https:\/\/www.safinel.fr\/acne-microkystique-sur-les-peaux-noires\/\",\"url\":\"https:\/\/www.safinel.fr\/acne-microkystique-sur-les-peaux-noires\/\",\"name\":\"Acn\u00e9 microkystique sur les peaux noires | Le guide pratique\",\"isPartOf\":{\"@id\":\"https:\/\/www.safinel.fr\/#website\"},\"primaryImageOfPage\":{\"@id\":\"https:\/\/www.safinel.fr\/acne-microkystique-sur-les-peaux-noires\/#primaryimage\"},\"image\":{\"@id\":\"https:\/\/www.safinel.fr\/acne-microkystique-sur-les-peaux-noires\/#primaryimage\"},\"thumbnailUrl\":\"https:\/\/www.safinel.fr\/wp-content\/uploads\/2023\/08\/Acne-microkystique-sur-les-peaux-noires-.jpg\",\"datePublished\":\"2023-08-31T18:42:06+00:00\",\"dateModified\":\"2023-08-31T18:42:07+00:00\",\"description\":\"Ici, nous aborderons les sp\u00e9cificit\u00e9s de l'acn\u00e9 microkystique sur les peaux noires, ainsi que les traitements et pr\u00e9ventions possibles.\",\"breadcrumb\":{\"@id\":\"https:\/\/www.safinel.fr\/acne-microkystique-sur-les-peaux-noires\/#breadcrumb\"},\"inLanguage\":\"es\",\"potentialAction\":[{\"@type\":\"ReadAction\",\"target\":[\"https:\/\/www.safinel.fr\/acne-microkystique-sur-les-peaux-noires\/\"]}]},{\"@type\":\"ImageObject\",\"inLanguage\":\"es\",\"@id\":\"https:\/\/www.safinel.fr\/acne-microkystique-sur-les-peaux-noires\/#primaryimage\",\"url\":\"https:\/\/www.safinel.fr\/wp-content\/uploads\/2023\/08\/Acne-microkystique-sur-les-peaux-noires-.jpg\",\"contentUrl\":\"https:\/\/www.safinel.fr\/wp-content\/uploads\/2023\/08\/Acne-microkystique-sur-les-peaux-noires-.jpg\",\"width\":1100,\"height\":578,\"caption\":\"acn\u00e9 microkystique sur les peaux noires\"},{\"@type\":\"BreadcrumbList\",\"@id\":\"https:\/\/www.safinel.fr\/acne-microkystique-sur-les-peaux-noires\/#breadcrumb\",\"itemListElement\":[{\"@type\":\"ListItem\",\"position\":1,\"name\":\"Accueil\",\"item\":\"https:\/\/www.safinel.fr\/\"},{\"@type\":\"ListItem\",\"position\":2,\"name\":\"Comprendre et traiter l&#8217;acn\u00e9 microkystique sur les peaux noires\"}]},{\"@type\":\"WebSite\",\"@id\":\"https:\/\/www.safinel.fr\/#website\",\"url\":\"https:\/\/www.safinel.fr\/\",\"name\":\"Safinel\",\"description\":\"\",\"publisher\":{\"@id\":\"https:\/\/www.safinel.fr\/#organization\"},\"potentialAction\":[{\"@type\":\"SearchAction\",\"target\":{\"@type\":\"EntryPoint\",\"urlTemplate\":\"https:\/\/www.safinel.fr\/?s={search_term_string}\"},\"query-input\":{\"@type\":\"PropertyValueSpecification\",\"valueRequired\":true,\"valueName\":\"search_term_string\"}}],\"inLanguage\":\"es\"},{\"@type\":\"Organization\",\"@id\":\"https:\/\/www.safinel.fr\/#organization\",\"name\":\"Safinel\",\"url\":\"https:\/\/www.safinel.fr\/\",\"logo\":{\"@type\":\"ImageObject\",\"inLanguage\":\"es\",\"@id\":\"https:\/\/www.safinel.fr\/#\/schema\/logo\/image\/\",\"url\":\"https:\/\/www.safinel.fr\/wp-content\/uploads\/2021\/05\/boutique-cosmetique.png\",\"contentUrl\":\"https:\/\/www.safinel.fr\/wp-content\/uploads\/2021\/05\/boutique-cosmetique.png\",\"width\":800,\"height\":200,\"caption\":\"Safinel\"},\"image\":{\"@id\":\"https:\/\/www.safinel.fr\/#\/schema\/logo\/image\/\"}},{\"@type\":\"Person\",\"@id\":\"https:\/\/www.safinel.fr\/#\/schema\/person\/47f7357f8aa8a41a796811d3f8a3e055\",\"name\":\"Naj\",\"image\":{\"@type\":\"ImageObject\",\"inLanguage\":\"es\",\"@id\":\"https:\/\/www.safinel.fr\/#\/schema\/person\/image\/\",\"url\":\"https:\/\/secure.gravatar.com\/avatar\/5c0fa4f0bce748d4964b7d68e4b0ee1d8e3120edba58a55893ced967bd2093b5?s=96&d=mm&r=g\",\"contentUrl\":\"https:\/\/secure.gravatar.com\/avatar\/5c0fa4f0bce748d4964b7d68e4b0ee1d8e3120edba58a55893ced967bd2093b5?s=96&d=mm&r=g\",\"caption\":\"Naj\"},\"url\":\"https:\/\/www.safinel.fr\/es\/author\/naj\/\"}]}<\/script>\n<!-- \/ Yoast SEO plugin. -->","yoast_head_json":{"title":"Acn\u00e9 microqu\u00edstico en pieles negras | Gu\u00eda pr\u00e1ctica","description":"A continuaci\u00f3n, examinamos las caracter\u00edsticas espec\u00edficas del acn\u00e9 microqu\u00edstico en la piel negra, as\u00ed como sus posibles tratamientos y prevenci\u00f3n.","robots":{"index":"index","follow":"follow","max-snippet":"max-snippet:-1","max-image-preview":"max-image-preview:large","max-video-preview":"max-video-preview:-1"},"canonical":"https:\/\/www.safinel.fr\/es\/acne-microquistico-en-piel-negra\/","og_locale":"es_ES","og_type":"article","og_title":"Acn\u00e9 microkystique sur les peaux noires | Le guide pratique","og_description":"Ici, nous aborderons les sp\u00e9cificit\u00e9s de l'acn\u00e9 microkystique sur les peaux noires, ainsi que les traitements et pr\u00e9ventions possibles.","og_url":"https:\/\/www.safinel.fr\/es\/acne-microquistico-en-piel-negra\/","og_site_name":"Safinel","article_published_time":"2023-08-31T18:42:06+00:00","article_modified_time":"2023-08-31T18:42:07+00:00","og_image":[{"width":1100,"height":578,"url":"https:\/\/www.safinel.fr\/wp-content\/uploads\/2023\/08\/Acne-microkystique-sur-les-peaux-noires-.jpg","type":"image\/jpeg"}],"author":"Naj","twitter_card":"summary_large_image","twitter_misc":{"Escrito por":"Naj","Tiempo de lectura":"4 minutos"},"schema":{"@context":"https:\/\/schema.org","@graph":[{"@type":"Article","@id":"https:\/\/www.safinel.fr\/acne-microkystique-sur-les-peaux-noires\/#article","isPartOf":{"@id":"https:\/\/www.safinel.fr\/acne-microkystique-sur-les-peaux-noires\/"},"author":{"name":"Naj","@id":"https:\/\/www.safinel.fr\/#\/schema\/person\/47f7357f8aa8a41a796811d3f8a3e055"},"headline":"Comprendre et traiter l&rsquo;acn\u00e9 microkystique sur les peaux noires","datePublished":"2023-08-31T18:42:06+00:00","dateModified":"2023-08-31T18:42:07+00:00","mainEntityOfPage":{"@id":"https:\/\/www.safinel.fr\/acne-microkystique-sur-les-peaux-noires\/"},"wordCount":885,"publisher":{"@id":"https:\/\/www.safinel.fr\/#organization"},"image":{"@id":"https:\/\/www.safinel.fr\/acne-microkystique-sur-les-peaux-noires\/#primaryimage"},"thumbnailUrl":"https:\/\/www.safinel.fr\/wp-content\/uploads\/2023\/08\/Acne-microkystique-sur-les-peaux-noires-.jpg","articleSection":["Divers"],"inLanguage":"es"},{"@type":"WebPage","@id":"https:\/\/www.safinel.fr\/acne-microkystique-sur-les-peaux-noires\/","url":"https:\/\/www.safinel.fr\/acne-microkystique-sur-les-peaux-noires\/","name":"Acn\u00e9 microqu\u00edstico en pieles negras | Gu\u00eda pr\u00e1ctica","isPartOf":{"@id":"https:\/\/www.safinel.fr\/#website"},"primaryImageOfPage":{"@id":"https:\/\/www.safinel.fr\/acne-microkystique-sur-les-peaux-noires\/#primaryimage"},"image":{"@id":"https:\/\/www.safinel.fr\/acne-microkystique-sur-les-peaux-noires\/#primaryimage"},"thumbnailUrl":"https:\/\/www.safinel.fr\/wp-content\/uploads\/2023\/08\/Acne-microkystique-sur-les-peaux-noires-.jpg","datePublished":"2023-08-31T18:42:06+00:00","dateModified":"2023-08-31T18:42:07+00:00","description":"A continuaci\u00f3n, examinamos las caracter\u00edsticas espec\u00edficas del acn\u00e9 microqu\u00edstico en la piel negra, as\u00ed como sus posibles tratamientos y prevenci\u00f3n.","breadcrumb":{"@id":"https:\/\/www.safinel.fr\/acne-microkystique-sur-les-peaux-noires\/#breadcrumb"},"inLanguage":"es","potentialAction":[{"@type":"ReadAction","target":["https:\/\/www.safinel.fr\/acne-microkystique-sur-les-peaux-noires\/"]}]},{"@type":"ImageObject","inLanguage":"es","@id":"https:\/\/www.safinel.fr\/acne-microkystique-sur-les-peaux-noires\/#primaryimage","url":"https:\/\/www.safinel.fr\/wp-content\/uploads\/2023\/08\/Acne-microkystique-sur-les-peaux-noires-.jpg","contentUrl":"https:\/\/www.safinel.fr\/wp-content\/uploads\/2023\/08\/Acne-microkystique-sur-les-peaux-noires-.jpg","width":1100,"height":578,"caption":"acn\u00e9 microkystique sur les peaux noires"},{"@type":"BreadcrumbList","@id":"https:\/\/www.safinel.fr\/acne-microkystique-sur-les-peaux-noires\/#breadcrumb","itemListElement":[{"@type":"ListItem","position":1,"name":"Accueil","item":"https:\/\/www.safinel.fr\/"},{"@type":"ListItem","position":2,"name":"Comprendre et traiter l&#8217;acn\u00e9 microkystique sur les peaux noires"}]},{"@type":"WebSite","@id":"https:\/\/www.safinel.fr\/#website","url":"https:\/\/www.safinel.fr\/","name":"Safinel","description":"","publisher":{"@id":"https:\/\/www.safinel.fr\/#organization"},"potentialAction":[{"@type":"SearchAction","target":{"@type":"EntryPoint","urlTemplate":"https:\/\/www.safinel.fr\/?s={search_term_string}"},"query-input":{"@type":"PropertyValueSpecification","valueRequired":true,"valueName":"search_term_string"}}],"inLanguage":"es"},{"@type":"Organization","@id":"https:\/\/www.safinel.fr\/#organization","name":"Safinel","url":"https:\/\/www.safinel.fr\/","logo":{"@type":"ImageObject","inLanguage":"es","@id":"https:\/\/www.safinel.fr\/#\/schema\/logo\/image\/","url":"https:\/\/www.safinel.fr\/wp-content\/uploads\/2021\/05\/boutique-cosmetique.png","contentUrl":"https:\/\/www.safinel.fr\/wp-content\/uploads\/2021\/05\/boutique-cosmetique.png","width":800,"height":200,"caption":"Safinel"},"image":{"@id":"https:\/\/www.safinel.fr\/#\/schema\/logo\/image\/"}},{"@type":"Person","@id":"https:\/\/www.safinel.fr\/#\/schema\/person\/47f7357f8aa8a41a796811d3f8a3e055","name":"Naj","image":{"@type":"ImageObject","inLanguage":"es","@id":"https:\/\/www.safinel.fr\/#\/schema\/person\/image\/","url":"https:\/\/secure.gravatar.com\/avatar\/5c0fa4f0bce748d4964b7d68e4b0ee1d8e3120edba58a55893ced967bd2093b5?s=96&d=mm&r=g","contentUrl":"https:\/\/secure.gravatar.com\/avatar\/5c0fa4f0bce748d4964b7d68e4b0ee1d8e3120edba58a55893ced967bd2093b5?s=96&d=mm&r=g","caption":"Naj"},"url":"https:\/\/www.safinel.fr\/es\/author\/naj\/"}]}},"_links":{"self":[{"href":"https:\/\/www.safinel.fr\/es\/wp-json\/wp\/v2\/posts\/8191","targetHints":{"allow":["GET"]}}],"collection":[{"href":"https:\/\/www.safinel.fr\/es\/wp-json\/wp\/v2\/posts"}],"about":[{"href":"https:\/\/www.safinel.fr\/es\/wp-json\/wp\/v2\/types\/post"}],"author":[{"embeddable":true,"href":"https:\/\/www.safinel.fr\/es\/wp-json\/wp\/v2\/users\/156"}],"replies":[{"embeddable":true,"href":"https:\/\/www.safinel.fr\/es\/wp-json\/wp\/v2\/comments?post=8191"}],"version-history":[{"count":1,"href":"https:\/\/www.safinel.fr\/es\/wp-json\/wp\/v2\/posts\/8191\/revisions"}],"predecessor-version":[{"id":8193,"href":"https:\/\/www.safinel.fr\/es\/wp-json\/wp\/v2\/posts\/8191\/revisions\/8193"}],"wp:featuredmedia":[{"embeddable":true,"href":"https:\/\/www.safinel.fr\/es\/wp-json\/wp\/v2\/media\/8192"}],"wp:attachment":[{"href":"https:\/\/www.safinel.fr\/es\/wp-json\/wp\/v2\/media?parent=8191"}],"wp:term":[{"taxonomy":"category","embeddable":true,"href":"https:\/\/www.safinel.fr\/es\/wp-json\/wp\/v2\/categories?post=8191"},{"taxonomy":"post_tag","embeddable":true,"href":"https:\/\/www.safinel.fr\/es\/wp-json\/wp\/v2\/tags?post=8191"}],"curies":[{"name":"wp","href":"https:\/\/api.w.org\/{rel}","templated":true}]}}