{"id":8104,"date":"2023-08-27T16:59:36","date_gmt":"2023-08-27T16:59:36","guid":{"rendered":"https:\/\/www.safinel.fr\/?p=8104"},"modified":"2023-08-27T16:59:38","modified_gmt":"2023-08-27T16:59:38","slug":"estrias-en-la-piel-negra","status":"publish","type":"post","link":"https:\/\/www.safinel.fr\/es\/estrias-en-la-piel-negra\/","title":{"rendered":"Estr\u00edas en la piel negra: causas, soluciones y prevenci\u00f3n"},"content":{"rendered":"<p>En&nbsp;<strong>estr\u00edas<\/strong>&nbsp;son lesiones cut\u00e1neas que pueden afectar a cualquier persona, sea cual sea su color de piel. Sin embargo, suelen ser m\u00e1s visibles en las mujeres al&nbsp;<strong>piel negra<\/strong>. En este art\u00edculo, veremos las causas de las estr\u00edas en la piel negra, as\u00ed como los tratamientos y m\u00e9todos de prevenci\u00f3n disponibles.<\/p>\n\n\n\n<h2 class=\"wp-block-heading\" id=\"h-causes-des-vergetures-sur-la-peau-noire\"><strong>Causas de las estr\u00edas en la piel negra<\/strong><\/h2>\n\n\n\n<p>Las estr\u00edas se producen por el r\u00e1pido estiramiento de la piel, normalmente como consecuencia de un r\u00e1pido crecimiento o un gran aumento de peso. Se forman cuando las fibras el\u00e1sticas y de col\u00e1geno de la piel se rompen bajo tensi\u00f3n, creando estr\u00edas lineales en la superficie de la piel. Los siguientes factores pueden aumentar el riesgo de aparici\u00f3n de estr\u00edas:<\/p>\n\n\n\n<ul class=\"wp-block-list\">\n<li><strong>Gen\u00e9tica<\/strong>\u00a0Algunas personas tienen una predisposici\u00f3n gen\u00e9tica a las estr\u00edas.<\/li>\n\n\n\n<li><strong>Variaciones hormonales<\/strong>\u00a0Estr\u00edas: los cambios hormonales durante la pubertad, el embarazo o como consecuencia de ciertos medicamentos pueden afectar a la producci\u00f3n de col\u00e1geno y elastina, haciendo que la piel sea m\u00e1s susceptible a la formaci\u00f3n de estr\u00edas.<\/li>\n\n\n\n<li><strong>Edad<\/strong>\u00a0Estr\u00edas: la piel pierde elasticidad con la edad, lo que aumenta el riesgo de que aparezcan estr\u00edas.<\/li>\n<\/ul>\n\n\n\n<p>Las personas de piel negra pueden tener estr\u00edas m\u00e1s visibles como consecuencia de la&nbsp;<strong>color de contraste<\/strong>&nbsp;lesiones cut\u00e1neas en comparaci\u00f3n con su tez natural. Las estr\u00edas tienden a ser ros\u00e1ceas o viol\u00e1ceas al principio, y van desapareciendo gradualmente hasta volverse blancas o plateadas.<\/p>\n\n\n\n<h2 class=\"wp-block-heading\" id=\"h-traitements-pour-att-nuer\"><strong>Tratamientos para reducir<\/strong><\/h2>\n\n\n\n<p>Aunque las estr\u00edas nunca desaparecen del todo, existen tratamientos que pueden ayudar a hacerlas menos visibles y mejorar el aspecto de la piel. Entre ellos figuran:<\/p>\n\n\n\n<ul class=\"wp-block-list\">\n<li><strong>Cremas y lociones hidratantes<\/strong><\/li>\n<\/ul>\n\n\n\n<p>Los productos que contienen retinol, alfahidroxi\u00e1cidos (AHA) o vitamina C pueden estimular la producci\u00f3n de col\u00e1geno y elastina, mejorando el aspecto de las estr\u00edas. Adem\u00e1s, el uso regular de una loci\u00f3n hidratante puede ayudar a mantener la flexibilidad y elasticidad de la piel, reduciendo el riesgo de nuevas estr\u00edas.<\/p>\n\n\n\n<ul class=\"wp-block-list\">\n<li><strong>Tratamientos l\u00e1ser<\/strong><\/li>\n<\/ul>\n\n\n\n<p>Las sesiones de tratamiento con l\u00e1ser pueden ayudar a reducir la visibilidad de las estr\u00edas estimulando la producci\u00f3n de col\u00e1geno y favoreciendo el crecimiento de nuevas c\u00e9lulas cut\u00e1neas. Estos tratamientos pueden ser caros y requerir varias sesiones, pero suelen ser m\u00e1s eficaces en estr\u00edas recientes y coloreadas que en estr\u00edas antiguas y blancas.<\/p>\n\n\n\n<ul class=\"wp-block-list\">\n<li><strong>Microdermoabrasi\u00f3n<\/strong><\/li>\n<\/ul>\n\n\n\n<p>La microdermoabrasi\u00f3n es un tratamiento que consiste en exfoliar la superficie de la piel mediante microcristales para eliminar las c\u00e9lulas muertas y favorecer la regeneraci\u00f3n cut\u00e1nea. Este m\u00e9todo puede ayudar a desvanecer las estr\u00edas, sobre todo si se combina con tratamientos t\u00f3picos como cremas que contienen retinol o <strong><a href=\"https:\/\/www.safinel.fr\/es\/vitamina-c-piel-negra\/\">vitamina C<\/a><\/strong>.<\/p>\n\n\n\n<h3 class=\"wp-block-heading\" id=\"h-pr-vention-des-vergetures-sur-la-peau-noire\"><strong>Prevenir las estr\u00edas en la piel negra<\/strong><\/h3>\n\n\n\n<p>Aunque las estr\u00edas pueden ser dif\u00edciles de evitar por completo, hay medidas que puedes tomar para reducir el riesgo de que aparezcan:<\/p>\n\n\n\n<ul class=\"wp-block-list\">\n<li>Mantener una dieta equilibrada rica en vitaminas y minerales, especialmente vitamina C, zinc y silicio, que son esenciales para la producci\u00f3n de col\u00e1geno y elastina.<\/li>\n\n\n\n<li>Bebe suficiente agua para mantener la piel hidratada y conservar su elasticidad.<\/li>\n\n\n\n<li>Haga ejercicio regularmente para mantener una buena circulaci\u00f3n sangu\u00ednea y estimular la producci\u00f3n de col\u00e1geno.<\/li>\n\n\n\n<li>Utiliza productos hidratantes adecuados a tu tipo de piel y aplica aceites o mantecas naturales (como aceite de coco o manteca de karit\u00e9) para nutrir la piel y mantenerla flexible.<\/li>\n\n\n\n<li>Evite, en la medida de lo posible, los cambios bruscos de peso.<\/li>\n<\/ul>\n\n\n\n<p><strong>En resumen, las estr\u00edas en la piel negra pueden ser m\u00e1s visibles debido a su color contrastado con el tono natural de la piel. Existen tratamientos para reducir su aparici\u00f3n, as\u00ed como medidas preventivas para reducir el riesgo de que aparezcan. Un estilo de vida saludable, una dieta equilibrada y un cuidado esmerado de la piel son esenciales para limitar el impacto de las estr\u00edas, sea cual sea su tipo de piel.<\/strong><\/p>","protected":false},"excerpt":{"rendered":"<p>Las estr\u00edas son lesiones cut\u00e1neas que pueden afectar a cualquier persona, sea cual sea su color de piel. Sin embargo, suelen ser m\u00e1s visibles en las mujeres de piel negra. En este art\u00edculo, veremos las causas de las estr\u00edas en la piel negra, as\u00ed como los tratamientos y m\u00e9todos de prevenci\u00f3n disponibles. Causas de las estr\u00edas en la piel negra [...]","protected":false},"author":156,"featured_media":8105,"comment_status":"closed","ping_status":"closed","sticky":false,"template":"","format":"standard","meta":{"footnotes":""},"categories":[1],"tags":[],"class_list":["post-8104","post","type-post","status-publish","format-standard","has-post-thumbnail","hentry","category-divers"],"yoast_head":"<!-- This site is optimized with the Yoast SEO plugin v26.6 - https:\/\/yoast.com\/wordpress\/plugins\/seo\/ -->\n<title>Vergetures sur la peau noire | D\u00e9couvrez comment s&#039;en pr\u00e9munir<\/title>\n<meta name=\"description\" content=\"Dans cet article, nous examinerons les causes des vergetures sur la peau noire, ainsi que les traitements disponibles.\" \/>\n<meta name=\"robots\" content=\"index, follow, max-snippet:-1, max-image-preview:large, max-video-preview:-1\" \/>\n<link rel=\"canonical\" href=\"https:\/\/www.safinel.fr\/es\/estrias-en-la-piel-negra\/\" \/>\n<meta property=\"og:locale\" content=\"es_ES\" \/>\n<meta property=\"og:type\" content=\"article\" \/>\n<meta property=\"og:title\" content=\"Vergetures sur la peau noire | D\u00e9couvrez comment s&#039;en pr\u00e9munir\" \/>\n<meta property=\"og:description\" content=\"Dans cet article, nous examinerons les causes des vergetures sur la peau noire, ainsi que les traitements disponibles.\" \/>\n<meta property=\"og:url\" content=\"https:\/\/www.safinel.fr\/es\/estrias-en-la-piel-negra\/\" \/>\n<meta property=\"og:site_name\" content=\"Safinel\" \/>\n<meta property=\"article:published_time\" content=\"2023-08-27T16:59:36+00:00\" \/>\n<meta property=\"article:modified_time\" content=\"2023-08-27T16:59:38+00:00\" \/>\n<meta property=\"og:image\" content=\"https:\/\/www.safinel.fr\/wp-content\/uploads\/2023\/08\/Les-vergetures-sur-la-peau-noire.jpg\" \/>\n\t<meta property=\"og:image:width\" content=\"1100\" \/>\n\t<meta property=\"og:image:height\" content=\"578\" \/>\n\t<meta property=\"og:image:type\" content=\"image\/jpeg\" \/>\n<meta name=\"author\" content=\"Naj\" \/>\n<meta name=\"twitter:card\" content=\"summary_large_image\" \/>\n<meta name=\"twitter:label1\" content=\"Escrito por\" \/>\n\t<meta name=\"twitter:data1\" content=\"Naj\" \/>\n\t<meta name=\"twitter:label2\" content=\"Tiempo de lectura\" \/>\n\t<meta name=\"twitter:data2\" content=\"4 minutos\" \/>\n<script type=\"application\/ld+json\" class=\"yoast-schema-graph\">{\"@context\":\"https:\/\/schema.org\",\"@graph\":[{\"@type\":\"Article\",\"@id\":\"https:\/\/www.safinel.fr\/vergetures-sur-la-peau-noire\/#article\",\"isPartOf\":{\"@id\":\"https:\/\/www.safinel.fr\/vergetures-sur-la-peau-noire\/\"},\"author\":{\"name\":\"Naj\",\"@id\":\"https:\/\/www.safinel.fr\/#\/schema\/person\/47f7357f8aa8a41a796811d3f8a3e055\"},\"headline\":\"Les vergetures sur la peau noire\u00a0: causes, solutions et pr\u00e9vention\",\"datePublished\":\"2023-08-27T16:59:36+00:00\",\"dateModified\":\"2023-08-27T16:59:38+00:00\",\"mainEntityOfPage\":{\"@id\":\"https:\/\/www.safinel.fr\/vergetures-sur-la-peau-noire\/\"},\"wordCount\":739,\"publisher\":{\"@id\":\"https:\/\/www.safinel.fr\/#organization\"},\"image\":{\"@id\":\"https:\/\/www.safinel.fr\/vergetures-sur-la-peau-noire\/#primaryimage\"},\"thumbnailUrl\":\"https:\/\/www.safinel.fr\/wp-content\/uploads\/2023\/08\/Les-vergetures-sur-la-peau-noire.jpg\",\"articleSection\":[\"Divers\"],\"inLanguage\":\"es\"},{\"@type\":\"WebPage\",\"@id\":\"https:\/\/www.safinel.fr\/vergetures-sur-la-peau-noire\/\",\"url\":\"https:\/\/www.safinel.fr\/vergetures-sur-la-peau-noire\/\",\"name\":\"Vergetures sur la peau noire | D\u00e9couvrez comment s'en pr\u00e9munir\",\"isPartOf\":{\"@id\":\"https:\/\/www.safinel.fr\/#website\"},\"primaryImageOfPage\":{\"@id\":\"https:\/\/www.safinel.fr\/vergetures-sur-la-peau-noire\/#primaryimage\"},\"image\":{\"@id\":\"https:\/\/www.safinel.fr\/vergetures-sur-la-peau-noire\/#primaryimage\"},\"thumbnailUrl\":\"https:\/\/www.safinel.fr\/wp-content\/uploads\/2023\/08\/Les-vergetures-sur-la-peau-noire.jpg\",\"datePublished\":\"2023-08-27T16:59:36+00:00\",\"dateModified\":\"2023-08-27T16:59:38+00:00\",\"description\":\"Dans cet article, nous examinerons les causes des vergetures sur la peau noire, ainsi que les traitements disponibles.\",\"breadcrumb\":{\"@id\":\"https:\/\/www.safinel.fr\/vergetures-sur-la-peau-noire\/#breadcrumb\"},\"inLanguage\":\"es\",\"potentialAction\":[{\"@type\":\"ReadAction\",\"target\":[\"https:\/\/www.safinel.fr\/vergetures-sur-la-peau-noire\/\"]}]},{\"@type\":\"ImageObject\",\"inLanguage\":\"es\",\"@id\":\"https:\/\/www.safinel.fr\/vergetures-sur-la-peau-noire\/#primaryimage\",\"url\":\"https:\/\/www.safinel.fr\/wp-content\/uploads\/2023\/08\/Les-vergetures-sur-la-peau-noire.jpg\",\"contentUrl\":\"https:\/\/www.safinel.fr\/wp-content\/uploads\/2023\/08\/Les-vergetures-sur-la-peau-noire.jpg\",\"width\":1100,\"height\":578,\"caption\":\"vergetures sur la peau noire\"},{\"@type\":\"BreadcrumbList\",\"@id\":\"https:\/\/www.safinel.fr\/vergetures-sur-la-peau-noire\/#breadcrumb\",\"itemListElement\":[{\"@type\":\"ListItem\",\"position\":1,\"name\":\"Accueil\",\"item\":\"https:\/\/www.safinel.fr\/\"},{\"@type\":\"ListItem\",\"position\":2,\"name\":\"Les vergetures sur la peau noire\u00a0: causes, solutions et pr\u00e9vention\"}]},{\"@type\":\"WebSite\",\"@id\":\"https:\/\/www.safinel.fr\/#website\",\"url\":\"https:\/\/www.safinel.fr\/\",\"name\":\"Safinel\",\"description\":\"\",\"publisher\":{\"@id\":\"https:\/\/www.safinel.fr\/#organization\"},\"potentialAction\":[{\"@type\":\"SearchAction\",\"target\":{\"@type\":\"EntryPoint\",\"urlTemplate\":\"https:\/\/www.safinel.fr\/?s={search_term_string}\"},\"query-input\":{\"@type\":\"PropertyValueSpecification\",\"valueRequired\":true,\"valueName\":\"search_term_string\"}}],\"inLanguage\":\"es\"},{\"@type\":\"Organization\",\"@id\":\"https:\/\/www.safinel.fr\/#organization\",\"name\":\"Safinel\",\"url\":\"https:\/\/www.safinel.fr\/\",\"logo\":{\"@type\":\"ImageObject\",\"inLanguage\":\"es\",\"@id\":\"https:\/\/www.safinel.fr\/#\/schema\/logo\/image\/\",\"url\":\"https:\/\/www.safinel.fr\/wp-content\/uploads\/2021\/05\/boutique-cosmetique.png\",\"contentUrl\":\"https:\/\/www.safinel.fr\/wp-content\/uploads\/2021\/05\/boutique-cosmetique.png\",\"width\":800,\"height\":200,\"caption\":\"Safinel\"},\"image\":{\"@id\":\"https:\/\/www.safinel.fr\/#\/schema\/logo\/image\/\"}},{\"@type\":\"Person\",\"@id\":\"https:\/\/www.safinel.fr\/#\/schema\/person\/47f7357f8aa8a41a796811d3f8a3e055\",\"name\":\"Naj\",\"image\":{\"@type\":\"ImageObject\",\"inLanguage\":\"es\",\"@id\":\"https:\/\/www.safinel.fr\/#\/schema\/person\/image\/\",\"url\":\"https:\/\/secure.gravatar.com\/avatar\/5c0fa4f0bce748d4964b7d68e4b0ee1d8e3120edba58a55893ced967bd2093b5?s=96&d=mm&r=g\",\"contentUrl\":\"https:\/\/secure.gravatar.com\/avatar\/5c0fa4f0bce748d4964b7d68e4b0ee1d8e3120edba58a55893ced967bd2093b5?s=96&d=mm&r=g\",\"caption\":\"Naj\"},\"url\":\"https:\/\/www.safinel.fr\/es\/author\/naj\/\"}]}<\/script>\n<!-- \/ Yoast SEO plugin. -->","yoast_head_json":{"title":"Estr\u00edas en la piel negra | Descubre c\u00f3mo prevenirlas","description":"En este art\u00edculo, veremos las causas de las estr\u00edas en la piel negra, as\u00ed como los tratamientos disponibles.","robots":{"index":"index","follow":"follow","max-snippet":"max-snippet:-1","max-image-preview":"max-image-preview:large","max-video-preview":"max-video-preview:-1"},"canonical":"https:\/\/www.safinel.fr\/es\/estrias-en-la-piel-negra\/","og_locale":"es_ES","og_type":"article","og_title":"Vergetures sur la peau noire | D\u00e9couvrez comment s'en pr\u00e9munir","og_description":"Dans cet article, nous examinerons les causes des vergetures sur la peau noire, ainsi que les traitements disponibles.","og_url":"https:\/\/www.safinel.fr\/es\/estrias-en-la-piel-negra\/","og_site_name":"Safinel","article_published_time":"2023-08-27T16:59:36+00:00","article_modified_time":"2023-08-27T16:59:38+00:00","og_image":[{"width":1100,"height":578,"url":"https:\/\/www.safinel.fr\/wp-content\/uploads\/2023\/08\/Les-vergetures-sur-la-peau-noire.jpg","type":"image\/jpeg"}],"author":"Naj","twitter_card":"summary_large_image","twitter_misc":{"Escrito por":"Naj","Tiempo de lectura":"4 minutos"},"schema":{"@context":"https:\/\/schema.org","@graph":[{"@type":"Article","@id":"https:\/\/www.safinel.fr\/vergetures-sur-la-peau-noire\/#article","isPartOf":{"@id":"https:\/\/www.safinel.fr\/vergetures-sur-la-peau-noire\/"},"author":{"name":"Naj","@id":"https:\/\/www.safinel.fr\/#\/schema\/person\/47f7357f8aa8a41a796811d3f8a3e055"},"headline":"Les vergetures sur la peau noire\u00a0: causes, solutions et pr\u00e9vention","datePublished":"2023-08-27T16:59:36+00:00","dateModified":"2023-08-27T16:59:38+00:00","mainEntityOfPage":{"@id":"https:\/\/www.safinel.fr\/vergetures-sur-la-peau-noire\/"},"wordCount":739,"publisher":{"@id":"https:\/\/www.safinel.fr\/#organization"},"image":{"@id":"https:\/\/www.safinel.fr\/vergetures-sur-la-peau-noire\/#primaryimage"},"thumbnailUrl":"https:\/\/www.safinel.fr\/wp-content\/uploads\/2023\/08\/Les-vergetures-sur-la-peau-noire.jpg","articleSection":["Divers"],"inLanguage":"es"},{"@type":"WebPage","@id":"https:\/\/www.safinel.fr\/vergetures-sur-la-peau-noire\/","url":"https:\/\/www.safinel.fr\/vergetures-sur-la-peau-noire\/","name":"Estr\u00edas en la piel negra | Descubre c\u00f3mo prevenirlas","isPartOf":{"@id":"https:\/\/www.safinel.fr\/#website"},"primaryImageOfPage":{"@id":"https:\/\/www.safinel.fr\/vergetures-sur-la-peau-noire\/#primaryimage"},"image":{"@id":"https:\/\/www.safinel.fr\/vergetures-sur-la-peau-noire\/#primaryimage"},"thumbnailUrl":"https:\/\/www.safinel.fr\/wp-content\/uploads\/2023\/08\/Les-vergetures-sur-la-peau-noire.jpg","datePublished":"2023-08-27T16:59:36+00:00","dateModified":"2023-08-27T16:59:38+00:00","description":"En este art\u00edculo, veremos las causas de las estr\u00edas en la piel negra, as\u00ed como los tratamientos disponibles.","breadcrumb":{"@id":"https:\/\/www.safinel.fr\/vergetures-sur-la-peau-noire\/#breadcrumb"},"inLanguage":"es","potentialAction":[{"@type":"ReadAction","target":["https:\/\/www.safinel.fr\/vergetures-sur-la-peau-noire\/"]}]},{"@type":"ImageObject","inLanguage":"es","@id":"https:\/\/www.safinel.fr\/vergetures-sur-la-peau-noire\/#primaryimage","url":"https:\/\/www.safinel.fr\/wp-content\/uploads\/2023\/08\/Les-vergetures-sur-la-peau-noire.jpg","contentUrl":"https:\/\/www.safinel.fr\/wp-content\/uploads\/2023\/08\/Les-vergetures-sur-la-peau-noire.jpg","width":1100,"height":578,"caption":"vergetures sur la peau noire"},{"@type":"BreadcrumbList","@id":"https:\/\/www.safinel.fr\/vergetures-sur-la-peau-noire\/#breadcrumb","itemListElement":[{"@type":"ListItem","position":1,"name":"Accueil","item":"https:\/\/www.safinel.fr\/"},{"@type":"ListItem","position":2,"name":"Les vergetures sur la peau noire\u00a0: causes, solutions et pr\u00e9vention"}]},{"@type":"WebSite","@id":"https:\/\/www.safinel.fr\/#website","url":"https:\/\/www.safinel.fr\/","name":"Safinel","description":"","publisher":{"@id":"https:\/\/www.safinel.fr\/#organization"},"potentialAction":[{"@type":"SearchAction","target":{"@type":"EntryPoint","urlTemplate":"https:\/\/www.safinel.fr\/?s={search_term_string}"},"query-input":{"@type":"PropertyValueSpecification","valueRequired":true,"valueName":"search_term_string"}}],"inLanguage":"es"},{"@type":"Organization","@id":"https:\/\/www.safinel.fr\/#organization","name":"Safinel","url":"https:\/\/www.safinel.fr\/","logo":{"@type":"ImageObject","inLanguage":"es","@id":"https:\/\/www.safinel.fr\/#\/schema\/logo\/image\/","url":"https:\/\/www.safinel.fr\/wp-content\/uploads\/2021\/05\/boutique-cosmetique.png","contentUrl":"https:\/\/www.safinel.fr\/wp-content\/uploads\/2021\/05\/boutique-cosmetique.png","width":800,"height":200,"caption":"Safinel"},"image":{"@id":"https:\/\/www.safinel.fr\/#\/schema\/logo\/image\/"}},{"@type":"Person","@id":"https:\/\/www.safinel.fr\/#\/schema\/person\/47f7357f8aa8a41a796811d3f8a3e055","name":"Naj","image":{"@type":"ImageObject","inLanguage":"es","@id":"https:\/\/www.safinel.fr\/#\/schema\/person\/image\/","url":"https:\/\/secure.gravatar.com\/avatar\/5c0fa4f0bce748d4964b7d68e4b0ee1d8e3120edba58a55893ced967bd2093b5?s=96&d=mm&r=g","contentUrl":"https:\/\/secure.gravatar.com\/avatar\/5c0fa4f0bce748d4964b7d68e4b0ee1d8e3120edba58a55893ced967bd2093b5?s=96&d=mm&r=g","caption":"Naj"},"url":"https:\/\/www.safinel.fr\/es\/author\/naj\/"}]}},"_links":{"self":[{"href":"https:\/\/www.safinel.fr\/es\/wp-json\/wp\/v2\/posts\/8104","targetHints":{"allow":["GET"]}}],"collection":[{"href":"https:\/\/www.safinel.fr\/es\/wp-json\/wp\/v2\/posts"}],"about":[{"href":"https:\/\/www.safinel.fr\/es\/wp-json\/wp\/v2\/types\/post"}],"author":[{"embeddable":true,"href":"https:\/\/www.safinel.fr\/es\/wp-json\/wp\/v2\/users\/156"}],"replies":[{"embeddable":true,"href":"https:\/\/www.safinel.fr\/es\/wp-json\/wp\/v2\/comments?post=8104"}],"version-history":[{"count":1,"href":"https:\/\/www.safinel.fr\/es\/wp-json\/wp\/v2\/posts\/8104\/revisions"}],"predecessor-version":[{"id":8111,"href":"https:\/\/www.safinel.fr\/es\/wp-json\/wp\/v2\/posts\/8104\/revisions\/8111"}],"wp:featuredmedia":[{"embeddable":true,"href":"https:\/\/www.safinel.fr\/es\/wp-json\/wp\/v2\/media\/8105"}],"wp:attachment":[{"href":"https:\/\/www.safinel.fr\/es\/wp-json\/wp\/v2\/media?parent=8104"}],"wp:term":[{"taxonomy":"category","embeddable":true,"href":"https:\/\/www.safinel.fr\/es\/wp-json\/wp\/v2\/categories?post=8104"},{"taxonomy":"post_tag","embeddable":true,"href":"https:\/\/www.safinel.fr\/es\/wp-json\/wp\/v2\/tags?post=8104"}],"curies":[{"name":"wp","href":"https:\/\/api.w.org\/{rel}","templated":true}]}}