{"id":8090,"date":"2023-08-26T18:42:17","date_gmt":"2023-08-26T18:42:17","guid":{"rendered":"https:\/\/www.safinel.fr\/?p=8090"},"modified":"2023-08-28T13:39:46","modified_gmt":"2023-08-28T13:39:46","slug":"quemaduras-solares-piel-negra","status":"publish","type":"post","link":"https:\/\/www.safinel.fr\/es\/quemaduras-solares-piel-negra\/","title":{"rendered":"C\u00f3mo proteger la piel negra de las quemaduras solares"},"content":{"rendered":"<p>Contrariamente a lo que mucha gente piensa, las personas de piel negra no son inmunes a la&nbsp;<strong>quemaduras solares piel negra<\/strong>. A pesar de tener una mayor cantidad de melanina, el pigmento responsable del color de la piel, y de ofrecer una protecci\u00f3n natural contra los efectos nocivos del sol, la piel negra sigue siendo vulnerable a las quemaduras solares. En este art\u00edculo, descubre c\u00f3mo evitar las quemaduras solares de la piel negra y cuida tu piel cuando te expones al sol.<\/p>\n\n\n\n<h2 class=\"wp-block-heading\" id=\"h-comprendre-le-fonctionnement-de-la-m-lanine-pour-pr-venir-les-br-lures-solaires-sur-les-peaux-noires\"><strong>C\u00f3mo act\u00faa la melanina para evitar las quemaduras solares en la piel negra<\/strong><\/h2>\n\n\n\n<p><strong><a href=\"https:\/\/www.safinel.fr\/es\/melanina\/\">Melanina<\/a><\/strong> La melanina es un pigmento presente en la piel que determina su color y desempe\u00f1a un papel esencial en la protecci\u00f3n contra los rayos UV del sol. Las pieles negras tienen una mayor concentraci\u00f3n de melanina que las claras, lo que las hace m\u00e1s resistentes a los efectos nocivos del sol. Sin embargo, esto no significa que sean totalmente inmunes a las quemaduras o a los rayos nocivos del sol.\u00a0<strong>quemadura de piel negra<\/strong>.<\/p>\n\n\n\n<p>En efecto, aunque la melanina absorbe algunos rayos UV y limita as\u00ed los da\u00f1os causados al ADN de las c\u00e9lulas cut\u00e1neas, no puede ofrecer una protecci\u00f3n total. <\/p>\n\n\n\n<p>Por eso es importante protegerse contra las quemaduras solares. Una exposici\u00f3n excesiva al sol puede da\u00f1ar la piel y aumentar el riesgo de c\u00e1ncer de piel.<\/p>\n\n\n\n<h3 class=\"wp-block-heading\" id=\"h-les-cons-quences-d-une-exposition-prolong-e-au-soleil-sur-les-peaux-noires\"><strong>Las consecuencias de la exposici\u00f3n prolongada al sol en la piel negra<\/strong><\/h3>\n\n\n\n<p>Aunque la piel negra es menos propensa a las quemaduras solares que la clara, sigue presentando una serie de riesgos asociados a la exposici\u00f3n prolongada al sol:<\/p>\n\n\n\n<ul class=\"wp-block-list\">\n<li><strong>Envejecimiento prematuro de la piel<\/strong>&nbsp;La exposici\u00f3n al sol acelera el proceso de envejecimiento de la piel. Esto provoca flacidez cut\u00e1nea, p\u00e9rdida de elasticidad y aparici\u00f3n de l\u00edneas finas y arrugas.<\/li>\n\n\n\n<li><strong>Manchas pigmentarias<\/strong>&nbsp;Los rayos UV pueden estimular la producci\u00f3n de melanina. Provocan la aparici\u00f3n de manchas de pigmentaci\u00f3n, como pecas o manchas marrones.<\/li>\n\n\n\n<li><strong>C\u00e1ncer de piel<\/strong>&nbsp;Melanoma: aunque es m\u00e1s raro en personas de piel negra. La exposici\u00f3n excesiva al sol aumenta el riesgo de desarrollar un melanoma maligno. Es una forma agresiva de c\u00e1ncer de piel.<\/li>\n<\/ul>\n\n\n\n<h2 class=\"wp-block-heading\" id=\"h-comment-viter-les-coups-de-soleil-peau-noire-lors-d-une-exposition-au-soleil\"><strong>C\u00f3mo evitar las quemaduras solares en la piel negra cuando se expone al sol<\/strong><\/h2>\n\n\n\n<p>Para proteger la piel de los efectos nocivos del sol y prevenir las quemaduras solares. <\/p>\n\n\n\n<h3 class=\"wp-block-heading\"><strong>He aqu\u00ed algunos consejos a seguir:<\/strong><\/h3>\n\n\n\n<ul class=\"wp-block-list\">\n<li><strong>Elegir la protecci\u00f3n solar adecuada<\/strong><\/li>\n<\/ul>\n\n\n\n<p>Es esencial utilizar un protector solar con un factor de protecci\u00f3n (PI) adecuado a su tipo de piel. Las personas de piel negra deben optar por un protector solar con un IP 30 como m\u00ednimo. No olvides comprobar que el producto ofrezca una protecci\u00f3n de amplio espectro, que cubra tanto los rayos UVA como los UVB.<\/p>\n\n\n\n<ul class=\"wp-block-list\">\n<li><strong>Reaplicar el protector solar con regularidad<\/strong><\/li>\n<\/ul>\n\n\n\n<p>Para garantizar una protecci\u00f3n \u00f3ptima, es importante aplicar generosamente el protector solar en todas las zonas expuestas de la piel y reaplicarlo cada dos horas, sobre todo despu\u00e9s de nadar o sudar.<\/p>\n\n\n\n<ul class=\"wp-block-list\">\n<li><strong>Llevar ropa de protecci\u00f3n<\/strong><\/li>\n<\/ul>\n\n\n\n<p>Tambi\u00e9n es esencial <strong><a href=\"https:\/\/www.safinel.fr\/es\/hombre-boubou-africano\/\">v\u00edstete adecuadamente <\/a><\/strong>cuando se expone al sol. Elige prendas de fibras naturales, como el algod\u00f3n o el lino, que protegen mejor de los rayos UV. No dudes en llevar un sombrero de ala ancha para protegerte la cara y los ojos de los rayos solares.<\/p>\n\n\n\n<h2 class=\"wp-block-heading\" id=\"h-prendre-soin-de-sa-peau-apr-s-une-exposition-au-soleil\"><strong>Cuidar la piel tras la exposici\u00f3n al sol<\/strong><\/h2>\n\n\n\n<p>Despu\u00e9s de un d\u00eda al sol, es importante cuidar la piel para reparar los da\u00f1os causados por los rayos UV y prevenir el envejecimiento cut\u00e1neo. <\/p>\n\n\n\n<h3 class=\"wp-block-heading\"><strong>He aqu\u00ed unos sencillos pasos a seguir:<\/strong><\/h3>\n\n\n\n<ul class=\"wp-block-list\">\n<li><strong>Hidratar la piel<\/strong><\/li>\n<\/ul>\n\n\n\n<p>La exposici\u00f3n al sol puede resecar la piel y da\u00f1ar la barrera cut\u00e1nea. Por eso es fundamental mantener la piel bien hidratada despu\u00e9s de un d\u00eda al sol, aplicando una crema hidratante adecuada en todo el cuerpo y el rostro.<\/p>\n\n\n\n<ul class=\"wp-block-list\">\n<li><strong>Calmar cualquier enrojecimiento o irritaci\u00f3n<\/strong><\/li>\n<\/ul>\n\n\n\n<p>Si has sufrido una quemadura solar en tu piel negra, o tu piel est\u00e1 enrojecida o molesta tras la exposici\u00f3n al sol, apl\u00edcate un tratamiento calmante como una loci\u00f3n a base de aloe vera para aliviar la irritaci\u00f3n y ayudar a la piel a cicatrizar.<\/p>\n\n\n\n<ul class=\"wp-block-list\">\n<li><strong>Reparaci\u00f3n de los da\u00f1os causados por los rayos UV<\/strong><\/li>\n<\/ul>\n\n\n\n<p>Por \u00faltimo, es importante cuidar la piel utilizando productos reparadores espec\u00edficamente dise\u00f1ados para actuar contra los efectos nocivos de los rayos UV, como los sueros antioxidantes o los <strong><a href=\"https:\/\/www.safinel.fr\/es\/product-2\/crema-de-nila\/\">cremas reparadoras de noche<\/a><\/strong>.<\/p>\n\n\n\n<p>Siguiendo estos consejos, podr\u00e1 disfrutar plenamente de los beneficios del sol, al tiempo que protege eficazmente su piel contra las quemaduras solares y los efectos nocivos de los rayos UV.<\/p>","protected":false},"excerpt":{"rendered":"<p>Contrariamente a lo que mucha gente piensa, las personas de piel negra no son inmunes a las quemaduras solares. A pesar de tener una mayor cantidad de melanina, el pigmento responsable del color de la piel y que ofrece una protecci\u00f3n natural contra los efectos nocivos del sol, la piel negra sigue siendo vulnerable [...].","protected":false},"author":156,"featured_media":8091,"comment_status":"closed","ping_status":"closed","sticky":false,"template":"","format":"standard","meta":{"footnotes":""},"categories":[1],"tags":[],"class_list":["post-8090","post","type-post","status-publish","format-standard","has-post-thumbnail","hentry","category-divers"],"yoast_head":"<!-- This site is optimized with the Yoast SEO plugin v26.6 - https:\/\/yoast.com\/wordpress\/plugins\/seo\/ -->\n<title>Coup de soleil peau noire | Br\u00fblure peau noire | Le guide pratique<\/title>\n<meta name=\"description\" content=\"Contrairement \u00e0 ce que beaucoup pensent, les personnes \u00e0 la peau noire ne sont pas \u00e0 l&#039;abri des coup de soleil peau noire.\" \/>\n<meta name=\"robots\" content=\"index, follow, max-snippet:-1, max-image-preview:large, max-video-preview:-1\" \/>\n<link rel=\"canonical\" href=\"https:\/\/www.safinel.fr\/es\/quemaduras-solares-piel-negra\/\" \/>\n<meta property=\"og:locale\" content=\"es_ES\" \/>\n<meta property=\"og:type\" content=\"article\" \/>\n<meta property=\"og:title\" content=\"Coup de soleil peau noire | Br\u00fblure peau noire | Le guide pratique\" \/>\n<meta property=\"og:description\" content=\"Contrairement \u00e0 ce que beaucoup pensent, les personnes \u00e0 la peau noire ne sont pas \u00e0 l&#039;abri des coup de soleil peau noire.\" \/>\n<meta property=\"og:url\" content=\"https:\/\/www.safinel.fr\/es\/quemaduras-solares-piel-negra\/\" \/>\n<meta property=\"og:site_name\" content=\"Safinel\" \/>\n<meta property=\"article:published_time\" content=\"2023-08-26T18:42:17+00:00\" \/>\n<meta property=\"article:modified_time\" content=\"2023-08-28T13:39:46+00:00\" \/>\n<meta property=\"og:image\" content=\"https:\/\/www.safinel.fr\/wp-content\/uploads\/2023\/08\/Coup-de-soleil-peau-noire.jpg\" \/>\n\t<meta property=\"og:image:width\" content=\"1100\" \/>\n\t<meta property=\"og:image:height\" content=\"578\" \/>\n\t<meta property=\"og:image:type\" content=\"image\/jpeg\" \/>\n<meta name=\"author\" content=\"Naj\" \/>\n<meta name=\"twitter:card\" content=\"summary_large_image\" \/>\n<meta name=\"twitter:label1\" content=\"Escrito por\" \/>\n\t<meta name=\"twitter:data1\" content=\"Naj\" \/>\n\t<meta name=\"twitter:label2\" content=\"Tiempo de lectura\" \/>\n\t<meta name=\"twitter:data2\" content=\"4 minutos\" \/>\n<script type=\"application\/ld+json\" class=\"yoast-schema-graph\">{\"@context\":\"https:\/\/schema.org\",\"@graph\":[{\"@type\":\"Article\",\"@id\":\"https:\/\/www.safinel.fr\/coup-de-soleil-peau-noire\/#article\",\"isPartOf\":{\"@id\":\"https:\/\/www.safinel.fr\/coup-de-soleil-peau-noire\/\"},\"author\":{\"name\":\"Naj\",\"@id\":\"https:\/\/www.safinel.fr\/#\/schema\/person\/47f7357f8aa8a41a796811d3f8a3e055\"},\"headline\":\"Comment prot\u00e9ger la peau noire contre les coups de soleil\",\"datePublished\":\"2023-08-26T18:42:17+00:00\",\"dateModified\":\"2023-08-28T13:39:46+00:00\",\"mainEntityOfPage\":{\"@id\":\"https:\/\/www.safinel.fr\/coup-de-soleil-peau-noire\/\"},\"wordCount\":891,\"publisher\":{\"@id\":\"https:\/\/www.safinel.fr\/#organization\"},\"image\":{\"@id\":\"https:\/\/www.safinel.fr\/coup-de-soleil-peau-noire\/#primaryimage\"},\"thumbnailUrl\":\"https:\/\/www.safinel.fr\/wp-content\/uploads\/2023\/08\/Coup-de-soleil-peau-noire.jpg\",\"articleSection\":[\"Divers\"],\"inLanguage\":\"es\"},{\"@type\":\"WebPage\",\"@id\":\"https:\/\/www.safinel.fr\/coup-de-soleil-peau-noire\/\",\"url\":\"https:\/\/www.safinel.fr\/coup-de-soleil-peau-noire\/\",\"name\":\"Coup de soleil peau noire | Br\u00fblure peau noire | Le guide pratique\",\"isPartOf\":{\"@id\":\"https:\/\/www.safinel.fr\/#website\"},\"primaryImageOfPage\":{\"@id\":\"https:\/\/www.safinel.fr\/coup-de-soleil-peau-noire\/#primaryimage\"},\"image\":{\"@id\":\"https:\/\/www.safinel.fr\/coup-de-soleil-peau-noire\/#primaryimage\"},\"thumbnailUrl\":\"https:\/\/www.safinel.fr\/wp-content\/uploads\/2023\/08\/Coup-de-soleil-peau-noire.jpg\",\"datePublished\":\"2023-08-26T18:42:17+00:00\",\"dateModified\":\"2023-08-28T13:39:46+00:00\",\"description\":\"Contrairement \u00e0 ce que beaucoup pensent, les personnes \u00e0 la peau noire ne sont pas \u00e0 l'abri des coup de soleil peau noire.\",\"breadcrumb\":{\"@id\":\"https:\/\/www.safinel.fr\/coup-de-soleil-peau-noire\/#breadcrumb\"},\"inLanguage\":\"es\",\"potentialAction\":[{\"@type\":\"ReadAction\",\"target\":[\"https:\/\/www.safinel.fr\/coup-de-soleil-peau-noire\/\"]}]},{\"@type\":\"ImageObject\",\"inLanguage\":\"es\",\"@id\":\"https:\/\/www.safinel.fr\/coup-de-soleil-peau-noire\/#primaryimage\",\"url\":\"https:\/\/www.safinel.fr\/wp-content\/uploads\/2023\/08\/Coup-de-soleil-peau-noire.jpg\",\"contentUrl\":\"https:\/\/www.safinel.fr\/wp-content\/uploads\/2023\/08\/Coup-de-soleil-peau-noire.jpg\",\"width\":1100,\"height\":578,\"caption\":\"Coup de soleil peau noire\"},{\"@type\":\"BreadcrumbList\",\"@id\":\"https:\/\/www.safinel.fr\/coup-de-soleil-peau-noire\/#breadcrumb\",\"itemListElement\":[{\"@type\":\"ListItem\",\"position\":1,\"name\":\"Accueil\",\"item\":\"https:\/\/www.safinel.fr\/\"},{\"@type\":\"ListItem\",\"position\":2,\"name\":\"Comment prot\u00e9ger la peau noire contre les coups de soleil\"}]},{\"@type\":\"WebSite\",\"@id\":\"https:\/\/www.safinel.fr\/#website\",\"url\":\"https:\/\/www.safinel.fr\/\",\"name\":\"Safinel\",\"description\":\"\",\"publisher\":{\"@id\":\"https:\/\/www.safinel.fr\/#organization\"},\"potentialAction\":[{\"@type\":\"SearchAction\",\"target\":{\"@type\":\"EntryPoint\",\"urlTemplate\":\"https:\/\/www.safinel.fr\/?s={search_term_string}\"},\"query-input\":{\"@type\":\"PropertyValueSpecification\",\"valueRequired\":true,\"valueName\":\"search_term_string\"}}],\"inLanguage\":\"es\"},{\"@type\":\"Organization\",\"@id\":\"https:\/\/www.safinel.fr\/#organization\",\"name\":\"Safinel\",\"url\":\"https:\/\/www.safinel.fr\/\",\"logo\":{\"@type\":\"ImageObject\",\"inLanguage\":\"es\",\"@id\":\"https:\/\/www.safinel.fr\/#\/schema\/logo\/image\/\",\"url\":\"https:\/\/www.safinel.fr\/wp-content\/uploads\/2021\/05\/boutique-cosmetique.png\",\"contentUrl\":\"https:\/\/www.safinel.fr\/wp-content\/uploads\/2021\/05\/boutique-cosmetique.png\",\"width\":800,\"height\":200,\"caption\":\"Safinel\"},\"image\":{\"@id\":\"https:\/\/www.safinel.fr\/#\/schema\/logo\/image\/\"}},{\"@type\":\"Person\",\"@id\":\"https:\/\/www.safinel.fr\/#\/schema\/person\/47f7357f8aa8a41a796811d3f8a3e055\",\"name\":\"Naj\",\"image\":{\"@type\":\"ImageObject\",\"inLanguage\":\"es\",\"@id\":\"https:\/\/www.safinel.fr\/#\/schema\/person\/image\/\",\"url\":\"https:\/\/secure.gravatar.com\/avatar\/5c0fa4f0bce748d4964b7d68e4b0ee1d8e3120edba58a55893ced967bd2093b5?s=96&d=mm&r=g\",\"contentUrl\":\"https:\/\/secure.gravatar.com\/avatar\/5c0fa4f0bce748d4964b7d68e4b0ee1d8e3120edba58a55893ced967bd2093b5?s=96&d=mm&r=g\",\"caption\":\"Naj\"},\"url\":\"https:\/\/www.safinel.fr\/es\/author\/naj\/\"}]}<\/script>\n<!-- \/ Yoast SEO plugin. -->","yoast_head_json":{"title":"Quemaduras solares en piel negra | Quemaduras en piel negra | Gu\u00eda pr\u00e1ctica","description":"Contrariamente a lo que mucha gente piensa, las personas de piel negra no son inmunes a las quemaduras solares.","robots":{"index":"index","follow":"follow","max-snippet":"max-snippet:-1","max-image-preview":"max-image-preview:large","max-video-preview":"max-video-preview:-1"},"canonical":"https:\/\/www.safinel.fr\/es\/quemaduras-solares-piel-negra\/","og_locale":"es_ES","og_type":"article","og_title":"Coup de soleil peau noire | Br\u00fblure peau noire | Le guide pratique","og_description":"Contrairement \u00e0 ce que beaucoup pensent, les personnes \u00e0 la peau noire ne sont pas \u00e0 l'abri des coup de soleil peau noire.","og_url":"https:\/\/www.safinel.fr\/es\/quemaduras-solares-piel-negra\/","og_site_name":"Safinel","article_published_time":"2023-08-26T18:42:17+00:00","article_modified_time":"2023-08-28T13:39:46+00:00","og_image":[{"width":1100,"height":578,"url":"https:\/\/www.safinel.fr\/wp-content\/uploads\/2023\/08\/Coup-de-soleil-peau-noire.jpg","type":"image\/jpeg"}],"author":"Naj","twitter_card":"summary_large_image","twitter_misc":{"Escrito por":"Naj","Tiempo de lectura":"4 minutos"},"schema":{"@context":"https:\/\/schema.org","@graph":[{"@type":"Article","@id":"https:\/\/www.safinel.fr\/coup-de-soleil-peau-noire\/#article","isPartOf":{"@id":"https:\/\/www.safinel.fr\/coup-de-soleil-peau-noire\/"},"author":{"name":"Naj","@id":"https:\/\/www.safinel.fr\/#\/schema\/person\/47f7357f8aa8a41a796811d3f8a3e055"},"headline":"Comment prot\u00e9ger la peau noire contre les coups de soleil","datePublished":"2023-08-26T18:42:17+00:00","dateModified":"2023-08-28T13:39:46+00:00","mainEntityOfPage":{"@id":"https:\/\/www.safinel.fr\/coup-de-soleil-peau-noire\/"},"wordCount":891,"publisher":{"@id":"https:\/\/www.safinel.fr\/#organization"},"image":{"@id":"https:\/\/www.safinel.fr\/coup-de-soleil-peau-noire\/#primaryimage"},"thumbnailUrl":"https:\/\/www.safinel.fr\/wp-content\/uploads\/2023\/08\/Coup-de-soleil-peau-noire.jpg","articleSection":["Divers"],"inLanguage":"es"},{"@type":"WebPage","@id":"https:\/\/www.safinel.fr\/coup-de-soleil-peau-noire\/","url":"https:\/\/www.safinel.fr\/coup-de-soleil-peau-noire\/","name":"Quemaduras solares en piel negra | Quemaduras en piel negra | Gu\u00eda pr\u00e1ctica","isPartOf":{"@id":"https:\/\/www.safinel.fr\/#website"},"primaryImageOfPage":{"@id":"https:\/\/www.safinel.fr\/coup-de-soleil-peau-noire\/#primaryimage"},"image":{"@id":"https:\/\/www.safinel.fr\/coup-de-soleil-peau-noire\/#primaryimage"},"thumbnailUrl":"https:\/\/www.safinel.fr\/wp-content\/uploads\/2023\/08\/Coup-de-soleil-peau-noire.jpg","datePublished":"2023-08-26T18:42:17+00:00","dateModified":"2023-08-28T13:39:46+00:00","description":"Contrariamente a lo que mucha gente piensa, las personas de piel negra no son inmunes a las quemaduras solares.","breadcrumb":{"@id":"https:\/\/www.safinel.fr\/coup-de-soleil-peau-noire\/#breadcrumb"},"inLanguage":"es","potentialAction":[{"@type":"ReadAction","target":["https:\/\/www.safinel.fr\/coup-de-soleil-peau-noire\/"]}]},{"@type":"ImageObject","inLanguage":"es","@id":"https:\/\/www.safinel.fr\/coup-de-soleil-peau-noire\/#primaryimage","url":"https:\/\/www.safinel.fr\/wp-content\/uploads\/2023\/08\/Coup-de-soleil-peau-noire.jpg","contentUrl":"https:\/\/www.safinel.fr\/wp-content\/uploads\/2023\/08\/Coup-de-soleil-peau-noire.jpg","width":1100,"height":578,"caption":"Coup de soleil peau noire"},{"@type":"BreadcrumbList","@id":"https:\/\/www.safinel.fr\/coup-de-soleil-peau-noire\/#breadcrumb","itemListElement":[{"@type":"ListItem","position":1,"name":"Accueil","item":"https:\/\/www.safinel.fr\/"},{"@type":"ListItem","position":2,"name":"Comment prot\u00e9ger la peau noire contre les coups de soleil"}]},{"@type":"WebSite","@id":"https:\/\/www.safinel.fr\/#website","url":"https:\/\/www.safinel.fr\/","name":"Safinel","description":"","publisher":{"@id":"https:\/\/www.safinel.fr\/#organization"},"potentialAction":[{"@type":"SearchAction","target":{"@type":"EntryPoint","urlTemplate":"https:\/\/www.safinel.fr\/?s={search_term_string}"},"query-input":{"@type":"PropertyValueSpecification","valueRequired":true,"valueName":"search_term_string"}}],"inLanguage":"es"},{"@type":"Organization","@id":"https:\/\/www.safinel.fr\/#organization","name":"Safinel","url":"https:\/\/www.safinel.fr\/","logo":{"@type":"ImageObject","inLanguage":"es","@id":"https:\/\/www.safinel.fr\/#\/schema\/logo\/image\/","url":"https:\/\/www.safinel.fr\/wp-content\/uploads\/2021\/05\/boutique-cosmetique.png","contentUrl":"https:\/\/www.safinel.fr\/wp-content\/uploads\/2021\/05\/boutique-cosmetique.png","width":800,"height":200,"caption":"Safinel"},"image":{"@id":"https:\/\/www.safinel.fr\/#\/schema\/logo\/image\/"}},{"@type":"Person","@id":"https:\/\/www.safinel.fr\/#\/schema\/person\/47f7357f8aa8a41a796811d3f8a3e055","name":"Naj","image":{"@type":"ImageObject","inLanguage":"es","@id":"https:\/\/www.safinel.fr\/#\/schema\/person\/image\/","url":"https:\/\/secure.gravatar.com\/avatar\/5c0fa4f0bce748d4964b7d68e4b0ee1d8e3120edba58a55893ced967bd2093b5?s=96&d=mm&r=g","contentUrl":"https:\/\/secure.gravatar.com\/avatar\/5c0fa4f0bce748d4964b7d68e4b0ee1d8e3120edba58a55893ced967bd2093b5?s=96&d=mm&r=g","caption":"Naj"},"url":"https:\/\/www.safinel.fr\/es\/author\/naj\/"}]}},"_links":{"self":[{"href":"https:\/\/www.safinel.fr\/es\/wp-json\/wp\/v2\/posts\/8090","targetHints":{"allow":["GET"]}}],"collection":[{"href":"https:\/\/www.safinel.fr\/es\/wp-json\/wp\/v2\/posts"}],"about":[{"href":"https:\/\/www.safinel.fr\/es\/wp-json\/wp\/v2\/types\/post"}],"author":[{"embeddable":true,"href":"https:\/\/www.safinel.fr\/es\/wp-json\/wp\/v2\/users\/156"}],"replies":[{"embeddable":true,"href":"https:\/\/www.safinel.fr\/es\/wp-json\/wp\/v2\/comments?post=8090"}],"version-history":[{"count":2,"href":"https:\/\/www.safinel.fr\/es\/wp-json\/wp\/v2\/posts\/8090\/revisions"}],"predecessor-version":[{"id":8133,"href":"https:\/\/www.safinel.fr\/es\/wp-json\/wp\/v2\/posts\/8090\/revisions\/8133"}],"wp:featuredmedia":[{"embeddable":true,"href":"https:\/\/www.safinel.fr\/es\/wp-json\/wp\/v2\/media\/8091"}],"wp:attachment":[{"href":"https:\/\/www.safinel.fr\/es\/wp-json\/wp\/v2\/media?parent=8090"}],"wp:term":[{"taxonomy":"category","embeddable":true,"href":"https:\/\/www.safinel.fr\/es\/wp-json\/wp\/v2\/categories?post=8090"},{"taxonomy":"post_tag","embeddable":true,"href":"https:\/\/www.safinel.fr\/es\/wp-json\/wp\/v2\/tags?post=8090"}],"curies":[{"name":"wp","href":"https:\/\/api.w.org\/{rel}","templated":true}]}}