{"id":8048,"date":"2023-08-24T11:31:30","date_gmt":"2023-08-24T11:31:30","guid":{"rendered":"https:\/\/www.safinel.fr\/?p=8048"},"modified":"2023-08-24T11:31:32","modified_gmt":"2023-08-24T11:31:32","slug":"piel-negra","status":"publish","type":"post","link":"https:\/\/www.safinel.fr\/es\/piel-negra\/","title":{"rendered":"\u00bfC\u00f3mo cuida su piel negra a diario?"},"content":{"rendered":"<p>Fuera del clima tropical, la piel negra est\u00e1 sujeta a una serie de vulnerabilidades. Entre la r\u00e1pida deshidrataci\u00f3n, la acumulaci\u00f3n de c\u00e9lulas muertas y la producci\u00f3n de sebo, la piel negra necesita los cuidados adecuados para mantener su encanto y claridad. Aqu\u00ed tienes algunos consejos de mantenimiento que te ayudar\u00e1n a conseguirlo.<\/p>\n\n\n\n<h2 class=\"wp-block-heading\" id=\"h-conna-tre-son-type-de-peau\"><strong>Conozca su tipo de piel<\/strong><\/h2>\n\n\n\n<p>La constituci\u00f3n morfol\u00f3gica difiere de una persona a otra. Por ello, cada persona tiene su propia estructura cut\u00e1nea. Por eso es importante determinar el tipo de piel para poder aplicar los cuidados adecuados. En este sentido, consultar a un dermat\u00f3logo es la soluci\u00f3n m\u00e1s sencilla y fiable.<\/p>\n\n\n\n<p>Sin embargo, algunos trucos caseros pueden ayudarte a determinar si tu piel negra es normal, mixta, grasa o seca. Despu\u00e9s de enjuagarte la cara con agua tibia y sec\u00e1rtela suavemente, puedes esperar aproximadamente 1 hora para ver c\u00f3mo reacciona tu piel cuando no te aplicas ninguna loci\u00f3n ni crema. Pasada la hora, puedes secarte con una toalla de papel. Los rastros que encuentres en la toalla pueden determinar tu tipo de piel.<\/p>\n\n\n\n<h2 class=\"wp-block-heading\" id=\"h-les-principaux-soins-la-peau-noire\"><strong>Los principales cuidados para la piel negra<\/strong><\/h2>\n\n\n\n<p>En general\u00a0<a href=\"https:\/\/nubiance.fr\/\" target=\"_blank\" rel=\"noreferrer noopener\"><strong>cuidado de la piel negra<\/strong><\/a>\u00a0se dividen en tres categor\u00edas principales:<\/p>\n\n\n\n<ul class=\"wp-block-list\">\n<li>hidrataci\u00f3n ;<\/li>\n\n\n\n<li>regulaci\u00f3n de la tez ;<\/li>\n\n\n\n<li>y la prevenci\u00f3n de manchas pigmentarias.<\/li>\n<\/ul>\n\n\n\n<h3 class=\"wp-block-heading\" id=\"h-le-choix-de-la-bonne-hydratation-pour-votre-peau-noire\"><strong>Elegir la hidrataci\u00f3n adecuada<\/strong> para tu piel negra<\/h3>\n\n\n\n<p>Una piel negra bonita necesita hidratantes. Las mantecas como la de ricino o la de karit\u00e9 no son hidratantes. Pueden engrasar el cuerpo, pero no tienen el contenido de agua necesario para hidratar la piel. Puedes utilizar lociones o cremas hidratantes tanto por la ma\u00f1ana como por la noche. La piel tiene tiempo de regenerarse durante la noche gracias al efecto de las cremas hidratantes.<\/p>\n\n\n\n<h3 class=\"wp-block-heading\" id=\"h-la-r-gulation-du-teint\"><strong>Regulaci\u00f3n de la tez<\/strong><\/h3>\n\n\n\n<p>La piel negra es m\u00e1s resistente a los cambios clim\u00e1ticos y estacionales porque el cuerpo produce melanina, que es la responsable de dar a la epidermis su color negro natural. Pero a veces la melanina puede ir mal, coloreando una parte de la piel m\u00e1s que otra. Esto provoca diferencias de color entre las distintas partes del cuerpo.<\/p>\n\n\n\n<p>Esta irregularidad se debe a factores externos que es mejor prevenir. Puedes prevenir las irregularidades cut\u00e1neas evitando los productos alcoh\u00f3licos antes de exponerte al sol.<\/p>\n\n\n\n<p>Tambi\u00e9n puedes aplicar productos de limpieza e hidrataci\u00f3n suaves para mantener la calidad de tu piel. Las irregularidades corporales tambi\u00e9n pueden deberse a factores como los cambios hormonales durante el embarazo. Y en este caso, no hay prevenci\u00f3n, sino el uso de cremas deshidratantes y productos antimanchas para igualar la tez.<\/p>\n\n\n\n<h3 class=\"wp-block-heading\" id=\"h-la-pr-vention-des-taches-pigmentaires\"><strong>Prevenir las manchas pigmentarias<\/strong><\/h3>\n\n\n\n<p>La aparici\u00f3n de manchas <strong><a href=\"https:\/\/www.safinel.fr\/es\/hiperpigmentacion-de-la-piel-oscura\/\">pigmentario<\/a><\/strong> se debe pr\u00e1cticamente a los mismos factores que las irregularidades de la piel. Pero las manchas de pigmentaci\u00f3n tambi\u00e9n pueden aparecer como consecuencia de granos de acn\u00e9 rotos y picaduras de insectos. En estos casos, es importante no romper los granos ni rascarse durante las picaduras de insectos. Para hacer desaparecer las manchas, tambi\u00e9n se puede recurrir a una exfoliaci\u00f3n suave y al maquillaje.<\/p>","protected":false},"excerpt":{"rendered":"<p>Fuera del clima tropical, la piel negra est\u00e1 sujeta a una serie de vulnerabilidades. Entre la r\u00e1pida deshidrataci\u00f3n, la acumulaci\u00f3n de c\u00e9lulas muertas y la producci\u00f3n de sebo, la piel negra necesita los cuidados adecuados para mantener su encanto y claridad. Aqu\u00ed tienes algunos consejos de mantenimiento que te ayudar\u00e1n a conseguirlo. Conoce tu tipo de piel Las constituciones morfol\u00f3gicas [...]","protected":false},"author":156,"featured_media":8049,"comment_status":"closed","ping_status":"closed","sticky":false,"template":"","format":"standard","meta":{"footnotes":""},"categories":[1],"tags":[],"class_list":["post-8048","post","type-post","status-publish","format-standard","has-post-thumbnail","hentry","category-divers"],"yoast_head":"<!-- This site is optimized with the Yoast SEO plugin v26.6 - https:\/\/yoast.com\/wordpress\/plugins\/seo\/ -->\n<title>Peau noire | Le guide pratique pour en prendre soin au quotidien<\/title>\n<meta name=\"description\" content=\"La peau noire a besoin d\u2019un soin convenu pour maintenir son charme et sa clart\u00e9. Pour ce faire, voici quelques astuces d\u2019entretien.\" \/>\n<meta name=\"robots\" content=\"index, follow, max-snippet:-1, max-image-preview:large, max-video-preview:-1\" \/>\n<link rel=\"canonical\" href=\"https:\/\/www.safinel.fr\/es\/piel-negra\/\" \/>\n<meta property=\"og:locale\" content=\"es_ES\" \/>\n<meta property=\"og:type\" content=\"article\" \/>\n<meta property=\"og:title\" content=\"Peau noire | Le guide pratique pour en prendre soin au quotidien\" \/>\n<meta property=\"og:description\" content=\"La peau noire a besoin d\u2019un soin convenu pour maintenir son charme et sa clart\u00e9. Pour ce faire, voici quelques astuces d\u2019entretien.\" \/>\n<meta property=\"og:url\" content=\"https:\/\/www.safinel.fr\/es\/piel-negra\/\" \/>\n<meta property=\"og:site_name\" content=\"Safinel\" \/>\n<meta property=\"article:published_time\" content=\"2023-08-24T11:31:30+00:00\" \/>\n<meta property=\"article:modified_time\" content=\"2023-08-24T11:31:32+00:00\" \/>\n<meta property=\"og:image\" content=\"https:\/\/www.safinel.fr\/wp-content\/uploads\/2023\/08\/Comment-prendre-soin-de-sa-peau-noire.jpg\" \/>\n\t<meta property=\"og:image:width\" content=\"1100\" \/>\n\t<meta property=\"og:image:height\" content=\"578\" \/>\n\t<meta property=\"og:image:type\" content=\"image\/jpeg\" \/>\n<meta name=\"author\" content=\"Naj\" \/>\n<meta name=\"twitter:card\" content=\"summary_large_image\" \/>\n<meta name=\"twitter:label1\" content=\"Escrito por\" \/>\n\t<meta name=\"twitter:data1\" content=\"Naj\" \/>\n\t<meta name=\"twitter:label2\" content=\"Tiempo de lectura\" \/>\n\t<meta name=\"twitter:data2\" content=\"3 minutos\" \/>\n<script type=\"application\/ld+json\" class=\"yoast-schema-graph\">{\"@context\":\"https:\/\/schema.org\",\"@graph\":[{\"@type\":\"Article\",\"@id\":\"https:\/\/www.safinel.fr\/peau-noire\/#article\",\"isPartOf\":{\"@id\":\"https:\/\/www.safinel.fr\/peau-noire\/\"},\"author\":{\"name\":\"Naj\",\"@id\":\"https:\/\/www.safinel.fr\/#\/schema\/person\/47f7357f8aa8a41a796811d3f8a3e055\"},\"headline\":\"Comment prendre soin de sa peau noire au quotidien\u2009?\",\"datePublished\":\"2023-08-24T11:31:30+00:00\",\"dateModified\":\"2023-08-24T11:31:32+00:00\",\"mainEntityOfPage\":{\"@id\":\"https:\/\/www.safinel.fr\/peau-noire\/\"},\"wordCount\":637,\"publisher\":{\"@id\":\"https:\/\/www.safinel.fr\/#organization\"},\"image\":{\"@id\":\"https:\/\/www.safinel.fr\/peau-noire\/#primaryimage\"},\"thumbnailUrl\":\"https:\/\/www.safinel.fr\/wp-content\/uploads\/2023\/08\/Comment-prendre-soin-de-sa-peau-noire.jpg\",\"articleSection\":[\"Divers\"],\"inLanguage\":\"es\"},{\"@type\":\"WebPage\",\"@id\":\"https:\/\/www.safinel.fr\/peau-noire\/\",\"url\":\"https:\/\/www.safinel.fr\/peau-noire\/\",\"name\":\"Peau noire | Le guide pratique pour en prendre soin au quotidien\",\"isPartOf\":{\"@id\":\"https:\/\/www.safinel.fr\/#website\"},\"primaryImageOfPage\":{\"@id\":\"https:\/\/www.safinel.fr\/peau-noire\/#primaryimage\"},\"image\":{\"@id\":\"https:\/\/www.safinel.fr\/peau-noire\/#primaryimage\"},\"thumbnailUrl\":\"https:\/\/www.safinel.fr\/wp-content\/uploads\/2023\/08\/Comment-prendre-soin-de-sa-peau-noire.jpg\",\"datePublished\":\"2023-08-24T11:31:30+00:00\",\"dateModified\":\"2023-08-24T11:31:32+00:00\",\"description\":\"La peau noire a besoin d\u2019un soin convenu pour maintenir son charme et sa clart\u00e9. Pour ce faire, voici quelques astuces d\u2019entretien.\",\"breadcrumb\":{\"@id\":\"https:\/\/www.safinel.fr\/peau-noire\/#breadcrumb\"},\"inLanguage\":\"es\",\"potentialAction\":[{\"@type\":\"ReadAction\",\"target\":[\"https:\/\/www.safinel.fr\/peau-noire\/\"]}]},{\"@type\":\"ImageObject\",\"inLanguage\":\"es\",\"@id\":\"https:\/\/www.safinel.fr\/peau-noire\/#primaryimage\",\"url\":\"https:\/\/www.safinel.fr\/wp-content\/uploads\/2023\/08\/Comment-prendre-soin-de-sa-peau-noire.jpg\",\"contentUrl\":\"https:\/\/www.safinel.fr\/wp-content\/uploads\/2023\/08\/Comment-prendre-soin-de-sa-peau-noire.jpg\",\"width\":1100,\"height\":578,\"caption\":\"Comment prendre soin de sa peau noire au quotidien\u2009?\"},{\"@type\":\"BreadcrumbList\",\"@id\":\"https:\/\/www.safinel.fr\/peau-noire\/#breadcrumb\",\"itemListElement\":[{\"@type\":\"ListItem\",\"position\":1,\"name\":\"Accueil\",\"item\":\"https:\/\/www.safinel.fr\/\"},{\"@type\":\"ListItem\",\"position\":2,\"name\":\"Comment prendre soin de sa peau noire au quotidien\u2009?\"}]},{\"@type\":\"WebSite\",\"@id\":\"https:\/\/www.safinel.fr\/#website\",\"url\":\"https:\/\/www.safinel.fr\/\",\"name\":\"Safinel\",\"description\":\"\",\"publisher\":{\"@id\":\"https:\/\/www.safinel.fr\/#organization\"},\"potentialAction\":[{\"@type\":\"SearchAction\",\"target\":{\"@type\":\"EntryPoint\",\"urlTemplate\":\"https:\/\/www.safinel.fr\/?s={search_term_string}\"},\"query-input\":{\"@type\":\"PropertyValueSpecification\",\"valueRequired\":true,\"valueName\":\"search_term_string\"}}],\"inLanguage\":\"es\"},{\"@type\":\"Organization\",\"@id\":\"https:\/\/www.safinel.fr\/#organization\",\"name\":\"Safinel\",\"url\":\"https:\/\/www.safinel.fr\/\",\"logo\":{\"@type\":\"ImageObject\",\"inLanguage\":\"es\",\"@id\":\"https:\/\/www.safinel.fr\/#\/schema\/logo\/image\/\",\"url\":\"https:\/\/www.safinel.fr\/wp-content\/uploads\/2021\/05\/boutique-cosmetique.png\",\"contentUrl\":\"https:\/\/www.safinel.fr\/wp-content\/uploads\/2021\/05\/boutique-cosmetique.png\",\"width\":800,\"height\":200,\"caption\":\"Safinel\"},\"image\":{\"@id\":\"https:\/\/www.safinel.fr\/#\/schema\/logo\/image\/\"}},{\"@type\":\"Person\",\"@id\":\"https:\/\/www.safinel.fr\/#\/schema\/person\/47f7357f8aa8a41a796811d3f8a3e055\",\"name\":\"Naj\",\"image\":{\"@type\":\"ImageObject\",\"inLanguage\":\"es\",\"@id\":\"https:\/\/www.safinel.fr\/#\/schema\/person\/image\/\",\"url\":\"https:\/\/secure.gravatar.com\/avatar\/5c0fa4f0bce748d4964b7d68e4b0ee1d8e3120edba58a55893ced967bd2093b5?s=96&d=mm&r=g\",\"contentUrl\":\"https:\/\/secure.gravatar.com\/avatar\/5c0fa4f0bce748d4964b7d68e4b0ee1d8e3120edba58a55893ced967bd2093b5?s=96&d=mm&r=g\",\"caption\":\"Naj\"},\"url\":\"https:\/\/www.safinel.fr\/es\/author\/naj\/\"}]}<\/script>\n<!-- \/ Yoast SEO plugin. -->","yoast_head_json":{"title":"Piel negra | Gu\u00eda pr\u00e1ctica para el cuidado diario de la piel","description":"La piel negra necesita cuidados especiales para mantener su encanto y claridad. Aqu\u00ed tienes algunos consejos de mantenimiento que te ayudar\u00e1n a conseguirlo.","robots":{"index":"index","follow":"follow","max-snippet":"max-snippet:-1","max-image-preview":"max-image-preview:large","max-video-preview":"max-video-preview:-1"},"canonical":"https:\/\/www.safinel.fr\/es\/piel-negra\/","og_locale":"es_ES","og_type":"article","og_title":"Peau noire | Le guide pratique pour en prendre soin au quotidien","og_description":"La peau noire a besoin d\u2019un soin convenu pour maintenir son charme et sa clart\u00e9. Pour ce faire, voici quelques astuces d\u2019entretien.","og_url":"https:\/\/www.safinel.fr\/es\/piel-negra\/","og_site_name":"Safinel","article_published_time":"2023-08-24T11:31:30+00:00","article_modified_time":"2023-08-24T11:31:32+00:00","og_image":[{"width":1100,"height":578,"url":"https:\/\/www.safinel.fr\/wp-content\/uploads\/2023\/08\/Comment-prendre-soin-de-sa-peau-noire.jpg","type":"image\/jpeg"}],"author":"Naj","twitter_card":"summary_large_image","twitter_misc":{"Escrito por":"Naj","Tiempo de lectura":"3 minutos"},"schema":{"@context":"https:\/\/schema.org","@graph":[{"@type":"Article","@id":"https:\/\/www.safinel.fr\/peau-noire\/#article","isPartOf":{"@id":"https:\/\/www.safinel.fr\/peau-noire\/"},"author":{"name":"Naj","@id":"https:\/\/www.safinel.fr\/#\/schema\/person\/47f7357f8aa8a41a796811d3f8a3e055"},"headline":"Comment prendre soin de sa peau noire au quotidien\u2009?","datePublished":"2023-08-24T11:31:30+00:00","dateModified":"2023-08-24T11:31:32+00:00","mainEntityOfPage":{"@id":"https:\/\/www.safinel.fr\/peau-noire\/"},"wordCount":637,"publisher":{"@id":"https:\/\/www.safinel.fr\/#organization"},"image":{"@id":"https:\/\/www.safinel.fr\/peau-noire\/#primaryimage"},"thumbnailUrl":"https:\/\/www.safinel.fr\/wp-content\/uploads\/2023\/08\/Comment-prendre-soin-de-sa-peau-noire.jpg","articleSection":["Divers"],"inLanguage":"es"},{"@type":"WebPage","@id":"https:\/\/www.safinel.fr\/peau-noire\/","url":"https:\/\/www.safinel.fr\/peau-noire\/","name":"Piel negra | Gu\u00eda pr\u00e1ctica para el cuidado diario de la piel","isPartOf":{"@id":"https:\/\/www.safinel.fr\/#website"},"primaryImageOfPage":{"@id":"https:\/\/www.safinel.fr\/peau-noire\/#primaryimage"},"image":{"@id":"https:\/\/www.safinel.fr\/peau-noire\/#primaryimage"},"thumbnailUrl":"https:\/\/www.safinel.fr\/wp-content\/uploads\/2023\/08\/Comment-prendre-soin-de-sa-peau-noire.jpg","datePublished":"2023-08-24T11:31:30+00:00","dateModified":"2023-08-24T11:31:32+00:00","description":"La piel negra necesita cuidados especiales para mantener su encanto y claridad. Aqu\u00ed tienes algunos consejos de mantenimiento que te ayudar\u00e1n a conseguirlo.","breadcrumb":{"@id":"https:\/\/www.safinel.fr\/peau-noire\/#breadcrumb"},"inLanguage":"es","potentialAction":[{"@type":"ReadAction","target":["https:\/\/www.safinel.fr\/peau-noire\/"]}]},{"@type":"ImageObject","inLanguage":"es","@id":"https:\/\/www.safinel.fr\/peau-noire\/#primaryimage","url":"https:\/\/www.safinel.fr\/wp-content\/uploads\/2023\/08\/Comment-prendre-soin-de-sa-peau-noire.jpg","contentUrl":"https:\/\/www.safinel.fr\/wp-content\/uploads\/2023\/08\/Comment-prendre-soin-de-sa-peau-noire.jpg","width":1100,"height":578,"caption":"Comment prendre soin de sa peau noire au quotidien\u2009?"},{"@type":"BreadcrumbList","@id":"https:\/\/www.safinel.fr\/peau-noire\/#breadcrumb","itemListElement":[{"@type":"ListItem","position":1,"name":"Accueil","item":"https:\/\/www.safinel.fr\/"},{"@type":"ListItem","position":2,"name":"Comment prendre soin de sa peau noire au quotidien\u2009?"}]},{"@type":"WebSite","@id":"https:\/\/www.safinel.fr\/#website","url":"https:\/\/www.safinel.fr\/","name":"Safinel","description":"","publisher":{"@id":"https:\/\/www.safinel.fr\/#organization"},"potentialAction":[{"@type":"SearchAction","target":{"@type":"EntryPoint","urlTemplate":"https:\/\/www.safinel.fr\/?s={search_term_string}"},"query-input":{"@type":"PropertyValueSpecification","valueRequired":true,"valueName":"search_term_string"}}],"inLanguage":"es"},{"@type":"Organization","@id":"https:\/\/www.safinel.fr\/#organization","name":"Safinel","url":"https:\/\/www.safinel.fr\/","logo":{"@type":"ImageObject","inLanguage":"es","@id":"https:\/\/www.safinel.fr\/#\/schema\/logo\/image\/","url":"https:\/\/www.safinel.fr\/wp-content\/uploads\/2021\/05\/boutique-cosmetique.png","contentUrl":"https:\/\/www.safinel.fr\/wp-content\/uploads\/2021\/05\/boutique-cosmetique.png","width":800,"height":200,"caption":"Safinel"},"image":{"@id":"https:\/\/www.safinel.fr\/#\/schema\/logo\/image\/"}},{"@type":"Person","@id":"https:\/\/www.safinel.fr\/#\/schema\/person\/47f7357f8aa8a41a796811d3f8a3e055","name":"Naj","image":{"@type":"ImageObject","inLanguage":"es","@id":"https:\/\/www.safinel.fr\/#\/schema\/person\/image\/","url":"https:\/\/secure.gravatar.com\/avatar\/5c0fa4f0bce748d4964b7d68e4b0ee1d8e3120edba58a55893ced967bd2093b5?s=96&d=mm&r=g","contentUrl":"https:\/\/secure.gravatar.com\/avatar\/5c0fa4f0bce748d4964b7d68e4b0ee1d8e3120edba58a55893ced967bd2093b5?s=96&d=mm&r=g","caption":"Naj"},"url":"https:\/\/www.safinel.fr\/es\/author\/naj\/"}]}},"_links":{"self":[{"href":"https:\/\/www.safinel.fr\/es\/wp-json\/wp\/v2\/posts\/8048","targetHints":{"allow":["GET"]}}],"collection":[{"href":"https:\/\/www.safinel.fr\/es\/wp-json\/wp\/v2\/posts"}],"about":[{"href":"https:\/\/www.safinel.fr\/es\/wp-json\/wp\/v2\/types\/post"}],"author":[{"embeddable":true,"href":"https:\/\/www.safinel.fr\/es\/wp-json\/wp\/v2\/users\/156"}],"replies":[{"embeddable":true,"href":"https:\/\/www.safinel.fr\/es\/wp-json\/wp\/v2\/comments?post=8048"}],"version-history":[{"count":1,"href":"https:\/\/www.safinel.fr\/es\/wp-json\/wp\/v2\/posts\/8048\/revisions"}],"predecessor-version":[{"id":8050,"href":"https:\/\/www.safinel.fr\/es\/wp-json\/wp\/v2\/posts\/8048\/revisions\/8050"}],"wp:featuredmedia":[{"embeddable":true,"href":"https:\/\/www.safinel.fr\/es\/wp-json\/wp\/v2\/media\/8049"}],"wp:attachment":[{"href":"https:\/\/www.safinel.fr\/es\/wp-json\/wp\/v2\/media?parent=8048"}],"wp:term":[{"taxonomy":"category","embeddable":true,"href":"https:\/\/www.safinel.fr\/es\/wp-json\/wp\/v2\/categories?post=8048"},{"taxonomy":"post_tag","embeddable":true,"href":"https:\/\/www.safinel.fr\/es\/wp-json\/wp\/v2\/tags?post=8048"}],"curies":[{"name":"wp","href":"https:\/\/api.w.org\/{rel}","templated":true}]}}