{"id":6660,"date":"2023-06-23T11:15:47","date_gmt":"2023-06-23T11:15:47","guid":{"rendered":"https:\/\/www.safinel.fr\/?p=6660"},"modified":"2023-06-23T11:21:18","modified_gmt":"2023-06-23T11:21:18","slug":"harina-de-trigo","status":"publish","type":"post","link":"https:\/\/www.safinel.fr\/es\/harina-de-trigo\/","title":{"rendered":"Harina de trigo: un alimento b\u00e1sico de la cocina francesa"},"content":{"rendered":"<p>La&nbsp;<strong>harina de trigo<\/strong>, tambi\u00e9n conocida como harina de trigo, es uno de los ingredientes m\u00e1s utilizados en la cocina francesa y en muchas otras cocinas de todo el mundo.<\/p>\n<p>Es la base de muchas recetas tradicionales, como panes, pastas, pasteles y tortitas. Descubra con Safinel las diferentes caracter\u00edsticas de esta harina y sus principales usos en la cocina.<\/p>\n<h2><strong>Harina de trigo: \u00bfqu\u00e9 es?<\/strong><\/h2>\n<p>La harina de trigo se obtiene del trigo blando, un cereal muy cultivado.<\/p>\n<p>El grano de trigo se compone de tres partes principales: el germen, el salvado y el endospermo. La harina de trigo se muele a partir del endospermo, que representa alrededor de 80% del peso del grano.<\/p>\n<p>Existen tres tipos principales de harina de trigo:<\/p>\n<ul>\n<li><strong>Harina blanca<\/strong>, tambi\u00e9n llamada harina de tipo 55, es la harina m\u00e1s refinada y contiene muy poco salvado. Se utiliza principalmente para elaborar boller\u00eda, pasteler\u00eda y algunos tipos de pan.<\/li>\n<li><strong>Harina semicompleta<\/strong>, La harina de tipo 80 contiene una mayor proporci\u00f3n de salvado. Suele utilizarse para elaborar panes m\u00e1s r\u00fasticos, as\u00ed como pasta y tortitas.<\/li>\n<li><strong>Harina integral<\/strong>, Tambi\u00e9n llamada harina integral o de tipo 110, contiene todo el salvado. Tiene un sabor m\u00e1s fuerte y suele recomendarse para recetas que requieren una fermentaci\u00f3n larga, como el pan de masa madre.<\/li>\n<\/ul>\n<div class=\"row\"  id=\"row-653281647\">\n\n\n\t<div id=\"col-1402004905\" class=\"col medium-4 small-12 large-4\"  >\n\t\t\t\t<div class=\"col-inner\"  >\n\t\t\t\n\t\t\t\n\n\n\t\t<\/div>\n\t\t\t\t\t<\/div>\n\n\t\n\n\t<div id=\"col-1975337879\" class=\"col medium-4 small-12 large-4\"  >\n\t\t\t\t<div class=\"col-inner\"  >\n\t\t\t\n\t\t\t\n\n\t<div class=\"img has-hover x md-x lg-x y md-y lg-y\" id=\"image_1708670324\">\n\t\t<a class=\"\" href=\"https:\/\/amzn.to\/3qWWSLF\" target=\"_blank\" rel=\"noopener\" >\t\t\t\t\t\t<div class=\"img-inner dark\" >\n\t\t\t<img decoding=\"async\" width=\"600\" height=\"600\" src=\"https:\/\/www.safinel.fr\/wp-content\/uploads\/2023\/06\/farine-de-froment-AB.jpg\" class=\"attachment-original size-original\" alt=\"Harina de trigo AB\" srcset=\"https:\/\/www.safinel.fr\/wp-content\/uploads\/2023\/06\/farine-de-froment-AB.jpg 600w, https:\/\/www.safinel.fr\/wp-content\/uploads\/2023\/06\/farine-de-froment-AB-100x100.jpg 100w, https:\/\/www.safinel.fr\/wp-content\/uploads\/2023\/06\/farine-de-froment-AB-400x400.jpg 400w, https:\/\/www.safinel.fr\/wp-content\/uploads\/2023\/06\/farine-de-froment-AB-280x280.jpg 280w, https:\/\/www.safinel.fr\/wp-content\/uploads\/2023\/06\/farine-de-froment-AB-300x300.jpg 300w\" sizes=\"(max-width: 600px) 100vw, 600px\" \/>\t\t\t\t\t\t\n\t\t\t\t\t<\/div>\n\t\t\t\t\t\t<\/a>\t\t\n<style>\n#image_1708670324 {\n  width: 100%;\n}\n<\/style>\n\t<\/div>\n\t\n\n<a href=\"https:\/\/amzn.to\/3qWWSLF\" target=\"_blank\" class=\"button primary expand\" rel=\"noopener\" style=\"border-radius:99px;\">\n\t\t<span>Comprar en Amazon<\/span>\n\t<\/a>\n\n\n\n\t\t<\/div>\n\t\t\t\t\t<\/div>\n\n\t\n\n\t<div id=\"col-1509266305\" class=\"col medium-4 small-12 large-4\"  >\n\t\t\t\t<div class=\"col-inner\"  >\n\t\t\t\n\t\t\t\n\n\n\t\t<\/div>\n\t\t\t\t\t<\/div>\n\n\t\n\n<\/div>\n<h2><strong>Los beneficios nutricionales de la harina de trigo<\/strong><\/h2>\n<p>La&nbsp;<strong>harina de trigo<\/strong>&nbsp;es una fuente importante de nutrientes esenciales para nuestro organismo. Aporta hidratos de carbono complejos, prote\u00ednas, fibra, vitaminas (sobre todo del grupo B) y minerales como el hierro, el f\u00f3sforo, el magnesio y el zinc.<\/p>\n<ul>\n<li><strong>Ingesta moderada de energ\u00eda<\/strong><\/li>\n<\/ul>\n<p>La harina de trigo tiene un contenido cal\u00f3rico moderado, con unas 340 kcal por 100 g. Sus hidratos de carbono complejos son absorbidos progresivamente por el organismo, proporcionando energ\u00eda a lo largo del tiempo sin provocar picos de az\u00facar en la sangre. La fibra que contiene tambi\u00e9n ayuda a regular la digesti\u00f3n y a sentirse saciado.<\/p>\n<ul>\n<li><strong>Prote\u00ednas de calidad<\/strong><\/li>\n<\/ul>\n<p>Contiene alrededor de 10% de prote\u00ednas, que se componen de amino\u00e1cidos esenciales para el buen funcionamiento de nuestro organismo. Estas prote\u00ednas se consideran de buena calidad porque contienen un alto nivel de amino\u00e1cidos esenciales, es decir, aquellos que nuestro organismo no puede sintetizar por s\u00ed mismo.<\/p>\n<ul>\n<li><strong>Vitaminas y minerales esenciales<\/strong><\/li>\n<\/ul>\n<p>La harina de trigo es una fuente importante de vitaminas del grupo B, en particular de vitamina B1 (tiamina), vitamina B2 (riboflavina) y vitamina B3 (niacina). Estas vitaminas desempe\u00f1an un papel crucial en el metabolismo energ\u00e9tico y la salud del sistema nervioso. La harina de trigo tambi\u00e9n aporta minerales como hierro, f\u00f3sforo, magnesio y zinc, esenciales para el buen funcionamiento del organismo.<\/p>\n<h2><strong>Harina de trigo: \u00bfc\u00f3mo se utiliza en la cocina?<\/strong><\/h2>\n<p>Esta harina es muy vers\u00e1til y puede utilizarse como base de muchas recetas dulces y saladas.<\/p>\n<h3><strong>Aqu\u00ed tienes algunas ideas de uso:<\/strong><\/h3>\n<ul>\n<li><strong>Pan casero :<\/strong> Es ideal para hacer todo tipo de pan, ya sea blanco, semicompleto o integral. Se puede utilizar sola o mezclada con otras harinas para variar sabores y texturas.<\/li>\n<li><strong>Pasta fresca :<\/strong> La harina de trigo se utiliza tradicionalmente para hacer pasta fresca casera. Entre ellas est\u00e1n los tallarines, la lasa\u00f1a y los raviolis. Tambi\u00e9n se pueden a\u00f1adir huevos y agua para hacer una masa de fideos.<\/li>\n<li><strong>Cr\u00eapes y galettes :<\/strong> La harina de trigo es perfecta para preparar crepes ligeros y sabrosos. Tambi\u00e9n es perfecta para hacer galettes bretonas, que podr\u00e1 rellenar hasta hartarse.<\/li>\n<li><strong>Pasteler\u00eda :<\/strong> La harina de trigo puede utilizarse en muchas preparaciones dulces como pasteles, galletas, magdalenas y tartas. Para un resultado m\u00e1s ligero y aireado. Puede mezclarla con harina de ma\u00edz o de arroz.<\/li>\n<\/ul>\n<p>En conclusi\u00f3n, la harina de trigo es un ingrediente indispensable en la cocina. Gracias a sus numerosas cualidades nutritivas y a su versatilidad.<\/p>\n<p>No dude en a\u00f1adirlo regularmente a sus recetas para disfrutar de sus beneficios para la salud y variar sus placeres culinarios.<\/p>","protected":false},"excerpt":{"rendered":"","protected":false},"author":1,"featured_media":6665,"comment_status":"closed","ping_status":"closed","sticky":false,"template":"","format":"standard","meta":{"footnotes":""},"categories":[1],"tags":[],"class_list":["post-6660","post","type-post","status-publish","format-standard","has-post-thumbnail","hentry","category-divers"],"yoast_head":"<!-- This site is optimized with the Yoast SEO plugin v26.6 - https:\/\/yoast.com\/wordpress\/plugins\/seo\/ -->\n<title>Farine de froment | L&#039;ingr\u00e9dient fran\u00e7ais indispensable en cuisine<\/title>\n<meta name=\"description\" content=\"La\u00a0farine de froment, \u00e9galement connue sous le nom de farine de bl\u00e9, est l&#039;un des ingr\u00e9dients les plus utilis\u00e9s dans la cuisine fran\u00e7aise.\" \/>\n<meta name=\"robots\" content=\"index, follow, max-snippet:-1, max-image-preview:large, max-video-preview:-1\" \/>\n<link rel=\"canonical\" href=\"https:\/\/www.safinel.fr\/es\/harina-de-trigo\/\" \/>\n<meta property=\"og:locale\" content=\"es_ES\" \/>\n<meta property=\"og:type\" content=\"article\" \/>\n<meta property=\"og:title\" content=\"Farine de froment | L&#039;ingr\u00e9dient fran\u00e7ais indispensable en cuisine\" \/>\n<meta property=\"og:description\" content=\"La\u00a0farine de froment, \u00e9galement connue sous le nom de farine de bl\u00e9, est l&#039;un des ingr\u00e9dients les plus utilis\u00e9s dans la cuisine fran\u00e7aise.\" \/>\n<meta property=\"og:url\" content=\"https:\/\/www.safinel.fr\/es\/harina-de-trigo\/\" \/>\n<meta property=\"og:site_name\" content=\"Safinel\" \/>\n<meta property=\"article:published_time\" content=\"2023-06-23T11:15:47+00:00\" \/>\n<meta property=\"article:modified_time\" content=\"2023-06-23T11:21:18+00:00\" \/>\n<meta property=\"og:image\" content=\"https:\/\/www.safinel.fr\/wp-content\/uploads\/2023\/06\/farine-de-froment.jpg\" \/>\n\t<meta property=\"og:image:width\" content=\"1100\" \/>\n\t<meta property=\"og:image:height\" content=\"578\" \/>\n\t<meta property=\"og:image:type\" content=\"image\/jpeg\" \/>\n<meta name=\"author\" content=\"Boutique Safinel\" \/>\n<meta name=\"twitter:card\" content=\"summary_large_image\" \/>\n<meta name=\"twitter:label1\" content=\"Escrito por\" \/>\n\t<meta name=\"twitter:data1\" content=\"Boutique Safinel\" \/>\n\t<meta name=\"twitter:label2\" content=\"Tiempo de lectura\" \/>\n\t<meta name=\"twitter:data2\" content=\"4 minutos\" \/>\n<script type=\"application\/ld+json\" class=\"yoast-schema-graph\">{\"@context\":\"https:\/\/schema.org\",\"@graph\":[{\"@type\":\"Article\",\"@id\":\"https:\/\/www.safinel.fr\/farine-de-froment\/#article\",\"isPartOf\":{\"@id\":\"https:\/\/www.safinel.fr\/farine-de-froment\/\"},\"author\":{\"name\":\"Boutique Safinel\",\"@id\":\"https:\/\/www.safinel.fr\/#\/schema\/person\/721a83294300152db59954bbb2f0fcc5\"},\"headline\":\"La farine de froment : un incontournable dans la cuisine fran\u00e7aise\",\"datePublished\":\"2023-06-23T11:15:47+00:00\",\"dateModified\":\"2023-06-23T11:21:18+00:00\",\"mainEntityOfPage\":{\"@id\":\"https:\/\/www.safinel.fr\/farine-de-froment\/\"},\"wordCount\":865,\"publisher\":{\"@id\":\"https:\/\/www.safinel.fr\/#organization\"},\"image\":{\"@id\":\"https:\/\/www.safinel.fr\/farine-de-froment\/#primaryimage\"},\"thumbnailUrl\":\"https:\/\/www.safinel.fr\/wp-content\/uploads\/2023\/06\/farine-de-froment.jpg\",\"articleSection\":[\"Divers\"],\"inLanguage\":\"es\"},{\"@type\":\"WebPage\",\"@id\":\"https:\/\/www.safinel.fr\/farine-de-froment\/\",\"url\":\"https:\/\/www.safinel.fr\/farine-de-froment\/\",\"name\":\"Farine de froment | L'ingr\u00e9dient fran\u00e7ais indispensable en cuisine\",\"isPartOf\":{\"@id\":\"https:\/\/www.safinel.fr\/#website\"},\"primaryImageOfPage\":{\"@id\":\"https:\/\/www.safinel.fr\/farine-de-froment\/#primaryimage\"},\"image\":{\"@id\":\"https:\/\/www.safinel.fr\/farine-de-froment\/#primaryimage\"},\"thumbnailUrl\":\"https:\/\/www.safinel.fr\/wp-content\/uploads\/2023\/06\/farine-de-froment.jpg\",\"datePublished\":\"2023-06-23T11:15:47+00:00\",\"dateModified\":\"2023-06-23T11:21:18+00:00\",\"description\":\"La\u00a0farine de froment, \u00e9galement connue sous le nom de farine de bl\u00e9, est l'un des ingr\u00e9dients les plus utilis\u00e9s dans la cuisine fran\u00e7aise.\",\"breadcrumb\":{\"@id\":\"https:\/\/www.safinel.fr\/farine-de-froment\/#breadcrumb\"},\"inLanguage\":\"es\",\"potentialAction\":[{\"@type\":\"ReadAction\",\"target\":[\"https:\/\/www.safinel.fr\/farine-de-froment\/\"]}]},{\"@type\":\"ImageObject\",\"inLanguage\":\"es\",\"@id\":\"https:\/\/www.safinel.fr\/farine-de-froment\/#primaryimage\",\"url\":\"https:\/\/www.safinel.fr\/wp-content\/uploads\/2023\/06\/farine-de-froment.jpg\",\"contentUrl\":\"https:\/\/www.safinel.fr\/wp-content\/uploads\/2023\/06\/farine-de-froment.jpg\",\"width\":1100,\"height\":578,\"caption\":\"farine de froment\"},{\"@type\":\"BreadcrumbList\",\"@id\":\"https:\/\/www.safinel.fr\/farine-de-froment\/#breadcrumb\",\"itemListElement\":[{\"@type\":\"ListItem\",\"position\":1,\"name\":\"Accueil\",\"item\":\"https:\/\/www.safinel.fr\/\"},{\"@type\":\"ListItem\",\"position\":2,\"name\":\"La farine de froment : un incontournable dans la cuisine fran\u00e7aise\"}]},{\"@type\":\"WebSite\",\"@id\":\"https:\/\/www.safinel.fr\/#website\",\"url\":\"https:\/\/www.safinel.fr\/\",\"name\":\"Safinel\",\"description\":\"\",\"publisher\":{\"@id\":\"https:\/\/www.safinel.fr\/#organization\"},\"potentialAction\":[{\"@type\":\"SearchAction\",\"target\":{\"@type\":\"EntryPoint\",\"urlTemplate\":\"https:\/\/www.safinel.fr\/?s={search_term_string}\"},\"query-input\":{\"@type\":\"PropertyValueSpecification\",\"valueRequired\":true,\"valueName\":\"search_term_string\"}}],\"inLanguage\":\"es\"},{\"@type\":\"Organization\",\"@id\":\"https:\/\/www.safinel.fr\/#organization\",\"name\":\"Safinel\",\"url\":\"https:\/\/www.safinel.fr\/\",\"logo\":{\"@type\":\"ImageObject\",\"inLanguage\":\"es\",\"@id\":\"https:\/\/www.safinel.fr\/#\/schema\/logo\/image\/\",\"url\":\"https:\/\/www.safinel.fr\/wp-content\/uploads\/2021\/05\/boutique-cosmetique.png\",\"contentUrl\":\"https:\/\/www.safinel.fr\/wp-content\/uploads\/2021\/05\/boutique-cosmetique.png\",\"width\":800,\"height\":200,\"caption\":\"Safinel\"},\"image\":{\"@id\":\"https:\/\/www.safinel.fr\/#\/schema\/logo\/image\/\"}},{\"@type\":\"Person\",\"@id\":\"https:\/\/www.safinel.fr\/#\/schema\/person\/721a83294300152db59954bbb2f0fcc5\",\"name\":\"Boutique Safinel\",\"image\":{\"@type\":\"ImageObject\",\"inLanguage\":\"es\",\"@id\":\"https:\/\/www.safinel.fr\/#\/schema\/person\/image\/\",\"url\":\"https:\/\/secure.gravatar.com\/avatar\/f68981bb0c0938d0f69d6a4651de60c9260d8f0f22d18b1520c25e25d86b5057?s=96&d=mm&r=g\",\"contentUrl\":\"https:\/\/secure.gravatar.com\/avatar\/f68981bb0c0938d0f69d6a4651de60c9260d8f0f22d18b1520c25e25d86b5057?s=96&d=mm&r=g\",\"caption\":\"Boutique Safinel\"},\"sameAs\":[\"https:\/\/www.safinel.fr\"],\"url\":\"https:\/\/www.safinel.fr\/es\/author\/boutique-safinel\/\"}]}<\/script>\n<!-- \/ Yoast SEO plugin. -->","yoast_head_json":{"title":"Harina de trigo | El ingrediente esencial de la cocina francesa","description":"La harina de trigo, tambi\u00e9n conocida como farine de bl\u00e9, es uno de los ingredientes m\u00e1s utilizados en la cocina francesa.","robots":{"index":"index","follow":"follow","max-snippet":"max-snippet:-1","max-image-preview":"max-image-preview:large","max-video-preview":"max-video-preview:-1"},"canonical":"https:\/\/www.safinel.fr\/es\/harina-de-trigo\/","og_locale":"es_ES","og_type":"article","og_title":"Farine de froment | L'ingr\u00e9dient fran\u00e7ais indispensable en cuisine","og_description":"La\u00a0farine de froment, \u00e9galement connue sous le nom de farine de bl\u00e9, est l'un des ingr\u00e9dients les plus utilis\u00e9s dans la cuisine fran\u00e7aise.","og_url":"https:\/\/www.safinel.fr\/es\/harina-de-trigo\/","og_site_name":"Safinel","article_published_time":"2023-06-23T11:15:47+00:00","article_modified_time":"2023-06-23T11:21:18+00:00","og_image":[{"width":1100,"height":578,"url":"https:\/\/www.safinel.fr\/wp-content\/uploads\/2023\/06\/farine-de-froment.jpg","type":"image\/jpeg"}],"author":"Boutique Safinel","twitter_card":"summary_large_image","twitter_misc":{"Escrito por":"Boutique Safinel","Tiempo de lectura":"4 minutos"},"schema":{"@context":"https:\/\/schema.org","@graph":[{"@type":"Article","@id":"https:\/\/www.safinel.fr\/farine-de-froment\/#article","isPartOf":{"@id":"https:\/\/www.safinel.fr\/farine-de-froment\/"},"author":{"name":"Boutique Safinel","@id":"https:\/\/www.safinel.fr\/#\/schema\/person\/721a83294300152db59954bbb2f0fcc5"},"headline":"La farine de froment : un incontournable dans la cuisine fran\u00e7aise","datePublished":"2023-06-23T11:15:47+00:00","dateModified":"2023-06-23T11:21:18+00:00","mainEntityOfPage":{"@id":"https:\/\/www.safinel.fr\/farine-de-froment\/"},"wordCount":865,"publisher":{"@id":"https:\/\/www.safinel.fr\/#organization"},"image":{"@id":"https:\/\/www.safinel.fr\/farine-de-froment\/#primaryimage"},"thumbnailUrl":"https:\/\/www.safinel.fr\/wp-content\/uploads\/2023\/06\/farine-de-froment.jpg","articleSection":["Divers"],"inLanguage":"es"},{"@type":"WebPage","@id":"https:\/\/www.safinel.fr\/farine-de-froment\/","url":"https:\/\/www.safinel.fr\/farine-de-froment\/","name":"Harina de trigo | El ingrediente esencial de la cocina francesa","isPartOf":{"@id":"https:\/\/www.safinel.fr\/#website"},"primaryImageOfPage":{"@id":"https:\/\/www.safinel.fr\/farine-de-froment\/#primaryimage"},"image":{"@id":"https:\/\/www.safinel.fr\/farine-de-froment\/#primaryimage"},"thumbnailUrl":"https:\/\/www.safinel.fr\/wp-content\/uploads\/2023\/06\/farine-de-froment.jpg","datePublished":"2023-06-23T11:15:47+00:00","dateModified":"2023-06-23T11:21:18+00:00","description":"La harina de trigo, tambi\u00e9n conocida como farine de bl\u00e9, es uno de los ingredientes m\u00e1s utilizados en la cocina francesa.","breadcrumb":{"@id":"https:\/\/www.safinel.fr\/farine-de-froment\/#breadcrumb"},"inLanguage":"es","potentialAction":[{"@type":"ReadAction","target":["https:\/\/www.safinel.fr\/farine-de-froment\/"]}]},{"@type":"ImageObject","inLanguage":"es","@id":"https:\/\/www.safinel.fr\/farine-de-froment\/#primaryimage","url":"https:\/\/www.safinel.fr\/wp-content\/uploads\/2023\/06\/farine-de-froment.jpg","contentUrl":"https:\/\/www.safinel.fr\/wp-content\/uploads\/2023\/06\/farine-de-froment.jpg","width":1100,"height":578,"caption":"farine de froment"},{"@type":"BreadcrumbList","@id":"https:\/\/www.safinel.fr\/farine-de-froment\/#breadcrumb","itemListElement":[{"@type":"ListItem","position":1,"name":"Accueil","item":"https:\/\/www.safinel.fr\/"},{"@type":"ListItem","position":2,"name":"La farine de froment : un incontournable dans la cuisine fran\u00e7aise"}]},{"@type":"WebSite","@id":"https:\/\/www.safinel.fr\/#website","url":"https:\/\/www.safinel.fr\/","name":"Safinel","description":"","publisher":{"@id":"https:\/\/www.safinel.fr\/#organization"},"potentialAction":[{"@type":"SearchAction","target":{"@type":"EntryPoint","urlTemplate":"https:\/\/www.safinel.fr\/?s={search_term_string}"},"query-input":{"@type":"PropertyValueSpecification","valueRequired":true,"valueName":"search_term_string"}}],"inLanguage":"es"},{"@type":"Organization","@id":"https:\/\/www.safinel.fr\/#organization","name":"Safinel","url":"https:\/\/www.safinel.fr\/","logo":{"@type":"ImageObject","inLanguage":"es","@id":"https:\/\/www.safinel.fr\/#\/schema\/logo\/image\/","url":"https:\/\/www.safinel.fr\/wp-content\/uploads\/2021\/05\/boutique-cosmetique.png","contentUrl":"https:\/\/www.safinel.fr\/wp-content\/uploads\/2021\/05\/boutique-cosmetique.png","width":800,"height":200,"caption":"Safinel"},"image":{"@id":"https:\/\/www.safinel.fr\/#\/schema\/logo\/image\/"}},{"@type":"Person","@id":"https:\/\/www.safinel.fr\/#\/schema\/person\/721a83294300152db59954bbb2f0fcc5","name":"Tienda Safinel","image":{"@type":"ImageObject","inLanguage":"es","@id":"https:\/\/www.safinel.fr\/#\/schema\/person\/image\/","url":"https:\/\/secure.gravatar.com\/avatar\/f68981bb0c0938d0f69d6a4651de60c9260d8f0f22d18b1520c25e25d86b5057?s=96&d=mm&r=g","contentUrl":"https:\/\/secure.gravatar.com\/avatar\/f68981bb0c0938d0f69d6a4651de60c9260d8f0f22d18b1520c25e25d86b5057?s=96&d=mm&r=g","caption":"Boutique Safinel"},"sameAs":["https:\/\/www.safinel.fr"],"url":"https:\/\/www.safinel.fr\/es\/author\/boutique-safinel\/"}]}},"_links":{"self":[{"href":"https:\/\/www.safinel.fr\/es\/wp-json\/wp\/v2\/posts\/6660","targetHints":{"allow":["GET"]}}],"collection":[{"href":"https:\/\/www.safinel.fr\/es\/wp-json\/wp\/v2\/posts"}],"about":[{"href":"https:\/\/www.safinel.fr\/es\/wp-json\/wp\/v2\/types\/post"}],"author":[{"embeddable":true,"href":"https:\/\/www.safinel.fr\/es\/wp-json\/wp\/v2\/users\/1"}],"replies":[{"embeddable":true,"href":"https:\/\/www.safinel.fr\/es\/wp-json\/wp\/v2\/comments?post=6660"}],"version-history":[{"count":3,"href":"https:\/\/www.safinel.fr\/es\/wp-json\/wp\/v2\/posts\/6660\/revisions"}],"predecessor-version":[{"id":6666,"href":"https:\/\/www.safinel.fr\/es\/wp-json\/wp\/v2\/posts\/6660\/revisions\/6666"}],"wp:featuredmedia":[{"embeddable":true,"href":"https:\/\/www.safinel.fr\/es\/wp-json\/wp\/v2\/media\/6665"}],"wp:attachment":[{"href":"https:\/\/www.safinel.fr\/es\/wp-json\/wp\/v2\/media?parent=6660"}],"wp:term":[{"taxonomy":"category","embeddable":true,"href":"https:\/\/www.safinel.fr\/es\/wp-json\/wp\/v2\/categories?post=6660"},{"taxonomy":"post_tag","embeddable":true,"href":"https:\/\/www.safinel.fr\/es\/wp-json\/wp\/v2\/tags?post=6660"}],"curies":[{"name":"wp","href":"https:\/\/api.w.org\/{rel}","templated":true}]}}