{"id":6069,"date":"2023-05-19T14:09:54","date_gmt":"2023-05-19T14:09:54","guid":{"rendered":"https:\/\/www.safinel.fr\/?p=6069"},"modified":"2023-05-19T14:09:56","modified_gmt":"2023-05-19T14:09:56","slug":"panuelo-africano","status":"publish","type":"post","link":"https:\/\/www.safinel.fr\/es\/panuelo-africano\/","title":{"rendered":"El pa\u00f1uelo africano: un accesorio de moda y vers\u00e1til"},"content":{"rendered":"<p>Le&nbsp;<strong>Pa\u00f1uelo africano<\/strong>, tambi\u00e9n conocido como tocado africano, es un accesorio de moda muy apreciado por su originalidad, su estilo \u00fanico y sus m\u00faltiples usos. Descubre c\u00f3mo adoptar este must-have \u00e9tnico para dar un toque ex\u00f3tico a tus conjuntos y realzar tu cabello.<\/p>\n\n\n\n<h2 class=\"wp-block-heading\" id=\"h-les-origines-du-foulard-africain\"><strong>Los or\u00edgenes del pa\u00f1uelo africano<\/strong><\/h2>\n\n\n\n<p><strong><a href=\"https:\/\/www.hijab-femme.com\" target=\"_blank\" rel=\"noreferrer noopener\">Llevadas durante siglos por las mujeres africanas<\/a><\/strong>, el\u00a0<strong>Pa\u00f1uelo africano<\/strong>\u00a0es ante todo un fuerte s\u00edmbolo de cultura e identidad. Los motivos y colores utilizados en su confecci\u00f3n var\u00edan seg\u00fan la regi\u00f3n y el grupo \u00e9tnico, dando lugar a una multitud de estilos diferentes. Hoy en d\u00eda, este accesorio tradicional se ha modernizado y atrae a un amplio p\u00fablico, mucho m\u00e1s all\u00e1 de las fronteras del continente africano.<\/p>\n\n\n\n<h2 class=\"wp-block-heading\" id=\"h-les-diff-rentes-fa-ons-de-porter-le-foulard-africain\"><strong>Las diferentes formas de llevar el pa\u00f1uelo africano<\/strong><\/h2>\n\n\n\n<h3 class=\"wp-block-heading\" id=\"h-dans-les-cheveux\"><strong>En el pelo<\/strong><\/h3>\n\n\n\n<p>Uno de los usos m\u00e1s comunes de&nbsp;<strong>Pa\u00f1uelo africano<\/strong>&nbsp;es atarlo alrededor de la cabeza para proteger y realzar el cabello. Sus coloridas texturas y estampados pueden animar cualquier peinado y a\u00f1adir un toque de elegancia y originalidad.<\/p>\n\n\n\n<p><strong>Para hacer un turbante con tu pa\u00f1uelo africano, puedes :<\/strong><\/p>\n\n\n\n<ul class=\"wp-block-list\">\n<li><strong>Pliegue<\/strong>&nbsp;Corta el pa\u00f1uelo por la mitad para formar un tri\u00e1ngulo y coloca la base del tri\u00e1ngulo sobre la frente.<\/li>\n\n\n\n<li><strong>Cruz<\/strong>&nbsp;ambos extremos en la parte posterior de la cabeza y llevarlos hacia delante.<\/li>\n\n\n\n<li><strong>Torsader<\/strong>&nbsp;los dos extremos uno alrededor del otro para crear una especie de diadema.<\/li>\n\n\n\n<li><strong>P\u00e1salo<\/strong>&nbsp;Ata los extremos bajo la base del tri\u00e1ngulo para sujetar el turbante.<\/li>\n<\/ul>\n\n\n\n<p>Tambi\u00e9n puedes simplemente enrollar el pa\u00f1uelo alrededor de tu coleta o mo\u00f1o para a\u00f1adir un toque de color y fantas\u00eda a tu peinado.<\/p>\n\n\n\n<h3 class=\"wp-block-heading\" id=\"h-en-guise-d-charpe-ou-de-ch-le\"><strong>Como bufanda o chal<\/strong><\/h3>\n\n\n\n<p>Le&nbsp;<strong>Pa\u00f1uelo africano<\/strong>&nbsp;tambi\u00e9n puede llevarse como bufanda o chal alrededor del cuello o los hombros. Gracias a su gran tama\u00f1o, ofrece una protecci\u00f3n eficaz contra el fr\u00edo al tiempo que a\u00f1ade un toque chic y \u00e9tnico a tus conjuntos invernales.<\/p>\n\n\n\n<p>Basta con colocar el pa\u00f1uelo suavemente sobre los hombros o anudarlo al cuello, seg\u00fan las preferencias y el estilo que se desee adoptar.<\/p>\n\n\n\n<h3 class=\"wp-block-heading\" id=\"h-en-tant-qu-accessoire-de-mode\"><strong>Como accesorio de moda<\/strong><\/h3>\n\n\n\n<p>Por \u00faltimo, \u00bfpor qu\u00e9 no utilizar su&nbsp;<strong>Pa\u00f1uelo africano<\/strong>&nbsp;como un aut\u00e9ntico accesorio de moda? Por ejemplo, puedes :<\/p>\n\n\n\n<ul class=\"wp-block-list\">\n<li><strong>Corbata<\/strong>&nbsp;el pa\u00f1uelo alrededor de la cintura para crear un original y colorido cintur\u00f3n.<\/li>\n\n\n\n<li><strong>Enrollar<\/strong>&nbsp;el pa\u00f1uelo alrededor de la mu\u00f1eca o el brazo para conseguir un efecto de pu\u00f1o \u00e9tnico.<\/li>\n\n\n\n<li><strong>Adjuntar<\/strong>&nbsp;A\u00f1ade el pa\u00f1uelo a tu bolso para darle un toque extra de estilo.<\/li>\n<\/ul>\n\n\n\n<p>Da rienda suelta a tu imaginaci\u00f3n para encontrar nuevas y originales formas de llevar tu pa\u00f1uelo africano.<\/p>\n\n\n\n<h3 class=\"wp-block-heading\" id=\"h-comment-choisir-son-foulard-africain\"><strong>\u00bfC\u00f3mo elegir un pa\u00f1uelo africano?<\/strong><\/h3>\n\n\n\n<p>Con tantos dise\u00f1os, colores y estilos diferentes, puede resultar dif\u00edcil elegir el pa\u00f1uelo africano que mejor se adapte a sus gustos y necesidades. <\/p>\n\n\n\n<p><strong>He aqu\u00ed algunos consejos que le ayudar\u00e1n a tomar la decisi\u00f3n correcta:<\/strong><\/p>\n\n\n\n<ul class=\"wp-block-list\">\n<li><strong>Elige colores que te hagan destacar<\/strong>&nbsp;Elige tonos que combinen bien con tu tono de piel y tu ropa para conseguir un look armonioso y elegante.<\/li>\n\n\n\n<li><strong>Elige dise\u00f1os que se adapten a tu estilo<\/strong>\u00a0Algunos pa\u00f1uelos presentan estampados geom\u00e9tricos muy gr\u00e1ficos. Otros presentan motivos florales m\u00e1s rom\u00e1nticos. T\u00fa decides qu\u00e9 estilo te va mejor.<\/li>\n\n\n\n<li><strong><a href=\"https:\/\/www.safinel.fr\/es\/tejido-africano\/\">Piensa en la calidad del tejido<\/a><\/strong>\u00a0Elige bufandas confeccionadas con materiales de calidad. Como el algod\u00f3n o el <strong>seda<\/strong>, para una mayor comodidad y durabilidad.<\/li>\n\n\n\n<li><strong>Tenga en cuenta el tama\u00f1o de la bufanda<\/strong>&nbsp;Para crear una gran variedad de peinados y conseguir una bonita ca\u00edda, elige un pa\u00f1uelo lo suficientemente grande (al menos de 1 metro por 1 metro).<\/li>\n<\/ul>\n\n\n\n<p>No dude en probar distintos estilos de pa\u00f1uelos africanos hasta encontrar el que mejor le sienta. Un pa\u00f1uelo bien elegido puede convertirse r\u00e1pidamente en una aut\u00e9ntica declaraci\u00f3n de moda, realzando tu look para cualquier ocasi\u00f3n.<\/p>","protected":false},"excerpt":{"rendered":"<p>El pa\u00f1uelo africano, tambi\u00e9n conocido como tocado africano, es un accesorio de moda muy apreciado por su originalidad, su estilo \u00fanico y sus m\u00faltiples usos. Descubre c\u00f3mo adoptar este must-have \u00e9tnico para dar un toque ex\u00f3tico a tus conjuntos y realzar tu cabello. Los or\u00edgenes del pa\u00f1uelo africano Llevado desde hace siglos por las mujeres africanas, el pa\u00f1uelo [...]","protected":false},"author":1,"featured_media":6070,"comment_status":"closed","ping_status":"closed","sticky":false,"template":"","format":"standard","meta":{"footnotes":""},"categories":[1],"tags":[],"class_list":["post-6069","post","type-post","status-publish","format-standard","has-post-thumbnail","hentry","category-divers"],"yoast_head":"<!-- This site is optimized with the Yoast SEO plugin v26.6 - https:\/\/yoast.com\/wordpress\/plugins\/seo\/ -->\n<title>Foulard africain I Zoom sur la coiffe africaine par excellence<\/title>\n<meta name=\"description\" content=\"Le foulard africain, \u00e9galement appel\u00e9 coiffe africaine, est un accessoire de mode tr\u00e8s appr\u00e9ci\u00e9 pour son originalit\u00e9 et son style unique.\" \/>\n<meta name=\"robots\" content=\"index, follow, max-snippet:-1, max-image-preview:large, max-video-preview:-1\" \/>\n<link rel=\"canonical\" href=\"https:\/\/www.safinel.fr\/es\/panuelo-africano\/\" \/>\n<meta property=\"og:locale\" content=\"es_ES\" \/>\n<meta property=\"og:type\" content=\"article\" \/>\n<meta property=\"og:title\" content=\"Foulard africain I Zoom sur la coiffe africaine par excellence\" \/>\n<meta property=\"og:description\" content=\"Le foulard africain, \u00e9galement appel\u00e9 coiffe africaine, est un accessoire de mode tr\u00e8s appr\u00e9ci\u00e9 pour son originalit\u00e9 et son style unique.\" \/>\n<meta property=\"og:url\" content=\"https:\/\/www.safinel.fr\/es\/panuelo-africano\/\" \/>\n<meta property=\"og:site_name\" content=\"Safinel\" \/>\n<meta property=\"article:published_time\" content=\"2023-05-19T14:09:54+00:00\" \/>\n<meta property=\"article:modified_time\" content=\"2023-05-19T14:09:56+00:00\" \/>\n<meta property=\"og:image\" content=\"https:\/\/www.safinel.fr\/wp-content\/uploads\/2023\/05\/Le-foulard-africain-un-accessoire-tendance-et-polyvalent.jpg\" \/>\n\t<meta property=\"og:image:width\" content=\"1100\" \/>\n\t<meta property=\"og:image:height\" content=\"578\" \/>\n\t<meta property=\"og:image:type\" content=\"image\/jpeg\" \/>\n<meta name=\"author\" content=\"Boutique Safinel\" \/>\n<meta name=\"twitter:card\" content=\"summary_large_image\" \/>\n<meta name=\"twitter:label1\" content=\"Escrito por\" \/>\n\t<meta name=\"twitter:data1\" content=\"Boutique Safinel\" \/>\n\t<meta name=\"twitter:label2\" content=\"Tiempo de lectura\" \/>\n\t<meta name=\"twitter:data2\" content=\"3 minutos\" \/>\n<script type=\"application\/ld+json\" class=\"yoast-schema-graph\">{\"@context\":\"https:\/\/schema.org\",\"@graph\":[{\"@type\":\"Article\",\"@id\":\"https:\/\/www.safinel.fr\/foulard-africain\/#article\",\"isPartOf\":{\"@id\":\"https:\/\/www.safinel.fr\/foulard-africain\/\"},\"author\":{\"name\":\"Boutique Safinel\",\"@id\":\"https:\/\/www.safinel.fr\/#\/schema\/person\/721a83294300152db59954bbb2f0fcc5\"},\"headline\":\"Le foulard africain : un accessoire tendance et polyvalent\",\"datePublished\":\"2023-05-19T14:09:54+00:00\",\"dateModified\":\"2023-05-19T14:09:56+00:00\",\"mainEntityOfPage\":{\"@id\":\"https:\/\/www.safinel.fr\/foulard-africain\/\"},\"wordCount\":715,\"publisher\":{\"@id\":\"https:\/\/www.safinel.fr\/#organization\"},\"image\":{\"@id\":\"https:\/\/www.safinel.fr\/foulard-africain\/#primaryimage\"},\"thumbnailUrl\":\"https:\/\/www.safinel.fr\/wp-content\/uploads\/2023\/05\/Le-foulard-africain-un-accessoire-tendance-et-polyvalent.jpg\",\"articleSection\":[\"Divers\"],\"inLanguage\":\"es\"},{\"@type\":\"WebPage\",\"@id\":\"https:\/\/www.safinel.fr\/foulard-africain\/\",\"url\":\"https:\/\/www.safinel.fr\/foulard-africain\/\",\"name\":\"Foulard africain I Zoom sur la coiffe africaine par excellence\",\"isPartOf\":{\"@id\":\"https:\/\/www.safinel.fr\/#website\"},\"primaryImageOfPage\":{\"@id\":\"https:\/\/www.safinel.fr\/foulard-africain\/#primaryimage\"},\"image\":{\"@id\":\"https:\/\/www.safinel.fr\/foulard-africain\/#primaryimage\"},\"thumbnailUrl\":\"https:\/\/www.safinel.fr\/wp-content\/uploads\/2023\/05\/Le-foulard-africain-un-accessoire-tendance-et-polyvalent.jpg\",\"datePublished\":\"2023-05-19T14:09:54+00:00\",\"dateModified\":\"2023-05-19T14:09:56+00:00\",\"description\":\"Le foulard africain, \u00e9galement appel\u00e9 coiffe africaine, est un accessoire de mode tr\u00e8s appr\u00e9ci\u00e9 pour son originalit\u00e9 et son style unique.\",\"breadcrumb\":{\"@id\":\"https:\/\/www.safinel.fr\/foulard-africain\/#breadcrumb\"},\"inLanguage\":\"es\",\"potentialAction\":[{\"@type\":\"ReadAction\",\"target\":[\"https:\/\/www.safinel.fr\/foulard-africain\/\"]}]},{\"@type\":\"ImageObject\",\"inLanguage\":\"es\",\"@id\":\"https:\/\/www.safinel.fr\/foulard-africain\/#primaryimage\",\"url\":\"https:\/\/www.safinel.fr\/wp-content\/uploads\/2023\/05\/Le-foulard-africain-un-accessoire-tendance-et-polyvalent.jpg\",\"contentUrl\":\"https:\/\/www.safinel.fr\/wp-content\/uploads\/2023\/05\/Le-foulard-africain-un-accessoire-tendance-et-polyvalent.jpg\",\"width\":1100,\"height\":578,\"caption\":\"Le foulard africain : un accessoire tendance et polyvalent\"},{\"@type\":\"BreadcrumbList\",\"@id\":\"https:\/\/www.safinel.fr\/foulard-africain\/#breadcrumb\",\"itemListElement\":[{\"@type\":\"ListItem\",\"position\":1,\"name\":\"Accueil\",\"item\":\"https:\/\/www.safinel.fr\/\"},{\"@type\":\"ListItem\",\"position\":2,\"name\":\"Le foulard africain : un accessoire tendance et polyvalent\"}]},{\"@type\":\"WebSite\",\"@id\":\"https:\/\/www.safinel.fr\/#website\",\"url\":\"https:\/\/www.safinel.fr\/\",\"name\":\"Safinel\",\"description\":\"\",\"publisher\":{\"@id\":\"https:\/\/www.safinel.fr\/#organization\"},\"potentialAction\":[{\"@type\":\"SearchAction\",\"target\":{\"@type\":\"EntryPoint\",\"urlTemplate\":\"https:\/\/www.safinel.fr\/?s={search_term_string}\"},\"query-input\":{\"@type\":\"PropertyValueSpecification\",\"valueRequired\":true,\"valueName\":\"search_term_string\"}}],\"inLanguage\":\"es\"},{\"@type\":\"Organization\",\"@id\":\"https:\/\/www.safinel.fr\/#organization\",\"name\":\"Safinel\",\"url\":\"https:\/\/www.safinel.fr\/\",\"logo\":{\"@type\":\"ImageObject\",\"inLanguage\":\"es\",\"@id\":\"https:\/\/www.safinel.fr\/#\/schema\/logo\/image\/\",\"url\":\"https:\/\/www.safinel.fr\/wp-content\/uploads\/2021\/05\/boutique-cosmetique.png\",\"contentUrl\":\"https:\/\/www.safinel.fr\/wp-content\/uploads\/2021\/05\/boutique-cosmetique.png\",\"width\":800,\"height\":200,\"caption\":\"Safinel\"},\"image\":{\"@id\":\"https:\/\/www.safinel.fr\/#\/schema\/logo\/image\/\"}},{\"@type\":\"Person\",\"@id\":\"https:\/\/www.safinel.fr\/#\/schema\/person\/721a83294300152db59954bbb2f0fcc5\",\"name\":\"Boutique Safinel\",\"image\":{\"@type\":\"ImageObject\",\"inLanguage\":\"es\",\"@id\":\"https:\/\/www.safinel.fr\/#\/schema\/person\/image\/\",\"url\":\"https:\/\/secure.gravatar.com\/avatar\/f68981bb0c0938d0f69d6a4651de60c9260d8f0f22d18b1520c25e25d86b5057?s=96&d=mm&r=g\",\"contentUrl\":\"https:\/\/secure.gravatar.com\/avatar\/f68981bb0c0938d0f69d6a4651de60c9260d8f0f22d18b1520c25e25d86b5057?s=96&d=mm&r=g\",\"caption\":\"Boutique Safinel\"},\"sameAs\":[\"https:\/\/www.safinel.fr\"],\"url\":\"https:\/\/www.safinel.fr\/es\/author\/boutique-safinel\/\"}]}<\/script>\n<!-- \/ Yoast SEO plugin. -->","yoast_head_json":{"title":"Pa\u00f1uelo africano I El tocado africano por excelencia","description":"El pa\u00f1uelo africano, tambi\u00e9n conocido como tocado africano, es un accesorio de moda muy apreciado por su originalidad y estilo \u00fanico.","robots":{"index":"index","follow":"follow","max-snippet":"max-snippet:-1","max-image-preview":"max-image-preview:large","max-video-preview":"max-video-preview:-1"},"canonical":"https:\/\/www.safinel.fr\/es\/panuelo-africano\/","og_locale":"es_ES","og_type":"article","og_title":"Foulard africain I Zoom sur la coiffe africaine par excellence","og_description":"Le foulard africain, \u00e9galement appel\u00e9 coiffe africaine, est un accessoire de mode tr\u00e8s appr\u00e9ci\u00e9 pour son originalit\u00e9 et son style unique.","og_url":"https:\/\/www.safinel.fr\/es\/panuelo-africano\/","og_site_name":"Safinel","article_published_time":"2023-05-19T14:09:54+00:00","article_modified_time":"2023-05-19T14:09:56+00:00","og_image":[{"width":1100,"height":578,"url":"https:\/\/www.safinel.fr\/wp-content\/uploads\/2023\/05\/Le-foulard-africain-un-accessoire-tendance-et-polyvalent.jpg","type":"image\/jpeg"}],"author":"Boutique Safinel","twitter_card":"summary_large_image","twitter_misc":{"Escrito por":"Boutique Safinel","Tiempo de lectura":"3 minutos"},"schema":{"@context":"https:\/\/schema.org","@graph":[{"@type":"Article","@id":"https:\/\/www.safinel.fr\/foulard-africain\/#article","isPartOf":{"@id":"https:\/\/www.safinel.fr\/foulard-africain\/"},"author":{"name":"Boutique Safinel","@id":"https:\/\/www.safinel.fr\/#\/schema\/person\/721a83294300152db59954bbb2f0fcc5"},"headline":"Le foulard africain : un accessoire tendance et polyvalent","datePublished":"2023-05-19T14:09:54+00:00","dateModified":"2023-05-19T14:09:56+00:00","mainEntityOfPage":{"@id":"https:\/\/www.safinel.fr\/foulard-africain\/"},"wordCount":715,"publisher":{"@id":"https:\/\/www.safinel.fr\/#organization"},"image":{"@id":"https:\/\/www.safinel.fr\/foulard-africain\/#primaryimage"},"thumbnailUrl":"https:\/\/www.safinel.fr\/wp-content\/uploads\/2023\/05\/Le-foulard-africain-un-accessoire-tendance-et-polyvalent.jpg","articleSection":["Divers"],"inLanguage":"es"},{"@type":"WebPage","@id":"https:\/\/www.safinel.fr\/foulard-africain\/","url":"https:\/\/www.safinel.fr\/foulard-africain\/","name":"Pa\u00f1uelo africano I El tocado africano por excelencia","isPartOf":{"@id":"https:\/\/www.safinel.fr\/#website"},"primaryImageOfPage":{"@id":"https:\/\/www.safinel.fr\/foulard-africain\/#primaryimage"},"image":{"@id":"https:\/\/www.safinel.fr\/foulard-africain\/#primaryimage"},"thumbnailUrl":"https:\/\/www.safinel.fr\/wp-content\/uploads\/2023\/05\/Le-foulard-africain-un-accessoire-tendance-et-polyvalent.jpg","datePublished":"2023-05-19T14:09:54+00:00","dateModified":"2023-05-19T14:09:56+00:00","description":"El pa\u00f1uelo africano, tambi\u00e9n conocido como tocado africano, es un accesorio de moda muy apreciado por su originalidad y estilo \u00fanico.","breadcrumb":{"@id":"https:\/\/www.safinel.fr\/foulard-africain\/#breadcrumb"},"inLanguage":"es","potentialAction":[{"@type":"ReadAction","target":["https:\/\/www.safinel.fr\/foulard-africain\/"]}]},{"@type":"ImageObject","inLanguage":"es","@id":"https:\/\/www.safinel.fr\/foulard-africain\/#primaryimage","url":"https:\/\/www.safinel.fr\/wp-content\/uploads\/2023\/05\/Le-foulard-africain-un-accessoire-tendance-et-polyvalent.jpg","contentUrl":"https:\/\/www.safinel.fr\/wp-content\/uploads\/2023\/05\/Le-foulard-africain-un-accessoire-tendance-et-polyvalent.jpg","width":1100,"height":578,"caption":"Le foulard africain : un accessoire tendance et polyvalent"},{"@type":"BreadcrumbList","@id":"https:\/\/www.safinel.fr\/foulard-africain\/#breadcrumb","itemListElement":[{"@type":"ListItem","position":1,"name":"Accueil","item":"https:\/\/www.safinel.fr\/"},{"@type":"ListItem","position":2,"name":"Le foulard africain : un accessoire tendance et polyvalent"}]},{"@type":"WebSite","@id":"https:\/\/www.safinel.fr\/#website","url":"https:\/\/www.safinel.fr\/","name":"Safinel","description":"","publisher":{"@id":"https:\/\/www.safinel.fr\/#organization"},"potentialAction":[{"@type":"SearchAction","target":{"@type":"EntryPoint","urlTemplate":"https:\/\/www.safinel.fr\/?s={search_term_string}"},"query-input":{"@type":"PropertyValueSpecification","valueRequired":true,"valueName":"search_term_string"}}],"inLanguage":"es"},{"@type":"Organization","@id":"https:\/\/www.safinel.fr\/#organization","name":"Safinel","url":"https:\/\/www.safinel.fr\/","logo":{"@type":"ImageObject","inLanguage":"es","@id":"https:\/\/www.safinel.fr\/#\/schema\/logo\/image\/","url":"https:\/\/www.safinel.fr\/wp-content\/uploads\/2021\/05\/boutique-cosmetique.png","contentUrl":"https:\/\/www.safinel.fr\/wp-content\/uploads\/2021\/05\/boutique-cosmetique.png","width":800,"height":200,"caption":"Safinel"},"image":{"@id":"https:\/\/www.safinel.fr\/#\/schema\/logo\/image\/"}},{"@type":"Person","@id":"https:\/\/www.safinel.fr\/#\/schema\/person\/721a83294300152db59954bbb2f0fcc5","name":"Tienda Safinel","image":{"@type":"ImageObject","inLanguage":"es","@id":"https:\/\/www.safinel.fr\/#\/schema\/person\/image\/","url":"https:\/\/secure.gravatar.com\/avatar\/f68981bb0c0938d0f69d6a4651de60c9260d8f0f22d18b1520c25e25d86b5057?s=96&d=mm&r=g","contentUrl":"https:\/\/secure.gravatar.com\/avatar\/f68981bb0c0938d0f69d6a4651de60c9260d8f0f22d18b1520c25e25d86b5057?s=96&d=mm&r=g","caption":"Boutique Safinel"},"sameAs":["https:\/\/www.safinel.fr"],"url":"https:\/\/www.safinel.fr\/es\/author\/boutique-safinel\/"}]}},"_links":{"self":[{"href":"https:\/\/www.safinel.fr\/es\/wp-json\/wp\/v2\/posts\/6069","targetHints":{"allow":["GET"]}}],"collection":[{"href":"https:\/\/www.safinel.fr\/es\/wp-json\/wp\/v2\/posts"}],"about":[{"href":"https:\/\/www.safinel.fr\/es\/wp-json\/wp\/v2\/types\/post"}],"author":[{"embeddable":true,"href":"https:\/\/www.safinel.fr\/es\/wp-json\/wp\/v2\/users\/1"}],"replies":[{"embeddable":true,"href":"https:\/\/www.safinel.fr\/es\/wp-json\/wp\/v2\/comments?post=6069"}],"version-history":[{"count":1,"href":"https:\/\/www.safinel.fr\/es\/wp-json\/wp\/v2\/posts\/6069\/revisions"}],"predecessor-version":[{"id":6071,"href":"https:\/\/www.safinel.fr\/es\/wp-json\/wp\/v2\/posts\/6069\/revisions\/6071"}],"wp:featuredmedia":[{"embeddable":true,"href":"https:\/\/www.safinel.fr\/es\/wp-json\/wp\/v2\/media\/6070"}],"wp:attachment":[{"href":"https:\/\/www.safinel.fr\/es\/wp-json\/wp\/v2\/media?parent=6069"}],"wp:term":[{"taxonomy":"category","embeddable":true,"href":"https:\/\/www.safinel.fr\/es\/wp-json\/wp\/v2\/categories?post=6069"},{"taxonomy":"post_tag","embeddable":true,"href":"https:\/\/www.safinel.fr\/es\/wp-json\/wp\/v2\/tags?post=6069"}],"curies":[{"name":"wp","href":"https:\/\/api.w.org\/{rel}","templated":true}]}}