{"id":5587,"date":"2023-04-19T16:04:28","date_gmt":"2023-04-19T16:04:28","guid":{"rendered":"https:\/\/www.safinel.fr\/?p=5587"},"modified":"2023-04-20T17:41:27","modified_gmt":"2023-04-20T17:41:27","slug":"aclaracion-del-cabello","status":"publish","type":"post","link":"https:\/\/www.safinel.fr\/es\/aclaracion-del-cabello\/","title":{"rendered":"Aclarado del cabello: un m\u00e9todo natural para realzar tus rizos"},"content":{"rendered":"<p>\u00bfCansado de un cabello apagado y sin vida? \u00bfBuscas una soluci\u00f3n natural para darle un impulso a tu cabello? <strong><a href=\"https:\/\/www.safinel.fr\/es\/rutina-para-cabello-ondulado\/\">bucles<\/a><\/strong> ? Descubra la clarificaci\u00f3n capilar, un m\u00e9todo suave y eficaz para desintoxicar, revitalizar y realzar su cabello, ya sea encrespado, rizado o te\u00f1ido.<\/p>\n\n\n\n<p>En este art\u00edculo, <strong>te contamos los beneficios de la aclaraci\u00f3n y los diferentes m\u00e9todos para aclarar el cabello, especialmente con arcilla<\/strong>, Tambi\u00e9n encontrar\u00e1s consejos para adaptar este tratamiento a las necesidades espec\u00edficas de tu cabello.<\/p>\n\n\n\n<h2 class=\"wp-block-heading\" id=\"h-qu-est-ce-que-la-clarification-des-cheveux\"><strong>\u00bfQu\u00e9 es la aclaraci\u00f3n capilar?<\/strong><\/h2>\n\n\n\n<p>Clarificaci\u00f3n es un tratamiento capilar destinado a eliminar las impurezas, los residuos de productos de peinado, la contaminaci\u00f3n y la cal del cabello y el cuero cabelludo. Desintoxica el cabello, haci\u00e9ndolo m\u00e1s ligero, brillante e hidratado. La clarificaci\u00f3n es especialmente beneficiosa para el cabello encrespado y rizado, que tiende a ser seco y fr\u00e1gil.<\/p>\n\n\n\n<h2 class=\"wp-block-heading\" id=\"h-les-bienfaits-de-la-clarification-des-cheveux\"><strong>Los beneficios de la clarificaci\u00f3n capilar<\/strong><\/h2>\n\n\n\n<p><strong>La clarificaci\u00f3n ofrece una serie de ventajas:<\/strong><\/p>\n\n\n\n<ul class=\"wp-block-list\">\n<li><strong>Desintoxica<\/strong>\u00a0Purifica el cabello y el cuero cabelludo eliminando las impurezas.<\/li>\n\n\n\n<li><strong>Revitalice<\/strong>\u00a0Devuelve ligereza y vitalidad al cabello.<\/li>\n\n\n\n<li><strong>Hidrata<\/strong>\u00a0Clarificaci\u00f3n: al eliminar los residuos que obstruyen las escamas del cabello e impiden que penetre la hidrataci\u00f3n, la clarificaci\u00f3n ayuda a que las cremas hidratantes se absorban mejor.<\/li>\n\n\n\n<li><strong>Mejora el aspecto de los rizos<\/strong>\u00a0Al eliminar los residuos, el cabello recupera su flexibilidad natural y los rizos quedan m\u00e1s definidos y el\u00e1sticos.<\/li>\n\n\n\n<li><strong>Previene los problemas capilares<\/strong>\u00a0Un cuero cabelludo limpio y purificado es menos propenso a los picores, la irritaci\u00f3n y la caspa.<\/li>\n<\/ul>\n\n\n\n<h2 class=\"wp-block-heading\" id=\"h-clarification-des-cheveux-cr-pus-et-boucl-s\"><strong>Aclarar el cabello encrespado y rizado<\/strong><\/h2>\n\n\n\n<p>El m\u00e9todo de aclarado est\u00e1 especialmente indicado para cabellos encrespados y rizados. Estos tipos de cabello tienden a ser secos y fr\u00e1giles, por lo que requieren cuidados espec\u00edficos para nutrirlos y protegerlos. <\/p>\n\n\n\n<p><strong>La clarificaci\u00f3n del cabello permite :<\/strong><\/p>\n\n\n\n<ul class=\"wp-block-list\">\n<li><strong>Limpieza profunda<\/strong>\u00a0El cabello rizado y encrespado acumula m\u00e1s productos de peinado que el liso, lo que puede asfixiar el cuero cabelludo y apelmazar el cabello.<\/li>\n\n\n\n<li><strong>Rizos revitalizantes<\/strong>\u00a0Al eliminar los residuos, los rizos recuperan su movimiento natural y son m\u00e1s f\u00e1ciles de peinar.<\/li>\n\n\n\n<li><strong>Mejora la absorci\u00f3n de las cremas hidratantes<\/strong>\u00a0Un cabello limpio y purificado es m\u00e1s receptivo a los tratamientos hidratantes y nutritivos, esenciales para el cabello encrespado y rizado.<\/li>\n<\/ul>\n\n\n\n<h2 class=\"wp-block-heading\" id=\"h-les-m-thodes-de-clarification\"><strong>M\u00e9todos de clarificaci\u00f3n<\/strong><\/h2>\n\n\n\n<p>Existen varios m\u00e9todos de clarificaci\u00f3n adaptados a los distintos tipos de cabello:<\/p>\n\n\n\n<h3 class=\"wp-block-heading\" id=\"h-clarification-au-bicarbonate-de-soude\"><strong>Clarificaci\u00f3n con bicarbonato de sodio<\/strong><\/h3>\n\n\n\n<p>Este m\u00e9todo consiste en :<\/p>\n\n\n\n<ul class=\"wp-block-list\">\n<li>Mezcla bicarbonato de sodio con agua tibia y apl\u00edcalo sobre el cabello h\u00famedo. <\/li>\n\n\n\n<li>Dejar actuar unos minutos y aclarar con abundante agua limpia. <\/li>\n\n\n\n<li>Por \u00faltimo, utiliza un acondicionador hidratante para evitar que el bicarbonato de sodio reseque tu cabello.<\/li>\n<\/ul>\n\n\n\n<h3 class=\"wp-block-heading\" id=\"h-clarification-au-vinaigre-de-cidre\"><strong>Clarificaci\u00f3n con vinagre de sidra<\/strong><\/h3>\n\n\n\n<ul class=\"wp-block-list\">\n<li>Mezcla vinagre de sidra con agua tibia y vi\u00e9rtelo sobre el pelo mojado. <\/li>\n\n\n\n<li>Masajear suavemente la mezcla en el cuero cabelludo para distribuirla uniformemente y dejar actuar unos minutos. <\/li>\n\n\n\n<li>A continuaci\u00f3n, aclare abundantemente con agua limpia.<\/li>\n<\/ul>\n\n\n\n<h3 class=\"wp-block-heading\" id=\"h-clarification-l-argile\"><strong>Clarificaci\u00f3n con arcilla<\/strong><\/h3>\n\n\n\n<p>El uso de arcilla blanca o rhassoul es un m\u00e9todo clarificante especialmente adecuado para el cabello rizado y encrespado, ya que purifica suavemente el cabello al tiempo que conserva su hidrataci\u00f3n natural. <\/p>\n\n\n\n<ul class=\"wp-block-list\">\n<li>Para ello, mezcla la arcilla con agua tibia hasta obtener una pasta homog\u00e9nea. <\/li>\n\n\n\n<li>Aplicar esta pasta sobre el cabello h\u00famedo, insistiendo en el cuero cabelludo y los largos.<\/li>\n\n\n\n<li>Dejar actuar de 15 a 30 minutos y aclarar abundantemente.<\/li>\n<\/ul>\n\n\n\n<h2 class=\"wp-block-heading\" id=\"h-conseils-pour-adapter-la-clarification-vos-cheveux-color-s\"><strong>Consejos para adaptar la aclaraci\u00f3n a tu cabello te\u00f1ido<\/strong><\/h2>\n\n\n\n<p>La clarificaci\u00f3n puede realizarse en cabellos te\u00f1idos, siempre que se tomen algunas precauciones:<\/p>\n\n\n\n<ul class=\"wp-block-list\">\n<li><strong>Espaciar las sesiones de aclaraci\u00f3n<\/strong>\u00a0Para evitar una coloraci\u00f3n excesiva del cabello, espacie las aclaraciones al menos tres semanas.<\/li>\n\n\n\n<li><strong>Utilizar productos suaves<\/strong>\u00a0Para cabellos te\u00f1idos: opta por m\u00e9todos a base de arcilla o vinagre de sidra. Son menos agresivos para el cabello te\u00f1ido que el bicarbonato s\u00f3dico.<\/li>\n\n\n\n<li><strong>Acu\u00e9rdate de nutrir tu cabello despu\u00e9s de la aclaraci\u00f3n<\/strong>\u00a0Aplique un tratamiento hidratante y nutritivo especialmente dise\u00f1ado para cabellos te\u00f1idos. Esto preservar\u00e1 el color y el brillo del cabello.<\/li>\n<\/ul>\n\n\n\n<h3 class=\"wp-block-heading\" id=\"h-en-r-sum\"><strong>En pocas palabras<\/strong><\/h3>\n\n\n\n<p>La clarificaci\u00f3n capilar es un m\u00e9todo natural y eficaz para desintoxicar, revitalizar y realzar el cabello. Adecuado para cabellos encrespados, rizados y te\u00f1idos. Elimina impurezas y residuos que asfixian el cuero cabelludo y apelmazan el cabello. <\/p>\n\n\n\n<p>Con arcilla blanca o rhassoul. Puedes limpiar suavemente tu cabello preservando su hidrataci\u00f3n. <\/p>\n\n\n\n<p>As\u00ed que no esperes m\u00e1s para revitalizar tus rizos.<\/p>\n\n\n\n<div class=\"woocommerce columns-3\"><div class=\"products row row-small large-columns-3 medium-columns-3 small-columns-2\">\n<div class=\"product-small col has-hover product type-product post-2125 status-publish first instock product_cat-nila product_cat-poudre-cheveux-ayurvedique product_cat-produits-naturels-divers has-post-thumbnail shipping-taxable purchasable product-type-variable\">\n\t<div class=\"col-inner\">\n\t\n<div class=\"badge-container absolute left top z-1\">\n\n<\/div>\n\t<div class=\"product-small box\">\n\t\t<div class=\"box-image\">\n\t\t\t<div class=\"image-none\">\n\t\t\t\t<a href=\"https:\/\/www.safinel.fr\/es\/product-2\/polvo-de-nila\/\" aria-label=\"Polvo de Nila\">\n\t\t\t\t\t<img decoding=\"async\" width=\"600\" height=\"600\" src=\"https:\/\/www.safinel.fr\/wp-content\/uploads\/2022\/08\/poudre-de-nila-1.jpg\" class=\"attachment-woocommerce_thumbnail size-woocommerce_thumbnail\" alt=\"Polvo de Nila\" srcset=\"https:\/\/www.safinel.fr\/wp-content\/uploads\/2022\/08\/poudre-de-nila-1.jpg 600w, https:\/\/www.safinel.fr\/wp-content\/uploads\/2022\/08\/poudre-de-nila-1-100x100.jpg 100w, https:\/\/www.safinel.fr\/wp-content\/uploads\/2022\/08\/poudre-de-nila-1-400x400.jpg 400w, https:\/\/www.safinel.fr\/wp-content\/uploads\/2022\/08\/poudre-de-nila-1-280x280.jpg 280w, https:\/\/www.safinel.fr\/wp-content\/uploads\/2022\/08\/poudre-de-nila-1-300x300.jpg 300w\" sizes=\"(max-width: 600px) 100vw, 600px\" \/>\t\t\t\t<\/a>\n\t\t\t<\/div>\n\t\t\t<div class=\"image-tools is-small top right show-on-hover\">\n\t\t\t\t\t\t\t<\/div>\n\t\t\t<div class=\"image-tools is-small hide-for-small bottom left show-on-hover\">\n\t\t\t\t\t\t\t<\/div>\n\t\t\t<div class=\"image-tools grid-tools text-center hide-for-small bottom hover-slide-in show-on-hover\">\n\t\t\t\t<a href=\"#quick-view\" class=\"quick-view\" role=\"button\" data-prod=\"2125\" aria-haspopup=\"dialog\" aria-expanded=\"false\" data-flatsome-role-button>Vista R\u00e1pida<\/a>\t\t\t<\/div>\n\t\t\t\t\t<\/div>\n\n\t\t<div class=\"box-text box-text-products text-center grid-style-2\">\n\t\t\t<div class=\"title-wrapper\">\t\t<p class=\"category uppercase is-smaller no-text-overflow product-cat op-8\">\n\t\t\tNila\t\t<\/p>\n\t<p class=\"name product-title woocommerce-loop-product__title\"><a href=\"https:\/\/www.safinel.fr\/es\/product-2\/polvo-de-nila\/\" class=\"woocommerce-LoopProduct-link woocommerce-loop-product__link\">Polvo de Nila<\/a><\/p><\/div><div class=\"price-wrapper\">\n\t<span class=\"price\"><span class=\"woocommerce-Price-amount amount\" aria-hidden=\"true\"><bdi>10,99<span class=\"woocommerce-Price-currencySymbol\">&euro;<\/span><\/bdi><\/span> <span aria-hidden=\"true\">-<\/span> <span class=\"woocommerce-Price-amount amount\" aria-hidden=\"true\"><bdi>13,99<span class=\"woocommerce-Price-currencySymbol\">&euro;<\/span><\/bdi><\/span><span class=\"screen-reader-text\" data-no-translation=\"\" data-trp-gettext=\"\">Gama de precios: 10,99&euro; a 13,99&euro;<\/span><\/span>\n<\/div><div class=\"add-to-cart-button\"><a href=\"https:\/\/www.safinel.fr\/es\/product-2\/polvo-de-nila\/\" aria-describedby=\"woocommerce_loop_add_to_cart_link_describedby_2125\" data-quantity=\"1\" class=\"primary is-small mb-0 button product_type_variable add_to_cart_button is-outline\" data-product_id=\"2125\" data-product_sku=\"SAF-REF-228\" aria-label=\"Seleccione opciones para \u201cPoudre de nila\u201d\" rel=\"nofollow\" data-no-translation=\"\" data-trp-gettext=\"\" data-no-translation-aria-label=\"\">Seleccionar opciones<\/a><\/div>\t<span id=\"woocommerce_loop_add_to_cart_link_describedby_2125\" class=\"screen-reader-text\">\n\t\tEste producto tiene m\u00faltiples variantes. Las opciones se pueden elegir en la p\u00e1gina del producto\t<\/span>\n\t\t<\/div>\n\t<\/div>\n\t\t<\/div>\n<\/div><div class=\"product-small col has-hover product type-product post-188 status-publish instock product_cat-plantes-medicinales product_cat-poudre-cheveux-ayurvedique has-post-thumbnail shipping-taxable purchasable product-type-simple\">\n\t<div class=\"col-inner\">\n\t\n<div class=\"badge-container absolute left top z-1\">\n\n<\/div>\n\t<div class=\"product-small box\">\n\t\t<div class=\"box-image\">\n\t\t\t<div class=\"image-none\">\n\t\t\t\t<a href=\"https:\/\/www.safinel.fr\/es\/product-2\/kapoor-kachli\/\" aria-label=\"Kapoor Kachli 100g\">\n\t\t\t\t\t<img decoding=\"async\" width=\"600\" height=\"600\" src=\"https:\/\/www.safinel.fr\/wp-content\/uploads\/2021\/07\/kapoor-600x600.jpg\" class=\"attachment-woocommerce_thumbnail size-woocommerce_thumbnail\" alt=\"Kapoor Kachli en polvo\" srcset=\"https:\/\/www.safinel.fr\/wp-content\/uploads\/2021\/07\/kapoor-600x600.jpg 600w, https:\/\/www.safinel.fr\/wp-content\/uploads\/2021\/07\/kapoor-100x100.jpg 100w, https:\/\/www.safinel.fr\/wp-content\/uploads\/2021\/07\/kapoor-400x400.jpg 400w, https:\/\/www.safinel.fr\/wp-content\/uploads\/2021\/07\/kapoor-800x800.jpg 800w, https:\/\/www.safinel.fr\/wp-content\/uploads\/2021\/07\/kapoor-280x280.jpg 280w, https:\/\/www.safinel.fr\/wp-content\/uploads\/2021\/07\/kapoor-768x768.jpg 768w, https:\/\/www.safinel.fr\/wp-content\/uploads\/2021\/07\/kapoor-300x300.jpg 300w, https:\/\/www.safinel.fr\/wp-content\/uploads\/2021\/07\/kapoor.jpg 1001w\" sizes=\"(max-width: 600px) 100vw, 600px\" \/>\t\t\t\t<\/a>\n\t\t\t<\/div>\n\t\t\t<div class=\"image-tools is-small top right show-on-hover\">\n\t\t\t\t\t\t\t<\/div>\n\t\t\t<div class=\"image-tools is-small hide-for-small bottom left show-on-hover\">\n\t\t\t\t\t\t\t<\/div>\n\t\t\t<div class=\"image-tools grid-tools text-center hide-for-small bottom hover-slide-in show-on-hover\">\n\t\t\t\t<a href=\"#quick-view\" class=\"quick-view\" role=\"button\" data-prod=\"188\" aria-haspopup=\"dialog\" aria-expanded=\"false\" data-flatsome-role-button>Vista R\u00e1pida<\/a>\t\t\t<\/div>\n\t\t\t\t\t<\/div>\n\n\t\t<div class=\"box-text box-text-products text-center grid-style-2\">\n\t\t\t<div class=\"title-wrapper\">\t\t<p class=\"category uppercase is-smaller no-text-overflow product-cat op-8\">\n\t\t\tPlantas medicinales (planta africana)\t\t<\/p>\n\t<p class=\"name product-title woocommerce-loop-product__title\"><a href=\"https:\/\/www.safinel.fr\/es\/product-2\/kapoor-kachli\/\" class=\"woocommerce-LoopProduct-link woocommerce-loop-product__link\">Kapoor Kachli 100g<\/a><\/p><\/div><div class=\"price-wrapper\"><style>\n\t.steavisgarantisStar svg.note g{ fill: #f5d700 !important;}\n\t.steavisgarantisStats .item .name { color:  #f5d700 !important;}\n\t.steavisgarantisStats .item .stat .note { background:  #f5d700 !important;}\n<\/style>\n<div class=\"categoryStarsMain steavisgarantisStar\">\n    <div class=\"categoryStars\">\n\t\t\t<span><\/span>\n\t\t\t<div class=\"animate\" style=\"width:100%;overflow:hidden;height:30px !important;position:relative;\">\n\t\t\t\t<svg class=\"note\" version=\"1.0\" xmlns=\"http:\/\/www.w3.org\/2000\/svg\"\n\t\t\t\t\t width=\"250.000000pt\" height=\"68.000000pt\" viewbox=\"0 0 250.000000 68.000000\"\n\t\t\t\t\t preserveaspectratio=\"xMidYMid meet\">\n\t\t\t\t\t\t<g fill=\"rgba(250,0,0,1)\">\n\t\t\t\t\t\t\t<path d=\"M 16.02 28.17   L 22.31 11.82   A 0.34 0.34 0.0 0 1 22.95 11.82   L 29.11 28.05   A 0.34 0.34 0.0 0 0 29.43 28.27   L 43.29 28.24   A 0.34 0.34 0.0 0 1 43.53 28.82   L 32.81 39.62   A 0.34 0.34 0.0 0 0 32.73 39.97   L 38.17 56.11   A 0.34 0.34 0.0 0 1 37.67 56.51   L 22.84 47.29   A 0.34 0.34 0.0 0 0 22.48 47.29   L 7.31 56.49   A 0.34 0.34 0.0 0 1 6.81 56.09   L 12.27 40.15   A 0.34 0.34 0.0 0 0 12.19 39.80   L 1.50 28.79   A 0.34 0.34 0.0 0 1 1.75 28.21   L 15.69 28.39   A 0.34 0.34 0.0 0 0 16.02 28.17   Z\"\/>\n\t\t\t\t\t\t\t<path d=\"M 79.28 28.29   L 93.14 28.22   A 0.34 0.34 0.0 0 1 93.38 28.80   L 82.66 39.66   A 0.34 0.34 0.0 0 0 82.58 40.01   L 88.04 56.15   A 0.34 0.34 0.0 0 1 87.54 56.55   L 72.70 47.28   A 0.34 0.34 0.0 0 0 72.34 47.28   L 57.15 56.50   A 0.34 0.34 0.0 0 1 56.65 56.10   L 62.13 40.14   A 0.34 0.34 0.0 0 0 62.05 39.79   L 51.34 28.78   A 0.34 0.34 0.0 0 1 51.59 28.20   L 65.53 28.40   A 0.34 0.34 0.0 0 0 65.86 28.18   L 72.17 11.87   A 0.34 0.34 0.0 0 1 72.80 11.87   L 78.96 28.07   A 0.34 0.34 0.0 0 0 79.28 28.29   Z\"\/>\n\t\t\t\t\t\t\t<path d=\"M 129.12 28.28   L 142.99 28.23   A 0.34 0.34 0.0 0 1 143.23 28.81   L 132.51 39.64   A 0.34 0.34 0.0 0 0 132.43 39.99   L 137.90 56.14   A 0.34 0.34 0.0 0 1 137.39 56.54   L 122.57 47.30   A 0.34 0.34 0.0 0 0 122.21 47.30   L 107.02 56.48   A 0.34 0.34 0.0 0 1 106.52 56.08   L 111.97 40.14   A 0.34 0.34 0.0 0 0 111.89 39.79   L 101.22 28.79   A 0.34 0.34 0.0 0 1 101.47 28.21   L 115.40 28.39   A 0.34 0.34 0.0 0 0 115.73 28.17   L 122.03 11.80   A 0.34 0.34 0.0 0 1 122.66 11.80   L 128.80 28.06   A 0.34 0.34 0.0 0 0 129.12 28.28   Z\"\/>\n\t\t\t\t\t\t\t<path d=\"M 178.98 28.27   L 192.81 28.24   A 0.34 0.34 0.0 0 1 193.06 28.82   L 182.39 39.63   A 0.34 0.34 0.0 0 0 182.31 39.98   L 187.74 56.13   A 0.34 0.34 0.0 0 1 187.24 56.53   L 172.41 47.29   A 0.34 0.34 0.0 0 0 172.05 47.29   L 156.88 56.48   A 0.34 0.34 0.0 0 1 156.38 56.07   L 161.83 40.13   A 0.34 0.34 0.0 0 0 161.75 39.78   L 151.05 28.79   A 0.34 0.34 0.0 0 1 151.30 28.21   L 165.26 28.39   A 0.34 0.34 0.0 0 0 165.58 28.17   L 171.86 11.80   A 0.34 0.34 0.0 0 1 172.50 11.80   L 178.66 28.05   A 0.34 0.34 0.0 0 0 178.98 28.27   Z\"\/>\n\t\t\t\t\t\t\t<path d=\"M 220.13 27.69   L 226.23 12.00   Q 226.58 11.10 226.92 12.00   L 232.93 27.72   Q 233.14 28.26 233.72 28.26   L 247.19 28.27   Q 247.99 28.27 247.43 28.84   L 237.01 39.40   A 0.90 0.89 58.3 0 0 236.80 40.32   L 242.11 56.20   Q 242.35 56.94 241.69 56.53   L 227.01 47.45   Q 226.61 47.21 226.22 47.44   L 211.29 56.43   Q 210.52 56.89 210.81 56.04   L 216.12 40.39   Q 216.27 39.94 215.94 39.60   L 205.48 28.80   Q 204.93 28.23 205.72 28.24   L 219.11 28.37   Q 219.86 28.38 220.13 27.69   Z\"\/>\n\t\t\t\t\t\t<\/g>\n\t\t\t\t<\/svg>\n\t\t\t<\/div>\n    <\/div>\n    <div class=\"categoryStarsStr\">1 nota<\/div>\n<\/div>\n\t<span class=\"price\"><span class=\"woocommerce-Price-amount amount\"><bdi>9,90<span class=\"woocommerce-Price-currencySymbol\">\u20ac<\/span><\/bdi><\/span><\/span>\n<\/div><div class=\"add-to-cart-button\"><a href=\"\/es\/wp-json\/wp\/v2\/posts\/5587?add-to-cart=188\" aria-describedby=\"woocommerce_loop_add_to_cart_link_describedby_188\" data-quantity=\"1\" class=\"primary is-small mb-0 button product_type_simple add_to_cart_button ajax_add_to_cart is-outline\" data-product_id=\"188\" data-product_sku=\"SAF-REF-40\" aria-label=\"A\u00f1adir a la cesta: \u201cKapoor Kachli 100g\u201d\" rel=\"nofollow\" data-success_message=\"\u201cKapoor Kachli 100g\u201d se ha a\u00f1adido a tu carrito\" role=\"button\" data-no-translation=\"\" data-trp-gettext=\"\" data-no-translation-aria-label=\"\" data-no-translation-data-success_message=\"\">A\u00f1adir a la cesta<\/a><\/div>\t<span id=\"woocommerce_loop_add_to_cart_link_describedby_188\" class=\"screen-reader-text\">\n\t\t\t<\/span>\n\t\t<\/div>\n\t<\/div>\n\t\t<\/div>\n<\/div><div class=\"product-small col has-hover product type-product post-207 status-publish last instock product_cat-plantes-medicinales product_cat-poudre-cheveux-ayurvedique has-post-thumbnail shipping-taxable purchasable product-type-simple\">\n\t<div class=\"col-inner\">\n\t\n<div class=\"badge-container absolute left top z-1\">\n\n<\/div>\n\t<div class=\"product-small box\">\n\t\t<div class=\"box-image\">\n\t\t\t<div class=\"image-none\">\n\t\t\t\t<a href=\"https:\/\/www.safinel.fr\/es\/product-2\/bhringaraj-polvo-100g\/\" aria-label=\"Bhringaraj en polvo 100g\">\n\t\t\t\t\t<img decoding=\"async\" width=\"600\" height=\"600\" src=\"https:\/\/www.safinel.fr\/wp-content\/uploads\/2021\/07\/bringharaj-600x600.jpg\" class=\"attachment-woocommerce_thumbnail size-woocommerce_thumbnail\" alt=\"Polvo Bhringaraj\" srcset=\"https:\/\/www.safinel.fr\/wp-content\/uploads\/2021\/07\/bringharaj-600x600.jpg 600w, https:\/\/www.safinel.fr\/wp-content\/uploads\/2021\/07\/bringharaj-100x100.jpg 100w, https:\/\/www.safinel.fr\/wp-content\/uploads\/2021\/07\/bringharaj-400x400.jpg 400w, https:\/\/www.safinel.fr\/wp-content\/uploads\/2021\/07\/bringharaj-800x800.jpg 800w, https:\/\/www.safinel.fr\/wp-content\/uploads\/2021\/07\/bringharaj-280x280.jpg 280w, https:\/\/www.safinel.fr\/wp-content\/uploads\/2021\/07\/bringharaj-768x768.jpg 768w, https:\/\/www.safinel.fr\/wp-content\/uploads\/2021\/07\/bringharaj-300x300.jpg 300w, https:\/\/www.safinel.fr\/wp-content\/uploads\/2021\/07\/bringharaj.jpg 1001w\" sizes=\"(max-width: 600px) 100vw, 600px\" \/>\t\t\t\t<\/a>\n\t\t\t<\/div>\n\t\t\t<div class=\"image-tools is-small top right show-on-hover\">\n\t\t\t\t\t\t\t<\/div>\n\t\t\t<div class=\"image-tools is-small hide-for-small bottom left show-on-hover\">\n\t\t\t\t\t\t\t<\/div>\n\t\t\t<div class=\"image-tools grid-tools text-center hide-for-small bottom hover-slide-in show-on-hover\">\n\t\t\t\t<a href=\"#quick-view\" class=\"quick-view\" role=\"button\" data-prod=\"207\" aria-haspopup=\"dialog\" aria-expanded=\"false\" data-flatsome-role-button>Vista R\u00e1pida<\/a>\t\t\t<\/div>\n\t\t\t\t\t<\/div>\n\n\t\t<div class=\"box-text box-text-products text-center grid-style-2\">\n\t\t\t<div class=\"title-wrapper\">\t\t<p class=\"category uppercase is-smaller no-text-overflow product-cat op-8\">\n\t\t\tPlantas medicinales (planta africana)\t\t<\/p>\n\t<p class=\"name product-title woocommerce-loop-product__title\"><a href=\"https:\/\/www.safinel.fr\/es\/product-2\/bhringaraj-polvo-100g\/\" class=\"woocommerce-LoopProduct-link woocommerce-loop-product__link\">Bhringaraj en polvo 100g<\/a><\/p><\/div><div class=\"price-wrapper\">\n\t<span class=\"price\"><span class=\"woocommerce-Price-amount amount\"><bdi>9,90<span class=\"woocommerce-Price-currencySymbol\">\u20ac<\/span><\/bdi><\/span><\/span>\n<\/div><div class=\"add-to-cart-button\"><a href=\"\/es\/wp-json\/wp\/v2\/posts\/5587?add-to-cart=207\" aria-describedby=\"woocommerce_loop_add_to_cart_link_describedby_207\" data-quantity=\"1\" class=\"primary is-small mb-0 button product_type_simple add_to_cart_button ajax_add_to_cart is-outline\" data-product_id=\"207\" data-product_sku=\"SAF-REF-42\" aria-label=\"A\u00f1adir a la cesta: \u201cBhringaraj en poudre 100g\u201d\" rel=\"nofollow\" data-success_message=\"\u201cBhringaraj en poudre 100g\u201d se ha a\u00f1adido a tu carrito\" role=\"button\" data-no-translation=\"\" data-trp-gettext=\"\" data-no-translation-aria-label=\"\" data-no-translation-data-success_message=\"\">A\u00f1adir a la cesta<\/a><\/div>\t<span id=\"woocommerce_loop_add_to_cart_link_describedby_207\" class=\"screen-reader-text\">\n\t\t\t<\/span>\n\t\t<\/div>\n\t<\/div>\n\t\t<\/div>\n<\/div><\/div><!-- row -->\n<\/div>","protected":false},"excerpt":{"rendered":"<p>\u00bfCansada de un cabello apagado y sin vida? \u00bfBuscas una soluci\u00f3n natural para revitalizar tus rizos? Descubre la clarificaci\u00f3n capilar, un m\u00e9todo suave y eficaz para desintoxicar, revitalizar y realzar tu cabello, ya sea encrespado, rizado o te\u00f1ido. En este art\u00edculo, te contamos los beneficios de [...]","protected":false},"author":1,"featured_media":5588,"comment_status":"closed","ping_status":"closed","sticky":false,"template":"","format":"standard","meta":{"footnotes":""},"categories":[1],"tags":[],"class_list":["post-5587","post","type-post","status-publish","format-standard","has-post-thumbnail","hentry","category-divers"],"yoast_head":"<!-- This site is optimized with the Yoast SEO plugin v26.6 - https:\/\/yoast.com\/wordpress\/plugins\/seo\/ -->\n<title>Clarification cheveux I Le guide pratique \u00e0 conna\u00eetre en 2023<\/title>\n<meta name=\"description\" content=\"D\u00e9couvrez la\u00a0clarification cheveux, une m\u00e9thode douce et efficace pour d\u00e9toxifier, revitaliser et sublimer vos cheveux.\" \/>\n<meta name=\"robots\" content=\"index, follow, max-snippet:-1, max-image-preview:large, max-video-preview:-1\" \/>\n<link rel=\"canonical\" href=\"https:\/\/www.safinel.fr\/es\/aclaracion-del-cabello\/\" \/>\n<meta property=\"og:locale\" content=\"es_ES\" \/>\n<meta property=\"og:type\" content=\"article\" \/>\n<meta property=\"og:title\" content=\"Clarification cheveux I Le guide pratique \u00e0 conna\u00eetre en 2023\" \/>\n<meta property=\"og:description\" content=\"D\u00e9couvrez la\u00a0clarification cheveux, une m\u00e9thode douce et efficace pour d\u00e9toxifier, revitaliser et sublimer vos cheveux.\" \/>\n<meta property=\"og:url\" content=\"https:\/\/www.safinel.fr\/es\/aclaracion-del-cabello\/\" \/>\n<meta property=\"og:site_name\" content=\"Safinel\" \/>\n<meta property=\"article:published_time\" content=\"2023-04-19T16:04:28+00:00\" \/>\n<meta property=\"article:modified_time\" content=\"2023-04-20T17:41:27+00:00\" \/>\n<meta property=\"og:image\" content=\"https:\/\/www.safinel.fr\/wp-content\/uploads\/2023\/04\/clarification-cheveux.jpg\" \/>\n\t<meta property=\"og:image:width\" content=\"1100\" \/>\n\t<meta property=\"og:image:height\" content=\"578\" \/>\n\t<meta property=\"og:image:type\" content=\"image\/jpeg\" \/>\n<meta name=\"author\" content=\"Boutique Safinel\" \/>\n<meta name=\"twitter:card\" content=\"summary_large_image\" \/>\n<meta name=\"twitter:label1\" content=\"Escrito por\" \/>\n\t<meta name=\"twitter:data1\" content=\"Boutique Safinel\" \/>\n\t<meta name=\"twitter:label2\" content=\"Tiempo de lectura\" \/>\n\t<meta name=\"twitter:data2\" content=\"4 minutos\" \/>\n<script type=\"application\/ld+json\" class=\"yoast-schema-graph\">{\"@context\":\"https:\/\/schema.org\",\"@graph\":[{\"@type\":\"Article\",\"@id\":\"https:\/\/www.safinel.fr\/clarification-cheveux\/#article\",\"isPartOf\":{\"@id\":\"https:\/\/www.safinel.fr\/clarification-cheveux\/\"},\"author\":{\"name\":\"Boutique Safinel\",\"@id\":\"https:\/\/www.safinel.fr\/#\/schema\/person\/721a83294300152db59954bbb2f0fcc5\"},\"headline\":\"La clarification des cheveux : une m\u00e9thode naturelle pour sublimer vos boucles\",\"datePublished\":\"2023-04-19T16:04:28+00:00\",\"dateModified\":\"2023-04-20T17:41:27+00:00\",\"mainEntityOfPage\":{\"@id\":\"https:\/\/www.safinel.fr\/clarification-cheveux\/\"},\"wordCount\":876,\"publisher\":{\"@id\":\"https:\/\/www.safinel.fr\/#organization\"},\"image\":{\"@id\":\"https:\/\/www.safinel.fr\/clarification-cheveux\/#primaryimage\"},\"thumbnailUrl\":\"https:\/\/www.safinel.fr\/wp-content\/uploads\/2023\/04\/clarification-cheveux.jpg\",\"articleSection\":[\"Divers\"],\"inLanguage\":\"es\"},{\"@type\":\"WebPage\",\"@id\":\"https:\/\/www.safinel.fr\/clarification-cheveux\/\",\"url\":\"https:\/\/www.safinel.fr\/clarification-cheveux\/\",\"name\":\"Clarification cheveux I Le guide pratique \u00e0 conna\u00eetre en 2023\",\"isPartOf\":{\"@id\":\"https:\/\/www.safinel.fr\/#website\"},\"primaryImageOfPage\":{\"@id\":\"https:\/\/www.safinel.fr\/clarification-cheveux\/#primaryimage\"},\"image\":{\"@id\":\"https:\/\/www.safinel.fr\/clarification-cheveux\/#primaryimage\"},\"thumbnailUrl\":\"https:\/\/www.safinel.fr\/wp-content\/uploads\/2023\/04\/clarification-cheveux.jpg\",\"datePublished\":\"2023-04-19T16:04:28+00:00\",\"dateModified\":\"2023-04-20T17:41:27+00:00\",\"description\":\"D\u00e9couvrez la\u00a0clarification cheveux, une m\u00e9thode douce et efficace pour d\u00e9toxifier, revitaliser et sublimer vos cheveux.\",\"breadcrumb\":{\"@id\":\"https:\/\/www.safinel.fr\/clarification-cheveux\/#breadcrumb\"},\"inLanguage\":\"es\",\"potentialAction\":[{\"@type\":\"ReadAction\",\"target\":[\"https:\/\/www.safinel.fr\/clarification-cheveux\/\"]}]},{\"@type\":\"ImageObject\",\"inLanguage\":\"es\",\"@id\":\"https:\/\/www.safinel.fr\/clarification-cheveux\/#primaryimage\",\"url\":\"https:\/\/www.safinel.fr\/wp-content\/uploads\/2023\/04\/clarification-cheveux.jpg\",\"contentUrl\":\"https:\/\/www.safinel.fr\/wp-content\/uploads\/2023\/04\/clarification-cheveux.jpg\",\"width\":1100,\"height\":578,\"caption\":\"La clarification des cheveux : une m\u00e9thode naturelle pour sublimer vos boucles\"},{\"@type\":\"BreadcrumbList\",\"@id\":\"https:\/\/www.safinel.fr\/clarification-cheveux\/#breadcrumb\",\"itemListElement\":[{\"@type\":\"ListItem\",\"position\":1,\"name\":\"Accueil\",\"item\":\"https:\/\/www.safinel.fr\/\"},{\"@type\":\"ListItem\",\"position\":2,\"name\":\"La clarification des cheveux : une m\u00e9thode naturelle pour sublimer vos boucles\"}]},{\"@type\":\"WebSite\",\"@id\":\"https:\/\/www.safinel.fr\/#website\",\"url\":\"https:\/\/www.safinel.fr\/\",\"name\":\"Safinel\",\"description\":\"\",\"publisher\":{\"@id\":\"https:\/\/www.safinel.fr\/#organization\"},\"potentialAction\":[{\"@type\":\"SearchAction\",\"target\":{\"@type\":\"EntryPoint\",\"urlTemplate\":\"https:\/\/www.safinel.fr\/?s={search_term_string}\"},\"query-input\":{\"@type\":\"PropertyValueSpecification\",\"valueRequired\":true,\"valueName\":\"search_term_string\"}}],\"inLanguage\":\"es\"},{\"@type\":\"Organization\",\"@id\":\"https:\/\/www.safinel.fr\/#organization\",\"name\":\"Safinel\",\"url\":\"https:\/\/www.safinel.fr\/\",\"logo\":{\"@type\":\"ImageObject\",\"inLanguage\":\"es\",\"@id\":\"https:\/\/www.safinel.fr\/#\/schema\/logo\/image\/\",\"url\":\"https:\/\/www.safinel.fr\/wp-content\/uploads\/2021\/05\/boutique-cosmetique.png\",\"contentUrl\":\"https:\/\/www.safinel.fr\/wp-content\/uploads\/2021\/05\/boutique-cosmetique.png\",\"width\":800,\"height\":200,\"caption\":\"Safinel\"},\"image\":{\"@id\":\"https:\/\/www.safinel.fr\/#\/schema\/logo\/image\/\"}},{\"@type\":\"Person\",\"@id\":\"https:\/\/www.safinel.fr\/#\/schema\/person\/721a83294300152db59954bbb2f0fcc5\",\"name\":\"Boutique Safinel\",\"image\":{\"@type\":\"ImageObject\",\"inLanguage\":\"es\",\"@id\":\"https:\/\/www.safinel.fr\/#\/schema\/person\/image\/\",\"url\":\"https:\/\/secure.gravatar.com\/avatar\/f68981bb0c0938d0f69d6a4651de60c9260d8f0f22d18b1520c25e25d86b5057?s=96&d=mm&r=g\",\"contentUrl\":\"https:\/\/secure.gravatar.com\/avatar\/f68981bb0c0938d0f69d6a4651de60c9260d8f0f22d18b1520c25e25d86b5057?s=96&d=mm&r=g\",\"caption\":\"Boutique Safinel\"},\"sameAs\":[\"https:\/\/www.safinel.fr\"],\"url\":\"https:\/\/www.safinel.fr\/es\/author\/boutique-safinel\/\"}]}<\/script>\n<!-- \/ Yoast SEO plugin. -->","yoast_head_json":{"title":"Aclaraci\u00f3n capilar I La gu\u00eda pr\u00e1ctica que debes conocer en 2023","description":"Descubra la clarificaci\u00f3n capilar, un m\u00e9todo suave y eficaz para desintoxicar, revitalizar y realzar su cabello.","robots":{"index":"index","follow":"follow","max-snippet":"max-snippet:-1","max-image-preview":"max-image-preview:large","max-video-preview":"max-video-preview:-1"},"canonical":"https:\/\/www.safinel.fr\/es\/aclaracion-del-cabello\/","og_locale":"es_ES","og_type":"article","og_title":"Clarification cheveux I Le guide pratique \u00e0 conna\u00eetre en 2023","og_description":"D\u00e9couvrez la\u00a0clarification cheveux, une m\u00e9thode douce et efficace pour d\u00e9toxifier, revitaliser et sublimer vos cheveux.","og_url":"https:\/\/www.safinel.fr\/es\/aclaracion-del-cabello\/","og_site_name":"Safinel","article_published_time":"2023-04-19T16:04:28+00:00","article_modified_time":"2023-04-20T17:41:27+00:00","og_image":[{"width":1100,"height":578,"url":"https:\/\/www.safinel.fr\/wp-content\/uploads\/2023\/04\/clarification-cheveux.jpg","type":"image\/jpeg"}],"author":"Boutique Safinel","twitter_card":"summary_large_image","twitter_misc":{"Escrito por":"Boutique Safinel","Tiempo de lectura":"4 minutos"},"schema":{"@context":"https:\/\/schema.org","@graph":[{"@type":"Article","@id":"https:\/\/www.safinel.fr\/clarification-cheveux\/#article","isPartOf":{"@id":"https:\/\/www.safinel.fr\/clarification-cheveux\/"},"author":{"name":"Boutique Safinel","@id":"https:\/\/www.safinel.fr\/#\/schema\/person\/721a83294300152db59954bbb2f0fcc5"},"headline":"La clarification des cheveux : une m\u00e9thode naturelle pour sublimer vos boucles","datePublished":"2023-04-19T16:04:28+00:00","dateModified":"2023-04-20T17:41:27+00:00","mainEntityOfPage":{"@id":"https:\/\/www.safinel.fr\/clarification-cheveux\/"},"wordCount":876,"publisher":{"@id":"https:\/\/www.safinel.fr\/#organization"},"image":{"@id":"https:\/\/www.safinel.fr\/clarification-cheveux\/#primaryimage"},"thumbnailUrl":"https:\/\/www.safinel.fr\/wp-content\/uploads\/2023\/04\/clarification-cheveux.jpg","articleSection":["Divers"],"inLanguage":"es"},{"@type":"WebPage","@id":"https:\/\/www.safinel.fr\/clarification-cheveux\/","url":"https:\/\/www.safinel.fr\/clarification-cheveux\/","name":"Aclaraci\u00f3n capilar I La gu\u00eda pr\u00e1ctica que debes conocer en 2023","isPartOf":{"@id":"https:\/\/www.safinel.fr\/#website"},"primaryImageOfPage":{"@id":"https:\/\/www.safinel.fr\/clarification-cheveux\/#primaryimage"},"image":{"@id":"https:\/\/www.safinel.fr\/clarification-cheveux\/#primaryimage"},"thumbnailUrl":"https:\/\/www.safinel.fr\/wp-content\/uploads\/2023\/04\/clarification-cheveux.jpg","datePublished":"2023-04-19T16:04:28+00:00","dateModified":"2023-04-20T17:41:27+00:00","description":"Descubra la clarificaci\u00f3n capilar, un m\u00e9todo suave y eficaz para desintoxicar, revitalizar y realzar su cabello.","breadcrumb":{"@id":"https:\/\/www.safinel.fr\/clarification-cheveux\/#breadcrumb"},"inLanguage":"es","potentialAction":[{"@type":"ReadAction","target":["https:\/\/www.safinel.fr\/clarification-cheveux\/"]}]},{"@type":"ImageObject","inLanguage":"es","@id":"https:\/\/www.safinel.fr\/clarification-cheveux\/#primaryimage","url":"https:\/\/www.safinel.fr\/wp-content\/uploads\/2023\/04\/clarification-cheveux.jpg","contentUrl":"https:\/\/www.safinel.fr\/wp-content\/uploads\/2023\/04\/clarification-cheveux.jpg","width":1100,"height":578,"caption":"La clarification des cheveux : une m\u00e9thode naturelle pour sublimer vos boucles"},{"@type":"BreadcrumbList","@id":"https:\/\/www.safinel.fr\/clarification-cheveux\/#breadcrumb","itemListElement":[{"@type":"ListItem","position":1,"name":"Accueil","item":"https:\/\/www.safinel.fr\/"},{"@type":"ListItem","position":2,"name":"La clarification des cheveux : une m\u00e9thode naturelle pour sublimer vos boucles"}]},{"@type":"WebSite","@id":"https:\/\/www.safinel.fr\/#website","url":"https:\/\/www.safinel.fr\/","name":"Safinel","description":"","publisher":{"@id":"https:\/\/www.safinel.fr\/#organization"},"potentialAction":[{"@type":"SearchAction","target":{"@type":"EntryPoint","urlTemplate":"https:\/\/www.safinel.fr\/?s={search_term_string}"},"query-input":{"@type":"PropertyValueSpecification","valueRequired":true,"valueName":"search_term_string"}}],"inLanguage":"es"},{"@type":"Organization","@id":"https:\/\/www.safinel.fr\/#organization","name":"Safinel","url":"https:\/\/www.safinel.fr\/","logo":{"@type":"ImageObject","inLanguage":"es","@id":"https:\/\/www.safinel.fr\/#\/schema\/logo\/image\/","url":"https:\/\/www.safinel.fr\/wp-content\/uploads\/2021\/05\/boutique-cosmetique.png","contentUrl":"https:\/\/www.safinel.fr\/wp-content\/uploads\/2021\/05\/boutique-cosmetique.png","width":800,"height":200,"caption":"Safinel"},"image":{"@id":"https:\/\/www.safinel.fr\/#\/schema\/logo\/image\/"}},{"@type":"Person","@id":"https:\/\/www.safinel.fr\/#\/schema\/person\/721a83294300152db59954bbb2f0fcc5","name":"Tienda Safinel","image":{"@type":"ImageObject","inLanguage":"es","@id":"https:\/\/www.safinel.fr\/#\/schema\/person\/image\/","url":"https:\/\/secure.gravatar.com\/avatar\/f68981bb0c0938d0f69d6a4651de60c9260d8f0f22d18b1520c25e25d86b5057?s=96&d=mm&r=g","contentUrl":"https:\/\/secure.gravatar.com\/avatar\/f68981bb0c0938d0f69d6a4651de60c9260d8f0f22d18b1520c25e25d86b5057?s=96&d=mm&r=g","caption":"Boutique Safinel"},"sameAs":["https:\/\/www.safinel.fr"],"url":"https:\/\/www.safinel.fr\/es\/author\/boutique-safinel\/"}]}},"_links":{"self":[{"href":"https:\/\/www.safinel.fr\/es\/wp-json\/wp\/v2\/posts\/5587","targetHints":{"allow":["GET"]}}],"collection":[{"href":"https:\/\/www.safinel.fr\/es\/wp-json\/wp\/v2\/posts"}],"about":[{"href":"https:\/\/www.safinel.fr\/es\/wp-json\/wp\/v2\/types\/post"}],"author":[{"embeddable":true,"href":"https:\/\/www.safinel.fr\/es\/wp-json\/wp\/v2\/users\/1"}],"replies":[{"embeddable":true,"href":"https:\/\/www.safinel.fr\/es\/wp-json\/wp\/v2\/comments?post=5587"}],"version-history":[{"count":2,"href":"https:\/\/www.safinel.fr\/es\/wp-json\/wp\/v2\/posts\/5587\/revisions"}],"predecessor-version":[{"id":5617,"href":"https:\/\/www.safinel.fr\/es\/wp-json\/wp\/v2\/posts\/5587\/revisions\/5617"}],"wp:featuredmedia":[{"embeddable":true,"href":"https:\/\/www.safinel.fr\/es\/wp-json\/wp\/v2\/media\/5588"}],"wp:attachment":[{"href":"https:\/\/www.safinel.fr\/es\/wp-json\/wp\/v2\/media?parent=5587"}],"wp:term":[{"taxonomy":"category","embeddable":true,"href":"https:\/\/www.safinel.fr\/es\/wp-json\/wp\/v2\/categories?post=5587"},{"taxonomy":"post_tag","embeddable":true,"href":"https:\/\/www.safinel.fr\/es\/wp-json\/wp\/v2\/tags?post=5587"}],"curies":[{"name":"wp","href":"https:\/\/api.w.org\/{rel}","templated":true}]}}