{"id":5457,"date":"2023-04-12T15:36:44","date_gmt":"2023-04-12T15:36:44","guid":{"rendered":"https:\/\/www.safinel.fr\/?p=5457"},"modified":"2023-04-12T15:36:46","modified_gmt":"2023-04-12T15:36:46","slug":"el-verdadero-tamano-de-africa","status":"publish","type":"post","link":"https:\/\/www.safinel.fr\/es\/el-verdadero-tamano-de-africa\/","title":{"rendered":"El verdadero tama\u00f1o de \u00c1frica: una realidad poco conocida y sorprendente"},"content":{"rendered":"<p>A menudo se subestima el tama\u00f1o y la diversidad de \u00c1frica, ese continente polifac\u00e9tico. Aqu\u00ed revelamos lo grande que es \u00c1frica en realidad, <strong>una cifra mucho mayor de lo que cabr\u00eda esperar. Prep\u00e1rese para sorprenderse.<\/strong><\/p>\n\n\n\n<h2 class=\"wp-block-heading\" id=\"h-un-continent-d-une-superficie-gigantesque\">Un continente de proporciones gigantescas<\/h2>\n\n\n\n<p>\u00bfSab\u00edas que la superficie total de \u00c1frica es de\u00a0<strong>30,37 millones de kil\u00f3metros cuadrados<\/strong>\u00a0? Para entender mejor esta cifra, compar\u00e9mosla con las de otros continentes y pa\u00edses del mundo:<\/p>\n\n\n\n<ul class=\"wp-block-list\">\n<li><strong>Rusia<\/strong>\u00a017,1 millones de km\u00b2 de tierra<\/li>\n\n\n\n<li><strong>China<\/strong>\u00a09,6 millones de km\u00b2 de tierra<\/li>\n\n\n\n<li><strong>Estados Unidos<\/strong>\u00a09,5 millones de km\u00b2 de tierra<\/li>\n\n\n\n<li><strong>Europa<\/strong>\u00a010,18 millones de km\u00b2 de tierra<\/li>\n<\/ul>\n\n\n\n<p>Los hechos son claros: \u00c1frica es enorme y supera con creces en superficie a las grandes potencias mundiales. <\/p>\n\n\n\n<p>Y sin embargo.., <strong>A menudo se subestima su tama\u00f1o debido a representaciones cartogr\u00e1ficas inexactas y a los estereotipos asociados al continente.<\/strong>.<\/p>\n\n\n\n<h2 class=\"wp-block-heading\" id=\"h-les-erreurs-de-repr-sentation-cartographique-de-la-taille-de-l-afrique\">Errores en la representaci\u00f3n cartogr\u00e1fica del tama\u00f1o de \u00c1frica<\/h2>\n\n\n\n<p>La principal causa de estos errores es la proyecci\u00f3n Mercator. <strong>Una t\u00e9cnica cartogr\u00e1fica que data del siglo XVI y que se ha utilizado ampliamente hasta nuestros d\u00edas.<\/strong> <\/p>\n\n\n\n<p>Esta proyecci\u00f3n distorsiona las proporciones y da la impresi\u00f3n de que los continentes son m\u00e1s peque\u00f1os de lo que realmente son.<\/p>\n\n\n\n<h3 class=\"wp-block-heading\" id=\"h-un-exemple-loquent-la-comparaison-avec-les-tats-unis\">Un ejemplo elocuente: la comparaci\u00f3n con Estados Unidos<\/h3>\n\n\n\n<p>Esta distorsi\u00f3n puede apreciarse superponiendo el mapa de \u00c1frica al de Estados Unidos:<\/p>\n\n\n\n<ul class=\"wp-block-list\">\n<li><strong>En latitudes ecuatoriales<\/strong>, \u00c1frica tiene dos veces el tama\u00f1o de Estados Unidos.<\/li>\n\n\n\n<li><strong>En latitudes templadas<\/strong>, \u00c1frica es tres veces m\u00e1s grande que Estados Unidos.<\/li>\n<\/ul>\n\n\n\n<p>En realidad, \u00c1frica tiene m\u00e1s de tres veces el tama\u00f1o de Estados Unidos. Se trata, pues, de un error monumental, que contribuye a minimizar la importancia del continente africano en la escena internacional.<\/p>\n\n\n\n<h2 class=\"wp-block-heading\" id=\"h-les-cons-quences-de-ces-repr-sentations-erron-es\">Las consecuencias de estas tergiversaciones<\/h2>\n\n\n\n<p>Esta subestimaci\u00f3n del tama\u00f1o de \u00c1frica tiene consecuencias considerables en nuestra percepci\u00f3n del mundo y en las relaciones entre los pa\u00edses. Estas consecuencias incluyen<\/p>\n\n\n\n<ul class=\"wp-block-list\">\n<li><strong>La invisibilidad de las cuestiones pol\u00edticas, econ\u00f3micas y medioambientales<\/strong>\u00a0Al reducir el tama\u00f1o del continente, tambi\u00e9n minimizamos la magnitud de los retos a los que se enfrenta.<\/li>\n\n\n\n<li><strong>Reforzar los estereotipos<\/strong>\u00a0Esta visi\u00f3n simplista de \u00c1frica contribuye a crear t\u00f3picos simplistas y err\u00f3neos sobre sus gentes, su historia y sus culturas.<\/li>\n\n\n\n<li><strong>Falta de comprensi\u00f3n de la diversidad africana<\/strong>\u00a0Ignorar la realidad geogr\u00e1fica del continente significa perderse su incre\u00edble riqueza cultural, ling\u00fc\u00edstica y medioambiental.<\/li>\n<\/ul>\n\n\n\n<h2 class=\"wp-block-heading\" id=\"h-reconna-tre-la-vraie-taille-de-l-afrique-pour-mieux-comprendre-le-monde\">Reconocer el verdadero tama\u00f1o de \u00c1frica para comprender mejor el mundo<\/h2>\n\n\n\n<p>Es hora de cambiar nuestra forma de ver \u00c1frica y reconocer su verdadero tama\u00f1o. <strong>El objetivo es hacerle justicia y proporcionar una mejor comprensi\u00f3n de los problemas mundiales.<\/strong> He aqu\u00ed algunas v\u00edas a explorar:<\/p>\n\n\n\n<ul class=\"wp-block-list\">\n<li>Utilizar representaciones cartogr\u00e1ficas m\u00e1s precisas, como la proyecci\u00f3n de Peters o la proyecci\u00f3n equivalente de Mollweide, que respetan mejor las proporciones entre los continentes.<\/li>\n\n\n\n<li><strong>Educar a la poblaci\u00f3n sobre la realidad geogr\u00e1fica de \u00c1frica<\/strong>\u00a0Ense\u00f1ar el verdadero tama\u00f1o del continente en las escuelas, incorporar esta informaci\u00f3n a los medios y herramientas de comunicaci\u00f3n, etc.<\/li>\n\n\n\n<li><strong>Promover la cooperaci\u00f3n y los intercambios entre los pa\u00edses africanos y el resto del mundo<\/strong>\u00a0Entre ellas figuran la promoci\u00f3n del comercio intraafricano, el apoyo a iniciativas culturales y cient\u00edficas y el fomento de asociaciones internacionales.<\/li>\n<\/ul>\n\n\n\n<p>D\u00e1ndonos cuenta del verdadero tama\u00f1o de \u00c1frica, <strong>estaremos en mejores condiciones de comprender los retos a los que se enfrenta<\/strong> y a trabajar juntos para construir un mundo m\u00e1s equilibrado y solidario. <\/p>\n\n\n\n<p>As\u00ed que no espere m\u00e1s para compartir esta informaci\u00f3n con sus amigos y familiares y ayudar a cambiar la forma de pensar de la gente.<\/p>","protected":false},"excerpt":{"rendered":"<p>\u00c1frica, este continente polifac\u00e9tico, a menudo se subestima en t\u00e9rminos de superficie y diversidad. Aqu\u00ed le revelamos el verdadero tama\u00f1o de \u00c1frica, una cifra mucho mayor de lo que podr\u00eda imaginar. Prep\u00e1rese para sorprenderse. Un continente de proporciones gigantescas \u00bfSab\u00eda que la superficie total de \u00c1frica es de 30,37 kil\u00f3metros cuadrados?","protected":false},"author":1,"featured_media":5458,"comment_status":"closed","ping_status":"closed","sticky":false,"template":"","format":"standard","meta":{"footnotes":""},"categories":[1],"tags":[],"class_list":["post-5457","post","type-post","status-publish","format-standard","has-post-thumbnail","hentry","category-divers"],"yoast_head":"<!-- This site is optimized with the Yoast SEO plugin v26.6 - https:\/\/yoast.com\/wordpress\/plugins\/seo\/ -->\n<title>Taille de l\u2019Afrique I D\u00e9couvrez sa superficie r\u00e9elle dans cet article<\/title>\n<meta name=\"description\" content=\"Nous allons vous r\u00e9v\u00e9ler ici la\u00a0vraie taille de l\u2019Afrique, un chiffre bien plus \u00e9lev\u00e9 que ce que l\u2019on pourrait imaginer. Pr\u00e9parez-vous !\" \/>\n<meta name=\"robots\" content=\"index, follow, max-snippet:-1, max-image-preview:large, max-video-preview:-1\" \/>\n<link rel=\"canonical\" href=\"https:\/\/www.safinel.fr\/es\/el-verdadero-tamano-de-africa\/\" \/>\n<meta property=\"og:locale\" content=\"es_ES\" \/>\n<meta property=\"og:type\" content=\"article\" \/>\n<meta property=\"og:title\" content=\"Taille de l\u2019Afrique I D\u00e9couvrez sa superficie r\u00e9elle dans cet article\" \/>\n<meta property=\"og:description\" content=\"Nous allons vous r\u00e9v\u00e9ler ici la\u00a0vraie taille de l\u2019Afrique, un chiffre bien plus \u00e9lev\u00e9 que ce que l\u2019on pourrait imaginer. Pr\u00e9parez-vous !\" \/>\n<meta property=\"og:url\" content=\"https:\/\/www.safinel.fr\/es\/el-verdadero-tamano-de-africa\/\" \/>\n<meta property=\"og:site_name\" content=\"Safinel\" \/>\n<meta property=\"article:published_time\" content=\"2023-04-12T15:36:44+00:00\" \/>\n<meta property=\"article:modified_time\" content=\"2023-04-12T15:36:46+00:00\" \/>\n<meta property=\"og:image\" content=\"https:\/\/www.safinel.fr\/wp-content\/uploads\/2023\/04\/la-vraie-taille-de-lafrique.jpg\" \/>\n\t<meta property=\"og:image:width\" content=\"1100\" \/>\n\t<meta property=\"og:image:height\" content=\"578\" \/>\n\t<meta property=\"og:image:type\" content=\"image\/jpeg\" \/>\n<meta name=\"author\" content=\"Boutique Safinel\" \/>\n<meta name=\"twitter:card\" content=\"summary_large_image\" \/>\n<meta name=\"twitter:label1\" content=\"Escrito por\" \/>\n\t<meta name=\"twitter:data1\" content=\"Boutique Safinel\" \/>\n\t<meta name=\"twitter:label2\" content=\"Tiempo de lectura\" \/>\n\t<meta name=\"twitter:data2\" content=\"3 minutos\" \/>\n<script type=\"application\/ld+json\" class=\"yoast-schema-graph\">{\"@context\":\"https:\/\/schema.org\",\"@graph\":[{\"@type\":\"Article\",\"@id\":\"https:\/\/www.safinel.fr\/la-vraie-taille-de-lafrique\/#article\",\"isPartOf\":{\"@id\":\"https:\/\/www.safinel.fr\/la-vraie-taille-de-lafrique\/\"},\"author\":{\"name\":\"Boutique Safinel\",\"@id\":\"https:\/\/www.safinel.fr\/#\/schema\/person\/721a83294300152db59954bbb2f0fcc5\"},\"headline\":\"La vraie taille de l&rsquo;Afrique : une r\u00e9alit\u00e9 m\u00e9connue et surprenante\",\"datePublished\":\"2023-04-12T15:36:44+00:00\",\"dateModified\":\"2023-04-12T15:36:46+00:00\",\"mainEntityOfPage\":{\"@id\":\"https:\/\/www.safinel.fr\/la-vraie-taille-de-lafrique\/\"},\"wordCount\":644,\"publisher\":{\"@id\":\"https:\/\/www.safinel.fr\/#organization\"},\"image\":{\"@id\":\"https:\/\/www.safinel.fr\/la-vraie-taille-de-lafrique\/#primaryimage\"},\"thumbnailUrl\":\"https:\/\/www.safinel.fr\/wp-content\/uploads\/2023\/04\/la-vraie-taille-de-lafrique.jpg\",\"articleSection\":[\"Divers\"],\"inLanguage\":\"es\"},{\"@type\":\"WebPage\",\"@id\":\"https:\/\/www.safinel.fr\/la-vraie-taille-de-lafrique\/\",\"url\":\"https:\/\/www.safinel.fr\/la-vraie-taille-de-lafrique\/\",\"name\":\"Taille de l\u2019Afrique I D\u00e9couvrez sa superficie r\u00e9elle dans cet article\",\"isPartOf\":{\"@id\":\"https:\/\/www.safinel.fr\/#website\"},\"primaryImageOfPage\":{\"@id\":\"https:\/\/www.safinel.fr\/la-vraie-taille-de-lafrique\/#primaryimage\"},\"image\":{\"@id\":\"https:\/\/www.safinel.fr\/la-vraie-taille-de-lafrique\/#primaryimage\"},\"thumbnailUrl\":\"https:\/\/www.safinel.fr\/wp-content\/uploads\/2023\/04\/la-vraie-taille-de-lafrique.jpg\",\"datePublished\":\"2023-04-12T15:36:44+00:00\",\"dateModified\":\"2023-04-12T15:36:46+00:00\",\"description\":\"Nous allons vous r\u00e9v\u00e9ler ici la\u00a0vraie taille de l\u2019Afrique, un chiffre bien plus \u00e9lev\u00e9 que ce que l\u2019on pourrait imaginer. Pr\u00e9parez-vous !\",\"breadcrumb\":{\"@id\":\"https:\/\/www.safinel.fr\/la-vraie-taille-de-lafrique\/#breadcrumb\"},\"inLanguage\":\"es\",\"potentialAction\":[{\"@type\":\"ReadAction\",\"target\":[\"https:\/\/www.safinel.fr\/la-vraie-taille-de-lafrique\/\"]}]},{\"@type\":\"ImageObject\",\"inLanguage\":\"es\",\"@id\":\"https:\/\/www.safinel.fr\/la-vraie-taille-de-lafrique\/#primaryimage\",\"url\":\"https:\/\/www.safinel.fr\/wp-content\/uploads\/2023\/04\/la-vraie-taille-de-lafrique.jpg\",\"contentUrl\":\"https:\/\/www.safinel.fr\/wp-content\/uploads\/2023\/04\/la-vraie-taille-de-lafrique.jpg\",\"width\":1100,\"height\":578,\"caption\":\"La vraie taille de l'Afrique : une r\u00e9alit\u00e9 m\u00e9connue et surprenante\"},{\"@type\":\"BreadcrumbList\",\"@id\":\"https:\/\/www.safinel.fr\/la-vraie-taille-de-lafrique\/#breadcrumb\",\"itemListElement\":[{\"@type\":\"ListItem\",\"position\":1,\"name\":\"Accueil\",\"item\":\"https:\/\/www.safinel.fr\/\"},{\"@type\":\"ListItem\",\"position\":2,\"name\":\"La vraie taille de l&#8217;Afrique : une r\u00e9alit\u00e9 m\u00e9connue et surprenante\"}]},{\"@type\":\"WebSite\",\"@id\":\"https:\/\/www.safinel.fr\/#website\",\"url\":\"https:\/\/www.safinel.fr\/\",\"name\":\"Safinel\",\"description\":\"\",\"publisher\":{\"@id\":\"https:\/\/www.safinel.fr\/#organization\"},\"potentialAction\":[{\"@type\":\"SearchAction\",\"target\":{\"@type\":\"EntryPoint\",\"urlTemplate\":\"https:\/\/www.safinel.fr\/?s={search_term_string}\"},\"query-input\":{\"@type\":\"PropertyValueSpecification\",\"valueRequired\":true,\"valueName\":\"search_term_string\"}}],\"inLanguage\":\"es\"},{\"@type\":\"Organization\",\"@id\":\"https:\/\/www.safinel.fr\/#organization\",\"name\":\"Safinel\",\"url\":\"https:\/\/www.safinel.fr\/\",\"logo\":{\"@type\":\"ImageObject\",\"inLanguage\":\"es\",\"@id\":\"https:\/\/www.safinel.fr\/#\/schema\/logo\/image\/\",\"url\":\"https:\/\/www.safinel.fr\/wp-content\/uploads\/2021\/05\/boutique-cosmetique.png\",\"contentUrl\":\"https:\/\/www.safinel.fr\/wp-content\/uploads\/2021\/05\/boutique-cosmetique.png\",\"width\":800,\"height\":200,\"caption\":\"Safinel\"},\"image\":{\"@id\":\"https:\/\/www.safinel.fr\/#\/schema\/logo\/image\/\"}},{\"@type\":\"Person\",\"@id\":\"https:\/\/www.safinel.fr\/#\/schema\/person\/721a83294300152db59954bbb2f0fcc5\",\"name\":\"Boutique Safinel\",\"image\":{\"@type\":\"ImageObject\",\"inLanguage\":\"es\",\"@id\":\"https:\/\/www.safinel.fr\/#\/schema\/person\/image\/\",\"url\":\"https:\/\/secure.gravatar.com\/avatar\/f68981bb0c0938d0f69d6a4651de60c9260d8f0f22d18b1520c25e25d86b5057?s=96&d=mm&r=g\",\"contentUrl\":\"https:\/\/secure.gravatar.com\/avatar\/f68981bb0c0938d0f69d6a4651de60c9260d8f0f22d18b1520c25e25d86b5057?s=96&d=mm&r=g\",\"caption\":\"Boutique Safinel\"},\"sameAs\":[\"https:\/\/www.safinel.fr\"],\"url\":\"https:\/\/www.safinel.fr\/es\/author\/boutique-safinel\/\"}]}<\/script>\n<!-- \/ Yoast SEO plugin. -->","yoast_head_json":{"title":"Tama\u00f1o de \u00c1frica I Descubre su tama\u00f1o real en este art\u00edculo","description":"Aqu\u00ed revelamos el verdadero tama\u00f1o de \u00c1frica, una cifra mucho mayor de lo que imaginas. As\u00ed que \u00a1prep\u00e1rate!","robots":{"index":"index","follow":"follow","max-snippet":"max-snippet:-1","max-image-preview":"max-image-preview:large","max-video-preview":"max-video-preview:-1"},"canonical":"https:\/\/www.safinel.fr\/es\/el-verdadero-tamano-de-africa\/","og_locale":"es_ES","og_type":"article","og_title":"Taille de l\u2019Afrique I D\u00e9couvrez sa superficie r\u00e9elle dans cet article","og_description":"Nous allons vous r\u00e9v\u00e9ler ici la\u00a0vraie taille de l\u2019Afrique, un chiffre bien plus \u00e9lev\u00e9 que ce que l\u2019on pourrait imaginer. Pr\u00e9parez-vous !","og_url":"https:\/\/www.safinel.fr\/es\/el-verdadero-tamano-de-africa\/","og_site_name":"Safinel","article_published_time":"2023-04-12T15:36:44+00:00","article_modified_time":"2023-04-12T15:36:46+00:00","og_image":[{"width":1100,"height":578,"url":"https:\/\/www.safinel.fr\/wp-content\/uploads\/2023\/04\/la-vraie-taille-de-lafrique.jpg","type":"image\/jpeg"}],"author":"Boutique Safinel","twitter_card":"summary_large_image","twitter_misc":{"Escrito por":"Boutique Safinel","Tiempo de lectura":"3 minutos"},"schema":{"@context":"https:\/\/schema.org","@graph":[{"@type":"Article","@id":"https:\/\/www.safinel.fr\/la-vraie-taille-de-lafrique\/#article","isPartOf":{"@id":"https:\/\/www.safinel.fr\/la-vraie-taille-de-lafrique\/"},"author":{"name":"Boutique Safinel","@id":"https:\/\/www.safinel.fr\/#\/schema\/person\/721a83294300152db59954bbb2f0fcc5"},"headline":"La vraie taille de l&rsquo;Afrique : une r\u00e9alit\u00e9 m\u00e9connue et surprenante","datePublished":"2023-04-12T15:36:44+00:00","dateModified":"2023-04-12T15:36:46+00:00","mainEntityOfPage":{"@id":"https:\/\/www.safinel.fr\/la-vraie-taille-de-lafrique\/"},"wordCount":644,"publisher":{"@id":"https:\/\/www.safinel.fr\/#organization"},"image":{"@id":"https:\/\/www.safinel.fr\/la-vraie-taille-de-lafrique\/#primaryimage"},"thumbnailUrl":"https:\/\/www.safinel.fr\/wp-content\/uploads\/2023\/04\/la-vraie-taille-de-lafrique.jpg","articleSection":["Divers"],"inLanguage":"es"},{"@type":"WebPage","@id":"https:\/\/www.safinel.fr\/la-vraie-taille-de-lafrique\/","url":"https:\/\/www.safinel.fr\/la-vraie-taille-de-lafrique\/","name":"Tama\u00f1o de \u00c1frica I Descubre su tama\u00f1o real en este art\u00edculo","isPartOf":{"@id":"https:\/\/www.safinel.fr\/#website"},"primaryImageOfPage":{"@id":"https:\/\/www.safinel.fr\/la-vraie-taille-de-lafrique\/#primaryimage"},"image":{"@id":"https:\/\/www.safinel.fr\/la-vraie-taille-de-lafrique\/#primaryimage"},"thumbnailUrl":"https:\/\/www.safinel.fr\/wp-content\/uploads\/2023\/04\/la-vraie-taille-de-lafrique.jpg","datePublished":"2023-04-12T15:36:44+00:00","dateModified":"2023-04-12T15:36:46+00:00","description":"Aqu\u00ed revelamos el verdadero tama\u00f1o de \u00c1frica, una cifra mucho mayor de lo que imaginas. As\u00ed que \u00a1prep\u00e1rate!","breadcrumb":{"@id":"https:\/\/www.safinel.fr\/la-vraie-taille-de-lafrique\/#breadcrumb"},"inLanguage":"es","potentialAction":[{"@type":"ReadAction","target":["https:\/\/www.safinel.fr\/la-vraie-taille-de-lafrique\/"]}]},{"@type":"ImageObject","inLanguage":"es","@id":"https:\/\/www.safinel.fr\/la-vraie-taille-de-lafrique\/#primaryimage","url":"https:\/\/www.safinel.fr\/wp-content\/uploads\/2023\/04\/la-vraie-taille-de-lafrique.jpg","contentUrl":"https:\/\/www.safinel.fr\/wp-content\/uploads\/2023\/04\/la-vraie-taille-de-lafrique.jpg","width":1100,"height":578,"caption":"La vraie taille de l'Afrique : une r\u00e9alit\u00e9 m\u00e9connue et surprenante"},{"@type":"BreadcrumbList","@id":"https:\/\/www.safinel.fr\/la-vraie-taille-de-lafrique\/#breadcrumb","itemListElement":[{"@type":"ListItem","position":1,"name":"Accueil","item":"https:\/\/www.safinel.fr\/"},{"@type":"ListItem","position":2,"name":"La vraie taille de l&#8217;Afrique : une r\u00e9alit\u00e9 m\u00e9connue et surprenante"}]},{"@type":"WebSite","@id":"https:\/\/www.safinel.fr\/#website","url":"https:\/\/www.safinel.fr\/","name":"Safinel","description":"","publisher":{"@id":"https:\/\/www.safinel.fr\/#organization"},"potentialAction":[{"@type":"SearchAction","target":{"@type":"EntryPoint","urlTemplate":"https:\/\/www.safinel.fr\/?s={search_term_string}"},"query-input":{"@type":"PropertyValueSpecification","valueRequired":true,"valueName":"search_term_string"}}],"inLanguage":"es"},{"@type":"Organization","@id":"https:\/\/www.safinel.fr\/#organization","name":"Safinel","url":"https:\/\/www.safinel.fr\/","logo":{"@type":"ImageObject","inLanguage":"es","@id":"https:\/\/www.safinel.fr\/#\/schema\/logo\/image\/","url":"https:\/\/www.safinel.fr\/wp-content\/uploads\/2021\/05\/boutique-cosmetique.png","contentUrl":"https:\/\/www.safinel.fr\/wp-content\/uploads\/2021\/05\/boutique-cosmetique.png","width":800,"height":200,"caption":"Safinel"},"image":{"@id":"https:\/\/www.safinel.fr\/#\/schema\/logo\/image\/"}},{"@type":"Person","@id":"https:\/\/www.safinel.fr\/#\/schema\/person\/721a83294300152db59954bbb2f0fcc5","name":"Tienda Safinel","image":{"@type":"ImageObject","inLanguage":"es","@id":"https:\/\/www.safinel.fr\/#\/schema\/person\/image\/","url":"https:\/\/secure.gravatar.com\/avatar\/f68981bb0c0938d0f69d6a4651de60c9260d8f0f22d18b1520c25e25d86b5057?s=96&d=mm&r=g","contentUrl":"https:\/\/secure.gravatar.com\/avatar\/f68981bb0c0938d0f69d6a4651de60c9260d8f0f22d18b1520c25e25d86b5057?s=96&d=mm&r=g","caption":"Boutique Safinel"},"sameAs":["https:\/\/www.safinel.fr"],"url":"https:\/\/www.safinel.fr\/es\/author\/boutique-safinel\/"}]}},"_links":{"self":[{"href":"https:\/\/www.safinel.fr\/es\/wp-json\/wp\/v2\/posts\/5457","targetHints":{"allow":["GET"]}}],"collection":[{"href":"https:\/\/www.safinel.fr\/es\/wp-json\/wp\/v2\/posts"}],"about":[{"href":"https:\/\/www.safinel.fr\/es\/wp-json\/wp\/v2\/types\/post"}],"author":[{"embeddable":true,"href":"https:\/\/www.safinel.fr\/es\/wp-json\/wp\/v2\/users\/1"}],"replies":[{"embeddable":true,"href":"https:\/\/www.safinel.fr\/es\/wp-json\/wp\/v2\/comments?post=5457"}],"version-history":[{"count":1,"href":"https:\/\/www.safinel.fr\/es\/wp-json\/wp\/v2\/posts\/5457\/revisions"}],"predecessor-version":[{"id":5459,"href":"https:\/\/www.safinel.fr\/es\/wp-json\/wp\/v2\/posts\/5457\/revisions\/5459"}],"wp:featuredmedia":[{"embeddable":true,"href":"https:\/\/www.safinel.fr\/es\/wp-json\/wp\/v2\/media\/5458"}],"wp:attachment":[{"href":"https:\/\/www.safinel.fr\/es\/wp-json\/wp\/v2\/media?parent=5457"}],"wp:term":[{"taxonomy":"category","embeddable":true,"href":"https:\/\/www.safinel.fr\/es\/wp-json\/wp\/v2\/categories?post=5457"},{"taxonomy":"post_tag","embeddable":true,"href":"https:\/\/www.safinel.fr\/es\/wp-json\/wp\/v2\/tags?post=5457"}],"curies":[{"name":"wp","href":"https:\/\/api.w.org\/{rel}","templated":true}]}}