{"id":12973,"date":"2024-04-11T17:59:33","date_gmt":"2024-04-11T17:59:33","guid":{"rendered":"https:\/\/www.safinel.fr\/?p=12973"},"modified":"2024-04-11T17:59:35","modified_gmt":"2024-04-11T17:59:35","slug":"poesia-africana","status":"publish","type":"post","link":"https:\/\/www.safinel.fr\/es\/poesia-africana\/","title":{"rendered":"Las grandes figuras de la poes\u00eda africana en 5 cartas"},"content":{"rendered":"<p>La\u00a0<strong>Poes\u00eda africana<\/strong>\u00a0siempre ha sido un medio de expresi\u00f3n privilegiado para poner de relieve la riqueza cultural, la historia y las aspiraciones del pueblo africano. <\/p>\n\n\n\n<p>Estos poetas dejaron atr\u00e1s <strong><a href=\"https:\/\/albayyinah.fr\/\" target=\"_blank\" rel=\"noreferrer noopener\">poderosas obras literarias<\/a><\/strong>, y su impronta cultural en todo el continente. En este art\u00edculo destacamos cinco nombres clave de esta literatura, en apenas cinco letras cada uno.<\/p>\n\n\n\n<h2 class=\"wp-block-heading\"><strong>Senghor<\/strong><\/h2>\n\n\n\n<p>Uno de los m\u00e1s famosos&nbsp;<strong>Poetas africanos<\/strong>&nbsp;es sin duda L\u00e9opold S\u00e9dar Senghor. Natural de Senegal, fue tambi\u00e9n pol\u00edtico, Presidente de la Rep\u00fablica de Senegal y miembro de la Academia Francesa. Sus poemarios, como\u00ab\u00a0<em>Canciones en la sombra<\/em>\u00a0\u00bby\u00ab\u00a0<em>Anfitriones negros<\/em>\u00ab su amor por el continente africano y sus tradiciones. Los versos de Senghor son conocidos por su carga emocional y su melancol\u00eda.<\/p>\n\n\n\n<h3 class=\"wp-block-heading\"><strong>Negritud<\/strong><\/h3>\n\n\n\n<p>Senghor tambi\u00e9n fue cofundador del movimiento literario y pol\u00edtico conocido como \u00abN\u00e9gritude\u00bb, en colaboraci\u00f3n con Aim\u00e9 C\u00e9saire y L\u00e9on Damas. El objetivo de este concepto era revalorizar y reivindicar la cultura y la identidad africanas frente al colonialismo. Es un elemento clave para comprender el impacto de la poes\u00eda africana en su contexto hist\u00f3rico.<\/p>\n\n\n\n<h2 class=\"wp-block-heading\"><strong>C\u00e9saire<\/strong><\/h2>\n\n\n\n<p>Aim\u00e9 C\u00e9saire, natural de Martinica, no s\u00f3lo fue un gran\u00a0<strong>poeta comprometido<\/strong>, pero tambi\u00e9n un influyente pol\u00edtico. Autor de \u00ab\u00a0<em>Cuaderno de un regreso a la patria<\/em>\u00ab C\u00e9saire tambi\u00e9n particip\u00f3 en la creaci\u00f3n del movimiento N\u00e9gritude junto a Senghor. Su obra est\u00e1 marcada por el compromiso con la liberaci\u00f3n de los pueblos colonizados y la celebraci\u00f3n del <strong><a href=\"https:\/\/www.safinel.fr\/es\/tribus-africanas\/\">Cultura africana<\/a><\/strong>.<\/p>\n\n\n\n<h3 class=\"wp-block-heading\"><strong>Surrealismo<\/strong><\/h3>\n\n\n\n<p>Aunque cercano al surrealismo, sobre todo por su encuentro con Andr\u00e9 Breton, C\u00e9saire se distanci\u00f3 de este movimiento para arraigarse m\u00e1s firmemente en la realidad del colonialismo y afirmar su propia identidad. De este modo, contribuy\u00f3 a forjar una nueva voz po\u00e9tica para los afrodescendientes.<\/p>\n\n\n\n<h2 class=\"wp-block-heading\"><strong>Damasco<\/strong><\/h2>\n\n\n\n<p>L\u00e9on Damas, poeta de la Guayana Francesa y tercer pilar del movimiento N\u00e9gritude, se dio a conocer con su colecci\u00f3n de poemas titulada \u00ab\u00a0<em>Pigmentos<\/em>\u00ab . Damas es conocido por su estilo provocador e irreverente, que critica abiertamente el colonialismo y subraya su orgullo por sus ra\u00edces africanas.<\/p>\n\n\n\n<p><strong>Sus escritos, impregnados de humor y sarcasmo, afirman una identidad negra orgullosa y libre.<\/strong>&nbsp;frente a las limitaciones impuestas por el colonialismo. Al hacerlo, se distanci\u00f3 de los otros grandes nombres de la N\u00e9gritude, adoptando un enfoque m\u00e1s radical y desenfadado.<\/p>\n\n\n\n<h2 class=\"wp-block-heading\"><strong>Fanon<\/strong><\/h2>\n\n\n\n<p>A menudo se considera a Frantz Fanon m\u00e1s como escritor y te\u00f3rico pol\u00edtico que como poeta propiamente dicho. Sin embargo, su obra ha contribuido en gran medida a redefinir la identidad africana y a amplificar las voces de quienes intentan liberarse del yugo colonial, tanto en \u00c1frica como en las Antillas francesas.<\/p>\n\n\n\n<h3 class=\"wp-block-heading\"><strong>Los condenados de la Tierra<\/strong><\/h3>\n\n\n\n<p>Aunque \u00ab\u00a0<em>Los condenados de la Tierra<\/em>\u00a0\u00bbFrantz Fanon no dud\u00f3 en incorporar elementos po\u00e9ticos a algunos de sus escritos para apoyar sus ideas pol\u00edticas. Estos pasajes, impregnados de un conmovedor lirismo, a\u00f1aden una importante dimensi\u00f3n art\u00edstica al conjunto de su obra.<\/p>\n\n\n\n<h2 class=\"wp-block-heading\"><strong>Soyinka<\/strong><\/h2>\n\n\n\n<p>El nigeriano Wole Soyinka es otro destacado ejemplo de&nbsp;<strong>Poeta africano<\/strong>. Premio Nobel de Literatura en 1986, fue tambi\u00e9n dramaturgo y ensayista. Sus poemas est\u00e1n a menudo te\u00f1idos de un humor mordaz y absurdo, al tiempo que ponen de relieve los temas esenciales de la condici\u00f3n humana, las tradiciones africanas y la lucha contra la opresi\u00f3n.<\/p>\n\n\n\n<h3 class=\"wp-block-heading\"><strong>Ake<\/strong><\/h3>\n\n\n\n<p>Su colecci\u00f3n de poemas\u00ab\u00a0<em>La muerte y el Rey<\/em>\u00a0\u00bb est\u00e1 considerada como una obra capital de&nbsp;<strong>poes\u00eda africana contempor\u00e1nea<\/strong>. Soyinka aborda temas universales con sutileza, sin dejar de estar profundamente arraigado en su propio contexto cultural. Su enfoque, que difiere del de otros grandes nombres del movimiento N\u00e9gritude, pone de relieve la diversidad que caracteriza a la poes\u00eda africana.<\/p>\n\n\n\n<p>En conclusi\u00f3n, estas cinco figuras emblem\u00e1ticas demuestran la riqueza y complejidad de la poes\u00eda africana, y su papel vital en la afirmaci\u00f3n de la identidad cultural frente a los desaf\u00edos hist\u00f3ricos y pol\u00edticos del continente. La lectura de sus obras arroja una valiosa luz sobre esta literatura \u00fanica e indispensable.<\/p>","protected":false},"excerpt":{"rendered":"<p>La poes\u00eda africana ha sido siempre un medio de expresi\u00f3n privilegiado para poner de relieve la riqueza cultural, la historia y las aspiraciones del pueblo africano. Estos poetas han dejado tras de s\u00ed poderosas obras literarias, as\u00ed como su huella cultural en todo el continente. En este art\u00edculo destacamos cinco de los nombres m\u00e1s destacados de la literatura africana.","protected":false},"author":156,"featured_media":12974,"comment_status":"closed","ping_status":"closed","sticky":false,"template":"","format":"standard","meta":{"footnotes":""},"categories":[1],"tags":[],"class_list":["post-12973","post","type-post","status-publish","format-standard","has-post-thumbnail","hentry","category-divers"],"yoast_head":"<!-- This site is optimized with the Yoast SEO plugin v26.6 - https:\/\/yoast.com\/wordpress\/plugins\/seo\/ -->\n<title>Po\u00e9sie africaine | Zoom sur les po\u00e8tes africain en 5 lettres<\/title>\n<meta name=\"description\" content=\"La\u00a0po\u00e9sie africaine\u00a0a toujours \u00e9t\u00e9 un moyen d&#039;expression privil\u00e9gi\u00e9 pour mettre en avant la richesse culturelle.\" \/>\n<meta name=\"robots\" content=\"index, follow, max-snippet:-1, max-image-preview:large, max-video-preview:-1\" \/>\n<link rel=\"canonical\" href=\"https:\/\/www.safinel.fr\/es\/poesia-africana\/\" \/>\n<meta property=\"og:locale\" content=\"es_ES\" \/>\n<meta property=\"og:type\" content=\"article\" \/>\n<meta property=\"og:title\" content=\"Po\u00e9sie africaine | Zoom sur les po\u00e8tes africain en 5 lettres\" \/>\n<meta property=\"og:description\" content=\"La\u00a0po\u00e9sie africaine\u00a0a toujours \u00e9t\u00e9 un moyen d&#039;expression privil\u00e9gi\u00e9 pour mettre en avant la richesse culturelle.\" \/>\n<meta property=\"og:url\" content=\"https:\/\/www.safinel.fr\/es\/poesia-africana\/\" \/>\n<meta property=\"og:site_name\" content=\"Safinel\" \/>\n<meta property=\"article:published_time\" content=\"2024-04-11T17:59:33+00:00\" \/>\n<meta property=\"article:modified_time\" content=\"2024-04-11T17:59:35+00:00\" \/>\n<meta property=\"og:image\" content=\"https:\/\/www.safinel.fr\/wp-content\/uploads\/2024\/04\/Figures-de-la-poesie-africaine.jpg\" \/>\n\t<meta property=\"og:image:width\" content=\"1100\" \/>\n\t<meta property=\"og:image:height\" content=\"578\" \/>\n\t<meta property=\"og:image:type\" content=\"image\/jpeg\" \/>\n<meta name=\"author\" content=\"Naj\" \/>\n<meta name=\"twitter:card\" content=\"summary_large_image\" \/>\n<meta name=\"twitter:label1\" content=\"Escrito por\" \/>\n\t<meta name=\"twitter:data1\" content=\"Naj\" \/>\n\t<meta name=\"twitter:label2\" content=\"Tiempo de lectura\" \/>\n\t<meta name=\"twitter:data2\" content=\"4 minutos\" \/>\n<script type=\"application\/ld+json\" class=\"yoast-schema-graph\">{\"@context\":\"https:\/\/schema.org\",\"@graph\":[{\"@type\":\"Article\",\"@id\":\"https:\/\/www.safinel.fr\/poesie-africaine\/#article\",\"isPartOf\":{\"@id\":\"https:\/\/www.safinel.fr\/poesie-africaine\/\"},\"author\":{\"name\":\"Naj\",\"@id\":\"https:\/\/www.safinel.fr\/#\/schema\/person\/47f7357f8aa8a41a796811d3f8a3e055\"},\"headline\":\"Les grandes figures de la po\u00e9sie africaine en 5 lettres\",\"datePublished\":\"2024-04-11T17:59:33+00:00\",\"dateModified\":\"2024-04-11T17:59:35+00:00\",\"mainEntityOfPage\":{\"@id\":\"https:\/\/www.safinel.fr\/poesie-africaine\/\"},\"wordCount\":790,\"publisher\":{\"@id\":\"https:\/\/www.safinel.fr\/#organization\"},\"image\":{\"@id\":\"https:\/\/www.safinel.fr\/poesie-africaine\/#primaryimage\"},\"thumbnailUrl\":\"https:\/\/www.safinel.fr\/wp-content\/uploads\/2024\/04\/Figures-de-la-poesie-africaine.jpg\",\"articleSection\":[\"Divers\"],\"inLanguage\":\"es\"},{\"@type\":\"WebPage\",\"@id\":\"https:\/\/www.safinel.fr\/poesie-africaine\/\",\"url\":\"https:\/\/www.safinel.fr\/poesie-africaine\/\",\"name\":\"Po\u00e9sie africaine | Zoom sur les po\u00e8tes africain en 5 lettres\",\"isPartOf\":{\"@id\":\"https:\/\/www.safinel.fr\/#website\"},\"primaryImageOfPage\":{\"@id\":\"https:\/\/www.safinel.fr\/poesie-africaine\/#primaryimage\"},\"image\":{\"@id\":\"https:\/\/www.safinel.fr\/poesie-africaine\/#primaryimage\"},\"thumbnailUrl\":\"https:\/\/www.safinel.fr\/wp-content\/uploads\/2024\/04\/Figures-de-la-poesie-africaine.jpg\",\"datePublished\":\"2024-04-11T17:59:33+00:00\",\"dateModified\":\"2024-04-11T17:59:35+00:00\",\"description\":\"La\u00a0po\u00e9sie africaine\u00a0a toujours \u00e9t\u00e9 un moyen d'expression privil\u00e9gi\u00e9 pour mettre en avant la richesse culturelle.\",\"breadcrumb\":{\"@id\":\"https:\/\/www.safinel.fr\/poesie-africaine\/#breadcrumb\"},\"inLanguage\":\"es\",\"potentialAction\":[{\"@type\":\"ReadAction\",\"target\":[\"https:\/\/www.safinel.fr\/poesie-africaine\/\"]}]},{\"@type\":\"ImageObject\",\"inLanguage\":\"es\",\"@id\":\"https:\/\/www.safinel.fr\/poesie-africaine\/#primaryimage\",\"url\":\"https:\/\/www.safinel.fr\/wp-content\/uploads\/2024\/04\/Figures-de-la-poesie-africaine.jpg\",\"contentUrl\":\"https:\/\/www.safinel.fr\/wp-content\/uploads\/2024\/04\/Figures-de-la-poesie-africaine.jpg\",\"width\":1100,\"height\":578,\"caption\":\"po\u00e9sie africaine\"},{\"@type\":\"BreadcrumbList\",\"@id\":\"https:\/\/www.safinel.fr\/poesie-africaine\/#breadcrumb\",\"itemListElement\":[{\"@type\":\"ListItem\",\"position\":1,\"name\":\"Accueil\",\"item\":\"https:\/\/www.safinel.fr\/\"},{\"@type\":\"ListItem\",\"position\":2,\"name\":\"Les grandes figures de la po\u00e9sie africaine en 5 lettres\"}]},{\"@type\":\"WebSite\",\"@id\":\"https:\/\/www.safinel.fr\/#website\",\"url\":\"https:\/\/www.safinel.fr\/\",\"name\":\"Safinel\",\"description\":\"\",\"publisher\":{\"@id\":\"https:\/\/www.safinel.fr\/#organization\"},\"potentialAction\":[{\"@type\":\"SearchAction\",\"target\":{\"@type\":\"EntryPoint\",\"urlTemplate\":\"https:\/\/www.safinel.fr\/?s={search_term_string}\"},\"query-input\":{\"@type\":\"PropertyValueSpecification\",\"valueRequired\":true,\"valueName\":\"search_term_string\"}}],\"inLanguage\":\"es\"},{\"@type\":\"Organization\",\"@id\":\"https:\/\/www.safinel.fr\/#organization\",\"name\":\"Safinel\",\"url\":\"https:\/\/www.safinel.fr\/\",\"logo\":{\"@type\":\"ImageObject\",\"inLanguage\":\"es\",\"@id\":\"https:\/\/www.safinel.fr\/#\/schema\/logo\/image\/\",\"url\":\"https:\/\/www.safinel.fr\/wp-content\/uploads\/2021\/05\/boutique-cosmetique.png\",\"contentUrl\":\"https:\/\/www.safinel.fr\/wp-content\/uploads\/2021\/05\/boutique-cosmetique.png\",\"width\":800,\"height\":200,\"caption\":\"Safinel\"},\"image\":{\"@id\":\"https:\/\/www.safinel.fr\/#\/schema\/logo\/image\/\"}},{\"@type\":\"Person\",\"@id\":\"https:\/\/www.safinel.fr\/#\/schema\/person\/47f7357f8aa8a41a796811d3f8a3e055\",\"name\":\"Naj\",\"image\":{\"@type\":\"ImageObject\",\"inLanguage\":\"es\",\"@id\":\"https:\/\/www.safinel.fr\/#\/schema\/person\/image\/\",\"url\":\"https:\/\/secure.gravatar.com\/avatar\/5c0fa4f0bce748d4964b7d68e4b0ee1d8e3120edba58a55893ced967bd2093b5?s=96&d=mm&r=g\",\"contentUrl\":\"https:\/\/secure.gravatar.com\/avatar\/5c0fa4f0bce748d4964b7d68e4b0ee1d8e3120edba58a55893ced967bd2093b5?s=96&d=mm&r=g\",\"caption\":\"Naj\"},\"url\":\"https:\/\/www.safinel.fr\/es\/author\/naj\/\"}]}<\/script>\n<!-- \/ Yoast SEO plugin. -->","yoast_head_json":{"title":"Poes\u00eda africana | Poetas africanos en 5 letras","description":"La poes\u00eda africana siempre ha sido un medio de expresi\u00f3n privilegiado para poner de relieve la riqueza cultural.","robots":{"index":"index","follow":"follow","max-snippet":"max-snippet:-1","max-image-preview":"max-image-preview:large","max-video-preview":"max-video-preview:-1"},"canonical":"https:\/\/www.safinel.fr\/es\/poesia-africana\/","og_locale":"es_ES","og_type":"article","og_title":"Po\u00e9sie africaine | Zoom sur les po\u00e8tes africain en 5 lettres","og_description":"La\u00a0po\u00e9sie africaine\u00a0a toujours \u00e9t\u00e9 un moyen d'expression privil\u00e9gi\u00e9 pour mettre en avant la richesse culturelle.","og_url":"https:\/\/www.safinel.fr\/es\/poesia-africana\/","og_site_name":"Safinel","article_published_time":"2024-04-11T17:59:33+00:00","article_modified_time":"2024-04-11T17:59:35+00:00","og_image":[{"width":1100,"height":578,"url":"https:\/\/www.safinel.fr\/wp-content\/uploads\/2024\/04\/Figures-de-la-poesie-africaine.jpg","type":"image\/jpeg"}],"author":"Naj","twitter_card":"summary_large_image","twitter_misc":{"Escrito por":"Naj","Tiempo de lectura":"4 minutos"},"schema":{"@context":"https:\/\/schema.org","@graph":[{"@type":"Article","@id":"https:\/\/www.safinel.fr\/poesie-africaine\/#article","isPartOf":{"@id":"https:\/\/www.safinel.fr\/poesie-africaine\/"},"author":{"name":"Naj","@id":"https:\/\/www.safinel.fr\/#\/schema\/person\/47f7357f8aa8a41a796811d3f8a3e055"},"headline":"Les grandes figures de la po\u00e9sie africaine en 5 lettres","datePublished":"2024-04-11T17:59:33+00:00","dateModified":"2024-04-11T17:59:35+00:00","mainEntityOfPage":{"@id":"https:\/\/www.safinel.fr\/poesie-africaine\/"},"wordCount":790,"publisher":{"@id":"https:\/\/www.safinel.fr\/#organization"},"image":{"@id":"https:\/\/www.safinel.fr\/poesie-africaine\/#primaryimage"},"thumbnailUrl":"https:\/\/www.safinel.fr\/wp-content\/uploads\/2024\/04\/Figures-de-la-poesie-africaine.jpg","articleSection":["Divers"],"inLanguage":"es"},{"@type":"WebPage","@id":"https:\/\/www.safinel.fr\/poesie-africaine\/","url":"https:\/\/www.safinel.fr\/poesie-africaine\/","name":"Poes\u00eda africana | Poetas africanos en 5 letras","isPartOf":{"@id":"https:\/\/www.safinel.fr\/#website"},"primaryImageOfPage":{"@id":"https:\/\/www.safinel.fr\/poesie-africaine\/#primaryimage"},"image":{"@id":"https:\/\/www.safinel.fr\/poesie-africaine\/#primaryimage"},"thumbnailUrl":"https:\/\/www.safinel.fr\/wp-content\/uploads\/2024\/04\/Figures-de-la-poesie-africaine.jpg","datePublished":"2024-04-11T17:59:33+00:00","dateModified":"2024-04-11T17:59:35+00:00","description":"La poes\u00eda africana siempre ha sido un medio de expresi\u00f3n privilegiado para poner de relieve la riqueza cultural.","breadcrumb":{"@id":"https:\/\/www.safinel.fr\/poesie-africaine\/#breadcrumb"},"inLanguage":"es","potentialAction":[{"@type":"ReadAction","target":["https:\/\/www.safinel.fr\/poesie-africaine\/"]}]},{"@type":"ImageObject","inLanguage":"es","@id":"https:\/\/www.safinel.fr\/poesie-africaine\/#primaryimage","url":"https:\/\/www.safinel.fr\/wp-content\/uploads\/2024\/04\/Figures-de-la-poesie-africaine.jpg","contentUrl":"https:\/\/www.safinel.fr\/wp-content\/uploads\/2024\/04\/Figures-de-la-poesie-africaine.jpg","width":1100,"height":578,"caption":"po\u00e9sie africaine"},{"@type":"BreadcrumbList","@id":"https:\/\/www.safinel.fr\/poesie-africaine\/#breadcrumb","itemListElement":[{"@type":"ListItem","position":1,"name":"Accueil","item":"https:\/\/www.safinel.fr\/"},{"@type":"ListItem","position":2,"name":"Les grandes figures de la po\u00e9sie africaine en 5 lettres"}]},{"@type":"WebSite","@id":"https:\/\/www.safinel.fr\/#website","url":"https:\/\/www.safinel.fr\/","name":"Safinel","description":"","publisher":{"@id":"https:\/\/www.safinel.fr\/#organization"},"potentialAction":[{"@type":"SearchAction","target":{"@type":"EntryPoint","urlTemplate":"https:\/\/www.safinel.fr\/?s={search_term_string}"},"query-input":{"@type":"PropertyValueSpecification","valueRequired":true,"valueName":"search_term_string"}}],"inLanguage":"es"},{"@type":"Organization","@id":"https:\/\/www.safinel.fr\/#organization","name":"Safinel","url":"https:\/\/www.safinel.fr\/","logo":{"@type":"ImageObject","inLanguage":"es","@id":"https:\/\/www.safinel.fr\/#\/schema\/logo\/image\/","url":"https:\/\/www.safinel.fr\/wp-content\/uploads\/2021\/05\/boutique-cosmetique.png","contentUrl":"https:\/\/www.safinel.fr\/wp-content\/uploads\/2021\/05\/boutique-cosmetique.png","width":800,"height":200,"caption":"Safinel"},"image":{"@id":"https:\/\/www.safinel.fr\/#\/schema\/logo\/image\/"}},{"@type":"Person","@id":"https:\/\/www.safinel.fr\/#\/schema\/person\/47f7357f8aa8a41a796811d3f8a3e055","name":"Naj","image":{"@type":"ImageObject","inLanguage":"es","@id":"https:\/\/www.safinel.fr\/#\/schema\/person\/image\/","url":"https:\/\/secure.gravatar.com\/avatar\/5c0fa4f0bce748d4964b7d68e4b0ee1d8e3120edba58a55893ced967bd2093b5?s=96&d=mm&r=g","contentUrl":"https:\/\/secure.gravatar.com\/avatar\/5c0fa4f0bce748d4964b7d68e4b0ee1d8e3120edba58a55893ced967bd2093b5?s=96&d=mm&r=g","caption":"Naj"},"url":"https:\/\/www.safinel.fr\/es\/author\/naj\/"}]}},"_links":{"self":[{"href":"https:\/\/www.safinel.fr\/es\/wp-json\/wp\/v2\/posts\/12973","targetHints":{"allow":["GET"]}}],"collection":[{"href":"https:\/\/www.safinel.fr\/es\/wp-json\/wp\/v2\/posts"}],"about":[{"href":"https:\/\/www.safinel.fr\/es\/wp-json\/wp\/v2\/types\/post"}],"author":[{"embeddable":true,"href":"https:\/\/www.safinel.fr\/es\/wp-json\/wp\/v2\/users\/156"}],"replies":[{"embeddable":true,"href":"https:\/\/www.safinel.fr\/es\/wp-json\/wp\/v2\/comments?post=12973"}],"version-history":[{"count":1,"href":"https:\/\/www.safinel.fr\/es\/wp-json\/wp\/v2\/posts\/12973\/revisions"}],"predecessor-version":[{"id":12975,"href":"https:\/\/www.safinel.fr\/es\/wp-json\/wp\/v2\/posts\/12973\/revisions\/12975"}],"wp:featuredmedia":[{"embeddable":true,"href":"https:\/\/www.safinel.fr\/es\/wp-json\/wp\/v2\/media\/12974"}],"wp:attachment":[{"href":"https:\/\/www.safinel.fr\/es\/wp-json\/wp\/v2\/media?parent=12973"}],"wp:term":[{"taxonomy":"category","embeddable":true,"href":"https:\/\/www.safinel.fr\/es\/wp-json\/wp\/v2\/categories?post=12973"},{"taxonomy":"post_tag","embeddable":true,"href":"https:\/\/www.safinel.fr\/es\/wp-json\/wp\/v2\/tags?post=12973"}],"curies":[{"name":"wp","href":"https:\/\/api.w.org\/{rel}","templated":true}]}}