{"id":12840,"date":"2024-04-05T14:37:10","date_gmt":"2024-04-05T14:37:10","guid":{"rendered":"https:\/\/www.safinel.fr\/?p=12840"},"modified":"2024-04-05T14:37:11","modified_gmt":"2024-04-05T14:37:11","slug":"grasa-de-ordeno-para-el-curtido","status":"publish","type":"post","link":"https:\/\/www.safinel.fr\/es\/grasa-de-ordeno-para-el-curtido\/","title":{"rendered":"Consigue un bronceado impecable con la grasa de orde\u00f1ar para broncear"},"content":{"rendered":"<p>La&nbsp;<strong>grasa de orde\u00f1o para el curtido<\/strong>&nbsp;es un producto de belleza muy apreciado en verano, sobre todo por sus propiedades hidratantes y su acci\u00f3n eficaz sobre el bronceado. Elaborada con leche de vaca o cabra, la grasa l\u00e1ctea es rica en \u00e1cidos grasos saturados e insaturados beneficiosos para la piel.<\/p>\n\n\n\n<h2 class=\"wp-block-heading\"><strong>Los beneficios de la grasa de orde\u00f1ar para la piel<\/strong><\/h2>\n\n\n\n<p>Utilizada desde hace siglos por los pastores para proteger y nutrir su piel contra las agresiones externas, la grasa de orde\u00f1ar es conocida por su composici\u00f3n natural y sus numerosos beneficios:<\/p>\n\n\n\n<ul class=\"wp-block-list\">\n<li>Tiene un\u00a0<strong>efecto hidratante y nutritivo<\/strong>\u00a0gracias a su riqueza en \u00e1cidos grasos, lo que lo convierte en un precioso aliado para prevenir y tratar las pieles secas y deshidratadas.<\/li>\n\n\n\n<li>Tambi\u00e9n se sabe que la grasa de orde\u00f1ar suaviza la piel, ayudando a mantener su elasticidad.<\/li>\n\n\n\n<li>Este producto tambi\u00e9n ejerce una acci\u00f3n calmante, reduciendo la irritaci\u00f3n y reforzando la barrera protectora de la piel frente a agresiones externas como el viento, el fr\u00edo o los rayos UV.<\/li>\n\n\n\n<li>Por \u00faltimo, al tener una gran afinidad con la piel, la grasa de orde\u00f1ar penetra r\u00e1pidamente y no deja sensaci\u00f3n grasa ni pegajosa.<\/li>\n<\/ul>\n\n\n\n<h2 class=\"wp-block-heading\"><strong>Mecanismos de bronceado<\/strong><\/h2>\n\n\n\n<p>Para entender por qu\u00e9 la grasa de orde\u00f1ar es eficaz para conseguir un bronceado \u00f3ptimo, primero tenemos que comprender los mecanismos que act\u00faan durante la exposici\u00f3n al sol. El sitio&nbsp;<strong>bronceado<\/strong>&nbsp;es en realidad una reacci\u00f3n natural de la piel para protegerse de los rayos UV: bajo la acci\u00f3n de los rayos ultravioleta, las c\u00e9lulas de la epidermis producen un pigmento llamado melanina, responsable de la coloraci\u00f3n de la piel. Cuanto mayor es la concentraci\u00f3n de melanina, m\u00e1s bronceada est\u00e1 la piel.<\/p>\n\n\n\n<h3 class=\"wp-block-heading\"><strong>La importancia de la hidrataci\u00f3n para un bronceado armonioso<\/strong><\/h3>\n\n\n\n<p>Para que la melanina se distribuya correctamente por la superficie de la piel, proporcionando un bronceado uniforme, es esencial disponer de los productos adecuados.\u00a0<strong>piel bien hidratada<\/strong>. <\/p>\n\n\n\n<p>La piel seca tiende a engrosarse y a formar manchas de color irregular, lo que hace que la tez se vuelva apagada y desigual. <\/p>\n\n\n\n<p>Aqu\u00ed es donde la grasa de orde\u00f1ar cobra todo su sentido: gracias a sus propiedades nutritivas, mantiene la piel hidratada al tiempo que refuerza su barrera lip\u00eddica contra los rayos UV.<\/p>\n\n\n\n<h2 class=\"wp-block-heading\"><strong>Caracter\u00edsticas espec\u00edficas de la grasa de orde\u00f1o para curtido<\/strong><\/h2>\n\n\n\n<p>Existen productos especialmente dise\u00f1ados para favorecer el bronceado utilizando esta grasa:<\/p>\n\n\n\n<ul class=\"wp-block-list\">\n<li>Estos preparados suelen incorporar diversos ingredientes, como <strong><a href=\"https:\/\/www.safinel.fr\/es\/product-category-2\/aceite-vegetal\/\">aceites vegetales<\/a><\/strong>, extractos vegetales o agentes autobronceadores para maximizar el efecto bronceador sobre la piel.<\/li>\n\n\n\n<li>Suelen estar formulados con un factor de protecci\u00f3n solar adaptado a los distintos fototipos, para permitir una exposici\u00f3n controlada y segura al sol.<\/li>\n\n\n\n<li>No obstante, es fundamental seguir las instrucciones de uso y limitar el tiempo de exposici\u00f3n al sol para evitar el riesgo de quemaduras solares y otros efectos nocivos de los rayos UV sobre la piel.<\/li>\n<\/ul>\n\n\n\n<h3 class=\"wp-block-heading\"><strong>C\u00f3mo aplicar correctamente la grasa bronceadora<\/strong><\/h3>\n\n\n\n<p>Para sacar el m\u00e1ximo partido de este producto, es importante seguir ciertas recomendaciones para una aplicaci\u00f3n \u00f3ptima:<\/p>\n\n\n\n<ol class=\"wp-block-list\">\n<li>Para empezar, aseg\u00farese de limpiar y exfoliar bien la piel antes de la primera aplicaci\u00f3n para eliminar las c\u00e9lulas muertas que podr\u00edan impedir la penetraci\u00f3n del producto.<\/li>\n\n\n\n<li>A continuaci\u00f3n, aplique uniformemente sobre la piel una cantidad generosa de grasa l\u00e1ctea, masajeando a fondo hasta su completa absorci\u00f3n.<\/li>\n\n\n\n<li>Vuelva a aplicar regularmente durante la exposici\u00f3n al sol (cada 2 horas aproximadamente), especialmente despu\u00e9s de nadar, transpirar o usar la toalla.<\/li>\n<\/ol>\n\n\n\n<h3 class=\"wp-block-heading\"><strong>Precauciones al exponerse al sol<\/strong><\/h3>\n\n\n\n<p>El uso de un producto como la grasa de orde\u00f1ar para el bronceado no debe hacernos olvidar las medidas de seguridad que hay que adoptar frente a los rayos UV:<\/p>\n\n\n\n<ul class=\"wp-block-list\">\n<li>Aseg\u00farese de comprobar el factor de protecci\u00f3n solar del producto que utiliza: un factor adaptado a su tipo de piel es esencial para una protecci\u00f3n eficaz.<\/li>\n\n\n\n<li>Evite la exposici\u00f3n prolongada y durante las horas de m\u00e1s sol (entre las 12 y las 16 horas) para reducir el riesgo de quemaduras y otros da\u00f1os relacionados con el sol.<\/li>\n\n\n\n<li>No olvide protegerse los ojos con gafas de sol homologadas.<\/li>\n\n\n\n<li>Por \u00faltimo, es aconsejable utilizar un maquillaje ligero adaptado a las condiciones estivales, para evitar sofocar la piel con capas gruesas e impermeables.<\/li>\n<\/ul>\n\n\n\n<p>En resumen, la grasa de orde\u00f1ar para el bronceado es un aliado inestimable para conseguir un bronceado natural, uniforme y duradero. <\/p>\n\n\n\n<p>Sin embargo, es importante vigilar su uso y seguir unas buenas pr\u00e1cticas de exposici\u00f3n al sol para proteger la salud de la piel.<\/p>","protected":false},"excerpt":{"rendered":"<p>La grasa de orde\u00f1ar para el bronceado es un producto de belleza muy apreciado en verano, sobre todo por sus propiedades hidratantes y su acci\u00f3n eficaz sobre el bronceado. Elaborada a partir de leche de vaca o de cabra, la grasa de orde\u00f1o es rica en \u00e1cidos grasos saturados e insaturados beneficiosos para la piel. Los beneficios de la grasa de orde\u00f1o [...]","protected":false},"author":156,"featured_media":12841,"comment_status":"closed","ping_status":"closed","sticky":false,"template":"","format":"standard","meta":{"footnotes":""},"categories":[1],"tags":[],"class_list":["post-12840","post","type-post","status-publish","format-standard","has-post-thumbnail","hentry","category-divers"],"yoast_head":"<!-- This site is optimized with the Yoast SEO plugin v26.6 - https:\/\/yoast.com\/wordpress\/plugins\/seo\/ -->\n<title>Graisse \u00e0 traire pour bronzer | Le guide pratique par Safinel.fr<\/title>\n<meta name=\"description\" content=\"La\u00a0graisse \u00e0 traire pour bronzer\u00a0est un produit de beaut\u00e9 tr\u00e8s pris\u00e9 en \u00e9t\u00e9, notamment pour ses propri\u00e9t\u00e9s hydratantes.\" \/>\n<meta name=\"robots\" content=\"index, follow, max-snippet:-1, max-image-preview:large, max-video-preview:-1\" \/>\n<link rel=\"canonical\" href=\"https:\/\/www.safinel.fr\/es\/grasa-de-ordeno-para-el-curtido\/\" \/>\n<meta property=\"og:locale\" content=\"es_ES\" \/>\n<meta property=\"og:type\" content=\"article\" \/>\n<meta property=\"og:title\" content=\"Graisse \u00e0 traire pour bronzer | Le guide pratique par Safinel.fr\" \/>\n<meta property=\"og:description\" content=\"La\u00a0graisse \u00e0 traire pour bronzer\u00a0est un produit de beaut\u00e9 tr\u00e8s pris\u00e9 en \u00e9t\u00e9, notamment pour ses propri\u00e9t\u00e9s hydratantes.\" \/>\n<meta property=\"og:url\" content=\"https:\/\/www.safinel.fr\/es\/grasa-de-ordeno-para-el-curtido\/\" \/>\n<meta property=\"og:site_name\" content=\"Safinel\" \/>\n<meta property=\"article:published_time\" content=\"2024-04-05T14:37:10+00:00\" \/>\n<meta property=\"article:modified_time\" content=\"2024-04-05T14:37:11+00:00\" \/>\n<meta property=\"og:image\" content=\"https:\/\/www.safinel.fr\/wp-content\/uploads\/2024\/04\/graisse-a-traire-pour-bronzer.jpg\" \/>\n\t<meta property=\"og:image:width\" content=\"1100\" \/>\n\t<meta property=\"og:image:height\" content=\"578\" \/>\n\t<meta property=\"og:image:type\" content=\"image\/jpeg\" \/>\n<meta name=\"author\" content=\"Naj\" \/>\n<meta name=\"twitter:card\" content=\"summary_large_image\" \/>\n<meta name=\"twitter:label1\" content=\"Escrito por\" \/>\n\t<meta name=\"twitter:data1\" content=\"Naj\" \/>\n\t<meta name=\"twitter:label2\" content=\"Tiempo de lectura\" \/>\n\t<meta name=\"twitter:data2\" content=\"4 minutos\" \/>\n<script type=\"application\/ld+json\" class=\"yoast-schema-graph\">{\"@context\":\"https:\/\/schema.org\",\"@graph\":[{\"@type\":\"Article\",\"@id\":\"https:\/\/www.safinel.fr\/graisse-a-traire-pour-bronzer\/#article\",\"isPartOf\":{\"@id\":\"https:\/\/www.safinel.fr\/graisse-a-traire-pour-bronzer\/\"},\"author\":{\"name\":\"Naj\",\"@id\":\"https:\/\/www.safinel.fr\/#\/schema\/person\/47f7357f8aa8a41a796811d3f8a3e055\"},\"headline\":\"Obtenir un bronzage impeccable avec la graisse \u00e0 traire pour bronzer\",\"datePublished\":\"2024-04-05T14:37:10+00:00\",\"dateModified\":\"2024-04-05T14:37:11+00:00\",\"mainEntityOfPage\":{\"@id\":\"https:\/\/www.safinel.fr\/graisse-a-traire-pour-bronzer\/\"},\"wordCount\":869,\"publisher\":{\"@id\":\"https:\/\/www.safinel.fr\/#organization\"},\"image\":{\"@id\":\"https:\/\/www.safinel.fr\/graisse-a-traire-pour-bronzer\/#primaryimage\"},\"thumbnailUrl\":\"https:\/\/www.safinel.fr\/wp-content\/uploads\/2024\/04\/graisse-a-traire-pour-bronzer.jpg\",\"articleSection\":[\"Divers\"],\"inLanguage\":\"es\"},{\"@type\":\"WebPage\",\"@id\":\"https:\/\/www.safinel.fr\/graisse-a-traire-pour-bronzer\/\",\"url\":\"https:\/\/www.safinel.fr\/graisse-a-traire-pour-bronzer\/\",\"name\":\"Graisse \u00e0 traire pour bronzer | Le guide pratique par Safinel.fr\",\"isPartOf\":{\"@id\":\"https:\/\/www.safinel.fr\/#website\"},\"primaryImageOfPage\":{\"@id\":\"https:\/\/www.safinel.fr\/graisse-a-traire-pour-bronzer\/#primaryimage\"},\"image\":{\"@id\":\"https:\/\/www.safinel.fr\/graisse-a-traire-pour-bronzer\/#primaryimage\"},\"thumbnailUrl\":\"https:\/\/www.safinel.fr\/wp-content\/uploads\/2024\/04\/graisse-a-traire-pour-bronzer.jpg\",\"datePublished\":\"2024-04-05T14:37:10+00:00\",\"dateModified\":\"2024-04-05T14:37:11+00:00\",\"description\":\"La\u00a0graisse \u00e0 traire pour bronzer\u00a0est un produit de beaut\u00e9 tr\u00e8s pris\u00e9 en \u00e9t\u00e9, notamment pour ses propri\u00e9t\u00e9s hydratantes.\",\"breadcrumb\":{\"@id\":\"https:\/\/www.safinel.fr\/graisse-a-traire-pour-bronzer\/#breadcrumb\"},\"inLanguage\":\"es\",\"potentialAction\":[{\"@type\":\"ReadAction\",\"target\":[\"https:\/\/www.safinel.fr\/graisse-a-traire-pour-bronzer\/\"]}]},{\"@type\":\"ImageObject\",\"inLanguage\":\"es\",\"@id\":\"https:\/\/www.safinel.fr\/graisse-a-traire-pour-bronzer\/#primaryimage\",\"url\":\"https:\/\/www.safinel.fr\/wp-content\/uploads\/2024\/04\/graisse-a-traire-pour-bronzer.jpg\",\"contentUrl\":\"https:\/\/www.safinel.fr\/wp-content\/uploads\/2024\/04\/graisse-a-traire-pour-bronzer.jpg\",\"width\":1100,\"height\":578,\"caption\":\"graisse \u00e0 traire pour bronzer\"},{\"@type\":\"BreadcrumbList\",\"@id\":\"https:\/\/www.safinel.fr\/graisse-a-traire-pour-bronzer\/#breadcrumb\",\"itemListElement\":[{\"@type\":\"ListItem\",\"position\":1,\"name\":\"Accueil\",\"item\":\"https:\/\/www.safinel.fr\/\"},{\"@type\":\"ListItem\",\"position\":2,\"name\":\"Obtenir un bronzage impeccable avec la graisse \u00e0 traire pour bronzer\"}]},{\"@type\":\"WebSite\",\"@id\":\"https:\/\/www.safinel.fr\/#website\",\"url\":\"https:\/\/www.safinel.fr\/\",\"name\":\"Safinel\",\"description\":\"\",\"publisher\":{\"@id\":\"https:\/\/www.safinel.fr\/#organization\"},\"potentialAction\":[{\"@type\":\"SearchAction\",\"target\":{\"@type\":\"EntryPoint\",\"urlTemplate\":\"https:\/\/www.safinel.fr\/?s={search_term_string}\"},\"query-input\":{\"@type\":\"PropertyValueSpecification\",\"valueRequired\":true,\"valueName\":\"search_term_string\"}}],\"inLanguage\":\"es\"},{\"@type\":\"Organization\",\"@id\":\"https:\/\/www.safinel.fr\/#organization\",\"name\":\"Safinel\",\"url\":\"https:\/\/www.safinel.fr\/\",\"logo\":{\"@type\":\"ImageObject\",\"inLanguage\":\"es\",\"@id\":\"https:\/\/www.safinel.fr\/#\/schema\/logo\/image\/\",\"url\":\"https:\/\/www.safinel.fr\/wp-content\/uploads\/2021\/05\/boutique-cosmetique.png\",\"contentUrl\":\"https:\/\/www.safinel.fr\/wp-content\/uploads\/2021\/05\/boutique-cosmetique.png\",\"width\":800,\"height\":200,\"caption\":\"Safinel\"},\"image\":{\"@id\":\"https:\/\/www.safinel.fr\/#\/schema\/logo\/image\/\"}},{\"@type\":\"Person\",\"@id\":\"https:\/\/www.safinel.fr\/#\/schema\/person\/47f7357f8aa8a41a796811d3f8a3e055\",\"name\":\"Naj\",\"image\":{\"@type\":\"ImageObject\",\"inLanguage\":\"es\",\"@id\":\"https:\/\/www.safinel.fr\/#\/schema\/person\/image\/\",\"url\":\"https:\/\/secure.gravatar.com\/avatar\/5c0fa4f0bce748d4964b7d68e4b0ee1d8e3120edba58a55893ced967bd2093b5?s=96&d=mm&r=g\",\"contentUrl\":\"https:\/\/secure.gravatar.com\/avatar\/5c0fa4f0bce748d4964b7d68e4b0ee1d8e3120edba58a55893ced967bd2093b5?s=96&d=mm&r=g\",\"caption\":\"Naj\"},\"url\":\"https:\/\/www.safinel.fr\/es\/author\/naj\/\"}]}<\/script>\n<!-- \/ Yoast SEO plugin. -->","yoast_head_json":{"title":"Grasa de orde\u00f1o para el curtido | La gu\u00eda pr\u00e1ctica de Safinel.es","description":"La grasa de orde\u00f1ar para el bronceado es un producto de belleza muy popular en verano, sobre todo por sus propiedades hidratantes.","robots":{"index":"index","follow":"follow","max-snippet":"max-snippet:-1","max-image-preview":"max-image-preview:large","max-video-preview":"max-video-preview:-1"},"canonical":"https:\/\/www.safinel.fr\/es\/grasa-de-ordeno-para-el-curtido\/","og_locale":"es_ES","og_type":"article","og_title":"Graisse \u00e0 traire pour bronzer | Le guide pratique par Safinel.fr","og_description":"La\u00a0graisse \u00e0 traire pour bronzer\u00a0est un produit de beaut\u00e9 tr\u00e8s pris\u00e9 en \u00e9t\u00e9, notamment pour ses propri\u00e9t\u00e9s hydratantes.","og_url":"https:\/\/www.safinel.fr\/es\/grasa-de-ordeno-para-el-curtido\/","og_site_name":"Safinel","article_published_time":"2024-04-05T14:37:10+00:00","article_modified_time":"2024-04-05T14:37:11+00:00","og_image":[{"width":1100,"height":578,"url":"https:\/\/www.safinel.fr\/wp-content\/uploads\/2024\/04\/graisse-a-traire-pour-bronzer.jpg","type":"image\/jpeg"}],"author":"Naj","twitter_card":"summary_large_image","twitter_misc":{"Escrito por":"Naj","Tiempo de lectura":"4 minutos"},"schema":{"@context":"https:\/\/schema.org","@graph":[{"@type":"Article","@id":"https:\/\/www.safinel.fr\/graisse-a-traire-pour-bronzer\/#article","isPartOf":{"@id":"https:\/\/www.safinel.fr\/graisse-a-traire-pour-bronzer\/"},"author":{"name":"Naj","@id":"https:\/\/www.safinel.fr\/#\/schema\/person\/47f7357f8aa8a41a796811d3f8a3e055"},"headline":"Obtenir un bronzage impeccable avec la graisse \u00e0 traire pour bronzer","datePublished":"2024-04-05T14:37:10+00:00","dateModified":"2024-04-05T14:37:11+00:00","mainEntityOfPage":{"@id":"https:\/\/www.safinel.fr\/graisse-a-traire-pour-bronzer\/"},"wordCount":869,"publisher":{"@id":"https:\/\/www.safinel.fr\/#organization"},"image":{"@id":"https:\/\/www.safinel.fr\/graisse-a-traire-pour-bronzer\/#primaryimage"},"thumbnailUrl":"https:\/\/www.safinel.fr\/wp-content\/uploads\/2024\/04\/graisse-a-traire-pour-bronzer.jpg","articleSection":["Divers"],"inLanguage":"es"},{"@type":"WebPage","@id":"https:\/\/www.safinel.fr\/graisse-a-traire-pour-bronzer\/","url":"https:\/\/www.safinel.fr\/graisse-a-traire-pour-bronzer\/","name":"Grasa de orde\u00f1o para el curtido | La gu\u00eda pr\u00e1ctica de Safinel.es","isPartOf":{"@id":"https:\/\/www.safinel.fr\/#website"},"primaryImageOfPage":{"@id":"https:\/\/www.safinel.fr\/graisse-a-traire-pour-bronzer\/#primaryimage"},"image":{"@id":"https:\/\/www.safinel.fr\/graisse-a-traire-pour-bronzer\/#primaryimage"},"thumbnailUrl":"https:\/\/www.safinel.fr\/wp-content\/uploads\/2024\/04\/graisse-a-traire-pour-bronzer.jpg","datePublished":"2024-04-05T14:37:10+00:00","dateModified":"2024-04-05T14:37:11+00:00","description":"La grasa de orde\u00f1ar para el bronceado es un producto de belleza muy popular en verano, sobre todo por sus propiedades hidratantes.","breadcrumb":{"@id":"https:\/\/www.safinel.fr\/graisse-a-traire-pour-bronzer\/#breadcrumb"},"inLanguage":"es","potentialAction":[{"@type":"ReadAction","target":["https:\/\/www.safinel.fr\/graisse-a-traire-pour-bronzer\/"]}]},{"@type":"ImageObject","inLanguage":"es","@id":"https:\/\/www.safinel.fr\/graisse-a-traire-pour-bronzer\/#primaryimage","url":"https:\/\/www.safinel.fr\/wp-content\/uploads\/2024\/04\/graisse-a-traire-pour-bronzer.jpg","contentUrl":"https:\/\/www.safinel.fr\/wp-content\/uploads\/2024\/04\/graisse-a-traire-pour-bronzer.jpg","width":1100,"height":578,"caption":"graisse \u00e0 traire pour bronzer"},{"@type":"BreadcrumbList","@id":"https:\/\/www.safinel.fr\/graisse-a-traire-pour-bronzer\/#breadcrumb","itemListElement":[{"@type":"ListItem","position":1,"name":"Accueil","item":"https:\/\/www.safinel.fr\/"},{"@type":"ListItem","position":2,"name":"Obtenir un bronzage impeccable avec la graisse \u00e0 traire pour bronzer"}]},{"@type":"WebSite","@id":"https:\/\/www.safinel.fr\/#website","url":"https:\/\/www.safinel.fr\/","name":"Safinel","description":"","publisher":{"@id":"https:\/\/www.safinel.fr\/#organization"},"potentialAction":[{"@type":"SearchAction","target":{"@type":"EntryPoint","urlTemplate":"https:\/\/www.safinel.fr\/?s={search_term_string}"},"query-input":{"@type":"PropertyValueSpecification","valueRequired":true,"valueName":"search_term_string"}}],"inLanguage":"es"},{"@type":"Organization","@id":"https:\/\/www.safinel.fr\/#organization","name":"Safinel","url":"https:\/\/www.safinel.fr\/","logo":{"@type":"ImageObject","inLanguage":"es","@id":"https:\/\/www.safinel.fr\/#\/schema\/logo\/image\/","url":"https:\/\/www.safinel.fr\/wp-content\/uploads\/2021\/05\/boutique-cosmetique.png","contentUrl":"https:\/\/www.safinel.fr\/wp-content\/uploads\/2021\/05\/boutique-cosmetique.png","width":800,"height":200,"caption":"Safinel"},"image":{"@id":"https:\/\/www.safinel.fr\/#\/schema\/logo\/image\/"}},{"@type":"Person","@id":"https:\/\/www.safinel.fr\/#\/schema\/person\/47f7357f8aa8a41a796811d3f8a3e055","name":"Naj","image":{"@type":"ImageObject","inLanguage":"es","@id":"https:\/\/www.safinel.fr\/#\/schema\/person\/image\/","url":"https:\/\/secure.gravatar.com\/avatar\/5c0fa4f0bce748d4964b7d68e4b0ee1d8e3120edba58a55893ced967bd2093b5?s=96&d=mm&r=g","contentUrl":"https:\/\/secure.gravatar.com\/avatar\/5c0fa4f0bce748d4964b7d68e4b0ee1d8e3120edba58a55893ced967bd2093b5?s=96&d=mm&r=g","caption":"Naj"},"url":"https:\/\/www.safinel.fr\/es\/author\/naj\/"}]}},"_links":{"self":[{"href":"https:\/\/www.safinel.fr\/es\/wp-json\/wp\/v2\/posts\/12840","targetHints":{"allow":["GET"]}}],"collection":[{"href":"https:\/\/www.safinel.fr\/es\/wp-json\/wp\/v2\/posts"}],"about":[{"href":"https:\/\/www.safinel.fr\/es\/wp-json\/wp\/v2\/types\/post"}],"author":[{"embeddable":true,"href":"https:\/\/www.safinel.fr\/es\/wp-json\/wp\/v2\/users\/156"}],"replies":[{"embeddable":true,"href":"https:\/\/www.safinel.fr\/es\/wp-json\/wp\/v2\/comments?post=12840"}],"version-history":[{"count":1,"href":"https:\/\/www.safinel.fr\/es\/wp-json\/wp\/v2\/posts\/12840\/revisions"}],"predecessor-version":[{"id":12842,"href":"https:\/\/www.safinel.fr\/es\/wp-json\/wp\/v2\/posts\/12840\/revisions\/12842"}],"wp:featuredmedia":[{"embeddable":true,"href":"https:\/\/www.safinel.fr\/es\/wp-json\/wp\/v2\/media\/12841"}],"wp:attachment":[{"href":"https:\/\/www.safinel.fr\/es\/wp-json\/wp\/v2\/media?parent=12840"}],"wp:term":[{"taxonomy":"category","embeddable":true,"href":"https:\/\/www.safinel.fr\/es\/wp-json\/wp\/v2\/categories?post=12840"},{"taxonomy":"post_tag","embeddable":true,"href":"https:\/\/www.safinel.fr\/es\/wp-json\/wp\/v2\/tags?post=12840"}],"curies":[{"name":"wp","href":"https:\/\/api.w.org\/{rel}","templated":true}]}}