{"id":12053,"date":"2024-02-29T12:34:32","date_gmt":"2024-02-29T12:34:32","guid":{"rendered":"https:\/\/www.safinel.fr\/?p=12053"},"modified":"2024-02-29T12:34:33","modified_gmt":"2024-02-29T12:34:33","slug":"madera-rojiza-de-origen-africano","status":"publish","type":"post","link":"https:\/\/www.safinel.fr\/es\/madera-rojiza-de-origen-africano\/","title":{"rendered":"La secoya de \u00c1frica: una especie prometedora para el futuro"},"content":{"rendered":"<p>En el mundo de la carpinter\u00eda y la ebanister\u00eda, la elecci\u00f3n de las especies de madera es crucial para la calidad del producto acabado. Entre las distintas especies disponibles en el mercado, algunas destacan por su origen ex\u00f3tico y sus caracter\u00edsticas \u00fanicas. Es el caso, en particular, de&nbsp;<strong>madera rojiza de \u00c1frica<\/strong>, que forma parte integrante de la riqueza bot\u00e1nica del continente africano.<\/p>\n\n\n\n<h2 class=\"wp-block-heading\"><strong>Las caracter\u00edsticas espec\u00edficas de la madera rojiza africana<\/strong><\/h2>\n\n\n\n<p>En primer lugar, cabe se\u00f1alar que el t\u00e9rmino \u00absecuoya\u00bb engloba varias especies de diferentes familias de \u00e1rboles.<\/p>\n\n\n\n<ul class=\"wp-block-list\">\n<li><strong>La familia Dalbergia<\/strong>, La granadilla es famosa por su color, que va del marr\u00f3n oscuro al negro intenso, con una variedad de vetas que le dan un aspecto refinado.<\/li>\n\n\n\n<li><strong>Familia Mimosoideae<\/strong>, que se encuentra en las regiones de Gab\u00f3n y Camer\u00fan, tambi\u00e9n se utiliza para fabricar muebles gracias a su madera robusta y resistente.<\/li>\n<\/ul>\n\n\n\n<p>Cada una de estas especies tiene sus propias caracter\u00edsticas en cuanto a color, densidad, veteado y textura, pero todas comparten la caracter\u00edstica com\u00fan de ser originarias de \u00c1frica.<\/p>\n\n\n\n<p>La corteza del tronco de estos \u00e1rboles suele ser rojiza, de ah\u00ed el nombre gen\u00e9rico de secuoya.<\/p>\n\n\n\n<h3 class=\"wp-block-heading\"><strong>Distribuci\u00f3n geogr\u00e1fica de las especies de secuoyas<\/strong><\/h3>\n\n\n\n<p>Estas especies se encuentran principalmente en las regiones ecuatoriales y subecuatoriales de \u00c1frica, sobre todo en Gab\u00f3n y Camer\u00fan, pero tambi\u00e9n en \u00c1frica Occidental y Central. Generalmente crecen en bosques h\u00famedos o semih\u00famedos, donde el suelo es rico en nutrientes y la humedad ambiental es favorable para su desarrollo.<\/p>\n\n\n\n<h2 class=\"wp-block-heading\"><strong>Usos de la secuoya africana<\/strong><\/h2>\n\n\n\n<p>Gracias a sus cualidades est\u00e9ticas y mec\u00e1nicas, la secoya africana es muy apreciada en diversas industrias:<\/p>\n\n\n\n<ul class=\"wp-block-list\">\n<li><strong>Muebles y ebanister\u00eda<\/strong>&nbsp;Esta madera se presta perfectamente a la fabricaci\u00f3n de muebles de alta calidad, as\u00ed como al dise\u00f1o de elementos decorativos tanto para interiores como para exteriores.<\/li>\n\n\n\n<li><strong>Fabricaci\u00f3n de violines<\/strong>&nbsp;Estas maderas tambi\u00e9n se utilizan para fabricar instrumentos musicales, sobre todo guitarras, gracias a su excepcional sonido y resistencia al desgaste.<\/li>\n\n\n\n<li><strong>Revestimientos de suelo<\/strong>&nbsp;Ciertos tipos de madera rojiza, como la granadilla, se utilizan para fabricar suelos de parqu\u00e9 para salones y zonas p\u00fablicas, por su durabilidad y atractivo est\u00e9tico.<\/li>\n<\/ul>\n\n\n\n<p>Con estas maderas tambi\u00e9n se fabrican diversos objetos, como esculturas, utensilios de cocina y accesorios de moda.<\/p>\n\n\n\n<h3 class=\"wp-block-heading\"><strong>Uso y mantenimiento de la secuoya africana<\/strong><\/h3>\n\n\n\n<p>Para preservar al m\u00e1ximo las cualidades intr\u00ednsecas de la secoya africana, es esencial seguir ciertas normas a la hora de utilizarla.<\/p>\n\n\n\n<ol class=\"wp-block-list\">\n<li><strong>Secado<\/strong>&nbsp;Las maderas ex\u00f3ticas como la granada requieren un secado lento y gradual para garantizar la estabilidad dimensional. Las maderas ex\u00f3ticas como la granadilla requieren un secado lento y gradual para garantizar la estabilidad dimensional.<\/li>\n\n\n\n<li><strong>Mecanizado<\/strong>&nbsp;Las especies de madera rojiza suelen ser muy densas, por lo que es aconsejable utilizar herramientas manuales o el\u00e9ctricas adecuadas para facilitar su mecanizado y evitar que se astillen.<\/li>\n\n\n\n<li><strong>Acabado y mantenimiento<\/strong>&nbsp;Acabados de la madera: para proteger y realzar la belleza natural de la madera, se pueden aplicar distintos acabados, como aceites, ceras o barnices especialmente dise\u00f1ados para maderas ex\u00f3ticas. Un mantenimiento regular conservar\u00e1 el aspecto original del material y prolongar\u00e1 su vida \u00fatil.<\/li>\n<\/ol>\n\n\n\n<h2 class=\"wp-block-heading\"><strong>Cuestiones medioambientales relacionadas con la producci\u00f3n de secuoya africana<\/strong><\/h2>\n\n\n\n<p>Como ocurre con muchas otras especies ex\u00f3ticas, la explotaci\u00f3n de la secoya africana plantea problemas ecol\u00f3gicos.\u00a0<strong><a href=\"https:\/\/www.safinel.fr\/es\/biodiversidad-vegetal-africana\/\">Deforestaci\u00f3n<\/a><\/strong>, que resulta en parte de la tala intensiva de estos \u00e1rboles, puede provocar una p\u00e9rdida de biodiversidad y un desequilibrio de los ecosistemas locales.<\/p>\n\n\n\n<p>Para superar estos problemas, se han puesto en marcha una serie de iniciativas para promover la gesti\u00f3n sostenible de los bosques donde crecen las especies de secuoya africana. Entre ellas se incluyen normativas y certificaciones dise\u00f1adas para garantizar que la madera procede de fuentes responsables y legales, como la etiqueta FSC (<strong><a href=\"https:\/\/fsc.org\/en\" target=\"_blank\" rel=\"noreferrer noopener\">Consejo de Administraci\u00f3n Forestal<\/a><\/strong>) o PEFC (<strong><a href=\"https:\/\/www.pefc.org\/\" target=\"_blank\" rel=\"noreferrer noopener\">Programa de reconocimiento de la certificaci\u00f3n forestal<\/a><\/strong>).<\/p>\n\n\n\n<h3 class=\"wp-block-heading\"><strong>La secoya africana y el comercio internacional<\/strong><\/h3>\n\n\n\n<p>A escala internacional, el comercio de secoya africana tambi\u00e9n se rige por diversas normativas, entre ellas la Convenci\u00f3n sobre el Comercio Internacional de Especies Amenazadas de Fauna y Flora Silvestres (CITES). Su objetivo es proteger ciertas especies especialmente vulnerables a la sobreexplotaci\u00f3n, como la granadilla.<\/p>\n\n\n\n<p>Respetando estas medidas de protecci\u00f3n, las empresas y los consumidores pueden contribuir al desarrollo sostenible de los bosques africanos y a la conservaci\u00f3n de su rico patrimonio bot\u00e1nico.<\/p>","protected":false},"excerpt":{"rendered":"<p>En el mundo de la carpinter\u00eda y la ebanister\u00eda, la elecci\u00f3n de las especies de madera es crucial para la calidad del producto acabado. Entre las diferentes especies disponibles en el mercado, algunas destacan por su origen ex\u00f3tico y sus caracter\u00edsticas \u00fanicas. Es el caso, en particular, de la madera rojiza procedente de \u00c1frica, que [...]","protected":false},"author":156,"featured_media":12054,"comment_status":"closed","ping_status":"closed","sticky":false,"template":"","format":"standard","meta":{"footnotes":""},"categories":[1],"tags":[],"class_list":["post-12053","post","type-post","status-publish","format-standard","has-post-thumbnail","hentry","category-divers"],"yoast_head":"<!-- This site is optimized with the Yoast SEO plugin v26.6 - https:\/\/yoast.com\/wordpress\/plugins\/seo\/ -->\n<title>Bois rouge\u00e2tre d&#039;origine africaine | Tour d&#039;horizon sur le sujet<\/title>\n<meta name=\"description\" content=\"Parmi les diff\u00e9rentes essences disponibles sur le march\u00e9, certaines se distinguent. C&#039;est le cas du\u00a0bois rouge\u00e2tre originaire d&#039;Afrique.\" \/>\n<meta name=\"robots\" content=\"index, follow, max-snippet:-1, max-image-preview:large, max-video-preview:-1\" \/>\n<link rel=\"canonical\" href=\"https:\/\/www.safinel.fr\/es\/madera-rojiza-de-origen-africano\/\" \/>\n<meta property=\"og:locale\" content=\"es_ES\" \/>\n<meta property=\"og:type\" content=\"article\" \/>\n<meta property=\"og:title\" content=\"Bois rouge\u00e2tre d&#039;origine africaine | Tour d&#039;horizon sur le sujet\" \/>\n<meta property=\"og:description\" content=\"Parmi les diff\u00e9rentes essences disponibles sur le march\u00e9, certaines se distinguent. C&#039;est le cas du\u00a0bois rouge\u00e2tre originaire d&#039;Afrique.\" \/>\n<meta property=\"og:url\" content=\"https:\/\/www.safinel.fr\/es\/madera-rojiza-de-origen-africano\/\" \/>\n<meta property=\"og:site_name\" content=\"Safinel\" \/>\n<meta property=\"article:published_time\" content=\"2024-02-29T12:34:32+00:00\" \/>\n<meta property=\"article:modified_time\" content=\"2024-02-29T12:34:33+00:00\" \/>\n<meta property=\"og:image\" content=\"https:\/\/www.safinel.fr\/wp-content\/uploads\/2024\/02\/Bois-rougeatre-dorigine-africaine.jpg\" \/>\n\t<meta property=\"og:image:width\" content=\"1100\" \/>\n\t<meta property=\"og:image:height\" content=\"578\" \/>\n\t<meta property=\"og:image:type\" content=\"image\/jpeg\" \/>\n<meta name=\"author\" content=\"Naj\" \/>\n<meta name=\"twitter:card\" content=\"summary_large_image\" \/>\n<meta name=\"twitter:label1\" content=\"Escrito por\" \/>\n\t<meta name=\"twitter:data1\" content=\"Naj\" \/>\n\t<meta name=\"twitter:label2\" content=\"Tiempo de lectura\" \/>\n\t<meta name=\"twitter:data2\" content=\"4 minutos\" \/>\n<script type=\"application\/ld+json\" class=\"yoast-schema-graph\">{\"@context\":\"https:\/\/schema.org\",\"@graph\":[{\"@type\":\"Article\",\"@id\":\"https:\/\/www.safinel.fr\/bois-rougeatre-dorigine-africaine\/#article\",\"isPartOf\":{\"@id\":\"https:\/\/www.safinel.fr\/bois-rougeatre-dorigine-africaine\/\"},\"author\":{\"name\":\"Naj\",\"@id\":\"https:\/\/www.safinel.fr\/#\/schema\/person\/47f7357f8aa8a41a796811d3f8a3e055\"},\"headline\":\"Le bois rouge\u00e2tre d&rsquo;origine africaine : une essence prometteuse pour l&rsquo;avenir\",\"datePublished\":\"2024-02-29T12:34:32+00:00\",\"dateModified\":\"2024-02-29T12:34:33+00:00\",\"mainEntityOfPage\":{\"@id\":\"https:\/\/www.safinel.fr\/bois-rougeatre-dorigine-africaine\/\"},\"wordCount\":894,\"publisher\":{\"@id\":\"https:\/\/www.safinel.fr\/#organization\"},\"image\":{\"@id\":\"https:\/\/www.safinel.fr\/bois-rougeatre-dorigine-africaine\/#primaryimage\"},\"thumbnailUrl\":\"https:\/\/www.safinel.fr\/wp-content\/uploads\/2024\/02\/Bois-rougeatre-dorigine-africaine.jpg\",\"articleSection\":[\"Divers\"],\"inLanguage\":\"es\"},{\"@type\":\"WebPage\",\"@id\":\"https:\/\/www.safinel.fr\/bois-rougeatre-dorigine-africaine\/\",\"url\":\"https:\/\/www.safinel.fr\/bois-rougeatre-dorigine-africaine\/\",\"name\":\"Bois rouge\u00e2tre d'origine africaine | Tour d'horizon sur le sujet\",\"isPartOf\":{\"@id\":\"https:\/\/www.safinel.fr\/#website\"},\"primaryImageOfPage\":{\"@id\":\"https:\/\/www.safinel.fr\/bois-rougeatre-dorigine-africaine\/#primaryimage\"},\"image\":{\"@id\":\"https:\/\/www.safinel.fr\/bois-rougeatre-dorigine-africaine\/#primaryimage\"},\"thumbnailUrl\":\"https:\/\/www.safinel.fr\/wp-content\/uploads\/2024\/02\/Bois-rougeatre-dorigine-africaine.jpg\",\"datePublished\":\"2024-02-29T12:34:32+00:00\",\"dateModified\":\"2024-02-29T12:34:33+00:00\",\"description\":\"Parmi les diff\u00e9rentes essences disponibles sur le march\u00e9, certaines se distinguent. C'est le cas du\u00a0bois rouge\u00e2tre originaire d'Afrique.\",\"breadcrumb\":{\"@id\":\"https:\/\/www.safinel.fr\/bois-rougeatre-dorigine-africaine\/#breadcrumb\"},\"inLanguage\":\"es\",\"potentialAction\":[{\"@type\":\"ReadAction\",\"target\":[\"https:\/\/www.safinel.fr\/bois-rougeatre-dorigine-africaine\/\"]}]},{\"@type\":\"ImageObject\",\"inLanguage\":\"es\",\"@id\":\"https:\/\/www.safinel.fr\/bois-rougeatre-dorigine-africaine\/#primaryimage\",\"url\":\"https:\/\/www.safinel.fr\/wp-content\/uploads\/2024\/02\/Bois-rougeatre-dorigine-africaine.jpg\",\"contentUrl\":\"https:\/\/www.safinel.fr\/wp-content\/uploads\/2024\/02\/Bois-rougeatre-dorigine-africaine.jpg\",\"width\":1100,\"height\":578,\"caption\":\"bois rouge\u00e2tre d'origine africaine\"},{\"@type\":\"BreadcrumbList\",\"@id\":\"https:\/\/www.safinel.fr\/bois-rougeatre-dorigine-africaine\/#breadcrumb\",\"itemListElement\":[{\"@type\":\"ListItem\",\"position\":1,\"name\":\"Accueil\",\"item\":\"https:\/\/www.safinel.fr\/\"},{\"@type\":\"ListItem\",\"position\":2,\"name\":\"Le bois rouge\u00e2tre d&#8217;origine africaine : une essence prometteuse pour l&#8217;avenir\"}]},{\"@type\":\"WebSite\",\"@id\":\"https:\/\/www.safinel.fr\/#website\",\"url\":\"https:\/\/www.safinel.fr\/\",\"name\":\"Safinel\",\"description\":\"\",\"publisher\":{\"@id\":\"https:\/\/www.safinel.fr\/#organization\"},\"potentialAction\":[{\"@type\":\"SearchAction\",\"target\":{\"@type\":\"EntryPoint\",\"urlTemplate\":\"https:\/\/www.safinel.fr\/?s={search_term_string}\"},\"query-input\":{\"@type\":\"PropertyValueSpecification\",\"valueRequired\":true,\"valueName\":\"search_term_string\"}}],\"inLanguage\":\"es\"},{\"@type\":\"Organization\",\"@id\":\"https:\/\/www.safinel.fr\/#organization\",\"name\":\"Safinel\",\"url\":\"https:\/\/www.safinel.fr\/\",\"logo\":{\"@type\":\"ImageObject\",\"inLanguage\":\"es\",\"@id\":\"https:\/\/www.safinel.fr\/#\/schema\/logo\/image\/\",\"url\":\"https:\/\/www.safinel.fr\/wp-content\/uploads\/2021\/05\/boutique-cosmetique.png\",\"contentUrl\":\"https:\/\/www.safinel.fr\/wp-content\/uploads\/2021\/05\/boutique-cosmetique.png\",\"width\":800,\"height\":200,\"caption\":\"Safinel\"},\"image\":{\"@id\":\"https:\/\/www.safinel.fr\/#\/schema\/logo\/image\/\"}},{\"@type\":\"Person\",\"@id\":\"https:\/\/www.safinel.fr\/#\/schema\/person\/47f7357f8aa8a41a796811d3f8a3e055\",\"name\":\"Naj\",\"image\":{\"@type\":\"ImageObject\",\"inLanguage\":\"es\",\"@id\":\"https:\/\/www.safinel.fr\/#\/schema\/person\/image\/\",\"url\":\"https:\/\/secure.gravatar.com\/avatar\/5c0fa4f0bce748d4964b7d68e4b0ee1d8e3120edba58a55893ced967bd2093b5?s=96&d=mm&r=g\",\"contentUrl\":\"https:\/\/secure.gravatar.com\/avatar\/5c0fa4f0bce748d4964b7d68e4b0ee1d8e3120edba58a55893ced967bd2093b5?s=96&d=mm&r=g\",\"caption\":\"Naj\"},\"url\":\"https:\/\/www.safinel.fr\/es\/author\/naj\/\"}]}<\/script>\n<!-- \/ Yoast SEO plugin. -->","yoast_head_json":{"title":"Madera rojiza de origen africano | Una visi\u00f3n general del tema","description":"Entre las distintas especies disponibles en el mercado, algunas destacan. Tal es el caso de la madera rojiza procedente de \u00c1frica.","robots":{"index":"index","follow":"follow","max-snippet":"max-snippet:-1","max-image-preview":"max-image-preview:large","max-video-preview":"max-video-preview:-1"},"canonical":"https:\/\/www.safinel.fr\/es\/madera-rojiza-de-origen-africano\/","og_locale":"es_ES","og_type":"article","og_title":"Bois rouge\u00e2tre d'origine africaine | Tour d'horizon sur le sujet","og_description":"Parmi les diff\u00e9rentes essences disponibles sur le march\u00e9, certaines se distinguent. C'est le cas du\u00a0bois rouge\u00e2tre originaire d'Afrique.","og_url":"https:\/\/www.safinel.fr\/es\/madera-rojiza-de-origen-africano\/","og_site_name":"Safinel","article_published_time":"2024-02-29T12:34:32+00:00","article_modified_time":"2024-02-29T12:34:33+00:00","og_image":[{"width":1100,"height":578,"url":"https:\/\/www.safinel.fr\/wp-content\/uploads\/2024\/02\/Bois-rougeatre-dorigine-africaine.jpg","type":"image\/jpeg"}],"author":"Naj","twitter_card":"summary_large_image","twitter_misc":{"Escrito por":"Naj","Tiempo de lectura":"4 minutos"},"schema":{"@context":"https:\/\/schema.org","@graph":[{"@type":"Article","@id":"https:\/\/www.safinel.fr\/bois-rougeatre-dorigine-africaine\/#article","isPartOf":{"@id":"https:\/\/www.safinel.fr\/bois-rougeatre-dorigine-africaine\/"},"author":{"name":"Naj","@id":"https:\/\/www.safinel.fr\/#\/schema\/person\/47f7357f8aa8a41a796811d3f8a3e055"},"headline":"Le bois rouge\u00e2tre d&rsquo;origine africaine : une essence prometteuse pour l&rsquo;avenir","datePublished":"2024-02-29T12:34:32+00:00","dateModified":"2024-02-29T12:34:33+00:00","mainEntityOfPage":{"@id":"https:\/\/www.safinel.fr\/bois-rougeatre-dorigine-africaine\/"},"wordCount":894,"publisher":{"@id":"https:\/\/www.safinel.fr\/#organization"},"image":{"@id":"https:\/\/www.safinel.fr\/bois-rougeatre-dorigine-africaine\/#primaryimage"},"thumbnailUrl":"https:\/\/www.safinel.fr\/wp-content\/uploads\/2024\/02\/Bois-rougeatre-dorigine-africaine.jpg","articleSection":["Divers"],"inLanguage":"es"},{"@type":"WebPage","@id":"https:\/\/www.safinel.fr\/bois-rougeatre-dorigine-africaine\/","url":"https:\/\/www.safinel.fr\/bois-rougeatre-dorigine-africaine\/","name":"Madera rojiza de origen africano | Una visi\u00f3n general del tema","isPartOf":{"@id":"https:\/\/www.safinel.fr\/#website"},"primaryImageOfPage":{"@id":"https:\/\/www.safinel.fr\/bois-rougeatre-dorigine-africaine\/#primaryimage"},"image":{"@id":"https:\/\/www.safinel.fr\/bois-rougeatre-dorigine-africaine\/#primaryimage"},"thumbnailUrl":"https:\/\/www.safinel.fr\/wp-content\/uploads\/2024\/02\/Bois-rougeatre-dorigine-africaine.jpg","datePublished":"2024-02-29T12:34:32+00:00","dateModified":"2024-02-29T12:34:33+00:00","description":"Entre las distintas especies disponibles en el mercado, algunas destacan. Tal es el caso de la madera rojiza procedente de \u00c1frica.","breadcrumb":{"@id":"https:\/\/www.safinel.fr\/bois-rougeatre-dorigine-africaine\/#breadcrumb"},"inLanguage":"es","potentialAction":[{"@type":"ReadAction","target":["https:\/\/www.safinel.fr\/bois-rougeatre-dorigine-africaine\/"]}]},{"@type":"ImageObject","inLanguage":"es","@id":"https:\/\/www.safinel.fr\/bois-rougeatre-dorigine-africaine\/#primaryimage","url":"https:\/\/www.safinel.fr\/wp-content\/uploads\/2024\/02\/Bois-rougeatre-dorigine-africaine.jpg","contentUrl":"https:\/\/www.safinel.fr\/wp-content\/uploads\/2024\/02\/Bois-rougeatre-dorigine-africaine.jpg","width":1100,"height":578,"caption":"bois rouge\u00e2tre d'origine africaine"},{"@type":"BreadcrumbList","@id":"https:\/\/www.safinel.fr\/bois-rougeatre-dorigine-africaine\/#breadcrumb","itemListElement":[{"@type":"ListItem","position":1,"name":"Accueil","item":"https:\/\/www.safinel.fr\/"},{"@type":"ListItem","position":2,"name":"Le bois rouge\u00e2tre d&#8217;origine africaine : une essence prometteuse pour l&#8217;avenir"}]},{"@type":"WebSite","@id":"https:\/\/www.safinel.fr\/#website","url":"https:\/\/www.safinel.fr\/","name":"Safinel","description":"","publisher":{"@id":"https:\/\/www.safinel.fr\/#organization"},"potentialAction":[{"@type":"SearchAction","target":{"@type":"EntryPoint","urlTemplate":"https:\/\/www.safinel.fr\/?s={search_term_string}"},"query-input":{"@type":"PropertyValueSpecification","valueRequired":true,"valueName":"search_term_string"}}],"inLanguage":"es"},{"@type":"Organization","@id":"https:\/\/www.safinel.fr\/#organization","name":"Safinel","url":"https:\/\/www.safinel.fr\/","logo":{"@type":"ImageObject","inLanguage":"es","@id":"https:\/\/www.safinel.fr\/#\/schema\/logo\/image\/","url":"https:\/\/www.safinel.fr\/wp-content\/uploads\/2021\/05\/boutique-cosmetique.png","contentUrl":"https:\/\/www.safinel.fr\/wp-content\/uploads\/2021\/05\/boutique-cosmetique.png","width":800,"height":200,"caption":"Safinel"},"image":{"@id":"https:\/\/www.safinel.fr\/#\/schema\/logo\/image\/"}},{"@type":"Person","@id":"https:\/\/www.safinel.fr\/#\/schema\/person\/47f7357f8aa8a41a796811d3f8a3e055","name":"Naj","image":{"@type":"ImageObject","inLanguage":"es","@id":"https:\/\/www.safinel.fr\/#\/schema\/person\/image\/","url":"https:\/\/secure.gravatar.com\/avatar\/5c0fa4f0bce748d4964b7d68e4b0ee1d8e3120edba58a55893ced967bd2093b5?s=96&d=mm&r=g","contentUrl":"https:\/\/secure.gravatar.com\/avatar\/5c0fa4f0bce748d4964b7d68e4b0ee1d8e3120edba58a55893ced967bd2093b5?s=96&d=mm&r=g","caption":"Naj"},"url":"https:\/\/www.safinel.fr\/es\/author\/naj\/"}]}},"_links":{"self":[{"href":"https:\/\/www.safinel.fr\/es\/wp-json\/wp\/v2\/posts\/12053","targetHints":{"allow":["GET"]}}],"collection":[{"href":"https:\/\/www.safinel.fr\/es\/wp-json\/wp\/v2\/posts"}],"about":[{"href":"https:\/\/www.safinel.fr\/es\/wp-json\/wp\/v2\/types\/post"}],"author":[{"embeddable":true,"href":"https:\/\/www.safinel.fr\/es\/wp-json\/wp\/v2\/users\/156"}],"replies":[{"embeddable":true,"href":"https:\/\/www.safinel.fr\/es\/wp-json\/wp\/v2\/comments?post=12053"}],"version-history":[{"count":1,"href":"https:\/\/www.safinel.fr\/es\/wp-json\/wp\/v2\/posts\/12053\/revisions"}],"predecessor-version":[{"id":12055,"href":"https:\/\/www.safinel.fr\/es\/wp-json\/wp\/v2\/posts\/12053\/revisions\/12055"}],"wp:featuredmedia":[{"embeddable":true,"href":"https:\/\/www.safinel.fr\/es\/wp-json\/wp\/v2\/media\/12054"}],"wp:attachment":[{"href":"https:\/\/www.safinel.fr\/es\/wp-json\/wp\/v2\/media?parent=12053"}],"wp:term":[{"taxonomy":"category","embeddable":true,"href":"https:\/\/www.safinel.fr\/es\/wp-json\/wp\/v2\/categories?post=12053"},{"taxonomy":"post_tag","embeddable":true,"href":"https:\/\/www.safinel.fr\/es\/wp-json\/wp\/v2\/tags?post=12053"}],"curies":[{"name":"wp","href":"https:\/\/api.w.org\/{rel}","templated":true}]}}